{"id":128980,"date":"2024-08-22T08:54:18","date_gmt":"2024-08-22T13:54:18","guid":{"rendered":"https:\/\/lospoliticosveracruz.com.mx\/?p=128980"},"modified":"2024-08-22T08:54:36","modified_gmt":"2024-08-22T13:54:36","slug":"le-quedo-chica-la-calle","status":"publish","type":"post","link":"https:\/\/lospoliticosveracruz.com\/?p=128980","title":{"rendered":"LE QUED\u00d3 CHICA LA CALLE!"},"content":{"rendered":"\n<p><strong>Oved Contreras<\/strong> <\/p>\n\n\n\n<p><em>Secas Mecas<\/em><\/p>\n\n\n\n<p>Una vecina del edificio donde se encuentra la sede del comit\u00e9 estatal de Morena, all\u00e1 por la calle Sim\u00f3n Bol\u00edvar de la colonia Jos\u00e9 Cardel en Xalapa, nos pide reproducir el dato para pedirle muy respetuosamente a don Esteban \u201cLarra\u201d Zepeta que si las calles le quedan chicas para que trae tremendo camionet\u00f3n, que mejor se busque un veh\u00edculo m\u00e1s austero para que no tenga problemas de estacionamiento.<\/p>\n\n\n\n<p>Que seguramente el Furcio \u201cLarra\u201d Zepeta no cabe con su \u201charem\u201d y por eso le gustan veh\u00edculos amplios\u2026el problema es que luego no encuentra d\u00f3nde estacionarlo entonces lo deja en el espacio de los C\u00f3digo Rojo para ambulancias que est\u00e1n en la esquina en doble fila.<\/p>\n\n\n\n<p>Con toda la lana que se est\u00e1 embolsando, el Furcio Zepeta ya se olvid\u00f3 de la austeridad republicana y de la pobreza franciscana que pregona la Cuarta Transformaci\u00f3n\u2026ser\u00e1 dif\u00edcil que deje el camionet\u00f3n para andar en un volchito o en un March as\u00ed que lo mejor ser\u00e1 que su chofer mejor busque estacionamiento y no obstruya la vialidad o que no ocupe \u00e1reas destinadas para ambulancias, todo por estar cerca de las oficinas de \u201cLarra\u201d\u2026hay que ser cochinas pero no trompudas\u2026servidos.<\/p>\n\n\n\n<p>SE EQUIVOCA MANUEL HUERTA\u2026Al presentar su registro como Senador de la Rep\u00fablica, Manuel Huerta Ladr\u00f3n de Guevara hizo un llamado a la serenidad de los trabajadores del Poder Judicial que este mi\u00e9rcoles iniciaron un paro a nivel nacional en protesta por la iniciativa de reforma presentada ante el Congreso federal.<br>&nbsp;<br>El senador electo les pide serenarse porque todav\u00eda no hay reforma; lo que hay es voluntad de di\u00e1logo, con esp\u00edritu cr\u00edtico y constructivo, y acusa que el movimiento de los trabajadores carece de legitimidad y legalidad debido a que a\u00fan no se ha aprobado ninguna reforma constitucional.<\/p>\n\n\n\n<p>Se equivoca Manuel Huerta: efectivamente todav\u00eda no hay reforma pero los representantes del r\u00e9gimen han dicho en reiteradas ocasiones que la reforma al<br>poder Judicial va que porque el pueblo lo pide\u2026entonces solo es cuesti\u00f3n de tiempo para que las dos c\u00e1maras sometan a votaci\u00f3n la iniciativa de reforma y que la<br>Mayor\u00eda morenista lo apruebe\u2026los trabajadores del Poder Judicial se manifiestan, primero porque es un derecho constitucional, y lo hacen ahora antes de que se cometa tal barbaridad\u2026qu\u00e9 caso tiene protestar despu\u00e9s cuando ya todo est\u00e9 consumado.<\/p>\n\n\n\n<p>Manuel Huerta afirma que la reforma ya cuenta con muchas adecuaciones respecto a la iniciativa que present\u00f3 el Presidente de la Rep\u00fablica y se trabaja en c\u00f3mo hacer viable la reforma \u201cque el pueblo est\u00e1 pidiendo\u201d, pero dejaron lo elemental: que jueces y magistrados sean elegidos por voto popular lo cual dejar\u00e1 la cancha libre a qu\u00e9 gobierno y Morena puedan manosear el proceso.<\/p>\n\n\n\n<p>Los foros informativos que hicieron sobre la reforma fueron meras simulaciones, no hubo debate ni apertura para el di\u00e1logo: va la iniciativa que pretende el gobierno para someter al Poder Judicial as\u00ed que los trabajadores, con todo su derecho, pueden manifestarse para exigir al Congreso no destruir uno de los pilares de la Rep\u00fablica.<\/p>\n\n\n\n<p>TATO COORDINADOR\u2026nos enteramos a trav\u00e9s de la periodista Claudia Guerrero que Eduardo \u00abTato\u00bb Vega Yunes es nombrado \u00abcoordinador&#8217; de la entrega-recepci\u00f3n y no tiene ni la m\u00e1s remota idea de lo que es la administraci\u00f3n p\u00fablica. Que la gobernadora electa de Morena, Norma Roc\u00edo Nahle Garc\u00eda ha sido presionada para imponer a Eduardo Vega Yunes como el flamante coordinador en la entrega-recepci\u00f3n de la nueva administraci\u00f3n estatal yse les olvida que \u00abTato\u00bb Vega fue acusado de robo por parte de su casera, rob\u00e1ndose los cojines de la sala y hasta las cortinas, en la casa que arrendaba.<\/p>\n\n\n\n<p>Algunos nombramientos de Roc\u00edo Nahle son acertados, pero otros rayan en lo absurdo, pues son lastres que llevar\u00e1 durante su administraci\u00f3n estatal. Este es el caso de Eduardo Vega Yunes, quien se quita el apellido materno, olvidando de d\u00f3nde proviene y sus ra\u00edces. Y cuando traicionas a la familia, te conviertes en una persona no fiable, pues el que traiciona unavez, traiciona siempre.<br>Por negar el apellido Yunes de su mam\u00e1, Eduardo \u00abTato\u00bb Vega fue merecedor a ser coordinador en la entrega-recepci\u00f3n entre la administraci\u00f3n de Cuitl\u00e1huac Garc\u00eda y Roc\u00edo Nahle. Pero s\u00f3lo es un nombramiento de papel, ya que son otros los que hacen el trabajo de auditor\u00eda y temas administrativos. Algunos aseguran que \u00e9l ser\u00e1 el que autorice los tr\u00e1mites, pero a la hora de no cuadrar las cuentas, \u00abTato\u00bb Vega Yunes ser\u00e1 el que pague los platos rotos, por incompetente. Yquiz\u00e1 fue por la presi\u00f3n que ha ejercido su suegro, Francisco Antonio Valencia Garc\u00eda, de quien recordemos fue detenido en abril de 2017,<\/p>\n","protected":false},"excerpt":{"rendered":"<p>Oved Contreras Secas Mecas Una vecina del edificio donde se encuentra la sede del comit\u00e9 estatal de Morena, all\u00e1 por la calle Sim\u00f3n Bol\u00edvar de la colonia Jos\u00e9 Cardel en Xalapa, nos pide reproducir el dato para pedirle muy respetuosamente a don Esteban \u201cLarra\u201d Zepeta que si las calles le quedan chicas para que trae [&hellip;]<\/p>\n","protected":false},"author":2,"featured_media":119816,"comment_status":"closed","ping_status":"closed","sticky":false,"template":"","format":"standard","meta":{"tdm_status":"","tdm_grid_status":"","footnotes":""},"categories":[70],"tags":[17053,1026,3578,249,195],"class_list":{"0":"post-128980","1":"post","2":"type-post","3":"status-publish","4":"format-standard","5":"has-post-thumbnail","7":"category-de-opinion","8":"tag-esteban-ramirez-zepeta","9":"tag-morena","10":"tag-rocio-nahle","11":"tag-tato-vega-yunes","12":"tag-veracruz"},"yoast_head":"<!-- This site is optimized with the Yoast SEO plugin v27.4 - https:\/\/yoast.com\/product\/yoast-seo-wordpress\/ -->\n<title>LE QUED\u00d3 CHICA LA CALLE! - Los pol\u00edticos Veracruz<\/title>\n<meta name=\"robots\" content=\"index, follow, max-snippet:-1, max-image-preview:large, max-video-preview:-1\" \/>\n<link rel=\"canonical\" href=\"https:\/\/lospoliticosveracruz.com\/?p=128980\" \/>\n<meta property=\"og:locale\" content=\"es_ES\" \/>\n<meta property=\"og:type\" content=\"article\" \/>\n<meta property=\"og:title\" content=\"LE QUED\u00d3 CHICA LA CALLE! - Los pol\u00edticos Veracruz\" \/>\n<meta property=\"og:description\" content=\"Oved Contreras Secas Mecas Una vecina del edificio donde se encuentra la sede del comit\u00e9 estatal de Morena, all\u00e1 por la calle Sim\u00f3n Bol\u00edvar de la colonia Jos\u00e9 Cardel en Xalapa, nos pide reproducir el dato para pedirle muy respetuosamente a don Esteban \u201cLarra\u201d Zepeta que si las calles le quedan chicas para que trae [&hellip;]\" \/>\n<meta property=\"og:url\" content=\"https:\/\/lospoliticosveracruz.com\/?p=128980\" \/>\n<meta property=\"og:site_name\" content=\"Los pol\u00edticos Veracruz\" \/>\n<meta property=\"article:publisher\" content=\"https:\/\/www.facebook.com\/people\/Notimemes-de-los-Polticos\/61565672886568\/\" \/>\n<meta property=\"article:published_time\" content=\"2024-08-22T13:54:18+00:00\" \/>\n<meta property=\"article:modified_time\" content=\"2024-08-22T13:54:36+00:00\" \/>\n<meta property=\"og:image\" content=\"https:\/\/lospoliticosveracruz.com\/wp-content\/uploads\/2024\/03\/Oved-Contreras.jpg\" \/>\n\t<meta property=\"og:image:width\" content=\"1250\" \/>\n\t<meta property=\"og:image:height\" content=\"667\" \/>\n\t<meta property=\"og:image:type\" content=\"image\/jpeg\" \/>\n<meta name=\"author\" content=\"Lo viste en Los Pol\u00edticos\" \/>\n<meta name=\"twitter:card\" content=\"summary_large_image\" \/>\n<meta name=\"twitter:creator\" content=\"@LosPoliticosVer\" \/>\n<meta name=\"twitter:site\" content=\"@LosPoliticosVer\" \/>\n<meta name=\"twitter:label1\" content=\"Escrito por\" \/>\n\t<meta name=\"twitter:data1\" content=\"Lo viste en Los Pol\u00edticos\" \/>\n\t<meta name=\"twitter:label2\" content=\"Tiempo de lectura\" \/>\n\t<meta name=\"twitter:data2\" content=\"4 minutos\" \/>\n<script type=\"application\/ld+json\" class=\"yoast-schema-graph\">{\"@context\":\"https:\\\/\\\/schema.org\",\"@graph\":[{\"@type\":\"Article\",\"@id\":\"https:\\\/\\\/lospoliticosveracruz.com\\\/?p=128980#article\",\"isPartOf\":{\"@id\":\"https:\\\/\\\/lospoliticosveracruz.com\\\/?p=128980\"},\"author\":{\"name\":\"Lo viste en Los Pol\u00edticos\",\"@id\":\"https:\\\/\\\/lospoliticosveracruz.com\\\/#\\\/schema\\\/person\\\/b8702bb0e538456e6efd07080bf2a4a2\"},\"headline\":\"LE QUED\u00d3 CHICA LA CALLE!\",\"datePublished\":\"2024-08-22T13:54:18+00:00\",\"dateModified\":\"2024-08-22T13:54:36+00:00\",\"mainEntityOfPage\":{\"@id\":\"https:\\\/\\\/lospoliticosveracruz.com\\\/?p=128980\"},\"wordCount\":832,\"publisher\":{\"@id\":\"https:\\\/\\\/lospoliticosveracruz.com\\\/#organization\"},\"image\":{\"@id\":\"https:\\\/\\\/lospoliticosveracruz.com\\\/?p=128980#primaryimage\"},\"thumbnailUrl\":\"https:\\\/\\\/lospoliticosveracruz.com\\\/wp-content\\\/uploads\\\/2024\\\/03\\\/Oved-Contreras.jpg\",\"keywords\":[\"Esteban Ram\u00edrez Zepeta\",\"Morena\",\"Roc\u00edo Nahle\",\"Tato Vega Yunes\",\"Veracruz\"],\"articleSection\":[\"De Opini\u00f3n\"],\"inLanguage\":\"es\"},{\"@type\":\"WebPage\",\"@id\":\"https:\\\/\\\/lospoliticosveracruz.com\\\/?p=128980\",\"url\":\"https:\\\/\\\/lospoliticosveracruz.com\\\/?p=128980\",\"name\":\"LE QUED\u00d3 CHICA LA CALLE! - Los pol\u00edticos Veracruz\",\"isPartOf\":{\"@id\":\"https:\\\/\\\/lospoliticosveracruz.com\\\/#website\"},\"primaryImageOfPage\":{\"@id\":\"https:\\\/\\\/lospoliticosveracruz.com\\\/?p=128980#primaryimage\"},\"image\":{\"@id\":\"https:\\\/\\\/lospoliticosveracruz.com\\\/?p=128980#primaryimage\"},\"thumbnailUrl\":\"https:\\\/\\\/lospoliticosveracruz.com\\\/wp-content\\\/uploads\\\/2024\\\/03\\\/Oved-Contreras.jpg\",\"datePublished\":\"2024-08-22T13:54:18+00:00\",\"dateModified\":\"2024-08-22T13:54:36+00:00\",\"breadcrumb\":{\"@id\":\"https:\\\/\\\/lospoliticosveracruz.com\\\/?p=128980#breadcrumb\"},\"inLanguage\":\"es\",\"potentialAction\":[{\"@type\":\"ReadAction\",\"target\":[\"https:\\\/\\\/lospoliticosveracruz.com\\\/?p=128980\"]}]},{\"@type\":\"ImageObject\",\"inLanguage\":\"es\",\"@id\":\"https:\\\/\\\/lospoliticosveracruz.com\\\/?p=128980#primaryimage\",\"url\":\"https:\\\/\\\/lospoliticosveracruz.com\\\/wp-content\\\/uploads\\\/2024\\\/03\\\/Oved-Contreras.jpg\",\"contentUrl\":\"https:\\\/\\\/lospoliticosveracruz.com\\\/wp-content\\\/uploads\\\/2024\\\/03\\\/Oved-Contreras.jpg\",\"width\":1250,\"height\":667},{\"@type\":\"BreadcrumbList\",\"@id\":\"https:\\\/\\\/lospoliticosveracruz.com\\\/?p=128980#breadcrumb\",\"itemListElement\":[{\"@type\":\"ListItem\",\"position\":1,\"name\":\"Portada\",\"item\":\"https:\\\/\\\/lospoliticosveracruz.com\\\/\"},{\"@type\":\"ListItem\",\"position\":2,\"name\":\"LE QUED\u00d3 CHICA LA CALLE!\"}]},{\"@type\":\"WebSite\",\"@id\":\"https:\\\/\\\/lospoliticosveracruz.com\\\/#website\",\"url\":\"https:\\\/\\\/lospoliticosveracruz.com\\\/\",\"name\":\"Los pol\u00edticos Veracruz\",\"description\":\"\",\"publisher\":{\"@id\":\"https:\\\/\\\/lospoliticosveracruz.com\\\/#organization\"},\"potentialAction\":[{\"@type\":\"SearchAction\",\"target\":{\"@type\":\"EntryPoint\",\"urlTemplate\":\"https:\\\/\\\/lospoliticosveracruz.com\\\/?s={search_term_string}\"},\"query-input\":{\"@type\":\"PropertyValueSpecification\",\"valueRequired\":true,\"valueName\":\"search_term_string\"}}],\"inLanguage\":\"es\"},{\"@type\":\"Organization\",\"@id\":\"https:\\\/\\\/lospoliticosveracruz.com\\\/#organization\",\"name\":\"Los pol\u00edticos Veracruz\",\"url\":\"https:\\\/\\\/lospoliticosveracruz.com\\\/\",\"logo\":{\"@type\":\"ImageObject\",\"inLanguage\":\"es\",\"@id\":\"https:\\\/\\\/lospoliticosveracruz.com\\\/#\\\/schema\\\/logo\\\/image\\\/\",\"url\":\"https:\\\/\\\/lospoliticosveracruz.com\\\/wp-content\\\/uploads\\\/2025\\\/12\\\/Logo-Nuevo-LOS-POLITICOS-1.jpg\",\"contentUrl\":\"https:\\\/\\\/lospoliticosveracruz.com\\\/wp-content\\\/uploads\\\/2025\\\/12\\\/Logo-Nuevo-LOS-POLITICOS-1.jpg\",\"width\":260,\"height\":70,\"caption\":\"Los pol\u00edticos Veracruz\"},\"image\":{\"@id\":\"https:\\\/\\\/lospoliticosveracruz.com\\\/#\\\/schema\\\/logo\\\/image\\\/\"},\"sameAs\":[\"https:\\\/\\\/www.facebook.com\\\/people\\\/Notimemes-de-los-Polticos\\\/61565672886568\\\/\",\"https:\\\/\\\/x.com\\\/LosPoliticosVer\"]},{\"@type\":\"Person\",\"@id\":\"https:\\\/\\\/lospoliticosveracruz.com\\\/#\\\/schema\\\/person\\\/b8702bb0e538456e6efd07080bf2a4a2\",\"name\":\"Lo viste en Los Pol\u00edticos\",\"image\":{\"@type\":\"ImageObject\",\"inLanguage\":\"es\",\"@id\":\"https:\\\/\\\/secure.gravatar.com\\\/avatar\\\/3a8de04a2656d44082be478bd6c086daa447c4651605818287b9532d3d0bd435?s=96&d=mm&r=g\",\"url\":\"https:\\\/\\\/secure.gravatar.com\\\/avatar\\\/3a8de04a2656d44082be478bd6c086daa447c4651605818287b9532d3d0bd435?s=96&d=mm&r=g\",\"contentUrl\":\"https:\\\/\\\/secure.gravatar.com\\\/avatar\\\/3a8de04a2656d44082be478bd6c086daa447c4651605818287b9532d3d0bd435?s=96&d=mm&r=g\",\"caption\":\"Lo viste en Los Pol\u00edticos\"},\"url\":\"https:\\\/\\\/lospoliticosveracruz.com\\\/?author=2\"}]}<\/script>\n<!-- \/ Yoast SEO plugin. -->","yoast_head_json":{"title":"LE QUED\u00d3 CHICA LA CALLE! - Los pol\u00edticos Veracruz","robots":{"index":"index","follow":"follow","max-snippet":"max-snippet:-1","max-image-preview":"max-image-preview:large","max-video-preview":"max-video-preview:-1"},"canonical":"https:\/\/lospoliticosveracruz.com\/?p=128980","og_locale":"es_ES","og_type":"article","og_title":"LE QUED\u00d3 CHICA LA CALLE! - Los pol\u00edticos Veracruz","og_description":"Oved Contreras Secas Mecas Una vecina del edificio donde se encuentra la sede del comit\u00e9 estatal de Morena, all\u00e1 por la calle Sim\u00f3n Bol\u00edvar de la colonia Jos\u00e9 Cardel en Xalapa, nos pide reproducir el dato para pedirle muy respetuosamente a don Esteban \u201cLarra\u201d Zepeta que si las calles le quedan chicas para que trae [&hellip;]","og_url":"https:\/\/lospoliticosveracruz.com\/?p=128980","og_site_name":"Los pol\u00edticos Veracruz","article_publisher":"https:\/\/www.facebook.com\/people\/Notimemes-de-los-Polticos\/61565672886568\/","article_published_time":"2024-08-22T13:54:18+00:00","article_modified_time":"2024-08-22T13:54:36+00:00","og_image":[{"width":1250,"height":667,"url":"https:\/\/lospoliticosveracruz.com\/wp-content\/uploads\/2024\/03\/Oved-Contreras.jpg","type":"image\/jpeg"}],"author":"Lo viste en Los Pol\u00edticos","twitter_card":"summary_large_image","twitter_creator":"@LosPoliticosVer","twitter_site":"@LosPoliticosVer","twitter_misc":{"Escrito por":"Lo viste en Los Pol\u00edticos","Tiempo de lectura":"4 minutos"},"schema":{"@context":"https:\/\/schema.org","@graph":[{"@type":"Article","@id":"https:\/\/lospoliticosveracruz.com\/?p=128980#article","isPartOf":{"@id":"https:\/\/lospoliticosveracruz.com\/?p=128980"},"author":{"name":"Lo viste en Los Pol\u00edticos","@id":"https:\/\/lospoliticosveracruz.com\/#\/schema\/person\/b8702bb0e538456e6efd07080bf2a4a2"},"headline":"LE QUED\u00d3 CHICA LA CALLE!","datePublished":"2024-08-22T13:54:18+00:00","dateModified":"2024-08-22T13:54:36+00:00","mainEntityOfPage":{"@id":"https:\/\/lospoliticosveracruz.com\/?p=128980"},"wordCount":832,"publisher":{"@id":"https:\/\/lospoliticosveracruz.com\/#organization"},"image":{"@id":"https:\/\/lospoliticosveracruz.com\/?p=128980#primaryimage"},"thumbnailUrl":"https:\/\/lospoliticosveracruz.com\/wp-content\/uploads\/2024\/03\/Oved-Contreras.jpg","keywords":["Esteban Ram\u00edrez Zepeta","Morena","Roc\u00edo Nahle","Tato Vega Yunes","Veracruz"],"articleSection":["De Opini\u00f3n"],"inLanguage":"es"},{"@type":"WebPage","@id":"https:\/\/lospoliticosveracruz.com\/?p=128980","url":"https:\/\/lospoliticosveracruz.com\/?p=128980","name":"LE QUED\u00d3 CHICA LA CALLE! - Los pol\u00edticos Veracruz","isPartOf":{"@id":"https:\/\/lospoliticosveracruz.com\/#website"},"primaryImageOfPage":{"@id":"https:\/\/lospoliticosveracruz.com\/?p=128980#primaryimage"},"image":{"@id":"https:\/\/lospoliticosveracruz.com\/?p=128980#primaryimage"},"thumbnailUrl":"https:\/\/lospoliticosveracruz.com\/wp-content\/uploads\/2024\/03\/Oved-Contreras.jpg","datePublished":"2024-08-22T13:54:18+00:00","dateModified":"2024-08-22T13:54:36+00:00","breadcrumb":{"@id":"https:\/\/lospoliticosveracruz.com\/?p=128980#breadcrumb"},"inLanguage":"es","potentialAction":[{"@type":"ReadAction","target":["https:\/\/lospoliticosveracruz.com\/?p=128980"]}]},{"@type":"ImageObject","inLanguage":"es","@id":"https:\/\/lospoliticosveracruz.com\/?p=128980#primaryimage","url":"https:\/\/lospoliticosveracruz.com\/wp-content\/uploads\/2024\/03\/Oved-Contreras.jpg","contentUrl":"https:\/\/lospoliticosveracruz.com\/wp-content\/uploads\/2024\/03\/Oved-Contreras.jpg","width":1250,"height":667},{"@type":"BreadcrumbList","@id":"https:\/\/lospoliticosveracruz.com\/?p=128980#breadcrumb","itemListElement":[{"@type":"ListItem","position":1,"name":"Portada","item":"https:\/\/lospoliticosveracruz.com\/"},{"@type":"ListItem","position":2,"name":"LE QUED\u00d3 CHICA LA CALLE!"}]},{"@type":"WebSite","@id":"https:\/\/lospoliticosveracruz.com\/#website","url":"https:\/\/lospoliticosveracruz.com\/","name":"Los pol\u00edticos Veracruz","description":"","publisher":{"@id":"https:\/\/lospoliticosveracruz.com\/#organization"},"potentialAction":[{"@type":"SearchAction","target":{"@type":"EntryPoint","urlTemplate":"https:\/\/lospoliticosveracruz.com\/?s={search_term_string}"},"query-input":{"@type":"PropertyValueSpecification","valueRequired":true,"valueName":"search_term_string"}}],"inLanguage":"es"},{"@type":"Organization","@id":"https:\/\/lospoliticosveracruz.com\/#organization","name":"Los pol\u00edticos Veracruz","url":"https:\/\/lospoliticosveracruz.com\/","logo":{"@type":"ImageObject","inLanguage":"es","@id":"https:\/\/lospoliticosveracruz.com\/#\/schema\/logo\/image\/","url":"https:\/\/lospoliticosveracruz.com\/wp-content\/uploads\/2025\/12\/Logo-Nuevo-LOS-POLITICOS-1.jpg","contentUrl":"https:\/\/lospoliticosveracruz.com\/wp-content\/uploads\/2025\/12\/Logo-Nuevo-LOS-POLITICOS-1.jpg","width":260,"height":70,"caption":"Los pol\u00edticos Veracruz"},"image":{"@id":"https:\/\/lospoliticosveracruz.com\/#\/schema\/logo\/image\/"},"sameAs":["https:\/\/www.facebook.com\/people\/Notimemes-de-los-Polticos\/61565672886568\/","https:\/\/x.com\/LosPoliticosVer"]},{"@type":"Person","@id":"https:\/\/lospoliticosveracruz.com\/#\/schema\/person\/b8702bb0e538456e6efd07080bf2a4a2","name":"Lo viste en Los Pol\u00edticos","image":{"@type":"ImageObject","inLanguage":"es","@id":"https:\/\/secure.gravatar.com\/avatar\/3a8de04a2656d44082be478bd6c086daa447c4651605818287b9532d3d0bd435?s=96&d=mm&r=g","url":"https:\/\/secure.gravatar.com\/avatar\/3a8de04a2656d44082be478bd6c086daa447c4651605818287b9532d3d0bd435?s=96&d=mm&r=g","contentUrl":"https:\/\/secure.gravatar.com\/avatar\/3a8de04a2656d44082be478bd6c086daa447c4651605818287b9532d3d0bd435?s=96&d=mm&r=g","caption":"Lo viste en Los Pol\u00edticos"},"url":"https:\/\/lospoliticosveracruz.com\/?author=2"}]}},"_links":{"self":[{"href":"https:\/\/lospoliticosveracruz.com\/index.php?rest_route=\/wp\/v2\/posts\/128980","targetHints":{"allow":["GET"]}}],"collection":[{"href":"https:\/\/lospoliticosveracruz.com\/index.php?rest_route=\/wp\/v2\/posts"}],"about":[{"href":"https:\/\/lospoliticosveracruz.com\/index.php?rest_route=\/wp\/v2\/types\/post"}],"author":[{"embeddable":true,"href":"https:\/\/lospoliticosveracruz.com\/index.php?rest_route=\/wp\/v2\/users\/2"}],"replies":[{"embeddable":true,"href":"https:\/\/lospoliticosveracruz.com\/index.php?rest_route=%2Fwp%2Fv2%2Fcomments&post=128980"}],"version-history":[{"count":1,"href":"https:\/\/lospoliticosveracruz.com\/index.php?rest_route=\/wp\/v2\/posts\/128980\/revisions"}],"predecessor-version":[{"id":128982,"href":"https:\/\/lospoliticosveracruz.com\/index.php?rest_route=\/wp\/v2\/posts\/128980\/revisions\/128982"}],"wp:featuredmedia":[{"embeddable":true,"href":"https:\/\/lospoliticosveracruz.com\/index.php?rest_route=\/wp\/v2\/media\/119816"}],"wp:attachment":[{"href":"https:\/\/lospoliticosveracruz.com\/index.php?rest_route=%2Fwp%2Fv2%2Fmedia&parent=128980"}],"wp:term":[{"taxonomy":"category","embeddable":true,"href":"https:\/\/lospoliticosveracruz.com\/index.php?rest_route=%2Fwp%2Fv2%2Fcategories&post=128980"},{"taxonomy":"post_tag","embeddable":true,"href":"https:\/\/lospoliticosveracruz.com\/index.php?rest_route=%2Fwp%2Fv2%2Ftags&post=128980"}],"curies":[{"name":"wp","href":"https:\/\/api.w.org\/{rel}","templated":true}]}}