{"id":128987,"date":"2024-08-22T11:21:37","date_gmt":"2024-08-22T16:21:37","guid":{"rendered":"https:\/\/lospoliticosveracruz.com.mx\/?p=128987"},"modified":"2024-08-22T11:21:46","modified_gmt":"2024-08-22T16:21:46","slug":"shcp-suspendera-salarios-al-pj","status":"publish","type":"post","link":"https:\/\/lospoliticosveracruz.com\/?p=128987","title":{"rendered":"SHCP SUSPENDER\u00c1 SALARIOS AL PJ"},"content":{"rendered":"\n<p><strong>Fanny Y\u00e9pez<\/strong><\/p>\n\n\n\n<p>La Columna<\/p>\n\n\n\n<p>La Suprema Corte de Justicia ha se\u00f1alado que \u201cel principio general aplicable en la relaci\u00f3n laboral es que el empleador no tiene la obligaci\u00f3n de pagar el salario a los trabajadores mientras \u00e9stos se encuentran huelga\u201d.<\/p>\n\n\n<div class=\"wp-block-image\">\n<figure class=\"alignleft size-medium\"><a href=\"https:\/\/lospoliticosveracruz.com.mx\/wp-content\/uploads\/2021\/10\/WhatsApp-Image-2021-10-02-at-15.20.25.jpeg\"><img loading=\"lazy\" decoding=\"async\" width=\"212\" height=\"300\" src=\"https:\/\/lospoliticosveracruz.com.mx\/wp-content\/uploads\/2021\/10\/WhatsApp-Image-2021-10-02-at-15.20.25-212x300.jpeg\" alt=\"\" class=\"wp-image-80177\" srcset=\"https:\/\/lospoliticosveracruz.com\/wp-content\/uploads\/2021\/10\/WhatsApp-Image-2021-10-02-at-15.20.25-212x300.jpeg 212w, https:\/\/lospoliticosveracruz.com\/wp-content\/uploads\/2021\/10\/WhatsApp-Image-2021-10-02-at-15.20.25-724x1024.jpeg 724w, https:\/\/lospoliticosveracruz.com\/wp-content\/uploads\/2021\/10\/WhatsApp-Image-2021-10-02-at-15.20.25-768x1086.jpeg 768w, https:\/\/lospoliticosveracruz.com\/wp-content\/uploads\/2021\/10\/WhatsApp-Image-2021-10-02-at-15.20.25.jpeg 905w\" sizes=\"auto, (max-width: 212px) 100vw, 212px\" \/><\/a><\/figure>\n<\/div>\n\n\n<p>La ley federal del trabajo establece que durante el periodo de huelga el contrato colectivo se suspende conforme a lo establecido en el 45 del Estatuto de los Trabajadores, es decir, los empleados no est\u00e1n obligado a trabajar durante la huelga, pero el empleador no tiene obligaci\u00f3n de remunerarte el tiempo no trabajado.<\/p>\n\n\n\n<p>Esto viene al caso porque la Secretar\u00eda de Hacienda emiti\u00f3 un documento en el que indica que la suspensi\u00f3n de labores de trabajadores del Poder Judicial de la Federaci\u00f3n en protesta por la reforma judicial es ilegal y pide al Consejo de la Judicatura que deje de pagar los salarios de los manifestantes y que destituya a quienes se mantengan en paro.<\/p>\n\n\n\n<p>Mientras tanto miles de mexicanos siguen a la espera de una \u00abJusticia pronta y expedita\u00bb que es un principio constitucional que establece que las autoridades deben administrar justicia de manera r\u00e1pida, efectiva y imparcial, y dentro de los plazos y t\u00e9rminos fijados por la ley. Esto significa que los tribunales deben emitir resoluciones de manera pronta, completa e imparcial, y que los ciudadanos que acuden a los tribunales no se encuentren con obst\u00e1culos que dificulten o dilaten los procedimientos. Ante este precepto podemos establecer que los huelguistas est\u00e1n violando la propia Constituci\u00f3n que ellos juraron salvaguardar, grave incongruencia.&nbsp; &nbsp; &nbsp;<\/p>\n\n\n\n<p>Para varios especialistas en derecho laboral han opinado que el paro de labores que est\u00e1n llevando a cabo en el poder judicial, no ha seguido el cauce que la ley establece, por lo que quienes se est\u00e1n manifestando incurren en \u201cinasistencia injustificada\u201d, por lo que \u201cno se generar\u00e1 el derecho de recibir el pago del sueldo tabular del d\u00eda correspondiente\u201d. Lo cual qui8re decir que no solamente que no solamente de les descontara de su salario los d\u00edas no devengados, sino&nbsp;&nbsp;que tambi\u00e9n se les puede rescindir su contrato.&nbsp; &nbsp; &nbsp;<\/p>\n\n\n\n<p>Cabe destacar que la Judicatura incurri\u00f3 en irregularidades al emitir la circular en la que dio conocimiento al Tribunal Laboral Federal de Asuntos Colectivos del inicio del paro, ya que la competencia no corresponde a este \u00f3rgano, sino al Tribunal Federal de Conciliaci\u00f3n y Arbitraje. Dice que, aunque se menciona que la determinaci\u00f3n de unirse a la interrupci\u00f3n de labores fue tomada en una sesi\u00f3n extraordinaria de su pleno, no se\u00f1ala el qu\u00f3rum y votaci\u00f3n de los consejeros integrantes para la emisi\u00f3n de la declaratoria.<\/p>\n\n\n\n<p>El propio Presidente, Andr\u00e9s Manuel L\u00f3pez Obrador declaro respecto que el paro de labores de los integrantes del Poder Judicial es ilegal. Se dio tiempo para ser ir\u00f3nico y asever\u00f3 que la suspensi\u00f3n de actividades judiciales ser\u00e1 ben\u00e9fica para las autoridades, porque no se otorgar\u00e1 la libertad a delincuentes.<\/p>\n\n\n\n<p>A la mayor\u00eda de los mexicanos no les va a importar. Yo les dir\u00eda, con toda franqueza, y tambi\u00e9n respeto, que hasta nos va a ayudar a que, si no est\u00e1n los jueces, los magistrados y los ministros en activo, tenemos cuando menos la garant\u00eda de que no van a dejar libres a delincuentes del crimen organizado, y como no van a estar trabajando los juzgados, tampoco habr\u00e1 libertad para delincuentes de cuello blanco.&nbsp;&nbsp;<\/p>\n\n\n\n<p>La huelga de los trabajadores del Poder Judicial no es m\u00e1s que un paro ilegal. Y hay m\u00e1s, si los trabajadores suspenden labores antes de que el Tribunal laboral declare la huelga, tendr\u00e1n 24 horas para reanudar sus actividades. De lo contrario, el Estado podr\u00eda cesarlos sin responsabilidad<\/p>\n\n\n\n<p>En una nota publicada este jueves por el peri\u00f3dico el Universal se\u00f1ala que si bien en la circular se menciona que la determinaci\u00f3n de unirse al paro fue tomada en una sesi\u00f3n extraordinaria de su pleno, \u201comite mencionar el qu\u00f3rum y votaci\u00f3n de los consejeros integrantes para la emisi\u00f3n de la declaratoria de m\u00e9rito\u201d.<\/p>\n\n\n\n<p>De igual forma, se\u00f1ala que desde el pasado lunes que inici\u00f3 el paro por parte de algunos empleados el CJF no cumpli\u00f3 con su responsabilidad de conminar a los servidores p\u00fablicos, sindicalizados, de confianza y a titulares de \u00f3rganos jurisdiccionales a no generar un perjuicio grave a la sociedad en general, causada por la suspensi\u00f3n indefinida de sus actividades.<\/p>\n\n\n\n<p>Destaca un apartado denominado \u201cAn\u00e1lisis laboral y presupuestal, obligaciones del Consejo de la Judicatura Federal\u201d, en el que se explica que, de acuerdo con la Ley Federal de Presupuesto y Responsabilidad Hacendaria, el Consejo de la Judicatura est\u00e1 obligado a pagar las remuneraciones de los servidores p\u00fablicos a su cargo, \u201csiempre y cuando cumplan con el eficiente desempe\u00f1o de sus funciones\u201d.<\/p>\n","protected":false},"excerpt":{"rendered":"<p>Fanny Y\u00e9pez La Columna La Suprema Corte de Justicia ha se\u00f1alado que \u201cel principio general aplicable en la relaci\u00f3n laboral es que el empleador no tiene la obligaci\u00f3n de pagar el salario a los trabajadores mientras \u00e9stos se encuentran huelga\u201d. La ley federal del trabajo establece que durante el periodo de huelga el contrato colectivo [&hellip;]<\/p>\n","protected":false},"author":2,"featured_media":126076,"comment_status":"closed","ping_status":"closed","sticky":false,"template":"","format":"standard","meta":{"tdm_status":"","tdm_grid_status":"","footnotes":""},"categories":[70],"tags":[14077,13143],"class_list":{"0":"post-128987","1":"post","2":"type-post","3":"status-publish","4":"format-standard","5":"has-post-thumbnail","7":"category-de-opinion","8":"tag-huelga","9":"tag-ley-federal-del-trabajo"},"yoast_head":"<!-- This site is optimized with the Yoast SEO plugin v27.4 - https:\/\/yoast.com\/product\/yoast-seo-wordpress\/ -->\n<title>SHCP SUSPENDER\u00c1 SALARIOS AL PJ - Los pol\u00edticos Veracruz<\/title>\n<meta name=\"robots\" content=\"index, follow, max-snippet:-1, max-image-preview:large, max-video-preview:-1\" \/>\n<link rel=\"canonical\" href=\"https:\/\/lospoliticosveracruz.com\/?p=128987\" \/>\n<meta property=\"og:locale\" content=\"es_ES\" \/>\n<meta property=\"og:type\" content=\"article\" \/>\n<meta property=\"og:title\" content=\"SHCP SUSPENDER\u00c1 SALARIOS AL PJ - Los pol\u00edticos Veracruz\" \/>\n<meta property=\"og:description\" content=\"Fanny Y\u00e9pez La Columna La Suprema Corte de Justicia ha se\u00f1alado que \u201cel principio general aplicable en la relaci\u00f3n laboral es que el empleador no tiene la obligaci\u00f3n de pagar el salario a los trabajadores mientras \u00e9stos se encuentran huelga\u201d. La ley federal del trabajo establece que durante el periodo de huelga el contrato colectivo [&hellip;]\" \/>\n<meta property=\"og:url\" content=\"https:\/\/lospoliticosveracruz.com\/?p=128987\" \/>\n<meta property=\"og:site_name\" content=\"Los pol\u00edticos Veracruz\" \/>\n<meta property=\"article:publisher\" content=\"https:\/\/www.facebook.com\/people\/Notimemes-de-los-Polticos\/61565672886568\/\" \/>\n<meta property=\"article:published_time\" content=\"2024-08-22T16:21:37+00:00\" \/>\n<meta property=\"article:modified_time\" content=\"2024-08-22T16:21:46+00:00\" \/>\n<meta property=\"og:image\" content=\"https:\/\/lospoliticosveracruz.com\/wp-content\/uploads\/2024\/06\/Fanny-Yepez.jpg\" \/>\n\t<meta property=\"og:image:width\" content=\"1250\" \/>\n\t<meta property=\"og:image:height\" content=\"667\" \/>\n\t<meta property=\"og:image:type\" content=\"image\/jpeg\" \/>\n<meta name=\"author\" content=\"Lo viste en Los Pol\u00edticos\" \/>\n<meta name=\"twitter:card\" content=\"summary_large_image\" \/>\n<meta name=\"twitter:creator\" content=\"@LosPoliticosVer\" \/>\n<meta name=\"twitter:site\" content=\"@LosPoliticosVer\" \/>\n<meta name=\"twitter:label1\" content=\"Escrito por\" \/>\n\t<meta name=\"twitter:data1\" content=\"Lo viste en Los Pol\u00edticos\" \/>\n\t<meta name=\"twitter:label2\" content=\"Tiempo de lectura\" \/>\n\t<meta name=\"twitter:data2\" content=\"4 minutos\" \/>\n<script type=\"application\/ld+json\" class=\"yoast-schema-graph\">{\"@context\":\"https:\\\/\\\/schema.org\",\"@graph\":[{\"@type\":\"Article\",\"@id\":\"https:\\\/\\\/lospoliticosveracruz.com\\\/?p=128987#article\",\"isPartOf\":{\"@id\":\"https:\\\/\\\/lospoliticosveracruz.com\\\/?p=128987\"},\"author\":{\"name\":\"Lo viste en Los Pol\u00edticos\",\"@id\":\"https:\\\/\\\/lospoliticosveracruz.com\\\/#\\\/schema\\\/person\\\/b8702bb0e538456e6efd07080bf2a4a2\"},\"headline\":\"SHCP SUSPENDER\u00c1 SALARIOS AL PJ\",\"datePublished\":\"2024-08-22T16:21:37+00:00\",\"dateModified\":\"2024-08-22T16:21:46+00:00\",\"mainEntityOfPage\":{\"@id\":\"https:\\\/\\\/lospoliticosveracruz.com\\\/?p=128987\"},\"wordCount\":841,\"publisher\":{\"@id\":\"https:\\\/\\\/lospoliticosveracruz.com\\\/#organization\"},\"image\":{\"@id\":\"https:\\\/\\\/lospoliticosveracruz.com\\\/?p=128987#primaryimage\"},\"thumbnailUrl\":\"https:\\\/\\\/lospoliticosveracruz.com\\\/wp-content\\\/uploads\\\/2024\\\/06\\\/Fanny-Yepez.jpg\",\"keywords\":[\"huelga\",\"Ley Federal del Trabajo\"],\"articleSection\":[\"De Opini\u00f3n\"],\"inLanguage\":\"es\"},{\"@type\":\"WebPage\",\"@id\":\"https:\\\/\\\/lospoliticosveracruz.com\\\/?p=128987\",\"url\":\"https:\\\/\\\/lospoliticosveracruz.com\\\/?p=128987\",\"name\":\"SHCP SUSPENDER\u00c1 SALARIOS AL PJ - Los pol\u00edticos Veracruz\",\"isPartOf\":{\"@id\":\"https:\\\/\\\/lospoliticosveracruz.com\\\/#website\"},\"primaryImageOfPage\":{\"@id\":\"https:\\\/\\\/lospoliticosveracruz.com\\\/?p=128987#primaryimage\"},\"image\":{\"@id\":\"https:\\\/\\\/lospoliticosveracruz.com\\\/?p=128987#primaryimage\"},\"thumbnailUrl\":\"https:\\\/\\\/lospoliticosveracruz.com\\\/wp-content\\\/uploads\\\/2024\\\/06\\\/Fanny-Yepez.jpg\",\"datePublished\":\"2024-08-22T16:21:37+00:00\",\"dateModified\":\"2024-08-22T16:21:46+00:00\",\"breadcrumb\":{\"@id\":\"https:\\\/\\\/lospoliticosveracruz.com\\\/?p=128987#breadcrumb\"},\"inLanguage\":\"es\",\"potentialAction\":[{\"@type\":\"ReadAction\",\"target\":[\"https:\\\/\\\/lospoliticosveracruz.com\\\/?p=128987\"]}]},{\"@type\":\"ImageObject\",\"inLanguage\":\"es\",\"@id\":\"https:\\\/\\\/lospoliticosveracruz.com\\\/?p=128987#primaryimage\",\"url\":\"https:\\\/\\\/lospoliticosveracruz.com\\\/wp-content\\\/uploads\\\/2024\\\/06\\\/Fanny-Yepez.jpg\",\"contentUrl\":\"https:\\\/\\\/lospoliticosveracruz.com\\\/wp-content\\\/uploads\\\/2024\\\/06\\\/Fanny-Yepez.jpg\",\"width\":1250,\"height\":667},{\"@type\":\"BreadcrumbList\",\"@id\":\"https:\\\/\\\/lospoliticosveracruz.com\\\/?p=128987#breadcrumb\",\"itemListElement\":[{\"@type\":\"ListItem\",\"position\":1,\"name\":\"Portada\",\"item\":\"https:\\\/\\\/lospoliticosveracruz.com\\\/\"},{\"@type\":\"ListItem\",\"position\":2,\"name\":\"SHCP SUSPENDER\u00c1 SALARIOS AL PJ\"}]},{\"@type\":\"WebSite\",\"@id\":\"https:\\\/\\\/lospoliticosveracruz.com\\\/#website\",\"url\":\"https:\\\/\\\/lospoliticosveracruz.com\\\/\",\"name\":\"Los pol\u00edticos Veracruz\",\"description\":\"\",\"publisher\":{\"@id\":\"https:\\\/\\\/lospoliticosveracruz.com\\\/#organization\"},\"potentialAction\":[{\"@type\":\"SearchAction\",\"target\":{\"@type\":\"EntryPoint\",\"urlTemplate\":\"https:\\\/\\\/lospoliticosveracruz.com\\\/?s={search_term_string}\"},\"query-input\":{\"@type\":\"PropertyValueSpecification\",\"valueRequired\":true,\"valueName\":\"search_term_string\"}}],\"inLanguage\":\"es\"},{\"@type\":\"Organization\",\"@id\":\"https:\\\/\\\/lospoliticosveracruz.com\\\/#organization\",\"name\":\"Los pol\u00edticos Veracruz\",\"url\":\"https:\\\/\\\/lospoliticosveracruz.com\\\/\",\"logo\":{\"@type\":\"ImageObject\",\"inLanguage\":\"es\",\"@id\":\"https:\\\/\\\/lospoliticosveracruz.com\\\/#\\\/schema\\\/logo\\\/image\\\/\",\"url\":\"https:\\\/\\\/lospoliticosveracruz.com\\\/wp-content\\\/uploads\\\/2025\\\/12\\\/Logo-Nuevo-LOS-POLITICOS-1.jpg\",\"contentUrl\":\"https:\\\/\\\/lospoliticosveracruz.com\\\/wp-content\\\/uploads\\\/2025\\\/12\\\/Logo-Nuevo-LOS-POLITICOS-1.jpg\",\"width\":260,\"height\":70,\"caption\":\"Los pol\u00edticos Veracruz\"},\"image\":{\"@id\":\"https:\\\/\\\/lospoliticosveracruz.com\\\/#\\\/schema\\\/logo\\\/image\\\/\"},\"sameAs\":[\"https:\\\/\\\/www.facebook.com\\\/people\\\/Notimemes-de-los-Polticos\\\/61565672886568\\\/\",\"https:\\\/\\\/x.com\\\/LosPoliticosVer\"]},{\"@type\":\"Person\",\"@id\":\"https:\\\/\\\/lospoliticosveracruz.com\\\/#\\\/schema\\\/person\\\/b8702bb0e538456e6efd07080bf2a4a2\",\"name\":\"Lo viste en Los Pol\u00edticos\",\"image\":{\"@type\":\"ImageObject\",\"inLanguage\":\"es\",\"@id\":\"https:\\\/\\\/secure.gravatar.com\\\/avatar\\\/3a8de04a2656d44082be478bd6c086daa447c4651605818287b9532d3d0bd435?s=96&d=mm&r=g\",\"url\":\"https:\\\/\\\/secure.gravatar.com\\\/avatar\\\/3a8de04a2656d44082be478bd6c086daa447c4651605818287b9532d3d0bd435?s=96&d=mm&r=g\",\"contentUrl\":\"https:\\\/\\\/secure.gravatar.com\\\/avatar\\\/3a8de04a2656d44082be478bd6c086daa447c4651605818287b9532d3d0bd435?s=96&d=mm&r=g\",\"caption\":\"Lo viste en Los Pol\u00edticos\"},\"url\":\"https:\\\/\\\/lospoliticosveracruz.com\\\/?author=2\"}]}<\/script>\n<!-- \/ Yoast SEO plugin. -->","yoast_head_json":{"title":"SHCP SUSPENDER\u00c1 SALARIOS AL PJ - Los pol\u00edticos Veracruz","robots":{"index":"index","follow":"follow","max-snippet":"max-snippet:-1","max-image-preview":"max-image-preview:large","max-video-preview":"max-video-preview:-1"},"canonical":"https:\/\/lospoliticosveracruz.com\/?p=128987","og_locale":"es_ES","og_type":"article","og_title":"SHCP SUSPENDER\u00c1 SALARIOS AL PJ - Los pol\u00edticos Veracruz","og_description":"Fanny Y\u00e9pez La Columna La Suprema Corte de Justicia ha se\u00f1alado que \u201cel principio general aplicable en la relaci\u00f3n laboral es que el empleador no tiene la obligaci\u00f3n de pagar el salario a los trabajadores mientras \u00e9stos se encuentran huelga\u201d. La ley federal del trabajo establece que durante el periodo de huelga el contrato colectivo [&hellip;]","og_url":"https:\/\/lospoliticosveracruz.com\/?p=128987","og_site_name":"Los pol\u00edticos Veracruz","article_publisher":"https:\/\/www.facebook.com\/people\/Notimemes-de-los-Polticos\/61565672886568\/","article_published_time":"2024-08-22T16:21:37+00:00","article_modified_time":"2024-08-22T16:21:46+00:00","og_image":[{"width":1250,"height":667,"url":"https:\/\/lospoliticosveracruz.com\/wp-content\/uploads\/2024\/06\/Fanny-Yepez.jpg","type":"image\/jpeg"}],"author":"Lo viste en Los Pol\u00edticos","twitter_card":"summary_large_image","twitter_creator":"@LosPoliticosVer","twitter_site":"@LosPoliticosVer","twitter_misc":{"Escrito por":"Lo viste en Los Pol\u00edticos","Tiempo de lectura":"4 minutos"},"schema":{"@context":"https:\/\/schema.org","@graph":[{"@type":"Article","@id":"https:\/\/lospoliticosveracruz.com\/?p=128987#article","isPartOf":{"@id":"https:\/\/lospoliticosveracruz.com\/?p=128987"},"author":{"name":"Lo viste en Los Pol\u00edticos","@id":"https:\/\/lospoliticosveracruz.com\/#\/schema\/person\/b8702bb0e538456e6efd07080bf2a4a2"},"headline":"SHCP SUSPENDER\u00c1 SALARIOS AL PJ","datePublished":"2024-08-22T16:21:37+00:00","dateModified":"2024-08-22T16:21:46+00:00","mainEntityOfPage":{"@id":"https:\/\/lospoliticosveracruz.com\/?p=128987"},"wordCount":841,"publisher":{"@id":"https:\/\/lospoliticosveracruz.com\/#organization"},"image":{"@id":"https:\/\/lospoliticosveracruz.com\/?p=128987#primaryimage"},"thumbnailUrl":"https:\/\/lospoliticosveracruz.com\/wp-content\/uploads\/2024\/06\/Fanny-Yepez.jpg","keywords":["huelga","Ley Federal del Trabajo"],"articleSection":["De Opini\u00f3n"],"inLanguage":"es"},{"@type":"WebPage","@id":"https:\/\/lospoliticosveracruz.com\/?p=128987","url":"https:\/\/lospoliticosveracruz.com\/?p=128987","name":"SHCP SUSPENDER\u00c1 SALARIOS AL PJ - Los pol\u00edticos Veracruz","isPartOf":{"@id":"https:\/\/lospoliticosveracruz.com\/#website"},"primaryImageOfPage":{"@id":"https:\/\/lospoliticosveracruz.com\/?p=128987#primaryimage"},"image":{"@id":"https:\/\/lospoliticosveracruz.com\/?p=128987#primaryimage"},"thumbnailUrl":"https:\/\/lospoliticosveracruz.com\/wp-content\/uploads\/2024\/06\/Fanny-Yepez.jpg","datePublished":"2024-08-22T16:21:37+00:00","dateModified":"2024-08-22T16:21:46+00:00","breadcrumb":{"@id":"https:\/\/lospoliticosveracruz.com\/?p=128987#breadcrumb"},"inLanguage":"es","potentialAction":[{"@type":"ReadAction","target":["https:\/\/lospoliticosveracruz.com\/?p=128987"]}]},{"@type":"ImageObject","inLanguage":"es","@id":"https:\/\/lospoliticosveracruz.com\/?p=128987#primaryimage","url":"https:\/\/lospoliticosveracruz.com\/wp-content\/uploads\/2024\/06\/Fanny-Yepez.jpg","contentUrl":"https:\/\/lospoliticosveracruz.com\/wp-content\/uploads\/2024\/06\/Fanny-Yepez.jpg","width":1250,"height":667},{"@type":"BreadcrumbList","@id":"https:\/\/lospoliticosveracruz.com\/?p=128987#breadcrumb","itemListElement":[{"@type":"ListItem","position":1,"name":"Portada","item":"https:\/\/lospoliticosveracruz.com\/"},{"@type":"ListItem","position":2,"name":"SHCP SUSPENDER\u00c1 SALARIOS AL PJ"}]},{"@type":"WebSite","@id":"https:\/\/lospoliticosveracruz.com\/#website","url":"https:\/\/lospoliticosveracruz.com\/","name":"Los pol\u00edticos Veracruz","description":"","publisher":{"@id":"https:\/\/lospoliticosveracruz.com\/#organization"},"potentialAction":[{"@type":"SearchAction","target":{"@type":"EntryPoint","urlTemplate":"https:\/\/lospoliticosveracruz.com\/?s={search_term_string}"},"query-input":{"@type":"PropertyValueSpecification","valueRequired":true,"valueName":"search_term_string"}}],"inLanguage":"es"},{"@type":"Organization","@id":"https:\/\/lospoliticosveracruz.com\/#organization","name":"Los pol\u00edticos Veracruz","url":"https:\/\/lospoliticosveracruz.com\/","logo":{"@type":"ImageObject","inLanguage":"es","@id":"https:\/\/lospoliticosveracruz.com\/#\/schema\/logo\/image\/","url":"https:\/\/lospoliticosveracruz.com\/wp-content\/uploads\/2025\/12\/Logo-Nuevo-LOS-POLITICOS-1.jpg","contentUrl":"https:\/\/lospoliticosveracruz.com\/wp-content\/uploads\/2025\/12\/Logo-Nuevo-LOS-POLITICOS-1.jpg","width":260,"height":70,"caption":"Los pol\u00edticos Veracruz"},"image":{"@id":"https:\/\/lospoliticosveracruz.com\/#\/schema\/logo\/image\/"},"sameAs":["https:\/\/www.facebook.com\/people\/Notimemes-de-los-Polticos\/61565672886568\/","https:\/\/x.com\/LosPoliticosVer"]},{"@type":"Person","@id":"https:\/\/lospoliticosveracruz.com\/#\/schema\/person\/b8702bb0e538456e6efd07080bf2a4a2","name":"Lo viste en Los Pol\u00edticos","image":{"@type":"ImageObject","inLanguage":"es","@id":"https:\/\/secure.gravatar.com\/avatar\/3a8de04a2656d44082be478bd6c086daa447c4651605818287b9532d3d0bd435?s=96&d=mm&r=g","url":"https:\/\/secure.gravatar.com\/avatar\/3a8de04a2656d44082be478bd6c086daa447c4651605818287b9532d3d0bd435?s=96&d=mm&r=g","contentUrl":"https:\/\/secure.gravatar.com\/avatar\/3a8de04a2656d44082be478bd6c086daa447c4651605818287b9532d3d0bd435?s=96&d=mm&r=g","caption":"Lo viste en Los Pol\u00edticos"},"url":"https:\/\/lospoliticosveracruz.com\/?author=2"}]}},"_links":{"self":[{"href":"https:\/\/lospoliticosveracruz.com\/index.php?rest_route=\/wp\/v2\/posts\/128987","targetHints":{"allow":["GET"]}}],"collection":[{"href":"https:\/\/lospoliticosveracruz.com\/index.php?rest_route=\/wp\/v2\/posts"}],"about":[{"href":"https:\/\/lospoliticosveracruz.com\/index.php?rest_route=\/wp\/v2\/types\/post"}],"author":[{"embeddable":true,"href":"https:\/\/lospoliticosveracruz.com\/index.php?rest_route=\/wp\/v2\/users\/2"}],"replies":[{"embeddable":true,"href":"https:\/\/lospoliticosveracruz.com\/index.php?rest_route=%2Fwp%2Fv2%2Fcomments&post=128987"}],"version-history":[{"count":1,"href":"https:\/\/lospoliticosveracruz.com\/index.php?rest_route=\/wp\/v2\/posts\/128987\/revisions"}],"predecessor-version":[{"id":128988,"href":"https:\/\/lospoliticosveracruz.com\/index.php?rest_route=\/wp\/v2\/posts\/128987\/revisions\/128988"}],"wp:featuredmedia":[{"embeddable":true,"href":"https:\/\/lospoliticosveracruz.com\/index.php?rest_route=\/wp\/v2\/media\/126076"}],"wp:attachment":[{"href":"https:\/\/lospoliticosveracruz.com\/index.php?rest_route=%2Fwp%2Fv2%2Fmedia&parent=128987"}],"wp:term":[{"taxonomy":"category","embeddable":true,"href":"https:\/\/lospoliticosveracruz.com\/index.php?rest_route=%2Fwp%2Fv2%2Fcategories&post=128987"},{"taxonomy":"post_tag","embeddable":true,"href":"https:\/\/lospoliticosveracruz.com\/index.php?rest_route=%2Fwp%2Fv2%2Ftags&post=128987"}],"curies":[{"name":"wp","href":"https:\/\/api.w.org\/{rel}","templated":true}]}}