{"id":129064,"date":"2024-08-23T22:57:00","date_gmt":"2024-08-24T03:57:00","guid":{"rendered":"https:\/\/lospoliticosveracruz.com.mx\/?p=129064"},"modified":"2024-08-23T22:57:08","modified_gmt":"2024-08-24T03:57:08","slug":"se-lo-lleva-el-tren","status":"publish","type":"post","link":"https:\/\/lospoliticosveracruz.com\/?p=129064","title":{"rendered":"SE LO LLEVA EL TREN"},"content":{"rendered":"\n<p><strong>Brenda Caballero<br><\/strong><em>N\u00fameros Rojos<\/em><\/p>\n\n\n\n<p>Era inevitable. Ten\u00eda que entrevistarlo antes que Alejandro Gertz Manero. Por eso, no me import\u00f3 viajar varias horas en tren hasta donde estaba. Y no, mi viaje no fue en el famoso Tren Maya, sino en el \u201cTren Veracruzano\u201d.<br>Y all\u00ed estaba en la estaci\u00f3n del Ferrocarril el llamado \u201cRey Midas\u201d o \u201cEll Patr\u00f3n\u201d, V\u00edctor F\u00e9lix Flores Morales, muy bien acompa\u00f1ado por una chica de cabello largo, en medio de sus eternos guaruras con zapatos de marca.<\/p>\n\n\n<div class=\"wp-block-image\">\n<figure class=\"alignleft size-medium\"><a href=\"https:\/\/lospoliticosveracruz.com.mx\/wp-content\/uploads\/2021\/10\/WhatsApp-Image-2021-10-02-at-15.20.25.jpeg\"><img loading=\"lazy\" decoding=\"async\" width=\"212\" height=\"300\" src=\"https:\/\/lospoliticosveracruz.com.mx\/wp-content\/uploads\/2021\/10\/WhatsApp-Image-2021-10-02-at-15.20.25-212x300.jpeg\" alt=\"\" class=\"wp-image-80177\" srcset=\"https:\/\/lospoliticosveracruz.com\/wp-content\/uploads\/2021\/10\/WhatsApp-Image-2021-10-02-at-15.20.25-212x300.jpeg 212w, https:\/\/lospoliticosveracruz.com\/wp-content\/uploads\/2021\/10\/WhatsApp-Image-2021-10-02-at-15.20.25-724x1024.jpeg 724w, https:\/\/lospoliticosveracruz.com\/wp-content\/uploads\/2021\/10\/WhatsApp-Image-2021-10-02-at-15.20.25-768x1086.jpeg 768w, https:\/\/lospoliticosveracruz.com\/wp-content\/uploads\/2021\/10\/WhatsApp-Image-2021-10-02-at-15.20.25.jpeg 905w\" sizes=\"auto, (max-width: 212px) 100vw, 212px\" \/><\/a><\/figure>\n<\/div>\n\n\n<p><br>-Don V\u00edctor, hey, hey, me puede dar una entrevista.<br>Unas gafas negras apenas voltearon, cuando uno de sus guarros me dijo: \u00a1\u00e9l no da entrevistas! \u00a1l\u00e1rgate!<br>-\u00a1Chin me lleva el Tren!- Y yo que hasta extensiones de cabello me puse, como su acompa\u00f1ante. No me importaron sus palabras de retirarme y segu\u00ed gritando: -Solamente unos minutos, \u00a1Don V\u00edctoor! \u00a1Oigaaaa!<br>-Se me hace que quieres otra cosa, reportera chayotera- Volvi\u00f3 a decirme el guarro.<br>-Una entrevista, unas palabras Don V\u00edctor- insist\u00ed -soy Contadora como usted, estudi\u00e9 en la UV como usted, y soy de Veracruz, como usted.<br>Ante mis gritos, las gafas negras voltearon y lentamente se fueron acercando.<br>Mi coraz\u00f3n lat\u00eda \u201ca toda m\u00e1quina\u201d, cuando me pregunt\u00f3:<br>-\u00bfVienes desde el Puerto de Veracruz?<br>-S\u00ed- le contest\u00e9, y antes de que se me fuera el tren pregunt\u00e9 -\u00bfSe reelegir\u00e1 el pr\u00f3ximo domingo como l\u00edder del Sindicato Ferrocarrilero?<br>-\u00a1Claro! a esta locomotora nadie la para.<br>-Pero, \u00bfy la orden de aprehensi\u00f3n por la Fiscal\u00eda General de la Rep\u00fablica?<br>-Pues otro vag\u00f3n m\u00e1s al tren que lo hace m\u00e1s y m\u00e1s grande. \u00a1Ya llevamos m\u00e1s de 16 mil y m\u00edrame!<br>-O sea, \u00bfNo le har\u00e1n nada por todos sus delitos cometidos?<br>-Pues son de cuarta \u00bfY cu\u00e1les delitos? \u00bfPues de qu\u00e9 lado est\u00e1s reportera chayotera? Yo nunca le quit\u00e9 nada a nadie, todo me lo han dado los ferrocarrileros.<br>-Pues s\u00ed, les \u201ccobra cuota\u201d<br>-\u00bfQu\u00e9 dijiste reportera? El pueblo no lo sabe pero con mi pensi\u00f3n del bienestar, a mis 85 a\u00f1os me alcanza, no tengo que robar nada.<br>-\u00a1Pues la Fiscal\u00eda General tiene otros datos, y hasta fraude le cargan!<br>-Fraude el del PRI, con esa modificaci\u00f3n de estatutos de Alito, ya ni en mis tiempos. \u00a1Eso s\u00ed es prolongarse en el poder!<br>-Oiga, pero usted es pri\u00edsta y hasta amigo de Ernesto Zedillo, \u00bfpues c\u00f3mo le hizo para llevarse con el ex presidente?<br>-Negocios, negocios, pero eso es informaci\u00f3n privada.<br>-S\u00ed, pues privatiz\u00f3 los ferrocarriles.<br>-\u00bfQu\u00e9 dijiste reportera?<br>-No se enoje, que se parece al \u201cMochaorejas\u201d, mejor d\u00edgame \u00bfes verdad que les mocha las cuotas a sus agremiados?<br>-No me levantes falsos, el domingo ver\u00e1s que \u201cllegar\u00e9 con todo y a toda m\u00e1quina\u201d.<br>-Pero a prisi\u00f3n\u2026<br>-\u00bfQu\u00e9 dijiste? Es m\u00e1s, no s\u00e9 ni por qu\u00e9 contesto, pues yo ni entrevistas doy.<br>Y que se va, con s\u00e9quito y cab\u00fas y que me deja all\u00ed en la estaci\u00f3n, enmedio de las v\u00edas y durmientes.<\/p>\n\n\n\n<p>*Entrevista Ficticia con la \u00fanica intenci\u00f3n de devolverle al Pueblo la emoci\u00f3n del humor y la risa.<\/p>\n\n\n\n<p>correo:caballero_brenda@hotmail.com<br>Twitter: @NumerosRojos_BC<\/p>\n","protected":false},"excerpt":{"rendered":"<p>Brenda CaballeroN\u00fameros Rojos Era inevitable. Ten\u00eda que entrevistarlo antes que Alejandro Gertz Manero. Por eso, no me import\u00f3 viajar varias horas en tren hasta donde estaba. Y no, mi viaje no fue en el famoso Tren Maya, sino en el \u201cTren Veracruzano\u201d.Y all\u00ed estaba en la estaci\u00f3n del Ferrocarril el llamado \u201cRey Midas\u201d o \u201cEll [&hellip;]<\/p>\n","protected":false},"author":2,"featured_media":119809,"comment_status":"closed","ping_status":"closed","sticky":false,"template":"","format":"standard","meta":{"tdm_status":"","tdm_grid_status":"","footnotes":""},"categories":[70],"tags":[13577,2687,13466,41631],"class_list":{"0":"post-129064","1":"post","2":"type-post","3":"status-publish","4":"format-standard","5":"has-post-thumbnail","7":"category-de-opinion","8":"tag-alejandro-gertz-manero","9":"tag-brenda-caballero","10":"tag-tren-maya","11":"tag-tren-veracruzano"},"yoast_head":"<!-- This site is optimized with the Yoast SEO plugin v27.4 - https:\/\/yoast.com\/product\/yoast-seo-wordpress\/ -->\n<title>SE LO LLEVA EL TREN - Los pol\u00edticos Veracruz<\/title>\n<meta name=\"robots\" content=\"index, follow, max-snippet:-1, max-image-preview:large, max-video-preview:-1\" \/>\n<link rel=\"canonical\" href=\"https:\/\/lospoliticosveracruz.com\/?p=129064\" \/>\n<meta property=\"og:locale\" content=\"es_ES\" \/>\n<meta property=\"og:type\" content=\"article\" \/>\n<meta property=\"og:title\" content=\"SE LO LLEVA EL TREN - Los pol\u00edticos Veracruz\" \/>\n<meta property=\"og:description\" content=\"Brenda CaballeroN\u00fameros Rojos Era inevitable. Ten\u00eda que entrevistarlo antes que Alejandro Gertz Manero. Por eso, no me import\u00f3 viajar varias horas en tren hasta donde estaba. Y no, mi viaje no fue en el famoso Tren Maya, sino en el \u201cTren Veracruzano\u201d.Y all\u00ed estaba en la estaci\u00f3n del Ferrocarril el llamado \u201cRey Midas\u201d o \u201cEll [&hellip;]\" \/>\n<meta property=\"og:url\" content=\"https:\/\/lospoliticosveracruz.com\/?p=129064\" \/>\n<meta property=\"og:site_name\" content=\"Los pol\u00edticos Veracruz\" \/>\n<meta property=\"article:publisher\" content=\"https:\/\/www.facebook.com\/people\/Notimemes-de-los-Polticos\/61565672886568\/\" \/>\n<meta property=\"article:published_time\" content=\"2024-08-24T03:57:00+00:00\" \/>\n<meta property=\"article:modified_time\" content=\"2024-08-24T03:57:08+00:00\" \/>\n<meta property=\"og:image\" content=\"https:\/\/lospoliticosveracruz.com\/wp-content\/uploads\/2024\/03\/Brenda-Caballero.jpg\" \/>\n\t<meta property=\"og:image:width\" content=\"1600\" \/>\n\t<meta property=\"og:image:height\" content=\"853\" \/>\n\t<meta property=\"og:image:type\" content=\"image\/jpeg\" \/>\n<meta name=\"author\" content=\"Lo viste en Los Pol\u00edticos\" \/>\n<meta name=\"twitter:card\" content=\"summary_large_image\" \/>\n<meta name=\"twitter:creator\" content=\"@LosPoliticosVer\" \/>\n<meta name=\"twitter:site\" content=\"@LosPoliticosVer\" \/>\n<meta name=\"twitter:label1\" content=\"Escrito por\" \/>\n\t<meta name=\"twitter:data1\" content=\"Lo viste en Los Pol\u00edticos\" \/>\n\t<meta name=\"twitter:label2\" content=\"Tiempo de lectura\" \/>\n\t<meta name=\"twitter:data2\" content=\"3 minutos\" \/>\n<script type=\"application\/ld+json\" class=\"yoast-schema-graph\">{\"@context\":\"https:\\\/\\\/schema.org\",\"@graph\":[{\"@type\":\"Article\",\"@id\":\"https:\\\/\\\/lospoliticosveracruz.com\\\/?p=129064#article\",\"isPartOf\":{\"@id\":\"https:\\\/\\\/lospoliticosveracruz.com\\\/?p=129064\"},\"author\":{\"name\":\"Lo viste en Los Pol\u00edticos\",\"@id\":\"https:\\\/\\\/lospoliticosveracruz.com\\\/#\\\/schema\\\/person\\\/b8702bb0e538456e6efd07080bf2a4a2\"},\"headline\":\"SE LO LLEVA EL TREN\",\"datePublished\":\"2024-08-24T03:57:00+00:00\",\"dateModified\":\"2024-08-24T03:57:08+00:00\",\"mainEntityOfPage\":{\"@id\":\"https:\\\/\\\/lospoliticosveracruz.com\\\/?p=129064\"},\"wordCount\":567,\"publisher\":{\"@id\":\"https:\\\/\\\/lospoliticosveracruz.com\\\/#organization\"},\"image\":{\"@id\":\"https:\\\/\\\/lospoliticosveracruz.com\\\/?p=129064#primaryimage\"},\"thumbnailUrl\":\"https:\\\/\\\/lospoliticosveracruz.com\\\/wp-content\\\/uploads\\\/2024\\\/03\\\/Brenda-Caballero.jpg\",\"keywords\":[\"Alejandro Gertz Manero\",\"Brenda Caballero\",\"Tren Maya\",\"Tren Veracruzano\"],\"articleSection\":[\"De Opini\u00f3n\"],\"inLanguage\":\"es\"},{\"@type\":\"WebPage\",\"@id\":\"https:\\\/\\\/lospoliticosveracruz.com\\\/?p=129064\",\"url\":\"https:\\\/\\\/lospoliticosveracruz.com\\\/?p=129064\",\"name\":\"SE LO LLEVA EL TREN - Los pol\u00edticos Veracruz\",\"isPartOf\":{\"@id\":\"https:\\\/\\\/lospoliticosveracruz.com\\\/#website\"},\"primaryImageOfPage\":{\"@id\":\"https:\\\/\\\/lospoliticosveracruz.com\\\/?p=129064#primaryimage\"},\"image\":{\"@id\":\"https:\\\/\\\/lospoliticosveracruz.com\\\/?p=129064#primaryimage\"},\"thumbnailUrl\":\"https:\\\/\\\/lospoliticosveracruz.com\\\/wp-content\\\/uploads\\\/2024\\\/03\\\/Brenda-Caballero.jpg\",\"datePublished\":\"2024-08-24T03:57:00+00:00\",\"dateModified\":\"2024-08-24T03:57:08+00:00\",\"breadcrumb\":{\"@id\":\"https:\\\/\\\/lospoliticosveracruz.com\\\/?p=129064#breadcrumb\"},\"inLanguage\":\"es\",\"potentialAction\":[{\"@type\":\"ReadAction\",\"target\":[\"https:\\\/\\\/lospoliticosveracruz.com\\\/?p=129064\"]}]},{\"@type\":\"ImageObject\",\"inLanguage\":\"es\",\"@id\":\"https:\\\/\\\/lospoliticosveracruz.com\\\/?p=129064#primaryimage\",\"url\":\"https:\\\/\\\/lospoliticosveracruz.com\\\/wp-content\\\/uploads\\\/2024\\\/03\\\/Brenda-Caballero.jpg\",\"contentUrl\":\"https:\\\/\\\/lospoliticosveracruz.com\\\/wp-content\\\/uploads\\\/2024\\\/03\\\/Brenda-Caballero.jpg\",\"width\":1600,\"height\":853},{\"@type\":\"BreadcrumbList\",\"@id\":\"https:\\\/\\\/lospoliticosveracruz.com\\\/?p=129064#breadcrumb\",\"itemListElement\":[{\"@type\":\"ListItem\",\"position\":1,\"name\":\"Portada\",\"item\":\"https:\\\/\\\/lospoliticosveracruz.com\\\/\"},{\"@type\":\"ListItem\",\"position\":2,\"name\":\"SE LO LLEVA EL TREN\"}]},{\"@type\":\"WebSite\",\"@id\":\"https:\\\/\\\/lospoliticosveracruz.com\\\/#website\",\"url\":\"https:\\\/\\\/lospoliticosveracruz.com\\\/\",\"name\":\"Los pol\u00edticos Veracruz\",\"description\":\"\",\"publisher\":{\"@id\":\"https:\\\/\\\/lospoliticosveracruz.com\\\/#organization\"},\"potentialAction\":[{\"@type\":\"SearchAction\",\"target\":{\"@type\":\"EntryPoint\",\"urlTemplate\":\"https:\\\/\\\/lospoliticosveracruz.com\\\/?s={search_term_string}\"},\"query-input\":{\"@type\":\"PropertyValueSpecification\",\"valueRequired\":true,\"valueName\":\"search_term_string\"}}],\"inLanguage\":\"es\"},{\"@type\":\"Organization\",\"@id\":\"https:\\\/\\\/lospoliticosveracruz.com\\\/#organization\",\"name\":\"Los pol\u00edticos Veracruz\",\"url\":\"https:\\\/\\\/lospoliticosveracruz.com\\\/\",\"logo\":{\"@type\":\"ImageObject\",\"inLanguage\":\"es\",\"@id\":\"https:\\\/\\\/lospoliticosveracruz.com\\\/#\\\/schema\\\/logo\\\/image\\\/\",\"url\":\"https:\\\/\\\/lospoliticosveracruz.com\\\/wp-content\\\/uploads\\\/2025\\\/12\\\/Logo-Nuevo-LOS-POLITICOS-1.jpg\",\"contentUrl\":\"https:\\\/\\\/lospoliticosveracruz.com\\\/wp-content\\\/uploads\\\/2025\\\/12\\\/Logo-Nuevo-LOS-POLITICOS-1.jpg\",\"width\":260,\"height\":70,\"caption\":\"Los pol\u00edticos Veracruz\"},\"image\":{\"@id\":\"https:\\\/\\\/lospoliticosveracruz.com\\\/#\\\/schema\\\/logo\\\/image\\\/\"},\"sameAs\":[\"https:\\\/\\\/www.facebook.com\\\/people\\\/Notimemes-de-los-Polticos\\\/61565672886568\\\/\",\"https:\\\/\\\/x.com\\\/LosPoliticosVer\"]},{\"@type\":\"Person\",\"@id\":\"https:\\\/\\\/lospoliticosveracruz.com\\\/#\\\/schema\\\/person\\\/b8702bb0e538456e6efd07080bf2a4a2\",\"name\":\"Lo viste en Los Pol\u00edticos\",\"image\":{\"@type\":\"ImageObject\",\"inLanguage\":\"es\",\"@id\":\"https:\\\/\\\/secure.gravatar.com\\\/avatar\\\/3a8de04a2656d44082be478bd6c086daa447c4651605818287b9532d3d0bd435?s=96&d=mm&r=g\",\"url\":\"https:\\\/\\\/secure.gravatar.com\\\/avatar\\\/3a8de04a2656d44082be478bd6c086daa447c4651605818287b9532d3d0bd435?s=96&d=mm&r=g\",\"contentUrl\":\"https:\\\/\\\/secure.gravatar.com\\\/avatar\\\/3a8de04a2656d44082be478bd6c086daa447c4651605818287b9532d3d0bd435?s=96&d=mm&r=g\",\"caption\":\"Lo viste en Los Pol\u00edticos\"},\"url\":\"https:\\\/\\\/lospoliticosveracruz.com\\\/?author=2\"}]}<\/script>\n<!-- \/ Yoast SEO plugin. -->","yoast_head_json":{"title":"SE LO LLEVA EL TREN - Los pol\u00edticos Veracruz","robots":{"index":"index","follow":"follow","max-snippet":"max-snippet:-1","max-image-preview":"max-image-preview:large","max-video-preview":"max-video-preview:-1"},"canonical":"https:\/\/lospoliticosveracruz.com\/?p=129064","og_locale":"es_ES","og_type":"article","og_title":"SE LO LLEVA EL TREN - Los pol\u00edticos Veracruz","og_description":"Brenda CaballeroN\u00fameros Rojos Era inevitable. Ten\u00eda que entrevistarlo antes que Alejandro Gertz Manero. Por eso, no me import\u00f3 viajar varias horas en tren hasta donde estaba. Y no, mi viaje no fue en el famoso Tren Maya, sino en el \u201cTren Veracruzano\u201d.Y all\u00ed estaba en la estaci\u00f3n del Ferrocarril el llamado \u201cRey Midas\u201d o \u201cEll [&hellip;]","og_url":"https:\/\/lospoliticosveracruz.com\/?p=129064","og_site_name":"Los pol\u00edticos Veracruz","article_publisher":"https:\/\/www.facebook.com\/people\/Notimemes-de-los-Polticos\/61565672886568\/","article_published_time":"2024-08-24T03:57:00+00:00","article_modified_time":"2024-08-24T03:57:08+00:00","og_image":[{"width":1600,"height":853,"url":"https:\/\/lospoliticosveracruz.com\/wp-content\/uploads\/2024\/03\/Brenda-Caballero.jpg","type":"image\/jpeg"}],"author":"Lo viste en Los Pol\u00edticos","twitter_card":"summary_large_image","twitter_creator":"@LosPoliticosVer","twitter_site":"@LosPoliticosVer","twitter_misc":{"Escrito por":"Lo viste en Los Pol\u00edticos","Tiempo de lectura":"3 minutos"},"schema":{"@context":"https:\/\/schema.org","@graph":[{"@type":"Article","@id":"https:\/\/lospoliticosveracruz.com\/?p=129064#article","isPartOf":{"@id":"https:\/\/lospoliticosveracruz.com\/?p=129064"},"author":{"name":"Lo viste en Los Pol\u00edticos","@id":"https:\/\/lospoliticosveracruz.com\/#\/schema\/person\/b8702bb0e538456e6efd07080bf2a4a2"},"headline":"SE LO LLEVA EL TREN","datePublished":"2024-08-24T03:57:00+00:00","dateModified":"2024-08-24T03:57:08+00:00","mainEntityOfPage":{"@id":"https:\/\/lospoliticosveracruz.com\/?p=129064"},"wordCount":567,"publisher":{"@id":"https:\/\/lospoliticosveracruz.com\/#organization"},"image":{"@id":"https:\/\/lospoliticosveracruz.com\/?p=129064#primaryimage"},"thumbnailUrl":"https:\/\/lospoliticosveracruz.com\/wp-content\/uploads\/2024\/03\/Brenda-Caballero.jpg","keywords":["Alejandro Gertz Manero","Brenda Caballero","Tren Maya","Tren Veracruzano"],"articleSection":["De Opini\u00f3n"],"inLanguage":"es"},{"@type":"WebPage","@id":"https:\/\/lospoliticosveracruz.com\/?p=129064","url":"https:\/\/lospoliticosveracruz.com\/?p=129064","name":"SE LO LLEVA EL TREN - Los pol\u00edticos Veracruz","isPartOf":{"@id":"https:\/\/lospoliticosveracruz.com\/#website"},"primaryImageOfPage":{"@id":"https:\/\/lospoliticosveracruz.com\/?p=129064#primaryimage"},"image":{"@id":"https:\/\/lospoliticosveracruz.com\/?p=129064#primaryimage"},"thumbnailUrl":"https:\/\/lospoliticosveracruz.com\/wp-content\/uploads\/2024\/03\/Brenda-Caballero.jpg","datePublished":"2024-08-24T03:57:00+00:00","dateModified":"2024-08-24T03:57:08+00:00","breadcrumb":{"@id":"https:\/\/lospoliticosveracruz.com\/?p=129064#breadcrumb"},"inLanguage":"es","potentialAction":[{"@type":"ReadAction","target":["https:\/\/lospoliticosveracruz.com\/?p=129064"]}]},{"@type":"ImageObject","inLanguage":"es","@id":"https:\/\/lospoliticosveracruz.com\/?p=129064#primaryimage","url":"https:\/\/lospoliticosveracruz.com\/wp-content\/uploads\/2024\/03\/Brenda-Caballero.jpg","contentUrl":"https:\/\/lospoliticosveracruz.com\/wp-content\/uploads\/2024\/03\/Brenda-Caballero.jpg","width":1600,"height":853},{"@type":"BreadcrumbList","@id":"https:\/\/lospoliticosveracruz.com\/?p=129064#breadcrumb","itemListElement":[{"@type":"ListItem","position":1,"name":"Portada","item":"https:\/\/lospoliticosveracruz.com\/"},{"@type":"ListItem","position":2,"name":"SE LO LLEVA EL TREN"}]},{"@type":"WebSite","@id":"https:\/\/lospoliticosveracruz.com\/#website","url":"https:\/\/lospoliticosveracruz.com\/","name":"Los pol\u00edticos Veracruz","description":"","publisher":{"@id":"https:\/\/lospoliticosveracruz.com\/#organization"},"potentialAction":[{"@type":"SearchAction","target":{"@type":"EntryPoint","urlTemplate":"https:\/\/lospoliticosveracruz.com\/?s={search_term_string}"},"query-input":{"@type":"PropertyValueSpecification","valueRequired":true,"valueName":"search_term_string"}}],"inLanguage":"es"},{"@type":"Organization","@id":"https:\/\/lospoliticosveracruz.com\/#organization","name":"Los pol\u00edticos Veracruz","url":"https:\/\/lospoliticosveracruz.com\/","logo":{"@type":"ImageObject","inLanguage":"es","@id":"https:\/\/lospoliticosveracruz.com\/#\/schema\/logo\/image\/","url":"https:\/\/lospoliticosveracruz.com\/wp-content\/uploads\/2025\/12\/Logo-Nuevo-LOS-POLITICOS-1.jpg","contentUrl":"https:\/\/lospoliticosveracruz.com\/wp-content\/uploads\/2025\/12\/Logo-Nuevo-LOS-POLITICOS-1.jpg","width":260,"height":70,"caption":"Los pol\u00edticos Veracruz"},"image":{"@id":"https:\/\/lospoliticosveracruz.com\/#\/schema\/logo\/image\/"},"sameAs":["https:\/\/www.facebook.com\/people\/Notimemes-de-los-Polticos\/61565672886568\/","https:\/\/x.com\/LosPoliticosVer"]},{"@type":"Person","@id":"https:\/\/lospoliticosveracruz.com\/#\/schema\/person\/b8702bb0e538456e6efd07080bf2a4a2","name":"Lo viste en Los Pol\u00edticos","image":{"@type":"ImageObject","inLanguage":"es","@id":"https:\/\/secure.gravatar.com\/avatar\/3a8de04a2656d44082be478bd6c086daa447c4651605818287b9532d3d0bd435?s=96&d=mm&r=g","url":"https:\/\/secure.gravatar.com\/avatar\/3a8de04a2656d44082be478bd6c086daa447c4651605818287b9532d3d0bd435?s=96&d=mm&r=g","contentUrl":"https:\/\/secure.gravatar.com\/avatar\/3a8de04a2656d44082be478bd6c086daa447c4651605818287b9532d3d0bd435?s=96&d=mm&r=g","caption":"Lo viste en Los Pol\u00edticos"},"url":"https:\/\/lospoliticosveracruz.com\/?author=2"}]}},"_links":{"self":[{"href":"https:\/\/lospoliticosveracruz.com\/index.php?rest_route=\/wp\/v2\/posts\/129064","targetHints":{"allow":["GET"]}}],"collection":[{"href":"https:\/\/lospoliticosveracruz.com\/index.php?rest_route=\/wp\/v2\/posts"}],"about":[{"href":"https:\/\/lospoliticosveracruz.com\/index.php?rest_route=\/wp\/v2\/types\/post"}],"author":[{"embeddable":true,"href":"https:\/\/lospoliticosveracruz.com\/index.php?rest_route=\/wp\/v2\/users\/2"}],"replies":[{"embeddable":true,"href":"https:\/\/lospoliticosveracruz.com\/index.php?rest_route=%2Fwp%2Fv2%2Fcomments&post=129064"}],"version-history":[{"count":1,"href":"https:\/\/lospoliticosveracruz.com\/index.php?rest_route=\/wp\/v2\/posts\/129064\/revisions"}],"predecessor-version":[{"id":129065,"href":"https:\/\/lospoliticosveracruz.com\/index.php?rest_route=\/wp\/v2\/posts\/129064\/revisions\/129065"}],"wp:featuredmedia":[{"embeddable":true,"href":"https:\/\/lospoliticosveracruz.com\/index.php?rest_route=\/wp\/v2\/media\/119809"}],"wp:attachment":[{"href":"https:\/\/lospoliticosveracruz.com\/index.php?rest_route=%2Fwp%2Fv2%2Fmedia&parent=129064"}],"wp:term":[{"taxonomy":"category","embeddable":true,"href":"https:\/\/lospoliticosveracruz.com\/index.php?rest_route=%2Fwp%2Fv2%2Fcategories&post=129064"},{"taxonomy":"post_tag","embeddable":true,"href":"https:\/\/lospoliticosveracruz.com\/index.php?rest_route=%2Fwp%2Fv2%2Ftags&post=129064"}],"curies":[{"name":"wp","href":"https:\/\/api.w.org\/{rel}","templated":true}]}}