{"id":129066,"date":"2024-08-24T07:29:47","date_gmt":"2024-08-24T12:29:47","guid":{"rendered":"https:\/\/lospoliticosveracruz.com.mx\/?p=129066"},"modified":"2024-08-24T07:30:02","modified_gmt":"2024-08-24T12:30:02","slug":"nahle-rebelion-en-la-granja","status":"publish","type":"post","link":"https:\/\/lospoliticosveracruz.com\/?p=129066","title":{"rendered":"NAHLE: REBELI\u00d3N EN LA GRANJA"},"content":{"rendered":"\n<p><strong>Ricardo Chua<\/strong><\/p>\n\n\n\n<p><em>Sale y Vale<\/em><\/p>\n\n\n\n<p>Desde ayer se han inundado en las redes sociales y grupos de whatsapps.. Mensajes que se\u00f1alan que la candidatura a la alcald\u00eda por el partido MORENA al puerto de Veracruz est\u00e1 decidida para la diputada local electa, Bertha Ahued Malpica.. Por el simple hecho que es la aspirante que desea impulsar la gobernadora electa, Roc\u00edo Nahle.. Dando entender que la \u00abencuesta\u00bb de MORENA sirve para una \u00abpura y dos con sal\u00bb.. Y hasta resaltan \u00abNO SE HAGAN BOLAS\u00bb.. \u00bfEs neta?..<\/p>\n\n\n\n<p>El tema para el asunto de la candidatura a la alcald\u00eda porte\u00f1a, que en MORENA consideran la \u00abJoya de la Corona\u00bb para el partido.. Tiene muchas aristas.. Ya que quienes conocen a este organismo pol\u00edtico y su militancia.. Tienen muy claro, que el referente en esta ciudad por este partido, Ricardo Exsome Zapata.. NO LE VA A LEVANTAR la mano a Bertha Ahued.. Tampoco lo har\u00eda con el diputado local electo, Jos\u00e9 Ricardo Ruiz Carmona y eso genera ya divisi\u00f3n y la propia Roc\u00edo Nahle lo sabe..<\/p>\n\n\n\n<p>Exsome es un pol\u00edtico serio y que adem\u00e1s ha trabajado con la misma Roc\u00edo Nahle en \u00abDos Bocas\u00bb y lo conoce y sabe sus alcances pol\u00edticos y empresariales en el puerto de Veracruz.. Adem\u00e1s de que Ricardo Exsome es el senador suplente de Manuel Huerta.. Qui\u00e9n es el principal activo pol\u00edtico dentro de MORENA en Veracruz.. Nadie como Huerta conoce las \u00abentra\u00f1as\u00bb de MORENA en todo el Estado.. Manuel Huerta sabe m\u00e1s de este partido en toda la entidad que el propio Esteban Ramirez Zepeta, actual dirigente estatal de MORENA..<\/p>\n\n\n\n<p>El asunto es que los simpatizantes de Bertha Ahued est\u00e1n presentando ya un enfrentamiento con los otros aspirantes pol\u00edticos a las alcald\u00edas (Que tambi\u00e9n son legisladores electos y que aun no toman protesta a su cargo por lo cual fueron elegidos) y est\u00e1n \u00abembarrando\u00bb con o sin alevosia y ventaja a la propia gobernadora electa.. Se\u00f1alando que Ahued Malpica es la \u00abfavorita\u00bb de Nahle cuando ella no ha dicho \u00abni pio\u00bb en este tema.. Y sobre todo cuando Ahued es la m\u00e1s inexperta en materia pol\u00edtica de los otros 3 \u00absuspirantes\u00bb..<\/p>\n\n\n\n<p>Los que conocen al interior de MORENA en Veracruz tampoco ven a la diputada federal electa, Rosa Mar\u00eda Hern\u00e1ndez Espejo, \u00ablevantando la mano\u00bb de la propia Bertha Ahued.. Cuando es la persona que m\u00e1s ha caminado el distrito y municipio de la mano de Manuel Huerta y Ricardo Exsome.. A pesar de que eso le puede \u00abquitar\u00bb puntos con la propia Roc\u00edo Nahle.. Y que decir de Jos\u00e9 Ruiz Carmona.. El famoso \u00abpep\u00edn\u00bb ya arm\u00f3 cuadros ex priistas que ahora est\u00e1n trabajando para MORENA para que ahora trabajen para \u00e9l.. Tampoco se le ve alzando la mano a Bertha..<\/p>\n\n\n\n<p>El caso es que en el puerto de Veracruz.. Al interior de MORENA, se est\u00e1 generando una \u00abtormenta perfecta\u00bb para que la elecci\u00f3n municipal sea el primer gran problema que enfrente la l\u00edder moral de este partido que es la gobernadora electa, Roc\u00edo Nahle.. As\u00ed que ella ahora que llegue de su periodo de descanso y tenga que ver el tema Veracruz puerto, tendr\u00e1 que dar un \u00abmanotazo en la mesa\u00bb porque las cosas se pueden salir de control y tener una \u00abREBELI\u00d3N EN LA GRANJA\u00bb.. Algo que Zepeta no puede controlar, s\u00f3lo Nahle..<\/p>\n\n\n\n<p>Adem\u00e1s que hay otras \u00abmanos\u00bb metidas en el tema de Veracruz puerto.. Como es el caso de la futura secretar\u00eda de Educaci\u00f3n del gobierno estatal y actual senadora electa, Claudia Tello, qui\u00e9n est\u00e1 \u00abapadrinando\u00bb a \u00abPep\u00edn\u00bb Ruiz.. El senador electo y el ganador de la encuesta interna de MORENA a gobernador, Manuel Huerta Ladr\u00f3n de Guevara, que \u00abapadrina\u00bb a Rosa Mar\u00eda Hern\u00e1ndez Espejo y Ricardo Exsome.. Y el caso de Bertha Ahued que viene siendo \u00abapadrinada\u00bb por la propia Nahle.. ESTO SE VOLVER\u00c1 UN CAOS.. AL ESTILO PRI..<\/p>\n\n\n\n<p>REFLEXI\u00d3N.. En MORENA ya empiezan a vivir lo mismo que pas\u00f3 al PRI y PAN y los llev\u00f3 a perder poder.. Pero aqu\u00ed el tema.. Es que Roc\u00edo Nahle en sus discursos dijo muy claro que todos aquellos personajes que fueron electos a un cargo de elecci\u00f3n popular.. Tendr\u00edan que cumplir con su encargo p\u00fablico.. No tendr\u00edan porque aspirar a ir otro cargo.. Lo cual, entonces, deja fuera de la \u00abjugada\u00bb a Bertha Ahued, Rosa Mar\u00eda Hern\u00e1ndez y Jos\u00e9 Ruiz Carmona.. NO AS\u00cd a Ricardo Exsome.. Qui\u00e9n es suplente a Senador.. OJO..<\/p>\n\n\n\n<p>Pero si el tema no es con Exsome Zapata para la alcald\u00eda porte\u00f1a en 2025, ser\u00e1, entonces, que Roc\u00edo Nahle junto con MORENA en Veracruz.. Tengan un \u00abTAPADO\u00bb para est\u00e1 candidatura y que ella desde hace tiempo.. Ya tenga a alg\u00fan personaje alistandose para que \u00e9l sea el \u00abbueno\u00bb para este futuro proceso electoral local.. Y que todo lo que se dice de los diputados y senadores electos sea s\u00f3lo una \u00abcortina de humo\u00bb para no \u00abquemar\u00bb al bueno.. En pol\u00edtica, los amigos no existen, los intereses s\u00ed\u2026 AMEN Y EL QUE ENTENDI\u00d3, ENTENDI\u00d3..<\/p>\n","protected":false},"excerpt":{"rendered":"<p>Ricardo Chua Sale y Vale Desde ayer se han inundado en las redes sociales y grupos de whatsapps.. Mensajes que se\u00f1alan que la candidatura a la alcald\u00eda por el partido MORENA al puerto de Veracruz est\u00e1 decidida para la diputada local electa, Bertha Ahued Malpica.. Por el simple hecho que es la aspirante que desea [&hellip;]<\/p>\n","protected":false},"author":2,"featured_media":119817,"comment_status":"closed","ping_status":"closed","sticky":false,"template":"","format":"standard","meta":{"tdm_status":"","tdm_grid_status":"","footnotes":""},"categories":[70],"tags":[40563,1850,1026,152,14721,3578,11900,195],"class_list":{"0":"post-129066","1":"post","2":"type-post","3":"status-publish","4":"format-standard","5":"has-post-thumbnail","7":"category-de-opinion","8":"tag-bertha-ahued","9":"tag-manuel-huerta-ladron-de-guevara","10":"tag-morena","11":"tag-pepin-ruiz","12":"tag-ricardo-exsome","13":"tag-rocio-nahle","14":"tag-rosa-maria-hernandez-espejo","15":"tag-veracruz"},"yoast_head":"<!-- This site is optimized with the Yoast SEO plugin v27.4 - https:\/\/yoast.com\/product\/yoast-seo-wordpress\/ -->\n<title>NAHLE: REBELI\u00d3N EN LA GRANJA - Los pol\u00edticos Veracruz<\/title>\n<meta name=\"robots\" content=\"index, follow, max-snippet:-1, max-image-preview:large, max-video-preview:-1\" \/>\n<link rel=\"canonical\" href=\"https:\/\/lospoliticosveracruz.com\/?p=129066\" \/>\n<meta property=\"og:locale\" content=\"es_ES\" \/>\n<meta property=\"og:type\" content=\"article\" \/>\n<meta property=\"og:title\" content=\"NAHLE: REBELI\u00d3N EN LA GRANJA - Los pol\u00edticos Veracruz\" \/>\n<meta property=\"og:description\" content=\"Ricardo Chua Sale y Vale Desde ayer se han inundado en las redes sociales y grupos de whatsapps.. Mensajes que se\u00f1alan que la candidatura a la alcald\u00eda por el partido MORENA al puerto de Veracruz est\u00e1 decidida para la diputada local electa, Bertha Ahued Malpica.. Por el simple hecho que es la aspirante que desea [&hellip;]\" \/>\n<meta property=\"og:url\" content=\"https:\/\/lospoliticosveracruz.com\/?p=129066\" \/>\n<meta property=\"og:site_name\" content=\"Los pol\u00edticos Veracruz\" \/>\n<meta property=\"article:publisher\" content=\"https:\/\/www.facebook.com\/people\/Notimemes-de-los-Polticos\/61565672886568\/\" \/>\n<meta property=\"article:published_time\" content=\"2024-08-24T12:29:47+00:00\" \/>\n<meta property=\"article:modified_time\" content=\"2024-08-24T12:30:02+00:00\" \/>\n<meta property=\"og:image\" content=\"https:\/\/lospoliticosveracruz.com\/wp-content\/uploads\/2024\/03\/Ricardo-Chua.jpg\" \/>\n\t<meta property=\"og:image:width\" content=\"1250\" \/>\n\t<meta property=\"og:image:height\" content=\"667\" \/>\n\t<meta property=\"og:image:type\" content=\"image\/jpeg\" \/>\n<meta name=\"author\" content=\"Lo viste en Los Pol\u00edticos\" \/>\n<meta name=\"twitter:card\" content=\"summary_large_image\" \/>\n<meta name=\"twitter:creator\" content=\"@LosPoliticosVer\" \/>\n<meta name=\"twitter:site\" content=\"@LosPoliticosVer\" \/>\n<meta name=\"twitter:label1\" content=\"Escrito por\" \/>\n\t<meta name=\"twitter:data1\" content=\"Lo viste en Los Pol\u00edticos\" \/>\n\t<meta name=\"twitter:label2\" content=\"Tiempo de lectura\" \/>\n\t<meta name=\"twitter:data2\" content=\"4 minutos\" \/>\n<script type=\"application\/ld+json\" class=\"yoast-schema-graph\">{\"@context\":\"https:\\\/\\\/schema.org\",\"@graph\":[{\"@type\":\"Article\",\"@id\":\"https:\\\/\\\/lospoliticosveracruz.com\\\/?p=129066#article\",\"isPartOf\":{\"@id\":\"https:\\\/\\\/lospoliticosveracruz.com\\\/?p=129066\"},\"author\":{\"name\":\"Lo viste en Los Pol\u00edticos\",\"@id\":\"https:\\\/\\\/lospoliticosveracruz.com\\\/#\\\/schema\\\/person\\\/b8702bb0e538456e6efd07080bf2a4a2\"},\"headline\":\"NAHLE: REBELI\u00d3N EN LA GRANJA\",\"datePublished\":\"2024-08-24T12:29:47+00:00\",\"dateModified\":\"2024-08-24T12:30:02+00:00\",\"mainEntityOfPage\":{\"@id\":\"https:\\\/\\\/lospoliticosveracruz.com\\\/?p=129066\"},\"wordCount\":884,\"publisher\":{\"@id\":\"https:\\\/\\\/lospoliticosveracruz.com\\\/#organization\"},\"image\":{\"@id\":\"https:\\\/\\\/lospoliticosveracruz.com\\\/?p=129066#primaryimage\"},\"thumbnailUrl\":\"https:\\\/\\\/lospoliticosveracruz.com\\\/wp-content\\\/uploads\\\/2024\\\/03\\\/Ricardo-Chua.jpg\",\"keywords\":[\"Bertha Ahued\",\"Manuel Huerta Ladr\u00f3n de Guevara\",\"Morena\",\"Pep\u00edn Ruiz\",\"Ricardo Exsome\",\"Roc\u00edo Nahle\",\"Rosa Mar\u00eda Hern\u00e1ndez Espejo\",\"Veracruz\"],\"articleSection\":[\"De Opini\u00f3n\"],\"inLanguage\":\"es\"},{\"@type\":\"WebPage\",\"@id\":\"https:\\\/\\\/lospoliticosveracruz.com\\\/?p=129066\",\"url\":\"https:\\\/\\\/lospoliticosveracruz.com\\\/?p=129066\",\"name\":\"NAHLE: REBELI\u00d3N EN LA GRANJA - Los pol\u00edticos Veracruz\",\"isPartOf\":{\"@id\":\"https:\\\/\\\/lospoliticosveracruz.com\\\/#website\"},\"primaryImageOfPage\":{\"@id\":\"https:\\\/\\\/lospoliticosveracruz.com\\\/?p=129066#primaryimage\"},\"image\":{\"@id\":\"https:\\\/\\\/lospoliticosveracruz.com\\\/?p=129066#primaryimage\"},\"thumbnailUrl\":\"https:\\\/\\\/lospoliticosveracruz.com\\\/wp-content\\\/uploads\\\/2024\\\/03\\\/Ricardo-Chua.jpg\",\"datePublished\":\"2024-08-24T12:29:47+00:00\",\"dateModified\":\"2024-08-24T12:30:02+00:00\",\"breadcrumb\":{\"@id\":\"https:\\\/\\\/lospoliticosveracruz.com\\\/?p=129066#breadcrumb\"},\"inLanguage\":\"es\",\"potentialAction\":[{\"@type\":\"ReadAction\",\"target\":[\"https:\\\/\\\/lospoliticosveracruz.com\\\/?p=129066\"]}]},{\"@type\":\"ImageObject\",\"inLanguage\":\"es\",\"@id\":\"https:\\\/\\\/lospoliticosveracruz.com\\\/?p=129066#primaryimage\",\"url\":\"https:\\\/\\\/lospoliticosveracruz.com\\\/wp-content\\\/uploads\\\/2024\\\/03\\\/Ricardo-Chua.jpg\",\"contentUrl\":\"https:\\\/\\\/lospoliticosveracruz.com\\\/wp-content\\\/uploads\\\/2024\\\/03\\\/Ricardo-Chua.jpg\",\"width\":1250,\"height\":667},{\"@type\":\"BreadcrumbList\",\"@id\":\"https:\\\/\\\/lospoliticosveracruz.com\\\/?p=129066#breadcrumb\",\"itemListElement\":[{\"@type\":\"ListItem\",\"position\":1,\"name\":\"Portada\",\"item\":\"https:\\\/\\\/lospoliticosveracruz.com\\\/\"},{\"@type\":\"ListItem\",\"position\":2,\"name\":\"NAHLE: REBELI\u00d3N EN LA GRANJA\"}]},{\"@type\":\"WebSite\",\"@id\":\"https:\\\/\\\/lospoliticosveracruz.com\\\/#website\",\"url\":\"https:\\\/\\\/lospoliticosveracruz.com\\\/\",\"name\":\"Los pol\u00edticos Veracruz\",\"description\":\"\",\"publisher\":{\"@id\":\"https:\\\/\\\/lospoliticosveracruz.com\\\/#organization\"},\"potentialAction\":[{\"@type\":\"SearchAction\",\"target\":{\"@type\":\"EntryPoint\",\"urlTemplate\":\"https:\\\/\\\/lospoliticosveracruz.com\\\/?s={search_term_string}\"},\"query-input\":{\"@type\":\"PropertyValueSpecification\",\"valueRequired\":true,\"valueName\":\"search_term_string\"}}],\"inLanguage\":\"es\"},{\"@type\":\"Organization\",\"@id\":\"https:\\\/\\\/lospoliticosveracruz.com\\\/#organization\",\"name\":\"Los pol\u00edticos Veracruz\",\"url\":\"https:\\\/\\\/lospoliticosveracruz.com\\\/\",\"logo\":{\"@type\":\"ImageObject\",\"inLanguage\":\"es\",\"@id\":\"https:\\\/\\\/lospoliticosveracruz.com\\\/#\\\/schema\\\/logo\\\/image\\\/\",\"url\":\"https:\\\/\\\/lospoliticosveracruz.com\\\/wp-content\\\/uploads\\\/2025\\\/12\\\/Logo-Nuevo-LOS-POLITICOS-1.jpg\",\"contentUrl\":\"https:\\\/\\\/lospoliticosveracruz.com\\\/wp-content\\\/uploads\\\/2025\\\/12\\\/Logo-Nuevo-LOS-POLITICOS-1.jpg\",\"width\":260,\"height\":70,\"caption\":\"Los pol\u00edticos Veracruz\"},\"image\":{\"@id\":\"https:\\\/\\\/lospoliticosveracruz.com\\\/#\\\/schema\\\/logo\\\/image\\\/\"},\"sameAs\":[\"https:\\\/\\\/www.facebook.com\\\/people\\\/Notimemes-de-los-Polticos\\\/61565672886568\\\/\",\"https:\\\/\\\/x.com\\\/LosPoliticosVer\"]},{\"@type\":\"Person\",\"@id\":\"https:\\\/\\\/lospoliticosveracruz.com\\\/#\\\/schema\\\/person\\\/b8702bb0e538456e6efd07080bf2a4a2\",\"name\":\"Lo viste en Los Pol\u00edticos\",\"image\":{\"@type\":\"ImageObject\",\"inLanguage\":\"es\",\"@id\":\"https:\\\/\\\/secure.gravatar.com\\\/avatar\\\/3a8de04a2656d44082be478bd6c086daa447c4651605818287b9532d3d0bd435?s=96&d=mm&r=g\",\"url\":\"https:\\\/\\\/secure.gravatar.com\\\/avatar\\\/3a8de04a2656d44082be478bd6c086daa447c4651605818287b9532d3d0bd435?s=96&d=mm&r=g\",\"contentUrl\":\"https:\\\/\\\/secure.gravatar.com\\\/avatar\\\/3a8de04a2656d44082be478bd6c086daa447c4651605818287b9532d3d0bd435?s=96&d=mm&r=g\",\"caption\":\"Lo viste en Los Pol\u00edticos\"},\"url\":\"https:\\\/\\\/lospoliticosveracruz.com\\\/?author=2\"}]}<\/script>\n<!-- \/ Yoast SEO plugin. -->","yoast_head_json":{"title":"NAHLE: REBELI\u00d3N EN LA GRANJA - Los pol\u00edticos Veracruz","robots":{"index":"index","follow":"follow","max-snippet":"max-snippet:-1","max-image-preview":"max-image-preview:large","max-video-preview":"max-video-preview:-1"},"canonical":"https:\/\/lospoliticosveracruz.com\/?p=129066","og_locale":"es_ES","og_type":"article","og_title":"NAHLE: REBELI\u00d3N EN LA GRANJA - Los pol\u00edticos Veracruz","og_description":"Ricardo Chua Sale y Vale Desde ayer se han inundado en las redes sociales y grupos de whatsapps.. Mensajes que se\u00f1alan que la candidatura a la alcald\u00eda por el partido MORENA al puerto de Veracruz est\u00e1 decidida para la diputada local electa, Bertha Ahued Malpica.. Por el simple hecho que es la aspirante que desea [&hellip;]","og_url":"https:\/\/lospoliticosveracruz.com\/?p=129066","og_site_name":"Los pol\u00edticos Veracruz","article_publisher":"https:\/\/www.facebook.com\/people\/Notimemes-de-los-Polticos\/61565672886568\/","article_published_time":"2024-08-24T12:29:47+00:00","article_modified_time":"2024-08-24T12:30:02+00:00","og_image":[{"width":1250,"height":667,"url":"https:\/\/lospoliticosveracruz.com\/wp-content\/uploads\/2024\/03\/Ricardo-Chua.jpg","type":"image\/jpeg"}],"author":"Lo viste en Los Pol\u00edticos","twitter_card":"summary_large_image","twitter_creator":"@LosPoliticosVer","twitter_site":"@LosPoliticosVer","twitter_misc":{"Escrito por":"Lo viste en Los Pol\u00edticos","Tiempo de lectura":"4 minutos"},"schema":{"@context":"https:\/\/schema.org","@graph":[{"@type":"Article","@id":"https:\/\/lospoliticosveracruz.com\/?p=129066#article","isPartOf":{"@id":"https:\/\/lospoliticosveracruz.com\/?p=129066"},"author":{"name":"Lo viste en Los Pol\u00edticos","@id":"https:\/\/lospoliticosveracruz.com\/#\/schema\/person\/b8702bb0e538456e6efd07080bf2a4a2"},"headline":"NAHLE: REBELI\u00d3N EN LA GRANJA","datePublished":"2024-08-24T12:29:47+00:00","dateModified":"2024-08-24T12:30:02+00:00","mainEntityOfPage":{"@id":"https:\/\/lospoliticosveracruz.com\/?p=129066"},"wordCount":884,"publisher":{"@id":"https:\/\/lospoliticosveracruz.com\/#organization"},"image":{"@id":"https:\/\/lospoliticosveracruz.com\/?p=129066#primaryimage"},"thumbnailUrl":"https:\/\/lospoliticosveracruz.com\/wp-content\/uploads\/2024\/03\/Ricardo-Chua.jpg","keywords":["Bertha Ahued","Manuel Huerta Ladr\u00f3n de Guevara","Morena","Pep\u00edn Ruiz","Ricardo Exsome","Roc\u00edo Nahle","Rosa Mar\u00eda Hern\u00e1ndez Espejo","Veracruz"],"articleSection":["De Opini\u00f3n"],"inLanguage":"es"},{"@type":"WebPage","@id":"https:\/\/lospoliticosveracruz.com\/?p=129066","url":"https:\/\/lospoliticosveracruz.com\/?p=129066","name":"NAHLE: REBELI\u00d3N EN LA GRANJA - Los pol\u00edticos Veracruz","isPartOf":{"@id":"https:\/\/lospoliticosveracruz.com\/#website"},"primaryImageOfPage":{"@id":"https:\/\/lospoliticosveracruz.com\/?p=129066#primaryimage"},"image":{"@id":"https:\/\/lospoliticosveracruz.com\/?p=129066#primaryimage"},"thumbnailUrl":"https:\/\/lospoliticosveracruz.com\/wp-content\/uploads\/2024\/03\/Ricardo-Chua.jpg","datePublished":"2024-08-24T12:29:47+00:00","dateModified":"2024-08-24T12:30:02+00:00","breadcrumb":{"@id":"https:\/\/lospoliticosveracruz.com\/?p=129066#breadcrumb"},"inLanguage":"es","potentialAction":[{"@type":"ReadAction","target":["https:\/\/lospoliticosveracruz.com\/?p=129066"]}]},{"@type":"ImageObject","inLanguage":"es","@id":"https:\/\/lospoliticosveracruz.com\/?p=129066#primaryimage","url":"https:\/\/lospoliticosveracruz.com\/wp-content\/uploads\/2024\/03\/Ricardo-Chua.jpg","contentUrl":"https:\/\/lospoliticosveracruz.com\/wp-content\/uploads\/2024\/03\/Ricardo-Chua.jpg","width":1250,"height":667},{"@type":"BreadcrumbList","@id":"https:\/\/lospoliticosveracruz.com\/?p=129066#breadcrumb","itemListElement":[{"@type":"ListItem","position":1,"name":"Portada","item":"https:\/\/lospoliticosveracruz.com\/"},{"@type":"ListItem","position":2,"name":"NAHLE: REBELI\u00d3N EN LA GRANJA"}]},{"@type":"WebSite","@id":"https:\/\/lospoliticosveracruz.com\/#website","url":"https:\/\/lospoliticosveracruz.com\/","name":"Los pol\u00edticos Veracruz","description":"","publisher":{"@id":"https:\/\/lospoliticosveracruz.com\/#organization"},"potentialAction":[{"@type":"SearchAction","target":{"@type":"EntryPoint","urlTemplate":"https:\/\/lospoliticosveracruz.com\/?s={search_term_string}"},"query-input":{"@type":"PropertyValueSpecification","valueRequired":true,"valueName":"search_term_string"}}],"inLanguage":"es"},{"@type":"Organization","@id":"https:\/\/lospoliticosveracruz.com\/#organization","name":"Los pol\u00edticos Veracruz","url":"https:\/\/lospoliticosveracruz.com\/","logo":{"@type":"ImageObject","inLanguage":"es","@id":"https:\/\/lospoliticosveracruz.com\/#\/schema\/logo\/image\/","url":"https:\/\/lospoliticosveracruz.com\/wp-content\/uploads\/2025\/12\/Logo-Nuevo-LOS-POLITICOS-1.jpg","contentUrl":"https:\/\/lospoliticosveracruz.com\/wp-content\/uploads\/2025\/12\/Logo-Nuevo-LOS-POLITICOS-1.jpg","width":260,"height":70,"caption":"Los pol\u00edticos Veracruz"},"image":{"@id":"https:\/\/lospoliticosveracruz.com\/#\/schema\/logo\/image\/"},"sameAs":["https:\/\/www.facebook.com\/people\/Notimemes-de-los-Polticos\/61565672886568\/","https:\/\/x.com\/LosPoliticosVer"]},{"@type":"Person","@id":"https:\/\/lospoliticosveracruz.com\/#\/schema\/person\/b8702bb0e538456e6efd07080bf2a4a2","name":"Lo viste en Los Pol\u00edticos","image":{"@type":"ImageObject","inLanguage":"es","@id":"https:\/\/secure.gravatar.com\/avatar\/3a8de04a2656d44082be478bd6c086daa447c4651605818287b9532d3d0bd435?s=96&d=mm&r=g","url":"https:\/\/secure.gravatar.com\/avatar\/3a8de04a2656d44082be478bd6c086daa447c4651605818287b9532d3d0bd435?s=96&d=mm&r=g","contentUrl":"https:\/\/secure.gravatar.com\/avatar\/3a8de04a2656d44082be478bd6c086daa447c4651605818287b9532d3d0bd435?s=96&d=mm&r=g","caption":"Lo viste en Los Pol\u00edticos"},"url":"https:\/\/lospoliticosveracruz.com\/?author=2"}]}},"_links":{"self":[{"href":"https:\/\/lospoliticosveracruz.com\/index.php?rest_route=\/wp\/v2\/posts\/129066","targetHints":{"allow":["GET"]}}],"collection":[{"href":"https:\/\/lospoliticosveracruz.com\/index.php?rest_route=\/wp\/v2\/posts"}],"about":[{"href":"https:\/\/lospoliticosveracruz.com\/index.php?rest_route=\/wp\/v2\/types\/post"}],"author":[{"embeddable":true,"href":"https:\/\/lospoliticosveracruz.com\/index.php?rest_route=\/wp\/v2\/users\/2"}],"replies":[{"embeddable":true,"href":"https:\/\/lospoliticosveracruz.com\/index.php?rest_route=%2Fwp%2Fv2%2Fcomments&post=129066"}],"version-history":[{"count":1,"href":"https:\/\/lospoliticosveracruz.com\/index.php?rest_route=\/wp\/v2\/posts\/129066\/revisions"}],"predecessor-version":[{"id":129067,"href":"https:\/\/lospoliticosveracruz.com\/index.php?rest_route=\/wp\/v2\/posts\/129066\/revisions\/129067"}],"wp:featuredmedia":[{"embeddable":true,"href":"https:\/\/lospoliticosveracruz.com\/index.php?rest_route=\/wp\/v2\/media\/119817"}],"wp:attachment":[{"href":"https:\/\/lospoliticosveracruz.com\/index.php?rest_route=%2Fwp%2Fv2%2Fmedia&parent=129066"}],"wp:term":[{"taxonomy":"category","embeddable":true,"href":"https:\/\/lospoliticosveracruz.com\/index.php?rest_route=%2Fwp%2Fv2%2Fcategories&post=129066"},{"taxonomy":"post_tag","embeddable":true,"href":"https:\/\/lospoliticosveracruz.com\/index.php?rest_route=%2Fwp%2Fv2%2Ftags&post=129066"}],"curies":[{"name":"wp","href":"https:\/\/api.w.org\/{rel}","templated":true}]}}