{"id":129068,"date":"2024-08-24T09:00:14","date_gmt":"2024-08-24T14:00:14","guid":{"rendered":"https:\/\/lospoliticosveracruz.com.mx\/?p=129068"},"modified":"2024-08-24T09:00:44","modified_gmt":"2024-08-24T14:00:44","slug":"viernes-negro-2","status":"publish","type":"post","link":"https:\/\/lospoliticosveracruz.com\/?p=129068","title":{"rendered":"VIERNES NEGRO"},"content":{"rendered":"\n<p><strong>Oved Contreras <\/strong><\/p>\n\n\n\n<p><em>Secas Mecas<\/em><\/p>\n\n\n\n<p>Este viernes 23 de agosto ser\u00e1 recordado como el d\u00eda del funeral de la democracia mexicana. En adelante, Morena y achichincles har\u00e1n con la Constituci\u00f3n lo que se le pegue la gana; sin pudor , verg\u00fcenza ni freno.<\/p>\n\n\n\n<p>El primer paso hacia la consumaci\u00f3n del nuevo r\u00e9gimen autoritario encabezado por Morena lo dio el INE, que determin\u00f3 ayer viernes avalar la sobrerrepresentaci\u00f3n de Morena y aliados en la C\u00e1mara de Diputados, por siete votos a favor y cuatro en contra. El proyecto que fue avalado le da el control del 73 por ciento&nbsp;de la C\u00e1mara de Diputados al bloque de la autoproclamada \u201ccuarta transformaci\u00f3n\u201d a pesar de que obtuvo el 54 por ciento de los sufragios en la pasada elecci\u00f3n, con lo que sumar\u00e1n 364 legisladores en San L\u00e1zaro y lograr\u00e1n la mayor\u00eda calificada en la C\u00e1mara de Diputados a partir del mes de septiembre.<\/p>\n\n\n\n<p>El acuerdo del INE solo le otorga 135 diputaciones federales a la oposici\u00f3n lo que deja el camino libre al partido en el gobierno y sus aliados, hacer lo que quieran con la Constituci\u00f3n Pol\u00edtica del pa\u00eds sin preguntarle a nadie, y est\u00e1 en la mira quitarle toda la autonom\u00eda al Poder Judicial y desaparecer los organismos aut\u00f3nomos que vigilan al poder, dos cambios fundamentales para concentrar todo el poder en manos de una sola persona: el Presidente de la Rep\u00fablica.<\/p>\n\n\n\n<p>Asimismo, se aprob\u00f3 por unanimidad la asignaci\u00f3n de plurinominales para el Senado, con la que MORENA y aliados se quedan a 3 esca\u00f1os de la mayor\u00eda calificada. La coalici\u00f3n oficialista obtiene 83 esca\u00f1os. De estos, MORENA tendr\u00eda 60 senadur\u00edas; el PVEM, 14 y el Partido del Trabajo, 9 esca\u00f1os. Posteriormente, se entregaron las constancias de legisladores plurinominales a los representantes de los partidos pol\u00edticos, tras la aprobaci\u00f3n de la distribuci\u00f3n de espacios.<\/p>\n\n\n\n<p>El \u201cViernes negro\u201d sigui\u00f3 en la C\u00e1mara de Diputados donde la Comisi\u00f3n de Puntos Constitucionales aprob\u00f3 la eliminaci\u00f3n de siete organismos aut\u00f3nomos, entre los que se incluye el Instituto Nacional de Transparencia, Acceso a la Informaci\u00f3n y Protecci\u00f3n de Datos Personales (INAI). Con 22 votos a favor y siete en contra, legisladores de Morena y sus aliados avanzaron con el dictamen en materia de simplificaci\u00f3n org\u00e1nica para desaparecer \u00f3rganos aut\u00f3nomos en lo general.<\/p>\n\n\n\n<p>Adem\u00e1s del INAI, esta iniciativa contempla la desaparici\u00f3n de la Comisi\u00f3n Federal de Competencia Econ\u00f3mica (COFECE), Instituto Federal de Telecomunicaciones (IFT), Consejo Nacional de Evaluaci\u00f3n de Pol\u00edtica de Desarrollo Social (CONEVAL), Comisi\u00f3n Reguladora de Energ\u00eda (CRE), Comisi\u00f3n Nacional para la Mejora Continua de la Educaci\u00f3n (Mejoredu), as\u00ed como la Comisi\u00f3n Nacional de Hidrocarburos (CNH).<\/p>\n\n\n\n<p>La desaparici\u00f3n del INAI representa un duro golpe para la transparencia pues \u201cdejar\u00eda sin herramientas a los ciudadanos para exigir cuentas y transparencias a sus gobiernos\u201d, y ser\u00e1n las propias autoridades quienes determinan qu\u00e9 informaci\u00f3n dar al solicitante\u2026es uno de los puntos que m\u00e1s preocupaba al r\u00e9gimen morenista y ayer lo consumaron con su mayor\u00eda.<\/p>\n\n\n\n<p>SON ONCE PLURIS DE VERACRUZ\u2026el acuerdo del INE sobre los pluri nominales permite que 11 veracruzanos ocupar\u00e1n curules en la C\u00e1mara de Diputados por la v\u00eda de representaci\u00f3n proporcional\u2026MORENA obtuvo cuatro curules, el Partido Acci\u00f3n Nacional (PAN) tres, el Partido Verde Ecologista de M\u00e9xico (PVEM) dos, el Partido Revolucionario Institucional (PRI) y Movimiento Ciudadano (MC) lograron uno cada uno.<\/p>\n\n\n\n<p>MORENA consigui\u00f3 17 esca\u00f1os en la tercera circunscripci\u00f3n, pero solo cuatro de ellos fueron asignados a veracruzanos. Entre estos, Kenia Gisell Mu\u00f1iz Cabrera ocupar\u00e1 una curul en representaci\u00f3n de la poblaci\u00f3n con discapacidad. Su suplente ser\u00e1 Mar\u00eda Patricia Couoh Baas. Tambi\u00e9n se incluye a Ivonne Cisneros Luj\u00e1n, actual diputada federal, quien figura como suplente de Carmen Patricia Armend\u00e1riz Guerra. Otro veracruzano en la lista es Eleazar Guerrero P\u00e9rez, primo del gobernador del Estado Cuitl\u00e1huac Garc\u00eda Jim\u00e9nez y ex subsecretario de Finanzas y Planeaci\u00f3n, quien aparece como diputado plurinominal con Ulises Rodr\u00edguez Landa como suplente, ademas Sergio Guti\u00e9rrez Luna.<\/p>\n\n\n\n<p>Del PAN entran el actual senador Julen Rementer\u00eda del Puerto, cuyo suplente ser\u00e1 Omar Guillermo Miranda Romero, exdiputado local. Tambi\u00e9n figura Claudia Qui\u00f1ones Garrido, excandidata a la diputaci\u00f3n por Cosamaloapan en 2021, quien aparecer\u00e1 con representaci\u00f3n ind\u00edgena; su suplente es Leyla Carmen Rodr\u00edguez Cuevas. Otra diputada veracruzana del PAN ser\u00e1 Mar\u00eda del Rosario Guzm\u00e1n Avil\u00e9s, excandidata a la diputaci\u00f3n federal por P\u00e1nuco. Lourdes Santiago Mart\u00ednez fungir\u00e1 como su suplente.<\/p>\n\n\n\n<p>Por parte del PRI, la veracruzana Lorena Pi\u00f1\u00f3n Rivera logr\u00f3 asegurar un esca\u00f1o. Jacqueline Hinojosa Madrigal ser\u00e1 su suplente. Pi\u00f1\u00f3n Rivera es en la actualidad diputada federal y anteriormente particip\u00f3 en la contienda interna para la renovaci\u00f3n de la dirigencia nacional del PRI, aunque perdi\u00f3 frente a Alejandro Moreno C\u00e1rdenas.<\/p>\n\n\n\n<p>El Partido Verde Ecologista de M\u00e9xico, aliado de MORENA, logr\u00f3 dos esca\u00f1os para veracruzanos. Javier Herrera Borunda, y Alejandro Avil\u00e9s \u00c1lvarez, quien tiene una trayectoria de m\u00e1s de 30 a\u00f1os en el PRI y ha sido diputado federal por Oaxaca, pero es originario de Tezonapa. Movimiento Ciudadano estar\u00e1 representado en la C\u00e1mara baja por Sergio Gil Rull\u00e1n, l\u00edder del partido en Veracruz, quien logr\u00f3 un esca\u00f1o plurinominal. Rodrigo Ferrer Galv\u00e1n Acosta ser\u00e1 su suplente.<\/p>\n","protected":false},"excerpt":{"rendered":"<p>Oved Contreras Secas Mecas Este viernes 23 de agosto ser\u00e1 recordado como el d\u00eda del funeral de la democracia mexicana. En adelante, Morena y achichincles har\u00e1n con la Constituci\u00f3n lo que se le pegue la gana; sin pudor , verg\u00fcenza ni freno. El primer paso hacia la consumaci\u00f3n del nuevo r\u00e9gimen autoritario encabezado por Morena [&hellip;]<\/p>\n","protected":false},"author":2,"featured_media":119816,"comment_status":"closed","ping_status":"closed","sticky":false,"template":"","format":"standard","meta":{"tdm_status":"","tdm_grid_status":"","footnotes":""},"categories":[70],"tags":[1026,859,28691,195],"class_list":{"0":"post-129068","1":"post","2":"type-post","3":"status-publish","4":"format-standard","5":"has-post-thumbnail","7":"category-de-opinion","8":"tag-morena","9":"tag-senadores","10":"tag-sobrerrepresentacion","11":"tag-veracruz"},"yoast_head":"<!-- This site is optimized with the Yoast SEO plugin v27.4 - https:\/\/yoast.com\/product\/yoast-seo-wordpress\/ -->\n<title>VIERNES NEGRO - Los pol\u00edticos Veracruz<\/title>\n<meta name=\"robots\" content=\"index, follow, max-snippet:-1, max-image-preview:large, max-video-preview:-1\" \/>\n<link rel=\"canonical\" href=\"https:\/\/lospoliticosveracruz.com\/?p=129068\" \/>\n<meta property=\"og:locale\" content=\"es_ES\" \/>\n<meta property=\"og:type\" content=\"article\" \/>\n<meta property=\"og:title\" content=\"VIERNES NEGRO - Los pol\u00edticos Veracruz\" \/>\n<meta property=\"og:description\" content=\"Oved Contreras Secas Mecas Este viernes 23 de agosto ser\u00e1 recordado como el d\u00eda del funeral de la democracia mexicana. En adelante, Morena y achichincles har\u00e1n con la Constituci\u00f3n lo que se le pegue la gana; sin pudor , verg\u00fcenza ni freno. El primer paso hacia la consumaci\u00f3n del nuevo r\u00e9gimen autoritario encabezado por Morena [&hellip;]\" \/>\n<meta property=\"og:url\" content=\"https:\/\/lospoliticosveracruz.com\/?p=129068\" \/>\n<meta property=\"og:site_name\" content=\"Los pol\u00edticos Veracruz\" \/>\n<meta property=\"article:publisher\" content=\"https:\/\/www.facebook.com\/people\/Notimemes-de-los-Polticos\/61565672886568\/\" \/>\n<meta property=\"article:published_time\" content=\"2024-08-24T14:00:14+00:00\" \/>\n<meta property=\"article:modified_time\" content=\"2024-08-24T14:00:44+00:00\" \/>\n<meta property=\"og:image\" content=\"https:\/\/lospoliticosveracruz.com\/wp-content\/uploads\/2024\/03\/Oved-Contreras.jpg\" \/>\n\t<meta property=\"og:image:width\" content=\"1250\" \/>\n\t<meta property=\"og:image:height\" content=\"667\" \/>\n\t<meta property=\"og:image:type\" content=\"image\/jpeg\" \/>\n<meta name=\"author\" content=\"Lo viste en Los Pol\u00edticos\" \/>\n<meta name=\"twitter:card\" content=\"summary_large_image\" \/>\n<meta name=\"twitter:creator\" content=\"@LosPoliticosVer\" \/>\n<meta name=\"twitter:site\" content=\"@LosPoliticosVer\" \/>\n<meta name=\"twitter:label1\" content=\"Escrito por\" \/>\n\t<meta name=\"twitter:data1\" content=\"Lo viste en Los Pol\u00edticos\" \/>\n\t<meta name=\"twitter:label2\" content=\"Tiempo de lectura\" \/>\n\t<meta name=\"twitter:data2\" content=\"5 minutos\" \/>\n<script type=\"application\/ld+json\" class=\"yoast-schema-graph\">{\"@context\":\"https:\\\/\\\/schema.org\",\"@graph\":[{\"@type\":\"Article\",\"@id\":\"https:\\\/\\\/lospoliticosveracruz.com\\\/?p=129068#article\",\"isPartOf\":{\"@id\":\"https:\\\/\\\/lospoliticosveracruz.com\\\/?p=129068\"},\"author\":{\"name\":\"Lo viste en Los Pol\u00edticos\",\"@id\":\"https:\\\/\\\/lospoliticosveracruz.com\\\/#\\\/schema\\\/person\\\/b8702bb0e538456e6efd07080bf2a4a2\"},\"headline\":\"VIERNES NEGRO\",\"datePublished\":\"2024-08-24T14:00:14+00:00\",\"dateModified\":\"2024-08-24T14:00:44+00:00\",\"mainEntityOfPage\":{\"@id\":\"https:\\\/\\\/lospoliticosveracruz.com\\\/?p=129068\"},\"wordCount\":936,\"publisher\":{\"@id\":\"https:\\\/\\\/lospoliticosveracruz.com\\\/#organization\"},\"image\":{\"@id\":\"https:\\\/\\\/lospoliticosveracruz.com\\\/?p=129068#primaryimage\"},\"thumbnailUrl\":\"https:\\\/\\\/lospoliticosveracruz.com\\\/wp-content\\\/uploads\\\/2024\\\/03\\\/Oved-Contreras.jpg\",\"keywords\":[\"Morena\",\"Senadores\",\"sobrerrepresentaci\u00f3n\",\"Veracruz\"],\"articleSection\":[\"De Opini\u00f3n\"],\"inLanguage\":\"es\"},{\"@type\":\"WebPage\",\"@id\":\"https:\\\/\\\/lospoliticosveracruz.com\\\/?p=129068\",\"url\":\"https:\\\/\\\/lospoliticosveracruz.com\\\/?p=129068\",\"name\":\"VIERNES NEGRO - Los pol\u00edticos Veracruz\",\"isPartOf\":{\"@id\":\"https:\\\/\\\/lospoliticosveracruz.com\\\/#website\"},\"primaryImageOfPage\":{\"@id\":\"https:\\\/\\\/lospoliticosveracruz.com\\\/?p=129068#primaryimage\"},\"image\":{\"@id\":\"https:\\\/\\\/lospoliticosveracruz.com\\\/?p=129068#primaryimage\"},\"thumbnailUrl\":\"https:\\\/\\\/lospoliticosveracruz.com\\\/wp-content\\\/uploads\\\/2024\\\/03\\\/Oved-Contreras.jpg\",\"datePublished\":\"2024-08-24T14:00:14+00:00\",\"dateModified\":\"2024-08-24T14:00:44+00:00\",\"breadcrumb\":{\"@id\":\"https:\\\/\\\/lospoliticosveracruz.com\\\/?p=129068#breadcrumb\"},\"inLanguage\":\"es\",\"potentialAction\":[{\"@type\":\"ReadAction\",\"target\":[\"https:\\\/\\\/lospoliticosveracruz.com\\\/?p=129068\"]}]},{\"@type\":\"ImageObject\",\"inLanguage\":\"es\",\"@id\":\"https:\\\/\\\/lospoliticosveracruz.com\\\/?p=129068#primaryimage\",\"url\":\"https:\\\/\\\/lospoliticosveracruz.com\\\/wp-content\\\/uploads\\\/2024\\\/03\\\/Oved-Contreras.jpg\",\"contentUrl\":\"https:\\\/\\\/lospoliticosveracruz.com\\\/wp-content\\\/uploads\\\/2024\\\/03\\\/Oved-Contreras.jpg\",\"width\":1250,\"height\":667},{\"@type\":\"BreadcrumbList\",\"@id\":\"https:\\\/\\\/lospoliticosveracruz.com\\\/?p=129068#breadcrumb\",\"itemListElement\":[{\"@type\":\"ListItem\",\"position\":1,\"name\":\"Portada\",\"item\":\"https:\\\/\\\/lospoliticosveracruz.com\\\/\"},{\"@type\":\"ListItem\",\"position\":2,\"name\":\"VIERNES NEGRO\"}]},{\"@type\":\"WebSite\",\"@id\":\"https:\\\/\\\/lospoliticosveracruz.com\\\/#website\",\"url\":\"https:\\\/\\\/lospoliticosveracruz.com\\\/\",\"name\":\"Los pol\u00edticos Veracruz\",\"description\":\"\",\"publisher\":{\"@id\":\"https:\\\/\\\/lospoliticosveracruz.com\\\/#organization\"},\"potentialAction\":[{\"@type\":\"SearchAction\",\"target\":{\"@type\":\"EntryPoint\",\"urlTemplate\":\"https:\\\/\\\/lospoliticosveracruz.com\\\/?s={search_term_string}\"},\"query-input\":{\"@type\":\"PropertyValueSpecification\",\"valueRequired\":true,\"valueName\":\"search_term_string\"}}],\"inLanguage\":\"es\"},{\"@type\":\"Organization\",\"@id\":\"https:\\\/\\\/lospoliticosveracruz.com\\\/#organization\",\"name\":\"Los pol\u00edticos Veracruz\",\"url\":\"https:\\\/\\\/lospoliticosveracruz.com\\\/\",\"logo\":{\"@type\":\"ImageObject\",\"inLanguage\":\"es\",\"@id\":\"https:\\\/\\\/lospoliticosveracruz.com\\\/#\\\/schema\\\/logo\\\/image\\\/\",\"url\":\"https:\\\/\\\/lospoliticosveracruz.com\\\/wp-content\\\/uploads\\\/2025\\\/12\\\/Logo-Nuevo-LOS-POLITICOS-1.jpg\",\"contentUrl\":\"https:\\\/\\\/lospoliticosveracruz.com\\\/wp-content\\\/uploads\\\/2025\\\/12\\\/Logo-Nuevo-LOS-POLITICOS-1.jpg\",\"width\":260,\"height\":70,\"caption\":\"Los pol\u00edticos Veracruz\"},\"image\":{\"@id\":\"https:\\\/\\\/lospoliticosveracruz.com\\\/#\\\/schema\\\/logo\\\/image\\\/\"},\"sameAs\":[\"https:\\\/\\\/www.facebook.com\\\/people\\\/Notimemes-de-los-Polticos\\\/61565672886568\\\/\",\"https:\\\/\\\/x.com\\\/LosPoliticosVer\"]},{\"@type\":\"Person\",\"@id\":\"https:\\\/\\\/lospoliticosveracruz.com\\\/#\\\/schema\\\/person\\\/b8702bb0e538456e6efd07080bf2a4a2\",\"name\":\"Lo viste en Los Pol\u00edticos\",\"image\":{\"@type\":\"ImageObject\",\"inLanguage\":\"es\",\"@id\":\"https:\\\/\\\/secure.gravatar.com\\\/avatar\\\/3a8de04a2656d44082be478bd6c086daa447c4651605818287b9532d3d0bd435?s=96&d=mm&r=g\",\"url\":\"https:\\\/\\\/secure.gravatar.com\\\/avatar\\\/3a8de04a2656d44082be478bd6c086daa447c4651605818287b9532d3d0bd435?s=96&d=mm&r=g\",\"contentUrl\":\"https:\\\/\\\/secure.gravatar.com\\\/avatar\\\/3a8de04a2656d44082be478bd6c086daa447c4651605818287b9532d3d0bd435?s=96&d=mm&r=g\",\"caption\":\"Lo viste en Los Pol\u00edticos\"},\"url\":\"https:\\\/\\\/lospoliticosveracruz.com\\\/?author=2\"}]}<\/script>\n<!-- \/ Yoast SEO plugin. -->","yoast_head_json":{"title":"VIERNES NEGRO - Los pol\u00edticos Veracruz","robots":{"index":"index","follow":"follow","max-snippet":"max-snippet:-1","max-image-preview":"max-image-preview:large","max-video-preview":"max-video-preview:-1"},"canonical":"https:\/\/lospoliticosveracruz.com\/?p=129068","og_locale":"es_ES","og_type":"article","og_title":"VIERNES NEGRO - Los pol\u00edticos Veracruz","og_description":"Oved Contreras Secas Mecas Este viernes 23 de agosto ser\u00e1 recordado como el d\u00eda del funeral de la democracia mexicana. En adelante, Morena y achichincles har\u00e1n con la Constituci\u00f3n lo que se le pegue la gana; sin pudor , verg\u00fcenza ni freno. El primer paso hacia la consumaci\u00f3n del nuevo r\u00e9gimen autoritario encabezado por Morena [&hellip;]","og_url":"https:\/\/lospoliticosveracruz.com\/?p=129068","og_site_name":"Los pol\u00edticos Veracruz","article_publisher":"https:\/\/www.facebook.com\/people\/Notimemes-de-los-Polticos\/61565672886568\/","article_published_time":"2024-08-24T14:00:14+00:00","article_modified_time":"2024-08-24T14:00:44+00:00","og_image":[{"width":1250,"height":667,"url":"https:\/\/lospoliticosveracruz.com\/wp-content\/uploads\/2024\/03\/Oved-Contreras.jpg","type":"image\/jpeg"}],"author":"Lo viste en Los Pol\u00edticos","twitter_card":"summary_large_image","twitter_creator":"@LosPoliticosVer","twitter_site":"@LosPoliticosVer","twitter_misc":{"Escrito por":"Lo viste en Los Pol\u00edticos","Tiempo de lectura":"5 minutos"},"schema":{"@context":"https:\/\/schema.org","@graph":[{"@type":"Article","@id":"https:\/\/lospoliticosveracruz.com\/?p=129068#article","isPartOf":{"@id":"https:\/\/lospoliticosveracruz.com\/?p=129068"},"author":{"name":"Lo viste en Los Pol\u00edticos","@id":"https:\/\/lospoliticosveracruz.com\/#\/schema\/person\/b8702bb0e538456e6efd07080bf2a4a2"},"headline":"VIERNES NEGRO","datePublished":"2024-08-24T14:00:14+00:00","dateModified":"2024-08-24T14:00:44+00:00","mainEntityOfPage":{"@id":"https:\/\/lospoliticosveracruz.com\/?p=129068"},"wordCount":936,"publisher":{"@id":"https:\/\/lospoliticosveracruz.com\/#organization"},"image":{"@id":"https:\/\/lospoliticosveracruz.com\/?p=129068#primaryimage"},"thumbnailUrl":"https:\/\/lospoliticosveracruz.com\/wp-content\/uploads\/2024\/03\/Oved-Contreras.jpg","keywords":["Morena","Senadores","sobrerrepresentaci\u00f3n","Veracruz"],"articleSection":["De Opini\u00f3n"],"inLanguage":"es"},{"@type":"WebPage","@id":"https:\/\/lospoliticosveracruz.com\/?p=129068","url":"https:\/\/lospoliticosveracruz.com\/?p=129068","name":"VIERNES NEGRO - Los pol\u00edticos Veracruz","isPartOf":{"@id":"https:\/\/lospoliticosveracruz.com\/#website"},"primaryImageOfPage":{"@id":"https:\/\/lospoliticosveracruz.com\/?p=129068#primaryimage"},"image":{"@id":"https:\/\/lospoliticosveracruz.com\/?p=129068#primaryimage"},"thumbnailUrl":"https:\/\/lospoliticosveracruz.com\/wp-content\/uploads\/2024\/03\/Oved-Contreras.jpg","datePublished":"2024-08-24T14:00:14+00:00","dateModified":"2024-08-24T14:00:44+00:00","breadcrumb":{"@id":"https:\/\/lospoliticosveracruz.com\/?p=129068#breadcrumb"},"inLanguage":"es","potentialAction":[{"@type":"ReadAction","target":["https:\/\/lospoliticosveracruz.com\/?p=129068"]}]},{"@type":"ImageObject","inLanguage":"es","@id":"https:\/\/lospoliticosveracruz.com\/?p=129068#primaryimage","url":"https:\/\/lospoliticosveracruz.com\/wp-content\/uploads\/2024\/03\/Oved-Contreras.jpg","contentUrl":"https:\/\/lospoliticosveracruz.com\/wp-content\/uploads\/2024\/03\/Oved-Contreras.jpg","width":1250,"height":667},{"@type":"BreadcrumbList","@id":"https:\/\/lospoliticosveracruz.com\/?p=129068#breadcrumb","itemListElement":[{"@type":"ListItem","position":1,"name":"Portada","item":"https:\/\/lospoliticosveracruz.com\/"},{"@type":"ListItem","position":2,"name":"VIERNES NEGRO"}]},{"@type":"WebSite","@id":"https:\/\/lospoliticosveracruz.com\/#website","url":"https:\/\/lospoliticosveracruz.com\/","name":"Los pol\u00edticos Veracruz","description":"","publisher":{"@id":"https:\/\/lospoliticosveracruz.com\/#organization"},"potentialAction":[{"@type":"SearchAction","target":{"@type":"EntryPoint","urlTemplate":"https:\/\/lospoliticosveracruz.com\/?s={search_term_string}"},"query-input":{"@type":"PropertyValueSpecification","valueRequired":true,"valueName":"search_term_string"}}],"inLanguage":"es"},{"@type":"Organization","@id":"https:\/\/lospoliticosveracruz.com\/#organization","name":"Los pol\u00edticos Veracruz","url":"https:\/\/lospoliticosveracruz.com\/","logo":{"@type":"ImageObject","inLanguage":"es","@id":"https:\/\/lospoliticosveracruz.com\/#\/schema\/logo\/image\/","url":"https:\/\/lospoliticosveracruz.com\/wp-content\/uploads\/2025\/12\/Logo-Nuevo-LOS-POLITICOS-1.jpg","contentUrl":"https:\/\/lospoliticosveracruz.com\/wp-content\/uploads\/2025\/12\/Logo-Nuevo-LOS-POLITICOS-1.jpg","width":260,"height":70,"caption":"Los pol\u00edticos Veracruz"},"image":{"@id":"https:\/\/lospoliticosveracruz.com\/#\/schema\/logo\/image\/"},"sameAs":["https:\/\/www.facebook.com\/people\/Notimemes-de-los-Polticos\/61565672886568\/","https:\/\/x.com\/LosPoliticosVer"]},{"@type":"Person","@id":"https:\/\/lospoliticosveracruz.com\/#\/schema\/person\/b8702bb0e538456e6efd07080bf2a4a2","name":"Lo viste en Los Pol\u00edticos","image":{"@type":"ImageObject","inLanguage":"es","@id":"https:\/\/secure.gravatar.com\/avatar\/3a8de04a2656d44082be478bd6c086daa447c4651605818287b9532d3d0bd435?s=96&d=mm&r=g","url":"https:\/\/secure.gravatar.com\/avatar\/3a8de04a2656d44082be478bd6c086daa447c4651605818287b9532d3d0bd435?s=96&d=mm&r=g","contentUrl":"https:\/\/secure.gravatar.com\/avatar\/3a8de04a2656d44082be478bd6c086daa447c4651605818287b9532d3d0bd435?s=96&d=mm&r=g","caption":"Lo viste en Los Pol\u00edticos"},"url":"https:\/\/lospoliticosveracruz.com\/?author=2"}]}},"_links":{"self":[{"href":"https:\/\/lospoliticosveracruz.com\/index.php?rest_route=\/wp\/v2\/posts\/129068","targetHints":{"allow":["GET"]}}],"collection":[{"href":"https:\/\/lospoliticosveracruz.com\/index.php?rest_route=\/wp\/v2\/posts"}],"about":[{"href":"https:\/\/lospoliticosveracruz.com\/index.php?rest_route=\/wp\/v2\/types\/post"}],"author":[{"embeddable":true,"href":"https:\/\/lospoliticosveracruz.com\/index.php?rest_route=\/wp\/v2\/users\/2"}],"replies":[{"embeddable":true,"href":"https:\/\/lospoliticosveracruz.com\/index.php?rest_route=%2Fwp%2Fv2%2Fcomments&post=129068"}],"version-history":[{"count":1,"href":"https:\/\/lospoliticosveracruz.com\/index.php?rest_route=\/wp\/v2\/posts\/129068\/revisions"}],"predecessor-version":[{"id":129069,"href":"https:\/\/lospoliticosveracruz.com\/index.php?rest_route=\/wp\/v2\/posts\/129068\/revisions\/129069"}],"wp:featuredmedia":[{"embeddable":true,"href":"https:\/\/lospoliticosveracruz.com\/index.php?rest_route=\/wp\/v2\/media\/119816"}],"wp:attachment":[{"href":"https:\/\/lospoliticosveracruz.com\/index.php?rest_route=%2Fwp%2Fv2%2Fmedia&parent=129068"}],"wp:term":[{"taxonomy":"category","embeddable":true,"href":"https:\/\/lospoliticosveracruz.com\/index.php?rest_route=%2Fwp%2Fv2%2Fcategories&post=129068"},{"taxonomy":"post_tag","embeddable":true,"href":"https:\/\/lospoliticosveracruz.com\/index.php?rest_route=%2Fwp%2Fv2%2Ftags&post=129068"}],"curies":[{"name":"wp","href":"https:\/\/api.w.org\/{rel}","templated":true}]}}