{"id":129107,"date":"2024-08-26T08:45:30","date_gmt":"2024-08-26T13:45:30","guid":{"rendered":"https:\/\/lospoliticosveracruz.com.mx\/?p=129107"},"modified":"2024-08-26T08:45:47","modified_gmt":"2024-08-26T13:45:47","slug":"braskem-idesa","status":"publish","type":"post","link":"https:\/\/lospoliticosveracruz.com\/?p=129107","title":{"rendered":"BRASKEM IDESA"},"content":{"rendered":"\n<p><strong>Omar Z\u00fa\u00f1iga<\/strong><\/p>\n\n\n\n<p><em>De Primera Mano<\/em><\/p>\n\n\n\n<p>Braskem Idesa es una empresa petroqu\u00edmica en la que participa el gigante brasile\u00f1o Braskem, mayor productor de resinas termopl\u00e1sticas y l\u00edder en Am\u00e9rica; y la mexicana Grupo Idesa.<\/p>\n\n\n\n<p>Braskem Idesa , antes&nbsp;proyecto \u201cEtileno XXI\u201d, se concentra en el desarrollo e implantaci\u00f3n de un complejo petroqu\u00edmico para la producci\u00f3n de polietileno en Nanchital.<\/p>\n\n\n\n<p>Esta asociaci\u00f3n es controlada por la transnacional, con una&nbsp;participaci\u00f3n&nbsp;de 75 por ciento y el 25 restante es para sus socios mexicanos.<\/p>\n\n\n\n<p>Pues bien esta sociedad, Braskem-Idesa,&nbsp;le&nbsp;dio a Petr\u00f3leos&nbsp;Mexicanos,&nbsp;m\u00e1s de mil millones de pesoscomo \u201cpago\u201d, luego de que fuera&nbsp;rescindido \u201cel&nbsp;contrato leonino\u201d&nbsp;por el suministro de&nbsp;gas etano,&nbsp;que los mantendr\u00eda atados por 35 a\u00f1os en condiciones desventajosas, esas declaraciones las hizo&nbsp;el director general de Pemex,&nbsp;<strong>Octavio Romero Oropeza<\/strong>,&nbsp;en mayo pasado&nbsp;durante&nbsp;una ma\u00f1anera realizada en Coatzacoalcos, junto al presidente&nbsp;L\u00f3pez Obrador, en la que aclar\u00f3 presuntos actos de corrupci\u00f3n y adeudos.<\/p>\n\n\n\n<p>\u00abSuspendimos el pago de las penalizaciones, hicimos las denuncias legales y aprovechamos que&nbsp;Cenagas, que es una paraestatal, es una empresa del Estado, gracias a una debida diligencia impidi\u00f3 que se renovara el transporte de gas, la entrega de gas a esta empresa, porque no cumpl\u00eda con la debida diligencia, no ten\u00eda un buen comportamiento. Se suspende el gas, se para la planta y esto da posibilidades a que Pemex renegocie el contrato\u00bb.<\/p>\n\n\n\n<p>Fue en 2010 cuando Braskem y Pemex firmaron un contrato que presentaba condiciones desventajosas para este \u00faltimo, entre \u00e9stas la entrega de&nbsp;gas etano&nbsp;a costa de sus plantas para la venta de materia prima, que se ofertaba al 70&nbsp;por ciento&nbsp;de su valor internacional, adem\u00e1s de dar gratis el flete y subsidiar el traslado del&nbsp;gas.<\/p>\n\n\n\n<p>Tras rescindir el contrato, Pemex evit\u00f3 m\u00e1s de tres millones de pesos por penalizaciones, obtuvo 15 millones de d\u00f3lares para rehabilitar la Terminal de Importaci\u00f3n de Etano de Pemex en Pajaritos, es decir 254 millones 710 mil 500 pesos.<\/p>\n\n\n\n<p>Tambi\u00e9n obtuvo 79 millones de pesos por servidumbre de paso, derechos de v\u00eda y arrendamiento de terrenos; 102 millones de pesos por la venta de&nbsp;terrenos para la terminal a favor de la&nbsp;Asipona; 664 millones de pesos para Pemex por ajuste de facturaci\u00f3n.<\/p>\n\n\n\n<p>En total, Pemex recupero mil 102 millones 710 mil 500 pesos tras rescindir el contrato de suministro de Etano con Braskem&nbsp;Idesa, mismo que se renegoci\u00f3, adem\u00e1s de cancelar el subsidio del precio y transportaci\u00f3n.<\/p>\n\n\n\n<p>Es decir, el gobierno federal tra\u00eda a esta sociedad en la mira por hechos probablemente constitutivos como actos de corrupci\u00f3n en contra del Estado mexicano.<\/p>\n\n\n\n<p>Y que conste&nbsp;que no lo digo yo, sino&nbsp;el director de Pemex\u2026<\/p>\n\n\n\n<p>Pues bien\u2026, en este contexto, la secretaria del Trabajo y diputada local electa&nbsp;de Veracruz,&nbsp;DorhenyCayetano&nbsp;(se quita el apellido paterno: Garc\u00eda), a trav\u00e9s de sus redes sociales&nbsp;destac\u00f3 la semana que estaba \u201cdesde el Santuario de las Garzas&nbsp;(en Xalapa),&nbsp;(\u2026)&nbsp;porque vinimos a este gran proyecto llamado&nbsp;\u201cplastianguis\u201d.&nbsp;<\/p>\n\n\n\n<p>Tenemos \u201c(\u2026)&nbsp;cubetas&nbsp;que&nbsp;ya se nos rompieron, las&nbsp;puede juntar las trae, las pesan ac\u00e1,&nbsp;con&nbsp;una pesa especializada&nbsp;(sic)&nbsp;y te dan un vale con el que vas a poder canjear&nbsp;por&nbsp;\u201cplastiplesos\u201d, (para que tu) te puedas llevar una despensa, tal vez pan Bimbo, tal vez una&nbsp;(salsa de tomate)&nbsp;catsup&nbsp;o productos de limpieza&nbsp;(\u2026).<\/p>\n\n\n\n<p>\u201cTodo esto puedes comprar aqu\u00ed en el&nbsp;plastianguis, que es la iniciativa de&nbsp;Brasken&nbsp;(sic)&nbsp;Idesa,&nbsp;una de las empresas que m\u00e1s nos ayuda al reclutamiento en el sur de nuestro estado\u201d.<\/p>\n\n\n\n<p>M\u00e1s all\u00e1 de que ciertamente la iniciativa no deja de ser importante para el reciclaje y sacar basura de las casas y calles, lo que no queda muy claro es c\u00f3mo se puede ensalzar a una empresa que apenas ha sido se\u00f1alada como probable realizadora de actos de corrupci\u00f3n contra el Estado Mexicano\u2026 es pregunta.<\/p>\n\n\n\n<p>\u00a1Qu\u00e9 barbaridad!<\/p>\n\n\n\n<p><a><\/a>deprimera.mano2020@gmail.com<\/p>\n","protected":false},"excerpt":{"rendered":"<p>Omar Z\u00fa\u00f1iga De Primera Mano Braskem Idesa es una empresa petroqu\u00edmica en la que participa el gigante brasile\u00f1o Braskem, mayor productor de resinas termopl\u00e1sticas y l\u00edder en Am\u00e9rica; y la mexicana Grupo Idesa. Braskem Idesa , antes&nbsp;proyecto \u201cEtileno XXI\u201d, se concentra en el desarrollo e implantaci\u00f3n de un complejo petroqu\u00edmico para la producci\u00f3n de polietileno [&hellip;]<\/p>\n","protected":false},"author":2,"featured_media":119918,"comment_status":"closed","ping_status":"closed","sticky":false,"template":"","format":"standard","meta":{"tdm_status":"","tdm_grid_status":"","footnotes":""},"categories":[70],"tags":[618,16190,1026,372,195],"class_list":{"0":"post-129107","1":"post","2":"type-post","3":"status-publish","4":"format-standard","5":"has-post-thumbnail","7":"category-de-opinion","8":"tag-andres-manuel-lopez-obrador","9":"tag-dorheny-garcia","10":"tag-morena","11":"tag-pemex","12":"tag-veracruz"},"yoast_head":"<!-- This site is optimized with the Yoast SEO plugin v27.4 - https:\/\/yoast.com\/product\/yoast-seo-wordpress\/ -->\n<title>BRASKEM IDESA - Los pol\u00edticos Veracruz<\/title>\n<meta name=\"robots\" content=\"index, follow, max-snippet:-1, max-image-preview:large, max-video-preview:-1\" \/>\n<link rel=\"canonical\" href=\"https:\/\/lospoliticosveracruz.com\/?p=129107\" \/>\n<meta property=\"og:locale\" content=\"es_ES\" \/>\n<meta property=\"og:type\" content=\"article\" \/>\n<meta property=\"og:title\" content=\"BRASKEM IDESA - Los pol\u00edticos Veracruz\" \/>\n<meta property=\"og:description\" content=\"Omar Z\u00fa\u00f1iga De Primera Mano Braskem Idesa es una empresa petroqu\u00edmica en la que participa el gigante brasile\u00f1o Braskem, mayor productor de resinas termopl\u00e1sticas y l\u00edder en Am\u00e9rica; y la mexicana Grupo Idesa. Braskem Idesa , antes&nbsp;proyecto \u201cEtileno XXI\u201d, se concentra en el desarrollo e implantaci\u00f3n de un complejo petroqu\u00edmico para la producci\u00f3n de polietileno [&hellip;]\" \/>\n<meta property=\"og:url\" content=\"https:\/\/lospoliticosveracruz.com\/?p=129107\" \/>\n<meta property=\"og:site_name\" content=\"Los pol\u00edticos Veracruz\" \/>\n<meta property=\"article:publisher\" content=\"https:\/\/www.facebook.com\/people\/Notimemes-de-los-Polticos\/61565672886568\/\" \/>\n<meta property=\"article:published_time\" content=\"2024-08-26T13:45:30+00:00\" \/>\n<meta property=\"article:modified_time\" content=\"2024-08-26T13:45:47+00:00\" \/>\n<meta property=\"og:image\" content=\"https:\/\/lospoliticosveracruz.com\/wp-content\/uploads\/2024\/03\/Omar-Zuniga.jpg\" \/>\n\t<meta property=\"og:image:width\" content=\"1250\" \/>\n\t<meta property=\"og:image:height\" content=\"667\" \/>\n\t<meta property=\"og:image:type\" content=\"image\/jpeg\" \/>\n<meta name=\"author\" content=\"Lo viste en Los Pol\u00edticos\" \/>\n<meta name=\"twitter:card\" content=\"summary_large_image\" \/>\n<meta name=\"twitter:creator\" content=\"@LosPoliticosVer\" \/>\n<meta name=\"twitter:site\" content=\"@LosPoliticosVer\" \/>\n<meta name=\"twitter:label1\" content=\"Escrito por\" \/>\n\t<meta name=\"twitter:data1\" content=\"Lo viste en Los Pol\u00edticos\" \/>\n\t<meta name=\"twitter:label2\" content=\"Tiempo de lectura\" \/>\n\t<meta name=\"twitter:data2\" content=\"4 minutos\" \/>\n<script type=\"application\/ld+json\" class=\"yoast-schema-graph\">{\"@context\":\"https:\\\/\\\/schema.org\",\"@graph\":[{\"@type\":\"Article\",\"@id\":\"https:\\\/\\\/lospoliticosveracruz.com\\\/?p=129107#article\",\"isPartOf\":{\"@id\":\"https:\\\/\\\/lospoliticosveracruz.com\\\/?p=129107\"},\"author\":{\"name\":\"Lo viste en Los Pol\u00edticos\",\"@id\":\"https:\\\/\\\/lospoliticosveracruz.com\\\/#\\\/schema\\\/person\\\/b8702bb0e538456e6efd07080bf2a4a2\"},\"headline\":\"BRASKEM IDESA\",\"datePublished\":\"2024-08-26T13:45:30+00:00\",\"dateModified\":\"2024-08-26T13:45:47+00:00\",\"mainEntityOfPage\":{\"@id\":\"https:\\\/\\\/lospoliticosveracruz.com\\\/?p=129107\"},\"wordCount\":725,\"publisher\":{\"@id\":\"https:\\\/\\\/lospoliticosveracruz.com\\\/#organization\"},\"image\":{\"@id\":\"https:\\\/\\\/lospoliticosveracruz.com\\\/?p=129107#primaryimage\"},\"thumbnailUrl\":\"https:\\\/\\\/lospoliticosveracruz.com\\\/wp-content\\\/uploads\\\/2024\\\/03\\\/Omar-Zuniga.jpg\",\"keywords\":[\"Andr\u00e9s Manuel L\u00f3pez Obrador\",\"Dorheny Garc\u00eda\",\"Morena\",\"Pemex\",\"Veracruz\"],\"articleSection\":[\"De Opini\u00f3n\"],\"inLanguage\":\"es\"},{\"@type\":\"WebPage\",\"@id\":\"https:\\\/\\\/lospoliticosveracruz.com\\\/?p=129107\",\"url\":\"https:\\\/\\\/lospoliticosveracruz.com\\\/?p=129107\",\"name\":\"BRASKEM IDESA - Los pol\u00edticos Veracruz\",\"isPartOf\":{\"@id\":\"https:\\\/\\\/lospoliticosveracruz.com\\\/#website\"},\"primaryImageOfPage\":{\"@id\":\"https:\\\/\\\/lospoliticosveracruz.com\\\/?p=129107#primaryimage\"},\"image\":{\"@id\":\"https:\\\/\\\/lospoliticosveracruz.com\\\/?p=129107#primaryimage\"},\"thumbnailUrl\":\"https:\\\/\\\/lospoliticosveracruz.com\\\/wp-content\\\/uploads\\\/2024\\\/03\\\/Omar-Zuniga.jpg\",\"datePublished\":\"2024-08-26T13:45:30+00:00\",\"dateModified\":\"2024-08-26T13:45:47+00:00\",\"breadcrumb\":{\"@id\":\"https:\\\/\\\/lospoliticosveracruz.com\\\/?p=129107#breadcrumb\"},\"inLanguage\":\"es\",\"potentialAction\":[{\"@type\":\"ReadAction\",\"target\":[\"https:\\\/\\\/lospoliticosveracruz.com\\\/?p=129107\"]}]},{\"@type\":\"ImageObject\",\"inLanguage\":\"es\",\"@id\":\"https:\\\/\\\/lospoliticosveracruz.com\\\/?p=129107#primaryimage\",\"url\":\"https:\\\/\\\/lospoliticosveracruz.com\\\/wp-content\\\/uploads\\\/2024\\\/03\\\/Omar-Zuniga.jpg\",\"contentUrl\":\"https:\\\/\\\/lospoliticosveracruz.com\\\/wp-content\\\/uploads\\\/2024\\\/03\\\/Omar-Zuniga.jpg\",\"width\":1250,\"height\":667},{\"@type\":\"BreadcrumbList\",\"@id\":\"https:\\\/\\\/lospoliticosveracruz.com\\\/?p=129107#breadcrumb\",\"itemListElement\":[{\"@type\":\"ListItem\",\"position\":1,\"name\":\"Portada\",\"item\":\"https:\\\/\\\/lospoliticosveracruz.com\\\/\"},{\"@type\":\"ListItem\",\"position\":2,\"name\":\"BRASKEM IDESA\"}]},{\"@type\":\"WebSite\",\"@id\":\"https:\\\/\\\/lospoliticosveracruz.com\\\/#website\",\"url\":\"https:\\\/\\\/lospoliticosveracruz.com\\\/\",\"name\":\"Los pol\u00edticos Veracruz\",\"description\":\"\",\"publisher\":{\"@id\":\"https:\\\/\\\/lospoliticosveracruz.com\\\/#organization\"},\"potentialAction\":[{\"@type\":\"SearchAction\",\"target\":{\"@type\":\"EntryPoint\",\"urlTemplate\":\"https:\\\/\\\/lospoliticosveracruz.com\\\/?s={search_term_string}\"},\"query-input\":{\"@type\":\"PropertyValueSpecification\",\"valueRequired\":true,\"valueName\":\"search_term_string\"}}],\"inLanguage\":\"es\"},{\"@type\":\"Organization\",\"@id\":\"https:\\\/\\\/lospoliticosveracruz.com\\\/#organization\",\"name\":\"Los pol\u00edticos Veracruz\",\"url\":\"https:\\\/\\\/lospoliticosveracruz.com\\\/\",\"logo\":{\"@type\":\"ImageObject\",\"inLanguage\":\"es\",\"@id\":\"https:\\\/\\\/lospoliticosveracruz.com\\\/#\\\/schema\\\/logo\\\/image\\\/\",\"url\":\"https:\\\/\\\/lospoliticosveracruz.com\\\/wp-content\\\/uploads\\\/2025\\\/12\\\/Logo-Nuevo-LOS-POLITICOS-1.jpg\",\"contentUrl\":\"https:\\\/\\\/lospoliticosveracruz.com\\\/wp-content\\\/uploads\\\/2025\\\/12\\\/Logo-Nuevo-LOS-POLITICOS-1.jpg\",\"width\":260,\"height\":70,\"caption\":\"Los pol\u00edticos Veracruz\"},\"image\":{\"@id\":\"https:\\\/\\\/lospoliticosveracruz.com\\\/#\\\/schema\\\/logo\\\/image\\\/\"},\"sameAs\":[\"https:\\\/\\\/www.facebook.com\\\/people\\\/Notimemes-de-los-Polticos\\\/61565672886568\\\/\",\"https:\\\/\\\/x.com\\\/LosPoliticosVer\"]},{\"@type\":\"Person\",\"@id\":\"https:\\\/\\\/lospoliticosveracruz.com\\\/#\\\/schema\\\/person\\\/b8702bb0e538456e6efd07080bf2a4a2\",\"name\":\"Lo viste en Los Pol\u00edticos\",\"image\":{\"@type\":\"ImageObject\",\"inLanguage\":\"es\",\"@id\":\"https:\\\/\\\/secure.gravatar.com\\\/avatar\\\/3a8de04a2656d44082be478bd6c086daa447c4651605818287b9532d3d0bd435?s=96&d=mm&r=g\",\"url\":\"https:\\\/\\\/secure.gravatar.com\\\/avatar\\\/3a8de04a2656d44082be478bd6c086daa447c4651605818287b9532d3d0bd435?s=96&d=mm&r=g\",\"contentUrl\":\"https:\\\/\\\/secure.gravatar.com\\\/avatar\\\/3a8de04a2656d44082be478bd6c086daa447c4651605818287b9532d3d0bd435?s=96&d=mm&r=g\",\"caption\":\"Lo viste en Los Pol\u00edticos\"},\"url\":\"https:\\\/\\\/lospoliticosveracruz.com\\\/?author=2\"}]}<\/script>\n<!-- \/ Yoast SEO plugin. -->","yoast_head_json":{"title":"BRASKEM IDESA - Los pol\u00edticos Veracruz","robots":{"index":"index","follow":"follow","max-snippet":"max-snippet:-1","max-image-preview":"max-image-preview:large","max-video-preview":"max-video-preview:-1"},"canonical":"https:\/\/lospoliticosveracruz.com\/?p=129107","og_locale":"es_ES","og_type":"article","og_title":"BRASKEM IDESA - Los pol\u00edticos Veracruz","og_description":"Omar Z\u00fa\u00f1iga De Primera Mano Braskem Idesa es una empresa petroqu\u00edmica en la que participa el gigante brasile\u00f1o Braskem, mayor productor de resinas termopl\u00e1sticas y l\u00edder en Am\u00e9rica; y la mexicana Grupo Idesa. Braskem Idesa , antes&nbsp;proyecto \u201cEtileno XXI\u201d, se concentra en el desarrollo e implantaci\u00f3n de un complejo petroqu\u00edmico para la producci\u00f3n de polietileno [&hellip;]","og_url":"https:\/\/lospoliticosveracruz.com\/?p=129107","og_site_name":"Los pol\u00edticos Veracruz","article_publisher":"https:\/\/www.facebook.com\/people\/Notimemes-de-los-Polticos\/61565672886568\/","article_published_time":"2024-08-26T13:45:30+00:00","article_modified_time":"2024-08-26T13:45:47+00:00","og_image":[{"width":1250,"height":667,"url":"https:\/\/lospoliticosveracruz.com\/wp-content\/uploads\/2024\/03\/Omar-Zuniga.jpg","type":"image\/jpeg"}],"author":"Lo viste en Los Pol\u00edticos","twitter_card":"summary_large_image","twitter_creator":"@LosPoliticosVer","twitter_site":"@LosPoliticosVer","twitter_misc":{"Escrito por":"Lo viste en Los Pol\u00edticos","Tiempo de lectura":"4 minutos"},"schema":{"@context":"https:\/\/schema.org","@graph":[{"@type":"Article","@id":"https:\/\/lospoliticosveracruz.com\/?p=129107#article","isPartOf":{"@id":"https:\/\/lospoliticosveracruz.com\/?p=129107"},"author":{"name":"Lo viste en Los Pol\u00edticos","@id":"https:\/\/lospoliticosveracruz.com\/#\/schema\/person\/b8702bb0e538456e6efd07080bf2a4a2"},"headline":"BRASKEM IDESA","datePublished":"2024-08-26T13:45:30+00:00","dateModified":"2024-08-26T13:45:47+00:00","mainEntityOfPage":{"@id":"https:\/\/lospoliticosveracruz.com\/?p=129107"},"wordCount":725,"publisher":{"@id":"https:\/\/lospoliticosveracruz.com\/#organization"},"image":{"@id":"https:\/\/lospoliticosveracruz.com\/?p=129107#primaryimage"},"thumbnailUrl":"https:\/\/lospoliticosveracruz.com\/wp-content\/uploads\/2024\/03\/Omar-Zuniga.jpg","keywords":["Andr\u00e9s Manuel L\u00f3pez Obrador","Dorheny Garc\u00eda","Morena","Pemex","Veracruz"],"articleSection":["De Opini\u00f3n"],"inLanguage":"es"},{"@type":"WebPage","@id":"https:\/\/lospoliticosveracruz.com\/?p=129107","url":"https:\/\/lospoliticosveracruz.com\/?p=129107","name":"BRASKEM IDESA - Los pol\u00edticos Veracruz","isPartOf":{"@id":"https:\/\/lospoliticosveracruz.com\/#website"},"primaryImageOfPage":{"@id":"https:\/\/lospoliticosveracruz.com\/?p=129107#primaryimage"},"image":{"@id":"https:\/\/lospoliticosveracruz.com\/?p=129107#primaryimage"},"thumbnailUrl":"https:\/\/lospoliticosveracruz.com\/wp-content\/uploads\/2024\/03\/Omar-Zuniga.jpg","datePublished":"2024-08-26T13:45:30+00:00","dateModified":"2024-08-26T13:45:47+00:00","breadcrumb":{"@id":"https:\/\/lospoliticosveracruz.com\/?p=129107#breadcrumb"},"inLanguage":"es","potentialAction":[{"@type":"ReadAction","target":["https:\/\/lospoliticosveracruz.com\/?p=129107"]}]},{"@type":"ImageObject","inLanguage":"es","@id":"https:\/\/lospoliticosveracruz.com\/?p=129107#primaryimage","url":"https:\/\/lospoliticosveracruz.com\/wp-content\/uploads\/2024\/03\/Omar-Zuniga.jpg","contentUrl":"https:\/\/lospoliticosveracruz.com\/wp-content\/uploads\/2024\/03\/Omar-Zuniga.jpg","width":1250,"height":667},{"@type":"BreadcrumbList","@id":"https:\/\/lospoliticosveracruz.com\/?p=129107#breadcrumb","itemListElement":[{"@type":"ListItem","position":1,"name":"Portada","item":"https:\/\/lospoliticosveracruz.com\/"},{"@type":"ListItem","position":2,"name":"BRASKEM IDESA"}]},{"@type":"WebSite","@id":"https:\/\/lospoliticosveracruz.com\/#website","url":"https:\/\/lospoliticosveracruz.com\/","name":"Los pol\u00edticos Veracruz","description":"","publisher":{"@id":"https:\/\/lospoliticosveracruz.com\/#organization"},"potentialAction":[{"@type":"SearchAction","target":{"@type":"EntryPoint","urlTemplate":"https:\/\/lospoliticosveracruz.com\/?s={search_term_string}"},"query-input":{"@type":"PropertyValueSpecification","valueRequired":true,"valueName":"search_term_string"}}],"inLanguage":"es"},{"@type":"Organization","@id":"https:\/\/lospoliticosveracruz.com\/#organization","name":"Los pol\u00edticos Veracruz","url":"https:\/\/lospoliticosveracruz.com\/","logo":{"@type":"ImageObject","inLanguage":"es","@id":"https:\/\/lospoliticosveracruz.com\/#\/schema\/logo\/image\/","url":"https:\/\/lospoliticosveracruz.com\/wp-content\/uploads\/2025\/12\/Logo-Nuevo-LOS-POLITICOS-1.jpg","contentUrl":"https:\/\/lospoliticosveracruz.com\/wp-content\/uploads\/2025\/12\/Logo-Nuevo-LOS-POLITICOS-1.jpg","width":260,"height":70,"caption":"Los pol\u00edticos Veracruz"},"image":{"@id":"https:\/\/lospoliticosveracruz.com\/#\/schema\/logo\/image\/"},"sameAs":["https:\/\/www.facebook.com\/people\/Notimemes-de-los-Polticos\/61565672886568\/","https:\/\/x.com\/LosPoliticosVer"]},{"@type":"Person","@id":"https:\/\/lospoliticosveracruz.com\/#\/schema\/person\/b8702bb0e538456e6efd07080bf2a4a2","name":"Lo viste en Los Pol\u00edticos","image":{"@type":"ImageObject","inLanguage":"es","@id":"https:\/\/secure.gravatar.com\/avatar\/3a8de04a2656d44082be478bd6c086daa447c4651605818287b9532d3d0bd435?s=96&d=mm&r=g","url":"https:\/\/secure.gravatar.com\/avatar\/3a8de04a2656d44082be478bd6c086daa447c4651605818287b9532d3d0bd435?s=96&d=mm&r=g","contentUrl":"https:\/\/secure.gravatar.com\/avatar\/3a8de04a2656d44082be478bd6c086daa447c4651605818287b9532d3d0bd435?s=96&d=mm&r=g","caption":"Lo viste en Los Pol\u00edticos"},"url":"https:\/\/lospoliticosveracruz.com\/?author=2"}]}},"_links":{"self":[{"href":"https:\/\/lospoliticosveracruz.com\/index.php?rest_route=\/wp\/v2\/posts\/129107","targetHints":{"allow":["GET"]}}],"collection":[{"href":"https:\/\/lospoliticosveracruz.com\/index.php?rest_route=\/wp\/v2\/posts"}],"about":[{"href":"https:\/\/lospoliticosveracruz.com\/index.php?rest_route=\/wp\/v2\/types\/post"}],"author":[{"embeddable":true,"href":"https:\/\/lospoliticosveracruz.com\/index.php?rest_route=\/wp\/v2\/users\/2"}],"replies":[{"embeddable":true,"href":"https:\/\/lospoliticosveracruz.com\/index.php?rest_route=%2Fwp%2Fv2%2Fcomments&post=129107"}],"version-history":[{"count":1,"href":"https:\/\/lospoliticosveracruz.com\/index.php?rest_route=\/wp\/v2\/posts\/129107\/revisions"}],"predecessor-version":[{"id":129108,"href":"https:\/\/lospoliticosveracruz.com\/index.php?rest_route=\/wp\/v2\/posts\/129107\/revisions\/129108"}],"wp:featuredmedia":[{"embeddable":true,"href":"https:\/\/lospoliticosveracruz.com\/index.php?rest_route=\/wp\/v2\/media\/119918"}],"wp:attachment":[{"href":"https:\/\/lospoliticosveracruz.com\/index.php?rest_route=%2Fwp%2Fv2%2Fmedia&parent=129107"}],"wp:term":[{"taxonomy":"category","embeddable":true,"href":"https:\/\/lospoliticosveracruz.com\/index.php?rest_route=%2Fwp%2Fv2%2Fcategories&post=129107"},{"taxonomy":"post_tag","embeddable":true,"href":"https:\/\/lospoliticosveracruz.com\/index.php?rest_route=%2Fwp%2Fv2%2Ftags&post=129107"}],"curies":[{"name":"wp","href":"https:\/\/api.w.org\/{rel}","templated":true}]}}