{"id":129165,"date":"2024-08-27T08:08:21","date_gmt":"2024-08-27T13:08:21","guid":{"rendered":"https:\/\/lospoliticosveracruz.com.mx\/?p=129165"},"modified":"2024-08-27T09:00:48","modified_gmt":"2024-08-27T14:00:48","slug":"pan-y-mc-futura-alianza-en-veracruz","status":"publish","type":"post","link":"https:\/\/lospoliticosveracruz.com\/?p=129165","title":{"rendered":"PAN Y MC, \u00bfFUTURA ALIANZA EN VERACRUZ?"},"content":{"rendered":"\n<p><strong>Ricardo Chua<\/strong><\/p>\n\n\n\n<p><em>Sale y Vale<\/em><\/p>\n\n\n\n<p>Despu\u00e9s que en este espacio mencionamos que posiblemente la alianza del PRI estatal de Adolfo Ram\u00edrez Aranaa con el PAN en Veracruz podr\u00eda no llevarse a cabo para el proceso electoral a las alcald\u00edas en 2025.. Dado que panistas \u00abjarochos\u00bb y miembros del comit\u00e9 nacional del PAN, han se\u00f1alado aliarse con el PRI de Alejandro Moreno.. Les resta y no suma.. Al parecer, Acci\u00f3n Nacional ha puesto su mir\u00e1 en otro sitio para una alianza opositora en Movimiento Ciudadano (MC)..<\/p>\n\n\n<div class=\"wp-block-image\">\n<figure class=\"alignleft size-thumbnail\"><a href=\"https:\/\/lospoliticosveracruz.com.mx\/wp-content\/uploads\/2024\/05\/IMG_0341-e1716950925234.jpeg\"><img loading=\"lazy\" decoding=\"async\" width=\"150\" height=\"150\" src=\"https:\/\/lospoliticosveracruz.com.mx\/wp-content\/uploads\/2024\/05\/IMG_0341-150x150.jpeg\" alt=\"\" class=\"wp-image-125332\"\/><\/a><\/figure>\n<\/div>\n\n\n<p>Todo parece indicar que como pas\u00f3 en Veracruz, en 2018, cuando MC y PAN hicieron alianza con PRD para elecci\u00f3n a gobernador y diputados locales.. Que los llev\u00f3 a obtener mill\u00f3n 400 mil votos.. Aunque perdieron la gubernatura.. El partido de Dante Delgado creci\u00f3 para que en 2021, obtuviera el registro como partido pol\u00edtico en Veracruz.. Ahora se piensa que esa f\u00f3rmula se pueda repetir en las alcald\u00edas.. Esto debido a que los grupos de Yunes-Cambranis del PAN con Dante-MC, ya han \u00abjugado\u00bb juntos.. Y de nuevo esta misma les puede funcionar..<\/p>\n\n\n\n<p>Pero adem\u00e1s algunos analistas al interior del PAN.. Han planteado en el CEN panista durante estas 3 \u00faltimas semanas.. Que a esta posible alianza del PAN-MC en el caso de Veracruz.. Se le puede A\u00d1ADIR un factor que podr\u00eda ser fundamental para competirle a MORENA-PVEM-PT.. Y que es SUMAR AL PRI.. Pero no al de \u00abAlito\u00bb Moreno o \u00abFofo\u00bb Ram\u00edrez.. Sino al PRI que se la \u00abjug\u00f3\u00bb con Pepe Yunes en esta elecci\u00f3n a gobernador.. Ese priismo que es \u00abpepista\u00bb y que son muchos m\u00e1s, que el priismo \u00abfofista\u00bb..<\/p>\n\n\n\n<p>Todos esos grupos al interior del PAN interactuaron con el perote\u00f1o en la pasada elecci\u00f3n.. Hubo simpat\u00eda entre \u00e9l y esos grupos.. Tanto as\u00ed que en la elecci\u00f3n a gobernador, el PAN le dio m\u00e1s votos que a Miguel \u00c1ngel Yunes M\u00e1rquez.. Con Movimiento Ciudadano, Pepe Yunes mantiene una buena relaci\u00f3n.. Hasta hubo un momento que Dante Delgado en 2023, acariciaba la idea que Yunes Zorrilla fuera su candidato a gobernador para esta elecci\u00f3n.. Pero Pepe se qued\u00f3 en el PRI y Dante no tuvo otra opci\u00f3n que jugar con otro candidato..<\/p>\n\n\n\n<p>Sin embargo, la relaci\u00f3n entre el l\u00edder moral de MC y Pepe Yunes es buena.. Se han apoyado mutuamente.. Pepe apoy\u00f3 a Dante en ese movimiento por la justicia en Veracruz en 2021-2022 cuando el gobierno de MORENA y la Fiscal\u00eda de Veracruz, acusaron a Jos\u00e9 Manuel del R\u00edo Virgen de ser autor intelectual del crimen del candidato a alcalde de Cazones y por lo cual, se pas\u00f3 dos a\u00f1os en la c\u00e1rcel.. En esas protestas frente a Palacio de Gobierno en Xalapa.. Estuvo Pepe presente respaldando a Dante..<\/p>\n\n\n\n<p>As\u00ed que esa alianza de partidos y grupos con esos personajes alrededor (Yunes azules, Cambranis, Dante y los Yunes Rojos porque H\u00e9ctor Yunes se sumar\u00eda), le podr\u00edan dar una competencia a MORENA.. Que les permita retener algunos municipios que est\u00e1n en su poder y quiz\u00e1s, ganar algunos otros con personajes que postulen en esos sitios.. Y con ello, evitar que la 4T los \u00abarrase\u00bb en estas elecciones como sucedi\u00f3 el pasado 2 de junio.. De otra manera, MORENA les podr\u00eda dar la \u00abestocada\u00bb final como oposici\u00f3n..<\/p>\n\n\n\n<p>Adem\u00e1s nos cuenta \u00abGarganta Profunda\u00bb que Dante Delgado ya no promover\u00e1 ninguna controversia ante el Tribunal Electoral del Poder Judicial de la Federaci\u00f3n para \u00e9l quedarse con la senadur\u00eda plurinominal, que el INE le retir\u00f3 por el tema de g\u00e9nero para otorgarsela a la ex gobernadora de Zacatecas, Amalia Garc\u00eda Medina.. No se va pelear porque la figura de Amalia va de por medio.. Y esa situaci\u00f3n le permitir\u00eda al cordob\u00e9s meterse con todo a la elecci\u00f3n local en Veracruz.. Uno de los reductos fuertes que a\u00fan le quedan a MC..<\/p>\n\n\n\n<p>Ya que finalmente Dante, que podr\u00e1n decir de \u00e9l \u00abmil linduras\u00bb pero de que es un \u00abanimal pol\u00edtico\u00bb como Fidel Herrera o Miguel \u00c1ngel Yunes, de eso no queda duda.. Sabe bien que con Veracruz tiene que ir \u00abrecuperando\u00bb el capital perdido por MC en este pasado proceso con el tema de Nuevo Le\u00f3n.. Donde se\u00bbenterr\u00f3\u00bb el proyecto de Samuel Garc\u00eda y su esposa, Mariana Rodr\u00edguez en la alcald\u00eda de Monterrey.. Y de pas\u00f3 el Proyecto 2030 para MC con Luis Donaldo Colosio Riojas.. Se tiene que rehacer..<\/p>\n\n\n\n<p>Pero no s\u00f3lo Nuevo Le\u00f3n sino con el caso Jalisco, donde Dante con el gobernador, Enrique Alfaro, fue evidente el \u00abrompimiento\u00bb entre ambos.. Y en donde el veracruzano sac\u00f3 la peor parte.. Ya que el jalisciense y su MC se mantuvieron, logr\u00f3 poner a su sucesor, gan\u00f3 la elecci\u00f3n local e hizo de Pablo Lemus el activo m\u00e1s importante del partido \u00abnaranja\u00bb de aqu\u00ed al 2030.. As\u00ed que despu\u00e9s de esa \u00absacudida\u00bb, el MC de Dante, su verdadera opci\u00f3n para reponerse, es aliarse con el PAN y PRI de Pepe Yunes en Veracruz..<\/p>\n\n\n\n<p>REFLEXI\u00d3N.. El PAN nacional sabe qu\u00e9 hacer alianza con el PRI de \u00abAlito\u00bb a la elecci\u00f3n inmediata, que son las alcald\u00edas en Veracruz.. NO LE CONVIENE.. Est\u00e1n conscientes que ese priismo de \u00abAlito\u00bb siempre simula.. Que el campechano jugar\u00e1 sus \u00abcartas\u00bb en Veracruz para aferrarse e ir por abajo con MORENA.. As\u00ed que por m\u00e1s \u00abshow\u00bb que haga, lo tienen sometido por el caso Campeche.. Y la posible alianza PAN-MC, no le conviene llevar al PRI de \u00abAlito\u00bb, que los puede traicionar, por eso voltearon al PRI de Pepe Yunes.. EL QUE LO ENTENDI\u00d3.. LO ENTENDI\u00d3..<\/p>\n","protected":false},"excerpt":{"rendered":"<p>Ricardo Chua Sale y Vale Despu\u00e9s que en este espacio mencionamos que posiblemente la alianza del PRI estatal de Adolfo Ram\u00edrez Aranaa con el PAN en Veracruz podr\u00eda no llevarse a cabo para el proceso electoral a las alcald\u00edas en 2025.. Dado que panistas \u00abjarochos\u00bb y miembros del comit\u00e9 nacional del PAN, han se\u00f1alado aliarse [&hellip;]<\/p>\n","protected":false},"author":2,"featured_media":119817,"comment_status":"closed","ping_status":"closed","sticky":false,"template":"","format":"standard","meta":{"tdm_status":"","tdm_grid_status":"","footnotes":""},"categories":[70],"tags":[24359,2219,1026,266,570,251,195],"class_list":{"0":"post-129165","1":"post","2":"type-post","3":"status-publish","4":"format-standard","5":"has-post-thumbnail","7":"category-de-opinion","8":"tag-alito-moreno","9":"tag-dante-delgado","10":"tag-morena","11":"tag-pan","12":"tag-pepe-yunes","13":"tag-pri","14":"tag-veracruz"},"yoast_head":"<!-- This site is optimized with the Yoast SEO plugin v27.4 - https:\/\/yoast.com\/product\/yoast-seo-wordpress\/ -->\n<title>PAN Y MC, \u00bfFUTURA ALIANZA EN VERACRUZ? - Los pol\u00edticos Veracruz<\/title>\n<meta name=\"robots\" content=\"index, follow, max-snippet:-1, max-image-preview:large, max-video-preview:-1\" \/>\n<link rel=\"canonical\" href=\"https:\/\/lospoliticosveracruz.com\/?p=129165\" \/>\n<meta property=\"og:locale\" content=\"es_ES\" \/>\n<meta property=\"og:type\" content=\"article\" \/>\n<meta property=\"og:title\" content=\"PAN Y MC, \u00bfFUTURA ALIANZA EN VERACRUZ? - Los pol\u00edticos Veracruz\" \/>\n<meta property=\"og:description\" content=\"Ricardo Chua Sale y Vale Despu\u00e9s que en este espacio mencionamos que posiblemente la alianza del PRI estatal de Adolfo Ram\u00edrez Aranaa con el PAN en Veracruz podr\u00eda no llevarse a cabo para el proceso electoral a las alcald\u00edas en 2025.. Dado que panistas \u00abjarochos\u00bb y miembros del comit\u00e9 nacional del PAN, han se\u00f1alado aliarse [&hellip;]\" \/>\n<meta property=\"og:url\" content=\"https:\/\/lospoliticosveracruz.com\/?p=129165\" \/>\n<meta property=\"og:site_name\" content=\"Los pol\u00edticos Veracruz\" \/>\n<meta property=\"article:publisher\" content=\"https:\/\/www.facebook.com\/people\/Notimemes-de-los-Polticos\/61565672886568\/\" \/>\n<meta property=\"article:published_time\" content=\"2024-08-27T13:08:21+00:00\" \/>\n<meta property=\"article:modified_time\" content=\"2024-08-27T14:00:48+00:00\" \/>\n<meta property=\"og:image\" content=\"https:\/\/lospoliticosveracruz.com\/wp-content\/uploads\/2024\/03\/Ricardo-Chua.jpg\" \/>\n\t<meta property=\"og:image:width\" content=\"1250\" \/>\n\t<meta property=\"og:image:height\" content=\"667\" \/>\n\t<meta property=\"og:image:type\" content=\"image\/jpeg\" \/>\n<meta name=\"author\" content=\"Lo viste en Los Pol\u00edticos\" \/>\n<meta name=\"twitter:card\" content=\"summary_large_image\" \/>\n<meta name=\"twitter:creator\" content=\"@LosPoliticosVer\" \/>\n<meta name=\"twitter:site\" content=\"@LosPoliticosVer\" \/>\n<meta name=\"twitter:label1\" content=\"Escrito por\" \/>\n\t<meta name=\"twitter:data1\" content=\"Lo viste en Los Pol\u00edticos\" \/>\n\t<meta name=\"twitter:label2\" content=\"Tiempo de lectura\" \/>\n\t<meta name=\"twitter:data2\" content=\"5 minutos\" \/>\n<script type=\"application\/ld+json\" class=\"yoast-schema-graph\">{\"@context\":\"https:\\\/\\\/schema.org\",\"@graph\":[{\"@type\":\"Article\",\"@id\":\"https:\\\/\\\/lospoliticosveracruz.com\\\/?p=129165#article\",\"isPartOf\":{\"@id\":\"https:\\\/\\\/lospoliticosveracruz.com\\\/?p=129165\"},\"author\":{\"name\":\"Lo viste en Los Pol\u00edticos\",\"@id\":\"https:\\\/\\\/lospoliticosveracruz.com\\\/#\\\/schema\\\/person\\\/b8702bb0e538456e6efd07080bf2a4a2\"},\"headline\":\"PAN Y MC, \u00bfFUTURA ALIANZA EN VERACRUZ?\",\"datePublished\":\"2024-08-27T13:08:21+00:00\",\"dateModified\":\"2024-08-27T14:00:48+00:00\",\"mainEntityOfPage\":{\"@id\":\"https:\\\/\\\/lospoliticosveracruz.com\\\/?p=129165\"},\"wordCount\":966,\"publisher\":{\"@id\":\"https:\\\/\\\/lospoliticosveracruz.com\\\/#organization\"},\"image\":{\"@id\":\"https:\\\/\\\/lospoliticosveracruz.com\\\/?p=129165#primaryimage\"},\"thumbnailUrl\":\"https:\\\/\\\/lospoliticosveracruz.com\\\/wp-content\\\/uploads\\\/2024\\\/03\\\/Ricardo-Chua.jpg\",\"keywords\":[\"Alito Moreno\",\"Dante Delgado\",\"Morena\",\"PAN\",\"Pepe Yunes\",\"PRI\",\"Veracruz\"],\"articleSection\":[\"De Opini\u00f3n\"],\"inLanguage\":\"es\"},{\"@type\":\"WebPage\",\"@id\":\"https:\\\/\\\/lospoliticosveracruz.com\\\/?p=129165\",\"url\":\"https:\\\/\\\/lospoliticosveracruz.com\\\/?p=129165\",\"name\":\"PAN Y MC, \u00bfFUTURA ALIANZA EN VERACRUZ? - Los pol\u00edticos Veracruz\",\"isPartOf\":{\"@id\":\"https:\\\/\\\/lospoliticosveracruz.com\\\/#website\"},\"primaryImageOfPage\":{\"@id\":\"https:\\\/\\\/lospoliticosveracruz.com\\\/?p=129165#primaryimage\"},\"image\":{\"@id\":\"https:\\\/\\\/lospoliticosveracruz.com\\\/?p=129165#primaryimage\"},\"thumbnailUrl\":\"https:\\\/\\\/lospoliticosveracruz.com\\\/wp-content\\\/uploads\\\/2024\\\/03\\\/Ricardo-Chua.jpg\",\"datePublished\":\"2024-08-27T13:08:21+00:00\",\"dateModified\":\"2024-08-27T14:00:48+00:00\",\"breadcrumb\":{\"@id\":\"https:\\\/\\\/lospoliticosveracruz.com\\\/?p=129165#breadcrumb\"},\"inLanguage\":\"es\",\"potentialAction\":[{\"@type\":\"ReadAction\",\"target\":[\"https:\\\/\\\/lospoliticosveracruz.com\\\/?p=129165\"]}]},{\"@type\":\"ImageObject\",\"inLanguage\":\"es\",\"@id\":\"https:\\\/\\\/lospoliticosveracruz.com\\\/?p=129165#primaryimage\",\"url\":\"https:\\\/\\\/lospoliticosveracruz.com\\\/wp-content\\\/uploads\\\/2024\\\/03\\\/Ricardo-Chua.jpg\",\"contentUrl\":\"https:\\\/\\\/lospoliticosveracruz.com\\\/wp-content\\\/uploads\\\/2024\\\/03\\\/Ricardo-Chua.jpg\",\"width\":1250,\"height\":667},{\"@type\":\"BreadcrumbList\",\"@id\":\"https:\\\/\\\/lospoliticosveracruz.com\\\/?p=129165#breadcrumb\",\"itemListElement\":[{\"@type\":\"ListItem\",\"position\":1,\"name\":\"Portada\",\"item\":\"https:\\\/\\\/lospoliticosveracruz.com\\\/\"},{\"@type\":\"ListItem\",\"position\":2,\"name\":\"PAN Y MC, \u00bfFUTURA ALIANZA EN VERACRUZ?\"}]},{\"@type\":\"WebSite\",\"@id\":\"https:\\\/\\\/lospoliticosveracruz.com\\\/#website\",\"url\":\"https:\\\/\\\/lospoliticosveracruz.com\\\/\",\"name\":\"Los pol\u00edticos Veracruz\",\"description\":\"\",\"publisher\":{\"@id\":\"https:\\\/\\\/lospoliticosveracruz.com\\\/#organization\"},\"potentialAction\":[{\"@type\":\"SearchAction\",\"target\":{\"@type\":\"EntryPoint\",\"urlTemplate\":\"https:\\\/\\\/lospoliticosveracruz.com\\\/?s={search_term_string}\"},\"query-input\":{\"@type\":\"PropertyValueSpecification\",\"valueRequired\":true,\"valueName\":\"search_term_string\"}}],\"inLanguage\":\"es\"},{\"@type\":\"Organization\",\"@id\":\"https:\\\/\\\/lospoliticosveracruz.com\\\/#organization\",\"name\":\"Los pol\u00edticos Veracruz\",\"url\":\"https:\\\/\\\/lospoliticosveracruz.com\\\/\",\"logo\":{\"@type\":\"ImageObject\",\"inLanguage\":\"es\",\"@id\":\"https:\\\/\\\/lospoliticosveracruz.com\\\/#\\\/schema\\\/logo\\\/image\\\/\",\"url\":\"https:\\\/\\\/lospoliticosveracruz.com\\\/wp-content\\\/uploads\\\/2025\\\/12\\\/Logo-Nuevo-LOS-POLITICOS-1.jpg\",\"contentUrl\":\"https:\\\/\\\/lospoliticosveracruz.com\\\/wp-content\\\/uploads\\\/2025\\\/12\\\/Logo-Nuevo-LOS-POLITICOS-1.jpg\",\"width\":260,\"height\":70,\"caption\":\"Los pol\u00edticos Veracruz\"},\"image\":{\"@id\":\"https:\\\/\\\/lospoliticosveracruz.com\\\/#\\\/schema\\\/logo\\\/image\\\/\"},\"sameAs\":[\"https:\\\/\\\/www.facebook.com\\\/people\\\/Notimemes-de-los-Polticos\\\/61565672886568\\\/\",\"https:\\\/\\\/x.com\\\/LosPoliticosVer\"]},{\"@type\":\"Person\",\"@id\":\"https:\\\/\\\/lospoliticosveracruz.com\\\/#\\\/schema\\\/person\\\/b8702bb0e538456e6efd07080bf2a4a2\",\"name\":\"Lo viste en Los Pol\u00edticos\",\"image\":{\"@type\":\"ImageObject\",\"inLanguage\":\"es\",\"@id\":\"https:\\\/\\\/secure.gravatar.com\\\/avatar\\\/3a8de04a2656d44082be478bd6c086daa447c4651605818287b9532d3d0bd435?s=96&d=mm&r=g\",\"url\":\"https:\\\/\\\/secure.gravatar.com\\\/avatar\\\/3a8de04a2656d44082be478bd6c086daa447c4651605818287b9532d3d0bd435?s=96&d=mm&r=g\",\"contentUrl\":\"https:\\\/\\\/secure.gravatar.com\\\/avatar\\\/3a8de04a2656d44082be478bd6c086daa447c4651605818287b9532d3d0bd435?s=96&d=mm&r=g\",\"caption\":\"Lo viste en Los Pol\u00edticos\"},\"url\":\"https:\\\/\\\/lospoliticosveracruz.com\\\/?author=2\"}]}<\/script>\n<!-- \/ Yoast SEO plugin. -->","yoast_head_json":{"title":"PAN Y MC, \u00bfFUTURA ALIANZA EN VERACRUZ? - Los pol\u00edticos Veracruz","robots":{"index":"index","follow":"follow","max-snippet":"max-snippet:-1","max-image-preview":"max-image-preview:large","max-video-preview":"max-video-preview:-1"},"canonical":"https:\/\/lospoliticosveracruz.com\/?p=129165","og_locale":"es_ES","og_type":"article","og_title":"PAN Y MC, \u00bfFUTURA ALIANZA EN VERACRUZ? - Los pol\u00edticos Veracruz","og_description":"Ricardo Chua Sale y Vale Despu\u00e9s que en este espacio mencionamos que posiblemente la alianza del PRI estatal de Adolfo Ram\u00edrez Aranaa con el PAN en Veracruz podr\u00eda no llevarse a cabo para el proceso electoral a las alcald\u00edas en 2025.. Dado que panistas \u00abjarochos\u00bb y miembros del comit\u00e9 nacional del PAN, han se\u00f1alado aliarse [&hellip;]","og_url":"https:\/\/lospoliticosveracruz.com\/?p=129165","og_site_name":"Los pol\u00edticos Veracruz","article_publisher":"https:\/\/www.facebook.com\/people\/Notimemes-de-los-Polticos\/61565672886568\/","article_published_time":"2024-08-27T13:08:21+00:00","article_modified_time":"2024-08-27T14:00:48+00:00","og_image":[{"width":1250,"height":667,"url":"https:\/\/lospoliticosveracruz.com\/wp-content\/uploads\/2024\/03\/Ricardo-Chua.jpg","type":"image\/jpeg"}],"author":"Lo viste en Los Pol\u00edticos","twitter_card":"summary_large_image","twitter_creator":"@LosPoliticosVer","twitter_site":"@LosPoliticosVer","twitter_misc":{"Escrito por":"Lo viste en Los Pol\u00edticos","Tiempo de lectura":"5 minutos"},"schema":{"@context":"https:\/\/schema.org","@graph":[{"@type":"Article","@id":"https:\/\/lospoliticosveracruz.com\/?p=129165#article","isPartOf":{"@id":"https:\/\/lospoliticosveracruz.com\/?p=129165"},"author":{"name":"Lo viste en Los Pol\u00edticos","@id":"https:\/\/lospoliticosveracruz.com\/#\/schema\/person\/b8702bb0e538456e6efd07080bf2a4a2"},"headline":"PAN Y MC, \u00bfFUTURA ALIANZA EN VERACRUZ?","datePublished":"2024-08-27T13:08:21+00:00","dateModified":"2024-08-27T14:00:48+00:00","mainEntityOfPage":{"@id":"https:\/\/lospoliticosveracruz.com\/?p=129165"},"wordCount":966,"publisher":{"@id":"https:\/\/lospoliticosveracruz.com\/#organization"},"image":{"@id":"https:\/\/lospoliticosveracruz.com\/?p=129165#primaryimage"},"thumbnailUrl":"https:\/\/lospoliticosveracruz.com\/wp-content\/uploads\/2024\/03\/Ricardo-Chua.jpg","keywords":["Alito Moreno","Dante Delgado","Morena","PAN","Pepe Yunes","PRI","Veracruz"],"articleSection":["De Opini\u00f3n"],"inLanguage":"es"},{"@type":"WebPage","@id":"https:\/\/lospoliticosveracruz.com\/?p=129165","url":"https:\/\/lospoliticosveracruz.com\/?p=129165","name":"PAN Y MC, \u00bfFUTURA ALIANZA EN VERACRUZ? - Los pol\u00edticos Veracruz","isPartOf":{"@id":"https:\/\/lospoliticosveracruz.com\/#website"},"primaryImageOfPage":{"@id":"https:\/\/lospoliticosveracruz.com\/?p=129165#primaryimage"},"image":{"@id":"https:\/\/lospoliticosveracruz.com\/?p=129165#primaryimage"},"thumbnailUrl":"https:\/\/lospoliticosveracruz.com\/wp-content\/uploads\/2024\/03\/Ricardo-Chua.jpg","datePublished":"2024-08-27T13:08:21+00:00","dateModified":"2024-08-27T14:00:48+00:00","breadcrumb":{"@id":"https:\/\/lospoliticosveracruz.com\/?p=129165#breadcrumb"},"inLanguage":"es","potentialAction":[{"@type":"ReadAction","target":["https:\/\/lospoliticosveracruz.com\/?p=129165"]}]},{"@type":"ImageObject","inLanguage":"es","@id":"https:\/\/lospoliticosveracruz.com\/?p=129165#primaryimage","url":"https:\/\/lospoliticosveracruz.com\/wp-content\/uploads\/2024\/03\/Ricardo-Chua.jpg","contentUrl":"https:\/\/lospoliticosveracruz.com\/wp-content\/uploads\/2024\/03\/Ricardo-Chua.jpg","width":1250,"height":667},{"@type":"BreadcrumbList","@id":"https:\/\/lospoliticosveracruz.com\/?p=129165#breadcrumb","itemListElement":[{"@type":"ListItem","position":1,"name":"Portada","item":"https:\/\/lospoliticosveracruz.com\/"},{"@type":"ListItem","position":2,"name":"PAN Y MC, \u00bfFUTURA ALIANZA EN VERACRUZ?"}]},{"@type":"WebSite","@id":"https:\/\/lospoliticosveracruz.com\/#website","url":"https:\/\/lospoliticosveracruz.com\/","name":"Los pol\u00edticos Veracruz","description":"","publisher":{"@id":"https:\/\/lospoliticosveracruz.com\/#organization"},"potentialAction":[{"@type":"SearchAction","target":{"@type":"EntryPoint","urlTemplate":"https:\/\/lospoliticosveracruz.com\/?s={search_term_string}"},"query-input":{"@type":"PropertyValueSpecification","valueRequired":true,"valueName":"search_term_string"}}],"inLanguage":"es"},{"@type":"Organization","@id":"https:\/\/lospoliticosveracruz.com\/#organization","name":"Los pol\u00edticos Veracruz","url":"https:\/\/lospoliticosveracruz.com\/","logo":{"@type":"ImageObject","inLanguage":"es","@id":"https:\/\/lospoliticosveracruz.com\/#\/schema\/logo\/image\/","url":"https:\/\/lospoliticosveracruz.com\/wp-content\/uploads\/2025\/12\/Logo-Nuevo-LOS-POLITICOS-1.jpg","contentUrl":"https:\/\/lospoliticosveracruz.com\/wp-content\/uploads\/2025\/12\/Logo-Nuevo-LOS-POLITICOS-1.jpg","width":260,"height":70,"caption":"Los pol\u00edticos Veracruz"},"image":{"@id":"https:\/\/lospoliticosveracruz.com\/#\/schema\/logo\/image\/"},"sameAs":["https:\/\/www.facebook.com\/people\/Notimemes-de-los-Polticos\/61565672886568\/","https:\/\/x.com\/LosPoliticosVer"]},{"@type":"Person","@id":"https:\/\/lospoliticosveracruz.com\/#\/schema\/person\/b8702bb0e538456e6efd07080bf2a4a2","name":"Lo viste en Los Pol\u00edticos","image":{"@type":"ImageObject","inLanguage":"es","@id":"https:\/\/secure.gravatar.com\/avatar\/3a8de04a2656d44082be478bd6c086daa447c4651605818287b9532d3d0bd435?s=96&d=mm&r=g","url":"https:\/\/secure.gravatar.com\/avatar\/3a8de04a2656d44082be478bd6c086daa447c4651605818287b9532d3d0bd435?s=96&d=mm&r=g","contentUrl":"https:\/\/secure.gravatar.com\/avatar\/3a8de04a2656d44082be478bd6c086daa447c4651605818287b9532d3d0bd435?s=96&d=mm&r=g","caption":"Lo viste en Los Pol\u00edticos"},"url":"https:\/\/lospoliticosveracruz.com\/?author=2"}]}},"_links":{"self":[{"href":"https:\/\/lospoliticosveracruz.com\/index.php?rest_route=\/wp\/v2\/posts\/129165","targetHints":{"allow":["GET"]}}],"collection":[{"href":"https:\/\/lospoliticosveracruz.com\/index.php?rest_route=\/wp\/v2\/posts"}],"about":[{"href":"https:\/\/lospoliticosveracruz.com\/index.php?rest_route=\/wp\/v2\/types\/post"}],"author":[{"embeddable":true,"href":"https:\/\/lospoliticosveracruz.com\/index.php?rest_route=\/wp\/v2\/users\/2"}],"replies":[{"embeddable":true,"href":"https:\/\/lospoliticosveracruz.com\/index.php?rest_route=%2Fwp%2Fv2%2Fcomments&post=129165"}],"version-history":[{"count":2,"href":"https:\/\/lospoliticosveracruz.com\/index.php?rest_route=\/wp\/v2\/posts\/129165\/revisions"}],"predecessor-version":[{"id":129170,"href":"https:\/\/lospoliticosveracruz.com\/index.php?rest_route=\/wp\/v2\/posts\/129165\/revisions\/129170"}],"wp:featuredmedia":[{"embeddable":true,"href":"https:\/\/lospoliticosveracruz.com\/index.php?rest_route=\/wp\/v2\/media\/119817"}],"wp:attachment":[{"href":"https:\/\/lospoliticosveracruz.com\/index.php?rest_route=%2Fwp%2Fv2%2Fmedia&parent=129165"}],"wp:term":[{"taxonomy":"category","embeddable":true,"href":"https:\/\/lospoliticosveracruz.com\/index.php?rest_route=%2Fwp%2Fv2%2Fcategories&post=129165"},{"taxonomy":"post_tag","embeddable":true,"href":"https:\/\/lospoliticosveracruz.com\/index.php?rest_route=%2Fwp%2Fv2%2Ftags&post=129165"}],"curies":[{"name":"wp","href":"https:\/\/api.w.org\/{rel}","templated":true}]}}