{"id":129173,"date":"2024-08-27T10:56:57","date_gmt":"2024-08-27T15:56:57","guid":{"rendered":"https:\/\/lospoliticosveracruz.com.mx\/?p=129173"},"modified":"2024-08-27T11:19:56","modified_gmt":"2024-08-27T16:19:56","slug":"el-internacional-grupo-de-diez","status":"publish","type":"post","link":"https:\/\/lospoliticosveracruz.com\/?p=129173","title":{"rendered":"EL INTERNACIONAL GRUPO DE LOS 10"},"content":{"rendered":"\n<p><strong>Sergio Gonz\u00e1lez Levet<\/strong><\/p>\n\n\n\n<p><em>Sin tacto<\/em><\/p>\n\n\n\n<p>\u201cRecuerde el alma dormida, avive el seso y despierte contemplando c\u00f3mo se pasa la vida\u201d. Jorge Manrique, el gran poeta espa\u00f1ol del siglo XV, nos recuerda con sus coplas inmortales a la muerte de su padre que la vida es una barca en la que recorremos sin cesar los r\u00edos de la existencia.<\/p>\n\n\n<div class=\"wp-block-image\">\n<figure class=\"alignleft size-medium\"><a href=\"https:\/\/lospoliticosveracruz.com.mx\/wp-content\/uploads\/2021\/10\/Zacauilt.jpg\"><img decoding=\"async\" src=\"https:\/\/lospoliticosveracruz.com.mx\/wp-content\/uploads\/2021\/10\/Zacauilt-150x300.jpg\" alt=\"\" class=\"wp-image-80558\"\/><\/a><\/figure>\n<\/div>\n\n\n<p>&nbsp; &nbsp;&nbsp;&nbsp;Varios compa\u00f1eros nos pusimos a hacer la cuenta y nos dimos lo mismo de que sin querer y sin que importara mucho llegamos a los diez a\u00f1os de existencia del Grupo de los Diez; una d\u00e9cada en la que han pasado muchas cosas en el pa\u00eds y en el estado; cosas que nunca imagin\u00e1bamos que pod\u00edan suceder, como un Gobernador que no termin\u00f3 su sexenio pero s\u00ed acab\u00f3 en la c\u00e1rcel, o que Miguel \u00c1ngel Yunes Linares derrotara como lo hizo al aparato priista y culminara su sue\u00f1o de llegar a la silla mayor de Veracruz aunque fuera por dos a\u00f1os, o que un desconocido -y desconocedor- llegara a la gubernatura\u2026 y tantas cosas m\u00e1s que nos llenaron la vida de sucesos que acabaron con nuestra capacidad de asombro y con nuestra sorpresa de ciudadanos del mejor estado del pa\u00eds y del mundo.<\/p>\n\n\n\n<p>&nbsp;&nbsp;&nbsp;&nbsp; Hacemos un corte de caja de estos diez a\u00f1os y nos damos cuenta de que hemos logrado persistir como grupo gracias precisamente a que hemos carecido de lo que une a ciertas asociaciones de periodistas y a muchas invenciones de seudo periodistas.<\/p>\n\n\n\n<p>&nbsp;&nbsp;&nbsp;&nbsp; Precisamente, el Grupo de los Diez no es una asociaci\u00f3n que tenga estatutos, cargos, normas internas, cuotas. Hemos sido simplemente una reuni\u00f3n de amigos que nos juntamos cada que se puede con funcionarios o con hombres p\u00fablicos o con protagonistas del hecho social para platicar con ellos y hacer lo que es la raz\u00f3n primigenia de nuestro oficio: preguntar.<\/p>\n\n\n\n<p>&nbsp;&nbsp;&nbsp;&nbsp; De todas esas preguntas que hemos formulado con la m\u00e1s absoluta libertad, porque sabemos que la tenemos ganada, han salido innumerables notas, informaciones, comentarios, revelaciones que han nutrido nuestras plumas y que han alegrado nuestra profesi\u00f3n.<\/p>\n\n\n\n<p>&nbsp;&nbsp;&nbsp;&nbsp; Inicialmente, el G-10 fue un grupo local xalape\u00f1o, pero de alguna manera extendimos nuestras fronteras cuando se integraron compa\u00f1eros del Puerto de Veracruz: Esa\u00fa Valencia, Ra\u00fal Olivares, Guadalupe H. Mar, y finalmente nos volvimos internacionales -como la Sonora Santanera- cuando gustosamente entraron a formar parte Ra\u00fal Peimbert desde Houston, Sonia Garc\u00eda desde Barcelona y Camilo Gonz\u00e1lez de Le\u00f3n desde los Pa\u00edses Bajos.<\/p>\n\n\n\n<p>&nbsp;&nbsp;&nbsp;&nbsp; Y logramos tambi\u00e9n cortar el Club de Tobi cuando llegaron por sus propios m\u00e9ritos compa\u00f1eras como la mencionada Lupita Mar, Viridiana Bret\u00f3n Feito, Eleaney Sesma y Noem\u00ed Vald\u00e9s.<\/p>\n\n\n\n<p>&nbsp;&nbsp;&nbsp;&nbsp; En diez a\u00f1os perdimos a cinco compa\u00f1eros queridos: Gabriel Arellano, Alfredo Espinosa, \u00c1lvaro Bel\u00edn, Miguel L\u00f3pez Azuara y Rodolfo Soler.<\/p>\n\n\n\n<p>&nbsp;&nbsp;&nbsp;&nbsp; En todo ese tiempo hemos sostenido m\u00e1s de 500 reuniones con personajes que se han atrevido a ponerse frente a una bater\u00eda de experimentados reporteros que disparan a mansalva sus cuestionamientos, pero que tambi\u00e9n entienden que la funci\u00f3n p\u00fablica muchas veces es ingrata y siempre es una gran alcahueta para los esp\u00edritus d\u00e9biles.<\/p>\n\n\n\n<p>&nbsp;&nbsp;&nbsp;&nbsp; Ahora, los Diez somos 30. No caben en este espacio todos los nombres, pero sabemos que permaneceremos unidos por la amistad y por la inmensa vocaci\u00f3n compartida que nos ha hecho lo que somos.<\/p>\n\n\n\n<p>sglevet@gmail.com<\/p>\n","protected":false},"excerpt":{"rendered":"<p>Sergio Gonz\u00e1lez Levet Sin tacto \u201cRecuerde el alma dormida, avive el seso y despierte contemplando c\u00f3mo se pasa la vida\u201d. Jorge Manrique, el gran poeta espa\u00f1ol del siglo XV, nos recuerda con sus coplas inmortales a la muerte de su padre que la vida es una barca en la que recorremos sin cesar los r\u00edos [&hellip;]<\/p>\n","protected":false},"author":2,"featured_media":119911,"comment_status":"closed","ping_status":"closed","sticky":false,"template":"","format":"standard","meta":{"tdm_status":"","tdm_grid_status":"","footnotes":""},"categories":[70],"tags":[41651,13171,1606,41650,1282,4508],"class_list":{"0":"post-129173","1":"post","2":"type-post","3":"status-publish","4":"format-standard","5":"has-post-thumbnail","7":"category-de-opinion","8":"tag-camilo-gonzalez-de-leon","9":"tag-esau-valencia","10":"tag-guadalupe-h-mar","11":"tag-raul-olivares","12":"tag-sergio-gonzalez-levet","13":"tag-sonia-garcia"},"yoast_head":"<!-- This site is optimized with the Yoast SEO plugin v27.4 - https:\/\/yoast.com\/product\/yoast-seo-wordpress\/ -->\n<title>EL INTERNACIONAL GRUPO DE LOS 10 - Los pol\u00edticos Veracruz<\/title>\n<meta name=\"robots\" content=\"index, follow, max-snippet:-1, max-image-preview:large, max-video-preview:-1\" \/>\n<link rel=\"canonical\" href=\"https:\/\/lospoliticosveracruz.com\/?p=129173\" \/>\n<meta property=\"og:locale\" content=\"es_ES\" \/>\n<meta property=\"og:type\" content=\"article\" \/>\n<meta property=\"og:title\" content=\"EL INTERNACIONAL GRUPO DE LOS 10 - Los pol\u00edticos Veracruz\" \/>\n<meta property=\"og:description\" content=\"Sergio Gonz\u00e1lez Levet Sin tacto \u201cRecuerde el alma dormida, avive el seso y despierte contemplando c\u00f3mo se pasa la vida\u201d. Jorge Manrique, el gran poeta espa\u00f1ol del siglo XV, nos recuerda con sus coplas inmortales a la muerte de su padre que la vida es una barca en la que recorremos sin cesar los r\u00edos [&hellip;]\" \/>\n<meta property=\"og:url\" content=\"https:\/\/lospoliticosveracruz.com\/?p=129173\" \/>\n<meta property=\"og:site_name\" content=\"Los pol\u00edticos Veracruz\" \/>\n<meta property=\"article:publisher\" content=\"https:\/\/www.facebook.com\/people\/Notimemes-de-los-Polticos\/61565672886568\/\" \/>\n<meta property=\"article:published_time\" content=\"2024-08-27T15:56:57+00:00\" \/>\n<meta property=\"article:modified_time\" content=\"2024-08-27T16:19:56+00:00\" \/>\n<meta property=\"og:image\" content=\"https:\/\/lospoliticosveracruz.com\/wp-content\/uploads\/2024\/03\/Levet.jpg\" \/>\n\t<meta property=\"og:image:width\" content=\"1250\" \/>\n\t<meta property=\"og:image:height\" content=\"667\" \/>\n\t<meta property=\"og:image:type\" content=\"image\/jpeg\" \/>\n<meta name=\"author\" content=\"Lo viste en Los Pol\u00edticos\" \/>\n<meta name=\"twitter:card\" content=\"summary_large_image\" \/>\n<meta name=\"twitter:creator\" content=\"@LosPoliticosVer\" \/>\n<meta name=\"twitter:site\" content=\"@LosPoliticosVer\" \/>\n<meta name=\"twitter:label1\" content=\"Escrito por\" \/>\n\t<meta name=\"twitter:data1\" content=\"Lo viste en Los Pol\u00edticos\" \/>\n\t<meta name=\"twitter:label2\" content=\"Tiempo de lectura\" \/>\n\t<meta name=\"twitter:data2\" content=\"3 minutos\" \/>\n<script type=\"application\/ld+json\" class=\"yoast-schema-graph\">{\"@context\":\"https:\\\/\\\/schema.org\",\"@graph\":[{\"@type\":\"Article\",\"@id\":\"https:\\\/\\\/lospoliticosveracruz.com\\\/?p=129173#article\",\"isPartOf\":{\"@id\":\"https:\\\/\\\/lospoliticosveracruz.com\\\/?p=129173\"},\"author\":{\"name\":\"Lo viste en Los Pol\u00edticos\",\"@id\":\"https:\\\/\\\/lospoliticosveracruz.com\\\/#\\\/schema\\\/person\\\/b8702bb0e538456e6efd07080bf2a4a2\"},\"headline\":\"EL INTERNACIONAL GRUPO DE LOS 10\",\"datePublished\":\"2024-08-27T15:56:57+00:00\",\"dateModified\":\"2024-08-27T16:19:56+00:00\",\"mainEntityOfPage\":{\"@id\":\"https:\\\/\\\/lospoliticosveracruz.com\\\/?p=129173\"},\"wordCount\":624,\"publisher\":{\"@id\":\"https:\\\/\\\/lospoliticosveracruz.com\\\/#organization\"},\"image\":{\"@id\":\"https:\\\/\\\/lospoliticosveracruz.com\\\/?p=129173#primaryimage\"},\"thumbnailUrl\":\"https:\\\/\\\/lospoliticosveracruz.com\\\/wp-content\\\/uploads\\\/2024\\\/03\\\/Levet.jpg\",\"keywords\":[\"Camilo Gonz\u00e1lez de Le\u00f3n\",\"Esa\u00fa Valencia\",\"Guadalupe H. Mar\",\"Ra\u00fal Olivares\",\"Sergio Gonz\u00e1lez Levet\",\"Sonia Garc\u00eda\"],\"articleSection\":[\"De Opini\u00f3n\"],\"inLanguage\":\"es\"},{\"@type\":\"WebPage\",\"@id\":\"https:\\\/\\\/lospoliticosveracruz.com\\\/?p=129173\",\"url\":\"https:\\\/\\\/lospoliticosveracruz.com\\\/?p=129173\",\"name\":\"EL INTERNACIONAL GRUPO DE LOS 10 - Los pol\u00edticos Veracruz\",\"isPartOf\":{\"@id\":\"https:\\\/\\\/lospoliticosveracruz.com\\\/#website\"},\"primaryImageOfPage\":{\"@id\":\"https:\\\/\\\/lospoliticosveracruz.com\\\/?p=129173#primaryimage\"},\"image\":{\"@id\":\"https:\\\/\\\/lospoliticosveracruz.com\\\/?p=129173#primaryimage\"},\"thumbnailUrl\":\"https:\\\/\\\/lospoliticosveracruz.com\\\/wp-content\\\/uploads\\\/2024\\\/03\\\/Levet.jpg\",\"datePublished\":\"2024-08-27T15:56:57+00:00\",\"dateModified\":\"2024-08-27T16:19:56+00:00\",\"breadcrumb\":{\"@id\":\"https:\\\/\\\/lospoliticosveracruz.com\\\/?p=129173#breadcrumb\"},\"inLanguage\":\"es\",\"potentialAction\":[{\"@type\":\"ReadAction\",\"target\":[\"https:\\\/\\\/lospoliticosveracruz.com\\\/?p=129173\"]}]},{\"@type\":\"ImageObject\",\"inLanguage\":\"es\",\"@id\":\"https:\\\/\\\/lospoliticosveracruz.com\\\/?p=129173#primaryimage\",\"url\":\"https:\\\/\\\/lospoliticosveracruz.com\\\/wp-content\\\/uploads\\\/2024\\\/03\\\/Levet.jpg\",\"contentUrl\":\"https:\\\/\\\/lospoliticosveracruz.com\\\/wp-content\\\/uploads\\\/2024\\\/03\\\/Levet.jpg\",\"width\":1250,\"height\":667},{\"@type\":\"BreadcrumbList\",\"@id\":\"https:\\\/\\\/lospoliticosveracruz.com\\\/?p=129173#breadcrumb\",\"itemListElement\":[{\"@type\":\"ListItem\",\"position\":1,\"name\":\"Portada\",\"item\":\"https:\\\/\\\/lospoliticosveracruz.com\\\/\"},{\"@type\":\"ListItem\",\"position\":2,\"name\":\"EL INTERNACIONAL GRUPO DE LOS 10\"}]},{\"@type\":\"WebSite\",\"@id\":\"https:\\\/\\\/lospoliticosveracruz.com\\\/#website\",\"url\":\"https:\\\/\\\/lospoliticosveracruz.com\\\/\",\"name\":\"Los pol\u00edticos Veracruz\",\"description\":\"\",\"publisher\":{\"@id\":\"https:\\\/\\\/lospoliticosveracruz.com\\\/#organization\"},\"potentialAction\":[{\"@type\":\"SearchAction\",\"target\":{\"@type\":\"EntryPoint\",\"urlTemplate\":\"https:\\\/\\\/lospoliticosveracruz.com\\\/?s={search_term_string}\"},\"query-input\":{\"@type\":\"PropertyValueSpecification\",\"valueRequired\":true,\"valueName\":\"search_term_string\"}}],\"inLanguage\":\"es\"},{\"@type\":\"Organization\",\"@id\":\"https:\\\/\\\/lospoliticosveracruz.com\\\/#organization\",\"name\":\"Los pol\u00edticos Veracruz\",\"url\":\"https:\\\/\\\/lospoliticosveracruz.com\\\/\",\"logo\":{\"@type\":\"ImageObject\",\"inLanguage\":\"es\",\"@id\":\"https:\\\/\\\/lospoliticosveracruz.com\\\/#\\\/schema\\\/logo\\\/image\\\/\",\"url\":\"https:\\\/\\\/lospoliticosveracruz.com\\\/wp-content\\\/uploads\\\/2025\\\/12\\\/Logo-Nuevo-LOS-POLITICOS-1.jpg\",\"contentUrl\":\"https:\\\/\\\/lospoliticosveracruz.com\\\/wp-content\\\/uploads\\\/2025\\\/12\\\/Logo-Nuevo-LOS-POLITICOS-1.jpg\",\"width\":260,\"height\":70,\"caption\":\"Los pol\u00edticos Veracruz\"},\"image\":{\"@id\":\"https:\\\/\\\/lospoliticosveracruz.com\\\/#\\\/schema\\\/logo\\\/image\\\/\"},\"sameAs\":[\"https:\\\/\\\/www.facebook.com\\\/people\\\/Notimemes-de-los-Polticos\\\/61565672886568\\\/\",\"https:\\\/\\\/x.com\\\/LosPoliticosVer\"]},{\"@type\":\"Person\",\"@id\":\"https:\\\/\\\/lospoliticosveracruz.com\\\/#\\\/schema\\\/person\\\/b8702bb0e538456e6efd07080bf2a4a2\",\"name\":\"Lo viste en Los Pol\u00edticos\",\"image\":{\"@type\":\"ImageObject\",\"inLanguage\":\"es\",\"@id\":\"https:\\\/\\\/secure.gravatar.com\\\/avatar\\\/3a8de04a2656d44082be478bd6c086daa447c4651605818287b9532d3d0bd435?s=96&d=mm&r=g\",\"url\":\"https:\\\/\\\/secure.gravatar.com\\\/avatar\\\/3a8de04a2656d44082be478bd6c086daa447c4651605818287b9532d3d0bd435?s=96&d=mm&r=g\",\"contentUrl\":\"https:\\\/\\\/secure.gravatar.com\\\/avatar\\\/3a8de04a2656d44082be478bd6c086daa447c4651605818287b9532d3d0bd435?s=96&d=mm&r=g\",\"caption\":\"Lo viste en Los Pol\u00edticos\"},\"url\":\"https:\\\/\\\/lospoliticosveracruz.com\\\/?author=2\"}]}<\/script>\n<!-- \/ Yoast SEO plugin. -->","yoast_head_json":{"title":"EL INTERNACIONAL GRUPO DE LOS 10 - Los pol\u00edticos Veracruz","robots":{"index":"index","follow":"follow","max-snippet":"max-snippet:-1","max-image-preview":"max-image-preview:large","max-video-preview":"max-video-preview:-1"},"canonical":"https:\/\/lospoliticosveracruz.com\/?p=129173","og_locale":"es_ES","og_type":"article","og_title":"EL INTERNACIONAL GRUPO DE LOS 10 - Los pol\u00edticos Veracruz","og_description":"Sergio Gonz\u00e1lez Levet Sin tacto \u201cRecuerde el alma dormida, avive el seso y despierte contemplando c\u00f3mo se pasa la vida\u201d. Jorge Manrique, el gran poeta espa\u00f1ol del siglo XV, nos recuerda con sus coplas inmortales a la muerte de su padre que la vida es una barca en la que recorremos sin cesar los r\u00edos [&hellip;]","og_url":"https:\/\/lospoliticosveracruz.com\/?p=129173","og_site_name":"Los pol\u00edticos Veracruz","article_publisher":"https:\/\/www.facebook.com\/people\/Notimemes-de-los-Polticos\/61565672886568\/","article_published_time":"2024-08-27T15:56:57+00:00","article_modified_time":"2024-08-27T16:19:56+00:00","og_image":[{"width":1250,"height":667,"url":"https:\/\/lospoliticosveracruz.com\/wp-content\/uploads\/2024\/03\/Levet.jpg","type":"image\/jpeg"}],"author":"Lo viste en Los Pol\u00edticos","twitter_card":"summary_large_image","twitter_creator":"@LosPoliticosVer","twitter_site":"@LosPoliticosVer","twitter_misc":{"Escrito por":"Lo viste en Los Pol\u00edticos","Tiempo de lectura":"3 minutos"},"schema":{"@context":"https:\/\/schema.org","@graph":[{"@type":"Article","@id":"https:\/\/lospoliticosveracruz.com\/?p=129173#article","isPartOf":{"@id":"https:\/\/lospoliticosveracruz.com\/?p=129173"},"author":{"name":"Lo viste en Los Pol\u00edticos","@id":"https:\/\/lospoliticosveracruz.com\/#\/schema\/person\/b8702bb0e538456e6efd07080bf2a4a2"},"headline":"EL INTERNACIONAL GRUPO DE LOS 10","datePublished":"2024-08-27T15:56:57+00:00","dateModified":"2024-08-27T16:19:56+00:00","mainEntityOfPage":{"@id":"https:\/\/lospoliticosveracruz.com\/?p=129173"},"wordCount":624,"publisher":{"@id":"https:\/\/lospoliticosveracruz.com\/#organization"},"image":{"@id":"https:\/\/lospoliticosveracruz.com\/?p=129173#primaryimage"},"thumbnailUrl":"https:\/\/lospoliticosveracruz.com\/wp-content\/uploads\/2024\/03\/Levet.jpg","keywords":["Camilo Gonz\u00e1lez de Le\u00f3n","Esa\u00fa Valencia","Guadalupe H. Mar","Ra\u00fal Olivares","Sergio Gonz\u00e1lez Levet","Sonia Garc\u00eda"],"articleSection":["De Opini\u00f3n"],"inLanguage":"es"},{"@type":"WebPage","@id":"https:\/\/lospoliticosveracruz.com\/?p=129173","url":"https:\/\/lospoliticosveracruz.com\/?p=129173","name":"EL INTERNACIONAL GRUPO DE LOS 10 - Los pol\u00edticos Veracruz","isPartOf":{"@id":"https:\/\/lospoliticosveracruz.com\/#website"},"primaryImageOfPage":{"@id":"https:\/\/lospoliticosveracruz.com\/?p=129173#primaryimage"},"image":{"@id":"https:\/\/lospoliticosveracruz.com\/?p=129173#primaryimage"},"thumbnailUrl":"https:\/\/lospoliticosveracruz.com\/wp-content\/uploads\/2024\/03\/Levet.jpg","datePublished":"2024-08-27T15:56:57+00:00","dateModified":"2024-08-27T16:19:56+00:00","breadcrumb":{"@id":"https:\/\/lospoliticosveracruz.com\/?p=129173#breadcrumb"},"inLanguage":"es","potentialAction":[{"@type":"ReadAction","target":["https:\/\/lospoliticosveracruz.com\/?p=129173"]}]},{"@type":"ImageObject","inLanguage":"es","@id":"https:\/\/lospoliticosveracruz.com\/?p=129173#primaryimage","url":"https:\/\/lospoliticosveracruz.com\/wp-content\/uploads\/2024\/03\/Levet.jpg","contentUrl":"https:\/\/lospoliticosveracruz.com\/wp-content\/uploads\/2024\/03\/Levet.jpg","width":1250,"height":667},{"@type":"BreadcrumbList","@id":"https:\/\/lospoliticosveracruz.com\/?p=129173#breadcrumb","itemListElement":[{"@type":"ListItem","position":1,"name":"Portada","item":"https:\/\/lospoliticosveracruz.com\/"},{"@type":"ListItem","position":2,"name":"EL INTERNACIONAL GRUPO DE LOS 10"}]},{"@type":"WebSite","@id":"https:\/\/lospoliticosveracruz.com\/#website","url":"https:\/\/lospoliticosveracruz.com\/","name":"Los pol\u00edticos Veracruz","description":"","publisher":{"@id":"https:\/\/lospoliticosveracruz.com\/#organization"},"potentialAction":[{"@type":"SearchAction","target":{"@type":"EntryPoint","urlTemplate":"https:\/\/lospoliticosveracruz.com\/?s={search_term_string}"},"query-input":{"@type":"PropertyValueSpecification","valueRequired":true,"valueName":"search_term_string"}}],"inLanguage":"es"},{"@type":"Organization","@id":"https:\/\/lospoliticosveracruz.com\/#organization","name":"Los pol\u00edticos Veracruz","url":"https:\/\/lospoliticosveracruz.com\/","logo":{"@type":"ImageObject","inLanguage":"es","@id":"https:\/\/lospoliticosveracruz.com\/#\/schema\/logo\/image\/","url":"https:\/\/lospoliticosveracruz.com\/wp-content\/uploads\/2025\/12\/Logo-Nuevo-LOS-POLITICOS-1.jpg","contentUrl":"https:\/\/lospoliticosveracruz.com\/wp-content\/uploads\/2025\/12\/Logo-Nuevo-LOS-POLITICOS-1.jpg","width":260,"height":70,"caption":"Los pol\u00edticos Veracruz"},"image":{"@id":"https:\/\/lospoliticosveracruz.com\/#\/schema\/logo\/image\/"},"sameAs":["https:\/\/www.facebook.com\/people\/Notimemes-de-los-Polticos\/61565672886568\/","https:\/\/x.com\/LosPoliticosVer"]},{"@type":"Person","@id":"https:\/\/lospoliticosveracruz.com\/#\/schema\/person\/b8702bb0e538456e6efd07080bf2a4a2","name":"Lo viste en Los Pol\u00edticos","image":{"@type":"ImageObject","inLanguage":"es","@id":"https:\/\/secure.gravatar.com\/avatar\/3a8de04a2656d44082be478bd6c086daa447c4651605818287b9532d3d0bd435?s=96&d=mm&r=g","url":"https:\/\/secure.gravatar.com\/avatar\/3a8de04a2656d44082be478bd6c086daa447c4651605818287b9532d3d0bd435?s=96&d=mm&r=g","contentUrl":"https:\/\/secure.gravatar.com\/avatar\/3a8de04a2656d44082be478bd6c086daa447c4651605818287b9532d3d0bd435?s=96&d=mm&r=g","caption":"Lo viste en Los Pol\u00edticos"},"url":"https:\/\/lospoliticosveracruz.com\/?author=2"}]}},"_links":{"self":[{"href":"https:\/\/lospoliticosveracruz.com\/index.php?rest_route=\/wp\/v2\/posts\/129173","targetHints":{"allow":["GET"]}}],"collection":[{"href":"https:\/\/lospoliticosveracruz.com\/index.php?rest_route=\/wp\/v2\/posts"}],"about":[{"href":"https:\/\/lospoliticosveracruz.com\/index.php?rest_route=\/wp\/v2\/types\/post"}],"author":[{"embeddable":true,"href":"https:\/\/lospoliticosveracruz.com\/index.php?rest_route=\/wp\/v2\/users\/2"}],"replies":[{"embeddable":true,"href":"https:\/\/lospoliticosveracruz.com\/index.php?rest_route=%2Fwp%2Fv2%2Fcomments&post=129173"}],"version-history":[{"count":2,"href":"https:\/\/lospoliticosveracruz.com\/index.php?rest_route=\/wp\/v2\/posts\/129173\/revisions"}],"predecessor-version":[{"id":129178,"href":"https:\/\/lospoliticosveracruz.com\/index.php?rest_route=\/wp\/v2\/posts\/129173\/revisions\/129178"}],"wp:featuredmedia":[{"embeddable":true,"href":"https:\/\/lospoliticosveracruz.com\/index.php?rest_route=\/wp\/v2\/media\/119911"}],"wp:attachment":[{"href":"https:\/\/lospoliticosveracruz.com\/index.php?rest_route=%2Fwp%2Fv2%2Fmedia&parent=129173"}],"wp:term":[{"taxonomy":"category","embeddable":true,"href":"https:\/\/lospoliticosveracruz.com\/index.php?rest_route=%2Fwp%2Fv2%2Fcategories&post=129173"},{"taxonomy":"post_tag","embeddable":true,"href":"https:\/\/lospoliticosveracruz.com\/index.php?rest_route=%2Fwp%2Fv2%2Ftags&post=129173"}],"curies":[{"name":"wp","href":"https:\/\/api.w.org\/{rel}","templated":true}]}}