{"id":129210,"date":"2024-08-28T06:06:10","date_gmt":"2024-08-28T11:06:10","guid":{"rendered":"https:\/\/lospoliticosveracruz.com.mx\/?p=129210"},"modified":"2024-08-28T09:15:18","modified_gmt":"2024-08-28T14:15:18","slug":"la-ssp-de-nahle","status":"publish","type":"post","link":"https:\/\/lospoliticosveracruz.com\/?p=129210","title":{"rendered":"LA SSP DE NAHLE"},"content":{"rendered":"\n<p><strong>Ricardo Chua<\/strong><\/p>\n\n\n\n<p><em>Sale y Vale<\/em><\/p>\n\n\n\n<p>EXCLUSIVA&#8230; Trascendi\u00f3 dentro del equipo de trabajo de la gobernadora electa, Roc\u00edo Nahle Garc\u00eda, que realiza labores pol\u00edticas y de transici\u00f3n con la actual administraci\u00f3n estatal de Cuitl\u00e1huac Garc\u00eda.. Que para el cargo del nuevo titular de la Secretar\u00eda de Seguridad P\u00fablica del Estado, que empezar\u00e1 funciones el pr\u00f3ximo 1 de diciembre, est\u00e1 siendo invitado un alto mando retirado de la Secretar\u00eda de Marina, que todo parece indicar es un capit\u00e1n de Nav\u00edo, oriundo del norte de la entidad..<\/p>\n\n\n<div class=\"wp-block-image\">\n<figure class=\"alignleft size-thumbnail\"><a href=\"https:\/\/lospoliticosveracruz.com.mx\/wp-content\/uploads\/2024\/05\/IMG_0341-e1716950925234.jpeg\"><img loading=\"lazy\" decoding=\"async\" width=\"150\" height=\"150\" src=\"https:\/\/lospoliticosveracruz.com.mx\/wp-content\/uploads\/2024\/05\/IMG_0341-150x150.jpeg\" alt=\"\" class=\"wp-image-125332\"\/><\/a><\/figure>\n<\/div>\n\n\n<p>Al parecer, Roc\u00edo Nahle quiere que para ese cargo tan delicado que es la seguridad del Estado, se quede en manos de la Armada de M\u00e9xico, para que ellos implementen operativos necesarios en Veracruz para que bajen los \u00edndices de criminalidad y delincuencia, que en estos \u00faltimos meses ha estado a la alza.. Buscando con ello, una prevenci\u00f3n del delito y que la sociedad se sienta segura en esta entidad.. Un tema que dej\u00f3 pendiente y con muy malas cuentas, el actual gobernador, Cuitl\u00e1huac Garc\u00eda Jim\u00e9nez..<\/p>\n\n\n\n<p>As\u00ed que para nadie ser\u00e1 una sorpresa que un alto mando retirado de la Secretar\u00eda de Marina.. Se quede con este cargo y se coordine de manera directa con Omar Garc\u00eda Harfuch, el futuro secretario de Seguridad P\u00fablica del pa\u00eds en el gobierno de la Presidenta Electa, Claudia Shienbaum.. Todo indica que el equipo de transici\u00f3n de Roc\u00edo Nahle.. Ya no quiere un civil a cargo de la SSP en Veracruz.. Y por ello, es que desea que un mando naval-militar se sume a su administraci\u00f3n en esta \u00e1rea..<\/p>\n\n\n\n<p>Se dice que ya se ha platicado con varios de estos personajes, que podr\u00edan quedarse con la SSP en Veracruz.. Y que tambi\u00e9n estos mismos, ya est\u00e1n hablando con otros mando de la Armada de M\u00e9xico, en retiro y en activo, para que se integren a sus equipo de trabajo en la dependencia estatal.. Si la gobernadora electa decide por alguno de ellos.. Por lo que, quien quede de titular, ya llegar\u00eda con un equipo de trabajo listo para empezar en diciembre.. Habr\u00e1 que ver por qui\u00e9n se deciden.. AMEN.. Pero va un naval..<\/p>\n\n\n\n<p>DE NUEVO, LA INSEGURIDAD EN VERACRUZ.. El gobernador, Cuitl\u00e1huac Garc\u00eda podr\u00e1 continuar con el mismo argumento del tema sobre la inseguridad que se vive en Veracruz.. Y decir lo de siempre, que los \u00edndices de delitos han bajado.. Echar la culpa a gobiernos pasados como el de Javier Duarte o Miguel \u00c1ngel Yunes, de que hab\u00eda m\u00e1s violencia en esas administraciones y que nadie dijo nada.. Pero \u00e9l, como mandatario estatal, le fall\u00f3 a los veracruzanos en esta materia..<\/p>\n\n\n\n<p>Cuitl\u00e1huac Garc\u00eda gobernar\u00e1 por casi 6 a\u00f1os en Veracruz.. Y no cumpli\u00f3 las expectativas en materia de seguridad p\u00fablica.. Fall\u00f3 en la prevenci\u00f3n del delito.. Y eso, aunque trate de ocultarlo echando culpas al pasado, a la sociedad le queda muy claro cu\u00e1les fueron estas fallas.. No han faltado casos para que esto se pueda decir que es una falsedad.. Hay cr\u00edmenes al por mayor.. Asesinatos.. Secuestros, \u00ablevantones\u00bb y el gobernador como si nada.. Finalmente ya se va.. Que le puede interesar lo que pase en Veracruz..<\/p>\n\n\n\n<p>Por eso, la percepci\u00f3n p\u00fablica de estos discursos de que en su gobierno los niveles de violencia bajaron.. Se acabaron cuando son encontrados personajes asesinados con violencia, cuando las redes sociales viralizan actos vand\u00e1licos en las carreteras de Veracruz.. Cuando los comerciantes se quejan de que son v\u00edctimas de la extorsi\u00f3n.. Vamos hasta asesinaron a un pol\u00edtico en el norte del Estado, ligado al PVEM y aliado de MORENA y la 4T.. Y nadie dijo nada.. Todo lo deja pasar para que quede en el olvido..<\/p>\n\n\n\n<p>Para el colmo.. Los partidos aliados y dirigentes pol\u00edticos aliados tambi\u00e9n callan ante estos hechos.. Para no molestar al a\u00fan gobernador en turno.. No importando que los asesinados o las v\u00edctimas de la violencia sean sus propios compa\u00f1eros del partido.. Pero esa ha sido la forma de gobernar de Cuitl\u00e1huac Garc\u00eda y ah\u00ed si, nadie de la 4T, dice nada.. Quiz\u00e1s s\u00f3lo sea el senador electo, Manuel Huerta, qui\u00e9n hace los se\u00f1alamientos al gobierno estatal.. Pero una voz en el \u00abdesierto\u00bb y no pasa nada..<\/p>\n\n\n\n<p>REFLEXI\u00d3N.. As\u00ed que pese a que la inseguridad ha llegado a \u00abpegar\u00bb a sectores productivos y pol\u00edticos en Veracruz.. Esto deja claro, que mientras siga gobernando Cuitl\u00e1huac Garc\u00eda, todo acto de violencia que suceda, no importando lo grave que sea, se debe quedar en silencio y dejar que s\u00f3lo los medios o la poca oposici\u00f3n que existe, sean los que hagan esc\u00e1ndalo.. Finalmente se les puede acusar de complot o una acci\u00f3n para desestabilizar este gobierno que ya se va.. En Veracruz con Cuitl\u00e1huac en el tema de la violencia no hay remedio.. Habr\u00e1 que esperar que llegue Roc\u00edo Nahle y tome cartas en el asunto.. TAN.. TAN..<\/p>\n","protected":false},"excerpt":{"rendered":"<p>Ricardo Chua Sale y Vale EXCLUSIVA&#8230; Trascendi\u00f3 dentro del equipo de trabajo de la gobernadora electa, Roc\u00edo Nahle Garc\u00eda, que realiza labores pol\u00edticas y de transici\u00f3n con la actual administraci\u00f3n estatal de Cuitl\u00e1huac Garc\u00eda.. Que para el cargo del nuevo titular de la Secretar\u00eda de Seguridad P\u00fablica del Estado, que empezar\u00e1 funciones el pr\u00f3ximo 1 [&hellip;]<\/p>\n","protected":false},"author":2,"featured_media":119817,"comment_status":"closed","ping_status":"closed","sticky":false,"template":"","format":"standard","meta":{"tdm_status":"","tdm_grid_status":"","footnotes":""},"categories":[70],"tags":[9627,1563,1026,14775,3578,177,359,195],"class_list":{"0":"post-129210","1":"post","2":"type-post","3":"status-publish","4":"format-standard","5":"has-post-thumbnail","7":"category-de-opinion","8":"tag-claudia-sheinbaum","9":"tag-cuitlahuac-garcia-jimenez","10":"tag-morena","11":"tag-omar-garcia-harfuch","12":"tag-rocio-nahle","13":"tag-seguridad-publica","14":"tag-ssp","15":"tag-veracruz"},"yoast_head":"<!-- This site is optimized with the Yoast SEO plugin v27.4 - https:\/\/yoast.com\/product\/yoast-seo-wordpress\/ -->\n<title>LA SSP DE NAHLE - Los pol\u00edticos Veracruz<\/title>\n<meta name=\"robots\" content=\"index, follow, max-snippet:-1, max-image-preview:large, max-video-preview:-1\" \/>\n<link rel=\"canonical\" href=\"https:\/\/lospoliticosveracruz.com\/?p=129210\" \/>\n<meta property=\"og:locale\" content=\"es_ES\" \/>\n<meta property=\"og:type\" content=\"article\" \/>\n<meta property=\"og:title\" content=\"LA SSP DE NAHLE - Los pol\u00edticos Veracruz\" \/>\n<meta property=\"og:description\" content=\"Ricardo Chua Sale y Vale EXCLUSIVA&#8230; Trascendi\u00f3 dentro del equipo de trabajo de la gobernadora electa, Roc\u00edo Nahle Garc\u00eda, que realiza labores pol\u00edticas y de transici\u00f3n con la actual administraci\u00f3n estatal de Cuitl\u00e1huac Garc\u00eda.. Que para el cargo del nuevo titular de la Secretar\u00eda de Seguridad P\u00fablica del Estado, que empezar\u00e1 funciones el pr\u00f3ximo 1 [&hellip;]\" \/>\n<meta property=\"og:url\" content=\"https:\/\/lospoliticosveracruz.com\/?p=129210\" \/>\n<meta property=\"og:site_name\" content=\"Los pol\u00edticos Veracruz\" \/>\n<meta property=\"article:publisher\" content=\"https:\/\/www.facebook.com\/people\/Notimemes-de-los-Polticos\/61565672886568\/\" \/>\n<meta property=\"article:published_time\" content=\"2024-08-28T11:06:10+00:00\" \/>\n<meta property=\"article:modified_time\" content=\"2024-08-28T14:15:18+00:00\" \/>\n<meta property=\"og:image\" content=\"https:\/\/lospoliticosveracruz.com\/wp-content\/uploads\/2024\/03\/Ricardo-Chua.jpg\" \/>\n\t<meta property=\"og:image:width\" content=\"1250\" \/>\n\t<meta property=\"og:image:height\" content=\"667\" \/>\n\t<meta property=\"og:image:type\" content=\"image\/jpeg\" \/>\n<meta name=\"author\" content=\"Lo viste en Los Pol\u00edticos\" \/>\n<meta name=\"twitter:card\" content=\"summary_large_image\" \/>\n<meta name=\"twitter:creator\" content=\"@LosPoliticosVer\" \/>\n<meta name=\"twitter:site\" content=\"@LosPoliticosVer\" \/>\n<meta name=\"twitter:label1\" content=\"Escrito por\" \/>\n\t<meta name=\"twitter:data1\" content=\"Lo viste en Los Pol\u00edticos\" \/>\n\t<meta name=\"twitter:label2\" content=\"Tiempo de lectura\" \/>\n\t<meta name=\"twitter:data2\" content=\"4 minutos\" \/>\n<script type=\"application\/ld+json\" class=\"yoast-schema-graph\">{\"@context\":\"https:\\\/\\\/schema.org\",\"@graph\":[{\"@type\":\"Article\",\"@id\":\"https:\\\/\\\/lospoliticosveracruz.com\\\/?p=129210#article\",\"isPartOf\":{\"@id\":\"https:\\\/\\\/lospoliticosveracruz.com\\\/?p=129210\"},\"author\":{\"name\":\"Lo viste en Los Pol\u00edticos\",\"@id\":\"https:\\\/\\\/lospoliticosveracruz.com\\\/#\\\/schema\\\/person\\\/b8702bb0e538456e6efd07080bf2a4a2\"},\"headline\":\"LA SSP DE NAHLE\",\"datePublished\":\"2024-08-28T11:06:10+00:00\",\"dateModified\":\"2024-08-28T14:15:18+00:00\",\"mainEntityOfPage\":{\"@id\":\"https:\\\/\\\/lospoliticosveracruz.com\\\/?p=129210\"},\"wordCount\":870,\"publisher\":{\"@id\":\"https:\\\/\\\/lospoliticosveracruz.com\\\/#organization\"},\"image\":{\"@id\":\"https:\\\/\\\/lospoliticosveracruz.com\\\/?p=129210#primaryimage\"},\"thumbnailUrl\":\"https:\\\/\\\/lospoliticosveracruz.com\\\/wp-content\\\/uploads\\\/2024\\\/03\\\/Ricardo-Chua.jpg\",\"keywords\":[\"Claudia Sheinbaum\",\"Cuitl\u00e1huac Garc\u00eda Jim\u00e9nez\",\"Morena\",\"Omar Garc\u00eda Harfuch\",\"Roc\u00edo Nahle\",\"Seguridad P\u00fablica\",\"SSP\",\"Veracruz\"],\"articleSection\":[\"De Opini\u00f3n\"],\"inLanguage\":\"es\"},{\"@type\":\"WebPage\",\"@id\":\"https:\\\/\\\/lospoliticosveracruz.com\\\/?p=129210\",\"url\":\"https:\\\/\\\/lospoliticosveracruz.com\\\/?p=129210\",\"name\":\"LA SSP DE NAHLE - Los pol\u00edticos Veracruz\",\"isPartOf\":{\"@id\":\"https:\\\/\\\/lospoliticosveracruz.com\\\/#website\"},\"primaryImageOfPage\":{\"@id\":\"https:\\\/\\\/lospoliticosveracruz.com\\\/?p=129210#primaryimage\"},\"image\":{\"@id\":\"https:\\\/\\\/lospoliticosveracruz.com\\\/?p=129210#primaryimage\"},\"thumbnailUrl\":\"https:\\\/\\\/lospoliticosveracruz.com\\\/wp-content\\\/uploads\\\/2024\\\/03\\\/Ricardo-Chua.jpg\",\"datePublished\":\"2024-08-28T11:06:10+00:00\",\"dateModified\":\"2024-08-28T14:15:18+00:00\",\"breadcrumb\":{\"@id\":\"https:\\\/\\\/lospoliticosveracruz.com\\\/?p=129210#breadcrumb\"},\"inLanguage\":\"es\",\"potentialAction\":[{\"@type\":\"ReadAction\",\"target\":[\"https:\\\/\\\/lospoliticosveracruz.com\\\/?p=129210\"]}]},{\"@type\":\"ImageObject\",\"inLanguage\":\"es\",\"@id\":\"https:\\\/\\\/lospoliticosveracruz.com\\\/?p=129210#primaryimage\",\"url\":\"https:\\\/\\\/lospoliticosveracruz.com\\\/wp-content\\\/uploads\\\/2024\\\/03\\\/Ricardo-Chua.jpg\",\"contentUrl\":\"https:\\\/\\\/lospoliticosveracruz.com\\\/wp-content\\\/uploads\\\/2024\\\/03\\\/Ricardo-Chua.jpg\",\"width\":1250,\"height\":667},{\"@type\":\"BreadcrumbList\",\"@id\":\"https:\\\/\\\/lospoliticosveracruz.com\\\/?p=129210#breadcrumb\",\"itemListElement\":[{\"@type\":\"ListItem\",\"position\":1,\"name\":\"Portada\",\"item\":\"https:\\\/\\\/lospoliticosveracruz.com\\\/\"},{\"@type\":\"ListItem\",\"position\":2,\"name\":\"LA SSP DE NAHLE\"}]},{\"@type\":\"WebSite\",\"@id\":\"https:\\\/\\\/lospoliticosveracruz.com\\\/#website\",\"url\":\"https:\\\/\\\/lospoliticosveracruz.com\\\/\",\"name\":\"Los pol\u00edticos Veracruz\",\"description\":\"\",\"publisher\":{\"@id\":\"https:\\\/\\\/lospoliticosveracruz.com\\\/#organization\"},\"potentialAction\":[{\"@type\":\"SearchAction\",\"target\":{\"@type\":\"EntryPoint\",\"urlTemplate\":\"https:\\\/\\\/lospoliticosveracruz.com\\\/?s={search_term_string}\"},\"query-input\":{\"@type\":\"PropertyValueSpecification\",\"valueRequired\":true,\"valueName\":\"search_term_string\"}}],\"inLanguage\":\"es\"},{\"@type\":\"Organization\",\"@id\":\"https:\\\/\\\/lospoliticosveracruz.com\\\/#organization\",\"name\":\"Los pol\u00edticos Veracruz\",\"url\":\"https:\\\/\\\/lospoliticosveracruz.com\\\/\",\"logo\":{\"@type\":\"ImageObject\",\"inLanguage\":\"es\",\"@id\":\"https:\\\/\\\/lospoliticosveracruz.com\\\/#\\\/schema\\\/logo\\\/image\\\/\",\"url\":\"https:\\\/\\\/lospoliticosveracruz.com\\\/wp-content\\\/uploads\\\/2025\\\/12\\\/Logo-Nuevo-LOS-POLITICOS-1.jpg\",\"contentUrl\":\"https:\\\/\\\/lospoliticosveracruz.com\\\/wp-content\\\/uploads\\\/2025\\\/12\\\/Logo-Nuevo-LOS-POLITICOS-1.jpg\",\"width\":260,\"height\":70,\"caption\":\"Los pol\u00edticos Veracruz\"},\"image\":{\"@id\":\"https:\\\/\\\/lospoliticosveracruz.com\\\/#\\\/schema\\\/logo\\\/image\\\/\"},\"sameAs\":[\"https:\\\/\\\/www.facebook.com\\\/people\\\/Notimemes-de-los-Polticos\\\/61565672886568\\\/\",\"https:\\\/\\\/x.com\\\/LosPoliticosVer\"]},{\"@type\":\"Person\",\"@id\":\"https:\\\/\\\/lospoliticosveracruz.com\\\/#\\\/schema\\\/person\\\/b8702bb0e538456e6efd07080bf2a4a2\",\"name\":\"Lo viste en Los Pol\u00edticos\",\"image\":{\"@type\":\"ImageObject\",\"inLanguage\":\"es\",\"@id\":\"https:\\\/\\\/secure.gravatar.com\\\/avatar\\\/3a8de04a2656d44082be478bd6c086daa447c4651605818287b9532d3d0bd435?s=96&d=mm&r=g\",\"url\":\"https:\\\/\\\/secure.gravatar.com\\\/avatar\\\/3a8de04a2656d44082be478bd6c086daa447c4651605818287b9532d3d0bd435?s=96&d=mm&r=g\",\"contentUrl\":\"https:\\\/\\\/secure.gravatar.com\\\/avatar\\\/3a8de04a2656d44082be478bd6c086daa447c4651605818287b9532d3d0bd435?s=96&d=mm&r=g\",\"caption\":\"Lo viste en Los Pol\u00edticos\"},\"url\":\"https:\\\/\\\/lospoliticosveracruz.com\\\/?author=2\"}]}<\/script>\n<!-- \/ Yoast SEO plugin. -->","yoast_head_json":{"title":"LA SSP DE NAHLE - Los pol\u00edticos Veracruz","robots":{"index":"index","follow":"follow","max-snippet":"max-snippet:-1","max-image-preview":"max-image-preview:large","max-video-preview":"max-video-preview:-1"},"canonical":"https:\/\/lospoliticosveracruz.com\/?p=129210","og_locale":"es_ES","og_type":"article","og_title":"LA SSP DE NAHLE - Los pol\u00edticos Veracruz","og_description":"Ricardo Chua Sale y Vale EXCLUSIVA&#8230; Trascendi\u00f3 dentro del equipo de trabajo de la gobernadora electa, Roc\u00edo Nahle Garc\u00eda, que realiza labores pol\u00edticas y de transici\u00f3n con la actual administraci\u00f3n estatal de Cuitl\u00e1huac Garc\u00eda.. Que para el cargo del nuevo titular de la Secretar\u00eda de Seguridad P\u00fablica del Estado, que empezar\u00e1 funciones el pr\u00f3ximo 1 [&hellip;]","og_url":"https:\/\/lospoliticosveracruz.com\/?p=129210","og_site_name":"Los pol\u00edticos Veracruz","article_publisher":"https:\/\/www.facebook.com\/people\/Notimemes-de-los-Polticos\/61565672886568\/","article_published_time":"2024-08-28T11:06:10+00:00","article_modified_time":"2024-08-28T14:15:18+00:00","og_image":[{"width":1250,"height":667,"url":"https:\/\/lospoliticosveracruz.com\/wp-content\/uploads\/2024\/03\/Ricardo-Chua.jpg","type":"image\/jpeg"}],"author":"Lo viste en Los Pol\u00edticos","twitter_card":"summary_large_image","twitter_creator":"@LosPoliticosVer","twitter_site":"@LosPoliticosVer","twitter_misc":{"Escrito por":"Lo viste en Los Pol\u00edticos","Tiempo de lectura":"4 minutos"},"schema":{"@context":"https:\/\/schema.org","@graph":[{"@type":"Article","@id":"https:\/\/lospoliticosveracruz.com\/?p=129210#article","isPartOf":{"@id":"https:\/\/lospoliticosveracruz.com\/?p=129210"},"author":{"name":"Lo viste en Los Pol\u00edticos","@id":"https:\/\/lospoliticosveracruz.com\/#\/schema\/person\/b8702bb0e538456e6efd07080bf2a4a2"},"headline":"LA SSP DE NAHLE","datePublished":"2024-08-28T11:06:10+00:00","dateModified":"2024-08-28T14:15:18+00:00","mainEntityOfPage":{"@id":"https:\/\/lospoliticosveracruz.com\/?p=129210"},"wordCount":870,"publisher":{"@id":"https:\/\/lospoliticosveracruz.com\/#organization"},"image":{"@id":"https:\/\/lospoliticosveracruz.com\/?p=129210#primaryimage"},"thumbnailUrl":"https:\/\/lospoliticosveracruz.com\/wp-content\/uploads\/2024\/03\/Ricardo-Chua.jpg","keywords":["Claudia Sheinbaum","Cuitl\u00e1huac Garc\u00eda Jim\u00e9nez","Morena","Omar Garc\u00eda Harfuch","Roc\u00edo Nahle","Seguridad P\u00fablica","SSP","Veracruz"],"articleSection":["De Opini\u00f3n"],"inLanguage":"es"},{"@type":"WebPage","@id":"https:\/\/lospoliticosveracruz.com\/?p=129210","url":"https:\/\/lospoliticosveracruz.com\/?p=129210","name":"LA SSP DE NAHLE - Los pol\u00edticos Veracruz","isPartOf":{"@id":"https:\/\/lospoliticosveracruz.com\/#website"},"primaryImageOfPage":{"@id":"https:\/\/lospoliticosveracruz.com\/?p=129210#primaryimage"},"image":{"@id":"https:\/\/lospoliticosveracruz.com\/?p=129210#primaryimage"},"thumbnailUrl":"https:\/\/lospoliticosveracruz.com\/wp-content\/uploads\/2024\/03\/Ricardo-Chua.jpg","datePublished":"2024-08-28T11:06:10+00:00","dateModified":"2024-08-28T14:15:18+00:00","breadcrumb":{"@id":"https:\/\/lospoliticosveracruz.com\/?p=129210#breadcrumb"},"inLanguage":"es","potentialAction":[{"@type":"ReadAction","target":["https:\/\/lospoliticosveracruz.com\/?p=129210"]}]},{"@type":"ImageObject","inLanguage":"es","@id":"https:\/\/lospoliticosveracruz.com\/?p=129210#primaryimage","url":"https:\/\/lospoliticosveracruz.com\/wp-content\/uploads\/2024\/03\/Ricardo-Chua.jpg","contentUrl":"https:\/\/lospoliticosveracruz.com\/wp-content\/uploads\/2024\/03\/Ricardo-Chua.jpg","width":1250,"height":667},{"@type":"BreadcrumbList","@id":"https:\/\/lospoliticosveracruz.com\/?p=129210#breadcrumb","itemListElement":[{"@type":"ListItem","position":1,"name":"Portada","item":"https:\/\/lospoliticosveracruz.com\/"},{"@type":"ListItem","position":2,"name":"LA SSP DE NAHLE"}]},{"@type":"WebSite","@id":"https:\/\/lospoliticosveracruz.com\/#website","url":"https:\/\/lospoliticosveracruz.com\/","name":"Los pol\u00edticos Veracruz","description":"","publisher":{"@id":"https:\/\/lospoliticosveracruz.com\/#organization"},"potentialAction":[{"@type":"SearchAction","target":{"@type":"EntryPoint","urlTemplate":"https:\/\/lospoliticosveracruz.com\/?s={search_term_string}"},"query-input":{"@type":"PropertyValueSpecification","valueRequired":true,"valueName":"search_term_string"}}],"inLanguage":"es"},{"@type":"Organization","@id":"https:\/\/lospoliticosveracruz.com\/#organization","name":"Los pol\u00edticos Veracruz","url":"https:\/\/lospoliticosveracruz.com\/","logo":{"@type":"ImageObject","inLanguage":"es","@id":"https:\/\/lospoliticosveracruz.com\/#\/schema\/logo\/image\/","url":"https:\/\/lospoliticosveracruz.com\/wp-content\/uploads\/2025\/12\/Logo-Nuevo-LOS-POLITICOS-1.jpg","contentUrl":"https:\/\/lospoliticosveracruz.com\/wp-content\/uploads\/2025\/12\/Logo-Nuevo-LOS-POLITICOS-1.jpg","width":260,"height":70,"caption":"Los pol\u00edticos Veracruz"},"image":{"@id":"https:\/\/lospoliticosveracruz.com\/#\/schema\/logo\/image\/"},"sameAs":["https:\/\/www.facebook.com\/people\/Notimemes-de-los-Polticos\/61565672886568\/","https:\/\/x.com\/LosPoliticosVer"]},{"@type":"Person","@id":"https:\/\/lospoliticosveracruz.com\/#\/schema\/person\/b8702bb0e538456e6efd07080bf2a4a2","name":"Lo viste en Los Pol\u00edticos","image":{"@type":"ImageObject","inLanguage":"es","@id":"https:\/\/secure.gravatar.com\/avatar\/3a8de04a2656d44082be478bd6c086daa447c4651605818287b9532d3d0bd435?s=96&d=mm&r=g","url":"https:\/\/secure.gravatar.com\/avatar\/3a8de04a2656d44082be478bd6c086daa447c4651605818287b9532d3d0bd435?s=96&d=mm&r=g","contentUrl":"https:\/\/secure.gravatar.com\/avatar\/3a8de04a2656d44082be478bd6c086daa447c4651605818287b9532d3d0bd435?s=96&d=mm&r=g","caption":"Lo viste en Los Pol\u00edticos"},"url":"https:\/\/lospoliticosveracruz.com\/?author=2"}]}},"_links":{"self":[{"href":"https:\/\/lospoliticosveracruz.com\/index.php?rest_route=\/wp\/v2\/posts\/129210","targetHints":{"allow":["GET"]}}],"collection":[{"href":"https:\/\/lospoliticosveracruz.com\/index.php?rest_route=\/wp\/v2\/posts"}],"about":[{"href":"https:\/\/lospoliticosveracruz.com\/index.php?rest_route=\/wp\/v2\/types\/post"}],"author":[{"embeddable":true,"href":"https:\/\/lospoliticosveracruz.com\/index.php?rest_route=\/wp\/v2\/users\/2"}],"replies":[{"embeddable":true,"href":"https:\/\/lospoliticosveracruz.com\/index.php?rest_route=%2Fwp%2Fv2%2Fcomments&post=129210"}],"version-history":[{"count":2,"href":"https:\/\/lospoliticosveracruz.com\/index.php?rest_route=\/wp\/v2\/posts\/129210\/revisions"}],"predecessor-version":[{"id":129222,"href":"https:\/\/lospoliticosveracruz.com\/index.php?rest_route=\/wp\/v2\/posts\/129210\/revisions\/129222"}],"wp:featuredmedia":[{"embeddable":true,"href":"https:\/\/lospoliticosveracruz.com\/index.php?rest_route=\/wp\/v2\/media\/119817"}],"wp:attachment":[{"href":"https:\/\/lospoliticosveracruz.com\/index.php?rest_route=%2Fwp%2Fv2%2Fmedia&parent=129210"}],"wp:term":[{"taxonomy":"category","embeddable":true,"href":"https:\/\/lospoliticosveracruz.com\/index.php?rest_route=%2Fwp%2Fv2%2Fcategories&post=129210"},{"taxonomy":"post_tag","embeddable":true,"href":"https:\/\/lospoliticosveracruz.com\/index.php?rest_route=%2Fwp%2Fv2%2Ftags&post=129210"}],"curies":[{"name":"wp","href":"https:\/\/api.w.org\/{rel}","templated":true}]}}