{"id":129212,"date":"2024-08-28T07:48:32","date_gmt":"2024-08-28T12:48:32","guid":{"rendered":"https:\/\/lospoliticosveracruz.com.mx\/?p=129212"},"modified":"2024-08-28T09:20:40","modified_gmt":"2024-08-28T14:20:40","slug":"martincillo-el-mentirocillo","status":"publish","type":"post","link":"https:\/\/lospoliticosveracruz.com\/?p=129212","title":{"rendered":"MARTINCILLO, EL MENTIROCILLO"},"content":{"rendered":"\n<p><strong>Omar Z\u00fa\u00f1iga<\/strong><\/p>\n\n\n\n<p><em>De Primera Mano<\/em><\/p>\n\n\n\n<p>El rectorcito de la M\u00e1xima Casa de Estudios de Veracruz,&nbsp;<strong>Gerardo Mart\u00edn Aguilar<\/strong>, se ha dado a la tarea de recorrer la&nbsp;UV,&nbsp;y aunque la Ley Org\u00e1nica que lo faculta para reelegirse por cuestiones de edad,&nbsp;a\u00fan no&nbsp;tiene el aval Legislativo, en los hechos, nos aseguran que estos recorridos son su anticipada campa\u00f1a.<\/p>\n\n\n<div class=\"wp-block-image\">\n<figure class=\"alignleft size-thumbnail\"><a href=\"https:\/\/lospoliticosveracruz.com.mx\/wp-content\/uploads\/2021\/10\/WhatsApp-Image-2021-10-02-at-15.20.25.jpeg\"><img loading=\"lazy\" decoding=\"async\" width=\"150\" height=\"150\" src=\"https:\/\/lospoliticosveracruz.com.mx\/wp-content\/uploads\/2021\/10\/WhatsApp-Image-2021-10-02-at-15.20.25-150x150.jpeg\" alt=\"\" class=\"wp-image-80177\" srcset=\"https:\/\/lospoliticosveracruz.com\/wp-content\/uploads\/2021\/10\/WhatsApp-Image-2021-10-02-at-15.20.25-150x150.jpeg 150w, https:\/\/lospoliticosveracruz.com\/wp-content\/uploads\/2021\/10\/WhatsApp-Image-2021-10-02-at-15.20.25-125x125.jpeg 125w\" sizes=\"auto, (max-width: 150px) 100vw, 150px\" \/><\/a><\/figure>\n<\/div>\n\n\n<p>Sin embargo, la comunidad universitaria, tanto acad\u00e9mica como estudiantil se cuece aparte y nom\u00e1s no se traga las mentiras tan f\u00e1cilmente y por supuesto,&nbsp;Martincillo&nbsp;no las tiene todas consigo, ni mucho menos y s\u00ed, tambi\u00e9n es un mentirosillo.<\/p>\n\n\n\n<p>Prueba de esto es la reciente visita que hizo a la Facultad de Biolog\u00eda campus Xalapa, donde los acad\u00e9micos, lejos de recibirlo con v\u00edtores y aplausos como \u00e9l esperaba, lo recibieron con una fuerte protesta, incluidas playeras,&nbsp;que usaban los catedr\u00e1ticos, respetados todos ellos, investigadores con reconocimiento a niveles estatal, nacional e incluso internacional.<\/p>\n\n\n\n<p>Esta protesta fue hecha por dos vertientes: la primera,&nbsp;el ambiente de trabajo&nbsp;que priva dentro de dicha Facultad,&nbsp;derivado de la manera en que se est\u00e1 llevando esta dependencia por las actuales autoridades,&nbsp;tanto&nbsp;la Direcci\u00f3n&nbsp;como la&nbsp;Secretar\u00eda.<\/p>\n\n\n\n<p>Espec\u00edficamente,&nbsp;por la forma y procedimientos en los procesos de asignaci\u00f3n de plazas de tiempo completo, pues&nbsp;denuncian que&nbsp;no&nbsp;se han contratado&nbsp;los perfiles que requiere la Facultad para fortalecer el programa educativo,&nbsp;y no&nbsp;obstante que&nbsp;estos se\u00f1alamientos se han hecho en&nbsp;juntas acad\u00e9micas&nbsp;y&nbsp;en consejo t\u00e9cnico, ha habido injerencia&nbsp;directa&nbsp;de las autoridades de la facultad y de la&nbsp;misma Rector\u00eda en los procesos de asignaci\u00f3n de plazas.<\/p>\n\n\n\n<p>Estas broncas&nbsp;se&nbsp;han incrementado,&nbsp;lo que afecta&nbsp;el ambiente de trabajo, con ello&nbsp;la calma en la facultad y por a\u00f1adidura,&nbsp;la productividad acad\u00e9mica.<\/p>\n\n\n\n<p>Por&nbsp;otra parte,&nbsp;la protesta se debi\u00f3 a que esta situaci\u00f3n se le expuso a&nbsp;Martinillo&nbsp;y al Secretario Acad\u00e9mico&nbsp;de la UV&nbsp;\u00a1hace poco m\u00e1s de cuatro meses!, el 11 de abril para ser exacto.&nbsp;Y no ha existido respuesta de su parte.<\/p>\n\n\n\n<p>Hartos, los acad\u00e9micos se decidieron entonces alevantar la voz, con playeras con leyendas que dicen \u201cTRABAJO BAJO PROTESTA\u201d.<\/p>\n\n\n\n<p>Cualquier administrador o alguien que haya tenido un puesto de alta direcci\u00f3n o gerencia, sabe perfectamente lo que eso significa.<\/p>\n\n\n\n<p>Por si fuera poco, los catedr\u00e1ticos entregaron un documento firmado por poco m\u00e1s de 20 personas(quienes lo enfrentaron), dirigido a&nbsp;Martincillo, en el que le exponen la situaci\u00f3n:<\/p>\n\n\n\n<p>\u201cEn continuidad a la reuni\u00f3n que fuimos convocados por usted el d\u00eda 11 de abril&nbsp;de&nbsp;2024 en la sala de juntas de la Rector\u00eda, donde le expresamos directamente nuestra m\u00e1s en\u00e9rgica protesta por las actitudes antiacad\u00e9micas, en un claro abuso de autoridad por parte del&nbsp;<strong>Dr. Arturo Serrano Sol\u00eds<\/strong>, Director General del&nbsp;\u00c1rea Acad\u00e9mica de Ciencias Biol\u00f3gicas y Agropecuarias;&nbsp;de la Dra.&nbsp;<strong>Ibiza Mart\u00ednez Serrano<\/strong>, Directora de la Facultad de Biolog\u00eda;&nbsp;y de la Biol.&nbsp;<strong>Laura Beatriz&nbsp;<\/strong><strong>Lendechy<\/strong><strong>Ramo<\/strong>,&nbsp;Secretaria de la misma dependencia, que han ocasionado un ambiente laboral de incomodidad, de divisi\u00f3n, de desconfianza, ya que su actuar prepotente&nbsp;y&nbsp;soberbio han llevado a la polarizaci\u00f3n y al encono.&nbsp;<\/p>\n\n\n\n<p>Por lo anterior le solicitamos a usted se d\u00e9 respuesta a los siguientes puntos, a los cuales usted se comprometi\u00f3 a resolver, con la finalidad de mejorar el ambiente laboral de la Facultad de Biolog\u00eda.<\/p>\n\n\n\n<p>Es importante recalcar que al dialogar con usted confiamos en su palabra, para solucionar las delicadas problem\u00e1ticas por las cuales atravesamos, ya que se lo externamos de manera directa en presencia de los directivos se\u00f1alados.<\/p>\n\n\n\n<p>Confiamos en que tendr\u00edamos una respuesta, lamentablemente han pasado cuatro meses sin tener una noticia de su parte.&nbsp;<\/p>\n\n\n\n<p>Por lo anterior, le solicitamos a usted de respuesta a los siguientes&nbsp;puntos.<\/p>\n\n\n\n<p>*Que se respeten los perfiles establecidos por el consejo t\u00e9cnico para la asignaci\u00f3n de plazas, ya que obedecen a las necesidades de la facultad y no sean modificados por la Direcci\u00f3n del \u00c1rea.<\/p>\n\n\n\n<p>*Transparencia en el proceso de recepci\u00f3n de los documentos por las autoridades.<\/p>\n\n\n\n<p>*Transparencia en el proceso de asignaci\u00f3n de plazas de profesor de tiempo completo en las convocatorias de la Facultad de Biolog\u00eda. Que se presenten las actas de los jurados ante el consejo t\u00e9cnico.<\/p>\n\n\n\n<p>*Respeto a las decisiones de jurados evaluadores en los procesos de concursos de plazas.<\/p>\n\n\n\n<p>*No injerencia de la Dra.&nbsp;<strong>Ibiza Mart\u00ednez Serrano<\/strong>, directora de la Facultad de Biolog\u00eda y de la Biol.<strong>Laura Beatriz&nbsp;<\/strong><strong>Lendechy<\/strong><strong>&nbsp;Ramo<\/strong>, Secretaria,&nbsp;en los procesos de asignaci\u00f3n de plazas respetando los perfiles convocados.<\/p>\n\n\n\n<p>*Rechazo al proceso e irregularidades en&nbsp;el nombramiento de la Secretaria Lic.&nbsp;<strong>Laura Beatriz&nbsp;<\/strong><strong>Lendechy<\/strong><strong>&nbsp;Ramo&nbsp;<\/strong>de la Facultad de Biolog\u00eda-Xalapa, y se investigue su proceso de titulaci\u00f3n.<\/p>\n\n\n\n<p>Se le solicit\u00f3 la renuncia o destituci\u00f3n de su cargo directivo del Dr.&nbsp;<strong>Arturo Serrano Sol\u00eds<\/strong>, Director General del&nbsp;Area&nbsp;Acad\u00e9mica de Ciencias Biol\u00f3gicas y Agropecuarias, de la Dra.&nbsp;<strong>Ibiza Mart\u00ednez Serrano<\/strong>, Directora de la Facultad de Biolog\u00eda y a la Biol.&nbsp;<strong>Laura Beatriz&nbsp;<\/strong><strong>Lendechy<\/strong><strong>&nbsp;Ramo<\/strong>, Secretaria misma dependencia.<\/p>\n\n\n\n<p>Atentamente\u201d.<\/p>\n\n\n\n<p>Es decir, efectivamente, el rector Gerardo Mart\u00edn Aguilar, miente.<\/p>\n\n\n\n<p>Seg\u00fan la Real Academia de la Lengua Espa\u00f1ola, quien&nbsp;\u201cmiente, y especialmente si lo hace por costumbre\u201d, es un mentiroso (de nada), lo que&nbsp;ha ocasionado los cuestionamientos al interior de la comunidad universitaria, si una instituci\u00f3n con el prestigio de la UV -cada d\u00eda m\u00e1s perdido a manos de este&nbsp;rector, quiz\u00e1 el m\u00e1s cuestionado en la historia de la Universidad&nbsp;Veracruizana-, merece que un mentiroso siga dirigiendo sus destinos.<\/p>\n\n\n\n<p>\u00a1Qu\u00e9 barbaridad!<\/p>\n\n\n\n<p><a><\/a>deprimera.mano2020@gmail.com<\/p>\n","protected":false},"excerpt":{"rendered":"<p>Omar Z\u00fa\u00f1iga De Primera Mano El rectorcito de la M\u00e1xima Casa de Estudios de Veracruz,&nbsp;Gerardo Mart\u00edn Aguilar, se ha dado a la tarea de recorrer la&nbsp;UV,&nbsp;y aunque la Ley Org\u00e1nica que lo faculta para reelegirse por cuestiones de edad,&nbsp;a\u00fan no&nbsp;tiene el aval Legislativo, en los hechos, nos aseguran que estos recorridos son su anticipada campa\u00f1a. [&hellip;]<\/p>\n","protected":false},"author":2,"featured_media":119918,"comment_status":"closed","ping_status":"closed","sticky":false,"template":"","format":"standard","meta":{"tdm_status":"","tdm_grid_status":"","footnotes":""},"categories":[70],"tags":[39430,1026,8167,172,195],"class_list":{"0":"post-129212","1":"post","2":"type-post","3":"status-publish","4":"format-standard","5":"has-post-thumbnail","7":"category-de-opinion","8":"tag-gerardo-martin-aguilar","9":"tag-morena","10":"tag-rectoria","11":"tag-uv","12":"tag-veracruz"},"yoast_head":"<!-- This site is optimized with the Yoast SEO plugin v27.4 - https:\/\/yoast.com\/product\/yoast-seo-wordpress\/ -->\n<title>MARTINCILLO, EL MENTIROCILLO - Los pol\u00edticos Veracruz<\/title>\n<meta name=\"robots\" content=\"index, follow, max-snippet:-1, max-image-preview:large, max-video-preview:-1\" \/>\n<link rel=\"canonical\" href=\"https:\/\/lospoliticosveracruz.com\/?p=129212\" \/>\n<meta property=\"og:locale\" content=\"es_ES\" \/>\n<meta property=\"og:type\" content=\"article\" \/>\n<meta property=\"og:title\" content=\"MARTINCILLO, EL MENTIROCILLO - Los pol\u00edticos Veracruz\" \/>\n<meta property=\"og:description\" content=\"Omar Z\u00fa\u00f1iga De Primera Mano El rectorcito de la M\u00e1xima Casa de Estudios de Veracruz,&nbsp;Gerardo Mart\u00edn Aguilar, se ha dado a la tarea de recorrer la&nbsp;UV,&nbsp;y aunque la Ley Org\u00e1nica que lo faculta para reelegirse por cuestiones de edad,&nbsp;a\u00fan no&nbsp;tiene el aval Legislativo, en los hechos, nos aseguran que estos recorridos son su anticipada campa\u00f1a. [&hellip;]\" \/>\n<meta property=\"og:url\" content=\"https:\/\/lospoliticosveracruz.com\/?p=129212\" \/>\n<meta property=\"og:site_name\" content=\"Los pol\u00edticos Veracruz\" \/>\n<meta property=\"article:publisher\" content=\"https:\/\/www.facebook.com\/people\/Notimemes-de-los-Polticos\/61565672886568\/\" \/>\n<meta property=\"article:published_time\" content=\"2024-08-28T12:48:32+00:00\" \/>\n<meta property=\"article:modified_time\" content=\"2024-08-28T14:20:40+00:00\" \/>\n<meta property=\"og:image\" content=\"https:\/\/lospoliticosveracruz.com\/wp-content\/uploads\/2024\/03\/Omar-Zuniga.jpg\" \/>\n\t<meta property=\"og:image:width\" content=\"1250\" \/>\n\t<meta property=\"og:image:height\" content=\"667\" \/>\n\t<meta property=\"og:image:type\" content=\"image\/jpeg\" \/>\n<meta name=\"author\" content=\"Lo viste en Los Pol\u00edticos\" \/>\n<meta name=\"twitter:card\" content=\"summary_large_image\" \/>\n<meta name=\"twitter:creator\" content=\"@LosPoliticosVer\" \/>\n<meta name=\"twitter:site\" content=\"@LosPoliticosVer\" \/>\n<meta name=\"twitter:label1\" content=\"Escrito por\" \/>\n\t<meta name=\"twitter:data1\" content=\"Lo viste en Los Pol\u00edticos\" \/>\n\t<meta name=\"twitter:label2\" content=\"Tiempo de lectura\" \/>\n\t<meta name=\"twitter:data2\" content=\"5 minutos\" \/>\n<script type=\"application\/ld+json\" class=\"yoast-schema-graph\">{\"@context\":\"https:\\\/\\\/schema.org\",\"@graph\":[{\"@type\":\"Article\",\"@id\":\"https:\\\/\\\/lospoliticosveracruz.com\\\/?p=129212#article\",\"isPartOf\":{\"@id\":\"https:\\\/\\\/lospoliticosveracruz.com\\\/?p=129212\"},\"author\":{\"name\":\"Lo viste en Los Pol\u00edticos\",\"@id\":\"https:\\\/\\\/lospoliticosveracruz.com\\\/#\\\/schema\\\/person\\\/b8702bb0e538456e6efd07080bf2a4a2\"},\"headline\":\"MARTINCILLO, EL MENTIROCILLO\",\"datePublished\":\"2024-08-28T12:48:32+00:00\",\"dateModified\":\"2024-08-28T14:20:40+00:00\",\"mainEntityOfPage\":{\"@id\":\"https:\\\/\\\/lospoliticosveracruz.com\\\/?p=129212\"},\"wordCount\":1056,\"publisher\":{\"@id\":\"https:\\\/\\\/lospoliticosveracruz.com\\\/#organization\"},\"image\":{\"@id\":\"https:\\\/\\\/lospoliticosveracruz.com\\\/?p=129212#primaryimage\"},\"thumbnailUrl\":\"https:\\\/\\\/lospoliticosveracruz.com\\\/wp-content\\\/uploads\\\/2024\\\/03\\\/Omar-Zuniga.jpg\",\"keywords\":[\"Gerardo Mart\u00edn Aguilar\",\"Morena\",\"Rector\u00eda\",\"UV\",\"Veracruz\"],\"articleSection\":[\"De Opini\u00f3n\"],\"inLanguage\":\"es\"},{\"@type\":\"WebPage\",\"@id\":\"https:\\\/\\\/lospoliticosveracruz.com\\\/?p=129212\",\"url\":\"https:\\\/\\\/lospoliticosveracruz.com\\\/?p=129212\",\"name\":\"MARTINCILLO, EL MENTIROCILLO - Los pol\u00edticos Veracruz\",\"isPartOf\":{\"@id\":\"https:\\\/\\\/lospoliticosveracruz.com\\\/#website\"},\"primaryImageOfPage\":{\"@id\":\"https:\\\/\\\/lospoliticosveracruz.com\\\/?p=129212#primaryimage\"},\"image\":{\"@id\":\"https:\\\/\\\/lospoliticosveracruz.com\\\/?p=129212#primaryimage\"},\"thumbnailUrl\":\"https:\\\/\\\/lospoliticosveracruz.com\\\/wp-content\\\/uploads\\\/2024\\\/03\\\/Omar-Zuniga.jpg\",\"datePublished\":\"2024-08-28T12:48:32+00:00\",\"dateModified\":\"2024-08-28T14:20:40+00:00\",\"breadcrumb\":{\"@id\":\"https:\\\/\\\/lospoliticosveracruz.com\\\/?p=129212#breadcrumb\"},\"inLanguage\":\"es\",\"potentialAction\":[{\"@type\":\"ReadAction\",\"target\":[\"https:\\\/\\\/lospoliticosveracruz.com\\\/?p=129212\"]}]},{\"@type\":\"ImageObject\",\"inLanguage\":\"es\",\"@id\":\"https:\\\/\\\/lospoliticosveracruz.com\\\/?p=129212#primaryimage\",\"url\":\"https:\\\/\\\/lospoliticosveracruz.com\\\/wp-content\\\/uploads\\\/2024\\\/03\\\/Omar-Zuniga.jpg\",\"contentUrl\":\"https:\\\/\\\/lospoliticosveracruz.com\\\/wp-content\\\/uploads\\\/2024\\\/03\\\/Omar-Zuniga.jpg\",\"width\":1250,\"height\":667},{\"@type\":\"BreadcrumbList\",\"@id\":\"https:\\\/\\\/lospoliticosveracruz.com\\\/?p=129212#breadcrumb\",\"itemListElement\":[{\"@type\":\"ListItem\",\"position\":1,\"name\":\"Portada\",\"item\":\"https:\\\/\\\/lospoliticosveracruz.com\\\/\"},{\"@type\":\"ListItem\",\"position\":2,\"name\":\"MARTINCILLO, EL MENTIROCILLO\"}]},{\"@type\":\"WebSite\",\"@id\":\"https:\\\/\\\/lospoliticosveracruz.com\\\/#website\",\"url\":\"https:\\\/\\\/lospoliticosveracruz.com\\\/\",\"name\":\"Los pol\u00edticos Veracruz\",\"description\":\"\",\"publisher\":{\"@id\":\"https:\\\/\\\/lospoliticosveracruz.com\\\/#organization\"},\"potentialAction\":[{\"@type\":\"SearchAction\",\"target\":{\"@type\":\"EntryPoint\",\"urlTemplate\":\"https:\\\/\\\/lospoliticosveracruz.com\\\/?s={search_term_string}\"},\"query-input\":{\"@type\":\"PropertyValueSpecification\",\"valueRequired\":true,\"valueName\":\"search_term_string\"}}],\"inLanguage\":\"es\"},{\"@type\":\"Organization\",\"@id\":\"https:\\\/\\\/lospoliticosveracruz.com\\\/#organization\",\"name\":\"Los pol\u00edticos Veracruz\",\"url\":\"https:\\\/\\\/lospoliticosveracruz.com\\\/\",\"logo\":{\"@type\":\"ImageObject\",\"inLanguage\":\"es\",\"@id\":\"https:\\\/\\\/lospoliticosveracruz.com\\\/#\\\/schema\\\/logo\\\/image\\\/\",\"url\":\"https:\\\/\\\/lospoliticosveracruz.com\\\/wp-content\\\/uploads\\\/2025\\\/12\\\/Logo-Nuevo-LOS-POLITICOS-1.jpg\",\"contentUrl\":\"https:\\\/\\\/lospoliticosveracruz.com\\\/wp-content\\\/uploads\\\/2025\\\/12\\\/Logo-Nuevo-LOS-POLITICOS-1.jpg\",\"width\":260,\"height\":70,\"caption\":\"Los pol\u00edticos Veracruz\"},\"image\":{\"@id\":\"https:\\\/\\\/lospoliticosveracruz.com\\\/#\\\/schema\\\/logo\\\/image\\\/\"},\"sameAs\":[\"https:\\\/\\\/www.facebook.com\\\/people\\\/Notimemes-de-los-Polticos\\\/61565672886568\\\/\",\"https:\\\/\\\/x.com\\\/LosPoliticosVer\"]},{\"@type\":\"Person\",\"@id\":\"https:\\\/\\\/lospoliticosveracruz.com\\\/#\\\/schema\\\/person\\\/b8702bb0e538456e6efd07080bf2a4a2\",\"name\":\"Lo viste en Los Pol\u00edticos\",\"image\":{\"@type\":\"ImageObject\",\"inLanguage\":\"es\",\"@id\":\"https:\\\/\\\/secure.gravatar.com\\\/avatar\\\/3a8de04a2656d44082be478bd6c086daa447c4651605818287b9532d3d0bd435?s=96&d=mm&r=g\",\"url\":\"https:\\\/\\\/secure.gravatar.com\\\/avatar\\\/3a8de04a2656d44082be478bd6c086daa447c4651605818287b9532d3d0bd435?s=96&d=mm&r=g\",\"contentUrl\":\"https:\\\/\\\/secure.gravatar.com\\\/avatar\\\/3a8de04a2656d44082be478bd6c086daa447c4651605818287b9532d3d0bd435?s=96&d=mm&r=g\",\"caption\":\"Lo viste en Los Pol\u00edticos\"},\"url\":\"https:\\\/\\\/lospoliticosveracruz.com\\\/?author=2\"}]}<\/script>\n<!-- \/ Yoast SEO plugin. -->","yoast_head_json":{"title":"MARTINCILLO, EL MENTIROCILLO - Los pol\u00edticos Veracruz","robots":{"index":"index","follow":"follow","max-snippet":"max-snippet:-1","max-image-preview":"max-image-preview:large","max-video-preview":"max-video-preview:-1"},"canonical":"https:\/\/lospoliticosveracruz.com\/?p=129212","og_locale":"es_ES","og_type":"article","og_title":"MARTINCILLO, EL MENTIROCILLO - Los pol\u00edticos Veracruz","og_description":"Omar Z\u00fa\u00f1iga De Primera Mano El rectorcito de la M\u00e1xima Casa de Estudios de Veracruz,&nbsp;Gerardo Mart\u00edn Aguilar, se ha dado a la tarea de recorrer la&nbsp;UV,&nbsp;y aunque la Ley Org\u00e1nica que lo faculta para reelegirse por cuestiones de edad,&nbsp;a\u00fan no&nbsp;tiene el aval Legislativo, en los hechos, nos aseguran que estos recorridos son su anticipada campa\u00f1a. [&hellip;]","og_url":"https:\/\/lospoliticosveracruz.com\/?p=129212","og_site_name":"Los pol\u00edticos Veracruz","article_publisher":"https:\/\/www.facebook.com\/people\/Notimemes-de-los-Polticos\/61565672886568\/","article_published_time":"2024-08-28T12:48:32+00:00","article_modified_time":"2024-08-28T14:20:40+00:00","og_image":[{"width":1250,"height":667,"url":"https:\/\/lospoliticosveracruz.com\/wp-content\/uploads\/2024\/03\/Omar-Zuniga.jpg","type":"image\/jpeg"}],"author":"Lo viste en Los Pol\u00edticos","twitter_card":"summary_large_image","twitter_creator":"@LosPoliticosVer","twitter_site":"@LosPoliticosVer","twitter_misc":{"Escrito por":"Lo viste en Los Pol\u00edticos","Tiempo de lectura":"5 minutos"},"schema":{"@context":"https:\/\/schema.org","@graph":[{"@type":"Article","@id":"https:\/\/lospoliticosveracruz.com\/?p=129212#article","isPartOf":{"@id":"https:\/\/lospoliticosveracruz.com\/?p=129212"},"author":{"name":"Lo viste en Los Pol\u00edticos","@id":"https:\/\/lospoliticosveracruz.com\/#\/schema\/person\/b8702bb0e538456e6efd07080bf2a4a2"},"headline":"MARTINCILLO, EL MENTIROCILLO","datePublished":"2024-08-28T12:48:32+00:00","dateModified":"2024-08-28T14:20:40+00:00","mainEntityOfPage":{"@id":"https:\/\/lospoliticosveracruz.com\/?p=129212"},"wordCount":1056,"publisher":{"@id":"https:\/\/lospoliticosveracruz.com\/#organization"},"image":{"@id":"https:\/\/lospoliticosveracruz.com\/?p=129212#primaryimage"},"thumbnailUrl":"https:\/\/lospoliticosveracruz.com\/wp-content\/uploads\/2024\/03\/Omar-Zuniga.jpg","keywords":["Gerardo Mart\u00edn Aguilar","Morena","Rector\u00eda","UV","Veracruz"],"articleSection":["De Opini\u00f3n"],"inLanguage":"es"},{"@type":"WebPage","@id":"https:\/\/lospoliticosveracruz.com\/?p=129212","url":"https:\/\/lospoliticosveracruz.com\/?p=129212","name":"MARTINCILLO, EL MENTIROCILLO - Los pol\u00edticos Veracruz","isPartOf":{"@id":"https:\/\/lospoliticosveracruz.com\/#website"},"primaryImageOfPage":{"@id":"https:\/\/lospoliticosveracruz.com\/?p=129212#primaryimage"},"image":{"@id":"https:\/\/lospoliticosveracruz.com\/?p=129212#primaryimage"},"thumbnailUrl":"https:\/\/lospoliticosveracruz.com\/wp-content\/uploads\/2024\/03\/Omar-Zuniga.jpg","datePublished":"2024-08-28T12:48:32+00:00","dateModified":"2024-08-28T14:20:40+00:00","breadcrumb":{"@id":"https:\/\/lospoliticosveracruz.com\/?p=129212#breadcrumb"},"inLanguage":"es","potentialAction":[{"@type":"ReadAction","target":["https:\/\/lospoliticosveracruz.com\/?p=129212"]}]},{"@type":"ImageObject","inLanguage":"es","@id":"https:\/\/lospoliticosveracruz.com\/?p=129212#primaryimage","url":"https:\/\/lospoliticosveracruz.com\/wp-content\/uploads\/2024\/03\/Omar-Zuniga.jpg","contentUrl":"https:\/\/lospoliticosveracruz.com\/wp-content\/uploads\/2024\/03\/Omar-Zuniga.jpg","width":1250,"height":667},{"@type":"BreadcrumbList","@id":"https:\/\/lospoliticosveracruz.com\/?p=129212#breadcrumb","itemListElement":[{"@type":"ListItem","position":1,"name":"Portada","item":"https:\/\/lospoliticosveracruz.com\/"},{"@type":"ListItem","position":2,"name":"MARTINCILLO, EL MENTIROCILLO"}]},{"@type":"WebSite","@id":"https:\/\/lospoliticosveracruz.com\/#website","url":"https:\/\/lospoliticosveracruz.com\/","name":"Los pol\u00edticos Veracruz","description":"","publisher":{"@id":"https:\/\/lospoliticosveracruz.com\/#organization"},"potentialAction":[{"@type":"SearchAction","target":{"@type":"EntryPoint","urlTemplate":"https:\/\/lospoliticosveracruz.com\/?s={search_term_string}"},"query-input":{"@type":"PropertyValueSpecification","valueRequired":true,"valueName":"search_term_string"}}],"inLanguage":"es"},{"@type":"Organization","@id":"https:\/\/lospoliticosveracruz.com\/#organization","name":"Los pol\u00edticos Veracruz","url":"https:\/\/lospoliticosveracruz.com\/","logo":{"@type":"ImageObject","inLanguage":"es","@id":"https:\/\/lospoliticosveracruz.com\/#\/schema\/logo\/image\/","url":"https:\/\/lospoliticosveracruz.com\/wp-content\/uploads\/2025\/12\/Logo-Nuevo-LOS-POLITICOS-1.jpg","contentUrl":"https:\/\/lospoliticosveracruz.com\/wp-content\/uploads\/2025\/12\/Logo-Nuevo-LOS-POLITICOS-1.jpg","width":260,"height":70,"caption":"Los pol\u00edticos Veracruz"},"image":{"@id":"https:\/\/lospoliticosveracruz.com\/#\/schema\/logo\/image\/"},"sameAs":["https:\/\/www.facebook.com\/people\/Notimemes-de-los-Polticos\/61565672886568\/","https:\/\/x.com\/LosPoliticosVer"]},{"@type":"Person","@id":"https:\/\/lospoliticosveracruz.com\/#\/schema\/person\/b8702bb0e538456e6efd07080bf2a4a2","name":"Lo viste en Los Pol\u00edticos","image":{"@type":"ImageObject","inLanguage":"es","@id":"https:\/\/secure.gravatar.com\/avatar\/3a8de04a2656d44082be478bd6c086daa447c4651605818287b9532d3d0bd435?s=96&d=mm&r=g","url":"https:\/\/secure.gravatar.com\/avatar\/3a8de04a2656d44082be478bd6c086daa447c4651605818287b9532d3d0bd435?s=96&d=mm&r=g","contentUrl":"https:\/\/secure.gravatar.com\/avatar\/3a8de04a2656d44082be478bd6c086daa447c4651605818287b9532d3d0bd435?s=96&d=mm&r=g","caption":"Lo viste en Los Pol\u00edticos"},"url":"https:\/\/lospoliticosveracruz.com\/?author=2"}]}},"_links":{"self":[{"href":"https:\/\/lospoliticosveracruz.com\/index.php?rest_route=\/wp\/v2\/posts\/129212","targetHints":{"allow":["GET"]}}],"collection":[{"href":"https:\/\/lospoliticosveracruz.com\/index.php?rest_route=\/wp\/v2\/posts"}],"about":[{"href":"https:\/\/lospoliticosveracruz.com\/index.php?rest_route=\/wp\/v2\/types\/post"}],"author":[{"embeddable":true,"href":"https:\/\/lospoliticosveracruz.com\/index.php?rest_route=\/wp\/v2\/users\/2"}],"replies":[{"embeddable":true,"href":"https:\/\/lospoliticosveracruz.com\/index.php?rest_route=%2Fwp%2Fv2%2Fcomments&post=129212"}],"version-history":[{"count":2,"href":"https:\/\/lospoliticosveracruz.com\/index.php?rest_route=\/wp\/v2\/posts\/129212\/revisions"}],"predecessor-version":[{"id":129224,"href":"https:\/\/lospoliticosveracruz.com\/index.php?rest_route=\/wp\/v2\/posts\/129212\/revisions\/129224"}],"wp:featuredmedia":[{"embeddable":true,"href":"https:\/\/lospoliticosveracruz.com\/index.php?rest_route=\/wp\/v2\/media\/119918"}],"wp:attachment":[{"href":"https:\/\/lospoliticosveracruz.com\/index.php?rest_route=%2Fwp%2Fv2%2Fmedia&parent=129212"}],"wp:term":[{"taxonomy":"category","embeddable":true,"href":"https:\/\/lospoliticosveracruz.com\/index.php?rest_route=%2Fwp%2Fv2%2Fcategories&post=129212"},{"taxonomy":"post_tag","embeddable":true,"href":"https:\/\/lospoliticosveracruz.com\/index.php?rest_route=%2Fwp%2Fv2%2Ftags&post=129212"}],"curies":[{"name":"wp","href":"https:\/\/api.w.org\/{rel}","templated":true}]}}