{"id":129509,"date":"2024-09-04T06:34:13","date_gmt":"2024-09-04T11:34:13","guid":{"rendered":"https:\/\/lospoliticosveracruz.com.mx\/?p=129509"},"modified":"2024-09-04T06:34:23","modified_gmt":"2024-09-04T11:34:23","slug":"rpp-el-recuento-de-los-danos","status":"publish","type":"post","link":"https:\/\/lospoliticosveracruz.com\/?p=129509","title":{"rendered":"RPP, EL RECUENTO DE LOS DA\u00d1OS"},"content":{"rendered":"\n<p><strong>Ricardo Chua<\/strong><\/p>\n\n\n\n<p><em>Sale y Vale<\/em><\/p>\n\n\n\n<p>Hace unos d\u00edas en este espacio mencionamos que varios personajes pol\u00edticos, catedr\u00e1ticos y empresarios.. Le informaron PRESUNTAMENTE a la gobernadora electa, Roc\u00edo Nahle, tan funesta y atroz que se ha manejado la direcci\u00f3n del Registro P\u00fablico de la Propiedad y Notar\u00edas del gobierno estatal, cuando estuvo bajo la regencia del ex secretario de Gobierno, Eric Cisneros y que estos hechos a\u00fan continuaban bajo el mando de la actual directora, Celina Quintero Padilla..<\/p>\n\n\n\n<p>Hay que recordar que Quintero Padilla fue una posici\u00f3n de Patrocinio.. Y que lleg\u00f3 a principios del actual gobierno de Baja California Sur.. El mismo estado de Cisneros Burgos hasta el 2018 antes de llegar a Veracruz.. Despu\u00e9s de lo se\u00f1alado en esta columna.. Se acercaron personajes a \u00abGarganta Profunda\u00bb para comentar que debido a las presuntas presiones que ejerce la directora del Registro P\u00fablico, con el presunto cobro de \u00abcuotas\u00bb a encargados de la dependencia.. Hay ya funcionarias despedidas por no cumplir con el \u00abencargo\u00bb.<\/p>\n\n\n\n<p>Seg\u00fan \u00abGarganta Profunda\u00bb comenta que por estas presiones renunciaron, dos excelentes abogadas, de las cuales nunca hubo queja de su labor en el Registro P\u00fablico.. Una de ellas fue la encargada de la oficina en Xalapa, Deborah Estrada y la jefa de la oficina en C\u00f3rdoba, Lorena Torruco.. Por lo cual, al interior de la direcci\u00f3n, se hizo un esc\u00e1ndalo que lleg\u00f3 a o\u00eddos del gobernador, Cuitl\u00e1huac Garc\u00eda y no hizo nada, menos mand\u00f3 hacer una investigaci\u00f3n con la Contralor\u00eda del Estado.. Pero este dato ya lleg\u00f3 a o\u00eddos de Roc\u00edo Nahle..<\/p>\n\n\n\n<p>Las versiones que cuenta \u00abGarganta Profunda\u00bb es que ambas renunciaron porque PRESUNTAMENTE no les alcanzaba para satisfacer las altas pretensiones econ\u00f3micas de altos funcionarios del Registro P\u00fablico.. Por eso, mejor decidieron poner fin a su carrera burocr\u00e1tica y no meterse en problemas con la direcci\u00f3n general de la dependencia.. Hay que recordar que ese recurso se obtiene de las \u00abcuotas\u00bb que dan presuntamente los notarios p\u00fablicos para que en el Registro tengan la documentaci\u00f3n requerida m\u00e1s r\u00e1pido y todos salen ganando..<\/p>\n\n\n\n<p>Lo m\u00e1s grave, comenta \u00abGarganta Profunda\u00bb, que empresarios afectados.. Han hecho saber a Roc\u00edo Nahle.. Que altos funcionarios de La direcci\u00f3n, as\u00ed como aumentan las \u00abcuotas\u00bb.. Tambi\u00e9n aumentan las apuestas en casinos de Xalapa y que los fines de semana acuden a casinos de Veracruz y Boca del R\u00edo.. Y que no se retiran hasta las primeras horas del d\u00eda, que el efectivo se agot\u00f3.. Y que alguno ya debe ser lud\u00f3pata.. Nahle tendr\u00e1 que poner mucho OJO porque se dice que puede haber fotos y v\u00eddeos.. La acusaci\u00f3n va en serio.. ABROONN<\/p>\n\n\n\n<p>CUITL\u00c1HUAC VS MORENA.. Dice el dicho que \u00abcuando el perro es bravo, hasta al de la casa muerde\u00bb.. No ha bastado que a Cuitl\u00e1huac Garc\u00eda le hayan aplicado la \u00ababurridora\u00bb por el equipo de transici\u00f3n de la Presidenta Electa, Claudia Shienbaum, para invitarlo a un cargo de cuarto nivel.. No ha bastado que la gobernadora electa, Roc\u00edo Nahle, le \u00abpinte su raya\u00bb.. NO.. Ahora hasta funcionarios de MORENA lo acusan que nunca los tom\u00f3 en cuenta.. Y ante eso, lo que suceda al xalape\u00f1o, pues, a pocos les importa.. EL QUE SIEMBRA TEMPESTADES..<\/p>\n\n\n\n<p>Fue la misma regidora de MORENA del ayuntamiento de Veracruz, Lissethe Mart\u00ednez Echeverr\u00eda, qui\u00e9n le hizo ese se\u00f1alamiento duro y directo al actual gobernador de Veracruz, al cual s\u00f3lo le quedan 86 d\u00edas en el poder estatal.. Ya que a estas alturas, no sabemos si se va o no del Palacio de Gobierno o si pide licencia al cargo.. Con eso, de que no ha sido requerido en Palacio Nacional, pues, no se sabe.. La edil acus\u00f3 directamente al mandatario de ignorarlos pese a ser ediles de MORENA\u2026Lo cual es una descortes\u00eda para la militancia de la 4T..<\/p>\n\n\n\n<p>Era obvio que Cuitl\u00e1huac en estos 6 a\u00f1os que se mantuvo en el poder de Veracruz.. Detestara todo lo que oliera al ayuntamiento porte\u00f1o.. Quiz\u00e1s porque desde el 2017 lo han encabezado administraciones que son oriundas del PAN.. Pero eso de ignorar a sus regidores de MORENA.. Eso est\u00e1 m\u00e1s que canijo.. Vamos que ni siquiera ha tenido la cortes\u00eda durante estos 3 a\u00f1os de invitarlos a sus eventos que realiza en el municipio donde ellos son ediles.. Es m\u00e1s grave a\u00fan.. Por eso ahora en ning\u00fan lado lo defienden.. La suerte de Cuitl\u00e1huac a pocos importa..<\/p>\n\n\n\n<p>A lo mejor el principal argumento que tenga el gobernador.. Es que estos ediles estuvieron m\u00e1s cerca del empresario y senador electo, Ricardo Exsome y obviamente de su rival pol\u00edtico en abierto al interior de MORENA, el senador, Manuel Huerta Ladr\u00f3n de Guevara.. Y eso les cost\u00f3 que desde Palacio de Gobierno los ignoraran como regidores.. Ocupando el falaz argumento de que ellos eran miembros de un cabildo en poder de Los Yunes \u00abAzules\u00bb.. Pero como todo lo que sube tiene que caer. Cuitl\u00e1huac ahora que va a la baja.. Se lo recuerdan duro y directo..<\/p>\n\n\n\n<p>REFLEXI\u00d3N.. Es muy sencilla.. Hasta los suyos, ya quieren que Cuitl\u00e1huac se vaya.. Y aunque tengan que esperar 86 d\u00edas.. Ya quieren verlo empezando a cargar las maletas de la mudanza.. Y muchos de los militante de MORENA, ya a\u00f1oran que llegue el 1 de diciembre para que tome protesta la gobernadora electa, Roc\u00edo Nahle y el xalape\u00f1o s\u00f3lo quede en el recuerdo.. Hace bien Cuitl\u00e1huac el querer irse de embajador a Cuba.. Salir de Veracruz ser\u00e1 por su propia salud.. COSECH\u00d3 LO QUE SEMBR\u00d3.. AMEN..<\/p>\n","protected":false},"excerpt":{"rendered":"<p>Ricardo Chua Sale y Vale Hace unos d\u00edas en este espacio mencionamos que varios personajes pol\u00edticos, catedr\u00e1ticos y empresarios.. Le informaron PRESUNTAMENTE a la gobernadora electa, Roc\u00edo Nahle, tan funesta y atroz que se ha manejado la direcci\u00f3n del Registro P\u00fablico de la Propiedad y Notar\u00edas del gobierno estatal, cuando estuvo bajo la regencia del [&hellip;]<\/p>\n","protected":false},"author":2,"featured_media":119817,"comment_status":"closed","ping_status":"closed","sticky":false,"template":"","format":"standard","meta":{"tdm_status":"","tdm_grid_status":"","footnotes":""},"categories":[70],"tags":[31035,1563,41712,1026,3578,195],"class_list":{"0":"post-129509","1":"post","2":"type-post","3":"status-publish","4":"format-standard","5":"has-post-thumbnail","7":"category-de-opinion","8":"tag-celina-quintero-padilla","9":"tag-cuitlahuac-garcia-jimenez","10":"tag-lorena-torruco","11":"tag-morena","12":"tag-rocio-nahle","13":"tag-veracruz"},"yoast_head":"<!-- This site is optimized with the Yoast SEO plugin v27.4 - https:\/\/yoast.com\/product\/yoast-seo-wordpress\/ -->\n<title>RPP, EL RECUENTO DE LOS DA\u00d1OS - Los pol\u00edticos Veracruz<\/title>\n<meta name=\"robots\" content=\"index, follow, max-snippet:-1, max-image-preview:large, max-video-preview:-1\" \/>\n<link rel=\"canonical\" href=\"https:\/\/lospoliticosveracruz.com\/?p=129509\" \/>\n<meta property=\"og:locale\" content=\"es_ES\" \/>\n<meta property=\"og:type\" content=\"article\" \/>\n<meta property=\"og:title\" content=\"RPP, EL RECUENTO DE LOS DA\u00d1OS - Los pol\u00edticos Veracruz\" \/>\n<meta property=\"og:description\" content=\"Ricardo Chua Sale y Vale Hace unos d\u00edas en este espacio mencionamos que varios personajes pol\u00edticos, catedr\u00e1ticos y empresarios.. Le informaron PRESUNTAMENTE a la gobernadora electa, Roc\u00edo Nahle, tan funesta y atroz que se ha manejado la direcci\u00f3n del Registro P\u00fablico de la Propiedad y Notar\u00edas del gobierno estatal, cuando estuvo bajo la regencia del [&hellip;]\" \/>\n<meta property=\"og:url\" content=\"https:\/\/lospoliticosveracruz.com\/?p=129509\" \/>\n<meta property=\"og:site_name\" content=\"Los pol\u00edticos Veracruz\" \/>\n<meta property=\"article:publisher\" content=\"https:\/\/www.facebook.com\/people\/Notimemes-de-los-Polticos\/61565672886568\/\" \/>\n<meta property=\"article:published_time\" content=\"2024-09-04T11:34:13+00:00\" \/>\n<meta property=\"article:modified_time\" content=\"2024-09-04T11:34:23+00:00\" \/>\n<meta property=\"og:image\" content=\"https:\/\/lospoliticosveracruz.com\/wp-content\/uploads\/2024\/03\/Ricardo-Chua.jpg\" \/>\n\t<meta property=\"og:image:width\" content=\"1250\" \/>\n\t<meta property=\"og:image:height\" content=\"667\" \/>\n\t<meta property=\"og:image:type\" content=\"image\/jpeg\" \/>\n<meta name=\"author\" content=\"Lo viste en Los Pol\u00edticos\" \/>\n<meta name=\"twitter:card\" content=\"summary_large_image\" \/>\n<meta name=\"twitter:creator\" content=\"@LosPoliticosVer\" \/>\n<meta name=\"twitter:site\" content=\"@LosPoliticosVer\" \/>\n<meta name=\"twitter:label1\" content=\"Escrito por\" \/>\n\t<meta name=\"twitter:data1\" content=\"Lo viste en Los Pol\u00edticos\" \/>\n\t<meta name=\"twitter:label2\" content=\"Tiempo de lectura\" \/>\n\t<meta name=\"twitter:data2\" content=\"5 minutos\" \/>\n<script type=\"application\/ld+json\" class=\"yoast-schema-graph\">{\"@context\":\"https:\\\/\\\/schema.org\",\"@graph\":[{\"@type\":\"Article\",\"@id\":\"https:\\\/\\\/lospoliticosveracruz.com\\\/?p=129509#article\",\"isPartOf\":{\"@id\":\"https:\\\/\\\/lospoliticosveracruz.com\\\/?p=129509\"},\"author\":{\"name\":\"Lo viste en Los Pol\u00edticos\",\"@id\":\"https:\\\/\\\/lospoliticosveracruz.com\\\/#\\\/schema\\\/person\\\/b8702bb0e538456e6efd07080bf2a4a2\"},\"headline\":\"RPP, EL RECUENTO DE LOS DA\u00d1OS\",\"datePublished\":\"2024-09-04T11:34:13+00:00\",\"dateModified\":\"2024-09-04T11:34:23+00:00\",\"mainEntityOfPage\":{\"@id\":\"https:\\\/\\\/lospoliticosveracruz.com\\\/?p=129509\"},\"wordCount\":977,\"publisher\":{\"@id\":\"https:\\\/\\\/lospoliticosveracruz.com\\\/#organization\"},\"image\":{\"@id\":\"https:\\\/\\\/lospoliticosveracruz.com\\\/?p=129509#primaryimage\"},\"thumbnailUrl\":\"https:\\\/\\\/lospoliticosveracruz.com\\\/wp-content\\\/uploads\\\/2024\\\/03\\\/Ricardo-Chua.jpg\",\"keywords\":[\"Celina Quintero Padilla\",\"Cuitl\u00e1huac Garc\u00eda Jim\u00e9nez\",\"Lorena Torruco\",\"Morena\",\"Roc\u00edo Nahle\",\"Veracruz\"],\"articleSection\":[\"De Opini\u00f3n\"],\"inLanguage\":\"es\"},{\"@type\":\"WebPage\",\"@id\":\"https:\\\/\\\/lospoliticosveracruz.com\\\/?p=129509\",\"url\":\"https:\\\/\\\/lospoliticosveracruz.com\\\/?p=129509\",\"name\":\"RPP, EL RECUENTO DE LOS DA\u00d1OS - Los pol\u00edticos Veracruz\",\"isPartOf\":{\"@id\":\"https:\\\/\\\/lospoliticosveracruz.com\\\/#website\"},\"primaryImageOfPage\":{\"@id\":\"https:\\\/\\\/lospoliticosveracruz.com\\\/?p=129509#primaryimage\"},\"image\":{\"@id\":\"https:\\\/\\\/lospoliticosveracruz.com\\\/?p=129509#primaryimage\"},\"thumbnailUrl\":\"https:\\\/\\\/lospoliticosveracruz.com\\\/wp-content\\\/uploads\\\/2024\\\/03\\\/Ricardo-Chua.jpg\",\"datePublished\":\"2024-09-04T11:34:13+00:00\",\"dateModified\":\"2024-09-04T11:34:23+00:00\",\"breadcrumb\":{\"@id\":\"https:\\\/\\\/lospoliticosveracruz.com\\\/?p=129509#breadcrumb\"},\"inLanguage\":\"es\",\"potentialAction\":[{\"@type\":\"ReadAction\",\"target\":[\"https:\\\/\\\/lospoliticosveracruz.com\\\/?p=129509\"]}]},{\"@type\":\"ImageObject\",\"inLanguage\":\"es\",\"@id\":\"https:\\\/\\\/lospoliticosveracruz.com\\\/?p=129509#primaryimage\",\"url\":\"https:\\\/\\\/lospoliticosveracruz.com\\\/wp-content\\\/uploads\\\/2024\\\/03\\\/Ricardo-Chua.jpg\",\"contentUrl\":\"https:\\\/\\\/lospoliticosveracruz.com\\\/wp-content\\\/uploads\\\/2024\\\/03\\\/Ricardo-Chua.jpg\",\"width\":1250,\"height\":667},{\"@type\":\"BreadcrumbList\",\"@id\":\"https:\\\/\\\/lospoliticosveracruz.com\\\/?p=129509#breadcrumb\",\"itemListElement\":[{\"@type\":\"ListItem\",\"position\":1,\"name\":\"Portada\",\"item\":\"https:\\\/\\\/lospoliticosveracruz.com\\\/\"},{\"@type\":\"ListItem\",\"position\":2,\"name\":\"RPP, EL RECUENTO DE LOS DA\u00d1OS\"}]},{\"@type\":\"WebSite\",\"@id\":\"https:\\\/\\\/lospoliticosveracruz.com\\\/#website\",\"url\":\"https:\\\/\\\/lospoliticosveracruz.com\\\/\",\"name\":\"Los pol\u00edticos Veracruz\",\"description\":\"\",\"publisher\":{\"@id\":\"https:\\\/\\\/lospoliticosveracruz.com\\\/#organization\"},\"potentialAction\":[{\"@type\":\"SearchAction\",\"target\":{\"@type\":\"EntryPoint\",\"urlTemplate\":\"https:\\\/\\\/lospoliticosveracruz.com\\\/?s={search_term_string}\"},\"query-input\":{\"@type\":\"PropertyValueSpecification\",\"valueRequired\":true,\"valueName\":\"search_term_string\"}}],\"inLanguage\":\"es\"},{\"@type\":\"Organization\",\"@id\":\"https:\\\/\\\/lospoliticosveracruz.com\\\/#organization\",\"name\":\"Los pol\u00edticos Veracruz\",\"url\":\"https:\\\/\\\/lospoliticosveracruz.com\\\/\",\"logo\":{\"@type\":\"ImageObject\",\"inLanguage\":\"es\",\"@id\":\"https:\\\/\\\/lospoliticosveracruz.com\\\/#\\\/schema\\\/logo\\\/image\\\/\",\"url\":\"https:\\\/\\\/lospoliticosveracruz.com\\\/wp-content\\\/uploads\\\/2025\\\/12\\\/Logo-Nuevo-LOS-POLITICOS-1.jpg\",\"contentUrl\":\"https:\\\/\\\/lospoliticosveracruz.com\\\/wp-content\\\/uploads\\\/2025\\\/12\\\/Logo-Nuevo-LOS-POLITICOS-1.jpg\",\"width\":260,\"height\":70,\"caption\":\"Los pol\u00edticos Veracruz\"},\"image\":{\"@id\":\"https:\\\/\\\/lospoliticosveracruz.com\\\/#\\\/schema\\\/logo\\\/image\\\/\"},\"sameAs\":[\"https:\\\/\\\/www.facebook.com\\\/people\\\/Notimemes-de-los-Polticos\\\/61565672886568\\\/\",\"https:\\\/\\\/x.com\\\/LosPoliticosVer\"]},{\"@type\":\"Person\",\"@id\":\"https:\\\/\\\/lospoliticosveracruz.com\\\/#\\\/schema\\\/person\\\/b8702bb0e538456e6efd07080bf2a4a2\",\"name\":\"Lo viste en Los Pol\u00edticos\",\"image\":{\"@type\":\"ImageObject\",\"inLanguage\":\"es\",\"@id\":\"https:\\\/\\\/secure.gravatar.com\\\/avatar\\\/3a8de04a2656d44082be478bd6c086daa447c4651605818287b9532d3d0bd435?s=96&d=mm&r=g\",\"url\":\"https:\\\/\\\/secure.gravatar.com\\\/avatar\\\/3a8de04a2656d44082be478bd6c086daa447c4651605818287b9532d3d0bd435?s=96&d=mm&r=g\",\"contentUrl\":\"https:\\\/\\\/secure.gravatar.com\\\/avatar\\\/3a8de04a2656d44082be478bd6c086daa447c4651605818287b9532d3d0bd435?s=96&d=mm&r=g\",\"caption\":\"Lo viste en Los Pol\u00edticos\"},\"url\":\"https:\\\/\\\/lospoliticosveracruz.com\\\/?author=2\"}]}<\/script>\n<!-- \/ Yoast SEO plugin. -->","yoast_head_json":{"title":"RPP, EL RECUENTO DE LOS DA\u00d1OS - Los pol\u00edticos Veracruz","robots":{"index":"index","follow":"follow","max-snippet":"max-snippet:-1","max-image-preview":"max-image-preview:large","max-video-preview":"max-video-preview:-1"},"canonical":"https:\/\/lospoliticosveracruz.com\/?p=129509","og_locale":"es_ES","og_type":"article","og_title":"RPP, EL RECUENTO DE LOS DA\u00d1OS - Los pol\u00edticos Veracruz","og_description":"Ricardo Chua Sale y Vale Hace unos d\u00edas en este espacio mencionamos que varios personajes pol\u00edticos, catedr\u00e1ticos y empresarios.. Le informaron PRESUNTAMENTE a la gobernadora electa, Roc\u00edo Nahle, tan funesta y atroz que se ha manejado la direcci\u00f3n del Registro P\u00fablico de la Propiedad y Notar\u00edas del gobierno estatal, cuando estuvo bajo la regencia del [&hellip;]","og_url":"https:\/\/lospoliticosveracruz.com\/?p=129509","og_site_name":"Los pol\u00edticos Veracruz","article_publisher":"https:\/\/www.facebook.com\/people\/Notimemes-de-los-Polticos\/61565672886568\/","article_published_time":"2024-09-04T11:34:13+00:00","article_modified_time":"2024-09-04T11:34:23+00:00","og_image":[{"width":1250,"height":667,"url":"https:\/\/lospoliticosveracruz.com\/wp-content\/uploads\/2024\/03\/Ricardo-Chua.jpg","type":"image\/jpeg"}],"author":"Lo viste en Los Pol\u00edticos","twitter_card":"summary_large_image","twitter_creator":"@LosPoliticosVer","twitter_site":"@LosPoliticosVer","twitter_misc":{"Escrito por":"Lo viste en Los Pol\u00edticos","Tiempo de lectura":"5 minutos"},"schema":{"@context":"https:\/\/schema.org","@graph":[{"@type":"Article","@id":"https:\/\/lospoliticosveracruz.com\/?p=129509#article","isPartOf":{"@id":"https:\/\/lospoliticosveracruz.com\/?p=129509"},"author":{"name":"Lo viste en Los Pol\u00edticos","@id":"https:\/\/lospoliticosveracruz.com\/#\/schema\/person\/b8702bb0e538456e6efd07080bf2a4a2"},"headline":"RPP, EL RECUENTO DE LOS DA\u00d1OS","datePublished":"2024-09-04T11:34:13+00:00","dateModified":"2024-09-04T11:34:23+00:00","mainEntityOfPage":{"@id":"https:\/\/lospoliticosveracruz.com\/?p=129509"},"wordCount":977,"publisher":{"@id":"https:\/\/lospoliticosveracruz.com\/#organization"},"image":{"@id":"https:\/\/lospoliticosveracruz.com\/?p=129509#primaryimage"},"thumbnailUrl":"https:\/\/lospoliticosveracruz.com\/wp-content\/uploads\/2024\/03\/Ricardo-Chua.jpg","keywords":["Celina Quintero Padilla","Cuitl\u00e1huac Garc\u00eda Jim\u00e9nez","Lorena Torruco","Morena","Roc\u00edo Nahle","Veracruz"],"articleSection":["De Opini\u00f3n"],"inLanguage":"es"},{"@type":"WebPage","@id":"https:\/\/lospoliticosveracruz.com\/?p=129509","url":"https:\/\/lospoliticosveracruz.com\/?p=129509","name":"RPP, EL RECUENTO DE LOS DA\u00d1OS - Los pol\u00edticos Veracruz","isPartOf":{"@id":"https:\/\/lospoliticosveracruz.com\/#website"},"primaryImageOfPage":{"@id":"https:\/\/lospoliticosveracruz.com\/?p=129509#primaryimage"},"image":{"@id":"https:\/\/lospoliticosveracruz.com\/?p=129509#primaryimage"},"thumbnailUrl":"https:\/\/lospoliticosveracruz.com\/wp-content\/uploads\/2024\/03\/Ricardo-Chua.jpg","datePublished":"2024-09-04T11:34:13+00:00","dateModified":"2024-09-04T11:34:23+00:00","breadcrumb":{"@id":"https:\/\/lospoliticosveracruz.com\/?p=129509#breadcrumb"},"inLanguage":"es","potentialAction":[{"@type":"ReadAction","target":["https:\/\/lospoliticosveracruz.com\/?p=129509"]}]},{"@type":"ImageObject","inLanguage":"es","@id":"https:\/\/lospoliticosveracruz.com\/?p=129509#primaryimage","url":"https:\/\/lospoliticosveracruz.com\/wp-content\/uploads\/2024\/03\/Ricardo-Chua.jpg","contentUrl":"https:\/\/lospoliticosveracruz.com\/wp-content\/uploads\/2024\/03\/Ricardo-Chua.jpg","width":1250,"height":667},{"@type":"BreadcrumbList","@id":"https:\/\/lospoliticosveracruz.com\/?p=129509#breadcrumb","itemListElement":[{"@type":"ListItem","position":1,"name":"Portada","item":"https:\/\/lospoliticosveracruz.com\/"},{"@type":"ListItem","position":2,"name":"RPP, EL RECUENTO DE LOS DA\u00d1OS"}]},{"@type":"WebSite","@id":"https:\/\/lospoliticosveracruz.com\/#website","url":"https:\/\/lospoliticosveracruz.com\/","name":"Los pol\u00edticos Veracruz","description":"","publisher":{"@id":"https:\/\/lospoliticosveracruz.com\/#organization"},"potentialAction":[{"@type":"SearchAction","target":{"@type":"EntryPoint","urlTemplate":"https:\/\/lospoliticosveracruz.com\/?s={search_term_string}"},"query-input":{"@type":"PropertyValueSpecification","valueRequired":true,"valueName":"search_term_string"}}],"inLanguage":"es"},{"@type":"Organization","@id":"https:\/\/lospoliticosveracruz.com\/#organization","name":"Los pol\u00edticos Veracruz","url":"https:\/\/lospoliticosveracruz.com\/","logo":{"@type":"ImageObject","inLanguage":"es","@id":"https:\/\/lospoliticosveracruz.com\/#\/schema\/logo\/image\/","url":"https:\/\/lospoliticosveracruz.com\/wp-content\/uploads\/2025\/12\/Logo-Nuevo-LOS-POLITICOS-1.jpg","contentUrl":"https:\/\/lospoliticosveracruz.com\/wp-content\/uploads\/2025\/12\/Logo-Nuevo-LOS-POLITICOS-1.jpg","width":260,"height":70,"caption":"Los pol\u00edticos Veracruz"},"image":{"@id":"https:\/\/lospoliticosveracruz.com\/#\/schema\/logo\/image\/"},"sameAs":["https:\/\/www.facebook.com\/people\/Notimemes-de-los-Polticos\/61565672886568\/","https:\/\/x.com\/LosPoliticosVer"]},{"@type":"Person","@id":"https:\/\/lospoliticosveracruz.com\/#\/schema\/person\/b8702bb0e538456e6efd07080bf2a4a2","name":"Lo viste en Los Pol\u00edticos","image":{"@type":"ImageObject","inLanguage":"es","@id":"https:\/\/secure.gravatar.com\/avatar\/3a8de04a2656d44082be478bd6c086daa447c4651605818287b9532d3d0bd435?s=96&d=mm&r=g","url":"https:\/\/secure.gravatar.com\/avatar\/3a8de04a2656d44082be478bd6c086daa447c4651605818287b9532d3d0bd435?s=96&d=mm&r=g","contentUrl":"https:\/\/secure.gravatar.com\/avatar\/3a8de04a2656d44082be478bd6c086daa447c4651605818287b9532d3d0bd435?s=96&d=mm&r=g","caption":"Lo viste en Los Pol\u00edticos"},"url":"https:\/\/lospoliticosveracruz.com\/?author=2"}]}},"_links":{"self":[{"href":"https:\/\/lospoliticosveracruz.com\/index.php?rest_route=\/wp\/v2\/posts\/129509","targetHints":{"allow":["GET"]}}],"collection":[{"href":"https:\/\/lospoliticosveracruz.com\/index.php?rest_route=\/wp\/v2\/posts"}],"about":[{"href":"https:\/\/lospoliticosveracruz.com\/index.php?rest_route=\/wp\/v2\/types\/post"}],"author":[{"embeddable":true,"href":"https:\/\/lospoliticosveracruz.com\/index.php?rest_route=\/wp\/v2\/users\/2"}],"replies":[{"embeddable":true,"href":"https:\/\/lospoliticosveracruz.com\/index.php?rest_route=%2Fwp%2Fv2%2Fcomments&post=129509"}],"version-history":[{"count":1,"href":"https:\/\/lospoliticosveracruz.com\/index.php?rest_route=\/wp\/v2\/posts\/129509\/revisions"}],"predecessor-version":[{"id":129510,"href":"https:\/\/lospoliticosveracruz.com\/index.php?rest_route=\/wp\/v2\/posts\/129509\/revisions\/129510"}],"wp:featuredmedia":[{"embeddable":true,"href":"https:\/\/lospoliticosveracruz.com\/index.php?rest_route=\/wp\/v2\/media\/119817"}],"wp:attachment":[{"href":"https:\/\/lospoliticosveracruz.com\/index.php?rest_route=%2Fwp%2Fv2%2Fmedia&parent=129509"}],"wp:term":[{"taxonomy":"category","embeddable":true,"href":"https:\/\/lospoliticosveracruz.com\/index.php?rest_route=%2Fwp%2Fv2%2Fcategories&post=129509"},{"taxonomy":"post_tag","embeddable":true,"href":"https:\/\/lospoliticosveracruz.com\/index.php?rest_route=%2Fwp%2Fv2%2Ftags&post=129509"}],"curies":[{"name":"wp","href":"https:\/\/api.w.org\/{rel}","templated":true}]}}