{"id":129513,"date":"2024-09-04T08:13:49","date_gmt":"2024-09-04T13:13:49","guid":{"rendered":"https:\/\/lospoliticosveracruz.com.mx\/?p=129513"},"modified":"2024-09-04T09:27:19","modified_gmt":"2024-09-04T14:27:19","slug":"tirania-en-derecho","status":"publish","type":"post","link":"https:\/\/lospoliticosveracruz.com\/?p=129513","title":{"rendered":"TIRAN\u00cdA EN DERECHO!"},"content":{"rendered":"\n<p><strong>Omar Z\u00fa\u00f1iga<\/strong><\/p>\n\n\n\n<p><em>De Primera Mano<\/em> <\/p>\n\n\n\n<p>Dec\u00eda&nbsp;<strong>Mark&nbsp;<\/strong><strong>Twain<\/strong>&nbsp;-que antes de ser escritor era periodista-, que \u201ca reserva de que su director no lo abandone, un reportero no tiene nada que temer de un Jefe de Estado\u201d.<\/p>\n\n\n\n<p>Gran verdad,&nbsp;sin duda alguna.<\/p>\n\n\n\n<p>En la entrega anterior, mencionamos tambi\u00e9n una frase atribuida a&nbsp;<strong>Justo Sierra<\/strong>&nbsp;sobre la UNAM; ambas frases deber\u00edan ser trasladadas a la patria chica y por supuesto, a la Universidad Veracruzana, que dicho sea de paso, tuvo su historia en el Movimiento Estudiantil del 68, con las facultades de Derecho y Econom\u00eda a la cabeza.<\/p>\n\n\n<div class=\"wp-block-image\">\n<figure class=\"alignleft size-thumbnail\"><a href=\"https:\/\/lospoliticosveracruz.com.mx\/wp-content\/uploads\/2024\/05\/IMG_0341-e1716950925234.jpeg\"><img loading=\"lazy\" decoding=\"async\" width=\"150\" height=\"150\" src=\"https:\/\/lospoliticosveracruz.com.mx\/wp-content\/uploads\/2024\/05\/IMG_0341-150x150.jpeg\" alt=\"\" class=\"wp-image-125332\"\/><\/a><\/figure>\n<\/div>\n\n\n<p>Pues bien, parece que en estos tiempos, en que las universidades han tomado en sus manos las protestas contra la pretendida reforma del presidente&nbsp;<strong>Andr\u00e9s Manuel L\u00f3pez Obrador&nbsp;<\/strong>al Poder Judicial, esto no es aceptado por la actual directora de la Facultad de Derecho,&nbsp;<strong>Araceli Reyes&nbsp;<\/strong><strong>L\u00f3pez&nbsp;<\/strong>-de quien ya hemos informado con anterioridad algunas&nbsp;otras&nbsp;bellezas-, que lejos de apoyar a sus alumnos&nbsp;los obstaculiza.<\/p>\n\n\n\n<p>Gracias a la confianza del alumnado de la Facultad, nos enteramos&nbsp;<strong>De Primera Mano&nbsp;<\/strong>que la comunidad estudiantil&nbsp;se encuentra&nbsp;lo que sigue de&nbsp;\u201cmuy molesta\u201dcon&nbsp;esta funcionaria;&nbsp;se\u00f1alan que es una verg\u00fcenza&nbsp;\u2013literal-,&nbsp;que la Facultad de Derecho permanezca&nbsp;callada como momia,&nbsp;sin hacer ning\u00fan pronunciamiento&nbsp;sobre&nbsp;la reforma judicial,&nbsp;cuando los estudiantes precisamente ingresaron a la facultad, a la escuela de Leyes,&nbsp;para defender los derechos de las personas.<\/p>\n\n\n\n<p>La acusan de restringirlos y limitarlos a ejercer suderecho a&nbsp;la libre manifestaci\u00f3n de ideas,&nbsp;ya que le han solicitado el Aula Magna para&nbsp;la realizaci\u00f3n de&nbsp;foros&nbsp;de&nbsp;discutir&nbsp;sobre&nbsp;la reforma judicial, y&nbsp;la respuesta ha sido invariablemente&nbsp;la&nbsp;negativa, actuando de&nbsp;manera arbitraria y prepotente,&nbsp;amenazando&nbsp;adem\u00e1s&nbsp;a los&nbsp;estudiantes que no&nbsp;se sometan &nbsp;a su voluntad.<\/p>\n\n\n\n<p>Por si esto fuera poca cosa, les ha negado&nbsp;adem\u00e1s&nbsp;el acceso&nbsp;al plantel a jueces y magistrados del Poder Judicial Federal,&nbsp;quienes han tenido la intenci\u00f3n de explicar&nbsp;a los estudiantes&nbsp;la multicitada&nbsp;reforma judicial.<\/p>\n\n\n\n<p>Los alumnos se averg\u00fcenzan de ella y cuestionan: c\u00f3mo es posible que siendo la directora de la Facultad de Derecho&nbsp;de la M\u00e1xima Casa de Estudios de Veracruz,&nbsp;no le importe lo que pase en torno a&nbsp;esta reforma constitucional,&nbsp;y deber\u00eda tomar el ejemplo de varios profesores del claustro acad\u00e9mico,&nbsp;que han tenido el valor de dar la cara p\u00fablicamente por&nbsp;su escuela,&nbsp;cuando es a ella a quien le corresponde dar una postura&nbsp;sobre la reforma.<\/p>\n\n\n\n<p>Cuestionan tambi\u00e9n su permanencia al frente de la Facultad,&nbsp;pues \u201csi le queda&nbsp;grande el cargo, que se lo deje a quien s\u00ed est\u00e1 dispuesto a&nbsp;apoyar a los estudiantes. Es valiente gritando y humillando a su personal,&nbsp;pero cuando debe dar la cara, aplica la t\u00e9cnica del avestruz, escondiendo la cabeza bajo la tierra\u201d.&nbsp;<\/p>\n\n\n\n<p>Denuncian que&nbsp;para tener el control del alumnado, do\u00f1a&nbsp;Reyes suprimi\u00f3,&nbsp;sin causa&nbsp;alguna,&nbsp;los semilleros estudiantiles de T\u00e9cnica en Litigaci\u00f3n y Derecho Parlamentario y T\u00e9cnica Legislativa, lo anterior para que los estudiantes no le hagan contrapeso, limit\u00e1ndoles&nbsp;para que no puedan realizar eventos acad\u00e9micos,&nbsp;porque s\u00f3lo ella&nbsp;decide qu\u00e9 evento se hace, claro,&nbsp;siempre&nbsp;a conveniencia.<\/p>\n\n\n\n<p>El Estado soy yo, dec\u00edan en la \u00e9poca de los luises.<\/p>\n\n\n\n<p>La actitud arbitraria de la directora de la Facultad de Derecho&nbsp;<strong>Araceli Reyes L\u00f3pez<\/strong>, impide la formaci\u00f3n acad\u00e9mica y la actualizaci\u00f3n de los alumnos;&nbsp;lejos de&nbsp;apoyarlos,&nbsp;los perjudica.<\/p>\n\n\n\n<p>Denuncian tambi\u00e9n \u201cque&nbsp;es experta en violar el estatuto de los alumnos,&nbsp;ya que no cumple con las obligaciones que el propio estatuto le impone,&nbsp;pues desde agosto ten\u00eda la obligaci\u00f3n de entregar notas laudatorias y no lo hizo; adem\u00e1s, de manera tramposa,&nbsp;porque as\u00ed conviene a sus intereses,&nbsp;pretende eliminar a los representantes de grupo para quitarles su voto en junta acad\u00e9mica,&nbsp;pues es m\u00e1s f\u00e1cil controlar a cuatro alumnos que a cada uno de los representantes de grupo;&nbsp;pretende que un alumno represente a cada generaci\u00f3n teniendo un representante por a\u00f1o, 2021, 2022, 2023 y 2024.&nbsp;Pretende verse favorecida comprando el voto de cuatro alumnos a cambio de favores,&nbsp;para as\u00ed&nbsp;beneficiarse&nbsp;con el solo voto de los maestros\u201d.<\/p>\n\n\n\n<p>Rebelan tambi\u00e9n que en su administraci\u00f3n,&nbsp;se ha dedicado a incorporar a muchos maestros que no cumplen el perfil&nbsp;acad\u00e9mico necesario,&nbsp;y ponen de&nbsp;ejemplo&nbsp;a Eduardo de la Torre, de quien \u2013denuncian- tiene perfil partidista relacionado con el PAN, \u201ca quien le dio de chile y mole, al beneficiarle&nbsp;por ciertos favores que le debe,&nbsp;y&nbsp;ahora resulta que&nbsp;\u00e9l sabe&nbsp;todo,&nbsp;basta&nbsp;entrar a la p\u00e1gina de la Facultad de Derecho, para que vean que tan s\u00f3lo en este semestre,&nbsp;sin cumplir con el perfil &nbsp;requerido, le dio las clases de Derecho Internacional P\u00fablico&nbsp;en horario de 12 a 13 horas en&nbsp;la secci\u00f3n 303 y Derecho Penal&nbsp;Especial en la secci\u00f3n 316 en horario&nbsp;de 18 a 19 horas, -y pregunten qu\u00e9&nbsp;les ha ense\u00f1ado a los alumnos hasta ahora-cuestionan, y responden ellos mismos -\u00a1pues nada!,&nbsp;no cumple con el perfil, pues siempre ha sido pol\u00edtico-\u201d.<\/p>\n\n\n\n<p>Y como este bot\u00f3n de muestra,&nbsp;son muchos&nbsp;ya&nbsp;por losque tiene cansada a la comunidad estudiantil,&nbsp;es hora de que el rector de la Universidad Veracruzana&nbsp;<strong>Gerardo Mart\u00edn Aguilar<\/strong>,&nbsp;tome cartas en el asunto,&nbsp;\u201cy ponga un alto a las arbitrariedades y conductas d\u00e9spotas de&nbsp;<strong>Araceli Reyes L\u00f3pez<\/strong>, pues se siente&nbsp;la due\u00f1a de la Facultad de Derecho, y ya est\u00e1preparando las u\u00f1as para reelegirse,&nbsp;como si realmente se lo mereciera\u201d.&nbsp;<\/p>\n\n\n\n<p>Ahora, habr\u00e1 que ver si&nbsp;Martincillo&nbsp;se fajar\u00e1 y pondr\u00e1 orden en la Facultad o si de plano le van a temblar las corvas\u2026<\/p>\n\n\n\n<p>*****<\/p>\n\n\n\n<p>Y en trat\u00e1ndose de la mentada reforma al Poder Judicial, este jueves, luego del bloqueo de los trabajadores del PJF a la C\u00e1mara de Diputados en San L\u00e1zaro, los morenistas habilitaron&nbsp;la Sala de Armas de la Magdalena&nbsp;Mixhuca, protegidos por la Fuerza P\u00fablica, para sacar adelante&nbsp;la&nbsp;reforma.<\/p>\n\n\n\n<p>En ese sal\u00f3n de plenos improvisado, el veracruzano&nbsp;<strong>Sergio Gil Rull\u00e1n&nbsp;<\/strong>les peg\u00f3 una chinga extraordinaria.<\/p>\n\n\n\n<p>El tambi\u00e9n coordinador estatal de Movimiento Ciudadano, articul\u00f3 un extraordinario mensaje, revel\u00e1ndose como un gran&nbsp;parlamentario.<\/p>\n\n\n\n<p>No vi que alg\u00fan otro veracruzano&nbsp;en esa tribuna&nbsp;alzara la voz para protestar contra la pretensi\u00f3n de L\u00f3pez Obrador, que ha convertido al Poder Legislativo en un ap\u00e9ndice del Ejecutivo y busca hacer lo mismo con el Judicial.<\/p>\n\n\n\n<p>Respeto.<\/p>\n\n\n\n<p>\u00a1Qu\u00e9 barbaridad!<\/p>\n\n\n\n<p>deprimera.mano2020@gmail.com<\/p>\n","protected":false},"excerpt":{"rendered":"<p>Omar Z\u00fa\u00f1iga De Primera Mano Dec\u00eda&nbsp;Mark&nbsp;Twain&nbsp;-que antes de ser escritor era periodista-, que \u201ca reserva de que su director no lo abandone, un reportero no tiene nada que temer de un Jefe de Estado\u201d. Gran verdad,&nbsp;sin duda alguna. En la entrega anterior, mencionamos tambi\u00e9n una frase atribuida a&nbsp;Justo Sierra&nbsp;sobre la UNAM; ambas frases deber\u00edan ser [&hellip;]<\/p>\n","protected":false},"author":2,"featured_media":119918,"comment_status":"closed","ping_status":"closed","sticky":false,"template":"","format":"standard","meta":{"tdm_status":"","tdm_grid_status":"","footnotes":""},"categories":[70],"tags":[3356,39430,41713,172],"class_list":{"0":"post-129513","1":"post","2":"type-post","3":"status-publish","4":"format-standard","5":"has-post-thumbnail","7":"category-de-opinion","8":"tag-facultad-de-derecho","9":"tag-gerardo-martin-aguilar","10":"tag-justo-sierra","11":"tag-uv"},"yoast_head":"<!-- This site is optimized with the Yoast SEO plugin v27.4 - https:\/\/yoast.com\/product\/yoast-seo-wordpress\/ -->\n<title>TIRAN\u00cdA EN DERECHO! - Los pol\u00edticos Veracruz<\/title>\n<meta name=\"robots\" content=\"index, follow, max-snippet:-1, max-image-preview:large, max-video-preview:-1\" \/>\n<link rel=\"canonical\" href=\"https:\/\/lospoliticosveracruz.com\/?p=129513\" \/>\n<meta property=\"og:locale\" content=\"es_ES\" \/>\n<meta property=\"og:type\" content=\"article\" \/>\n<meta property=\"og:title\" content=\"TIRAN\u00cdA EN DERECHO! - Los pol\u00edticos Veracruz\" \/>\n<meta property=\"og:description\" content=\"Omar Z\u00fa\u00f1iga De Primera Mano Dec\u00eda&nbsp;Mark&nbsp;Twain&nbsp;-que antes de ser escritor era periodista-, que \u201ca reserva de que su director no lo abandone, un reportero no tiene nada que temer de un Jefe de Estado\u201d. Gran verdad,&nbsp;sin duda alguna. En la entrega anterior, mencionamos tambi\u00e9n una frase atribuida a&nbsp;Justo Sierra&nbsp;sobre la UNAM; ambas frases deber\u00edan ser [&hellip;]\" \/>\n<meta property=\"og:url\" content=\"https:\/\/lospoliticosveracruz.com\/?p=129513\" \/>\n<meta property=\"og:site_name\" content=\"Los pol\u00edticos Veracruz\" \/>\n<meta property=\"article:publisher\" content=\"https:\/\/www.facebook.com\/people\/Notimemes-de-los-Polticos\/61565672886568\/\" \/>\n<meta property=\"article:published_time\" content=\"2024-09-04T13:13:49+00:00\" \/>\n<meta property=\"article:modified_time\" content=\"2024-09-04T14:27:19+00:00\" \/>\n<meta property=\"og:image\" content=\"https:\/\/lospoliticosveracruz.com\/wp-content\/uploads\/2024\/03\/Omar-Zuniga.jpg\" \/>\n\t<meta property=\"og:image:width\" content=\"1250\" \/>\n\t<meta property=\"og:image:height\" content=\"667\" \/>\n\t<meta property=\"og:image:type\" content=\"image\/jpeg\" \/>\n<meta name=\"author\" content=\"Lo viste en Los Pol\u00edticos\" \/>\n<meta name=\"twitter:card\" content=\"summary_large_image\" \/>\n<meta name=\"twitter:creator\" content=\"@LosPoliticosVer\" \/>\n<meta name=\"twitter:site\" content=\"@LosPoliticosVer\" \/>\n<meta name=\"twitter:label1\" content=\"Escrito por\" \/>\n\t<meta name=\"twitter:data1\" content=\"Lo viste en Los Pol\u00edticos\" \/>\n\t<meta name=\"twitter:label2\" content=\"Tiempo de lectura\" \/>\n\t<meta name=\"twitter:data2\" content=\"6 minutos\" \/>\n<script type=\"application\/ld+json\" class=\"yoast-schema-graph\">{\"@context\":\"https:\\\/\\\/schema.org\",\"@graph\":[{\"@type\":\"Article\",\"@id\":\"https:\\\/\\\/lospoliticosveracruz.com\\\/?p=129513#article\",\"isPartOf\":{\"@id\":\"https:\\\/\\\/lospoliticosveracruz.com\\\/?p=129513\"},\"author\":{\"name\":\"Lo viste en Los Pol\u00edticos\",\"@id\":\"https:\\\/\\\/lospoliticosveracruz.com\\\/#\\\/schema\\\/person\\\/b8702bb0e538456e6efd07080bf2a4a2\"},\"headline\":\"TIRAN\u00cdA EN DERECHO!\",\"datePublished\":\"2024-09-04T13:13:49+00:00\",\"dateModified\":\"2024-09-04T14:27:19+00:00\",\"mainEntityOfPage\":{\"@id\":\"https:\\\/\\\/lospoliticosveracruz.com\\\/?p=129513\"},\"wordCount\":1256,\"publisher\":{\"@id\":\"https:\\\/\\\/lospoliticosveracruz.com\\\/#organization\"},\"image\":{\"@id\":\"https:\\\/\\\/lospoliticosveracruz.com\\\/?p=129513#primaryimage\"},\"thumbnailUrl\":\"https:\\\/\\\/lospoliticosveracruz.com\\\/wp-content\\\/uploads\\\/2024\\\/03\\\/Omar-Zuniga.jpg\",\"keywords\":[\"Facultad de Derecho\",\"Gerardo Mart\u00edn Aguilar\",\"Justo Sierra\",\"UV\"],\"articleSection\":[\"De Opini\u00f3n\"],\"inLanguage\":\"es\"},{\"@type\":\"WebPage\",\"@id\":\"https:\\\/\\\/lospoliticosveracruz.com\\\/?p=129513\",\"url\":\"https:\\\/\\\/lospoliticosveracruz.com\\\/?p=129513\",\"name\":\"TIRAN\u00cdA EN DERECHO! - Los pol\u00edticos Veracruz\",\"isPartOf\":{\"@id\":\"https:\\\/\\\/lospoliticosveracruz.com\\\/#website\"},\"primaryImageOfPage\":{\"@id\":\"https:\\\/\\\/lospoliticosveracruz.com\\\/?p=129513#primaryimage\"},\"image\":{\"@id\":\"https:\\\/\\\/lospoliticosveracruz.com\\\/?p=129513#primaryimage\"},\"thumbnailUrl\":\"https:\\\/\\\/lospoliticosveracruz.com\\\/wp-content\\\/uploads\\\/2024\\\/03\\\/Omar-Zuniga.jpg\",\"datePublished\":\"2024-09-04T13:13:49+00:00\",\"dateModified\":\"2024-09-04T14:27:19+00:00\",\"breadcrumb\":{\"@id\":\"https:\\\/\\\/lospoliticosveracruz.com\\\/?p=129513#breadcrumb\"},\"inLanguage\":\"es\",\"potentialAction\":[{\"@type\":\"ReadAction\",\"target\":[\"https:\\\/\\\/lospoliticosveracruz.com\\\/?p=129513\"]}]},{\"@type\":\"ImageObject\",\"inLanguage\":\"es\",\"@id\":\"https:\\\/\\\/lospoliticosveracruz.com\\\/?p=129513#primaryimage\",\"url\":\"https:\\\/\\\/lospoliticosveracruz.com\\\/wp-content\\\/uploads\\\/2024\\\/03\\\/Omar-Zuniga.jpg\",\"contentUrl\":\"https:\\\/\\\/lospoliticosveracruz.com\\\/wp-content\\\/uploads\\\/2024\\\/03\\\/Omar-Zuniga.jpg\",\"width\":1250,\"height\":667},{\"@type\":\"BreadcrumbList\",\"@id\":\"https:\\\/\\\/lospoliticosveracruz.com\\\/?p=129513#breadcrumb\",\"itemListElement\":[{\"@type\":\"ListItem\",\"position\":1,\"name\":\"Portada\",\"item\":\"https:\\\/\\\/lospoliticosveracruz.com\\\/\"},{\"@type\":\"ListItem\",\"position\":2,\"name\":\"TIRAN\u00cdA EN DERECHO!\"}]},{\"@type\":\"WebSite\",\"@id\":\"https:\\\/\\\/lospoliticosveracruz.com\\\/#website\",\"url\":\"https:\\\/\\\/lospoliticosveracruz.com\\\/\",\"name\":\"Los pol\u00edticos Veracruz\",\"description\":\"\",\"publisher\":{\"@id\":\"https:\\\/\\\/lospoliticosveracruz.com\\\/#organization\"},\"potentialAction\":[{\"@type\":\"SearchAction\",\"target\":{\"@type\":\"EntryPoint\",\"urlTemplate\":\"https:\\\/\\\/lospoliticosveracruz.com\\\/?s={search_term_string}\"},\"query-input\":{\"@type\":\"PropertyValueSpecification\",\"valueRequired\":true,\"valueName\":\"search_term_string\"}}],\"inLanguage\":\"es\"},{\"@type\":\"Organization\",\"@id\":\"https:\\\/\\\/lospoliticosveracruz.com\\\/#organization\",\"name\":\"Los pol\u00edticos Veracruz\",\"url\":\"https:\\\/\\\/lospoliticosveracruz.com\\\/\",\"logo\":{\"@type\":\"ImageObject\",\"inLanguage\":\"es\",\"@id\":\"https:\\\/\\\/lospoliticosveracruz.com\\\/#\\\/schema\\\/logo\\\/image\\\/\",\"url\":\"https:\\\/\\\/lospoliticosveracruz.com\\\/wp-content\\\/uploads\\\/2025\\\/12\\\/Logo-Nuevo-LOS-POLITICOS-1.jpg\",\"contentUrl\":\"https:\\\/\\\/lospoliticosveracruz.com\\\/wp-content\\\/uploads\\\/2025\\\/12\\\/Logo-Nuevo-LOS-POLITICOS-1.jpg\",\"width\":260,\"height\":70,\"caption\":\"Los pol\u00edticos Veracruz\"},\"image\":{\"@id\":\"https:\\\/\\\/lospoliticosveracruz.com\\\/#\\\/schema\\\/logo\\\/image\\\/\"},\"sameAs\":[\"https:\\\/\\\/www.facebook.com\\\/people\\\/Notimemes-de-los-Polticos\\\/61565672886568\\\/\",\"https:\\\/\\\/x.com\\\/LosPoliticosVer\"]},{\"@type\":\"Person\",\"@id\":\"https:\\\/\\\/lospoliticosveracruz.com\\\/#\\\/schema\\\/person\\\/b8702bb0e538456e6efd07080bf2a4a2\",\"name\":\"Lo viste en Los Pol\u00edticos\",\"image\":{\"@type\":\"ImageObject\",\"inLanguage\":\"es\",\"@id\":\"https:\\\/\\\/secure.gravatar.com\\\/avatar\\\/3a8de04a2656d44082be478bd6c086daa447c4651605818287b9532d3d0bd435?s=96&d=mm&r=g\",\"url\":\"https:\\\/\\\/secure.gravatar.com\\\/avatar\\\/3a8de04a2656d44082be478bd6c086daa447c4651605818287b9532d3d0bd435?s=96&d=mm&r=g\",\"contentUrl\":\"https:\\\/\\\/secure.gravatar.com\\\/avatar\\\/3a8de04a2656d44082be478bd6c086daa447c4651605818287b9532d3d0bd435?s=96&d=mm&r=g\",\"caption\":\"Lo viste en Los Pol\u00edticos\"},\"url\":\"https:\\\/\\\/lospoliticosveracruz.com\\\/?author=2\"}]}<\/script>\n<!-- \/ Yoast SEO plugin. -->","yoast_head_json":{"title":"TIRAN\u00cdA EN DERECHO! - Los pol\u00edticos Veracruz","robots":{"index":"index","follow":"follow","max-snippet":"max-snippet:-1","max-image-preview":"max-image-preview:large","max-video-preview":"max-video-preview:-1"},"canonical":"https:\/\/lospoliticosveracruz.com\/?p=129513","og_locale":"es_ES","og_type":"article","og_title":"TIRAN\u00cdA EN DERECHO! - Los pol\u00edticos Veracruz","og_description":"Omar Z\u00fa\u00f1iga De Primera Mano Dec\u00eda&nbsp;Mark&nbsp;Twain&nbsp;-que antes de ser escritor era periodista-, que \u201ca reserva de que su director no lo abandone, un reportero no tiene nada que temer de un Jefe de Estado\u201d. Gran verdad,&nbsp;sin duda alguna. En la entrega anterior, mencionamos tambi\u00e9n una frase atribuida a&nbsp;Justo Sierra&nbsp;sobre la UNAM; ambas frases deber\u00edan ser [&hellip;]","og_url":"https:\/\/lospoliticosveracruz.com\/?p=129513","og_site_name":"Los pol\u00edticos Veracruz","article_publisher":"https:\/\/www.facebook.com\/people\/Notimemes-de-los-Polticos\/61565672886568\/","article_published_time":"2024-09-04T13:13:49+00:00","article_modified_time":"2024-09-04T14:27:19+00:00","og_image":[{"width":1250,"height":667,"url":"https:\/\/lospoliticosveracruz.com\/wp-content\/uploads\/2024\/03\/Omar-Zuniga.jpg","type":"image\/jpeg"}],"author":"Lo viste en Los Pol\u00edticos","twitter_card":"summary_large_image","twitter_creator":"@LosPoliticosVer","twitter_site":"@LosPoliticosVer","twitter_misc":{"Escrito por":"Lo viste en Los Pol\u00edticos","Tiempo de lectura":"6 minutos"},"schema":{"@context":"https:\/\/schema.org","@graph":[{"@type":"Article","@id":"https:\/\/lospoliticosveracruz.com\/?p=129513#article","isPartOf":{"@id":"https:\/\/lospoliticosveracruz.com\/?p=129513"},"author":{"name":"Lo viste en Los Pol\u00edticos","@id":"https:\/\/lospoliticosveracruz.com\/#\/schema\/person\/b8702bb0e538456e6efd07080bf2a4a2"},"headline":"TIRAN\u00cdA EN DERECHO!","datePublished":"2024-09-04T13:13:49+00:00","dateModified":"2024-09-04T14:27:19+00:00","mainEntityOfPage":{"@id":"https:\/\/lospoliticosveracruz.com\/?p=129513"},"wordCount":1256,"publisher":{"@id":"https:\/\/lospoliticosveracruz.com\/#organization"},"image":{"@id":"https:\/\/lospoliticosveracruz.com\/?p=129513#primaryimage"},"thumbnailUrl":"https:\/\/lospoliticosveracruz.com\/wp-content\/uploads\/2024\/03\/Omar-Zuniga.jpg","keywords":["Facultad de Derecho","Gerardo Mart\u00edn Aguilar","Justo Sierra","UV"],"articleSection":["De Opini\u00f3n"],"inLanguage":"es"},{"@type":"WebPage","@id":"https:\/\/lospoliticosveracruz.com\/?p=129513","url":"https:\/\/lospoliticosveracruz.com\/?p=129513","name":"TIRAN\u00cdA EN DERECHO! - Los pol\u00edticos Veracruz","isPartOf":{"@id":"https:\/\/lospoliticosveracruz.com\/#website"},"primaryImageOfPage":{"@id":"https:\/\/lospoliticosveracruz.com\/?p=129513#primaryimage"},"image":{"@id":"https:\/\/lospoliticosveracruz.com\/?p=129513#primaryimage"},"thumbnailUrl":"https:\/\/lospoliticosveracruz.com\/wp-content\/uploads\/2024\/03\/Omar-Zuniga.jpg","datePublished":"2024-09-04T13:13:49+00:00","dateModified":"2024-09-04T14:27:19+00:00","breadcrumb":{"@id":"https:\/\/lospoliticosveracruz.com\/?p=129513#breadcrumb"},"inLanguage":"es","potentialAction":[{"@type":"ReadAction","target":["https:\/\/lospoliticosveracruz.com\/?p=129513"]}]},{"@type":"ImageObject","inLanguage":"es","@id":"https:\/\/lospoliticosveracruz.com\/?p=129513#primaryimage","url":"https:\/\/lospoliticosveracruz.com\/wp-content\/uploads\/2024\/03\/Omar-Zuniga.jpg","contentUrl":"https:\/\/lospoliticosveracruz.com\/wp-content\/uploads\/2024\/03\/Omar-Zuniga.jpg","width":1250,"height":667},{"@type":"BreadcrumbList","@id":"https:\/\/lospoliticosveracruz.com\/?p=129513#breadcrumb","itemListElement":[{"@type":"ListItem","position":1,"name":"Portada","item":"https:\/\/lospoliticosveracruz.com\/"},{"@type":"ListItem","position":2,"name":"TIRAN\u00cdA EN DERECHO!"}]},{"@type":"WebSite","@id":"https:\/\/lospoliticosveracruz.com\/#website","url":"https:\/\/lospoliticosveracruz.com\/","name":"Los pol\u00edticos Veracruz","description":"","publisher":{"@id":"https:\/\/lospoliticosveracruz.com\/#organization"},"potentialAction":[{"@type":"SearchAction","target":{"@type":"EntryPoint","urlTemplate":"https:\/\/lospoliticosveracruz.com\/?s={search_term_string}"},"query-input":{"@type":"PropertyValueSpecification","valueRequired":true,"valueName":"search_term_string"}}],"inLanguage":"es"},{"@type":"Organization","@id":"https:\/\/lospoliticosveracruz.com\/#organization","name":"Los pol\u00edticos Veracruz","url":"https:\/\/lospoliticosveracruz.com\/","logo":{"@type":"ImageObject","inLanguage":"es","@id":"https:\/\/lospoliticosveracruz.com\/#\/schema\/logo\/image\/","url":"https:\/\/lospoliticosveracruz.com\/wp-content\/uploads\/2025\/12\/Logo-Nuevo-LOS-POLITICOS-1.jpg","contentUrl":"https:\/\/lospoliticosveracruz.com\/wp-content\/uploads\/2025\/12\/Logo-Nuevo-LOS-POLITICOS-1.jpg","width":260,"height":70,"caption":"Los pol\u00edticos Veracruz"},"image":{"@id":"https:\/\/lospoliticosveracruz.com\/#\/schema\/logo\/image\/"},"sameAs":["https:\/\/www.facebook.com\/people\/Notimemes-de-los-Polticos\/61565672886568\/","https:\/\/x.com\/LosPoliticosVer"]},{"@type":"Person","@id":"https:\/\/lospoliticosveracruz.com\/#\/schema\/person\/b8702bb0e538456e6efd07080bf2a4a2","name":"Lo viste en Los Pol\u00edticos","image":{"@type":"ImageObject","inLanguage":"es","@id":"https:\/\/secure.gravatar.com\/avatar\/3a8de04a2656d44082be478bd6c086daa447c4651605818287b9532d3d0bd435?s=96&d=mm&r=g","url":"https:\/\/secure.gravatar.com\/avatar\/3a8de04a2656d44082be478bd6c086daa447c4651605818287b9532d3d0bd435?s=96&d=mm&r=g","contentUrl":"https:\/\/secure.gravatar.com\/avatar\/3a8de04a2656d44082be478bd6c086daa447c4651605818287b9532d3d0bd435?s=96&d=mm&r=g","caption":"Lo viste en Los Pol\u00edticos"},"url":"https:\/\/lospoliticosveracruz.com\/?author=2"}]}},"_links":{"self":[{"href":"https:\/\/lospoliticosveracruz.com\/index.php?rest_route=\/wp\/v2\/posts\/129513","targetHints":{"allow":["GET"]}}],"collection":[{"href":"https:\/\/lospoliticosveracruz.com\/index.php?rest_route=\/wp\/v2\/posts"}],"about":[{"href":"https:\/\/lospoliticosveracruz.com\/index.php?rest_route=\/wp\/v2\/types\/post"}],"author":[{"embeddable":true,"href":"https:\/\/lospoliticosveracruz.com\/index.php?rest_route=\/wp\/v2\/users\/2"}],"replies":[{"embeddable":true,"href":"https:\/\/lospoliticosveracruz.com\/index.php?rest_route=%2Fwp%2Fv2%2Fcomments&post=129513"}],"version-history":[{"count":2,"href":"https:\/\/lospoliticosveracruz.com\/index.php?rest_route=\/wp\/v2\/posts\/129513\/revisions"}],"predecessor-version":[{"id":129517,"href":"https:\/\/lospoliticosveracruz.com\/index.php?rest_route=\/wp\/v2\/posts\/129513\/revisions\/129517"}],"wp:featuredmedia":[{"embeddable":true,"href":"https:\/\/lospoliticosveracruz.com\/index.php?rest_route=\/wp\/v2\/media\/119918"}],"wp:attachment":[{"href":"https:\/\/lospoliticosveracruz.com\/index.php?rest_route=%2Fwp%2Fv2%2Fmedia&parent=129513"}],"wp:term":[{"taxonomy":"category","embeddable":true,"href":"https:\/\/lospoliticosveracruz.com\/index.php?rest_route=%2Fwp%2Fv2%2Fcategories&post=129513"},{"taxonomy":"post_tag","embeddable":true,"href":"https:\/\/lospoliticosveracruz.com\/index.php?rest_route=%2Fwp%2Fv2%2Ftags&post=129513"}],"curies":[{"name":"wp","href":"https:\/\/api.w.org\/{rel}","templated":true}]}}