{"id":129515,"date":"2024-09-04T09:12:31","date_gmt":"2024-09-04T14:12:31","guid":{"rendered":"https:\/\/lospoliticosveracruz.com.mx\/?p=129515"},"modified":"2024-09-04T09:12:49","modified_gmt":"2024-09-04T14:12:49","slug":"encaran-a-cisneros","status":"publish","type":"post","link":"https:\/\/lospoliticosveracruz.com\/?p=129515","title":{"rendered":"ENCARAN A CISNEROS!"},"content":{"rendered":"\n<p><strong>Oved Contreras<br><\/strong><em>Secas Mecas<\/em><\/p>\n\n\n\n<p>\u201c\u00a1V\u00edctor Cisneros, en donde est\u00e1 el dinero!\u201d, reclamaron trabajadores de Radio Televisi\u00f3n de Veracruz al director del canal mientras sal\u00eda de sus oficinas la tarde de este martes\u2026los empleados del canal realizaron un plant\u00f3n con pancartas en la recepci\u00f3n de la Televisora, para exigir justicia para Abraham, quien falleci\u00f3 en un accidente laboral que los trabajadores dicen se pudo haber evitado.<\/p>\n\n\n<div class=\"wp-block-image\">\n<figure class=\"alignleft size-thumbnail\"><a href=\"https:\/\/lospoliticosveracruz.com.mx\/wp-content\/uploads\/2023\/02\/Vinissimo.jpg\"><img decoding=\"async\" src=\"https:\/\/lospoliticosveracruz.com.mx\/wp-content\/uploads\/2023\/02\/Vinissimo-150x150.jpg\" alt=\"\" class=\"wp-image-102752\"\/><\/a><\/figure>\n<\/div>\n\n\n<p>Mientras los trabajadores reclamaban las malas condiciones laborales y el acoso laboral de parte del subdirector administrativo, Enrique \u00c1vila Contreras, V\u00edctor Cisneros pas\u00f3 caminando por el segundo piso del canal y observando el plant\u00f3n, pero sin atenderlos lo que prendi\u00f3 m\u00e1s el \u00e1nimo de los manifestantes que ya lanzaron palabras ofensivas contra Cisneros.<\/p>\n\n\n\n<p>Los empleados de la televisora reclamaron a sus directivos que el canal no es suyo, sino de los trabajadores y le recordaron que est\u00e1 de paso en ese cargo., se van a ir y \u201cy van a dejar un muy mal sabor de boca y una huella que no se les va borrar en toda su carrera\u201d, y se\u00f1alaron que la muerte de Abraham, la cargar\u00e1n los directivos en sus consciencias, \u201cy ojal\u00e1 que haya consecuencias jur\u00eddicas\u201d.<\/p>\n\n\n\n<p>El administrador, Enrique \u00c1vila Contreras, trat\u00f3 de calmar los \u00e1nimos y les repiti\u00f3 varias veces que estaba a la orden de los inconformes, y en su cara le cuestionaron d\u00f3nde estaba cuando le pidieron una oficina ventilada, a lo que respondi\u00f3 que hab\u00eda situaciones que ya fueron comentadas en las mesas de trabajo\u2026igual le echaron en cara<br>despidos injustificados, actos de corrupci\u00f3n, y aceptar el ingreso de personal inepto \u201ccomo t\u00fa\u201d\u2026a Enrique \u00c1vila lo acusan de pasar m\u00e1s tiempo jugando padle en el Club Britania.<\/p>\n\n\n\n<p><strong>UNANUE LES ECHA LA MANO<\/strong>\u2026no hay mejor inversi\u00f3n que el gasto que se destina a la educaci\u00f3n de ni\u00f1os y j\u00f3venes, y el alcalde de Boca del R\u00edo, Juan Manuel Un\u00e1nue Abascal, lo sabe muy bien\u2026ayer a trav\u00e9s del programa \u201cBoca en tu Escuela\u201d, hizo entrega de 240 equipos de aires acondicionados a 120 planteles de nivel b\u00e1sico y medio superior que beneficiar\u00e1 a m\u00e1s de 20 mil alumnos boque\u00f1os.<\/p>\n\n\n\n<p>Con esta entrega, la ciudad de Boca del R\u00edo sigue siendo un ejemplo de transformaci\u00f3n que busca siempre el crecimiento de sus habitantes, pero principalmente de sus estudiantes\u2026el edil demuestra as\u00ed que invertir en la educaci\u00f3n es tarea de todos los niveles de gobierno y que su administraci\u00f3n cumple su responsabilidad con ni\u00f1os y j\u00f3venes boque\u00f1os.<\/p>\n\n\n\n<p>\u201cHoy tenemos la oportunidad de brindarle un apoyo a las escuelas p\u00fablicas de Boca del R\u00edo con aires acondicionados como lo hicimos el a\u00f1o pasado, pero este a\u00f1o independientemente de lo que estamos entregando, estamos destinando con una cantidad muy importante de recursos a nueve escuelas con la construcci\u00f3n o rehabilitaci\u00f3n de sus domos, es un a\u00f1o importante en inversi\u00f3n para la educaci\u00f3n de Boca del R\u00edo\u201d, destac\u00f3 Juan Manuel Unanue.<\/p>\n\n\n\n<p>Con la entrega de los equipos de aire acondicionado se beneficia directamente a 20 mil alumnos, entreg\u00e1ndose a cada escuela dos aires acondicionados para mejorar as\u00ed las condiciones para su formaci\u00f3n. Acompa\u00f1ado por la Presidenta del DIF de Boca del R\u00edo; Melina Rivera de Un\u00e1nue, el Presidente Municipal record\u00f3 que en el primer a\u00f1o de su gesti\u00f3n se entregaron m\u00e1s de 10 mil paquetes escolares que inclu\u00edan uniformes, mochilas, \u00fatiles y zapatos, para aliviar la carga econ\u00f3mica de las familias.<\/p>\n\n\n\n<p><strong>ACARREAN J\u00d3VENES PRO REFORMA<\/strong>\u2026se ve que les doli\u00f3 mucho que estudiantes de diversas universidades tanto p\u00fablicas como privadas se movilizaron el domingo para manifestarse en contra de la Reforma Judicial\u2026Cuitl\u00e1huac Garc\u00eda al igual que otros gobernadores morenistas le entr\u00f3 al acarreo de j\u00f3venes dizque a favor de la Reforma que pretende hacer la Cuarta Transformaci\u00f3n.<\/p>\n\n\n\n<p>Ayer en Xalapa, el contingente de morenistas inici\u00f3 su recorrido en el parque Los Tecajetes para bajar por la avenida Manuel \u00c1vila Camacho, el viaducto, las calles Ignacio Zaragoza y Primo Verdad para concluir en la plaza Sebasti\u00e1n Lerdo.<\/p>\n\n\n\n<p>\u201cLos j\u00f3venes exigimos un poder judicial democratizado y cercano al pueblo, por eso #LaReformaJudicialVa, estamos hartos de la corrupci\u00f3n y privilegios de los ministros, jueces y magistrados\u201d, dec\u00eda una lona que era portada por quienes dirigieron a los manifestantes.<\/p>\n\n\n\n<p>Uno de los dirigentes y convocantes de la manifestaci\u00f3n, donde participaron empleados de gobierno de diferentes partes del estado, fue Fernando Ferman, ex priista, amigo muy cercano del dirigente estatal de Morena, Esteban \u201cLarra\u201d Zepeta, quien gracias a esa relaci\u00f3n lo hizo representante de ese partido ante el OPLE.<\/p>\n\n\n\n<p>Fernando Ferman desde el domingo pasado, a nombre de \u201cMorena J\u00f3venes Veracruz\u201d hizo un llamado a todos los \u201cj\u00f3venes transformadores\u201d para salir a defender la reforma al poder judicial \u201cque ha propuesto nuestro presidente, que se demuestre la organizaci\u00f3n y unidad de nuestra generaci\u00f3n para defender las causas justas\u201d.<\/p>\n\n\n\n<p>Entre los participantes de la marcha, pudo verse a muchos de esos j\u00f3venes portando mantas y camisetas con el logo de \u201cUnidos Todos\u201d, la organizaci\u00f3n creada con recursos p\u00fablicos por el ex subsecretario de Finanzas y hoy diputado federal plurinominal Eleazar Guerrero P\u00e9rez, primo hermano de Cuitl\u00e1huac Garc\u00eda. En la marcha tambi\u00e9n estuvo el \u201cFurcio\u201d Zepeta. Apenas pudieron cubrir una cuarta parte de la plaza Lerdo.<\/p>\n","protected":false},"excerpt":{"rendered":"<p>Oved ContrerasSecas Mecas \u201c\u00a1V\u00edctor Cisneros, en donde est\u00e1 el dinero!\u201d, reclamaron trabajadores de Radio Televisi\u00f3n de Veracruz al director del canal mientras sal\u00eda de sus oficinas la tarde de este martes\u2026los empleados del canal realizaron un plant\u00f3n con pancartas en la recepci\u00f3n de la Televisora, para exigir justicia para Abraham, quien falleci\u00f3 en un accidente [&hellip;]<\/p>\n","protected":false},"author":2,"featured_media":119816,"comment_status":"closed","ping_status":"closed","sticky":false,"template":"","format":"standard","meta":{"tdm_status":"","tdm_grid_status":"","footnotes":""},"categories":[70],"tags":[601,12535,39715,726],"class_list":{"0":"post-129515","1":"post","2":"type-post","3":"status-publish","4":"format-standard","5":"has-post-thumbnail","7":"category-de-opinion","8":"tag-boca-del-rio","9":"tag-juan-manuel-unanue-abascal","10":"tag-oved-contreras","11":"tag-radio-television-de-veracruz"},"yoast_head":"<!-- This site is optimized with the Yoast SEO plugin v27.4 - https:\/\/yoast.com\/product\/yoast-seo-wordpress\/ -->\n<title>ENCARAN A CISNEROS! - Los pol\u00edticos Veracruz<\/title>\n<meta name=\"robots\" content=\"index, follow, max-snippet:-1, max-image-preview:large, max-video-preview:-1\" \/>\n<link rel=\"canonical\" href=\"https:\/\/lospoliticosveracruz.com\/?p=129515\" \/>\n<meta property=\"og:locale\" content=\"es_ES\" \/>\n<meta property=\"og:type\" content=\"article\" \/>\n<meta property=\"og:title\" content=\"ENCARAN A CISNEROS! - Los pol\u00edticos Veracruz\" \/>\n<meta property=\"og:description\" content=\"Oved ContrerasSecas Mecas \u201c\u00a1V\u00edctor Cisneros, en donde est\u00e1 el dinero!\u201d, reclamaron trabajadores de Radio Televisi\u00f3n de Veracruz al director del canal mientras sal\u00eda de sus oficinas la tarde de este martes\u2026los empleados del canal realizaron un plant\u00f3n con pancartas en la recepci\u00f3n de la Televisora, para exigir justicia para Abraham, quien falleci\u00f3 en un accidente [&hellip;]\" \/>\n<meta property=\"og:url\" content=\"https:\/\/lospoliticosveracruz.com\/?p=129515\" \/>\n<meta property=\"og:site_name\" content=\"Los pol\u00edticos Veracruz\" \/>\n<meta property=\"article:publisher\" content=\"https:\/\/www.facebook.com\/people\/Notimemes-de-los-Polticos\/61565672886568\/\" \/>\n<meta property=\"article:published_time\" content=\"2024-09-04T14:12:31+00:00\" \/>\n<meta property=\"article:modified_time\" content=\"2024-09-04T14:12:49+00:00\" \/>\n<meta property=\"og:image\" content=\"https:\/\/lospoliticosveracruz.com\/wp-content\/uploads\/2024\/03\/Oved-Contreras.jpg\" \/>\n\t<meta property=\"og:image:width\" content=\"1250\" \/>\n\t<meta property=\"og:image:height\" content=\"667\" \/>\n\t<meta property=\"og:image:type\" content=\"image\/jpeg\" \/>\n<meta name=\"author\" content=\"Lo viste en Los Pol\u00edticos\" \/>\n<meta name=\"twitter:card\" content=\"summary_large_image\" \/>\n<meta name=\"twitter:creator\" content=\"@LosPoliticosVer\" \/>\n<meta name=\"twitter:site\" content=\"@LosPoliticosVer\" \/>\n<meta name=\"twitter:label1\" content=\"Escrito por\" \/>\n\t<meta name=\"twitter:data1\" content=\"Lo viste en Los Pol\u00edticos\" \/>\n\t<meta name=\"twitter:label2\" content=\"Tiempo de lectura\" \/>\n\t<meta name=\"twitter:data2\" content=\"5 minutos\" \/>\n<script type=\"application\/ld+json\" class=\"yoast-schema-graph\">{\"@context\":\"https:\\\/\\\/schema.org\",\"@graph\":[{\"@type\":\"Article\",\"@id\":\"https:\\\/\\\/lospoliticosveracruz.com\\\/?p=129515#article\",\"isPartOf\":{\"@id\":\"https:\\\/\\\/lospoliticosveracruz.com\\\/?p=129515\"},\"author\":{\"name\":\"Lo viste en Los Pol\u00edticos\",\"@id\":\"https:\\\/\\\/lospoliticosveracruz.com\\\/#\\\/schema\\\/person\\\/b8702bb0e538456e6efd07080bf2a4a2\"},\"headline\":\"ENCARAN A CISNEROS!\",\"datePublished\":\"2024-09-04T14:12:31+00:00\",\"dateModified\":\"2024-09-04T14:12:49+00:00\",\"mainEntityOfPage\":{\"@id\":\"https:\\\/\\\/lospoliticosveracruz.com\\\/?p=129515\"},\"wordCount\":934,\"publisher\":{\"@id\":\"https:\\\/\\\/lospoliticosveracruz.com\\\/#organization\"},\"image\":{\"@id\":\"https:\\\/\\\/lospoliticosveracruz.com\\\/?p=129515#primaryimage\"},\"thumbnailUrl\":\"https:\\\/\\\/lospoliticosveracruz.com\\\/wp-content\\\/uploads\\\/2024\\\/03\\\/Oved-Contreras.jpg\",\"keywords\":[\"Boca del R\u00edo\",\"Juan Manuel Un\u00e1nue Abascal\",\"Oved Contreras\",\"Radio Televisi\u00f3n de Veracruz\"],\"articleSection\":[\"De Opini\u00f3n\"],\"inLanguage\":\"es\"},{\"@type\":\"WebPage\",\"@id\":\"https:\\\/\\\/lospoliticosveracruz.com\\\/?p=129515\",\"url\":\"https:\\\/\\\/lospoliticosveracruz.com\\\/?p=129515\",\"name\":\"ENCARAN A CISNEROS! - Los pol\u00edticos Veracruz\",\"isPartOf\":{\"@id\":\"https:\\\/\\\/lospoliticosveracruz.com\\\/#website\"},\"primaryImageOfPage\":{\"@id\":\"https:\\\/\\\/lospoliticosveracruz.com\\\/?p=129515#primaryimage\"},\"image\":{\"@id\":\"https:\\\/\\\/lospoliticosveracruz.com\\\/?p=129515#primaryimage\"},\"thumbnailUrl\":\"https:\\\/\\\/lospoliticosveracruz.com\\\/wp-content\\\/uploads\\\/2024\\\/03\\\/Oved-Contreras.jpg\",\"datePublished\":\"2024-09-04T14:12:31+00:00\",\"dateModified\":\"2024-09-04T14:12:49+00:00\",\"breadcrumb\":{\"@id\":\"https:\\\/\\\/lospoliticosveracruz.com\\\/?p=129515#breadcrumb\"},\"inLanguage\":\"es\",\"potentialAction\":[{\"@type\":\"ReadAction\",\"target\":[\"https:\\\/\\\/lospoliticosveracruz.com\\\/?p=129515\"]}]},{\"@type\":\"ImageObject\",\"inLanguage\":\"es\",\"@id\":\"https:\\\/\\\/lospoliticosveracruz.com\\\/?p=129515#primaryimage\",\"url\":\"https:\\\/\\\/lospoliticosveracruz.com\\\/wp-content\\\/uploads\\\/2024\\\/03\\\/Oved-Contreras.jpg\",\"contentUrl\":\"https:\\\/\\\/lospoliticosveracruz.com\\\/wp-content\\\/uploads\\\/2024\\\/03\\\/Oved-Contreras.jpg\",\"width\":1250,\"height\":667},{\"@type\":\"BreadcrumbList\",\"@id\":\"https:\\\/\\\/lospoliticosveracruz.com\\\/?p=129515#breadcrumb\",\"itemListElement\":[{\"@type\":\"ListItem\",\"position\":1,\"name\":\"Portada\",\"item\":\"https:\\\/\\\/lospoliticosveracruz.com\\\/\"},{\"@type\":\"ListItem\",\"position\":2,\"name\":\"ENCARAN A CISNEROS!\"}]},{\"@type\":\"WebSite\",\"@id\":\"https:\\\/\\\/lospoliticosveracruz.com\\\/#website\",\"url\":\"https:\\\/\\\/lospoliticosveracruz.com\\\/\",\"name\":\"Los pol\u00edticos Veracruz\",\"description\":\"\",\"publisher\":{\"@id\":\"https:\\\/\\\/lospoliticosveracruz.com\\\/#organization\"},\"potentialAction\":[{\"@type\":\"SearchAction\",\"target\":{\"@type\":\"EntryPoint\",\"urlTemplate\":\"https:\\\/\\\/lospoliticosveracruz.com\\\/?s={search_term_string}\"},\"query-input\":{\"@type\":\"PropertyValueSpecification\",\"valueRequired\":true,\"valueName\":\"search_term_string\"}}],\"inLanguage\":\"es\"},{\"@type\":\"Organization\",\"@id\":\"https:\\\/\\\/lospoliticosveracruz.com\\\/#organization\",\"name\":\"Los pol\u00edticos Veracruz\",\"url\":\"https:\\\/\\\/lospoliticosveracruz.com\\\/\",\"logo\":{\"@type\":\"ImageObject\",\"inLanguage\":\"es\",\"@id\":\"https:\\\/\\\/lospoliticosveracruz.com\\\/#\\\/schema\\\/logo\\\/image\\\/\",\"url\":\"https:\\\/\\\/lospoliticosveracruz.com\\\/wp-content\\\/uploads\\\/2025\\\/12\\\/Logo-Nuevo-LOS-POLITICOS-1.jpg\",\"contentUrl\":\"https:\\\/\\\/lospoliticosveracruz.com\\\/wp-content\\\/uploads\\\/2025\\\/12\\\/Logo-Nuevo-LOS-POLITICOS-1.jpg\",\"width\":260,\"height\":70,\"caption\":\"Los pol\u00edticos Veracruz\"},\"image\":{\"@id\":\"https:\\\/\\\/lospoliticosveracruz.com\\\/#\\\/schema\\\/logo\\\/image\\\/\"},\"sameAs\":[\"https:\\\/\\\/www.facebook.com\\\/people\\\/Notimemes-de-los-Polticos\\\/61565672886568\\\/\",\"https:\\\/\\\/x.com\\\/LosPoliticosVer\"]},{\"@type\":\"Person\",\"@id\":\"https:\\\/\\\/lospoliticosveracruz.com\\\/#\\\/schema\\\/person\\\/b8702bb0e538456e6efd07080bf2a4a2\",\"name\":\"Lo viste en Los Pol\u00edticos\",\"image\":{\"@type\":\"ImageObject\",\"inLanguage\":\"es\",\"@id\":\"https:\\\/\\\/secure.gravatar.com\\\/avatar\\\/3a8de04a2656d44082be478bd6c086daa447c4651605818287b9532d3d0bd435?s=96&d=mm&r=g\",\"url\":\"https:\\\/\\\/secure.gravatar.com\\\/avatar\\\/3a8de04a2656d44082be478bd6c086daa447c4651605818287b9532d3d0bd435?s=96&d=mm&r=g\",\"contentUrl\":\"https:\\\/\\\/secure.gravatar.com\\\/avatar\\\/3a8de04a2656d44082be478bd6c086daa447c4651605818287b9532d3d0bd435?s=96&d=mm&r=g\",\"caption\":\"Lo viste en Los Pol\u00edticos\"},\"url\":\"https:\\\/\\\/lospoliticosveracruz.com\\\/?author=2\"}]}<\/script>\n<!-- \/ Yoast SEO plugin. -->","yoast_head_json":{"title":"ENCARAN A CISNEROS! - Los pol\u00edticos Veracruz","robots":{"index":"index","follow":"follow","max-snippet":"max-snippet:-1","max-image-preview":"max-image-preview:large","max-video-preview":"max-video-preview:-1"},"canonical":"https:\/\/lospoliticosveracruz.com\/?p=129515","og_locale":"es_ES","og_type":"article","og_title":"ENCARAN A CISNEROS! - Los pol\u00edticos Veracruz","og_description":"Oved ContrerasSecas Mecas \u201c\u00a1V\u00edctor Cisneros, en donde est\u00e1 el dinero!\u201d, reclamaron trabajadores de Radio Televisi\u00f3n de Veracruz al director del canal mientras sal\u00eda de sus oficinas la tarde de este martes\u2026los empleados del canal realizaron un plant\u00f3n con pancartas en la recepci\u00f3n de la Televisora, para exigir justicia para Abraham, quien falleci\u00f3 en un accidente [&hellip;]","og_url":"https:\/\/lospoliticosveracruz.com\/?p=129515","og_site_name":"Los pol\u00edticos Veracruz","article_publisher":"https:\/\/www.facebook.com\/people\/Notimemes-de-los-Polticos\/61565672886568\/","article_published_time":"2024-09-04T14:12:31+00:00","article_modified_time":"2024-09-04T14:12:49+00:00","og_image":[{"width":1250,"height":667,"url":"https:\/\/lospoliticosveracruz.com\/wp-content\/uploads\/2024\/03\/Oved-Contreras.jpg","type":"image\/jpeg"}],"author":"Lo viste en Los Pol\u00edticos","twitter_card":"summary_large_image","twitter_creator":"@LosPoliticosVer","twitter_site":"@LosPoliticosVer","twitter_misc":{"Escrito por":"Lo viste en Los Pol\u00edticos","Tiempo de lectura":"5 minutos"},"schema":{"@context":"https:\/\/schema.org","@graph":[{"@type":"Article","@id":"https:\/\/lospoliticosveracruz.com\/?p=129515#article","isPartOf":{"@id":"https:\/\/lospoliticosveracruz.com\/?p=129515"},"author":{"name":"Lo viste en Los Pol\u00edticos","@id":"https:\/\/lospoliticosveracruz.com\/#\/schema\/person\/b8702bb0e538456e6efd07080bf2a4a2"},"headline":"ENCARAN A CISNEROS!","datePublished":"2024-09-04T14:12:31+00:00","dateModified":"2024-09-04T14:12:49+00:00","mainEntityOfPage":{"@id":"https:\/\/lospoliticosveracruz.com\/?p=129515"},"wordCount":934,"publisher":{"@id":"https:\/\/lospoliticosveracruz.com\/#organization"},"image":{"@id":"https:\/\/lospoliticosveracruz.com\/?p=129515#primaryimage"},"thumbnailUrl":"https:\/\/lospoliticosveracruz.com\/wp-content\/uploads\/2024\/03\/Oved-Contreras.jpg","keywords":["Boca del R\u00edo","Juan Manuel Un\u00e1nue Abascal","Oved Contreras","Radio Televisi\u00f3n de Veracruz"],"articleSection":["De Opini\u00f3n"],"inLanguage":"es"},{"@type":"WebPage","@id":"https:\/\/lospoliticosveracruz.com\/?p=129515","url":"https:\/\/lospoliticosveracruz.com\/?p=129515","name":"ENCARAN A CISNEROS! - Los pol\u00edticos Veracruz","isPartOf":{"@id":"https:\/\/lospoliticosveracruz.com\/#website"},"primaryImageOfPage":{"@id":"https:\/\/lospoliticosveracruz.com\/?p=129515#primaryimage"},"image":{"@id":"https:\/\/lospoliticosveracruz.com\/?p=129515#primaryimage"},"thumbnailUrl":"https:\/\/lospoliticosveracruz.com\/wp-content\/uploads\/2024\/03\/Oved-Contreras.jpg","datePublished":"2024-09-04T14:12:31+00:00","dateModified":"2024-09-04T14:12:49+00:00","breadcrumb":{"@id":"https:\/\/lospoliticosveracruz.com\/?p=129515#breadcrumb"},"inLanguage":"es","potentialAction":[{"@type":"ReadAction","target":["https:\/\/lospoliticosveracruz.com\/?p=129515"]}]},{"@type":"ImageObject","inLanguage":"es","@id":"https:\/\/lospoliticosveracruz.com\/?p=129515#primaryimage","url":"https:\/\/lospoliticosveracruz.com\/wp-content\/uploads\/2024\/03\/Oved-Contreras.jpg","contentUrl":"https:\/\/lospoliticosveracruz.com\/wp-content\/uploads\/2024\/03\/Oved-Contreras.jpg","width":1250,"height":667},{"@type":"BreadcrumbList","@id":"https:\/\/lospoliticosveracruz.com\/?p=129515#breadcrumb","itemListElement":[{"@type":"ListItem","position":1,"name":"Portada","item":"https:\/\/lospoliticosveracruz.com\/"},{"@type":"ListItem","position":2,"name":"ENCARAN A CISNEROS!"}]},{"@type":"WebSite","@id":"https:\/\/lospoliticosveracruz.com\/#website","url":"https:\/\/lospoliticosveracruz.com\/","name":"Los pol\u00edticos Veracruz","description":"","publisher":{"@id":"https:\/\/lospoliticosveracruz.com\/#organization"},"potentialAction":[{"@type":"SearchAction","target":{"@type":"EntryPoint","urlTemplate":"https:\/\/lospoliticosveracruz.com\/?s={search_term_string}"},"query-input":{"@type":"PropertyValueSpecification","valueRequired":true,"valueName":"search_term_string"}}],"inLanguage":"es"},{"@type":"Organization","@id":"https:\/\/lospoliticosveracruz.com\/#organization","name":"Los pol\u00edticos Veracruz","url":"https:\/\/lospoliticosveracruz.com\/","logo":{"@type":"ImageObject","inLanguage":"es","@id":"https:\/\/lospoliticosveracruz.com\/#\/schema\/logo\/image\/","url":"https:\/\/lospoliticosveracruz.com\/wp-content\/uploads\/2025\/12\/Logo-Nuevo-LOS-POLITICOS-1.jpg","contentUrl":"https:\/\/lospoliticosveracruz.com\/wp-content\/uploads\/2025\/12\/Logo-Nuevo-LOS-POLITICOS-1.jpg","width":260,"height":70,"caption":"Los pol\u00edticos Veracruz"},"image":{"@id":"https:\/\/lospoliticosveracruz.com\/#\/schema\/logo\/image\/"},"sameAs":["https:\/\/www.facebook.com\/people\/Notimemes-de-los-Polticos\/61565672886568\/","https:\/\/x.com\/LosPoliticosVer"]},{"@type":"Person","@id":"https:\/\/lospoliticosveracruz.com\/#\/schema\/person\/b8702bb0e538456e6efd07080bf2a4a2","name":"Lo viste en Los Pol\u00edticos","image":{"@type":"ImageObject","inLanguage":"es","@id":"https:\/\/secure.gravatar.com\/avatar\/3a8de04a2656d44082be478bd6c086daa447c4651605818287b9532d3d0bd435?s=96&d=mm&r=g","url":"https:\/\/secure.gravatar.com\/avatar\/3a8de04a2656d44082be478bd6c086daa447c4651605818287b9532d3d0bd435?s=96&d=mm&r=g","contentUrl":"https:\/\/secure.gravatar.com\/avatar\/3a8de04a2656d44082be478bd6c086daa447c4651605818287b9532d3d0bd435?s=96&d=mm&r=g","caption":"Lo viste en Los Pol\u00edticos"},"url":"https:\/\/lospoliticosveracruz.com\/?author=2"}]}},"_links":{"self":[{"href":"https:\/\/lospoliticosveracruz.com\/index.php?rest_route=\/wp\/v2\/posts\/129515","targetHints":{"allow":["GET"]}}],"collection":[{"href":"https:\/\/lospoliticosveracruz.com\/index.php?rest_route=\/wp\/v2\/posts"}],"about":[{"href":"https:\/\/lospoliticosveracruz.com\/index.php?rest_route=\/wp\/v2\/types\/post"}],"author":[{"embeddable":true,"href":"https:\/\/lospoliticosveracruz.com\/index.php?rest_route=\/wp\/v2\/users\/2"}],"replies":[{"embeddable":true,"href":"https:\/\/lospoliticosveracruz.com\/index.php?rest_route=%2Fwp%2Fv2%2Fcomments&post=129515"}],"version-history":[{"count":1,"href":"https:\/\/lospoliticosveracruz.com\/index.php?rest_route=\/wp\/v2\/posts\/129515\/revisions"}],"predecessor-version":[{"id":129516,"href":"https:\/\/lospoliticosveracruz.com\/index.php?rest_route=\/wp\/v2\/posts\/129515\/revisions\/129516"}],"wp:featuredmedia":[{"embeddable":true,"href":"https:\/\/lospoliticosveracruz.com\/index.php?rest_route=\/wp\/v2\/media\/119816"}],"wp:attachment":[{"href":"https:\/\/lospoliticosveracruz.com\/index.php?rest_route=%2Fwp%2Fv2%2Fmedia&parent=129515"}],"wp:term":[{"taxonomy":"category","embeddable":true,"href":"https:\/\/lospoliticosveracruz.com\/index.php?rest_route=%2Fwp%2Fv2%2Fcategories&post=129515"},{"taxonomy":"post_tag","embeddable":true,"href":"https:\/\/lospoliticosveracruz.com\/index.php?rest_route=%2Fwp%2Fv2%2Ftags&post=129515"}],"curies":[{"name":"wp","href":"https:\/\/api.w.org\/{rel}","templated":true}]}}