{"id":129577,"date":"2024-09-05T11:42:58","date_gmt":"2024-09-05T16:42:58","guid":{"rendered":"https:\/\/lospoliticosveracruz.com.mx\/?p=129577"},"modified":"2024-09-05T11:54:03","modified_gmt":"2024-09-05T16:54:03","slug":"y-salio-adrian-marcelo","status":"publish","type":"post","link":"https:\/\/lospoliticosveracruz.com\/?p=129577","title":{"rendered":"Y SALI\u00d3 ADRI\u00c1N MARCELO!"},"content":{"rendered":"\n<p><strong>Arturo Reyes Gonz\u00e1lez<br><\/strong><em>Burladero<\/em><\/p>\n\n\n\n<p>S\u00ed, as\u00ed como lo lee, Adri\u00e1n Marcelo, no confundir con Marcelo el del PVEM en Veracruz, aunque nos aseguran que no tarda en llegar el nuevo dirigente estatal al relevo.<br>Y bien podr\u00eda decir usted, estimado lector, que eso que dice la cabeza de este texto, \u00bfeso a usted qu\u00e9?<br>No, le prometo que no nos vamos a poner a hablar de espect\u00e1culos, aunque a veces resulten un poco m\u00e1s entretenido que los pasajes que nos brinda la colorida polaca tanto local como nacional.<\/p>\n\n\n\n<figure class=\"wp-block-image size-large\"><a href=\"https:\/\/lospoliticosveracruz.com.mx\/wp-content\/uploads\/2016\/07\/Seguro-Julio-Cerecedo-2.jpg\"><img decoding=\"async\" src=\"https:\/\/lospoliticosveracruz.com.mx\/wp-content\/uploads\/2016\/07\/Seguro-Julio-Cerecedo-2-1024x381.jpg\" alt=\"\" class=\"wp-image-105879\"\/><\/a><\/figure>\n\n\n\n<p><br>Pero insisto, no, el punto es realmente serio, pues resulta que mientras la aplanadora legislativa conformada por los diputados de los partidos aliados del Movimiento de Regeneraci\u00f3n Nacional, Partido del Trabajo y del Partido Verde Ecologista de M\u00e9xico (Morena, PT y PVEM) sesionaban la noche de este mi\u00e9rcoles en una sede alterna a la c\u00e1mara que les corresponde, donde aprobaron por mayor\u00eda absoluta las reformas al Poder Judicial (\u00a1pues s\u00ed, ellos juntos la tienen!), al mismo tiempo en \u201cLa casa de los famosos M\u00e9xico\u201d, el programa \u201creality\u201d del momento y por lo tanto de mayor raiting en estos momentos en el pa\u00eds, daban muy sorpresivamente de baja al personaje m\u00e1s pol\u00e9mico con que contaba hasta ayer.<br>As\u00ed es, el influencer, personaje regiomontano, un participante m\u00e1s en el juego o \u201creality\u201d (LCDFM) de nombre Adri\u00e1n Marcelo, fue dado de baja ayer por haber atentado u ofendido a una mujer del juego; una vez m\u00e1s, por lo que no era nada raro sumar una -agresi\u00f3n- m\u00e1s, ser\u00eda quiz\u00e1 la d\u00e9cima ocasi\u00f3n, pero \u00e9sta, sorpresivamente no se la toleraron y \u201cvas pa\u00b4 fuera\u201d\u2026<br>La raz\u00f3n de fondo, dicen los fans de la misma, que porque justo en ese momento, la noche de anoche, coincidentemente cuando el punto se encontraba relativamente \u00e1lgido en la sede alterna al Congreso, donde se llevaban a cabo los trabajos de las reformas al poder judicial, en LCDFM se enteraron de que fuertes anunciantes y por lo mismo patrocinadores del reality se echaron para atr\u00e1s en desacuerdo con el actuar de este personaje, Adri\u00e1n Marcelo, y amenazaron con dejar de ser parte del show.<br>\u00bfCoincidencia?, \u00bfCasualidad?, \u00bfSer\u00e1?<br>Usted, estimado lector, \u00bfde casualidad tuvo la oportunidad de ver en alg\u00fan momento la pel\u00edcula \u201cWag the dog\u201d, o en su traducci\u00f3n al espa\u00f1ol para M\u00e9xico \u201cEscandalo en la Casa Blanca\u201d; \u201cMentiras que matan\u201d para Argentina o \u201cLa cortina de humo\u201d para Espa\u00f1a?<br>Que es una producci\u00f3n norteamericana del siglo pasado, concretamente del a\u00f1o de 1997, dirigida por Barry Levinson, escrita por Hilary Henkin y el prestigioso dramaturgo David Mamet, donde sus principales protagonistas son Dustin Hoffman, Robert De Niro, Anne Heche, Willie Nelson y Denis Leary.<br>Pues resulta que en esta historia \u201cde pel\u00edcula\u201d, el presidente de Estados Unidos es sorprendido haciendo insinuaciones sobre una menor de edad en el despacho oval, menos de dos semanas antes de las elecciones.<br>Conrad Brean (Robert De Niro), un spin doctor, es tra\u00eddo por la asistente presidencial Winifred Ames (Anne Heche) para desviar la atenci\u00f3n p\u00fablica del esc\u00e1ndalo.<br>El asesor decide construir una guerra ficticia contra Albania, esperando que los medios de comunicaci\u00f3n se concentren en eso. Brean se pone en contacto con el productor de Hollywood, Stanley Motss (Dustin Hoffman), para crear la guerra, con un tema musical y una falsa filmaci\u00f3n. El enga\u00f1o es inicialmente exitoso, con el presidente ganando terreno r\u00e1pidamente en las encuestas.<br>Pero cuando la CIA, en complicidad con el candidato rival del presidente, informa que la guerra ha terminado, los medios de comunicaci\u00f3n comienzan a centrarse nuevamente en el esc\u00e1ndalo de abuso sexual.<br>Es entonces que para contrarrestar nuevamente esto, Motss inventa un h\u00e9roe que qued\u00f3 atrapado tras las l\u00edneas enemigas en Albania.<br>Y se identifica a un sargento de apellido \u00abSchumann\u00bb, o \u00abzapato\u00bb en Latinoam\u00e9rica (Woody Harrelson), alrededor del cual se puede construir una narrativa de prisioneros de guerra. Cuando el equipo va a recuperar a Schumann, descubren que, de hecho, es un convicto del ej\u00e9rcito criminalmente loco. De regreso, su avi\u00f3n se estrella camino a la Base de la Fuerza A\u00e9rea Andrews.<br>Schumann muere; aprovechando la oportunidad, Motss organiza un elaborado funeral militar para Schumann, alegando que muri\u00f3 por las heridas sufridas durante su rescate.<br>\u00bfVaya coincidencias que suceden, no lo cree? \u00bfLe suena? \u00bfPodr\u00eda ser? \u00bfLa salida de Marcelo el de la casa de los famosos fue una coincidencia con la aprobaci\u00f3n de las reformas al Poder Judicial?<br>Porque la ma\u00f1ana del mi\u00e9rcoles la mayor\u00eda de la poblaci\u00f3n tuvo que hablar y abordar el tema obligado de la salida, por encima de cualquier otro, las mediciones de redes sociales as\u00ed lo proyectaron.<br>\u00bfContin\u00faa funcionando la formula? M\u00e9xico tiene la palabra.<\/p>\n","protected":false},"excerpt":{"rendered":"<p>Arturo Reyes Gonz\u00e1lezBurladero S\u00ed, as\u00ed como lo lee, Adri\u00e1n Marcelo, no confundir con Marcelo el del PVEM en Veracruz, aunque nos aseguran que no tarda en llegar el nuevo dirigente estatal al relevo.Y bien podr\u00eda decir usted, estimado lector, que eso que dice la cabeza de este texto, \u00bfeso a usted qu\u00e9?No, le prometo que [&hellip;]<\/p>\n","protected":false},"author":2,"featured_media":128464,"comment_status":"closed","ping_status":"closed","sticky":false,"template":"","format":"standard","meta":{"tdm_status":"","tdm_grid_status":"","footnotes":""},"categories":[70],"tags":[5337,1026,2289,264],"class_list":{"0":"post-129577","1":"post","2":"type-post","3":"status-publish","4":"format-standard","5":"has-post-thumbnail","7":"category-de-opinion","8":"tag-arturo-reyes-gonzalez","9":"tag-morena","10":"tag-pt","11":"tag-pvem"},"yoast_head":"<!-- This site is optimized with the Yoast SEO plugin v27.4 - https:\/\/yoast.com\/product\/yoast-seo-wordpress\/ -->\n<title>Y SALI\u00d3 ADRI\u00c1N MARCELO! - Los pol\u00edticos Veracruz<\/title>\n<meta name=\"robots\" content=\"index, follow, max-snippet:-1, max-image-preview:large, max-video-preview:-1\" \/>\n<link rel=\"canonical\" href=\"https:\/\/lospoliticosveracruz.com\/?p=129577\" \/>\n<meta property=\"og:locale\" content=\"es_ES\" \/>\n<meta property=\"og:type\" content=\"article\" \/>\n<meta property=\"og:title\" content=\"Y SALI\u00d3 ADRI\u00c1N MARCELO! - Los pol\u00edticos Veracruz\" \/>\n<meta property=\"og:description\" content=\"Arturo Reyes Gonz\u00e1lezBurladero S\u00ed, as\u00ed como lo lee, Adri\u00e1n Marcelo, no confundir con Marcelo el del PVEM en Veracruz, aunque nos aseguran que no tarda en llegar el nuevo dirigente estatal al relevo.Y bien podr\u00eda decir usted, estimado lector, que eso que dice la cabeza de este texto, \u00bfeso a usted qu\u00e9?No, le prometo que [&hellip;]\" \/>\n<meta property=\"og:url\" content=\"https:\/\/lospoliticosveracruz.com\/?p=129577\" \/>\n<meta property=\"og:site_name\" content=\"Los pol\u00edticos Veracruz\" \/>\n<meta property=\"article:publisher\" content=\"https:\/\/www.facebook.com\/people\/Notimemes-de-los-Polticos\/61565672886568\/\" \/>\n<meta property=\"article:published_time\" content=\"2024-09-05T16:42:58+00:00\" \/>\n<meta property=\"article:modified_time\" content=\"2024-09-05T16:54:03+00:00\" \/>\n<meta property=\"og:image\" content=\"https:\/\/lospoliticosveracruz.com\/wp-content\/uploads\/2024\/08\/Arturo-Reyes.jpg\" \/>\n\t<meta property=\"og:image:width\" content=\"1250\" \/>\n\t<meta property=\"og:image:height\" content=\"667\" \/>\n\t<meta property=\"og:image:type\" content=\"image\/jpeg\" \/>\n<meta name=\"author\" content=\"Lo viste en Los Pol\u00edticos\" \/>\n<meta name=\"twitter:card\" content=\"summary_large_image\" \/>\n<meta name=\"twitter:creator\" content=\"@LosPoliticosVer\" \/>\n<meta name=\"twitter:site\" content=\"@LosPoliticosVer\" \/>\n<meta name=\"twitter:label1\" content=\"Escrito por\" \/>\n\t<meta name=\"twitter:data1\" content=\"Lo viste en Los Pol\u00edticos\" \/>\n\t<meta name=\"twitter:label2\" content=\"Tiempo de lectura\" \/>\n\t<meta name=\"twitter:data2\" content=\"4 minutos\" \/>\n<script type=\"application\/ld+json\" class=\"yoast-schema-graph\">{\"@context\":\"https:\\\/\\\/schema.org\",\"@graph\":[{\"@type\":\"Article\",\"@id\":\"https:\\\/\\\/lospoliticosveracruz.com\\\/?p=129577#article\",\"isPartOf\":{\"@id\":\"https:\\\/\\\/lospoliticosveracruz.com\\\/?p=129577\"},\"author\":{\"name\":\"Lo viste en Los Pol\u00edticos\",\"@id\":\"https:\\\/\\\/lospoliticosveracruz.com\\\/#\\\/schema\\\/person\\\/b8702bb0e538456e6efd07080bf2a4a2\"},\"headline\":\"Y SALI\u00d3 ADRI\u00c1N MARCELO!\",\"datePublished\":\"2024-09-05T16:42:58+00:00\",\"dateModified\":\"2024-09-05T16:54:03+00:00\",\"mainEntityOfPage\":{\"@id\":\"https:\\\/\\\/lospoliticosveracruz.com\\\/?p=129577\"},\"wordCount\":835,\"publisher\":{\"@id\":\"https:\\\/\\\/lospoliticosveracruz.com\\\/#organization\"},\"image\":{\"@id\":\"https:\\\/\\\/lospoliticosveracruz.com\\\/?p=129577#primaryimage\"},\"thumbnailUrl\":\"https:\\\/\\\/lospoliticosveracruz.com\\\/wp-content\\\/uploads\\\/2024\\\/08\\\/Arturo-Reyes.jpg\",\"keywords\":[\"Arturo Reyes Gonz\u00e1lez\",\"Morena\",\"PT\",\"PVEM\"],\"articleSection\":[\"De Opini\u00f3n\"],\"inLanguage\":\"es\"},{\"@type\":\"WebPage\",\"@id\":\"https:\\\/\\\/lospoliticosveracruz.com\\\/?p=129577\",\"url\":\"https:\\\/\\\/lospoliticosveracruz.com\\\/?p=129577\",\"name\":\"Y SALI\u00d3 ADRI\u00c1N MARCELO! - Los pol\u00edticos Veracruz\",\"isPartOf\":{\"@id\":\"https:\\\/\\\/lospoliticosveracruz.com\\\/#website\"},\"primaryImageOfPage\":{\"@id\":\"https:\\\/\\\/lospoliticosveracruz.com\\\/?p=129577#primaryimage\"},\"image\":{\"@id\":\"https:\\\/\\\/lospoliticosveracruz.com\\\/?p=129577#primaryimage\"},\"thumbnailUrl\":\"https:\\\/\\\/lospoliticosveracruz.com\\\/wp-content\\\/uploads\\\/2024\\\/08\\\/Arturo-Reyes.jpg\",\"datePublished\":\"2024-09-05T16:42:58+00:00\",\"dateModified\":\"2024-09-05T16:54:03+00:00\",\"breadcrumb\":{\"@id\":\"https:\\\/\\\/lospoliticosveracruz.com\\\/?p=129577#breadcrumb\"},\"inLanguage\":\"es\",\"potentialAction\":[{\"@type\":\"ReadAction\",\"target\":[\"https:\\\/\\\/lospoliticosveracruz.com\\\/?p=129577\"]}]},{\"@type\":\"ImageObject\",\"inLanguage\":\"es\",\"@id\":\"https:\\\/\\\/lospoliticosveracruz.com\\\/?p=129577#primaryimage\",\"url\":\"https:\\\/\\\/lospoliticosveracruz.com\\\/wp-content\\\/uploads\\\/2024\\\/08\\\/Arturo-Reyes.jpg\",\"contentUrl\":\"https:\\\/\\\/lospoliticosveracruz.com\\\/wp-content\\\/uploads\\\/2024\\\/08\\\/Arturo-Reyes.jpg\",\"width\":1250,\"height\":667},{\"@type\":\"BreadcrumbList\",\"@id\":\"https:\\\/\\\/lospoliticosveracruz.com\\\/?p=129577#breadcrumb\",\"itemListElement\":[{\"@type\":\"ListItem\",\"position\":1,\"name\":\"Portada\",\"item\":\"https:\\\/\\\/lospoliticosveracruz.com\\\/\"},{\"@type\":\"ListItem\",\"position\":2,\"name\":\"Y SALI\u00d3 ADRI\u00c1N MARCELO!\"}]},{\"@type\":\"WebSite\",\"@id\":\"https:\\\/\\\/lospoliticosveracruz.com\\\/#website\",\"url\":\"https:\\\/\\\/lospoliticosveracruz.com\\\/\",\"name\":\"Los pol\u00edticos Veracruz\",\"description\":\"\",\"publisher\":{\"@id\":\"https:\\\/\\\/lospoliticosveracruz.com\\\/#organization\"},\"potentialAction\":[{\"@type\":\"SearchAction\",\"target\":{\"@type\":\"EntryPoint\",\"urlTemplate\":\"https:\\\/\\\/lospoliticosveracruz.com\\\/?s={search_term_string}\"},\"query-input\":{\"@type\":\"PropertyValueSpecification\",\"valueRequired\":true,\"valueName\":\"search_term_string\"}}],\"inLanguage\":\"es\"},{\"@type\":\"Organization\",\"@id\":\"https:\\\/\\\/lospoliticosveracruz.com\\\/#organization\",\"name\":\"Los pol\u00edticos Veracruz\",\"url\":\"https:\\\/\\\/lospoliticosveracruz.com\\\/\",\"logo\":{\"@type\":\"ImageObject\",\"inLanguage\":\"es\",\"@id\":\"https:\\\/\\\/lospoliticosveracruz.com\\\/#\\\/schema\\\/logo\\\/image\\\/\",\"url\":\"https:\\\/\\\/lospoliticosveracruz.com\\\/wp-content\\\/uploads\\\/2025\\\/12\\\/Logo-Nuevo-LOS-POLITICOS-1.jpg\",\"contentUrl\":\"https:\\\/\\\/lospoliticosveracruz.com\\\/wp-content\\\/uploads\\\/2025\\\/12\\\/Logo-Nuevo-LOS-POLITICOS-1.jpg\",\"width\":260,\"height\":70,\"caption\":\"Los pol\u00edticos Veracruz\"},\"image\":{\"@id\":\"https:\\\/\\\/lospoliticosveracruz.com\\\/#\\\/schema\\\/logo\\\/image\\\/\"},\"sameAs\":[\"https:\\\/\\\/www.facebook.com\\\/people\\\/Notimemes-de-los-Polticos\\\/61565672886568\\\/\",\"https:\\\/\\\/x.com\\\/LosPoliticosVer\"]},{\"@type\":\"Person\",\"@id\":\"https:\\\/\\\/lospoliticosveracruz.com\\\/#\\\/schema\\\/person\\\/b8702bb0e538456e6efd07080bf2a4a2\",\"name\":\"Lo viste en Los Pol\u00edticos\",\"image\":{\"@type\":\"ImageObject\",\"inLanguage\":\"es\",\"@id\":\"https:\\\/\\\/secure.gravatar.com\\\/avatar\\\/3a8de04a2656d44082be478bd6c086daa447c4651605818287b9532d3d0bd435?s=96&d=mm&r=g\",\"url\":\"https:\\\/\\\/secure.gravatar.com\\\/avatar\\\/3a8de04a2656d44082be478bd6c086daa447c4651605818287b9532d3d0bd435?s=96&d=mm&r=g\",\"contentUrl\":\"https:\\\/\\\/secure.gravatar.com\\\/avatar\\\/3a8de04a2656d44082be478bd6c086daa447c4651605818287b9532d3d0bd435?s=96&d=mm&r=g\",\"caption\":\"Lo viste en Los Pol\u00edticos\"},\"url\":\"https:\\\/\\\/lospoliticosveracruz.com\\\/?author=2\"}]}<\/script>\n<!-- \/ Yoast SEO plugin. -->","yoast_head_json":{"title":"Y SALI\u00d3 ADRI\u00c1N MARCELO! - Los pol\u00edticos Veracruz","robots":{"index":"index","follow":"follow","max-snippet":"max-snippet:-1","max-image-preview":"max-image-preview:large","max-video-preview":"max-video-preview:-1"},"canonical":"https:\/\/lospoliticosveracruz.com\/?p=129577","og_locale":"es_ES","og_type":"article","og_title":"Y SALI\u00d3 ADRI\u00c1N MARCELO! - Los pol\u00edticos Veracruz","og_description":"Arturo Reyes Gonz\u00e1lezBurladero S\u00ed, as\u00ed como lo lee, Adri\u00e1n Marcelo, no confundir con Marcelo el del PVEM en Veracruz, aunque nos aseguran que no tarda en llegar el nuevo dirigente estatal al relevo.Y bien podr\u00eda decir usted, estimado lector, que eso que dice la cabeza de este texto, \u00bfeso a usted qu\u00e9?No, le prometo que [&hellip;]","og_url":"https:\/\/lospoliticosveracruz.com\/?p=129577","og_site_name":"Los pol\u00edticos Veracruz","article_publisher":"https:\/\/www.facebook.com\/people\/Notimemes-de-los-Polticos\/61565672886568\/","article_published_time":"2024-09-05T16:42:58+00:00","article_modified_time":"2024-09-05T16:54:03+00:00","og_image":[{"width":1250,"height":667,"url":"https:\/\/lospoliticosveracruz.com\/wp-content\/uploads\/2024\/08\/Arturo-Reyes.jpg","type":"image\/jpeg"}],"author":"Lo viste en Los Pol\u00edticos","twitter_card":"summary_large_image","twitter_creator":"@LosPoliticosVer","twitter_site":"@LosPoliticosVer","twitter_misc":{"Escrito por":"Lo viste en Los Pol\u00edticos","Tiempo de lectura":"4 minutos"},"schema":{"@context":"https:\/\/schema.org","@graph":[{"@type":"Article","@id":"https:\/\/lospoliticosveracruz.com\/?p=129577#article","isPartOf":{"@id":"https:\/\/lospoliticosveracruz.com\/?p=129577"},"author":{"name":"Lo viste en Los Pol\u00edticos","@id":"https:\/\/lospoliticosveracruz.com\/#\/schema\/person\/b8702bb0e538456e6efd07080bf2a4a2"},"headline":"Y SALI\u00d3 ADRI\u00c1N MARCELO!","datePublished":"2024-09-05T16:42:58+00:00","dateModified":"2024-09-05T16:54:03+00:00","mainEntityOfPage":{"@id":"https:\/\/lospoliticosveracruz.com\/?p=129577"},"wordCount":835,"publisher":{"@id":"https:\/\/lospoliticosveracruz.com\/#organization"},"image":{"@id":"https:\/\/lospoliticosveracruz.com\/?p=129577#primaryimage"},"thumbnailUrl":"https:\/\/lospoliticosveracruz.com\/wp-content\/uploads\/2024\/08\/Arturo-Reyes.jpg","keywords":["Arturo Reyes Gonz\u00e1lez","Morena","PT","PVEM"],"articleSection":["De Opini\u00f3n"],"inLanguage":"es"},{"@type":"WebPage","@id":"https:\/\/lospoliticosveracruz.com\/?p=129577","url":"https:\/\/lospoliticosveracruz.com\/?p=129577","name":"Y SALI\u00d3 ADRI\u00c1N MARCELO! - Los pol\u00edticos Veracruz","isPartOf":{"@id":"https:\/\/lospoliticosveracruz.com\/#website"},"primaryImageOfPage":{"@id":"https:\/\/lospoliticosveracruz.com\/?p=129577#primaryimage"},"image":{"@id":"https:\/\/lospoliticosveracruz.com\/?p=129577#primaryimage"},"thumbnailUrl":"https:\/\/lospoliticosveracruz.com\/wp-content\/uploads\/2024\/08\/Arturo-Reyes.jpg","datePublished":"2024-09-05T16:42:58+00:00","dateModified":"2024-09-05T16:54:03+00:00","breadcrumb":{"@id":"https:\/\/lospoliticosveracruz.com\/?p=129577#breadcrumb"},"inLanguage":"es","potentialAction":[{"@type":"ReadAction","target":["https:\/\/lospoliticosveracruz.com\/?p=129577"]}]},{"@type":"ImageObject","inLanguage":"es","@id":"https:\/\/lospoliticosveracruz.com\/?p=129577#primaryimage","url":"https:\/\/lospoliticosveracruz.com\/wp-content\/uploads\/2024\/08\/Arturo-Reyes.jpg","contentUrl":"https:\/\/lospoliticosveracruz.com\/wp-content\/uploads\/2024\/08\/Arturo-Reyes.jpg","width":1250,"height":667},{"@type":"BreadcrumbList","@id":"https:\/\/lospoliticosveracruz.com\/?p=129577#breadcrumb","itemListElement":[{"@type":"ListItem","position":1,"name":"Portada","item":"https:\/\/lospoliticosveracruz.com\/"},{"@type":"ListItem","position":2,"name":"Y SALI\u00d3 ADRI\u00c1N MARCELO!"}]},{"@type":"WebSite","@id":"https:\/\/lospoliticosveracruz.com\/#website","url":"https:\/\/lospoliticosveracruz.com\/","name":"Los pol\u00edticos Veracruz","description":"","publisher":{"@id":"https:\/\/lospoliticosveracruz.com\/#organization"},"potentialAction":[{"@type":"SearchAction","target":{"@type":"EntryPoint","urlTemplate":"https:\/\/lospoliticosveracruz.com\/?s={search_term_string}"},"query-input":{"@type":"PropertyValueSpecification","valueRequired":true,"valueName":"search_term_string"}}],"inLanguage":"es"},{"@type":"Organization","@id":"https:\/\/lospoliticosveracruz.com\/#organization","name":"Los pol\u00edticos Veracruz","url":"https:\/\/lospoliticosveracruz.com\/","logo":{"@type":"ImageObject","inLanguage":"es","@id":"https:\/\/lospoliticosveracruz.com\/#\/schema\/logo\/image\/","url":"https:\/\/lospoliticosveracruz.com\/wp-content\/uploads\/2025\/12\/Logo-Nuevo-LOS-POLITICOS-1.jpg","contentUrl":"https:\/\/lospoliticosveracruz.com\/wp-content\/uploads\/2025\/12\/Logo-Nuevo-LOS-POLITICOS-1.jpg","width":260,"height":70,"caption":"Los pol\u00edticos Veracruz"},"image":{"@id":"https:\/\/lospoliticosveracruz.com\/#\/schema\/logo\/image\/"},"sameAs":["https:\/\/www.facebook.com\/people\/Notimemes-de-los-Polticos\/61565672886568\/","https:\/\/x.com\/LosPoliticosVer"]},{"@type":"Person","@id":"https:\/\/lospoliticosveracruz.com\/#\/schema\/person\/b8702bb0e538456e6efd07080bf2a4a2","name":"Lo viste en Los Pol\u00edticos","image":{"@type":"ImageObject","inLanguage":"es","@id":"https:\/\/secure.gravatar.com\/avatar\/3a8de04a2656d44082be478bd6c086daa447c4651605818287b9532d3d0bd435?s=96&d=mm&r=g","url":"https:\/\/secure.gravatar.com\/avatar\/3a8de04a2656d44082be478bd6c086daa447c4651605818287b9532d3d0bd435?s=96&d=mm&r=g","contentUrl":"https:\/\/secure.gravatar.com\/avatar\/3a8de04a2656d44082be478bd6c086daa447c4651605818287b9532d3d0bd435?s=96&d=mm&r=g","caption":"Lo viste en Los Pol\u00edticos"},"url":"https:\/\/lospoliticosveracruz.com\/?author=2"}]}},"_links":{"self":[{"href":"https:\/\/lospoliticosveracruz.com\/index.php?rest_route=\/wp\/v2\/posts\/129577","targetHints":{"allow":["GET"]}}],"collection":[{"href":"https:\/\/lospoliticosveracruz.com\/index.php?rest_route=\/wp\/v2\/posts"}],"about":[{"href":"https:\/\/lospoliticosveracruz.com\/index.php?rest_route=\/wp\/v2\/types\/post"}],"author":[{"embeddable":true,"href":"https:\/\/lospoliticosveracruz.com\/index.php?rest_route=\/wp\/v2\/users\/2"}],"replies":[{"embeddable":true,"href":"https:\/\/lospoliticosveracruz.com\/index.php?rest_route=%2Fwp%2Fv2%2Fcomments&post=129577"}],"version-history":[{"count":1,"href":"https:\/\/lospoliticosveracruz.com\/index.php?rest_route=\/wp\/v2\/posts\/129577\/revisions"}],"predecessor-version":[{"id":129578,"href":"https:\/\/lospoliticosveracruz.com\/index.php?rest_route=\/wp\/v2\/posts\/129577\/revisions\/129578"}],"wp:featuredmedia":[{"embeddable":true,"href":"https:\/\/lospoliticosveracruz.com\/index.php?rest_route=\/wp\/v2\/media\/128464"}],"wp:attachment":[{"href":"https:\/\/lospoliticosveracruz.com\/index.php?rest_route=%2Fwp%2Fv2%2Fmedia&parent=129577"}],"wp:term":[{"taxonomy":"category","embeddable":true,"href":"https:\/\/lospoliticosveracruz.com\/index.php?rest_route=%2Fwp%2Fv2%2Fcategories&post=129577"},{"taxonomy":"post_tag","embeddable":true,"href":"https:\/\/lospoliticosveracruz.com\/index.php?rest_route=%2Fwp%2Fv2%2Ftags&post=129577"}],"curies":[{"name":"wp","href":"https:\/\/api.w.org\/{rel}","templated":true}]}}