{"id":129586,"date":"2024-09-05T13:18:32","date_gmt":"2024-09-05T18:18:32","guid":{"rendered":"https:\/\/lospoliticosveracruz.com.mx\/?p=129586"},"modified":"2024-09-05T13:18:42","modified_gmt":"2024-09-05T18:18:42","slug":"en-morena-el-pueblo-hasta-el-final","status":"publish","type":"post","link":"https:\/\/lospoliticosveracruz.com\/?p=129586","title":{"rendered":"EN MORENA, EL PUEBLO HASTA EL FINAL\u00a0"},"content":{"rendered":"\n<p><strong>Miguel \u00c1ngel G\u00f3mez Ruiz<\/strong><\/p>\n\n\n\n<p><em>Contrapunto<\/em><\/p>\n\n\n\n<p>Aunque los morenistas y sus simpatizantes se jactan que est\u00e1 haciendo lo que quieren, los m\u00e1s perjudicados ser\u00e1n sus seguidores, la mayor\u00eda proveniente de clase media-baja y baja y que en alg\u00fan momento, t\u00e9ngalo usted por seguro, ser\u00e1n los m\u00e1s perjudicados con sus reformas.<\/p>\n\n\n<div class=\"wp-block-image\">\n<figure class=\"alignleft size-medium\"><a href=\"https:\/\/lospoliticosveracruz.com.mx\/wp-content\/uploads\/2021\/10\/WhatsApp-Image-2021-10-02-at-15.20.25.jpeg\"><img loading=\"lazy\" decoding=\"async\" width=\"212\" height=\"300\" src=\"https:\/\/lospoliticosveracruz.com.mx\/wp-content\/uploads\/2021\/10\/WhatsApp-Image-2021-10-02-at-15.20.25-212x300.jpeg\" alt=\"\" class=\"wp-image-80177\" srcset=\"https:\/\/lospoliticosveracruz.com\/wp-content\/uploads\/2021\/10\/WhatsApp-Image-2021-10-02-at-15.20.25-212x300.jpeg 212w, https:\/\/lospoliticosveracruz.com\/wp-content\/uploads\/2021\/10\/WhatsApp-Image-2021-10-02-at-15.20.25-724x1024.jpeg 724w, https:\/\/lospoliticosveracruz.com\/wp-content\/uploads\/2021\/10\/WhatsApp-Image-2021-10-02-at-15.20.25-768x1086.jpeg 768w, https:\/\/lospoliticosveracruz.com\/wp-content\/uploads\/2021\/10\/WhatsApp-Image-2021-10-02-at-15.20.25.jpeg 905w\" sizes=\"auto, (max-width: 212px) 100vw, 212px\" \/><\/a><\/figure>\n<\/div>\n\n\n<p>Ese pueblo, al que se dirigen despectivamente los morenistas, lo utilizan a su modo, con una miseria que le reparten bimestralmente, con mentiras con las que los dominan f\u00e1cilmente y ech\u00e1ndoles cierta responsabilidad, como acabar con un aeropuerto o elegir a jueces, as\u00ed se tenga que privilegiar a un panadero, un taxista o un bachiller.<\/p>\n\n\n\n<p>Es verdad que M\u00e9xico requiere cambios en el poder judicial, endurecer las penas a asesinos, a corruptos o a aqu\u00e9l que se ensa\u00f1e con alguien de forma artera, pero tengo la sospecha de que, con jueces electos a su modo, quienes m\u00e1s sufriremos seremos aquellos que no estamos de acuerdo con este gobierno de juguete<\/p>\n\n\n\n<p>. Imagino a un buen n\u00famero de aspirantes de oposici\u00f3n, ya sean del PAN, PRI o Movimiento Ciudadano cayendo en manos de esos jueces y siendo encarcelados a fin de que no participen.<\/p>\n\n\n\n<p>Para m\u00ed es un hecho que la misma sociedad, que ha sido burlada con mentiras del propio presidente que jam\u00e1s logr\u00f3 que hubiera buenos servicios de salud o siquiera una seguridad p\u00fablica decente, har\u00e1 a un lado a ese partido al que no le valdr\u00e1n los recursos y que se hartar\u00e1n de que los morenistas lleven al Congreso a sus amantes, prostitutas, trans, choferes, compadres, guaruras y tipos frustrados que, en lugar de legislar, solo ir\u00e1n a hacerle caso al presidente L\u00f3pez que no se ir\u00e1 de donde est\u00e1.<\/p>\n\n\n\n<p>O bien, le har\u00e1n caso a Sheinbaum que a la vez obedecer\u00e1 a L\u00f3pez y sin debatir, solo ir\u00e1n a votar y luego a descansar y lanzar loas a L\u00f3pez, al que consideran su dios, su patr\u00f3n.<\/p>\n\n\n\n<p>No es el hecho de que voten por una reforma o una ley y ganen, al final eso ocurre si son mayor\u00eda, el hecho es que se burlen y m\u00e1s a\u00fan, trat\u00e1ndose del Poder Judicial, al que ya teniendo bajo control, lo utilicen a su gusto.<\/p>\n\n\n\n<p>La situaci\u00f3n es que ellos son mayor\u00eda ahora, gracias al dispendio de recursos y a su aprovechamiento de la ignorancia de millones que, lamentablemente, no estudiaron, dejaron la escuela o bien, tienen carreras truncas.<\/p>\n\n\n\n<p>Un adi\u00f3s sin gloria<\/p>\n\n\n\n<p>Los \u00faltimos d\u00edas del presidente L\u00f3pez han sido ca\u00f3ticos. Tuvo diferencias con los embajadores de Estados Unidos y Canad\u00e1 por el tema de la reforma al Poder Judicial. Se fue directo contra los embajadores sin que ninguno de sus asesores le dijera que la postura de los embajadores es la misma que sus gobiernos y entr\u00f3 en una discusi\u00f3n sin sentido, t\u00edpico, como al tipo le gusta.<\/p>\n\n\n\n<p>Luego, en su informe de labores, creado desde un mundo alterno, se jact\u00f3 de que el servicio m\u00e9dico en M\u00e9xico ya es mejor que el de Dinamarca. O sea, nadie le dijo que a\u00fan en M\u00e9xico hay mujeres que tienen sus partos en las salas de espera o en los jardines de los hospitales, que a\u00fan hay gente que es recostada en el piso para recibir sus sueros o bien, que a\u00fan al d\u00eda de hoy, no hay vacunas para prevenir cualquier tipo de enfermedad. Al final, dijo que todo eso lo declar\u00f3 para que se hiciera nota de eso y para que hablaran sus contrincantes.<\/p>\n\n\n\n<p>Tambi\u00e9n habl\u00f3 sobre su estrategia de seguridad -que ya suma casi 200 mil muertos- en su gobierno, habl\u00f3 sobre su \u00e9xito contra los huachicoleros, pese a que el huachicol se vende mejor que nunca hoy d\u00eda y que no mataron a ning\u00fan candidato presidencial, pese a que s\u00ed hubo al menos doce candidatos asesinados y una veintena de aspirantes que pasaron a mejor vida. Volvemos al tema que para el presidente s\u00ed hay mexicanos de primera y de segunda. Sin duda.<\/p>\n\n\n\n<p>El colmo es que se refiere al tema de los periodistas -van 42 muertos durante su administraci\u00f3n- como si nada, no es algo que le interese, de hecho, a ninguno de sus floreros le interes\u00f3, todos esos pelagatos, es decir, sus funcionarios, sus diputados, sus senadores, sus gobernadores y dem\u00e1s, s\u00f3lo viven para tenerlo contento, rindi\u00e9ndole cuentas y complaci\u00e9ndole.<\/p>\n\n\n\n<p>Al final, pese a que no se ir\u00e1, \u00e9l se despide y quiere seguir recibiendo loas, besos y lamidas de todos sus adoradores. Como presidente fue un fiasco, esa es la realidad.<\/p>\n\n\n\n<p>PD La situaci\u00f3n al interior del gobierno federal ya es insostenible. Las imposiciones del presidente provocaron un da\u00f1o irreversible y lo que es peor, es que eso se refleja en la econom\u00eda del pa\u00eds. El d\u00f3lar poco a poco ir\u00e1 subiendo y todo ser\u00e1 m\u00e1s caro.<\/p>\n\n\n\n<p>Un mal final para un presidente y un mal inicio para una mujer que no parece tener capacidad y que depender\u00e1 de los dem\u00e1s. S\u00ed, es cierto, por eso votaron.<\/p>\n\n\n\n<p>La magistrada Beatriz Rivera solicit\u00f3 su jubilaci\u00f3n. Tras una gran carrera de 37 a\u00f1os dentro del Poder Judicial de Veracruz, la llamada \u201cjuez de hierro\u201d y que en 2014 fue ascendida a magistrada, anuncia que se retira. Esa es una gran p\u00e9rdida para todos, pues era de lo poco rescatable dentro de ese lugar.<\/p>\n","protected":false},"excerpt":{"rendered":"<p>Miguel \u00c1ngel G\u00f3mez Ruiz Contrapunto Aunque los morenistas y sus simpatizantes se jactan que est\u00e1 haciendo lo que quieren, los m\u00e1s perjudicados ser\u00e1n sus seguidores, la mayor\u00eda proveniente de clase media-baja y baja y que en alg\u00fan momento, t\u00e9ngalo usted por seguro, ser\u00e1n los m\u00e1s perjudicados con sus reformas. Ese pueblo, al que se dirigen [&hellip;]<\/p>\n","protected":false},"author":2,"featured_media":0,"comment_status":"closed","ping_status":"closed","sticky":false,"template":"","format":"standard","meta":{"tdm_status":"","tdm_grid_status":"","footnotes":""},"categories":[70],"tags":[28370],"class_list":{"0":"post-129586","1":"post","2":"type-post","3":"status-publish","4":"format-standard","6":"category-de-opinion","7":"tag-miguel-angel-gomez-ruiz"},"yoast_head":"<!-- This site is optimized with the Yoast SEO plugin v27.4 - https:\/\/yoast.com\/product\/yoast-seo-wordpress\/ -->\n<title>EN MORENA, EL PUEBLO HASTA EL FINAL\u00a0 - Los pol\u00edticos Veracruz<\/title>\n<meta name=\"robots\" content=\"index, follow, max-snippet:-1, max-image-preview:large, max-video-preview:-1\" \/>\n<link rel=\"canonical\" href=\"https:\/\/lospoliticosveracruz.com\/?p=129586\" \/>\n<meta property=\"og:locale\" content=\"es_ES\" \/>\n<meta property=\"og:type\" content=\"article\" \/>\n<meta property=\"og:title\" content=\"EN MORENA, EL PUEBLO HASTA EL FINAL\u00a0 - Los pol\u00edticos Veracruz\" \/>\n<meta property=\"og:description\" content=\"Miguel \u00c1ngel G\u00f3mez Ruiz Contrapunto Aunque los morenistas y sus simpatizantes se jactan que est\u00e1 haciendo lo que quieren, los m\u00e1s perjudicados ser\u00e1n sus seguidores, la mayor\u00eda proveniente de clase media-baja y baja y que en alg\u00fan momento, t\u00e9ngalo usted por seguro, ser\u00e1n los m\u00e1s perjudicados con sus reformas. Ese pueblo, al que se dirigen [&hellip;]\" \/>\n<meta property=\"og:url\" content=\"https:\/\/lospoliticosveracruz.com\/?p=129586\" \/>\n<meta property=\"og:site_name\" content=\"Los pol\u00edticos Veracruz\" \/>\n<meta property=\"article:publisher\" content=\"https:\/\/www.facebook.com\/people\/Notimemes-de-los-Polticos\/61565672886568\/\" \/>\n<meta property=\"article:published_time\" content=\"2024-09-05T18:18:32+00:00\" \/>\n<meta property=\"article:modified_time\" content=\"2024-09-05T18:18:42+00:00\" \/>\n<meta property=\"og:image\" content=\"https:\/\/lospoliticosveracruz.com.mx\/wp-content\/uploads\/2021\/10\/WhatsApp-Image-2021-10-02-at-15.20.25-212x300.jpeg\" \/>\n<meta name=\"author\" content=\"Lo viste en Los Pol\u00edticos\" \/>\n<meta name=\"twitter:card\" content=\"summary_large_image\" \/>\n<meta name=\"twitter:creator\" content=\"@LosPoliticosVer\" \/>\n<meta name=\"twitter:site\" content=\"@LosPoliticosVer\" \/>\n<meta name=\"twitter:label1\" content=\"Escrito por\" \/>\n\t<meta name=\"twitter:data1\" content=\"Lo viste en Los Pol\u00edticos\" \/>\n\t<meta name=\"twitter:label2\" content=\"Tiempo de lectura\" \/>\n\t<meta name=\"twitter:data2\" content=\"5 minutos\" \/>\n<script type=\"application\/ld+json\" class=\"yoast-schema-graph\">{\"@context\":\"https:\\\/\\\/schema.org\",\"@graph\":[{\"@type\":\"Article\",\"@id\":\"https:\\\/\\\/lospoliticosveracruz.com\\\/?p=129586#article\",\"isPartOf\":{\"@id\":\"https:\\\/\\\/lospoliticosveracruz.com\\\/?p=129586\"},\"author\":{\"name\":\"Lo viste en Los Pol\u00edticos\",\"@id\":\"https:\\\/\\\/lospoliticosveracruz.com\\\/#\\\/schema\\\/person\\\/b8702bb0e538456e6efd07080bf2a4a2\"},\"headline\":\"EN MORENA, EL PUEBLO HASTA EL FINAL\u00a0\",\"datePublished\":\"2024-09-05T18:18:32+00:00\",\"dateModified\":\"2024-09-05T18:18:42+00:00\",\"mainEntityOfPage\":{\"@id\":\"https:\\\/\\\/lospoliticosveracruz.com\\\/?p=129586\"},\"wordCount\":943,\"publisher\":{\"@id\":\"https:\\\/\\\/lospoliticosveracruz.com\\\/#organization\"},\"image\":{\"@id\":\"https:\\\/\\\/lospoliticosveracruz.com\\\/?p=129586#primaryimage\"},\"thumbnailUrl\":\"https:\\\/\\\/lospoliticosveracruz.com.mx\\\/wp-content\\\/uploads\\\/2021\\\/10\\\/WhatsApp-Image-2021-10-02-at-15.20.25-212x300.jpeg\",\"keywords\":[\"Miguel \u00c1ngel G\u00f3mez Ruiz\"],\"articleSection\":[\"De Opini\u00f3n\"],\"inLanguage\":\"es\"},{\"@type\":\"WebPage\",\"@id\":\"https:\\\/\\\/lospoliticosveracruz.com\\\/?p=129586\",\"url\":\"https:\\\/\\\/lospoliticosveracruz.com\\\/?p=129586\",\"name\":\"EN MORENA, EL PUEBLO HASTA EL FINAL\u00a0 - Los pol\u00edticos Veracruz\",\"isPartOf\":{\"@id\":\"https:\\\/\\\/lospoliticosveracruz.com\\\/#website\"},\"primaryImageOfPage\":{\"@id\":\"https:\\\/\\\/lospoliticosveracruz.com\\\/?p=129586#primaryimage\"},\"image\":{\"@id\":\"https:\\\/\\\/lospoliticosveracruz.com\\\/?p=129586#primaryimage\"},\"thumbnailUrl\":\"https:\\\/\\\/lospoliticosveracruz.com.mx\\\/wp-content\\\/uploads\\\/2021\\\/10\\\/WhatsApp-Image-2021-10-02-at-15.20.25-212x300.jpeg\",\"datePublished\":\"2024-09-05T18:18:32+00:00\",\"dateModified\":\"2024-09-05T18:18:42+00:00\",\"breadcrumb\":{\"@id\":\"https:\\\/\\\/lospoliticosveracruz.com\\\/?p=129586#breadcrumb\"},\"inLanguage\":\"es\",\"potentialAction\":[{\"@type\":\"ReadAction\",\"target\":[\"https:\\\/\\\/lospoliticosveracruz.com\\\/?p=129586\"]}]},{\"@type\":\"ImageObject\",\"inLanguage\":\"es\",\"@id\":\"https:\\\/\\\/lospoliticosveracruz.com\\\/?p=129586#primaryimage\",\"url\":\"https:\\\/\\\/lospoliticosveracruz.com.mx\\\/wp-content\\\/uploads\\\/2021\\\/10\\\/WhatsApp-Image-2021-10-02-at-15.20.25-212x300.jpeg\",\"contentUrl\":\"https:\\\/\\\/lospoliticosveracruz.com.mx\\\/wp-content\\\/uploads\\\/2021\\\/10\\\/WhatsApp-Image-2021-10-02-at-15.20.25-212x300.jpeg\"},{\"@type\":\"BreadcrumbList\",\"@id\":\"https:\\\/\\\/lospoliticosveracruz.com\\\/?p=129586#breadcrumb\",\"itemListElement\":[{\"@type\":\"ListItem\",\"position\":1,\"name\":\"Portada\",\"item\":\"https:\\\/\\\/lospoliticosveracruz.com\\\/\"},{\"@type\":\"ListItem\",\"position\":2,\"name\":\"EN MORENA, EL PUEBLO HASTA EL FINAL\u00a0\"}]},{\"@type\":\"WebSite\",\"@id\":\"https:\\\/\\\/lospoliticosveracruz.com\\\/#website\",\"url\":\"https:\\\/\\\/lospoliticosveracruz.com\\\/\",\"name\":\"Los pol\u00edticos Veracruz\",\"description\":\"\",\"publisher\":{\"@id\":\"https:\\\/\\\/lospoliticosveracruz.com\\\/#organization\"},\"potentialAction\":[{\"@type\":\"SearchAction\",\"target\":{\"@type\":\"EntryPoint\",\"urlTemplate\":\"https:\\\/\\\/lospoliticosveracruz.com\\\/?s={search_term_string}\"},\"query-input\":{\"@type\":\"PropertyValueSpecification\",\"valueRequired\":true,\"valueName\":\"search_term_string\"}}],\"inLanguage\":\"es\"},{\"@type\":\"Organization\",\"@id\":\"https:\\\/\\\/lospoliticosveracruz.com\\\/#organization\",\"name\":\"Los pol\u00edticos Veracruz\",\"url\":\"https:\\\/\\\/lospoliticosveracruz.com\\\/\",\"logo\":{\"@type\":\"ImageObject\",\"inLanguage\":\"es\",\"@id\":\"https:\\\/\\\/lospoliticosveracruz.com\\\/#\\\/schema\\\/logo\\\/image\\\/\",\"url\":\"https:\\\/\\\/lospoliticosveracruz.com\\\/wp-content\\\/uploads\\\/2025\\\/12\\\/Logo-Nuevo-LOS-POLITICOS-1.jpg\",\"contentUrl\":\"https:\\\/\\\/lospoliticosveracruz.com\\\/wp-content\\\/uploads\\\/2025\\\/12\\\/Logo-Nuevo-LOS-POLITICOS-1.jpg\",\"width\":260,\"height\":70,\"caption\":\"Los pol\u00edticos Veracruz\"},\"image\":{\"@id\":\"https:\\\/\\\/lospoliticosveracruz.com\\\/#\\\/schema\\\/logo\\\/image\\\/\"},\"sameAs\":[\"https:\\\/\\\/www.facebook.com\\\/people\\\/Notimemes-de-los-Polticos\\\/61565672886568\\\/\",\"https:\\\/\\\/x.com\\\/LosPoliticosVer\"]},{\"@type\":\"Person\",\"@id\":\"https:\\\/\\\/lospoliticosveracruz.com\\\/#\\\/schema\\\/person\\\/b8702bb0e538456e6efd07080bf2a4a2\",\"name\":\"Lo viste en Los Pol\u00edticos\",\"image\":{\"@type\":\"ImageObject\",\"inLanguage\":\"es\",\"@id\":\"https:\\\/\\\/secure.gravatar.com\\\/avatar\\\/3a8de04a2656d44082be478bd6c086daa447c4651605818287b9532d3d0bd435?s=96&d=mm&r=g\",\"url\":\"https:\\\/\\\/secure.gravatar.com\\\/avatar\\\/3a8de04a2656d44082be478bd6c086daa447c4651605818287b9532d3d0bd435?s=96&d=mm&r=g\",\"contentUrl\":\"https:\\\/\\\/secure.gravatar.com\\\/avatar\\\/3a8de04a2656d44082be478bd6c086daa447c4651605818287b9532d3d0bd435?s=96&d=mm&r=g\",\"caption\":\"Lo viste en Los Pol\u00edticos\"},\"url\":\"https:\\\/\\\/lospoliticosveracruz.com\\\/?author=2\"}]}<\/script>\n<!-- \/ Yoast SEO plugin. -->","yoast_head_json":{"title":"EN MORENA, EL PUEBLO HASTA EL FINAL\u00a0 - Los pol\u00edticos Veracruz","robots":{"index":"index","follow":"follow","max-snippet":"max-snippet:-1","max-image-preview":"max-image-preview:large","max-video-preview":"max-video-preview:-1"},"canonical":"https:\/\/lospoliticosveracruz.com\/?p=129586","og_locale":"es_ES","og_type":"article","og_title":"EN MORENA, EL PUEBLO HASTA EL FINAL\u00a0 - Los pol\u00edticos Veracruz","og_description":"Miguel \u00c1ngel G\u00f3mez Ruiz Contrapunto Aunque los morenistas y sus simpatizantes se jactan que est\u00e1 haciendo lo que quieren, los m\u00e1s perjudicados ser\u00e1n sus seguidores, la mayor\u00eda proveniente de clase media-baja y baja y que en alg\u00fan momento, t\u00e9ngalo usted por seguro, ser\u00e1n los m\u00e1s perjudicados con sus reformas. Ese pueblo, al que se dirigen [&hellip;]","og_url":"https:\/\/lospoliticosveracruz.com\/?p=129586","og_site_name":"Los pol\u00edticos Veracruz","article_publisher":"https:\/\/www.facebook.com\/people\/Notimemes-de-los-Polticos\/61565672886568\/","article_published_time":"2024-09-05T18:18:32+00:00","article_modified_time":"2024-09-05T18:18:42+00:00","og_image":[{"url":"https:\/\/lospoliticosveracruz.com.mx\/wp-content\/uploads\/2021\/10\/WhatsApp-Image-2021-10-02-at-15.20.25-212x300.jpeg","type":"","width":"","height":""}],"author":"Lo viste en Los Pol\u00edticos","twitter_card":"summary_large_image","twitter_creator":"@LosPoliticosVer","twitter_site":"@LosPoliticosVer","twitter_misc":{"Escrito por":"Lo viste en Los Pol\u00edticos","Tiempo de lectura":"5 minutos"},"schema":{"@context":"https:\/\/schema.org","@graph":[{"@type":"Article","@id":"https:\/\/lospoliticosveracruz.com\/?p=129586#article","isPartOf":{"@id":"https:\/\/lospoliticosveracruz.com\/?p=129586"},"author":{"name":"Lo viste en Los Pol\u00edticos","@id":"https:\/\/lospoliticosveracruz.com\/#\/schema\/person\/b8702bb0e538456e6efd07080bf2a4a2"},"headline":"EN MORENA, EL PUEBLO HASTA EL FINAL\u00a0","datePublished":"2024-09-05T18:18:32+00:00","dateModified":"2024-09-05T18:18:42+00:00","mainEntityOfPage":{"@id":"https:\/\/lospoliticosveracruz.com\/?p=129586"},"wordCount":943,"publisher":{"@id":"https:\/\/lospoliticosveracruz.com\/#organization"},"image":{"@id":"https:\/\/lospoliticosveracruz.com\/?p=129586#primaryimage"},"thumbnailUrl":"https:\/\/lospoliticosveracruz.com.mx\/wp-content\/uploads\/2021\/10\/WhatsApp-Image-2021-10-02-at-15.20.25-212x300.jpeg","keywords":["Miguel \u00c1ngel G\u00f3mez Ruiz"],"articleSection":["De Opini\u00f3n"],"inLanguage":"es"},{"@type":"WebPage","@id":"https:\/\/lospoliticosveracruz.com\/?p=129586","url":"https:\/\/lospoliticosveracruz.com\/?p=129586","name":"EN MORENA, EL PUEBLO HASTA EL FINAL\u00a0 - Los pol\u00edticos Veracruz","isPartOf":{"@id":"https:\/\/lospoliticosveracruz.com\/#website"},"primaryImageOfPage":{"@id":"https:\/\/lospoliticosveracruz.com\/?p=129586#primaryimage"},"image":{"@id":"https:\/\/lospoliticosveracruz.com\/?p=129586#primaryimage"},"thumbnailUrl":"https:\/\/lospoliticosveracruz.com.mx\/wp-content\/uploads\/2021\/10\/WhatsApp-Image-2021-10-02-at-15.20.25-212x300.jpeg","datePublished":"2024-09-05T18:18:32+00:00","dateModified":"2024-09-05T18:18:42+00:00","breadcrumb":{"@id":"https:\/\/lospoliticosveracruz.com\/?p=129586#breadcrumb"},"inLanguage":"es","potentialAction":[{"@type":"ReadAction","target":["https:\/\/lospoliticosveracruz.com\/?p=129586"]}]},{"@type":"ImageObject","inLanguage":"es","@id":"https:\/\/lospoliticosveracruz.com\/?p=129586#primaryimage","url":"https:\/\/lospoliticosveracruz.com.mx\/wp-content\/uploads\/2021\/10\/WhatsApp-Image-2021-10-02-at-15.20.25-212x300.jpeg","contentUrl":"https:\/\/lospoliticosveracruz.com.mx\/wp-content\/uploads\/2021\/10\/WhatsApp-Image-2021-10-02-at-15.20.25-212x300.jpeg"},{"@type":"BreadcrumbList","@id":"https:\/\/lospoliticosveracruz.com\/?p=129586#breadcrumb","itemListElement":[{"@type":"ListItem","position":1,"name":"Portada","item":"https:\/\/lospoliticosveracruz.com\/"},{"@type":"ListItem","position":2,"name":"EN MORENA, EL PUEBLO HASTA EL FINAL\u00a0"}]},{"@type":"WebSite","@id":"https:\/\/lospoliticosveracruz.com\/#website","url":"https:\/\/lospoliticosveracruz.com\/","name":"Los pol\u00edticos Veracruz","description":"","publisher":{"@id":"https:\/\/lospoliticosveracruz.com\/#organization"},"potentialAction":[{"@type":"SearchAction","target":{"@type":"EntryPoint","urlTemplate":"https:\/\/lospoliticosveracruz.com\/?s={search_term_string}"},"query-input":{"@type":"PropertyValueSpecification","valueRequired":true,"valueName":"search_term_string"}}],"inLanguage":"es"},{"@type":"Organization","@id":"https:\/\/lospoliticosveracruz.com\/#organization","name":"Los pol\u00edticos Veracruz","url":"https:\/\/lospoliticosveracruz.com\/","logo":{"@type":"ImageObject","inLanguage":"es","@id":"https:\/\/lospoliticosveracruz.com\/#\/schema\/logo\/image\/","url":"https:\/\/lospoliticosveracruz.com\/wp-content\/uploads\/2025\/12\/Logo-Nuevo-LOS-POLITICOS-1.jpg","contentUrl":"https:\/\/lospoliticosveracruz.com\/wp-content\/uploads\/2025\/12\/Logo-Nuevo-LOS-POLITICOS-1.jpg","width":260,"height":70,"caption":"Los pol\u00edticos Veracruz"},"image":{"@id":"https:\/\/lospoliticosveracruz.com\/#\/schema\/logo\/image\/"},"sameAs":["https:\/\/www.facebook.com\/people\/Notimemes-de-los-Polticos\/61565672886568\/","https:\/\/x.com\/LosPoliticosVer"]},{"@type":"Person","@id":"https:\/\/lospoliticosveracruz.com\/#\/schema\/person\/b8702bb0e538456e6efd07080bf2a4a2","name":"Lo viste en Los Pol\u00edticos","image":{"@type":"ImageObject","inLanguage":"es","@id":"https:\/\/secure.gravatar.com\/avatar\/3a8de04a2656d44082be478bd6c086daa447c4651605818287b9532d3d0bd435?s=96&d=mm&r=g","url":"https:\/\/secure.gravatar.com\/avatar\/3a8de04a2656d44082be478bd6c086daa447c4651605818287b9532d3d0bd435?s=96&d=mm&r=g","contentUrl":"https:\/\/secure.gravatar.com\/avatar\/3a8de04a2656d44082be478bd6c086daa447c4651605818287b9532d3d0bd435?s=96&d=mm&r=g","caption":"Lo viste en Los Pol\u00edticos"},"url":"https:\/\/lospoliticosveracruz.com\/?author=2"}]}},"_links":{"self":[{"href":"https:\/\/lospoliticosveracruz.com\/index.php?rest_route=\/wp\/v2\/posts\/129586","targetHints":{"allow":["GET"]}}],"collection":[{"href":"https:\/\/lospoliticosveracruz.com\/index.php?rest_route=\/wp\/v2\/posts"}],"about":[{"href":"https:\/\/lospoliticosveracruz.com\/index.php?rest_route=\/wp\/v2\/types\/post"}],"author":[{"embeddable":true,"href":"https:\/\/lospoliticosveracruz.com\/index.php?rest_route=\/wp\/v2\/users\/2"}],"replies":[{"embeddable":true,"href":"https:\/\/lospoliticosveracruz.com\/index.php?rest_route=%2Fwp%2Fv2%2Fcomments&post=129586"}],"version-history":[{"count":1,"href":"https:\/\/lospoliticosveracruz.com\/index.php?rest_route=\/wp\/v2\/posts\/129586\/revisions"}],"predecessor-version":[{"id":129587,"href":"https:\/\/lospoliticosveracruz.com\/index.php?rest_route=\/wp\/v2\/posts\/129586\/revisions\/129587"}],"wp:attachment":[{"href":"https:\/\/lospoliticosveracruz.com\/index.php?rest_route=%2Fwp%2Fv2%2Fmedia&parent=129586"}],"wp:term":[{"taxonomy":"category","embeddable":true,"href":"https:\/\/lospoliticosveracruz.com\/index.php?rest_route=%2Fwp%2Fv2%2Fcategories&post=129586"},{"taxonomy":"post_tag","embeddable":true,"href":"https:\/\/lospoliticosveracruz.com\/index.php?rest_route=%2Fwp%2Fv2%2Ftags&post=129586"}],"curies":[{"name":"wp","href":"https:\/\/api.w.org\/{rel}","templated":true}]}}