{"id":129619,"date":"2024-09-06T08:51:06","date_gmt":"2024-09-06T13:51:06","guid":{"rendered":"https:\/\/lospoliticosveracruz.com.mx\/?p=129619"},"modified":"2024-09-06T08:51:14","modified_gmt":"2024-09-06T13:51:14","slug":"se-les-viene-la-noche","status":"publish","type":"post","link":"https:\/\/lospoliticosveracruz.com\/?p=129619","title":{"rendered":"SE LES VIENE LA NOCHE!"},"content":{"rendered":"\n<p><strong>Oved Contreras<\/strong><\/p>\n\n\n\n<p><em>Secas Mecas<\/em><\/p>\n\n\n\n<p>El \u00d3rgano de Fiscalizaci\u00f3n Superior (ORFIS) detect\u00f3 presuntas irregularidades en el gasto p\u00fablico de Radiotelevisi\u00f3n de Veracruz (RTV) durante la revisi\u00f3n de la Cuenta P\u00fablica del ejercicio fiscal 2023. La auditora general del ORFIS, Delia Gonz\u00e1lez Cobos, confirm\u00f3 que se encontraron irregularidades, pero no proporcion\u00f3 detalles. El ORFIS entregar\u00e1 el 1 de octubre el resultado de la auditor\u00eda a la cuenta p\u00fablica 2023 al Congreso local.<\/p>\n\n\n\n<p>Y si ya no hay padrinos protectores se les puede venir la noche a los directivos de RTV en medio de los se\u00f1alamientos que hicieron trabajadores sindicalizados quienes acusan al canal de negligencia en el accidente laboral que cost\u00f3 la vida de Abraham M\u00e1rquez Carmona.<\/p>\n\n\n\n<p>La titular del ORFIS inform\u00f3 que<br>Radiotelevisi\u00f3n de Veracruz&nbsp;tiene pendiente la&nbsp;solventaci\u00f3n y comprobaci\u00f3n de algunas irregularidades&nbsp;detectadas en las cuentas p\u00fablicas 2022 y 2023, se trata&nbsp;precisamente del Cap\u00edtulo Mil, referente al gasto general y sobre lo que en \u00faltimos d\u00edas trabajadores se han quejado, sobre todo por la falta de mantenimiento en la televisora estatal que, acusan, deriv\u00f3 en la muerte de un empleado.<\/p>\n\n\n\n<p>Incluso, no descart\u00f3 que se pueda hacer una revisi\u00f3n especial, esto solo si el&nbsp;Congreso de Veracruz&nbsp;pide alguna&nbsp;auditor\u00eda especial\u2026lo que le vendr\u00eda como anillo al dedo a la t\u00eda Ch\u00edo si es que es verdad que se las tiene guardadas por operarle en contra cuando al t\u00edo Patochi se la crey\u00f3 que podr\u00eda ser candidato a la gubernatura.<\/p>\n\n\n\n<p>SON DE SEGURIDAD P\u00daBLICA\u2026Trabajadores de Seguridad P\u00fablica, que son parte de la organizaci\u00f3n Unidos TODOS, del primo del gobernador Eleazar Guerrero, son \u00ablas juventudes\u00bb que fueron a gritar afuera de la Suprema Corte de Justicia ayer en la protesta en favor de la reforma al Poder Judicial aprobada por Morena y sus aliados en la C\u00e1mara de Diputados.<\/p>\n\n\n\n<p>Esta vez se llevaron a los menos visibles, por ejemplo los del tutelar de menores pero pagados con el erario de Veracruz\u2026as\u00ed de cochinos salieron Cuitl\u00e1huac Garc\u00eda y sus dizque operadores que se encargan de mover gente para sus m\u00edtines.<\/p>\n\n\n\n<p>Tambi\u00e9n en el Congreso local andan violentos en sus formas de defender al r\u00e9gimen\u2026el magistrado del circuito s\u00e9ptimo Jos\u00e9 Manuel de Alba fue agredido por personal de seguridad del Congreso de Veracruz durante la manifestaci\u00f3n que los trabajadores del Poder Judicial federal llevaron a cabo afuera del Poder Legislativo local, en la cual fue orador.<\/p>\n\n\n\n<p>Tras marchar para llegar a la sede del Congreso veracruzano, los manifestantes se apostaron en la entrada principal con la intenci\u00f3n de entrar a la sesi\u00f3n de la Comisi\u00f3n Permanente, lo cual les fue impedido por el personal de seguridad a pesar de tratarse de un recinto p\u00fablico. En el jaloneo en la puerta, Jos\u00e9 Manuel de Alba fue golpeado en la cara y derribado, aunque no result\u00f3 con lesiones mayores.<\/p>\n\n\n\n<p>ACOSADOR Y VIOLENTO\u2026El director del Instituto Veracruzano de Vivienda, Hazael Flores Castro, busca librar una denuncia en su contra presentada por una trabajadora de su \u00e1rea, quien lo se\u00f1ala de violencia de g\u00e9nero, acoso y hostigamiento sexual desde el a\u00f1o 2022. El funcionario es amigo cercano del gobernador Cuitl\u00e1huac Garc\u00eda y de su primo Eleazar Guerrero, exsubsecretario de la Secretar\u00eda de Finanzas y Planeaci\u00f3n.<\/p>\n\n\n\n<p>La afectada cuenta con medidas de protecci\u00f3n, pero lo que busca es que se haga justicia en su caso. Se\u00f1ala que el \u00d3rgano Interno de Control de la Contralor\u00eda General del Estado, a pesar de las pruebas y declaraciones de testigos, emiti\u00f3 un acuerdo de conclusi\u00f3n y archivo del expediente de investigaci\u00f3n administrativa, porque el fin era exonerarlo y ante esta acci\u00f3n tuvo que recurrir a un amparo junto con una de sus testigos.<\/p>\n\n\n\n<p>En paralelo, fueron presentadas dos quejas ante la Comisi\u00f3n Estatal de Derechos Humanos que est\u00e1n en proceso de ser desahogadas y una denuncia ante la Fiscal\u00eda S\u00e9ptima Especializada en la Investigaci\u00f3n de Delitos de Violencia contra la Familia, Mujeres, Ni\u00f1as y Ni\u00f1os y Trata de Personas bajo el n\u00famero de carpeta XAL\/DXI\/FEMUJ\/F7\/1758\/2022.<\/p>\n\n\n\n<p>Mensajes y llamadas telef\u00f3nicas son parte de las pruebas que la afectada present\u00f3 y que est\u00e1n incluidas en la carpeta que tiene dos a\u00f1os estancada, a pesar de que en el estado de Veracruz hay una declaratoria oficial de Cero Tolerancia de Violencia contra las Mujeres. El agresor, en una gira por la ciudad de C\u00f3rdoba, forz\u00f3 a su subalterna a besarlo, lo que tambi\u00e9n est\u00e1 agregado en la denuncia. En este caso hay varios testigos, pero s\u00f3lo una persona ha testificado porque hay advertencias de despido.<\/p>\n\n\n\n<p>En un primer momento, la fiscal que lleva el caso le recomend\u00f3 a la v\u00edctima \u201cbuscar a su agresor y acordar con \u00e9l\u201d, lo cual es indebido porque la violencia de g\u00e9nero no es de mediaci\u00f3n. La afectada asegur\u00f3 que en reuni\u00f3n de abogados hicieron un acuerdo reparatorio en el que Hazael Flores le ofrec\u00eda una disculpa p\u00fablica, entre otros puntos que el funcionario no respet\u00f3 y por el contrario ha intensificado el hostigamiento a trav\u00e9s de su equipo cercano, pues la persiguen y amedrentan.<\/p>\n\n\n\n<p>El caso en la Fiscal\u00eda no avanza, en la Contralor\u00eda Interna tampoco porque, considera la denunciante, pesa m\u00e1s la influencia del superior que lo que ella pueda se\u00f1alar y aunque solicit\u00f3 que el caso se fuera al Tribunal de Justicia Administrativa, tambi\u00e9n se qued\u00f3 estancado porque la magistrada Diana Ar\u00f3stegui, quien est\u00e1 adscrita a la Ponencia III de la Sala Superior, es amiga cercana de Hazael Flores.<\/p>\n","protected":false},"excerpt":{"rendered":"<p>Oved Contreras Secas Mecas El \u00d3rgano de Fiscalizaci\u00f3n Superior (ORFIS) detect\u00f3 presuntas irregularidades en el gasto p\u00fablico de Radiotelevisi\u00f3n de Veracruz (RTV) durante la revisi\u00f3n de la Cuenta P\u00fablica del ejercicio fiscal 2023. La auditora general del ORFIS, Delia Gonz\u00e1lez Cobos, confirm\u00f3 que se encontraron irregularidades, pero no proporcion\u00f3 detalles. El ORFIS entregar\u00e1 el 1 [&hellip;]<\/p>\n","protected":false},"author":2,"featured_media":119816,"comment_status":"closed","ping_status":"closed","sticky":false,"template":"","format":"standard","meta":{"tdm_status":"","tdm_grid_status":"","footnotes":""},"categories":[70],"tags":[15181,13640,41737,8071,1026,135,3578,195],"class_list":{"0":"post-129619","1":"post","2":"type-post","3":"status-publish","4":"format-standard","5":"has-post-thumbnail","7":"category-de-opinion","8":"tag-delia-gonzalez-cobos","9":"tag-eleazar-guerrero","10":"tag-haziel-flores","11":"tag-invivienda","12":"tag-morena","13":"tag-orfis","14":"tag-rocio-nahle","15":"tag-veracruz"},"yoast_head":"<!-- This site is optimized with the Yoast SEO plugin v27.4 - https:\/\/yoast.com\/product\/yoast-seo-wordpress\/ -->\n<title>SE LES VIENE LA NOCHE! - Los pol\u00edticos Veracruz<\/title>\n<meta name=\"robots\" content=\"index, follow, max-snippet:-1, max-image-preview:large, max-video-preview:-1\" \/>\n<link rel=\"canonical\" href=\"https:\/\/lospoliticosveracruz.com\/?p=129619\" \/>\n<meta property=\"og:locale\" content=\"es_ES\" \/>\n<meta property=\"og:type\" content=\"article\" \/>\n<meta property=\"og:title\" content=\"SE LES VIENE LA NOCHE! - Los pol\u00edticos Veracruz\" \/>\n<meta property=\"og:description\" content=\"Oved Contreras Secas Mecas El \u00d3rgano de Fiscalizaci\u00f3n Superior (ORFIS) detect\u00f3 presuntas irregularidades en el gasto p\u00fablico de Radiotelevisi\u00f3n de Veracruz (RTV) durante la revisi\u00f3n de la Cuenta P\u00fablica del ejercicio fiscal 2023. La auditora general del ORFIS, Delia Gonz\u00e1lez Cobos, confirm\u00f3 que se encontraron irregularidades, pero no proporcion\u00f3 detalles. El ORFIS entregar\u00e1 el 1 [&hellip;]\" \/>\n<meta property=\"og:url\" content=\"https:\/\/lospoliticosveracruz.com\/?p=129619\" \/>\n<meta property=\"og:site_name\" content=\"Los pol\u00edticos Veracruz\" \/>\n<meta property=\"article:publisher\" content=\"https:\/\/www.facebook.com\/people\/Notimemes-de-los-Polticos\/61565672886568\/\" \/>\n<meta property=\"article:published_time\" content=\"2024-09-06T13:51:06+00:00\" \/>\n<meta property=\"article:modified_time\" content=\"2024-09-06T13:51:14+00:00\" \/>\n<meta property=\"og:image\" content=\"https:\/\/lospoliticosveracruz.com\/wp-content\/uploads\/2024\/03\/Oved-Contreras.jpg\" \/>\n\t<meta property=\"og:image:width\" content=\"1250\" \/>\n\t<meta property=\"og:image:height\" content=\"667\" \/>\n\t<meta property=\"og:image:type\" content=\"image\/jpeg\" \/>\n<meta name=\"author\" content=\"Lo viste en Los Pol\u00edticos\" \/>\n<meta name=\"twitter:card\" content=\"summary_large_image\" \/>\n<meta name=\"twitter:creator\" content=\"@LosPoliticosVer\" \/>\n<meta name=\"twitter:site\" content=\"@LosPoliticosVer\" \/>\n<meta name=\"twitter:label1\" content=\"Escrito por\" \/>\n\t<meta name=\"twitter:data1\" content=\"Lo viste en Los Pol\u00edticos\" \/>\n\t<meta name=\"twitter:label2\" content=\"Tiempo de lectura\" \/>\n\t<meta name=\"twitter:data2\" content=\"5 minutos\" \/>\n<script type=\"application\/ld+json\" class=\"yoast-schema-graph\">{\"@context\":\"https:\\\/\\\/schema.org\",\"@graph\":[{\"@type\":\"Article\",\"@id\":\"https:\\\/\\\/lospoliticosveracruz.com\\\/?p=129619#article\",\"isPartOf\":{\"@id\":\"https:\\\/\\\/lospoliticosveracruz.com\\\/?p=129619\"},\"author\":{\"name\":\"Lo viste en Los Pol\u00edticos\",\"@id\":\"https:\\\/\\\/lospoliticosveracruz.com\\\/#\\\/schema\\\/person\\\/b8702bb0e538456e6efd07080bf2a4a2\"},\"headline\":\"SE LES VIENE LA NOCHE!\",\"datePublished\":\"2024-09-06T13:51:06+00:00\",\"dateModified\":\"2024-09-06T13:51:14+00:00\",\"mainEntityOfPage\":{\"@id\":\"https:\\\/\\\/lospoliticosveracruz.com\\\/?p=129619\"},\"wordCount\":986,\"publisher\":{\"@id\":\"https:\\\/\\\/lospoliticosveracruz.com\\\/#organization\"},\"image\":{\"@id\":\"https:\\\/\\\/lospoliticosveracruz.com\\\/?p=129619#primaryimage\"},\"thumbnailUrl\":\"https:\\\/\\\/lospoliticosveracruz.com\\\/wp-content\\\/uploads\\\/2024\\\/03\\\/Oved-Contreras.jpg\",\"keywords\":[\"Delia Gonz\u00e1lez Cobos\",\"Eleazar Guerrero\",\"Haziel Flores\",\"Invivienda\",\"Morena\",\"Orfis\",\"Roc\u00edo Nahle\",\"Veracruz\"],\"articleSection\":[\"De Opini\u00f3n\"],\"inLanguage\":\"es\"},{\"@type\":\"WebPage\",\"@id\":\"https:\\\/\\\/lospoliticosveracruz.com\\\/?p=129619\",\"url\":\"https:\\\/\\\/lospoliticosveracruz.com\\\/?p=129619\",\"name\":\"SE LES VIENE LA NOCHE! - Los pol\u00edticos Veracruz\",\"isPartOf\":{\"@id\":\"https:\\\/\\\/lospoliticosveracruz.com\\\/#website\"},\"primaryImageOfPage\":{\"@id\":\"https:\\\/\\\/lospoliticosveracruz.com\\\/?p=129619#primaryimage\"},\"image\":{\"@id\":\"https:\\\/\\\/lospoliticosveracruz.com\\\/?p=129619#primaryimage\"},\"thumbnailUrl\":\"https:\\\/\\\/lospoliticosveracruz.com\\\/wp-content\\\/uploads\\\/2024\\\/03\\\/Oved-Contreras.jpg\",\"datePublished\":\"2024-09-06T13:51:06+00:00\",\"dateModified\":\"2024-09-06T13:51:14+00:00\",\"breadcrumb\":{\"@id\":\"https:\\\/\\\/lospoliticosveracruz.com\\\/?p=129619#breadcrumb\"},\"inLanguage\":\"es\",\"potentialAction\":[{\"@type\":\"ReadAction\",\"target\":[\"https:\\\/\\\/lospoliticosveracruz.com\\\/?p=129619\"]}]},{\"@type\":\"ImageObject\",\"inLanguage\":\"es\",\"@id\":\"https:\\\/\\\/lospoliticosveracruz.com\\\/?p=129619#primaryimage\",\"url\":\"https:\\\/\\\/lospoliticosveracruz.com\\\/wp-content\\\/uploads\\\/2024\\\/03\\\/Oved-Contreras.jpg\",\"contentUrl\":\"https:\\\/\\\/lospoliticosveracruz.com\\\/wp-content\\\/uploads\\\/2024\\\/03\\\/Oved-Contreras.jpg\",\"width\":1250,\"height\":667},{\"@type\":\"BreadcrumbList\",\"@id\":\"https:\\\/\\\/lospoliticosveracruz.com\\\/?p=129619#breadcrumb\",\"itemListElement\":[{\"@type\":\"ListItem\",\"position\":1,\"name\":\"Portada\",\"item\":\"https:\\\/\\\/lospoliticosveracruz.com\\\/\"},{\"@type\":\"ListItem\",\"position\":2,\"name\":\"SE LES VIENE LA NOCHE!\"}]},{\"@type\":\"WebSite\",\"@id\":\"https:\\\/\\\/lospoliticosveracruz.com\\\/#website\",\"url\":\"https:\\\/\\\/lospoliticosveracruz.com\\\/\",\"name\":\"Los pol\u00edticos Veracruz\",\"description\":\"\",\"publisher\":{\"@id\":\"https:\\\/\\\/lospoliticosveracruz.com\\\/#organization\"},\"potentialAction\":[{\"@type\":\"SearchAction\",\"target\":{\"@type\":\"EntryPoint\",\"urlTemplate\":\"https:\\\/\\\/lospoliticosveracruz.com\\\/?s={search_term_string}\"},\"query-input\":{\"@type\":\"PropertyValueSpecification\",\"valueRequired\":true,\"valueName\":\"search_term_string\"}}],\"inLanguage\":\"es\"},{\"@type\":\"Organization\",\"@id\":\"https:\\\/\\\/lospoliticosveracruz.com\\\/#organization\",\"name\":\"Los pol\u00edticos Veracruz\",\"url\":\"https:\\\/\\\/lospoliticosveracruz.com\\\/\",\"logo\":{\"@type\":\"ImageObject\",\"inLanguage\":\"es\",\"@id\":\"https:\\\/\\\/lospoliticosveracruz.com\\\/#\\\/schema\\\/logo\\\/image\\\/\",\"url\":\"https:\\\/\\\/lospoliticosveracruz.com\\\/wp-content\\\/uploads\\\/2025\\\/12\\\/Logo-Nuevo-LOS-POLITICOS-1.jpg\",\"contentUrl\":\"https:\\\/\\\/lospoliticosveracruz.com\\\/wp-content\\\/uploads\\\/2025\\\/12\\\/Logo-Nuevo-LOS-POLITICOS-1.jpg\",\"width\":260,\"height\":70,\"caption\":\"Los pol\u00edticos Veracruz\"},\"image\":{\"@id\":\"https:\\\/\\\/lospoliticosveracruz.com\\\/#\\\/schema\\\/logo\\\/image\\\/\"},\"sameAs\":[\"https:\\\/\\\/www.facebook.com\\\/people\\\/Notimemes-de-los-Polticos\\\/61565672886568\\\/\",\"https:\\\/\\\/x.com\\\/LosPoliticosVer\"]},{\"@type\":\"Person\",\"@id\":\"https:\\\/\\\/lospoliticosveracruz.com\\\/#\\\/schema\\\/person\\\/b8702bb0e538456e6efd07080bf2a4a2\",\"name\":\"Lo viste en Los Pol\u00edticos\",\"image\":{\"@type\":\"ImageObject\",\"inLanguage\":\"es\",\"@id\":\"https:\\\/\\\/secure.gravatar.com\\\/avatar\\\/3a8de04a2656d44082be478bd6c086daa447c4651605818287b9532d3d0bd435?s=96&d=mm&r=g\",\"url\":\"https:\\\/\\\/secure.gravatar.com\\\/avatar\\\/3a8de04a2656d44082be478bd6c086daa447c4651605818287b9532d3d0bd435?s=96&d=mm&r=g\",\"contentUrl\":\"https:\\\/\\\/secure.gravatar.com\\\/avatar\\\/3a8de04a2656d44082be478bd6c086daa447c4651605818287b9532d3d0bd435?s=96&d=mm&r=g\",\"caption\":\"Lo viste en Los Pol\u00edticos\"},\"url\":\"https:\\\/\\\/lospoliticosveracruz.com\\\/?author=2\"}]}<\/script>\n<!-- \/ Yoast SEO plugin. -->","yoast_head_json":{"title":"SE LES VIENE LA NOCHE! - Los pol\u00edticos Veracruz","robots":{"index":"index","follow":"follow","max-snippet":"max-snippet:-1","max-image-preview":"max-image-preview:large","max-video-preview":"max-video-preview:-1"},"canonical":"https:\/\/lospoliticosveracruz.com\/?p=129619","og_locale":"es_ES","og_type":"article","og_title":"SE LES VIENE LA NOCHE! - Los pol\u00edticos Veracruz","og_description":"Oved Contreras Secas Mecas El \u00d3rgano de Fiscalizaci\u00f3n Superior (ORFIS) detect\u00f3 presuntas irregularidades en el gasto p\u00fablico de Radiotelevisi\u00f3n de Veracruz (RTV) durante la revisi\u00f3n de la Cuenta P\u00fablica del ejercicio fiscal 2023. La auditora general del ORFIS, Delia Gonz\u00e1lez Cobos, confirm\u00f3 que se encontraron irregularidades, pero no proporcion\u00f3 detalles. El ORFIS entregar\u00e1 el 1 [&hellip;]","og_url":"https:\/\/lospoliticosveracruz.com\/?p=129619","og_site_name":"Los pol\u00edticos Veracruz","article_publisher":"https:\/\/www.facebook.com\/people\/Notimemes-de-los-Polticos\/61565672886568\/","article_published_time":"2024-09-06T13:51:06+00:00","article_modified_time":"2024-09-06T13:51:14+00:00","og_image":[{"width":1250,"height":667,"url":"https:\/\/lospoliticosveracruz.com\/wp-content\/uploads\/2024\/03\/Oved-Contreras.jpg","type":"image\/jpeg"}],"author":"Lo viste en Los Pol\u00edticos","twitter_card":"summary_large_image","twitter_creator":"@LosPoliticosVer","twitter_site":"@LosPoliticosVer","twitter_misc":{"Escrito por":"Lo viste en Los Pol\u00edticos","Tiempo de lectura":"5 minutos"},"schema":{"@context":"https:\/\/schema.org","@graph":[{"@type":"Article","@id":"https:\/\/lospoliticosveracruz.com\/?p=129619#article","isPartOf":{"@id":"https:\/\/lospoliticosveracruz.com\/?p=129619"},"author":{"name":"Lo viste en Los Pol\u00edticos","@id":"https:\/\/lospoliticosveracruz.com\/#\/schema\/person\/b8702bb0e538456e6efd07080bf2a4a2"},"headline":"SE LES VIENE LA NOCHE!","datePublished":"2024-09-06T13:51:06+00:00","dateModified":"2024-09-06T13:51:14+00:00","mainEntityOfPage":{"@id":"https:\/\/lospoliticosveracruz.com\/?p=129619"},"wordCount":986,"publisher":{"@id":"https:\/\/lospoliticosveracruz.com\/#organization"},"image":{"@id":"https:\/\/lospoliticosveracruz.com\/?p=129619#primaryimage"},"thumbnailUrl":"https:\/\/lospoliticosveracruz.com\/wp-content\/uploads\/2024\/03\/Oved-Contreras.jpg","keywords":["Delia Gonz\u00e1lez Cobos","Eleazar Guerrero","Haziel Flores","Invivienda","Morena","Orfis","Roc\u00edo Nahle","Veracruz"],"articleSection":["De Opini\u00f3n"],"inLanguage":"es"},{"@type":"WebPage","@id":"https:\/\/lospoliticosveracruz.com\/?p=129619","url":"https:\/\/lospoliticosveracruz.com\/?p=129619","name":"SE LES VIENE LA NOCHE! - Los pol\u00edticos Veracruz","isPartOf":{"@id":"https:\/\/lospoliticosveracruz.com\/#website"},"primaryImageOfPage":{"@id":"https:\/\/lospoliticosveracruz.com\/?p=129619#primaryimage"},"image":{"@id":"https:\/\/lospoliticosveracruz.com\/?p=129619#primaryimage"},"thumbnailUrl":"https:\/\/lospoliticosveracruz.com\/wp-content\/uploads\/2024\/03\/Oved-Contreras.jpg","datePublished":"2024-09-06T13:51:06+00:00","dateModified":"2024-09-06T13:51:14+00:00","breadcrumb":{"@id":"https:\/\/lospoliticosveracruz.com\/?p=129619#breadcrumb"},"inLanguage":"es","potentialAction":[{"@type":"ReadAction","target":["https:\/\/lospoliticosveracruz.com\/?p=129619"]}]},{"@type":"ImageObject","inLanguage":"es","@id":"https:\/\/lospoliticosveracruz.com\/?p=129619#primaryimage","url":"https:\/\/lospoliticosveracruz.com\/wp-content\/uploads\/2024\/03\/Oved-Contreras.jpg","contentUrl":"https:\/\/lospoliticosveracruz.com\/wp-content\/uploads\/2024\/03\/Oved-Contreras.jpg","width":1250,"height":667},{"@type":"BreadcrumbList","@id":"https:\/\/lospoliticosveracruz.com\/?p=129619#breadcrumb","itemListElement":[{"@type":"ListItem","position":1,"name":"Portada","item":"https:\/\/lospoliticosveracruz.com\/"},{"@type":"ListItem","position":2,"name":"SE LES VIENE LA NOCHE!"}]},{"@type":"WebSite","@id":"https:\/\/lospoliticosveracruz.com\/#website","url":"https:\/\/lospoliticosveracruz.com\/","name":"Los pol\u00edticos Veracruz","description":"","publisher":{"@id":"https:\/\/lospoliticosveracruz.com\/#organization"},"potentialAction":[{"@type":"SearchAction","target":{"@type":"EntryPoint","urlTemplate":"https:\/\/lospoliticosveracruz.com\/?s={search_term_string}"},"query-input":{"@type":"PropertyValueSpecification","valueRequired":true,"valueName":"search_term_string"}}],"inLanguage":"es"},{"@type":"Organization","@id":"https:\/\/lospoliticosveracruz.com\/#organization","name":"Los pol\u00edticos Veracruz","url":"https:\/\/lospoliticosveracruz.com\/","logo":{"@type":"ImageObject","inLanguage":"es","@id":"https:\/\/lospoliticosveracruz.com\/#\/schema\/logo\/image\/","url":"https:\/\/lospoliticosveracruz.com\/wp-content\/uploads\/2025\/12\/Logo-Nuevo-LOS-POLITICOS-1.jpg","contentUrl":"https:\/\/lospoliticosveracruz.com\/wp-content\/uploads\/2025\/12\/Logo-Nuevo-LOS-POLITICOS-1.jpg","width":260,"height":70,"caption":"Los pol\u00edticos Veracruz"},"image":{"@id":"https:\/\/lospoliticosveracruz.com\/#\/schema\/logo\/image\/"},"sameAs":["https:\/\/www.facebook.com\/people\/Notimemes-de-los-Polticos\/61565672886568\/","https:\/\/x.com\/LosPoliticosVer"]},{"@type":"Person","@id":"https:\/\/lospoliticosveracruz.com\/#\/schema\/person\/b8702bb0e538456e6efd07080bf2a4a2","name":"Lo viste en Los Pol\u00edticos","image":{"@type":"ImageObject","inLanguage":"es","@id":"https:\/\/secure.gravatar.com\/avatar\/3a8de04a2656d44082be478bd6c086daa447c4651605818287b9532d3d0bd435?s=96&d=mm&r=g","url":"https:\/\/secure.gravatar.com\/avatar\/3a8de04a2656d44082be478bd6c086daa447c4651605818287b9532d3d0bd435?s=96&d=mm&r=g","contentUrl":"https:\/\/secure.gravatar.com\/avatar\/3a8de04a2656d44082be478bd6c086daa447c4651605818287b9532d3d0bd435?s=96&d=mm&r=g","caption":"Lo viste en Los Pol\u00edticos"},"url":"https:\/\/lospoliticosveracruz.com\/?author=2"}]}},"_links":{"self":[{"href":"https:\/\/lospoliticosveracruz.com\/index.php?rest_route=\/wp\/v2\/posts\/129619","targetHints":{"allow":["GET"]}}],"collection":[{"href":"https:\/\/lospoliticosveracruz.com\/index.php?rest_route=\/wp\/v2\/posts"}],"about":[{"href":"https:\/\/lospoliticosveracruz.com\/index.php?rest_route=\/wp\/v2\/types\/post"}],"author":[{"embeddable":true,"href":"https:\/\/lospoliticosveracruz.com\/index.php?rest_route=\/wp\/v2\/users\/2"}],"replies":[{"embeddable":true,"href":"https:\/\/lospoliticosveracruz.com\/index.php?rest_route=%2Fwp%2Fv2%2Fcomments&post=129619"}],"version-history":[{"count":1,"href":"https:\/\/lospoliticosveracruz.com\/index.php?rest_route=\/wp\/v2\/posts\/129619\/revisions"}],"predecessor-version":[{"id":129620,"href":"https:\/\/lospoliticosveracruz.com\/index.php?rest_route=\/wp\/v2\/posts\/129619\/revisions\/129620"}],"wp:featuredmedia":[{"embeddable":true,"href":"https:\/\/lospoliticosveracruz.com\/index.php?rest_route=\/wp\/v2\/media\/119816"}],"wp:attachment":[{"href":"https:\/\/lospoliticosveracruz.com\/index.php?rest_route=%2Fwp%2Fv2%2Fmedia&parent=129619"}],"wp:term":[{"taxonomy":"category","embeddable":true,"href":"https:\/\/lospoliticosveracruz.com\/index.php?rest_route=%2Fwp%2Fv2%2Fcategories&post=129619"},{"taxonomy":"post_tag","embeddable":true,"href":"https:\/\/lospoliticosveracruz.com\/index.php?rest_route=%2Fwp%2Fv2%2Ftags&post=129619"}],"curies":[{"name":"wp","href":"https:\/\/api.w.org\/{rel}","templated":true}]}}