{"id":129621,"date":"2024-09-06T09:08:30","date_gmt":"2024-09-06T14:08:30","guid":{"rendered":"https:\/\/lospoliticosveracruz.com.mx\/?p=129621"},"modified":"2024-09-06T09:08:37","modified_gmt":"2024-09-06T14:08:37","slug":"cuando-el-odio-nos-alcanzo","status":"publish","type":"post","link":"https:\/\/lospoliticosveracruz.com\/?p=129621","title":{"rendered":"CUANDO EL ODIO NOS ALCANZ\u00d3"},"content":{"rendered":"\n<p><strong>Teresa Carbajal<br><\/strong><em>Debo, no niego; pago, lo justo<br><\/em><\/p>\n\n\n\n<p>Marchas, contramarchas, protestas, gritos, rostros de angustia, l\u00e1grimas; novatos en manifestaciones enfrent\u00e1ndose a vallados, antes detr\u00e1s de un escritorio por ser estudiantes de excelencia cuya vida se circunscrib\u00eda a las leyes, la Constituci\u00f3n y la Justicia, hoy, que se cierne sobre ellos la venganza del Dictador salen a las calles para convencer al pueblo que no son los malos de la historia.<\/p>\n\n\n\n<figure class=\"wp-block-image size-large\"><a href=\"https:\/\/lospoliticosveracruz.com.mx\/wp-content\/uploads\/2016\/07\/Seguro-Julio-Cerecedo-2.jpg\"><img decoding=\"async\" src=\"https:\/\/lospoliticosveracruz.com.mx\/wp-content\/uploads\/2016\/07\/Seguro-Julio-Cerecedo-2-1024x381.jpg\" alt=\"\" class=\"wp-image-105879\"\/><\/a><\/figure>\n\n\n\n<p><br>\u00bfY qu\u00e9 se han encontrado a su paso, en lugar de o\u00eddos y voluntad para el di\u00e1logo?, cerraz\u00f3n y represi\u00f3n. Pues el orador y narrador oficial de la historia, que se ha encaprichado con la destrucci\u00f3n del \u00fanico moderador a sus arbitrariedades les ha volteado todo.<br>No falta el que dice, que la reforma judicial es buena porque se acabar\u00e1n los jueces corruptos; \u00bfseguro?, qu\u00e9 parte del proceso de selecci\u00f3n de los nuevos impartidores de Justicia, int\u00e9rpretes de la Constituci\u00f3n -que est\u00e1 a horas de aprobarse- nos garantiza que eso suceder\u00e1.<br>Los inconformes apelan al Pueblo, y nos dicen, que todo es un malentendido y que si nos informamos, seguro esa reforma no pasar\u00e1, \u00a1vaya ingenuidad! No es el pueblo quien est\u00e1 a cargo de la organizaci\u00f3n ni de la aprobaci\u00f3n de esta necedad.<br>Son los representantes populares quienes est\u00e1n traicionando su encomienda como legisladores, pues han vendido lo que les quedaba de dignidad para hacer realidad los deseos del Dictador.<br>Su ignorancia les hace repetir como loros el discurso que se les pidi\u00f3 reproducir, aunque no entiendan lo que con ello van a provocar, pensar\u00e1n seguro, que a ellos no los alcanzar\u00e1n las consecuencias de sus actos, es mentira. Todos sufriremos las consecuencias de la destrucci\u00f3n del sistema de impartici\u00f3n de justicia.<br>Voces externas con autoridad, nos han advertido de las consecuencias de no pensar en una correcta y completa forma de resolver el problema de injusticias en nuestro pa\u00eds.<br>El voto popular no es, ni ser\u00e1 la soluci\u00f3n a lo que a todos nos duele que son las injusticias, los jueces no necesitan ser populares, necesitan ser buenos jueces, hacer lo que les encomiendan las leyes.<br>Si hubo un poder no mancillado, que se dio a respetar por sus decisiones y una aspiraci\u00f3n estudiantil de muchos j\u00f3venes universitarios en formaci\u00f3n fue la judicatura federal.<br>En donde para llegar, ten\u00edan que estudiar en serio, no en serie, hab\u00eda que ser muy disciplinado y decidido a dejar ah\u00ed su vida y su tiempo completo, dedicarse a su formaci\u00f3n, tomar cuantos cursos fueran necesarios y pasar los ex\u00e1menes.<br>No por ello quiere decir que fueran inmaculados; como abogados y como justiciables hemos vivido en carne propia la \u201cjurisprudentitis\u201d que les dio en los \u00faltimos a\u00f1os, y uno que otro rev\u00e9s en los criterios, que buscaban debido a su excesiva carga de trabajo desechar lo que fuera, argumentando a veces hasta que no era la firma del Quejoso la que calzaba el escrito. Es cierto.<br>Pero tambi\u00e9n hubo muchos momentos gloriosos en donde a trav\u00e9s del amparo logramos sentir el abrazo de la Constituci\u00f3n y el sabernos seguros, protegidos y defendidos ante el arbitrario y el poderoso. Otras veces sorprendidos, por una impecable aplicaci\u00f3n de la norma que nos dejaba con la boca abierta ante tan superior y profundo estudio.<br>La exigencia de una preparaci\u00f3n constante y seria para poder interponer un amparo, fue motivada precisamente por hacer y llevar una mejor defensa ante esos tribunales. Hoy esos defensores de la ley, se enfrentan en las calles cuerpo a cuerpo con la fuerza p\u00fablica, quienes, con escudos y toletes, los repelen lastimando sus cuerpos.<br>Quienes antes fueron \u201cla autoridad\u201d amparadora, hoy no encuentra ni amparo ni consuelo.<br>Ayer que daba la vuelta al pa\u00eds la imagen del Magistrado De Alba en el piso despu\u00e9s de ser agredido, record\u00e9 aquellos d\u00edas oscuros y desolados por una incontenible ola de desalojos, en donde los Barzonistas en cadenas humanas y cantando el himno nacional, temblando de miedo, pero levantados por el orgullo y hermanados en el apoyo al compa\u00f1ero que iba a ser desalojado resist\u00edamos la presencia de la fuerza p\u00fablica.<br>M\u00e1s de trescientos polic\u00edas nos enviaban, peor que delincuentes. Por eso sabemos lo que se siente, por eso sabemos que ninguna reforma si es benigna se justifica atropellando a nadie, enga\u00f1ando a los que desconocen el tema, y mucho menos cerr\u00e1ndose al di\u00e1logo. Es triste, pero por ahora estamos en manos de los legisladores, a quienes les pedimos que no nos fallen, que no se vendan, y que sean fieles a la labor que tienen encomendada.<br>\u00danase ya, a la Jornada Estatal para la Defensa del Patrimonio Familiar 2281148502 visite www.elbarzonrc.org Contacte elbarzonrc@yahoo.com.mx, O s\u00edgame en @terecarbajal<\/p>\n","protected":false},"excerpt":{"rendered":"<p>Teresa CarbajalDebo, no niego; pago, lo justo Marchas, contramarchas, protestas, gritos, rostros de angustia, l\u00e1grimas; novatos en manifestaciones enfrent\u00e1ndose a vallados, antes detr\u00e1s de un escritorio por ser estudiantes de excelencia cuya vida se circunscrib\u00eda a las leyes, la Constituci\u00f3n y la Justicia, hoy, que se cierne sobre ellos la venganza del Dictador salen a [&hellip;]<\/p>\n","protected":false},"author":2,"featured_media":119935,"comment_status":"closed","ping_status":"closed","sticky":false,"template":"","format":"standard","meta":{"tdm_status":"","tdm_grid_status":"","footnotes":""},"categories":[70],"tags":[41304,15570],"class_list":{"0":"post-129621","1":"post","2":"type-post","3":"status-publish","4":"format-standard","5":"has-post-thumbnail","7":"category-de-opinion","8":"tag-reforma-judicial","9":"tag-teresa-carbajal"},"yoast_head":"<!-- This site is optimized with the Yoast SEO plugin v27.4 - https:\/\/yoast.com\/product\/yoast-seo-wordpress\/ -->\n<title>CUANDO EL ODIO NOS ALCANZ\u00d3 - Los pol\u00edticos Veracruz<\/title>\n<meta name=\"robots\" content=\"index, follow, max-snippet:-1, max-image-preview:large, max-video-preview:-1\" \/>\n<link rel=\"canonical\" href=\"https:\/\/lospoliticosveracruz.com\/?p=129621\" \/>\n<meta property=\"og:locale\" content=\"es_ES\" \/>\n<meta property=\"og:type\" content=\"article\" \/>\n<meta property=\"og:title\" content=\"CUANDO EL ODIO NOS ALCANZ\u00d3 - Los pol\u00edticos Veracruz\" \/>\n<meta property=\"og:description\" content=\"Teresa CarbajalDebo, no niego; pago, lo justo Marchas, contramarchas, protestas, gritos, rostros de angustia, l\u00e1grimas; novatos en manifestaciones enfrent\u00e1ndose a vallados, antes detr\u00e1s de un escritorio por ser estudiantes de excelencia cuya vida se circunscrib\u00eda a las leyes, la Constituci\u00f3n y la Justicia, hoy, que se cierne sobre ellos la venganza del Dictador salen a [&hellip;]\" \/>\n<meta property=\"og:url\" content=\"https:\/\/lospoliticosveracruz.com\/?p=129621\" \/>\n<meta property=\"og:site_name\" content=\"Los pol\u00edticos Veracruz\" \/>\n<meta property=\"article:publisher\" content=\"https:\/\/www.facebook.com\/people\/Notimemes-de-los-Polticos\/61565672886568\/\" \/>\n<meta property=\"article:published_time\" content=\"2024-09-06T14:08:30+00:00\" \/>\n<meta property=\"article:modified_time\" content=\"2024-09-06T14:08:37+00:00\" \/>\n<meta property=\"og:image\" content=\"https:\/\/lospoliticosveracruz.com\/wp-content\/uploads\/2024\/03\/Teresa-Carbajal.jpg\" \/>\n\t<meta property=\"og:image:width\" content=\"1250\" \/>\n\t<meta property=\"og:image:height\" content=\"667\" \/>\n\t<meta property=\"og:image:type\" content=\"image\/jpeg\" \/>\n<meta name=\"author\" content=\"Lo viste en Los Pol\u00edticos\" \/>\n<meta name=\"twitter:card\" content=\"summary_large_image\" \/>\n<meta name=\"twitter:creator\" content=\"@LosPoliticosVer\" \/>\n<meta name=\"twitter:site\" content=\"@LosPoliticosVer\" \/>\n<meta name=\"twitter:label1\" content=\"Escrito por\" \/>\n\t<meta name=\"twitter:data1\" content=\"Lo viste en Los Pol\u00edticos\" \/>\n\t<meta name=\"twitter:label2\" content=\"Tiempo de lectura\" \/>\n\t<meta name=\"twitter:data2\" content=\"4 minutos\" \/>\n<script type=\"application\/ld+json\" class=\"yoast-schema-graph\">{\"@context\":\"https:\\\/\\\/schema.org\",\"@graph\":[{\"@type\":\"Article\",\"@id\":\"https:\\\/\\\/lospoliticosveracruz.com\\\/?p=129621#article\",\"isPartOf\":{\"@id\":\"https:\\\/\\\/lospoliticosveracruz.com\\\/?p=129621\"},\"author\":{\"name\":\"Lo viste en Los Pol\u00edticos\",\"@id\":\"https:\\\/\\\/lospoliticosveracruz.com\\\/#\\\/schema\\\/person\\\/b8702bb0e538456e6efd07080bf2a4a2\"},\"headline\":\"CUANDO EL ODIO NOS ALCANZ\u00d3\",\"datePublished\":\"2024-09-06T14:08:30+00:00\",\"dateModified\":\"2024-09-06T14:08:37+00:00\",\"mainEntityOfPage\":{\"@id\":\"https:\\\/\\\/lospoliticosveracruz.com\\\/?p=129621\"},\"wordCount\":832,\"publisher\":{\"@id\":\"https:\\\/\\\/lospoliticosveracruz.com\\\/#organization\"},\"image\":{\"@id\":\"https:\\\/\\\/lospoliticosveracruz.com\\\/?p=129621#primaryimage\"},\"thumbnailUrl\":\"https:\\\/\\\/lospoliticosveracruz.com\\\/wp-content\\\/uploads\\\/2024\\\/03\\\/Teresa-Carbajal.jpg\",\"keywords\":[\"Reforma Judicial\",\"Teresa Carbajal\"],\"articleSection\":[\"De Opini\u00f3n\"],\"inLanguage\":\"es\"},{\"@type\":\"WebPage\",\"@id\":\"https:\\\/\\\/lospoliticosveracruz.com\\\/?p=129621\",\"url\":\"https:\\\/\\\/lospoliticosveracruz.com\\\/?p=129621\",\"name\":\"CUANDO EL ODIO NOS ALCANZ\u00d3 - Los pol\u00edticos Veracruz\",\"isPartOf\":{\"@id\":\"https:\\\/\\\/lospoliticosveracruz.com\\\/#website\"},\"primaryImageOfPage\":{\"@id\":\"https:\\\/\\\/lospoliticosveracruz.com\\\/?p=129621#primaryimage\"},\"image\":{\"@id\":\"https:\\\/\\\/lospoliticosveracruz.com\\\/?p=129621#primaryimage\"},\"thumbnailUrl\":\"https:\\\/\\\/lospoliticosveracruz.com\\\/wp-content\\\/uploads\\\/2024\\\/03\\\/Teresa-Carbajal.jpg\",\"datePublished\":\"2024-09-06T14:08:30+00:00\",\"dateModified\":\"2024-09-06T14:08:37+00:00\",\"breadcrumb\":{\"@id\":\"https:\\\/\\\/lospoliticosveracruz.com\\\/?p=129621#breadcrumb\"},\"inLanguage\":\"es\",\"potentialAction\":[{\"@type\":\"ReadAction\",\"target\":[\"https:\\\/\\\/lospoliticosveracruz.com\\\/?p=129621\"]}]},{\"@type\":\"ImageObject\",\"inLanguage\":\"es\",\"@id\":\"https:\\\/\\\/lospoliticosveracruz.com\\\/?p=129621#primaryimage\",\"url\":\"https:\\\/\\\/lospoliticosveracruz.com\\\/wp-content\\\/uploads\\\/2024\\\/03\\\/Teresa-Carbajal.jpg\",\"contentUrl\":\"https:\\\/\\\/lospoliticosveracruz.com\\\/wp-content\\\/uploads\\\/2024\\\/03\\\/Teresa-Carbajal.jpg\",\"width\":1250,\"height\":667},{\"@type\":\"BreadcrumbList\",\"@id\":\"https:\\\/\\\/lospoliticosveracruz.com\\\/?p=129621#breadcrumb\",\"itemListElement\":[{\"@type\":\"ListItem\",\"position\":1,\"name\":\"Portada\",\"item\":\"https:\\\/\\\/lospoliticosveracruz.com\\\/\"},{\"@type\":\"ListItem\",\"position\":2,\"name\":\"CUANDO EL ODIO NOS ALCANZ\u00d3\"}]},{\"@type\":\"WebSite\",\"@id\":\"https:\\\/\\\/lospoliticosveracruz.com\\\/#website\",\"url\":\"https:\\\/\\\/lospoliticosveracruz.com\\\/\",\"name\":\"Los pol\u00edticos Veracruz\",\"description\":\"\",\"publisher\":{\"@id\":\"https:\\\/\\\/lospoliticosveracruz.com\\\/#organization\"},\"potentialAction\":[{\"@type\":\"SearchAction\",\"target\":{\"@type\":\"EntryPoint\",\"urlTemplate\":\"https:\\\/\\\/lospoliticosveracruz.com\\\/?s={search_term_string}\"},\"query-input\":{\"@type\":\"PropertyValueSpecification\",\"valueRequired\":true,\"valueName\":\"search_term_string\"}}],\"inLanguage\":\"es\"},{\"@type\":\"Organization\",\"@id\":\"https:\\\/\\\/lospoliticosveracruz.com\\\/#organization\",\"name\":\"Los pol\u00edticos Veracruz\",\"url\":\"https:\\\/\\\/lospoliticosveracruz.com\\\/\",\"logo\":{\"@type\":\"ImageObject\",\"inLanguage\":\"es\",\"@id\":\"https:\\\/\\\/lospoliticosveracruz.com\\\/#\\\/schema\\\/logo\\\/image\\\/\",\"url\":\"https:\\\/\\\/lospoliticosveracruz.com\\\/wp-content\\\/uploads\\\/2025\\\/12\\\/Logo-Nuevo-LOS-POLITICOS-1.jpg\",\"contentUrl\":\"https:\\\/\\\/lospoliticosveracruz.com\\\/wp-content\\\/uploads\\\/2025\\\/12\\\/Logo-Nuevo-LOS-POLITICOS-1.jpg\",\"width\":260,\"height\":70,\"caption\":\"Los pol\u00edticos Veracruz\"},\"image\":{\"@id\":\"https:\\\/\\\/lospoliticosveracruz.com\\\/#\\\/schema\\\/logo\\\/image\\\/\"},\"sameAs\":[\"https:\\\/\\\/www.facebook.com\\\/people\\\/Notimemes-de-los-Polticos\\\/61565672886568\\\/\",\"https:\\\/\\\/x.com\\\/LosPoliticosVer\"]},{\"@type\":\"Person\",\"@id\":\"https:\\\/\\\/lospoliticosveracruz.com\\\/#\\\/schema\\\/person\\\/b8702bb0e538456e6efd07080bf2a4a2\",\"name\":\"Lo viste en Los Pol\u00edticos\",\"image\":{\"@type\":\"ImageObject\",\"inLanguage\":\"es\",\"@id\":\"https:\\\/\\\/secure.gravatar.com\\\/avatar\\\/3a8de04a2656d44082be478bd6c086daa447c4651605818287b9532d3d0bd435?s=96&d=mm&r=g\",\"url\":\"https:\\\/\\\/secure.gravatar.com\\\/avatar\\\/3a8de04a2656d44082be478bd6c086daa447c4651605818287b9532d3d0bd435?s=96&d=mm&r=g\",\"contentUrl\":\"https:\\\/\\\/secure.gravatar.com\\\/avatar\\\/3a8de04a2656d44082be478bd6c086daa447c4651605818287b9532d3d0bd435?s=96&d=mm&r=g\",\"caption\":\"Lo viste en Los Pol\u00edticos\"},\"url\":\"https:\\\/\\\/lospoliticosveracruz.com\\\/?author=2\"}]}<\/script>\n<!-- \/ Yoast SEO plugin. -->","yoast_head_json":{"title":"CUANDO EL ODIO NOS ALCANZ\u00d3 - Los pol\u00edticos Veracruz","robots":{"index":"index","follow":"follow","max-snippet":"max-snippet:-1","max-image-preview":"max-image-preview:large","max-video-preview":"max-video-preview:-1"},"canonical":"https:\/\/lospoliticosveracruz.com\/?p=129621","og_locale":"es_ES","og_type":"article","og_title":"CUANDO EL ODIO NOS ALCANZ\u00d3 - Los pol\u00edticos Veracruz","og_description":"Teresa CarbajalDebo, no niego; pago, lo justo Marchas, contramarchas, protestas, gritos, rostros de angustia, l\u00e1grimas; novatos en manifestaciones enfrent\u00e1ndose a vallados, antes detr\u00e1s de un escritorio por ser estudiantes de excelencia cuya vida se circunscrib\u00eda a las leyes, la Constituci\u00f3n y la Justicia, hoy, que se cierne sobre ellos la venganza del Dictador salen a [&hellip;]","og_url":"https:\/\/lospoliticosveracruz.com\/?p=129621","og_site_name":"Los pol\u00edticos Veracruz","article_publisher":"https:\/\/www.facebook.com\/people\/Notimemes-de-los-Polticos\/61565672886568\/","article_published_time":"2024-09-06T14:08:30+00:00","article_modified_time":"2024-09-06T14:08:37+00:00","og_image":[{"width":1250,"height":667,"url":"https:\/\/lospoliticosveracruz.com\/wp-content\/uploads\/2024\/03\/Teresa-Carbajal.jpg","type":"image\/jpeg"}],"author":"Lo viste en Los Pol\u00edticos","twitter_card":"summary_large_image","twitter_creator":"@LosPoliticosVer","twitter_site":"@LosPoliticosVer","twitter_misc":{"Escrito por":"Lo viste en Los Pol\u00edticos","Tiempo de lectura":"4 minutos"},"schema":{"@context":"https:\/\/schema.org","@graph":[{"@type":"Article","@id":"https:\/\/lospoliticosveracruz.com\/?p=129621#article","isPartOf":{"@id":"https:\/\/lospoliticosveracruz.com\/?p=129621"},"author":{"name":"Lo viste en Los Pol\u00edticos","@id":"https:\/\/lospoliticosveracruz.com\/#\/schema\/person\/b8702bb0e538456e6efd07080bf2a4a2"},"headline":"CUANDO EL ODIO NOS ALCANZ\u00d3","datePublished":"2024-09-06T14:08:30+00:00","dateModified":"2024-09-06T14:08:37+00:00","mainEntityOfPage":{"@id":"https:\/\/lospoliticosveracruz.com\/?p=129621"},"wordCount":832,"publisher":{"@id":"https:\/\/lospoliticosveracruz.com\/#organization"},"image":{"@id":"https:\/\/lospoliticosveracruz.com\/?p=129621#primaryimage"},"thumbnailUrl":"https:\/\/lospoliticosveracruz.com\/wp-content\/uploads\/2024\/03\/Teresa-Carbajal.jpg","keywords":["Reforma Judicial","Teresa Carbajal"],"articleSection":["De Opini\u00f3n"],"inLanguage":"es"},{"@type":"WebPage","@id":"https:\/\/lospoliticosveracruz.com\/?p=129621","url":"https:\/\/lospoliticosveracruz.com\/?p=129621","name":"CUANDO EL ODIO NOS ALCANZ\u00d3 - Los pol\u00edticos Veracruz","isPartOf":{"@id":"https:\/\/lospoliticosveracruz.com\/#website"},"primaryImageOfPage":{"@id":"https:\/\/lospoliticosveracruz.com\/?p=129621#primaryimage"},"image":{"@id":"https:\/\/lospoliticosveracruz.com\/?p=129621#primaryimage"},"thumbnailUrl":"https:\/\/lospoliticosveracruz.com\/wp-content\/uploads\/2024\/03\/Teresa-Carbajal.jpg","datePublished":"2024-09-06T14:08:30+00:00","dateModified":"2024-09-06T14:08:37+00:00","breadcrumb":{"@id":"https:\/\/lospoliticosveracruz.com\/?p=129621#breadcrumb"},"inLanguage":"es","potentialAction":[{"@type":"ReadAction","target":["https:\/\/lospoliticosveracruz.com\/?p=129621"]}]},{"@type":"ImageObject","inLanguage":"es","@id":"https:\/\/lospoliticosveracruz.com\/?p=129621#primaryimage","url":"https:\/\/lospoliticosveracruz.com\/wp-content\/uploads\/2024\/03\/Teresa-Carbajal.jpg","contentUrl":"https:\/\/lospoliticosveracruz.com\/wp-content\/uploads\/2024\/03\/Teresa-Carbajal.jpg","width":1250,"height":667},{"@type":"BreadcrumbList","@id":"https:\/\/lospoliticosveracruz.com\/?p=129621#breadcrumb","itemListElement":[{"@type":"ListItem","position":1,"name":"Portada","item":"https:\/\/lospoliticosveracruz.com\/"},{"@type":"ListItem","position":2,"name":"CUANDO EL ODIO NOS ALCANZ\u00d3"}]},{"@type":"WebSite","@id":"https:\/\/lospoliticosveracruz.com\/#website","url":"https:\/\/lospoliticosveracruz.com\/","name":"Los pol\u00edticos Veracruz","description":"","publisher":{"@id":"https:\/\/lospoliticosveracruz.com\/#organization"},"potentialAction":[{"@type":"SearchAction","target":{"@type":"EntryPoint","urlTemplate":"https:\/\/lospoliticosveracruz.com\/?s={search_term_string}"},"query-input":{"@type":"PropertyValueSpecification","valueRequired":true,"valueName":"search_term_string"}}],"inLanguage":"es"},{"@type":"Organization","@id":"https:\/\/lospoliticosveracruz.com\/#organization","name":"Los pol\u00edticos Veracruz","url":"https:\/\/lospoliticosveracruz.com\/","logo":{"@type":"ImageObject","inLanguage":"es","@id":"https:\/\/lospoliticosveracruz.com\/#\/schema\/logo\/image\/","url":"https:\/\/lospoliticosveracruz.com\/wp-content\/uploads\/2025\/12\/Logo-Nuevo-LOS-POLITICOS-1.jpg","contentUrl":"https:\/\/lospoliticosveracruz.com\/wp-content\/uploads\/2025\/12\/Logo-Nuevo-LOS-POLITICOS-1.jpg","width":260,"height":70,"caption":"Los pol\u00edticos Veracruz"},"image":{"@id":"https:\/\/lospoliticosveracruz.com\/#\/schema\/logo\/image\/"},"sameAs":["https:\/\/www.facebook.com\/people\/Notimemes-de-los-Polticos\/61565672886568\/","https:\/\/x.com\/LosPoliticosVer"]},{"@type":"Person","@id":"https:\/\/lospoliticosveracruz.com\/#\/schema\/person\/b8702bb0e538456e6efd07080bf2a4a2","name":"Lo viste en Los Pol\u00edticos","image":{"@type":"ImageObject","inLanguage":"es","@id":"https:\/\/secure.gravatar.com\/avatar\/3a8de04a2656d44082be478bd6c086daa447c4651605818287b9532d3d0bd435?s=96&d=mm&r=g","url":"https:\/\/secure.gravatar.com\/avatar\/3a8de04a2656d44082be478bd6c086daa447c4651605818287b9532d3d0bd435?s=96&d=mm&r=g","contentUrl":"https:\/\/secure.gravatar.com\/avatar\/3a8de04a2656d44082be478bd6c086daa447c4651605818287b9532d3d0bd435?s=96&d=mm&r=g","caption":"Lo viste en Los Pol\u00edticos"},"url":"https:\/\/lospoliticosveracruz.com\/?author=2"}]}},"_links":{"self":[{"href":"https:\/\/lospoliticosveracruz.com\/index.php?rest_route=\/wp\/v2\/posts\/129621","targetHints":{"allow":["GET"]}}],"collection":[{"href":"https:\/\/lospoliticosveracruz.com\/index.php?rest_route=\/wp\/v2\/posts"}],"about":[{"href":"https:\/\/lospoliticosveracruz.com\/index.php?rest_route=\/wp\/v2\/types\/post"}],"author":[{"embeddable":true,"href":"https:\/\/lospoliticosveracruz.com\/index.php?rest_route=\/wp\/v2\/users\/2"}],"replies":[{"embeddable":true,"href":"https:\/\/lospoliticosveracruz.com\/index.php?rest_route=%2Fwp%2Fv2%2Fcomments&post=129621"}],"version-history":[{"count":1,"href":"https:\/\/lospoliticosveracruz.com\/index.php?rest_route=\/wp\/v2\/posts\/129621\/revisions"}],"predecessor-version":[{"id":129622,"href":"https:\/\/lospoliticosveracruz.com\/index.php?rest_route=\/wp\/v2\/posts\/129621\/revisions\/129622"}],"wp:featuredmedia":[{"embeddable":true,"href":"https:\/\/lospoliticosveracruz.com\/index.php?rest_route=\/wp\/v2\/media\/119935"}],"wp:attachment":[{"href":"https:\/\/lospoliticosveracruz.com\/index.php?rest_route=%2Fwp%2Fv2%2Fmedia&parent=129621"}],"wp:term":[{"taxonomy":"category","embeddable":true,"href":"https:\/\/lospoliticosveracruz.com\/index.php?rest_route=%2Fwp%2Fv2%2Fcategories&post=129621"},{"taxonomy":"post_tag","embeddable":true,"href":"https:\/\/lospoliticosveracruz.com\/index.php?rest_route=%2Fwp%2Fv2%2Ftags&post=129621"}],"curies":[{"name":"wp","href":"https:\/\/api.w.org\/{rel}","templated":true}]}}