{"id":129625,"date":"2024-09-06T11:04:33","date_gmt":"2024-09-06T16:04:33","guid":{"rendered":"https:\/\/lospoliticosveracruz.com.mx\/?p=129625"},"modified":"2024-09-06T11:04:48","modified_gmt":"2024-09-06T16:04:48","slug":"iglesia-no-predica-con-el-ejemplo","status":"publish","type":"post","link":"https:\/\/lospoliticosveracruz.com\/?p=129625","title":{"rendered":"IGLESIA NO PREDICA CON EL EJEMPLO"},"content":{"rendered":"\n<p><strong>Fanny Y\u00e9pez<\/strong><\/p>\n\n\n\n<p><em>La Columna<\/em><\/p>\n\n\n\n<p>Seg\u00fan datos de la Secretaria de Gobernaci\u00f3n actualmente hay en M\u00e9xico, nueve mil 466 asociaciones religiosas que se encuentran registradas ante la Direcci\u00f3n General de Asuntos Religiosos.<\/p>\n\n\n\n<p>Lo interesante del asunto es que de casi 10 mil asociaciones religiosas que operan en este pa\u00eds,\u00a0\u00a0solo la iglesia cat\u00f3lica es la que se ha inmiscuido en temas pol\u00edticos las dem\u00e1s instituciones han sido respetuosas y se han reservado sus opiniones al respeta .\u00a0<\/p>\n\n\n\n<p>Para entrar en contexto es necesario precisar que el art\u00edculo 130 constitucional se\u00f1ala que el principio hist\u00f3rico de la separaci\u00f3n del Estado y las iglesias orienta las normas contenidas en el presente apartado. Las iglesias y dem\u00e1s agrupaciones religiosas se sujetar\u00e1n a la ley.<\/p>\n\n\n\n<p>El mismo art\u00edculo indica que \u201cLos ministros no podr\u00e1n asociarse con fines pol\u00edticos ni realizar proselitismo a favor o en contra de candidato, partido o asociaci\u00f3n pol\u00edtica alguna. Tampoco podr\u00e1n en reuni\u00f3n p\u00fablica, en actos del culto o de propaganda religiosa, ni en publicaciones de car\u00e1cter religioso, oponerse a las leyes del pa\u00eds o a sus instituciones, ni agraviar, de cualquier forma, los s\u00edmbolos patrios.<\/p>\n\n\n\n<p>Queda estrictamente prohibida la formaci\u00f3n de toda clase de agrupaciones pol\u00edticas cuyo t\u00edtulo tenga alguna palabra o indicaci\u00f3n cualquiera que la relacione con alguna confesi\u00f3n religiosa. No podr\u00e1n celebrarse en los templos reuniones de car\u00e1cter pol\u00edtico\u201d.<\/p>\n\n\n\n<p>En la pasada contienda electoral en redes sociales se difundieron varios videos donde los sacerdotes,&nbsp;&nbsp;obispos y dem\u00e1s ministros religiosos de la iglesia cat\u00f3lica utilizaron el pulpito para arengar a favor de partidos pol\u00edticos y candidatos&nbsp; &nbsp; &nbsp; &nbsp;<\/p>\n\n\n\n<p>Resulta que este jueves la Conferencia del Episcopado Mexicano violando el art\u00edculo 130 Constitucional, lanzo un comunicado donde asegura que la Reforma Judicial no garantiza una mejor impartici\u00f3n de justicia en el pa\u00eds y solo afectar\u00e1 la autonom\u00eda de dicho organismo.<\/p>\n\n\n\n<p>El CEM haciendo a un lado su posici\u00f3n espiritual y religiosa, una vez m\u00e1s se inmiscuyo en un tema pol\u00edtico y lanzo un comunicado sobre la Reforma Judicial.&nbsp; &nbsp;<\/p>\n\n\n\n<p>\u201cPedimos que se escuche el punto de vista de los integrantes del Poder Judicial de la Federaci\u00f3n, a los Jueces y Magistrados, ministros y ministras. Y alentamos a continuar las reflexiones de colegios de abogados, estudiantes y profesionistas en las que coinciden con distintos organismos internacionales\u201d.<\/p>\n\n\n\n<p>\u201cLa propuesta de reforma impulsada por el Ejecutivo no responde a una revisi\u00f3n integral del sistema judicial, ni garantiza una mejor y m\u00e1s cualificada impartici\u00f3n de justicia, m\u00e1s a\u00fan, afecta la autonom\u00eda del Poder Judicial y pone en entredicho la divisi\u00f3n de poderes\u201d, asever\u00f3 la Conferencia Episcopal.<\/p>\n\n\n\n<p>Esto revela que los purpurados est\u00e1n m\u00e1s preocupados y ocupados en temas pol\u00edticos terrenales, que espirituales. Hicieron a un lado los preceptos de DIOS. Que delicada&nbsp;&nbsp;esta postura que contravienen los c\u00e1nones que rigen a la iglesia cat\u00f3lica. Ojala los prelados no les est\u00e9n mintiendo a la feligres\u00eda.&nbsp; &nbsp; &nbsp;<\/p>\n\n\n\n<p>Creo que los purpurados deben predicar con el ejemplo, cobran por proporcionar todos los sacramentos, hasta por&nbsp;&nbsp;escucha la confesi\u00f3n una confesi\u00f3n se han mercantilizado. Comercializan la palabra de Dios. Que lamentable .&nbsp; &nbsp; &nbsp; &nbsp; &nbsp; &nbsp; &nbsp;<\/p>\n\n\n\n<p>Quiz\u00e1s por esta situaci\u00f3n las primeras cifras que llamaron m\u00e1s la atenci\u00f3n en materia de religi\u00f3n fueron las comparaciones entre 2010 y 2020: un menor porcentaje de fieles de la iglesia cat\u00f3lica (de 82.7 a 77.7\u202f%), un mayor porcentaje de fieles de las iglesias protestantes y evang\u00e9licas (de 7.5 a 11.2\u202f%) y, sobre todo, un mayor porcentaje de personas sin religi\u00f3n (de 4.7 a 8.1\u202f%, con un 2.5 adicional de personas sin adscripci\u00f3n religiosa. .<\/p>\n","protected":false},"excerpt":{"rendered":"<p>Fanny Y\u00e9pez La Columna Seg\u00fan datos de la Secretaria de Gobernaci\u00f3n actualmente hay en M\u00e9xico, nueve mil 466 asociaciones religiosas que se encuentran registradas ante la Direcci\u00f3n General de Asuntos Religiosos. Lo interesante del asunto es que de casi 10 mil asociaciones religiosas que operan en este pa\u00eds,\u00a0\u00a0solo la iglesia cat\u00f3lica es la que se [&hellip;]<\/p>\n","protected":false},"author":2,"featured_media":126076,"comment_status":"closed","ping_status":"closed","sticky":false,"template":"","format":"standard","meta":{"tdm_status":"","tdm_grid_status":"","footnotes":""},"categories":[70],"tags":[],"class_list":{"0":"post-129625","1":"post","2":"type-post","3":"status-publish","4":"format-standard","5":"has-post-thumbnail","7":"category-de-opinion"},"yoast_head":"<!-- This site is optimized with the Yoast SEO plugin v27.4 - https:\/\/yoast.com\/product\/yoast-seo-wordpress\/ -->\n<title>IGLESIA NO PREDICA CON EL EJEMPLO - Los pol\u00edticos Veracruz<\/title>\n<meta name=\"robots\" content=\"index, follow, max-snippet:-1, max-image-preview:large, max-video-preview:-1\" \/>\n<link rel=\"canonical\" href=\"https:\/\/lospoliticosveracruz.com\/?p=129625\" \/>\n<meta property=\"og:locale\" content=\"es_ES\" \/>\n<meta property=\"og:type\" content=\"article\" \/>\n<meta property=\"og:title\" content=\"IGLESIA NO PREDICA CON EL EJEMPLO - Los pol\u00edticos Veracruz\" \/>\n<meta property=\"og:description\" content=\"Fanny Y\u00e9pez La Columna Seg\u00fan datos de la Secretaria de Gobernaci\u00f3n actualmente hay en M\u00e9xico, nueve mil 466 asociaciones religiosas que se encuentran registradas ante la Direcci\u00f3n General de Asuntos Religiosos. Lo interesante del asunto es que de casi 10 mil asociaciones religiosas que operan en este pa\u00eds,\u00a0\u00a0solo la iglesia cat\u00f3lica es la que se [&hellip;]\" \/>\n<meta property=\"og:url\" content=\"https:\/\/lospoliticosveracruz.com\/?p=129625\" \/>\n<meta property=\"og:site_name\" content=\"Los pol\u00edticos Veracruz\" \/>\n<meta property=\"article:publisher\" content=\"https:\/\/www.facebook.com\/people\/Notimemes-de-los-Polticos\/61565672886568\/\" \/>\n<meta property=\"article:published_time\" content=\"2024-09-06T16:04:33+00:00\" \/>\n<meta property=\"article:modified_time\" content=\"2024-09-06T16:04:48+00:00\" \/>\n<meta property=\"og:image\" content=\"https:\/\/lospoliticosveracruz.com\/wp-content\/uploads\/2024\/06\/Fanny-Yepez.jpg\" \/>\n\t<meta property=\"og:image:width\" content=\"1250\" \/>\n\t<meta property=\"og:image:height\" content=\"667\" \/>\n\t<meta property=\"og:image:type\" content=\"image\/jpeg\" \/>\n<meta name=\"author\" content=\"Lo viste en Los Pol\u00edticos\" \/>\n<meta name=\"twitter:card\" content=\"summary_large_image\" \/>\n<meta name=\"twitter:creator\" content=\"@LosPoliticosVer\" \/>\n<meta name=\"twitter:site\" content=\"@LosPoliticosVer\" \/>\n<meta name=\"twitter:label1\" content=\"Escrito por\" \/>\n\t<meta name=\"twitter:data1\" content=\"Lo viste en Los Pol\u00edticos\" \/>\n\t<meta name=\"twitter:label2\" content=\"Tiempo de lectura\" \/>\n\t<meta name=\"twitter:data2\" content=\"3 minutos\" \/>\n<script type=\"application\/ld+json\" class=\"yoast-schema-graph\">{\"@context\":\"https:\\\/\\\/schema.org\",\"@graph\":[{\"@type\":\"Article\",\"@id\":\"https:\\\/\\\/lospoliticosveracruz.com\\\/?p=129625#article\",\"isPartOf\":{\"@id\":\"https:\\\/\\\/lospoliticosveracruz.com\\\/?p=129625\"},\"author\":{\"name\":\"Lo viste en Los Pol\u00edticos\",\"@id\":\"https:\\\/\\\/lospoliticosveracruz.com\\\/#\\\/schema\\\/person\\\/b8702bb0e538456e6efd07080bf2a4a2\"},\"headline\":\"IGLESIA NO PREDICA CON EL EJEMPLO\",\"datePublished\":\"2024-09-06T16:04:33+00:00\",\"dateModified\":\"2024-09-06T16:04:48+00:00\",\"mainEntityOfPage\":{\"@id\":\"https:\\\/\\\/lospoliticosveracruz.com\\\/?p=129625\"},\"wordCount\":657,\"publisher\":{\"@id\":\"https:\\\/\\\/lospoliticosveracruz.com\\\/#organization\"},\"image\":{\"@id\":\"https:\\\/\\\/lospoliticosveracruz.com\\\/?p=129625#primaryimage\"},\"thumbnailUrl\":\"https:\\\/\\\/lospoliticosveracruz.com\\\/wp-content\\\/uploads\\\/2024\\\/06\\\/Fanny-Yepez.jpg\",\"articleSection\":[\"De Opini\u00f3n\"],\"inLanguage\":\"es\"},{\"@type\":\"WebPage\",\"@id\":\"https:\\\/\\\/lospoliticosveracruz.com\\\/?p=129625\",\"url\":\"https:\\\/\\\/lospoliticosveracruz.com\\\/?p=129625\",\"name\":\"IGLESIA NO PREDICA CON EL EJEMPLO - Los pol\u00edticos Veracruz\",\"isPartOf\":{\"@id\":\"https:\\\/\\\/lospoliticosveracruz.com\\\/#website\"},\"primaryImageOfPage\":{\"@id\":\"https:\\\/\\\/lospoliticosveracruz.com\\\/?p=129625#primaryimage\"},\"image\":{\"@id\":\"https:\\\/\\\/lospoliticosveracruz.com\\\/?p=129625#primaryimage\"},\"thumbnailUrl\":\"https:\\\/\\\/lospoliticosveracruz.com\\\/wp-content\\\/uploads\\\/2024\\\/06\\\/Fanny-Yepez.jpg\",\"datePublished\":\"2024-09-06T16:04:33+00:00\",\"dateModified\":\"2024-09-06T16:04:48+00:00\",\"breadcrumb\":{\"@id\":\"https:\\\/\\\/lospoliticosveracruz.com\\\/?p=129625#breadcrumb\"},\"inLanguage\":\"es\",\"potentialAction\":[{\"@type\":\"ReadAction\",\"target\":[\"https:\\\/\\\/lospoliticosveracruz.com\\\/?p=129625\"]}]},{\"@type\":\"ImageObject\",\"inLanguage\":\"es\",\"@id\":\"https:\\\/\\\/lospoliticosveracruz.com\\\/?p=129625#primaryimage\",\"url\":\"https:\\\/\\\/lospoliticosveracruz.com\\\/wp-content\\\/uploads\\\/2024\\\/06\\\/Fanny-Yepez.jpg\",\"contentUrl\":\"https:\\\/\\\/lospoliticosveracruz.com\\\/wp-content\\\/uploads\\\/2024\\\/06\\\/Fanny-Yepez.jpg\",\"width\":1250,\"height\":667},{\"@type\":\"BreadcrumbList\",\"@id\":\"https:\\\/\\\/lospoliticosveracruz.com\\\/?p=129625#breadcrumb\",\"itemListElement\":[{\"@type\":\"ListItem\",\"position\":1,\"name\":\"Portada\",\"item\":\"https:\\\/\\\/lospoliticosveracruz.com\\\/\"},{\"@type\":\"ListItem\",\"position\":2,\"name\":\"IGLESIA NO PREDICA CON EL EJEMPLO\"}]},{\"@type\":\"WebSite\",\"@id\":\"https:\\\/\\\/lospoliticosveracruz.com\\\/#website\",\"url\":\"https:\\\/\\\/lospoliticosveracruz.com\\\/\",\"name\":\"Los pol\u00edticos Veracruz\",\"description\":\"\",\"publisher\":{\"@id\":\"https:\\\/\\\/lospoliticosveracruz.com\\\/#organization\"},\"potentialAction\":[{\"@type\":\"SearchAction\",\"target\":{\"@type\":\"EntryPoint\",\"urlTemplate\":\"https:\\\/\\\/lospoliticosveracruz.com\\\/?s={search_term_string}\"},\"query-input\":{\"@type\":\"PropertyValueSpecification\",\"valueRequired\":true,\"valueName\":\"search_term_string\"}}],\"inLanguage\":\"es\"},{\"@type\":\"Organization\",\"@id\":\"https:\\\/\\\/lospoliticosveracruz.com\\\/#organization\",\"name\":\"Los pol\u00edticos Veracruz\",\"url\":\"https:\\\/\\\/lospoliticosveracruz.com\\\/\",\"logo\":{\"@type\":\"ImageObject\",\"inLanguage\":\"es\",\"@id\":\"https:\\\/\\\/lospoliticosveracruz.com\\\/#\\\/schema\\\/logo\\\/image\\\/\",\"url\":\"https:\\\/\\\/lospoliticosveracruz.com\\\/wp-content\\\/uploads\\\/2025\\\/12\\\/Logo-Nuevo-LOS-POLITICOS-1.jpg\",\"contentUrl\":\"https:\\\/\\\/lospoliticosveracruz.com\\\/wp-content\\\/uploads\\\/2025\\\/12\\\/Logo-Nuevo-LOS-POLITICOS-1.jpg\",\"width\":260,\"height\":70,\"caption\":\"Los pol\u00edticos Veracruz\"},\"image\":{\"@id\":\"https:\\\/\\\/lospoliticosveracruz.com\\\/#\\\/schema\\\/logo\\\/image\\\/\"},\"sameAs\":[\"https:\\\/\\\/www.facebook.com\\\/people\\\/Notimemes-de-los-Polticos\\\/61565672886568\\\/\",\"https:\\\/\\\/x.com\\\/LosPoliticosVer\"]},{\"@type\":\"Person\",\"@id\":\"https:\\\/\\\/lospoliticosveracruz.com\\\/#\\\/schema\\\/person\\\/b8702bb0e538456e6efd07080bf2a4a2\",\"name\":\"Lo viste en Los Pol\u00edticos\",\"image\":{\"@type\":\"ImageObject\",\"inLanguage\":\"es\",\"@id\":\"https:\\\/\\\/secure.gravatar.com\\\/avatar\\\/3a8de04a2656d44082be478bd6c086daa447c4651605818287b9532d3d0bd435?s=96&d=mm&r=g\",\"url\":\"https:\\\/\\\/secure.gravatar.com\\\/avatar\\\/3a8de04a2656d44082be478bd6c086daa447c4651605818287b9532d3d0bd435?s=96&d=mm&r=g\",\"contentUrl\":\"https:\\\/\\\/secure.gravatar.com\\\/avatar\\\/3a8de04a2656d44082be478bd6c086daa447c4651605818287b9532d3d0bd435?s=96&d=mm&r=g\",\"caption\":\"Lo viste en Los Pol\u00edticos\"},\"url\":\"https:\\\/\\\/lospoliticosveracruz.com\\\/?author=2\"}]}<\/script>\n<!-- \/ Yoast SEO plugin. -->","yoast_head_json":{"title":"IGLESIA NO PREDICA CON EL EJEMPLO - Los pol\u00edticos Veracruz","robots":{"index":"index","follow":"follow","max-snippet":"max-snippet:-1","max-image-preview":"max-image-preview:large","max-video-preview":"max-video-preview:-1"},"canonical":"https:\/\/lospoliticosveracruz.com\/?p=129625","og_locale":"es_ES","og_type":"article","og_title":"IGLESIA NO PREDICA CON EL EJEMPLO - Los pol\u00edticos Veracruz","og_description":"Fanny Y\u00e9pez La Columna Seg\u00fan datos de la Secretaria de Gobernaci\u00f3n actualmente hay en M\u00e9xico, nueve mil 466 asociaciones religiosas que se encuentran registradas ante la Direcci\u00f3n General de Asuntos Religiosos. Lo interesante del asunto es que de casi 10 mil asociaciones religiosas que operan en este pa\u00eds,\u00a0\u00a0solo la iglesia cat\u00f3lica es la que se [&hellip;]","og_url":"https:\/\/lospoliticosveracruz.com\/?p=129625","og_site_name":"Los pol\u00edticos Veracruz","article_publisher":"https:\/\/www.facebook.com\/people\/Notimemes-de-los-Polticos\/61565672886568\/","article_published_time":"2024-09-06T16:04:33+00:00","article_modified_time":"2024-09-06T16:04:48+00:00","og_image":[{"width":1250,"height":667,"url":"https:\/\/lospoliticosveracruz.com\/wp-content\/uploads\/2024\/06\/Fanny-Yepez.jpg","type":"image\/jpeg"}],"author":"Lo viste en Los Pol\u00edticos","twitter_card":"summary_large_image","twitter_creator":"@LosPoliticosVer","twitter_site":"@LosPoliticosVer","twitter_misc":{"Escrito por":"Lo viste en Los Pol\u00edticos","Tiempo de lectura":"3 minutos"},"schema":{"@context":"https:\/\/schema.org","@graph":[{"@type":"Article","@id":"https:\/\/lospoliticosveracruz.com\/?p=129625#article","isPartOf":{"@id":"https:\/\/lospoliticosveracruz.com\/?p=129625"},"author":{"name":"Lo viste en Los Pol\u00edticos","@id":"https:\/\/lospoliticosveracruz.com\/#\/schema\/person\/b8702bb0e538456e6efd07080bf2a4a2"},"headline":"IGLESIA NO PREDICA CON EL EJEMPLO","datePublished":"2024-09-06T16:04:33+00:00","dateModified":"2024-09-06T16:04:48+00:00","mainEntityOfPage":{"@id":"https:\/\/lospoliticosveracruz.com\/?p=129625"},"wordCount":657,"publisher":{"@id":"https:\/\/lospoliticosveracruz.com\/#organization"},"image":{"@id":"https:\/\/lospoliticosveracruz.com\/?p=129625#primaryimage"},"thumbnailUrl":"https:\/\/lospoliticosveracruz.com\/wp-content\/uploads\/2024\/06\/Fanny-Yepez.jpg","articleSection":["De Opini\u00f3n"],"inLanguage":"es"},{"@type":"WebPage","@id":"https:\/\/lospoliticosveracruz.com\/?p=129625","url":"https:\/\/lospoliticosveracruz.com\/?p=129625","name":"IGLESIA NO PREDICA CON EL EJEMPLO - Los pol\u00edticos Veracruz","isPartOf":{"@id":"https:\/\/lospoliticosveracruz.com\/#website"},"primaryImageOfPage":{"@id":"https:\/\/lospoliticosveracruz.com\/?p=129625#primaryimage"},"image":{"@id":"https:\/\/lospoliticosveracruz.com\/?p=129625#primaryimage"},"thumbnailUrl":"https:\/\/lospoliticosveracruz.com\/wp-content\/uploads\/2024\/06\/Fanny-Yepez.jpg","datePublished":"2024-09-06T16:04:33+00:00","dateModified":"2024-09-06T16:04:48+00:00","breadcrumb":{"@id":"https:\/\/lospoliticosveracruz.com\/?p=129625#breadcrumb"},"inLanguage":"es","potentialAction":[{"@type":"ReadAction","target":["https:\/\/lospoliticosveracruz.com\/?p=129625"]}]},{"@type":"ImageObject","inLanguage":"es","@id":"https:\/\/lospoliticosveracruz.com\/?p=129625#primaryimage","url":"https:\/\/lospoliticosveracruz.com\/wp-content\/uploads\/2024\/06\/Fanny-Yepez.jpg","contentUrl":"https:\/\/lospoliticosveracruz.com\/wp-content\/uploads\/2024\/06\/Fanny-Yepez.jpg","width":1250,"height":667},{"@type":"BreadcrumbList","@id":"https:\/\/lospoliticosveracruz.com\/?p=129625#breadcrumb","itemListElement":[{"@type":"ListItem","position":1,"name":"Portada","item":"https:\/\/lospoliticosveracruz.com\/"},{"@type":"ListItem","position":2,"name":"IGLESIA NO PREDICA CON EL EJEMPLO"}]},{"@type":"WebSite","@id":"https:\/\/lospoliticosveracruz.com\/#website","url":"https:\/\/lospoliticosveracruz.com\/","name":"Los pol\u00edticos Veracruz","description":"","publisher":{"@id":"https:\/\/lospoliticosveracruz.com\/#organization"},"potentialAction":[{"@type":"SearchAction","target":{"@type":"EntryPoint","urlTemplate":"https:\/\/lospoliticosveracruz.com\/?s={search_term_string}"},"query-input":{"@type":"PropertyValueSpecification","valueRequired":true,"valueName":"search_term_string"}}],"inLanguage":"es"},{"@type":"Organization","@id":"https:\/\/lospoliticosveracruz.com\/#organization","name":"Los pol\u00edticos Veracruz","url":"https:\/\/lospoliticosveracruz.com\/","logo":{"@type":"ImageObject","inLanguage":"es","@id":"https:\/\/lospoliticosveracruz.com\/#\/schema\/logo\/image\/","url":"https:\/\/lospoliticosveracruz.com\/wp-content\/uploads\/2025\/12\/Logo-Nuevo-LOS-POLITICOS-1.jpg","contentUrl":"https:\/\/lospoliticosveracruz.com\/wp-content\/uploads\/2025\/12\/Logo-Nuevo-LOS-POLITICOS-1.jpg","width":260,"height":70,"caption":"Los pol\u00edticos Veracruz"},"image":{"@id":"https:\/\/lospoliticosveracruz.com\/#\/schema\/logo\/image\/"},"sameAs":["https:\/\/www.facebook.com\/people\/Notimemes-de-los-Polticos\/61565672886568\/","https:\/\/x.com\/LosPoliticosVer"]},{"@type":"Person","@id":"https:\/\/lospoliticosveracruz.com\/#\/schema\/person\/b8702bb0e538456e6efd07080bf2a4a2","name":"Lo viste en Los Pol\u00edticos","image":{"@type":"ImageObject","inLanguage":"es","@id":"https:\/\/secure.gravatar.com\/avatar\/3a8de04a2656d44082be478bd6c086daa447c4651605818287b9532d3d0bd435?s=96&d=mm&r=g","url":"https:\/\/secure.gravatar.com\/avatar\/3a8de04a2656d44082be478bd6c086daa447c4651605818287b9532d3d0bd435?s=96&d=mm&r=g","contentUrl":"https:\/\/secure.gravatar.com\/avatar\/3a8de04a2656d44082be478bd6c086daa447c4651605818287b9532d3d0bd435?s=96&d=mm&r=g","caption":"Lo viste en Los Pol\u00edticos"},"url":"https:\/\/lospoliticosveracruz.com\/?author=2"}]}},"_links":{"self":[{"href":"https:\/\/lospoliticosveracruz.com\/index.php?rest_route=\/wp\/v2\/posts\/129625","targetHints":{"allow":["GET"]}}],"collection":[{"href":"https:\/\/lospoliticosveracruz.com\/index.php?rest_route=\/wp\/v2\/posts"}],"about":[{"href":"https:\/\/lospoliticosveracruz.com\/index.php?rest_route=\/wp\/v2\/types\/post"}],"author":[{"embeddable":true,"href":"https:\/\/lospoliticosveracruz.com\/index.php?rest_route=\/wp\/v2\/users\/2"}],"replies":[{"embeddable":true,"href":"https:\/\/lospoliticosveracruz.com\/index.php?rest_route=%2Fwp%2Fv2%2Fcomments&post=129625"}],"version-history":[{"count":1,"href":"https:\/\/lospoliticosveracruz.com\/index.php?rest_route=\/wp\/v2\/posts\/129625\/revisions"}],"predecessor-version":[{"id":129626,"href":"https:\/\/lospoliticosveracruz.com\/index.php?rest_route=\/wp\/v2\/posts\/129625\/revisions\/129626"}],"wp:featuredmedia":[{"embeddable":true,"href":"https:\/\/lospoliticosveracruz.com\/index.php?rest_route=\/wp\/v2\/media\/126076"}],"wp:attachment":[{"href":"https:\/\/lospoliticosveracruz.com\/index.php?rest_route=%2Fwp%2Fv2%2Fmedia&parent=129625"}],"wp:term":[{"taxonomy":"category","embeddable":true,"href":"https:\/\/lospoliticosveracruz.com\/index.php?rest_route=%2Fwp%2Fv2%2Fcategories&post=129625"},{"taxonomy":"post_tag","embeddable":true,"href":"https:\/\/lospoliticosveracruz.com\/index.php?rest_route=%2Fwp%2Fv2%2Ftags&post=129625"}],"curies":[{"name":"wp","href":"https:\/\/api.w.org\/{rel}","templated":true}]}}