{"id":129635,"date":"2024-09-06T13:29:56","date_gmt":"2024-09-06T18:29:56","guid":{"rendered":"https:\/\/lospoliticosveracruz.com.mx\/?p=129635"},"modified":"2024-09-06T13:30:04","modified_gmt":"2024-09-06T18:30:04","slug":"morena-candidatos-municipales-mas-alla-de-la-marca","status":"publish","type":"post","link":"https:\/\/lospoliticosveracruz.com\/?p=129635","title":{"rendered":"MORENA: CANDIDATOS MUNICIPALES M\u00c1S ALLA DE LA MARCA"},"content":{"rendered":"\n<p><strong>Vicente Luna Hern\u00e1ndez<\/strong><\/p>\n\n\n\n<p>Para quienes como representantes populares o sin cargo son gestores sociales<\/p>\n\n\n\n<p>Despu\u00e9s del triunfo electoral el pasado 2 de junio, la mayor\u00eda de aspirantes a las alcald\u00edas piensan que su mayor reto ser\u00e1 ser candidatos de morena y despu\u00e9s \u2013 en menor medida \u2013 ganar la elecci\u00f3n constitucional, conf\u00edan que la marca Morena los llevar\u00e1 en hombros hasta la silla municipal, sin embargo, la realidad es que una elecci\u00f3n municipal tiene caracter\u00edsticas muy diferentes a una elecci\u00f3n federal o estatal, la cercan\u00eda de la autoridad, conocer muchas veces de manera directa a quienes integran las planillas provocan una mayor efervescencia social, el prestigio personal es la mejor carta de presentaci\u00f3n de los participantes, \u00bfbasta solo la marca morena?<\/p>\n\n\n<div class=\"wp-block-image\">\n<figure class=\"alignleft size-thumbnail\"><a href=\"https:\/\/lospoliticosveracruz.com.mx\/wp-content\/uploads\/2023\/02\/Vinissimo.jpg\"><img decoding=\"async\" src=\"https:\/\/lospoliticosveracruz.com.mx\/wp-content\/uploads\/2023\/02\/Vinissimo-150x150.jpg\" alt=\"\" class=\"wp-image-102752\"\/><\/a><\/figure>\n<\/div>\n\n\n<p>Las y los actuales diputados locales pr\u00f3ximos a terminar sus periodos son candidatos naturales a las candidaturas, aquellos que mantuvieron canales de comunicaci\u00f3n permanentes con los diferentes sociales de sus distritos y de manera especial con sus respectivos municipios de origen, estar\u00e1n en mejores condiciones de competir, \u00bfcu\u00e1les son la cartas de presentaci\u00f3n de los diputados locales para ser candidatos? \u00bfSu trabajo legislativo? \u00bfSu compromiso social? \u00bfQui\u00e9n dec\u00eda de manera p\u00fablica m\u00e1s y mejores alabanzas a la gobernadora electa? \u00bfSu trabajo de gesti\u00f3n social? \u00bfSu cercan\u00eda con la gente? \u00bfIr en contra de decisiones del poder que \u2013 desde su punto de vista \u2013 afectaban los intereses de sus representados? \u00bfLa votaci\u00f3n que obtuvieron en el 2021? \u00bfLa votaci\u00f3n que se obtuvo en sus respectivos distritos?\u00bfMuestras de apoyo verbal pero poco o nulo apoyo territorial al triunfo electoral del pasado 2 de junio? \u00bfSe \u201cpremiaran\u201d las simulaciones? Dicen que la victoria tiene varios progenitores y la derrota es hu\u00e9rfana, hoy al interior de morena muchos se sienten con el poder de impulsar candidatos, alardean de sus aportaciones en materia financiera o en movilizaci\u00f3n el d\u00eda de la elecci\u00f3n, otros presumen su cercan\u00eda con la Gobernadora electa Roc\u00edo Nahle Garc\u00eda, lo cierto es que para ganar se necesitara m\u00e1s que la marca, \u00bfacaso no piensan invitar a sus aliados \u2013 PT y PV \u2013 a la fiesta municipal?<\/p>\n\n\n\n<p>Hay otros grupos de militantes que gritan a todo pulm\u00f3n que son de los fundadores y que es la hora de ser tomados en cuenta, otros esperan ser tomados en cuenta por las acciones afirmativas con las que se deben de integrar las planillas, con relaci\u00f3n a este tema la Sala Superior del TEPJF se\u00f1ala lo siguiente:<\/p>\n\n\n\n<p>\u201cLas acciones afirmativas constituyen una medida compensatoria para las personas en situaciones de desventaja, las cuales tienen como prop\u00f3sito revertir escenarios de desigualdad hist\u00f3rica y de facto que enfrentan ciertos grupos humanos en el ejercicio de sus derechos, y con ello garantizarles un plano de igualdad sustancial en el acceso a los bienes, servicios y oportunidades de que dispone la mayor\u00eda de los sectores sociales\u201d.<\/p>\n\n\n\n<p>Lo cierto es que la fila para ser candidatos de morena le da varias vueltas a la manzana, \u00bfacaso los aspirantes no deben&nbsp;&nbsp;contar con su propio capital pol\u00edtico m\u00e1s all\u00e1 de la marca partidista?<\/p>\n\n\n\n<p>Los tiempos en que los diputados eran los principales gestores sociales en sus respetivos distritos es cosa del pasado,&nbsp;&nbsp;canalizar los apoyos de gobierno a trav\u00e9s de los diputados era habitual en gobiernos pasados, sin embargo, hoy los representantes populares que han decidido continuar con su labor de gesti\u00f3n social hacen malabares para atender la demanda de su distrito e incluso invierten de su propio bolsillo para dar respuestas a ciertas peticiones y llevar productos de consumo popular a bajo costo o de manera gratuita, \u00bfes de a gratis su inversi\u00f3n? m\u00e1s all\u00e1 de las intenciones principales, \u00bfcu\u00e1ntos diputados locales abrieron y realmente atendieron en sus oficinas de gesti\u00f3n social que de manera pomposa instalaron en la cabeceras de sus distritos? \u00bfCuantos de ellas y ellos continuar\u00e1n con su labor de gesti\u00f3n social y cu\u00e1ntos solo fueron gestores los 3 a\u00f1os de su cargo legislativo? \u00bfQui\u00e9nes realmente mantuvieron e incrementaron su capital pol\u00edtico para sumar al segundo piso que tanto presumen?<\/p>\n\n\n\n<p>Lo cierto tambi\u00e9n es que tampoco se ven las grandes manifestaciones de inconformidad social en los municipios contra sus representantes populares, \u00bfqu\u00e9 significa esto? La poblaci\u00f3n se dio por bien servida con los programas sociales principalmente con la pensi\u00f3n universal y con ello, el mal estado de las cl\u00ednicas de salud, p\u00e9simo estado de la carreteras y caminos a las comunidades, corrupci\u00f3n en las oficinas de gobierno, mal gobierno de las autoridades municipales e inseguridad p\u00fablica pas\u00f3 a segundo t\u00e9rmino? \u00bfQu\u00e9 papel juegan los representantes populares?<\/p>\n\n\n\n<p>M\u00e1s all\u00e1 de qu\u00e9 partido postulo a los actuales presidentes municipales, m\u00e1s all\u00e1 de colores partidistas, m\u00e1s all\u00e1 del 2 de junio, cada municipio tiene su propia historia en el manejo de los recursos p\u00fablicos por parte de sus autoridades municipales, las diferencias al interior de los ayuntamientos es parte del folclor pol\u00edtico e incluso del mismo partido que los impuls\u00f3, \u00bflos ciudadanos tomar\u00e1n nota del desempe\u00f1o de sus alcaldes o se ir\u00e1n con la marca con los ojos cerrados?&nbsp;<\/p>\n\n\n\n<p>Lo cierto es que morena al llegar al poder, en algunos municipio ejerci\u00f3 el poder de la misma manera que lo hicieron gobiernos anteriores, las demanda sociales siguen siendo la mismas que ayer, ejemplo de ello es Ciudad Isla, la demanda de una carreta digna de la grandeza de los llanos del sotavento y de la riqueza natural de los Tuxtlas sigue sin ser atendida a pesar que morena tiene el poder del gobierno federal, estatal y municipal de la regi\u00f3n, aparte de los representantes federales y estatales de los distritos electorales, \u00bfcon Roc\u00edo Nahle llegar\u00e1 la verdadera transformaci\u00f3n a los municipios de : Ciudad Isla, Jos\u00e9 Azueta, Juan Rodr\u00edguez Clara, Playa Vicente, San Juan Evangelista, Santiago Tuxtla, San Andr\u00e9s Tuxtla, entre otros? \u00bfA qui\u00e9n culpar por el mal estado de la carreta Isla \u2013 Santiago Tuxtla? \u00bfA los gobiernos del pasado? \u00bfEntra en esta ecuaci\u00f3n el primer gobierno de morena en Veracruz?<\/p>\n\n\n\n<p>P.D.- Con el \u00e1nimo que las \u201ccasas de gesti\u00f3n \u201cde las y los diputados no hayan sido unos \u201celefantes blancos\u201d m\u00e1s en las regiones del Estado\u2026Escribir\u00e9 otro d\u00eda.<\/p>\n","protected":false},"excerpt":{"rendered":"<p>Vicente Luna Hern\u00e1ndez Para quienes como representantes populares o sin cargo son gestores sociales Despu\u00e9s del triunfo electoral el pasado 2 de junio, la mayor\u00eda de aspirantes a las alcald\u00edas piensan que su mayor reto ser\u00e1 ser candidatos de morena y despu\u00e9s \u2013 en menor medida \u2013 ganar la elecci\u00f3n constitucional, conf\u00edan que la marca [&hellip;]<\/p>\n","protected":false},"author":2,"featured_media":120017,"comment_status":"closed","ping_status":"closed","sticky":false,"template":"","format":"standard","meta":{"tdm_status":"","tdm_grid_status":"","footnotes":""},"categories":[70],"tags":[15667],"class_list":{"0":"post-129635","1":"post","2":"type-post","3":"status-publish","4":"format-standard","5":"has-post-thumbnail","7":"category-de-opinion","8":"tag-vicente-luna-hernandez"},"yoast_head":"<!-- This site is optimized with the Yoast SEO plugin v27.4 - https:\/\/yoast.com\/product\/yoast-seo-wordpress\/ -->\n<title>MORENA: CANDIDATOS MUNICIPALES M\u00c1S ALLA DE LA MARCA - Los pol\u00edticos Veracruz<\/title>\n<meta name=\"robots\" content=\"index, follow, max-snippet:-1, max-image-preview:large, max-video-preview:-1\" \/>\n<link rel=\"canonical\" href=\"https:\/\/lospoliticosveracruz.com\/?p=129635\" \/>\n<meta property=\"og:locale\" content=\"es_ES\" \/>\n<meta property=\"og:type\" content=\"article\" \/>\n<meta property=\"og:title\" content=\"MORENA: CANDIDATOS MUNICIPALES M\u00c1S ALLA DE LA MARCA - Los pol\u00edticos Veracruz\" \/>\n<meta property=\"og:description\" content=\"Vicente Luna Hern\u00e1ndez Para quienes como representantes populares o sin cargo son gestores sociales Despu\u00e9s del triunfo electoral el pasado 2 de junio, la mayor\u00eda de aspirantes a las alcald\u00edas piensan que su mayor reto ser\u00e1 ser candidatos de morena y despu\u00e9s \u2013 en menor medida \u2013 ganar la elecci\u00f3n constitucional, conf\u00edan que la marca [&hellip;]\" \/>\n<meta property=\"og:url\" content=\"https:\/\/lospoliticosveracruz.com\/?p=129635\" \/>\n<meta property=\"og:site_name\" content=\"Los pol\u00edticos Veracruz\" \/>\n<meta property=\"article:publisher\" content=\"https:\/\/www.facebook.com\/people\/Notimemes-de-los-Polticos\/61565672886568\/\" \/>\n<meta property=\"article:published_time\" content=\"2024-09-06T18:29:56+00:00\" \/>\n<meta property=\"article:modified_time\" content=\"2024-09-06T18:30:04+00:00\" \/>\n<meta property=\"og:image\" content=\"https:\/\/lospoliticosveracruz.com\/wp-content\/uploads\/2024\/03\/Vicente-Luna.jpg\" \/>\n\t<meta property=\"og:image:width\" content=\"1250\" \/>\n\t<meta property=\"og:image:height\" content=\"667\" \/>\n\t<meta property=\"og:image:type\" content=\"image\/jpeg\" \/>\n<meta name=\"author\" content=\"Lo viste en Los Pol\u00edticos\" \/>\n<meta name=\"twitter:card\" content=\"summary_large_image\" \/>\n<meta name=\"twitter:creator\" content=\"@LosPoliticosVer\" \/>\n<meta name=\"twitter:site\" content=\"@LosPoliticosVer\" \/>\n<meta name=\"twitter:label1\" content=\"Escrito por\" \/>\n\t<meta name=\"twitter:data1\" content=\"Lo viste en Los Pol\u00edticos\" \/>\n\t<meta name=\"twitter:label2\" content=\"Tiempo de lectura\" \/>\n\t<meta name=\"twitter:data2\" content=\"5 minutos\" \/>\n<script type=\"application\/ld+json\" class=\"yoast-schema-graph\">{\"@context\":\"https:\\\/\\\/schema.org\",\"@graph\":[{\"@type\":\"Article\",\"@id\":\"https:\\\/\\\/lospoliticosveracruz.com\\\/?p=129635#article\",\"isPartOf\":{\"@id\":\"https:\\\/\\\/lospoliticosveracruz.com\\\/?p=129635\"},\"author\":{\"name\":\"Lo viste en Los Pol\u00edticos\",\"@id\":\"https:\\\/\\\/lospoliticosveracruz.com\\\/#\\\/schema\\\/person\\\/b8702bb0e538456e6efd07080bf2a4a2\"},\"headline\":\"MORENA: CANDIDATOS MUNICIPALES M\u00c1S ALLA DE LA MARCA\",\"datePublished\":\"2024-09-06T18:29:56+00:00\",\"dateModified\":\"2024-09-06T18:30:04+00:00\",\"mainEntityOfPage\":{\"@id\":\"https:\\\/\\\/lospoliticosveracruz.com\\\/?p=129635\"},\"wordCount\":1097,\"publisher\":{\"@id\":\"https:\\\/\\\/lospoliticosveracruz.com\\\/#organization\"},\"image\":{\"@id\":\"https:\\\/\\\/lospoliticosveracruz.com\\\/?p=129635#primaryimage\"},\"thumbnailUrl\":\"https:\\\/\\\/lospoliticosveracruz.com\\\/wp-content\\\/uploads\\\/2024\\\/03\\\/Vicente-Luna.jpg\",\"keywords\":[\"Vicente Luna Hern\u00e1ndez\"],\"articleSection\":[\"De Opini\u00f3n\"],\"inLanguage\":\"es\"},{\"@type\":\"WebPage\",\"@id\":\"https:\\\/\\\/lospoliticosveracruz.com\\\/?p=129635\",\"url\":\"https:\\\/\\\/lospoliticosveracruz.com\\\/?p=129635\",\"name\":\"MORENA: CANDIDATOS MUNICIPALES M\u00c1S ALLA DE LA MARCA - Los pol\u00edticos Veracruz\",\"isPartOf\":{\"@id\":\"https:\\\/\\\/lospoliticosveracruz.com\\\/#website\"},\"primaryImageOfPage\":{\"@id\":\"https:\\\/\\\/lospoliticosveracruz.com\\\/?p=129635#primaryimage\"},\"image\":{\"@id\":\"https:\\\/\\\/lospoliticosveracruz.com\\\/?p=129635#primaryimage\"},\"thumbnailUrl\":\"https:\\\/\\\/lospoliticosveracruz.com\\\/wp-content\\\/uploads\\\/2024\\\/03\\\/Vicente-Luna.jpg\",\"datePublished\":\"2024-09-06T18:29:56+00:00\",\"dateModified\":\"2024-09-06T18:30:04+00:00\",\"breadcrumb\":{\"@id\":\"https:\\\/\\\/lospoliticosveracruz.com\\\/?p=129635#breadcrumb\"},\"inLanguage\":\"es\",\"potentialAction\":[{\"@type\":\"ReadAction\",\"target\":[\"https:\\\/\\\/lospoliticosveracruz.com\\\/?p=129635\"]}]},{\"@type\":\"ImageObject\",\"inLanguage\":\"es\",\"@id\":\"https:\\\/\\\/lospoliticosveracruz.com\\\/?p=129635#primaryimage\",\"url\":\"https:\\\/\\\/lospoliticosveracruz.com\\\/wp-content\\\/uploads\\\/2024\\\/03\\\/Vicente-Luna.jpg\",\"contentUrl\":\"https:\\\/\\\/lospoliticosveracruz.com\\\/wp-content\\\/uploads\\\/2024\\\/03\\\/Vicente-Luna.jpg\",\"width\":1250,\"height\":667},{\"@type\":\"BreadcrumbList\",\"@id\":\"https:\\\/\\\/lospoliticosveracruz.com\\\/?p=129635#breadcrumb\",\"itemListElement\":[{\"@type\":\"ListItem\",\"position\":1,\"name\":\"Portada\",\"item\":\"https:\\\/\\\/lospoliticosveracruz.com\\\/\"},{\"@type\":\"ListItem\",\"position\":2,\"name\":\"MORENA: CANDIDATOS MUNICIPALES M\u00c1S ALLA DE LA MARCA\"}]},{\"@type\":\"WebSite\",\"@id\":\"https:\\\/\\\/lospoliticosveracruz.com\\\/#website\",\"url\":\"https:\\\/\\\/lospoliticosveracruz.com\\\/\",\"name\":\"Los pol\u00edticos Veracruz\",\"description\":\"\",\"publisher\":{\"@id\":\"https:\\\/\\\/lospoliticosveracruz.com\\\/#organization\"},\"potentialAction\":[{\"@type\":\"SearchAction\",\"target\":{\"@type\":\"EntryPoint\",\"urlTemplate\":\"https:\\\/\\\/lospoliticosveracruz.com\\\/?s={search_term_string}\"},\"query-input\":{\"@type\":\"PropertyValueSpecification\",\"valueRequired\":true,\"valueName\":\"search_term_string\"}}],\"inLanguage\":\"es\"},{\"@type\":\"Organization\",\"@id\":\"https:\\\/\\\/lospoliticosveracruz.com\\\/#organization\",\"name\":\"Los pol\u00edticos Veracruz\",\"url\":\"https:\\\/\\\/lospoliticosveracruz.com\\\/\",\"logo\":{\"@type\":\"ImageObject\",\"inLanguage\":\"es\",\"@id\":\"https:\\\/\\\/lospoliticosveracruz.com\\\/#\\\/schema\\\/logo\\\/image\\\/\",\"url\":\"https:\\\/\\\/lospoliticosveracruz.com\\\/wp-content\\\/uploads\\\/2025\\\/12\\\/Logo-Nuevo-LOS-POLITICOS-1.jpg\",\"contentUrl\":\"https:\\\/\\\/lospoliticosveracruz.com\\\/wp-content\\\/uploads\\\/2025\\\/12\\\/Logo-Nuevo-LOS-POLITICOS-1.jpg\",\"width\":260,\"height\":70,\"caption\":\"Los pol\u00edticos Veracruz\"},\"image\":{\"@id\":\"https:\\\/\\\/lospoliticosveracruz.com\\\/#\\\/schema\\\/logo\\\/image\\\/\"},\"sameAs\":[\"https:\\\/\\\/www.facebook.com\\\/people\\\/Notimemes-de-los-Polticos\\\/61565672886568\\\/\",\"https:\\\/\\\/x.com\\\/LosPoliticosVer\"]},{\"@type\":\"Person\",\"@id\":\"https:\\\/\\\/lospoliticosveracruz.com\\\/#\\\/schema\\\/person\\\/b8702bb0e538456e6efd07080bf2a4a2\",\"name\":\"Lo viste en Los Pol\u00edticos\",\"image\":{\"@type\":\"ImageObject\",\"inLanguage\":\"es\",\"@id\":\"https:\\\/\\\/secure.gravatar.com\\\/avatar\\\/3a8de04a2656d44082be478bd6c086daa447c4651605818287b9532d3d0bd435?s=96&d=mm&r=g\",\"url\":\"https:\\\/\\\/secure.gravatar.com\\\/avatar\\\/3a8de04a2656d44082be478bd6c086daa447c4651605818287b9532d3d0bd435?s=96&d=mm&r=g\",\"contentUrl\":\"https:\\\/\\\/secure.gravatar.com\\\/avatar\\\/3a8de04a2656d44082be478bd6c086daa447c4651605818287b9532d3d0bd435?s=96&d=mm&r=g\",\"caption\":\"Lo viste en Los Pol\u00edticos\"},\"url\":\"https:\\\/\\\/lospoliticosveracruz.com\\\/?author=2\"}]}<\/script>\n<!-- \/ Yoast SEO plugin. -->","yoast_head_json":{"title":"MORENA: CANDIDATOS MUNICIPALES M\u00c1S ALLA DE LA MARCA - Los pol\u00edticos Veracruz","robots":{"index":"index","follow":"follow","max-snippet":"max-snippet:-1","max-image-preview":"max-image-preview:large","max-video-preview":"max-video-preview:-1"},"canonical":"https:\/\/lospoliticosveracruz.com\/?p=129635","og_locale":"es_ES","og_type":"article","og_title":"MORENA: CANDIDATOS MUNICIPALES M\u00c1S ALLA DE LA MARCA - Los pol\u00edticos Veracruz","og_description":"Vicente Luna Hern\u00e1ndez Para quienes como representantes populares o sin cargo son gestores sociales Despu\u00e9s del triunfo electoral el pasado 2 de junio, la mayor\u00eda de aspirantes a las alcald\u00edas piensan que su mayor reto ser\u00e1 ser candidatos de morena y despu\u00e9s \u2013 en menor medida \u2013 ganar la elecci\u00f3n constitucional, conf\u00edan que la marca [&hellip;]","og_url":"https:\/\/lospoliticosveracruz.com\/?p=129635","og_site_name":"Los pol\u00edticos Veracruz","article_publisher":"https:\/\/www.facebook.com\/people\/Notimemes-de-los-Polticos\/61565672886568\/","article_published_time":"2024-09-06T18:29:56+00:00","article_modified_time":"2024-09-06T18:30:04+00:00","og_image":[{"width":1250,"height":667,"url":"https:\/\/lospoliticosveracruz.com\/wp-content\/uploads\/2024\/03\/Vicente-Luna.jpg","type":"image\/jpeg"}],"author":"Lo viste en Los Pol\u00edticos","twitter_card":"summary_large_image","twitter_creator":"@LosPoliticosVer","twitter_site":"@LosPoliticosVer","twitter_misc":{"Escrito por":"Lo viste en Los Pol\u00edticos","Tiempo de lectura":"5 minutos"},"schema":{"@context":"https:\/\/schema.org","@graph":[{"@type":"Article","@id":"https:\/\/lospoliticosveracruz.com\/?p=129635#article","isPartOf":{"@id":"https:\/\/lospoliticosveracruz.com\/?p=129635"},"author":{"name":"Lo viste en Los Pol\u00edticos","@id":"https:\/\/lospoliticosveracruz.com\/#\/schema\/person\/b8702bb0e538456e6efd07080bf2a4a2"},"headline":"MORENA: CANDIDATOS MUNICIPALES M\u00c1S ALLA DE LA MARCA","datePublished":"2024-09-06T18:29:56+00:00","dateModified":"2024-09-06T18:30:04+00:00","mainEntityOfPage":{"@id":"https:\/\/lospoliticosveracruz.com\/?p=129635"},"wordCount":1097,"publisher":{"@id":"https:\/\/lospoliticosveracruz.com\/#organization"},"image":{"@id":"https:\/\/lospoliticosveracruz.com\/?p=129635#primaryimage"},"thumbnailUrl":"https:\/\/lospoliticosveracruz.com\/wp-content\/uploads\/2024\/03\/Vicente-Luna.jpg","keywords":["Vicente Luna Hern\u00e1ndez"],"articleSection":["De Opini\u00f3n"],"inLanguage":"es"},{"@type":"WebPage","@id":"https:\/\/lospoliticosveracruz.com\/?p=129635","url":"https:\/\/lospoliticosveracruz.com\/?p=129635","name":"MORENA: CANDIDATOS MUNICIPALES M\u00c1S ALLA DE LA MARCA - Los pol\u00edticos Veracruz","isPartOf":{"@id":"https:\/\/lospoliticosveracruz.com\/#website"},"primaryImageOfPage":{"@id":"https:\/\/lospoliticosveracruz.com\/?p=129635#primaryimage"},"image":{"@id":"https:\/\/lospoliticosveracruz.com\/?p=129635#primaryimage"},"thumbnailUrl":"https:\/\/lospoliticosveracruz.com\/wp-content\/uploads\/2024\/03\/Vicente-Luna.jpg","datePublished":"2024-09-06T18:29:56+00:00","dateModified":"2024-09-06T18:30:04+00:00","breadcrumb":{"@id":"https:\/\/lospoliticosveracruz.com\/?p=129635#breadcrumb"},"inLanguage":"es","potentialAction":[{"@type":"ReadAction","target":["https:\/\/lospoliticosveracruz.com\/?p=129635"]}]},{"@type":"ImageObject","inLanguage":"es","@id":"https:\/\/lospoliticosveracruz.com\/?p=129635#primaryimage","url":"https:\/\/lospoliticosveracruz.com\/wp-content\/uploads\/2024\/03\/Vicente-Luna.jpg","contentUrl":"https:\/\/lospoliticosveracruz.com\/wp-content\/uploads\/2024\/03\/Vicente-Luna.jpg","width":1250,"height":667},{"@type":"BreadcrumbList","@id":"https:\/\/lospoliticosveracruz.com\/?p=129635#breadcrumb","itemListElement":[{"@type":"ListItem","position":1,"name":"Portada","item":"https:\/\/lospoliticosveracruz.com\/"},{"@type":"ListItem","position":2,"name":"MORENA: CANDIDATOS MUNICIPALES M\u00c1S ALLA DE LA MARCA"}]},{"@type":"WebSite","@id":"https:\/\/lospoliticosveracruz.com\/#website","url":"https:\/\/lospoliticosveracruz.com\/","name":"Los pol\u00edticos Veracruz","description":"","publisher":{"@id":"https:\/\/lospoliticosveracruz.com\/#organization"},"potentialAction":[{"@type":"SearchAction","target":{"@type":"EntryPoint","urlTemplate":"https:\/\/lospoliticosveracruz.com\/?s={search_term_string}"},"query-input":{"@type":"PropertyValueSpecification","valueRequired":true,"valueName":"search_term_string"}}],"inLanguage":"es"},{"@type":"Organization","@id":"https:\/\/lospoliticosveracruz.com\/#organization","name":"Los pol\u00edticos Veracruz","url":"https:\/\/lospoliticosveracruz.com\/","logo":{"@type":"ImageObject","inLanguage":"es","@id":"https:\/\/lospoliticosveracruz.com\/#\/schema\/logo\/image\/","url":"https:\/\/lospoliticosveracruz.com\/wp-content\/uploads\/2025\/12\/Logo-Nuevo-LOS-POLITICOS-1.jpg","contentUrl":"https:\/\/lospoliticosveracruz.com\/wp-content\/uploads\/2025\/12\/Logo-Nuevo-LOS-POLITICOS-1.jpg","width":260,"height":70,"caption":"Los pol\u00edticos Veracruz"},"image":{"@id":"https:\/\/lospoliticosveracruz.com\/#\/schema\/logo\/image\/"},"sameAs":["https:\/\/www.facebook.com\/people\/Notimemes-de-los-Polticos\/61565672886568\/","https:\/\/x.com\/LosPoliticosVer"]},{"@type":"Person","@id":"https:\/\/lospoliticosveracruz.com\/#\/schema\/person\/b8702bb0e538456e6efd07080bf2a4a2","name":"Lo viste en Los Pol\u00edticos","image":{"@type":"ImageObject","inLanguage":"es","@id":"https:\/\/secure.gravatar.com\/avatar\/3a8de04a2656d44082be478bd6c086daa447c4651605818287b9532d3d0bd435?s=96&d=mm&r=g","url":"https:\/\/secure.gravatar.com\/avatar\/3a8de04a2656d44082be478bd6c086daa447c4651605818287b9532d3d0bd435?s=96&d=mm&r=g","contentUrl":"https:\/\/secure.gravatar.com\/avatar\/3a8de04a2656d44082be478bd6c086daa447c4651605818287b9532d3d0bd435?s=96&d=mm&r=g","caption":"Lo viste en Los Pol\u00edticos"},"url":"https:\/\/lospoliticosveracruz.com\/?author=2"}]}},"_links":{"self":[{"href":"https:\/\/lospoliticosveracruz.com\/index.php?rest_route=\/wp\/v2\/posts\/129635","targetHints":{"allow":["GET"]}}],"collection":[{"href":"https:\/\/lospoliticosveracruz.com\/index.php?rest_route=\/wp\/v2\/posts"}],"about":[{"href":"https:\/\/lospoliticosveracruz.com\/index.php?rest_route=\/wp\/v2\/types\/post"}],"author":[{"embeddable":true,"href":"https:\/\/lospoliticosveracruz.com\/index.php?rest_route=\/wp\/v2\/users\/2"}],"replies":[{"embeddable":true,"href":"https:\/\/lospoliticosveracruz.com\/index.php?rest_route=%2Fwp%2Fv2%2Fcomments&post=129635"}],"version-history":[{"count":1,"href":"https:\/\/lospoliticosveracruz.com\/index.php?rest_route=\/wp\/v2\/posts\/129635\/revisions"}],"predecessor-version":[{"id":129636,"href":"https:\/\/lospoliticosveracruz.com\/index.php?rest_route=\/wp\/v2\/posts\/129635\/revisions\/129636"}],"wp:featuredmedia":[{"embeddable":true,"href":"https:\/\/lospoliticosveracruz.com\/index.php?rest_route=\/wp\/v2\/media\/120017"}],"wp:attachment":[{"href":"https:\/\/lospoliticosveracruz.com\/index.php?rest_route=%2Fwp%2Fv2%2Fmedia&parent=129635"}],"wp:term":[{"taxonomy":"category","embeddable":true,"href":"https:\/\/lospoliticosveracruz.com\/index.php?rest_route=%2Fwp%2Fv2%2Fcategories&post=129635"},{"taxonomy":"post_tag","embeddable":true,"href":"https:\/\/lospoliticosveracruz.com\/index.php?rest_route=%2Fwp%2Fv2%2Ftags&post=129635"}],"curies":[{"name":"wp","href":"https:\/\/api.w.org\/{rel}","templated":true}]}}