{"id":129666,"date":"2024-09-07T17:11:16","date_gmt":"2024-09-07T22:11:16","guid":{"rendered":"https:\/\/lospoliticosveracruz.com.mx\/?p=129666"},"modified":"2024-09-07T17:11:25","modified_gmt":"2024-09-07T22:11:25","slug":"mal-tiempo-da-en-la-torre-al-costa-esmeralda-fest","status":"publish","type":"post","link":"https:\/\/lospoliticosveracruz.com\/?p=129666","title":{"rendered":"MAL TIEMPO DA EN LA TORRE AL COSTA ESMERALDA FEST"},"content":{"rendered":"\n<p><strong>Karla M\u00e9ndez<\/strong><br><em>Tecolutla<\/em><\/p>\n\n\n\n<p>Luego de que se diera a conocer que debido a las inclemencias por el frente frio 1 en Costa Esmeralda, se suspendieron las actividades del Festival, los conciertos programados ser\u00e1n reagendados para antes de que finalice el a\u00f1o.<\/p>\n\n\n\n<p>Aunque algunos artistas que eran parte del elenco, ya se encontraban en el estado, comprendieron la situaci\u00f3n y decidieron checar agendas para regresar en nuevas fechas, esto de acuerdo a fuentes oficiales.<\/p>\n\n\n\n<p>Mediante un comunicado, la Secretar\u00eda de Turismo(SECTUR), inform\u00f3 desde la noche del viernes 6 que se cancelaban las actividades, ya que la entrada del frente frio n\u00famero 1 al estado trajo consigo grandes rafagas de viento, adem\u00e1s de truenos y relampagos que pod\u00edan haber ocasionado alg\u00fan accidente.<\/p>\n\n\n\n<p>\u00abDerivado del primer frente fr\u00edo de la temporada, se suspenden las actividades programadas para este s\u00e1bado 7 y domingo 8 de septiembre del Costa Esmeralda Fest 2024. Lo anterior, atendiendo las recomendaciones de la Secretar\u00eda de Protecci\u00f3n Civil con el fin de salvaguardar la integridad del p\u00fablico, el equipo de organizaci\u00f3n y el talento art\u00edstico.\u00bb<\/p>\n\n\n\n<p>A pesar de que este tipo de festivales se planean medio a\u00f1o antes, no es posible predecir el clima que pudiera presentarse, ya que cabe recordar, que el regreso del Costa Esmeralda Fest, tiene como finalidad reactivar la econom\u00eda de la zona despu\u00e9s de vacaciones de verano y as\u00ed ayudar a los ayuntamientos cercanos.<\/p>\n\n\n\n<p>Ser\u00e1n las autoridades de Gobierno del Estado y SECTUR, quienes den a conocer las nuevas fechas en las que se presentar\u00e1n La Maldita Vecindad, La Tremenda Korte, Myke Towers, Yandel y todos los dem\u00e1s artistas.<\/p>\n","protected":false},"excerpt":{"rendered":"<p>Karla M\u00e9ndezTecolutla Luego de que se diera a conocer que debido a las inclemencias por el frente frio 1 en Costa Esmeralda, se suspendieron las actividades del Festival, los conciertos programados ser\u00e1n reagendados para antes de que finalice el a\u00f1o. Aunque algunos artistas que eran parte del elenco, ya se encontraban en el estado, comprendieron [&hellip;]<\/p>\n","protected":false},"author":2,"featured_media":0,"comment_status":"closed","ping_status":"closed","sticky":false,"template":"","format":"standard","meta":{"tdm_status":"","tdm_grid_status":"","footnotes":""},"categories":[6446],"tags":[34949,41745,41746,1026,41747,2156,195],"class_list":{"0":"post-129666","1":"post","2":"type-post","3":"status-publish","4":"format-standard","6":"category-la-nota","7":"tag-costa-esmeralda-fest","8":"tag-la-maldita-vecindad","9":"tag-la-tremenda-korte","10":"tag-morena","11":"tag-myke-towers","12":"tag-sectur","13":"tag-veracruz"},"yoast_head":"<!-- This site is optimized with the Yoast SEO plugin v27.4 - https:\/\/yoast.com\/product\/yoast-seo-wordpress\/ -->\n<title>MAL TIEMPO DA EN LA TORRE AL COSTA ESMERALDA FEST - Los pol\u00edticos Veracruz<\/title>\n<meta name=\"robots\" content=\"index, follow, max-snippet:-1, max-image-preview:large, max-video-preview:-1\" \/>\n<link rel=\"canonical\" href=\"https:\/\/lospoliticosveracruz.com\/?p=129666\" \/>\n<meta property=\"og:locale\" content=\"es_ES\" \/>\n<meta property=\"og:type\" content=\"article\" \/>\n<meta property=\"og:title\" content=\"MAL TIEMPO DA EN LA TORRE AL COSTA ESMERALDA FEST - Los pol\u00edticos Veracruz\" \/>\n<meta property=\"og:description\" content=\"Karla M\u00e9ndezTecolutla Luego de que se diera a conocer que debido a las inclemencias por el frente frio 1 en Costa Esmeralda, se suspendieron las actividades del Festival, los conciertos programados ser\u00e1n reagendados para antes de que finalice el a\u00f1o. Aunque algunos artistas que eran parte del elenco, ya se encontraban en el estado, comprendieron [&hellip;]\" \/>\n<meta property=\"og:url\" content=\"https:\/\/lospoliticosveracruz.com\/?p=129666\" \/>\n<meta property=\"og:site_name\" content=\"Los pol\u00edticos Veracruz\" \/>\n<meta property=\"article:publisher\" content=\"https:\/\/www.facebook.com\/people\/Notimemes-de-los-Polticos\/61565672886568\/\" \/>\n<meta property=\"article:published_time\" content=\"2024-09-07T22:11:16+00:00\" \/>\n<meta property=\"article:modified_time\" content=\"2024-09-07T22:11:25+00:00\" \/>\n<meta property=\"og:image\" content=\"https:\/\/lospoliticosveracruz.com\/wp-content\/uploads\/2016\/07\/Logo-Dor.jpg\" \/>\n\t<meta property=\"og:image:width\" content=\"200\" \/>\n\t<meta property=\"og:image:height\" content=\"200\" \/>\n\t<meta property=\"og:image:type\" content=\"image\/jpeg\" \/>\n<meta name=\"author\" content=\"Lo viste en Los Pol\u00edticos\" \/>\n<meta name=\"twitter:card\" content=\"summary_large_image\" \/>\n<meta name=\"twitter:creator\" content=\"@LosPoliticosVer\" \/>\n<meta name=\"twitter:site\" content=\"@LosPoliticosVer\" \/>\n<meta name=\"twitter:label1\" content=\"Escrito por\" \/>\n\t<meta name=\"twitter:data1\" content=\"Lo viste en Los Pol\u00edticos\" \/>\n\t<meta name=\"twitter:label2\" content=\"Tiempo de lectura\" \/>\n\t<meta name=\"twitter:data2\" content=\"1 minuto\" \/>\n<script type=\"application\/ld+json\" class=\"yoast-schema-graph\">{\"@context\":\"https:\\\/\\\/schema.org\",\"@graph\":[{\"@type\":\"Article\",\"@id\":\"https:\\\/\\\/lospoliticosveracruz.com\\\/?p=129666#article\",\"isPartOf\":{\"@id\":\"https:\\\/\\\/lospoliticosveracruz.com\\\/?p=129666\"},\"author\":{\"name\":\"Lo viste en Los Pol\u00edticos\",\"@id\":\"https:\\\/\\\/lospoliticosveracruz.com\\\/#\\\/schema\\\/person\\\/b8702bb0e538456e6efd07080bf2a4a2\"},\"headline\":\"MAL TIEMPO DA EN LA TORRE AL COSTA ESMERALDA FEST\",\"datePublished\":\"2024-09-07T22:11:16+00:00\",\"dateModified\":\"2024-09-07T22:11:25+00:00\",\"mainEntityOfPage\":{\"@id\":\"https:\\\/\\\/lospoliticosveracruz.com\\\/?p=129666\"},\"wordCount\":291,\"publisher\":{\"@id\":\"https:\\\/\\\/lospoliticosveracruz.com\\\/#organization\"},\"keywords\":[\"Costa Esmeralda Fest\",\"La Maldita Vecindad\",\"La Tremenda Korte\",\"Morena\",\"Myke Towers\",\"Sectur\",\"Veracruz\"],\"articleSection\":[\"La Nota\"],\"inLanguage\":\"es\"},{\"@type\":\"WebPage\",\"@id\":\"https:\\\/\\\/lospoliticosveracruz.com\\\/?p=129666\",\"url\":\"https:\\\/\\\/lospoliticosveracruz.com\\\/?p=129666\",\"name\":\"MAL TIEMPO DA EN LA TORRE AL COSTA ESMERALDA FEST - Los pol\u00edticos Veracruz\",\"isPartOf\":{\"@id\":\"https:\\\/\\\/lospoliticosveracruz.com\\\/#website\"},\"datePublished\":\"2024-09-07T22:11:16+00:00\",\"dateModified\":\"2024-09-07T22:11:25+00:00\",\"breadcrumb\":{\"@id\":\"https:\\\/\\\/lospoliticosveracruz.com\\\/?p=129666#breadcrumb\"},\"inLanguage\":\"es\",\"potentialAction\":[{\"@type\":\"ReadAction\",\"target\":[\"https:\\\/\\\/lospoliticosveracruz.com\\\/?p=129666\"]}]},{\"@type\":\"BreadcrumbList\",\"@id\":\"https:\\\/\\\/lospoliticosveracruz.com\\\/?p=129666#breadcrumb\",\"itemListElement\":[{\"@type\":\"ListItem\",\"position\":1,\"name\":\"Portada\",\"item\":\"https:\\\/\\\/lospoliticosveracruz.com\\\/\"},{\"@type\":\"ListItem\",\"position\":2,\"name\":\"MAL TIEMPO DA EN LA TORRE AL COSTA ESMERALDA FEST\"}]},{\"@type\":\"WebSite\",\"@id\":\"https:\\\/\\\/lospoliticosveracruz.com\\\/#website\",\"url\":\"https:\\\/\\\/lospoliticosveracruz.com\\\/\",\"name\":\"Los pol\u00edticos Veracruz\",\"description\":\"\",\"publisher\":{\"@id\":\"https:\\\/\\\/lospoliticosveracruz.com\\\/#organization\"},\"potentialAction\":[{\"@type\":\"SearchAction\",\"target\":{\"@type\":\"EntryPoint\",\"urlTemplate\":\"https:\\\/\\\/lospoliticosveracruz.com\\\/?s={search_term_string}\"},\"query-input\":{\"@type\":\"PropertyValueSpecification\",\"valueRequired\":true,\"valueName\":\"search_term_string\"}}],\"inLanguage\":\"es\"},{\"@type\":\"Organization\",\"@id\":\"https:\\\/\\\/lospoliticosveracruz.com\\\/#organization\",\"name\":\"Los pol\u00edticos Veracruz\",\"url\":\"https:\\\/\\\/lospoliticosveracruz.com\\\/\",\"logo\":{\"@type\":\"ImageObject\",\"inLanguage\":\"es\",\"@id\":\"https:\\\/\\\/lospoliticosveracruz.com\\\/#\\\/schema\\\/logo\\\/image\\\/\",\"url\":\"https:\\\/\\\/lospoliticosveracruz.com\\\/wp-content\\\/uploads\\\/2025\\\/12\\\/Logo-Nuevo-LOS-POLITICOS-1.jpg\",\"contentUrl\":\"https:\\\/\\\/lospoliticosveracruz.com\\\/wp-content\\\/uploads\\\/2025\\\/12\\\/Logo-Nuevo-LOS-POLITICOS-1.jpg\",\"width\":260,\"height\":70,\"caption\":\"Los pol\u00edticos Veracruz\"},\"image\":{\"@id\":\"https:\\\/\\\/lospoliticosveracruz.com\\\/#\\\/schema\\\/logo\\\/image\\\/\"},\"sameAs\":[\"https:\\\/\\\/www.facebook.com\\\/people\\\/Notimemes-de-los-Polticos\\\/61565672886568\\\/\",\"https:\\\/\\\/x.com\\\/LosPoliticosVer\"]},{\"@type\":\"Person\",\"@id\":\"https:\\\/\\\/lospoliticosveracruz.com\\\/#\\\/schema\\\/person\\\/b8702bb0e538456e6efd07080bf2a4a2\",\"name\":\"Lo viste en Los Pol\u00edticos\",\"image\":{\"@type\":\"ImageObject\",\"inLanguage\":\"es\",\"@id\":\"https:\\\/\\\/secure.gravatar.com\\\/avatar\\\/3a8de04a2656d44082be478bd6c086daa447c4651605818287b9532d3d0bd435?s=96&d=mm&r=g\",\"url\":\"https:\\\/\\\/secure.gravatar.com\\\/avatar\\\/3a8de04a2656d44082be478bd6c086daa447c4651605818287b9532d3d0bd435?s=96&d=mm&r=g\",\"contentUrl\":\"https:\\\/\\\/secure.gravatar.com\\\/avatar\\\/3a8de04a2656d44082be478bd6c086daa447c4651605818287b9532d3d0bd435?s=96&d=mm&r=g\",\"caption\":\"Lo viste en Los Pol\u00edticos\"},\"url\":\"https:\\\/\\\/lospoliticosveracruz.com\\\/?author=2\"}]}<\/script>\n<!-- \/ Yoast SEO plugin. -->","yoast_head_json":{"title":"MAL TIEMPO DA EN LA TORRE AL COSTA ESMERALDA FEST - Los pol\u00edticos Veracruz","robots":{"index":"index","follow":"follow","max-snippet":"max-snippet:-1","max-image-preview":"max-image-preview:large","max-video-preview":"max-video-preview:-1"},"canonical":"https:\/\/lospoliticosveracruz.com\/?p=129666","og_locale":"es_ES","og_type":"article","og_title":"MAL TIEMPO DA EN LA TORRE AL COSTA ESMERALDA FEST - Los pol\u00edticos Veracruz","og_description":"Karla M\u00e9ndezTecolutla Luego de que se diera a conocer que debido a las inclemencias por el frente frio 1 en Costa Esmeralda, se suspendieron las actividades del Festival, los conciertos programados ser\u00e1n reagendados para antes de que finalice el a\u00f1o. Aunque algunos artistas que eran parte del elenco, ya se encontraban en el estado, comprendieron [&hellip;]","og_url":"https:\/\/lospoliticosveracruz.com\/?p=129666","og_site_name":"Los pol\u00edticos Veracruz","article_publisher":"https:\/\/www.facebook.com\/people\/Notimemes-de-los-Polticos\/61565672886568\/","article_published_time":"2024-09-07T22:11:16+00:00","article_modified_time":"2024-09-07T22:11:25+00:00","og_image":[{"width":200,"height":200,"url":"https:\/\/lospoliticosveracruz.com\/wp-content\/uploads\/2016\/07\/Logo-Dor.jpg","type":"image\/jpeg"}],"author":"Lo viste en Los Pol\u00edticos","twitter_card":"summary_large_image","twitter_creator":"@LosPoliticosVer","twitter_site":"@LosPoliticosVer","twitter_misc":{"Escrito por":"Lo viste en Los Pol\u00edticos","Tiempo de lectura":"1 minuto"},"schema":{"@context":"https:\/\/schema.org","@graph":[{"@type":"Article","@id":"https:\/\/lospoliticosveracruz.com\/?p=129666#article","isPartOf":{"@id":"https:\/\/lospoliticosveracruz.com\/?p=129666"},"author":{"name":"Lo viste en Los Pol\u00edticos","@id":"https:\/\/lospoliticosveracruz.com\/#\/schema\/person\/b8702bb0e538456e6efd07080bf2a4a2"},"headline":"MAL TIEMPO DA EN LA TORRE AL COSTA ESMERALDA FEST","datePublished":"2024-09-07T22:11:16+00:00","dateModified":"2024-09-07T22:11:25+00:00","mainEntityOfPage":{"@id":"https:\/\/lospoliticosveracruz.com\/?p=129666"},"wordCount":291,"publisher":{"@id":"https:\/\/lospoliticosveracruz.com\/#organization"},"keywords":["Costa Esmeralda Fest","La Maldita Vecindad","La Tremenda Korte","Morena","Myke Towers","Sectur","Veracruz"],"articleSection":["La Nota"],"inLanguage":"es"},{"@type":"WebPage","@id":"https:\/\/lospoliticosveracruz.com\/?p=129666","url":"https:\/\/lospoliticosveracruz.com\/?p=129666","name":"MAL TIEMPO DA EN LA TORRE AL COSTA ESMERALDA FEST - Los pol\u00edticos Veracruz","isPartOf":{"@id":"https:\/\/lospoliticosveracruz.com\/#website"},"datePublished":"2024-09-07T22:11:16+00:00","dateModified":"2024-09-07T22:11:25+00:00","breadcrumb":{"@id":"https:\/\/lospoliticosveracruz.com\/?p=129666#breadcrumb"},"inLanguage":"es","potentialAction":[{"@type":"ReadAction","target":["https:\/\/lospoliticosveracruz.com\/?p=129666"]}]},{"@type":"BreadcrumbList","@id":"https:\/\/lospoliticosveracruz.com\/?p=129666#breadcrumb","itemListElement":[{"@type":"ListItem","position":1,"name":"Portada","item":"https:\/\/lospoliticosveracruz.com\/"},{"@type":"ListItem","position":2,"name":"MAL TIEMPO DA EN LA TORRE AL COSTA ESMERALDA FEST"}]},{"@type":"WebSite","@id":"https:\/\/lospoliticosveracruz.com\/#website","url":"https:\/\/lospoliticosveracruz.com\/","name":"Los pol\u00edticos Veracruz","description":"","publisher":{"@id":"https:\/\/lospoliticosveracruz.com\/#organization"},"potentialAction":[{"@type":"SearchAction","target":{"@type":"EntryPoint","urlTemplate":"https:\/\/lospoliticosveracruz.com\/?s={search_term_string}"},"query-input":{"@type":"PropertyValueSpecification","valueRequired":true,"valueName":"search_term_string"}}],"inLanguage":"es"},{"@type":"Organization","@id":"https:\/\/lospoliticosveracruz.com\/#organization","name":"Los pol\u00edticos Veracruz","url":"https:\/\/lospoliticosveracruz.com\/","logo":{"@type":"ImageObject","inLanguage":"es","@id":"https:\/\/lospoliticosveracruz.com\/#\/schema\/logo\/image\/","url":"https:\/\/lospoliticosveracruz.com\/wp-content\/uploads\/2025\/12\/Logo-Nuevo-LOS-POLITICOS-1.jpg","contentUrl":"https:\/\/lospoliticosveracruz.com\/wp-content\/uploads\/2025\/12\/Logo-Nuevo-LOS-POLITICOS-1.jpg","width":260,"height":70,"caption":"Los pol\u00edticos Veracruz"},"image":{"@id":"https:\/\/lospoliticosveracruz.com\/#\/schema\/logo\/image\/"},"sameAs":["https:\/\/www.facebook.com\/people\/Notimemes-de-los-Polticos\/61565672886568\/","https:\/\/x.com\/LosPoliticosVer"]},{"@type":"Person","@id":"https:\/\/lospoliticosveracruz.com\/#\/schema\/person\/b8702bb0e538456e6efd07080bf2a4a2","name":"Lo viste en Los Pol\u00edticos","image":{"@type":"ImageObject","inLanguage":"es","@id":"https:\/\/secure.gravatar.com\/avatar\/3a8de04a2656d44082be478bd6c086daa447c4651605818287b9532d3d0bd435?s=96&d=mm&r=g","url":"https:\/\/secure.gravatar.com\/avatar\/3a8de04a2656d44082be478bd6c086daa447c4651605818287b9532d3d0bd435?s=96&d=mm&r=g","contentUrl":"https:\/\/secure.gravatar.com\/avatar\/3a8de04a2656d44082be478bd6c086daa447c4651605818287b9532d3d0bd435?s=96&d=mm&r=g","caption":"Lo viste en Los Pol\u00edticos"},"url":"https:\/\/lospoliticosveracruz.com\/?author=2"}]}},"_links":{"self":[{"href":"https:\/\/lospoliticosveracruz.com\/index.php?rest_route=\/wp\/v2\/posts\/129666","targetHints":{"allow":["GET"]}}],"collection":[{"href":"https:\/\/lospoliticosveracruz.com\/index.php?rest_route=\/wp\/v2\/posts"}],"about":[{"href":"https:\/\/lospoliticosveracruz.com\/index.php?rest_route=\/wp\/v2\/types\/post"}],"author":[{"embeddable":true,"href":"https:\/\/lospoliticosveracruz.com\/index.php?rest_route=\/wp\/v2\/users\/2"}],"replies":[{"embeddable":true,"href":"https:\/\/lospoliticosveracruz.com\/index.php?rest_route=%2Fwp%2Fv2%2Fcomments&post=129666"}],"version-history":[{"count":1,"href":"https:\/\/lospoliticosveracruz.com\/index.php?rest_route=\/wp\/v2\/posts\/129666\/revisions"}],"predecessor-version":[{"id":129669,"href":"https:\/\/lospoliticosveracruz.com\/index.php?rest_route=\/wp\/v2\/posts\/129666\/revisions\/129669"}],"wp:attachment":[{"href":"https:\/\/lospoliticosveracruz.com\/index.php?rest_route=%2Fwp%2Fv2%2Fmedia&parent=129666"}],"wp:term":[{"taxonomy":"category","embeddable":true,"href":"https:\/\/lospoliticosveracruz.com\/index.php?rest_route=%2Fwp%2Fv2%2Fcategories&post=129666"},{"taxonomy":"post_tag","embeddable":true,"href":"https:\/\/lospoliticosveracruz.com\/index.php?rest_route=%2Fwp%2Fv2%2Ftags&post=129666"}],"curies":[{"name":"wp","href":"https:\/\/api.w.org\/{rel}","templated":true}]}}