{"id":12971,"date":"2014-10-26T18:20:05","date_gmt":"2014-10-27T00:20:05","guid":{"rendered":"http:\/\/www.lospoliticosveracruz.com.mx\/?p=12971"},"modified":"2014-10-26T18:20:05","modified_gmt":"2014-10-27T00:20:05","slug":"ayotzinapa-carta-a-un-presidente-incongruente","status":"publish","type":"post","link":"https:\/\/lospoliticosveracruz.com\/?p=12971","title":{"rendered":"Ayotzinapa, carta a un presidente incongruente"},"content":{"rendered":"<p><a href=\"http:\/\/www.lospoliticosveracruz.com.mx\/wp-content\/uploads\/2014\/10\/Pe\u00f1a.jpg\"><img loading=\"lazy\" decoding=\"async\" class=\"alignnone size-medium wp-image-12972\" src=\"http:\/\/www.lospoliticosveracruz.com.mx\/wp-content\/uploads\/2014\/10\/Pe\u00f1a-300x181.jpg\" alt=\"Pe\u00f1a\" width=\"300\" height=\"181\" \/><\/a><\/p>\n<p><strong>Armando Ortiz<\/strong><\/p>\n<p><em>El Hijo Pr\u00f3digo<\/em><\/p>\n<p>&nbsp;<\/p>\n<p>Se\u00f1or presidente Enrique Pe\u00f1a Nieto, el d\u00eda de ayer por la ma\u00f1ana me despert\u00e9 y lo primero que hice fue ver las noticias. Usted estaba en ellas reprochando la conducta de los manifestantes que con violencia inusitada derramaban su c\u00f3lera en contra de edificios p\u00fablicos, en contra del mismo palacio de Gobierno del estado de Guerrero, del palacio municipal de Iguala. Sus palabras textuales fueron: \u00abEs incongruente exigir la aplicaci\u00f3n de la ley con acciones que violentan el Estado de derecho como las ocurridas ayer en Iguala\u00bb. Quiero dejar en claro que estoy plenamente de acuerdo con usted.<br \/>\nPero se\u00f1or presidente, para poder dictar esas palabras y conseguir que el mensaje contenido en ellas tenga el efecto que desea, usted tendr\u00eda que haber sido un dechado de congruencia, y usted \u2014disculpe que se lo diga\u2014 no lo es. Aprendimos de su incongruencia desde los tiempos en que era candidato a la Presidencia de la Rep\u00fablica. \u00bfSe acuerda de ese d\u00eda en la Feria Internacional del Libro de Guadalajara, cuando fue a presentar un libro de su autor\u00eda titulado M\u00e9xico la gran esperanza? \u00bfD\u00f3nde cabe la congruencia de un sujeto que va a presentar un libro, que contiene decenas de citas de otros libros, pero que no puede nombrar tres libros que hayan impactado en su vida?<br \/>\nLa congruencia, se\u00f1or presidente, es la relaci\u00f3n l\u00f3gica que existe entre los que se piensa y lo que se dice, entre lo que se dice y lo que se hace. Y usted piensa una cosa y dice otra, dice una cosa y hace otra, \u00bfd\u00f3nde est\u00e1 la congruencia se\u00f1or presidente?<br \/>\nPor eso, es in\u00fatil que pida congruencia a los j\u00f3venes que desatan su furia en contra de las instituciones gubernamentales, ya que no hubo, por parte de estas instituciones, congruencia. Mire nada m\u00e1s: la polic\u00eda que deber\u00eda proteger a sus ciudadanos, la polic\u00eda que deber\u00eda salvaguardar el orden, fue la misma que entreg\u00f3 a los 43 j\u00f3venes de Ayotzinapa a los criminales para que ellos mataran de un balazo a los que tuvieron suerte y calcinaran vivos a los que no tuvieron la suerte de la muerte inmediata. \u00bfD\u00f3nde est\u00e1 la congruencia se\u00f1or presidente?<br \/>\nEste pa\u00eds ha sido tomado por las fuerzas del crimen organizado. Tal vez lo sabe, tal vez no, pero el concepto \u2018crimen organizado\u2019 se origina en Italia, con el fen\u00f3meno de la mafia. El concepto se refiere a los grupos delincuenciales que se han involucrado (organizado) con las instituciones del Estado. Es decir, para que exista crimen organizado deben crearse antes los v\u00ednculos necesarios para que los criminales gocen de plena impunidad; sin estos v\u00ednculos no existir\u00eda crimen organizado. \u00bfD\u00f3nde est\u00e1 la congruencia se\u00f1or presidente?<br \/>\nImpunidad, \u00bfle parece conocida la palabra? Su significado es simple, seg\u00fan el diccionario de la RAE impunidad se define como la falta de castigo. La impunidad se ha convertido en un vocablo com\u00fan en este pa\u00eds. La impunidad es hija bastarda de la justicia que se ejerce en este pa\u00eds. Usted mismo ha gozado de impunidad. \u00bfO ya no se acuerda de la masacre de Atenco? Si hubiera congruencia en sus actos, se\u00f1or presidente, usted hubiera renunciado a su cargo de gobernador del Estado de M\u00e9xico, as\u00ed como oblig\u00f3 a hacerlo a \u00c1ngel Aguirre Rivero en el gobierno del estado de Guerrero. Por eso pregunto otra vez: \u00bfd\u00f3nde est\u00e1 la congruencia se\u00f1or presidente?<br \/>\nSe\u00f1or presidente, es lamentable que un individuo busque, con sus acciones inicuas, perjudicar a su pr\u00f3jimo, pero es m\u00e1s lamentable que un sujeto que pertenece a una instituci\u00f3n del Estado, y que est\u00e1 para garantizar la seguridad y bienestar de los ciudadanos, se preste para que el delincuente consiga sus fines. Para una sociedad civilizada, el que mata a un ciudadano es tan culpable como el que le provey\u00f3 el arma, pero tambi\u00e9n es culpable el que, debiendo defenderlo, no lo hace, antes bien se ocupa de allanarle el camino al criminal para que cometa el asesinato. \u00bfD\u00f3nde est\u00e1 la congruencia se\u00f1or presidente?<br \/>\nSe\u00f1or presidente, usted ha estado muy ocupado con \u00ablas reformas que habr\u00e1n de cambiar el rumbo de este pa\u00eds\u00bb y tal vez por eso no se ha dado cuenta que en muchos estados de la Rep\u00fablica, en muchos municipios, existe un vac\u00edo de poder que ha sido ocupado por el crimen organizado. Lo que pas\u00f3 en Ayotzinapa es una muestra de lo que ha venido pasando en muchos lugares de este pa\u00eds. Pero entienda, esto no estar\u00eda sucediendo \u2014al menos no en esta magnitud\u2014 si sus funcionarios p\u00fablicos, los que ejercen y ejecutan la justicia, no estuvieran complicados con las mafias del crimen. \u00bfD\u00f3nde est\u00e1 la congruencia se\u00f1or presidente?<br \/>\nPor \u00faltimo se\u00f1or presidente, dice Borges, un escritor argentino, que \u00ablo que hace un hombre es como si lo hicieran todos los hombres\u00bb, bajo esta misma regla, lo que sufre un joven es como si lo sufrieran todos los j\u00f3venes; lo que siente un joven es como si lo sintieran todos los j\u00f3venes, por eso no le extra\u00f1e que esta indignaci\u00f3n, este dolor, esta rabia se extienda a todos los j\u00f3venes de este pa\u00eds y, por lo que puedo ver, a todos los j\u00f3venes del mundo. La muerte de 43 j\u00f3venes ha matado una parte en cada uno de ellos.<br \/>\nTambi\u00e9n, bajo esta misma regla, lo que hace un funcionario p\u00fablico es como si lo hicieran todos los funcionarios p\u00fablicos y esa responsabilidad le toca tambi\u00e9n a usted. Porque muy presidente que se dice usted, pero no deja de ser un funcionario p\u00fablico. \u00bfSiente verg\u00fcenza real por el cargo que ostenta? \u00bfSiente indignaci\u00f3n? Pues deber\u00eda.<br \/>\nSin m\u00e1s por el momento me despido, no sin antes decirle que se deje de reformas, que deje de presentarse como el \u201csalvador de M\u00e9xico\u201d y se ocupe en ser lo que dice ser: el presidente de este pa\u00eds sin orden; entonces empezar\u00e9 a creer que puede ser usted una persona congruente.<\/p>\n<p>Atentamente:<br \/>\nArmando Ortiz aortiz52@hotmail.com<\/p>\n<p>Xalapa Ver., 25 de octubre de 2014<\/p>\n","protected":false},"excerpt":{"rendered":"<p>Armando Ortiz El Hijo Pr\u00f3digo &nbsp; Se\u00f1or presidente Enrique Pe\u00f1a Nieto, el d\u00eda de ayer por la ma\u00f1ana me despert\u00e9 y lo primero que hice fue ver las noticias. Usted estaba en ellas reprochando la conducta de los manifestantes que con violencia inusitada derramaban su c\u00f3lera en contra de edificios p\u00fablicos, en contra del mismo [&hellip;]<\/p>\n","protected":false},"author":2,"featured_media":0,"comment_status":"open","ping_status":"open","sticky":false,"template":"","format":"standard","meta":{"tdm_status":"","tdm_grid_status":"","footnotes":""},"categories":[70],"tags":[281],"class_list":{"0":"post-12971","1":"post","2":"type-post","3":"status-publish","4":"format-standard","6":"category-de-opinion","7":"tag-enrique-pena-nieto"},"yoast_head":"<!-- This site is optimized with the Yoast SEO plugin v27.4 - https:\/\/yoast.com\/product\/yoast-seo-wordpress\/ -->\n<title>Ayotzinapa, carta a un presidente incongruente - Los pol\u00edticos Veracruz<\/title>\n<meta name=\"robots\" content=\"index, follow, max-snippet:-1, max-image-preview:large, max-video-preview:-1\" \/>\n<link rel=\"canonical\" href=\"https:\/\/lospoliticosveracruz.com\/?p=12971\" \/>\n<meta property=\"og:locale\" content=\"es_ES\" \/>\n<meta property=\"og:type\" content=\"article\" \/>\n<meta property=\"og:title\" content=\"Ayotzinapa, carta a un presidente incongruente - Los pol\u00edticos Veracruz\" \/>\n<meta property=\"og:description\" content=\"Armando Ortiz El Hijo Pr\u00f3digo &nbsp; Se\u00f1or presidente Enrique Pe\u00f1a Nieto, el d\u00eda de ayer por la ma\u00f1ana me despert\u00e9 y lo primero que hice fue ver las noticias. Usted estaba en ellas reprochando la conducta de los manifestantes que con violencia inusitada derramaban su c\u00f3lera en contra de edificios p\u00fablicos, en contra del mismo [&hellip;]\" \/>\n<meta property=\"og:url\" content=\"https:\/\/lospoliticosveracruz.com\/?p=12971\" \/>\n<meta property=\"og:site_name\" content=\"Los pol\u00edticos Veracruz\" \/>\n<meta property=\"article:publisher\" content=\"https:\/\/www.facebook.com\/people\/Notimemes-de-los-Polticos\/61565672886568\/\" \/>\n<meta property=\"article:published_time\" content=\"2014-10-27T00:20:05+00:00\" \/>\n<meta property=\"og:image\" content=\"https:\/\/lospoliticosveracruz.com\/wp-content\/uploads\/2016\/07\/Logo-Dor.jpg\" \/>\n\t<meta property=\"og:image:width\" content=\"200\" \/>\n\t<meta property=\"og:image:height\" content=\"200\" \/>\n\t<meta property=\"og:image:type\" content=\"image\/jpeg\" \/>\n<meta name=\"author\" content=\"Lo viste en Los Pol\u00edticos\" \/>\n<meta name=\"twitter:card\" content=\"summary_large_image\" \/>\n<meta name=\"twitter:creator\" content=\"@LosPoliticosVer\" \/>\n<meta name=\"twitter:site\" content=\"@LosPoliticosVer\" \/>\n<meta name=\"twitter:label1\" content=\"Escrito por\" \/>\n\t<meta name=\"twitter:data1\" content=\"Lo viste en Los Pol\u00edticos\" \/>\n\t<meta name=\"twitter:label2\" content=\"Tiempo de lectura\" \/>\n\t<meta name=\"twitter:data2\" content=\"5 minutos\" \/>\n<script type=\"application\/ld+json\" class=\"yoast-schema-graph\">{\"@context\":\"https:\\\/\\\/schema.org\",\"@graph\":[{\"@type\":\"Article\",\"@id\":\"https:\\\/\\\/lospoliticosveracruz.com\\\/?p=12971#article\",\"isPartOf\":{\"@id\":\"https:\\\/\\\/lospoliticosveracruz.com\\\/?p=12971\"},\"author\":{\"name\":\"Lo viste en Los Pol\u00edticos\",\"@id\":\"https:\\\/\\\/lospoliticosveracruz.com\\\/#\\\/schema\\\/person\\\/b8702bb0e538456e6efd07080bf2a4a2\"},\"headline\":\"Ayotzinapa, carta a un presidente incongruente\",\"datePublished\":\"2014-10-27T00:20:05+00:00\",\"mainEntityOfPage\":{\"@id\":\"https:\\\/\\\/lospoliticosveracruz.com\\\/?p=12971\"},\"wordCount\":1080,\"commentCount\":0,\"publisher\":{\"@id\":\"https:\\\/\\\/lospoliticosveracruz.com\\\/#organization\"},\"keywords\":[\"Enrique Pe\u00f1a Nieto\"],\"articleSection\":[\"De Opini\u00f3n\"],\"inLanguage\":\"es\",\"potentialAction\":[{\"@type\":\"CommentAction\",\"name\":\"Comment\",\"target\":[\"https:\\\/\\\/lospoliticosveracruz.com\\\/?p=12971#respond\"]}]},{\"@type\":\"WebPage\",\"@id\":\"https:\\\/\\\/lospoliticosveracruz.com\\\/?p=12971\",\"url\":\"https:\\\/\\\/lospoliticosveracruz.com\\\/?p=12971\",\"name\":\"Ayotzinapa, carta a un presidente incongruente - Los pol\u00edticos Veracruz\",\"isPartOf\":{\"@id\":\"https:\\\/\\\/lospoliticosveracruz.com\\\/#website\"},\"datePublished\":\"2014-10-27T00:20:05+00:00\",\"breadcrumb\":{\"@id\":\"https:\\\/\\\/lospoliticosveracruz.com\\\/?p=12971#breadcrumb\"},\"inLanguage\":\"es\",\"potentialAction\":[{\"@type\":\"ReadAction\",\"target\":[\"https:\\\/\\\/lospoliticosveracruz.com\\\/?p=12971\"]}]},{\"@type\":\"BreadcrumbList\",\"@id\":\"https:\\\/\\\/lospoliticosveracruz.com\\\/?p=12971#breadcrumb\",\"itemListElement\":[{\"@type\":\"ListItem\",\"position\":1,\"name\":\"Portada\",\"item\":\"https:\\\/\\\/lospoliticosveracruz.com\\\/\"},{\"@type\":\"ListItem\",\"position\":2,\"name\":\"Ayotzinapa, carta a un presidente incongruente\"}]},{\"@type\":\"WebSite\",\"@id\":\"https:\\\/\\\/lospoliticosveracruz.com\\\/#website\",\"url\":\"https:\\\/\\\/lospoliticosveracruz.com\\\/\",\"name\":\"Los pol\u00edticos Veracruz\",\"description\":\"\",\"publisher\":{\"@id\":\"https:\\\/\\\/lospoliticosveracruz.com\\\/#organization\"},\"potentialAction\":[{\"@type\":\"SearchAction\",\"target\":{\"@type\":\"EntryPoint\",\"urlTemplate\":\"https:\\\/\\\/lospoliticosveracruz.com\\\/?s={search_term_string}\"},\"query-input\":{\"@type\":\"PropertyValueSpecification\",\"valueRequired\":true,\"valueName\":\"search_term_string\"}}],\"inLanguage\":\"es\"},{\"@type\":\"Organization\",\"@id\":\"https:\\\/\\\/lospoliticosveracruz.com\\\/#organization\",\"name\":\"Los pol\u00edticos Veracruz\",\"url\":\"https:\\\/\\\/lospoliticosveracruz.com\\\/\",\"logo\":{\"@type\":\"ImageObject\",\"inLanguage\":\"es\",\"@id\":\"https:\\\/\\\/lospoliticosveracruz.com\\\/#\\\/schema\\\/logo\\\/image\\\/\",\"url\":\"https:\\\/\\\/lospoliticosveracruz.com\\\/wp-content\\\/uploads\\\/2025\\\/12\\\/Logo-Nuevo-LOS-POLITICOS-1.jpg\",\"contentUrl\":\"https:\\\/\\\/lospoliticosveracruz.com\\\/wp-content\\\/uploads\\\/2025\\\/12\\\/Logo-Nuevo-LOS-POLITICOS-1.jpg\",\"width\":260,\"height\":70,\"caption\":\"Los pol\u00edticos Veracruz\"},\"image\":{\"@id\":\"https:\\\/\\\/lospoliticosveracruz.com\\\/#\\\/schema\\\/logo\\\/image\\\/\"},\"sameAs\":[\"https:\\\/\\\/www.facebook.com\\\/people\\\/Notimemes-de-los-Polticos\\\/61565672886568\\\/\",\"https:\\\/\\\/x.com\\\/LosPoliticosVer\"]},{\"@type\":\"Person\",\"@id\":\"https:\\\/\\\/lospoliticosveracruz.com\\\/#\\\/schema\\\/person\\\/b8702bb0e538456e6efd07080bf2a4a2\",\"name\":\"Lo viste en Los Pol\u00edticos\",\"image\":{\"@type\":\"ImageObject\",\"inLanguage\":\"es\",\"@id\":\"https:\\\/\\\/secure.gravatar.com\\\/avatar\\\/3a8de04a2656d44082be478bd6c086daa447c4651605818287b9532d3d0bd435?s=96&d=mm&r=g\",\"url\":\"https:\\\/\\\/secure.gravatar.com\\\/avatar\\\/3a8de04a2656d44082be478bd6c086daa447c4651605818287b9532d3d0bd435?s=96&d=mm&r=g\",\"contentUrl\":\"https:\\\/\\\/secure.gravatar.com\\\/avatar\\\/3a8de04a2656d44082be478bd6c086daa447c4651605818287b9532d3d0bd435?s=96&d=mm&r=g\",\"caption\":\"Lo viste en Los Pol\u00edticos\"},\"url\":\"https:\\\/\\\/lospoliticosveracruz.com\\\/?author=2\"}]}<\/script>\n<!-- \/ Yoast SEO plugin. -->","yoast_head_json":{"title":"Ayotzinapa, carta a un presidente incongruente - Los pol\u00edticos Veracruz","robots":{"index":"index","follow":"follow","max-snippet":"max-snippet:-1","max-image-preview":"max-image-preview:large","max-video-preview":"max-video-preview:-1"},"canonical":"https:\/\/lospoliticosveracruz.com\/?p=12971","og_locale":"es_ES","og_type":"article","og_title":"Ayotzinapa, carta a un presidente incongruente - Los pol\u00edticos Veracruz","og_description":"Armando Ortiz El Hijo Pr\u00f3digo &nbsp; Se\u00f1or presidente Enrique Pe\u00f1a Nieto, el d\u00eda de ayer por la ma\u00f1ana me despert\u00e9 y lo primero que hice fue ver las noticias. Usted estaba en ellas reprochando la conducta de los manifestantes que con violencia inusitada derramaban su c\u00f3lera en contra de edificios p\u00fablicos, en contra del mismo [&hellip;]","og_url":"https:\/\/lospoliticosveracruz.com\/?p=12971","og_site_name":"Los pol\u00edticos Veracruz","article_publisher":"https:\/\/www.facebook.com\/people\/Notimemes-de-los-Polticos\/61565672886568\/","article_published_time":"2014-10-27T00:20:05+00:00","og_image":[{"width":200,"height":200,"url":"https:\/\/lospoliticosveracruz.com\/wp-content\/uploads\/2016\/07\/Logo-Dor.jpg","type":"image\/jpeg"}],"author":"Lo viste en Los Pol\u00edticos","twitter_card":"summary_large_image","twitter_creator":"@LosPoliticosVer","twitter_site":"@LosPoliticosVer","twitter_misc":{"Escrito por":"Lo viste en Los Pol\u00edticos","Tiempo de lectura":"5 minutos"},"schema":{"@context":"https:\/\/schema.org","@graph":[{"@type":"Article","@id":"https:\/\/lospoliticosveracruz.com\/?p=12971#article","isPartOf":{"@id":"https:\/\/lospoliticosveracruz.com\/?p=12971"},"author":{"name":"Lo viste en Los Pol\u00edticos","@id":"https:\/\/lospoliticosveracruz.com\/#\/schema\/person\/b8702bb0e538456e6efd07080bf2a4a2"},"headline":"Ayotzinapa, carta a un presidente incongruente","datePublished":"2014-10-27T00:20:05+00:00","mainEntityOfPage":{"@id":"https:\/\/lospoliticosveracruz.com\/?p=12971"},"wordCount":1080,"commentCount":0,"publisher":{"@id":"https:\/\/lospoliticosveracruz.com\/#organization"},"keywords":["Enrique Pe\u00f1a Nieto"],"articleSection":["De Opini\u00f3n"],"inLanguage":"es","potentialAction":[{"@type":"CommentAction","name":"Comment","target":["https:\/\/lospoliticosveracruz.com\/?p=12971#respond"]}]},{"@type":"WebPage","@id":"https:\/\/lospoliticosveracruz.com\/?p=12971","url":"https:\/\/lospoliticosveracruz.com\/?p=12971","name":"Ayotzinapa, carta a un presidente incongruente - Los pol\u00edticos Veracruz","isPartOf":{"@id":"https:\/\/lospoliticosveracruz.com\/#website"},"datePublished":"2014-10-27T00:20:05+00:00","breadcrumb":{"@id":"https:\/\/lospoliticosveracruz.com\/?p=12971#breadcrumb"},"inLanguage":"es","potentialAction":[{"@type":"ReadAction","target":["https:\/\/lospoliticosveracruz.com\/?p=12971"]}]},{"@type":"BreadcrumbList","@id":"https:\/\/lospoliticosveracruz.com\/?p=12971#breadcrumb","itemListElement":[{"@type":"ListItem","position":1,"name":"Portada","item":"https:\/\/lospoliticosveracruz.com\/"},{"@type":"ListItem","position":2,"name":"Ayotzinapa, carta a un presidente incongruente"}]},{"@type":"WebSite","@id":"https:\/\/lospoliticosveracruz.com\/#website","url":"https:\/\/lospoliticosveracruz.com\/","name":"Los pol\u00edticos Veracruz","description":"","publisher":{"@id":"https:\/\/lospoliticosveracruz.com\/#organization"},"potentialAction":[{"@type":"SearchAction","target":{"@type":"EntryPoint","urlTemplate":"https:\/\/lospoliticosveracruz.com\/?s={search_term_string}"},"query-input":{"@type":"PropertyValueSpecification","valueRequired":true,"valueName":"search_term_string"}}],"inLanguage":"es"},{"@type":"Organization","@id":"https:\/\/lospoliticosveracruz.com\/#organization","name":"Los pol\u00edticos Veracruz","url":"https:\/\/lospoliticosveracruz.com\/","logo":{"@type":"ImageObject","inLanguage":"es","@id":"https:\/\/lospoliticosveracruz.com\/#\/schema\/logo\/image\/","url":"https:\/\/lospoliticosveracruz.com\/wp-content\/uploads\/2025\/12\/Logo-Nuevo-LOS-POLITICOS-1.jpg","contentUrl":"https:\/\/lospoliticosveracruz.com\/wp-content\/uploads\/2025\/12\/Logo-Nuevo-LOS-POLITICOS-1.jpg","width":260,"height":70,"caption":"Los pol\u00edticos Veracruz"},"image":{"@id":"https:\/\/lospoliticosveracruz.com\/#\/schema\/logo\/image\/"},"sameAs":["https:\/\/www.facebook.com\/people\/Notimemes-de-los-Polticos\/61565672886568\/","https:\/\/x.com\/LosPoliticosVer"]},{"@type":"Person","@id":"https:\/\/lospoliticosveracruz.com\/#\/schema\/person\/b8702bb0e538456e6efd07080bf2a4a2","name":"Lo viste en Los Pol\u00edticos","image":{"@type":"ImageObject","inLanguage":"es","@id":"https:\/\/secure.gravatar.com\/avatar\/3a8de04a2656d44082be478bd6c086daa447c4651605818287b9532d3d0bd435?s=96&d=mm&r=g","url":"https:\/\/secure.gravatar.com\/avatar\/3a8de04a2656d44082be478bd6c086daa447c4651605818287b9532d3d0bd435?s=96&d=mm&r=g","contentUrl":"https:\/\/secure.gravatar.com\/avatar\/3a8de04a2656d44082be478bd6c086daa447c4651605818287b9532d3d0bd435?s=96&d=mm&r=g","caption":"Lo viste en Los Pol\u00edticos"},"url":"https:\/\/lospoliticosveracruz.com\/?author=2"}]}},"_links":{"self":[{"href":"https:\/\/lospoliticosveracruz.com\/index.php?rest_route=\/wp\/v2\/posts\/12971","targetHints":{"allow":["GET"]}}],"collection":[{"href":"https:\/\/lospoliticosveracruz.com\/index.php?rest_route=\/wp\/v2\/posts"}],"about":[{"href":"https:\/\/lospoliticosveracruz.com\/index.php?rest_route=\/wp\/v2\/types\/post"}],"author":[{"embeddable":true,"href":"https:\/\/lospoliticosveracruz.com\/index.php?rest_route=\/wp\/v2\/users\/2"}],"replies":[{"embeddable":true,"href":"https:\/\/lospoliticosveracruz.com\/index.php?rest_route=%2Fwp%2Fv2%2Fcomments&post=12971"}],"version-history":[{"count":1,"href":"https:\/\/lospoliticosveracruz.com\/index.php?rest_route=\/wp\/v2\/posts\/12971\/revisions"}],"predecessor-version":[{"id":12973,"href":"https:\/\/lospoliticosveracruz.com\/index.php?rest_route=\/wp\/v2\/posts\/12971\/revisions\/12973"}],"wp:attachment":[{"href":"https:\/\/lospoliticosveracruz.com\/index.php?rest_route=%2Fwp%2Fv2%2Fmedia&parent=12971"}],"wp:term":[{"taxonomy":"category","embeddable":true,"href":"https:\/\/lospoliticosveracruz.com\/index.php?rest_route=%2Fwp%2Fv2%2Fcategories&post=12971"},{"taxonomy":"post_tag","embeddable":true,"href":"https:\/\/lospoliticosveracruz.com\/index.php?rest_route=%2Fwp%2Fv2%2Ftags&post=12971"}],"curies":[{"name":"wp","href":"https:\/\/api.w.org\/{rel}","templated":true}]}}