{"id":129737,"date":"2024-09-09T20:45:54","date_gmt":"2024-09-10T01:45:54","guid":{"rendered":"https:\/\/lospoliticosveracruz.com.mx\/?p=129737"},"modified":"2024-09-09T20:46:07","modified_gmt":"2024-09-10T01:46:07","slug":"la-hora-de-la-verdad","status":"publish","type":"post","link":"https:\/\/lospoliticosveracruz.com\/?p=129737","title":{"rendered":"LA HORA DE LA VERDAD"},"content":{"rendered":"\n<p><strong>Juan Javier G\u00f3mez Cazar\u00edn*<\/strong><\/p>\n\n\n\n<p><em>Parlamento Veracruz<br><\/em><\/p>\n\n\n\n<p>Escribo esta columna a unas horas de una votaci\u00f3n definitiva para el pa\u00eds.<\/p>\n\n\n\n<p>Ma\u00f1ana martes se votar\u00e1 en el Senado de la Rep\u00fablica la Reforma Judicial que ya se aprob\u00f3 en la C\u00e1mara de Diputados.<\/p>\n\n\n\n<p>Y lo cierto es que, en esta tarde del lunes, no se sabe a ciencia cierta si las Senadoras y los Senadores de oposici\u00f3n obedecer\u00e1n a sus l\u00edderes de partido o a la voluntad del pueblo.<\/p>\n\n\n<div class=\"wp-block-image\">\n<figure class=\"alignleft size-thumbnail\"><a href=\"https:\/\/lospoliticosveracruz.com.mx\/wp-content\/uploads\/2024\/05\/IMG_0341-e1716950925234.jpeg\"><img loading=\"lazy\" decoding=\"async\" width=\"150\" height=\"150\" src=\"https:\/\/lospoliticosveracruz.com.mx\/wp-content\/uploads\/2024\/05\/IMG_0341-150x150.jpeg\" alt=\"\" class=\"wp-image-125332\"\/><\/a><\/figure>\n<\/div>\n\n\n<p>Y es que, cuando se tienen ganas de servir a M\u00e9xico, las diferencias de partido pueden (y deben) hacerse a un lado.<\/p>\n\n\n\n<p>Aqu\u00ed, en Veracruz, no han sido pocos los acuerdos que se han aprobado por unanimidad, con votos de Morena, del PT y el Verde, pero tambi\u00e9n del PRI, el PAN y MC.<\/p>\n\n\n\n<p>Incluso el nombramiento de Magistradas y Magistrados, por citar un caso del Poder Judicial local.<\/p>\n\n\n\n<p>Claro que no siempre ocurre. Muchas veces la falta de coincidencias es insalvable. Pero, estoy convencido, de que siempre existe la posibilidad de construir acuerdos.<\/p>\n\n\n\n<p>Para las Senadoras y Senadores de la Rep\u00fablica ma\u00f1ana ser\u00e1 la hora de la verdad.<\/p>\n\n\n\n<p>Porque no importa qu\u00e9 digamos o qu\u00e9 hagamos las legisladoras y los legisladores: a final de cuentas, la historia nos juzgar\u00e1 por nuestros votos.<\/p>\n\n\n\n<p>Ma\u00f1ana habr\u00e1 votos a favor del pueblo o a favor de los intereses particulares de sus l\u00edderes de partido. Ellas y ellos tendr\u00e1n la decisi\u00f3n.<\/p>\n\n\n\n<p>Yo soy optimista en pensar que se impondr\u00e1 la sensatez, las ganas de servir a la patria y la responsabilidad con el futuro de M\u00e9xico.<\/p>\n\n\n\n<p>Quien vote a favor tendr\u00e1 nuestros respetos.<\/p>\n\n\n\n<p>Conf\u00edo en que se aprobar\u00e1 y que la Reforma Judicial que marcar\u00e1 un antes y un despu\u00e9s en la vida p\u00fablica de este pa\u00eds, ser\u00e1 ley suprema.<\/p>\n\n\n\n<p>Si pudiera hablar con cada Senadora y con cada Senador, le dir\u00eda: el pueblo de M\u00e9xico te est\u00e1 viendo.<\/p>\n\n\n\n<p>*Diputado local. Presidente de la Junta de Coordinaci\u00f3n Pol\u00edtica.<\/p>\n","protected":false},"excerpt":{"rendered":"<p>Juan Javier G\u00f3mez Cazar\u00edn* Parlamento Veracruz Escribo esta columna a unas horas de una votaci\u00f3n definitiva para el pa\u00eds. Ma\u00f1ana martes se votar\u00e1 en el Senado de la Rep\u00fablica la Reforma Judicial que ya se aprob\u00f3 en la C\u00e1mara de Diputados. Y lo cierto es que, en esta tarde del lunes, no se sabe a [&hellip;]<\/p>\n","protected":false},"author":2,"featured_media":119933,"comment_status":"closed","ping_status":"closed","sticky":false,"template":"","format":"standard","meta":{"tdm_status":"","tdm_grid_status":"","footnotes":""},"categories":[70],"tags":[38581,41304,1315],"class_list":{"0":"post-129737","1":"post","2":"type-post","3":"status-publish","4":"format-standard","5":"has-post-thumbnail","7":"category-de-opinion","8":"tag-juan-javier-gomez-cazarin-3","9":"tag-reforma-judicial","10":"tag-senado-de-la-republica"},"yoast_head":"<!-- This site is optimized with the Yoast SEO plugin v27.4 - https:\/\/yoast.com\/product\/yoast-seo-wordpress\/ -->\n<title>LA HORA DE LA VERDAD - Los pol\u00edticos Veracruz<\/title>\n<meta name=\"robots\" content=\"index, follow, max-snippet:-1, max-image-preview:large, max-video-preview:-1\" \/>\n<link rel=\"canonical\" href=\"https:\/\/lospoliticosveracruz.com\/?p=129737\" \/>\n<meta property=\"og:locale\" content=\"es_ES\" \/>\n<meta property=\"og:type\" content=\"article\" \/>\n<meta property=\"og:title\" content=\"LA HORA DE LA VERDAD - Los pol\u00edticos Veracruz\" \/>\n<meta property=\"og:description\" content=\"Juan Javier G\u00f3mez Cazar\u00edn* Parlamento Veracruz Escribo esta columna a unas horas de una votaci\u00f3n definitiva para el pa\u00eds. Ma\u00f1ana martes se votar\u00e1 en el Senado de la Rep\u00fablica la Reforma Judicial que ya se aprob\u00f3 en la C\u00e1mara de Diputados. Y lo cierto es que, en esta tarde del lunes, no se sabe a [&hellip;]\" \/>\n<meta property=\"og:url\" content=\"https:\/\/lospoliticosveracruz.com\/?p=129737\" \/>\n<meta property=\"og:site_name\" content=\"Los pol\u00edticos Veracruz\" \/>\n<meta property=\"article:publisher\" content=\"https:\/\/www.facebook.com\/people\/Notimemes-de-los-Polticos\/61565672886568\/\" \/>\n<meta property=\"article:published_time\" content=\"2024-09-10T01:45:54+00:00\" \/>\n<meta property=\"article:modified_time\" content=\"2024-09-10T01:46:07+00:00\" \/>\n<meta property=\"og:image\" content=\"https:\/\/lospoliticosveracruz.com\/wp-content\/uploads\/2024\/03\/Juan-Javier-Gomez-Cazarin.jpg\" \/>\n\t<meta property=\"og:image:width\" content=\"1250\" \/>\n\t<meta property=\"og:image:height\" content=\"667\" \/>\n\t<meta property=\"og:image:type\" content=\"image\/jpeg\" \/>\n<meta name=\"author\" content=\"Lo viste en Los Pol\u00edticos\" \/>\n<meta name=\"twitter:card\" content=\"summary_large_image\" \/>\n<meta name=\"twitter:creator\" content=\"@LosPoliticosVer\" \/>\n<meta name=\"twitter:site\" content=\"@LosPoliticosVer\" \/>\n<meta name=\"twitter:label1\" content=\"Escrito por\" \/>\n\t<meta name=\"twitter:data1\" content=\"Lo viste en Los Pol\u00edticos\" \/>\n\t<meta name=\"twitter:label2\" content=\"Tiempo de lectura\" \/>\n\t<meta name=\"twitter:data2\" content=\"2 minutos\" \/>\n<script type=\"application\/ld+json\" class=\"yoast-schema-graph\">{\"@context\":\"https:\\\/\\\/schema.org\",\"@graph\":[{\"@type\":\"Article\",\"@id\":\"https:\\\/\\\/lospoliticosveracruz.com\\\/?p=129737#article\",\"isPartOf\":{\"@id\":\"https:\\\/\\\/lospoliticosveracruz.com\\\/?p=129737\"},\"author\":{\"name\":\"Lo viste en Los Pol\u00edticos\",\"@id\":\"https:\\\/\\\/lospoliticosveracruz.com\\\/#\\\/schema\\\/person\\\/b8702bb0e538456e6efd07080bf2a4a2\"},\"headline\":\"LA HORA DE LA VERDAD\",\"datePublished\":\"2024-09-10T01:45:54+00:00\",\"dateModified\":\"2024-09-10T01:46:07+00:00\",\"mainEntityOfPage\":{\"@id\":\"https:\\\/\\\/lospoliticosveracruz.com\\\/?p=129737\"},\"wordCount\":354,\"publisher\":{\"@id\":\"https:\\\/\\\/lospoliticosveracruz.com\\\/#organization\"},\"image\":{\"@id\":\"https:\\\/\\\/lospoliticosveracruz.com\\\/?p=129737#primaryimage\"},\"thumbnailUrl\":\"https:\\\/\\\/lospoliticosveracruz.com\\\/wp-content\\\/uploads\\\/2024\\\/03\\\/Juan-Javier-Gomez-Cazarin.jpg\",\"keywords\":[\"Juan Javier G\u00f3mez Cazar\u00edn*\",\"Reforma Judicial\",\"Senado de la Rep\u00fablica\"],\"articleSection\":[\"De Opini\u00f3n\"],\"inLanguage\":\"es\"},{\"@type\":\"WebPage\",\"@id\":\"https:\\\/\\\/lospoliticosveracruz.com\\\/?p=129737\",\"url\":\"https:\\\/\\\/lospoliticosveracruz.com\\\/?p=129737\",\"name\":\"LA HORA DE LA VERDAD - Los pol\u00edticos Veracruz\",\"isPartOf\":{\"@id\":\"https:\\\/\\\/lospoliticosveracruz.com\\\/#website\"},\"primaryImageOfPage\":{\"@id\":\"https:\\\/\\\/lospoliticosveracruz.com\\\/?p=129737#primaryimage\"},\"image\":{\"@id\":\"https:\\\/\\\/lospoliticosveracruz.com\\\/?p=129737#primaryimage\"},\"thumbnailUrl\":\"https:\\\/\\\/lospoliticosveracruz.com\\\/wp-content\\\/uploads\\\/2024\\\/03\\\/Juan-Javier-Gomez-Cazarin.jpg\",\"datePublished\":\"2024-09-10T01:45:54+00:00\",\"dateModified\":\"2024-09-10T01:46:07+00:00\",\"breadcrumb\":{\"@id\":\"https:\\\/\\\/lospoliticosveracruz.com\\\/?p=129737#breadcrumb\"},\"inLanguage\":\"es\",\"potentialAction\":[{\"@type\":\"ReadAction\",\"target\":[\"https:\\\/\\\/lospoliticosveracruz.com\\\/?p=129737\"]}]},{\"@type\":\"ImageObject\",\"inLanguage\":\"es\",\"@id\":\"https:\\\/\\\/lospoliticosveracruz.com\\\/?p=129737#primaryimage\",\"url\":\"https:\\\/\\\/lospoliticosveracruz.com\\\/wp-content\\\/uploads\\\/2024\\\/03\\\/Juan-Javier-Gomez-Cazarin.jpg\",\"contentUrl\":\"https:\\\/\\\/lospoliticosveracruz.com\\\/wp-content\\\/uploads\\\/2024\\\/03\\\/Juan-Javier-Gomez-Cazarin.jpg\",\"width\":1250,\"height\":667},{\"@type\":\"BreadcrumbList\",\"@id\":\"https:\\\/\\\/lospoliticosveracruz.com\\\/?p=129737#breadcrumb\",\"itemListElement\":[{\"@type\":\"ListItem\",\"position\":1,\"name\":\"Portada\",\"item\":\"https:\\\/\\\/lospoliticosveracruz.com\\\/\"},{\"@type\":\"ListItem\",\"position\":2,\"name\":\"LA HORA DE LA VERDAD\"}]},{\"@type\":\"WebSite\",\"@id\":\"https:\\\/\\\/lospoliticosveracruz.com\\\/#website\",\"url\":\"https:\\\/\\\/lospoliticosveracruz.com\\\/\",\"name\":\"Los pol\u00edticos Veracruz\",\"description\":\"\",\"publisher\":{\"@id\":\"https:\\\/\\\/lospoliticosveracruz.com\\\/#organization\"},\"potentialAction\":[{\"@type\":\"SearchAction\",\"target\":{\"@type\":\"EntryPoint\",\"urlTemplate\":\"https:\\\/\\\/lospoliticosveracruz.com\\\/?s={search_term_string}\"},\"query-input\":{\"@type\":\"PropertyValueSpecification\",\"valueRequired\":true,\"valueName\":\"search_term_string\"}}],\"inLanguage\":\"es\"},{\"@type\":\"Organization\",\"@id\":\"https:\\\/\\\/lospoliticosveracruz.com\\\/#organization\",\"name\":\"Los pol\u00edticos Veracruz\",\"url\":\"https:\\\/\\\/lospoliticosveracruz.com\\\/\",\"logo\":{\"@type\":\"ImageObject\",\"inLanguage\":\"es\",\"@id\":\"https:\\\/\\\/lospoliticosveracruz.com\\\/#\\\/schema\\\/logo\\\/image\\\/\",\"url\":\"https:\\\/\\\/lospoliticosveracruz.com\\\/wp-content\\\/uploads\\\/2025\\\/12\\\/Logo-Nuevo-LOS-POLITICOS-1.jpg\",\"contentUrl\":\"https:\\\/\\\/lospoliticosveracruz.com\\\/wp-content\\\/uploads\\\/2025\\\/12\\\/Logo-Nuevo-LOS-POLITICOS-1.jpg\",\"width\":260,\"height\":70,\"caption\":\"Los pol\u00edticos Veracruz\"},\"image\":{\"@id\":\"https:\\\/\\\/lospoliticosveracruz.com\\\/#\\\/schema\\\/logo\\\/image\\\/\"},\"sameAs\":[\"https:\\\/\\\/www.facebook.com\\\/people\\\/Notimemes-de-los-Polticos\\\/61565672886568\\\/\",\"https:\\\/\\\/x.com\\\/LosPoliticosVer\"]},{\"@type\":\"Person\",\"@id\":\"https:\\\/\\\/lospoliticosveracruz.com\\\/#\\\/schema\\\/person\\\/b8702bb0e538456e6efd07080bf2a4a2\",\"name\":\"Lo viste en Los Pol\u00edticos\",\"image\":{\"@type\":\"ImageObject\",\"inLanguage\":\"es\",\"@id\":\"https:\\\/\\\/secure.gravatar.com\\\/avatar\\\/3a8de04a2656d44082be478bd6c086daa447c4651605818287b9532d3d0bd435?s=96&d=mm&r=g\",\"url\":\"https:\\\/\\\/secure.gravatar.com\\\/avatar\\\/3a8de04a2656d44082be478bd6c086daa447c4651605818287b9532d3d0bd435?s=96&d=mm&r=g\",\"contentUrl\":\"https:\\\/\\\/secure.gravatar.com\\\/avatar\\\/3a8de04a2656d44082be478bd6c086daa447c4651605818287b9532d3d0bd435?s=96&d=mm&r=g\",\"caption\":\"Lo viste en Los Pol\u00edticos\"},\"url\":\"https:\\\/\\\/lospoliticosveracruz.com\\\/?author=2\"}]}<\/script>\n<!-- \/ Yoast SEO plugin. -->","yoast_head_json":{"title":"LA HORA DE LA VERDAD - Los pol\u00edticos Veracruz","robots":{"index":"index","follow":"follow","max-snippet":"max-snippet:-1","max-image-preview":"max-image-preview:large","max-video-preview":"max-video-preview:-1"},"canonical":"https:\/\/lospoliticosveracruz.com\/?p=129737","og_locale":"es_ES","og_type":"article","og_title":"LA HORA DE LA VERDAD - Los pol\u00edticos Veracruz","og_description":"Juan Javier G\u00f3mez Cazar\u00edn* Parlamento Veracruz Escribo esta columna a unas horas de una votaci\u00f3n definitiva para el pa\u00eds. Ma\u00f1ana martes se votar\u00e1 en el Senado de la Rep\u00fablica la Reforma Judicial que ya se aprob\u00f3 en la C\u00e1mara de Diputados. Y lo cierto es que, en esta tarde del lunes, no se sabe a [&hellip;]","og_url":"https:\/\/lospoliticosveracruz.com\/?p=129737","og_site_name":"Los pol\u00edticos Veracruz","article_publisher":"https:\/\/www.facebook.com\/people\/Notimemes-de-los-Polticos\/61565672886568\/","article_published_time":"2024-09-10T01:45:54+00:00","article_modified_time":"2024-09-10T01:46:07+00:00","og_image":[{"width":1250,"height":667,"url":"https:\/\/lospoliticosveracruz.com\/wp-content\/uploads\/2024\/03\/Juan-Javier-Gomez-Cazarin.jpg","type":"image\/jpeg"}],"author":"Lo viste en Los Pol\u00edticos","twitter_card":"summary_large_image","twitter_creator":"@LosPoliticosVer","twitter_site":"@LosPoliticosVer","twitter_misc":{"Escrito por":"Lo viste en Los Pol\u00edticos","Tiempo de lectura":"2 minutos"},"schema":{"@context":"https:\/\/schema.org","@graph":[{"@type":"Article","@id":"https:\/\/lospoliticosveracruz.com\/?p=129737#article","isPartOf":{"@id":"https:\/\/lospoliticosveracruz.com\/?p=129737"},"author":{"name":"Lo viste en Los Pol\u00edticos","@id":"https:\/\/lospoliticosveracruz.com\/#\/schema\/person\/b8702bb0e538456e6efd07080bf2a4a2"},"headline":"LA HORA DE LA VERDAD","datePublished":"2024-09-10T01:45:54+00:00","dateModified":"2024-09-10T01:46:07+00:00","mainEntityOfPage":{"@id":"https:\/\/lospoliticosveracruz.com\/?p=129737"},"wordCount":354,"publisher":{"@id":"https:\/\/lospoliticosveracruz.com\/#organization"},"image":{"@id":"https:\/\/lospoliticosveracruz.com\/?p=129737#primaryimage"},"thumbnailUrl":"https:\/\/lospoliticosveracruz.com\/wp-content\/uploads\/2024\/03\/Juan-Javier-Gomez-Cazarin.jpg","keywords":["Juan Javier G\u00f3mez Cazar\u00edn*","Reforma Judicial","Senado de la Rep\u00fablica"],"articleSection":["De Opini\u00f3n"],"inLanguage":"es"},{"@type":"WebPage","@id":"https:\/\/lospoliticosveracruz.com\/?p=129737","url":"https:\/\/lospoliticosveracruz.com\/?p=129737","name":"LA HORA DE LA VERDAD - Los pol\u00edticos Veracruz","isPartOf":{"@id":"https:\/\/lospoliticosveracruz.com\/#website"},"primaryImageOfPage":{"@id":"https:\/\/lospoliticosveracruz.com\/?p=129737#primaryimage"},"image":{"@id":"https:\/\/lospoliticosveracruz.com\/?p=129737#primaryimage"},"thumbnailUrl":"https:\/\/lospoliticosveracruz.com\/wp-content\/uploads\/2024\/03\/Juan-Javier-Gomez-Cazarin.jpg","datePublished":"2024-09-10T01:45:54+00:00","dateModified":"2024-09-10T01:46:07+00:00","breadcrumb":{"@id":"https:\/\/lospoliticosveracruz.com\/?p=129737#breadcrumb"},"inLanguage":"es","potentialAction":[{"@type":"ReadAction","target":["https:\/\/lospoliticosveracruz.com\/?p=129737"]}]},{"@type":"ImageObject","inLanguage":"es","@id":"https:\/\/lospoliticosveracruz.com\/?p=129737#primaryimage","url":"https:\/\/lospoliticosveracruz.com\/wp-content\/uploads\/2024\/03\/Juan-Javier-Gomez-Cazarin.jpg","contentUrl":"https:\/\/lospoliticosveracruz.com\/wp-content\/uploads\/2024\/03\/Juan-Javier-Gomez-Cazarin.jpg","width":1250,"height":667},{"@type":"BreadcrumbList","@id":"https:\/\/lospoliticosveracruz.com\/?p=129737#breadcrumb","itemListElement":[{"@type":"ListItem","position":1,"name":"Portada","item":"https:\/\/lospoliticosveracruz.com\/"},{"@type":"ListItem","position":2,"name":"LA HORA DE LA VERDAD"}]},{"@type":"WebSite","@id":"https:\/\/lospoliticosveracruz.com\/#website","url":"https:\/\/lospoliticosveracruz.com\/","name":"Los pol\u00edticos Veracruz","description":"","publisher":{"@id":"https:\/\/lospoliticosveracruz.com\/#organization"},"potentialAction":[{"@type":"SearchAction","target":{"@type":"EntryPoint","urlTemplate":"https:\/\/lospoliticosveracruz.com\/?s={search_term_string}"},"query-input":{"@type":"PropertyValueSpecification","valueRequired":true,"valueName":"search_term_string"}}],"inLanguage":"es"},{"@type":"Organization","@id":"https:\/\/lospoliticosveracruz.com\/#organization","name":"Los pol\u00edticos Veracruz","url":"https:\/\/lospoliticosveracruz.com\/","logo":{"@type":"ImageObject","inLanguage":"es","@id":"https:\/\/lospoliticosveracruz.com\/#\/schema\/logo\/image\/","url":"https:\/\/lospoliticosveracruz.com\/wp-content\/uploads\/2025\/12\/Logo-Nuevo-LOS-POLITICOS-1.jpg","contentUrl":"https:\/\/lospoliticosveracruz.com\/wp-content\/uploads\/2025\/12\/Logo-Nuevo-LOS-POLITICOS-1.jpg","width":260,"height":70,"caption":"Los pol\u00edticos Veracruz"},"image":{"@id":"https:\/\/lospoliticosveracruz.com\/#\/schema\/logo\/image\/"},"sameAs":["https:\/\/www.facebook.com\/people\/Notimemes-de-los-Polticos\/61565672886568\/","https:\/\/x.com\/LosPoliticosVer"]},{"@type":"Person","@id":"https:\/\/lospoliticosveracruz.com\/#\/schema\/person\/b8702bb0e538456e6efd07080bf2a4a2","name":"Lo viste en Los Pol\u00edticos","image":{"@type":"ImageObject","inLanguage":"es","@id":"https:\/\/secure.gravatar.com\/avatar\/3a8de04a2656d44082be478bd6c086daa447c4651605818287b9532d3d0bd435?s=96&d=mm&r=g","url":"https:\/\/secure.gravatar.com\/avatar\/3a8de04a2656d44082be478bd6c086daa447c4651605818287b9532d3d0bd435?s=96&d=mm&r=g","contentUrl":"https:\/\/secure.gravatar.com\/avatar\/3a8de04a2656d44082be478bd6c086daa447c4651605818287b9532d3d0bd435?s=96&d=mm&r=g","caption":"Lo viste en Los Pol\u00edticos"},"url":"https:\/\/lospoliticosveracruz.com\/?author=2"}]}},"_links":{"self":[{"href":"https:\/\/lospoliticosveracruz.com\/index.php?rest_route=\/wp\/v2\/posts\/129737","targetHints":{"allow":["GET"]}}],"collection":[{"href":"https:\/\/lospoliticosveracruz.com\/index.php?rest_route=\/wp\/v2\/posts"}],"about":[{"href":"https:\/\/lospoliticosveracruz.com\/index.php?rest_route=\/wp\/v2\/types\/post"}],"author":[{"embeddable":true,"href":"https:\/\/lospoliticosveracruz.com\/index.php?rest_route=\/wp\/v2\/users\/2"}],"replies":[{"embeddable":true,"href":"https:\/\/lospoliticosveracruz.com\/index.php?rest_route=%2Fwp%2Fv2%2Fcomments&post=129737"}],"version-history":[{"count":1,"href":"https:\/\/lospoliticosveracruz.com\/index.php?rest_route=\/wp\/v2\/posts\/129737\/revisions"}],"predecessor-version":[{"id":129739,"href":"https:\/\/lospoliticosveracruz.com\/index.php?rest_route=\/wp\/v2\/posts\/129737\/revisions\/129739"}],"wp:featuredmedia":[{"embeddable":true,"href":"https:\/\/lospoliticosveracruz.com\/index.php?rest_route=\/wp\/v2\/media\/119933"}],"wp:attachment":[{"href":"https:\/\/lospoliticosveracruz.com\/index.php?rest_route=%2Fwp%2Fv2%2Fmedia&parent=129737"}],"wp:term":[{"taxonomy":"category","embeddable":true,"href":"https:\/\/lospoliticosveracruz.com\/index.php?rest_route=%2Fwp%2Fv2%2Fcategories&post=129737"},{"taxonomy":"post_tag","embeddable":true,"href":"https:\/\/lospoliticosveracruz.com\/index.php?rest_route=%2Fwp%2Fv2%2Ftags&post=129737"}],"curies":[{"name":"wp","href":"https:\/\/api.w.org\/{rel}","templated":true}]}}