{"id":129745,"date":"2024-09-09T23:30:31","date_gmt":"2024-09-10T04:30:31","guid":{"rendered":"https:\/\/lospoliticosveracruz.com.mx\/?p=129745"},"modified":"2024-09-09T23:31:05","modified_gmt":"2024-09-10T04:31:05","slug":"pueblos-y-barrios-magicos-esencia-de-nuestra-patria-nahle","status":"publish","type":"post","link":"https:\/\/lospoliticosveracruz.com\/?p=129745","title":{"rendered":"PUEBLOS Y BARRIOS M\u00c1GICOS, ESENCIA DE NUESTRA PATRIA: NAHLE"},"content":{"rendered":"\n<p><\/p>\n\n\n\n<p><\/p>\n\n\n\n<p><strong>Boca del R\u00edo<br><\/strong>Del 10 al 12 de septiembre se realizar\u00e1 en el World Trade Center la Sexta Edici\u00f3n del Tianguis Nacional de Pueblos M\u00e1gicos Veracruz 2024 la cual reunir\u00e1 a 177 Pueblos y 34 Barrios M\u00e1gicos de todo el pa\u00eds a fin de mostrar e intercambiar nuestra riqueza cultural, gastron\u00f3mica, artesanal y tur\u00edstica, invit\u00f3 la gobernadora electa, Roc\u00edo Nahle Garc\u00eda.<\/p>\n\n\n\n<p>Destac\u00f3 que estos sitios son la esencia de nuestra patria y el origen de nuestro pueblo, aqu\u00ed, dijo, est\u00e1 realmente el motivo de la Cuarta Transformaci\u00f3n, la justicia social que merecen nuestros pueblos originarios, subray\u00f3 Nahle Garc\u00eda.<\/p>\n\n\n\n<p>La apertura y presentaci\u00f3n del evento donde Veracruz juega un papel muy importante como anfitri\u00f3n, se llev\u00f3 a cabo en el Foro Boca del municipio boque\u00f1o, y no se debe perder de vista que estar\u00e1n representadas todas las regiones de la entidad veracruzana, apunt\u00f3.<\/p>\n\n\n\n<p>En su participaci\u00f3n, Miguel Torruco, de origen veracruzano, record\u00f3 que a lo largo de seis a\u00f1os de la Cuarta Transformaci\u00f3n encabezada por el presidente Andr\u00e9s Manuel L\u00f3pez Obrador, ha quedado claro que si se puede trabajar a favor de las clases menos favorecidas sin menoscabo de las mismas.<\/p>\n\n\n\n<p>Subray\u00f3 adem\u00e1s, que parte de las acciones que se hicieron en el ramo, fue desaparecer el Consejo Nacional de Promoci\u00f3n Tur\u00edstica que ubic\u00f3 a M\u00e9xico en los \u00faltimos lugares cuando hoy, con menos recursos y m\u00e1s trabajo y voluntad pol\u00edtica, nuestro pa\u00eds est\u00e1 ubicado en los primeros sitios de preferencia tur\u00edstica a nivel mundial.<\/p>\n\n\n\n<p>La 4T, expuso, hizo del turismo una herramienta de impulso social difundiendo la imagen de M\u00e9xico en el mundo a trav\u00e9s de distintos programas aplicados en m\u00e1s de 40 pa\u00edses.<\/p>\n\n\n\n<p>Est\u00e1 sexta edici\u00f3n del Tianguis Nacional de Pueblos M\u00e1gicos Veracruz 2024 ser\u00e1 inaugurada este martes 10 de septiembre a las 9:00 a.m. en el World Trade Center y estar\u00e1 habilitada hasta las 18:00 horas todos los d\u00edas.<\/p>\n\n\n\n<p>Contar\u00e1 con:<\/p>\n\n\n\n<ul class=\"wp-block-list\">\n<li>Pabell\u00f3n de Pueblos y Barrios M\u00e1gicos.<\/li>\n\n\n\n<li>Pabell\u00f3n de Inclusi\u00f3n.<\/li>\n\n\n\n<li>Medicina Tradicional.<\/li>\n\n\n\n<li>\u00c1rea Gastron\u00f3mica.<\/li>\n\n\n\n<li>\u00c1rea Artesanal.<\/li>\n\n\n\n<li>\u00c1rea de Negocios.<\/li>\n<\/ul>\n\n\n\n<p>Tambi\u00e9n con tres escenarios llenos para presentaciones art\u00edsticas:<\/p>\n\n\n\n<ul class=\"wp-block-list\">\n<li>Escenario de Nichos.<\/li>\n\n\n\n<li>Escenario Taj\u00edn.<\/li>\n\n\n\n<li>Foro \u201cMi Veracruz\u201d<\/li>\n<\/ul>\n\n\n\n<p>Entre las entidades que presentar\u00e1n sus bondades como pueblos o barrios m\u00e1gicos este martes se ubican Tabasco, Chihuahua, Quer\u00e9taro, Quintana Roo, Tamaulipas, Chihuahua, Veracruz y Puebla, por citar algunos.<\/p>\n\n\n\n<p>Presenciaron esta apertura el gobernador de Veracruz, Cuitl\u00e1huac Garc\u00eda Jim\u00e9nez; el secretario de Turismo de Veracruz, Iv\u00e1n Mart\u00ednez Olvera; el alcalde Boca del R\u00edo, Juan Manuel De Unanue Abascal y la se\u00f1ora Gloria Garza de Torruco, entre otras personalidades.<\/p>\n","protected":false},"excerpt":{"rendered":"<p>Boca del R\u00edoDel 10 al 12 de septiembre se realizar\u00e1 en el World Trade Center la Sexta Edici\u00f3n del Tianguis Nacional de Pueblos M\u00e1gicos Veracruz 2024 la cual reunir\u00e1 a 177 Pueblos y 34 Barrios M\u00e1gicos de todo el pa\u00eds a fin de mostrar e intercambiar nuestra riqueza cultural, gastron\u00f3mica, artesanal y tur\u00edstica, invit\u00f3 la [&hellip;]<\/p>\n","protected":false},"author":2,"featured_media":0,"comment_status":"closed","ping_status":"closed","sticky":false,"template":"","format":"standard","meta":{"tdm_status":"","tdm_grid_status":"","footnotes":""},"categories":[73],"tags":[601,1563,8456,14025,1026,3578,195],"class_list":{"0":"post-129745","1":"post","2":"type-post","3":"status-publish","4":"format-standard","6":"category-de-boleto","7":"tag-boca-del-rio","8":"tag-cuitlahuac-garcia-jimenez","9":"tag-juan-manuel-de-unanue-abascal","10":"tag-miguel-torruco","11":"tag-morena","12":"tag-rocio-nahle","13":"tag-veracruz"},"yoast_head":"<!-- This site is optimized with the Yoast SEO plugin v27.4 - https:\/\/yoast.com\/product\/yoast-seo-wordpress\/ -->\n<title>PUEBLOS Y BARRIOS M\u00c1GICOS, ESENCIA DE NUESTRA PATRIA: NAHLE - Los pol\u00edticos Veracruz<\/title>\n<meta name=\"robots\" content=\"index, follow, max-snippet:-1, max-image-preview:large, max-video-preview:-1\" \/>\n<link rel=\"canonical\" href=\"https:\/\/lospoliticosveracruz.com\/?p=129745\" \/>\n<meta property=\"og:locale\" content=\"es_ES\" \/>\n<meta property=\"og:type\" content=\"article\" \/>\n<meta property=\"og:title\" content=\"PUEBLOS Y BARRIOS M\u00c1GICOS, ESENCIA DE NUESTRA PATRIA: NAHLE - Los pol\u00edticos Veracruz\" \/>\n<meta property=\"og:description\" content=\"Boca del R\u00edoDel 10 al 12 de septiembre se realizar\u00e1 en el World Trade Center la Sexta Edici\u00f3n del Tianguis Nacional de Pueblos M\u00e1gicos Veracruz 2024 la cual reunir\u00e1 a 177 Pueblos y 34 Barrios M\u00e1gicos de todo el pa\u00eds a fin de mostrar e intercambiar nuestra riqueza cultural, gastron\u00f3mica, artesanal y tur\u00edstica, invit\u00f3 la [&hellip;]\" \/>\n<meta property=\"og:url\" content=\"https:\/\/lospoliticosveracruz.com\/?p=129745\" \/>\n<meta property=\"og:site_name\" content=\"Los pol\u00edticos Veracruz\" \/>\n<meta property=\"article:publisher\" content=\"https:\/\/www.facebook.com\/people\/Notimemes-de-los-Polticos\/61565672886568\/\" \/>\n<meta property=\"article:published_time\" content=\"2024-09-10T04:30:31+00:00\" \/>\n<meta property=\"article:modified_time\" content=\"2024-09-10T04:31:05+00:00\" \/>\n<meta property=\"og:image\" content=\"https:\/\/lospoliticosveracruz.com\/wp-content\/uploads\/2016\/07\/Logo-Dor.jpg\" \/>\n\t<meta property=\"og:image:width\" content=\"200\" \/>\n\t<meta property=\"og:image:height\" content=\"200\" \/>\n\t<meta property=\"og:image:type\" content=\"image\/jpeg\" \/>\n<meta name=\"author\" content=\"Lo viste en Los Pol\u00edticos\" \/>\n<meta name=\"twitter:card\" content=\"summary_large_image\" \/>\n<meta name=\"twitter:creator\" content=\"@LosPoliticosVer\" \/>\n<meta name=\"twitter:site\" content=\"@LosPoliticosVer\" \/>\n<meta name=\"twitter:label1\" content=\"Escrito por\" \/>\n\t<meta name=\"twitter:data1\" content=\"Lo viste en Los Pol\u00edticos\" \/>\n\t<meta name=\"twitter:label2\" content=\"Tiempo de lectura\" \/>\n\t<meta name=\"twitter:data2\" content=\"2 minutos\" \/>\n<script type=\"application\/ld+json\" class=\"yoast-schema-graph\">{\"@context\":\"https:\\\/\\\/schema.org\",\"@graph\":[{\"@type\":\"Article\",\"@id\":\"https:\\\/\\\/lospoliticosveracruz.com\\\/?p=129745#article\",\"isPartOf\":{\"@id\":\"https:\\\/\\\/lospoliticosveracruz.com\\\/?p=129745\"},\"author\":{\"name\":\"Lo viste en Los Pol\u00edticos\",\"@id\":\"https:\\\/\\\/lospoliticosveracruz.com\\\/#\\\/schema\\\/person\\\/b8702bb0e538456e6efd07080bf2a4a2\"},\"headline\":\"PUEBLOS Y BARRIOS M\u00c1GICOS, ESENCIA DE NUESTRA PATRIA: NAHLE\",\"datePublished\":\"2024-09-10T04:30:31+00:00\",\"dateModified\":\"2024-09-10T04:31:05+00:00\",\"mainEntityOfPage\":{\"@id\":\"https:\\\/\\\/lospoliticosveracruz.com\\\/?p=129745\"},\"wordCount\":469,\"publisher\":{\"@id\":\"https:\\\/\\\/lospoliticosveracruz.com\\\/#organization\"},\"keywords\":[\"Boca del R\u00edo\",\"Cuitl\u00e1huac Garc\u00eda Jim\u00e9nez\",\"Juan Manuel de Unanue Abascal\",\"Miguel Torruco\",\"Morena\",\"Roc\u00edo Nahle\",\"Veracruz\"],\"articleSection\":[\"De Boleto\"],\"inLanguage\":\"es\"},{\"@type\":\"WebPage\",\"@id\":\"https:\\\/\\\/lospoliticosveracruz.com\\\/?p=129745\",\"url\":\"https:\\\/\\\/lospoliticosveracruz.com\\\/?p=129745\",\"name\":\"PUEBLOS Y BARRIOS M\u00c1GICOS, ESENCIA DE NUESTRA PATRIA: NAHLE - Los pol\u00edticos Veracruz\",\"isPartOf\":{\"@id\":\"https:\\\/\\\/lospoliticosveracruz.com\\\/#website\"},\"datePublished\":\"2024-09-10T04:30:31+00:00\",\"dateModified\":\"2024-09-10T04:31:05+00:00\",\"breadcrumb\":{\"@id\":\"https:\\\/\\\/lospoliticosveracruz.com\\\/?p=129745#breadcrumb\"},\"inLanguage\":\"es\",\"potentialAction\":[{\"@type\":\"ReadAction\",\"target\":[\"https:\\\/\\\/lospoliticosveracruz.com\\\/?p=129745\"]}]},{\"@type\":\"BreadcrumbList\",\"@id\":\"https:\\\/\\\/lospoliticosveracruz.com\\\/?p=129745#breadcrumb\",\"itemListElement\":[{\"@type\":\"ListItem\",\"position\":1,\"name\":\"Portada\",\"item\":\"https:\\\/\\\/lospoliticosveracruz.com\\\/\"},{\"@type\":\"ListItem\",\"position\":2,\"name\":\"PUEBLOS Y BARRIOS M\u00c1GICOS, ESENCIA DE NUESTRA PATRIA: NAHLE\"}]},{\"@type\":\"WebSite\",\"@id\":\"https:\\\/\\\/lospoliticosveracruz.com\\\/#website\",\"url\":\"https:\\\/\\\/lospoliticosveracruz.com\\\/\",\"name\":\"Los pol\u00edticos Veracruz\",\"description\":\"\",\"publisher\":{\"@id\":\"https:\\\/\\\/lospoliticosveracruz.com\\\/#organization\"},\"potentialAction\":[{\"@type\":\"SearchAction\",\"target\":{\"@type\":\"EntryPoint\",\"urlTemplate\":\"https:\\\/\\\/lospoliticosveracruz.com\\\/?s={search_term_string}\"},\"query-input\":{\"@type\":\"PropertyValueSpecification\",\"valueRequired\":true,\"valueName\":\"search_term_string\"}}],\"inLanguage\":\"es\"},{\"@type\":\"Organization\",\"@id\":\"https:\\\/\\\/lospoliticosveracruz.com\\\/#organization\",\"name\":\"Los pol\u00edticos Veracruz\",\"url\":\"https:\\\/\\\/lospoliticosveracruz.com\\\/\",\"logo\":{\"@type\":\"ImageObject\",\"inLanguage\":\"es\",\"@id\":\"https:\\\/\\\/lospoliticosveracruz.com\\\/#\\\/schema\\\/logo\\\/image\\\/\",\"url\":\"https:\\\/\\\/lospoliticosveracruz.com\\\/wp-content\\\/uploads\\\/2025\\\/12\\\/Logo-Nuevo-LOS-POLITICOS-1.jpg\",\"contentUrl\":\"https:\\\/\\\/lospoliticosveracruz.com\\\/wp-content\\\/uploads\\\/2025\\\/12\\\/Logo-Nuevo-LOS-POLITICOS-1.jpg\",\"width\":260,\"height\":70,\"caption\":\"Los pol\u00edticos Veracruz\"},\"image\":{\"@id\":\"https:\\\/\\\/lospoliticosveracruz.com\\\/#\\\/schema\\\/logo\\\/image\\\/\"},\"sameAs\":[\"https:\\\/\\\/www.facebook.com\\\/people\\\/Notimemes-de-los-Polticos\\\/61565672886568\\\/\",\"https:\\\/\\\/x.com\\\/LosPoliticosVer\"]},{\"@type\":\"Person\",\"@id\":\"https:\\\/\\\/lospoliticosveracruz.com\\\/#\\\/schema\\\/person\\\/b8702bb0e538456e6efd07080bf2a4a2\",\"name\":\"Lo viste en Los Pol\u00edticos\",\"image\":{\"@type\":\"ImageObject\",\"inLanguage\":\"es\",\"@id\":\"https:\\\/\\\/secure.gravatar.com\\\/avatar\\\/3a8de04a2656d44082be478bd6c086daa447c4651605818287b9532d3d0bd435?s=96&d=mm&r=g\",\"url\":\"https:\\\/\\\/secure.gravatar.com\\\/avatar\\\/3a8de04a2656d44082be478bd6c086daa447c4651605818287b9532d3d0bd435?s=96&d=mm&r=g\",\"contentUrl\":\"https:\\\/\\\/secure.gravatar.com\\\/avatar\\\/3a8de04a2656d44082be478bd6c086daa447c4651605818287b9532d3d0bd435?s=96&d=mm&r=g\",\"caption\":\"Lo viste en Los Pol\u00edticos\"},\"url\":\"https:\\\/\\\/lospoliticosveracruz.com\\\/?author=2\"}]}<\/script>\n<!-- \/ Yoast SEO plugin. -->","yoast_head_json":{"title":"PUEBLOS Y BARRIOS M\u00c1GICOS, ESENCIA DE NUESTRA PATRIA: NAHLE - Los pol\u00edticos Veracruz","robots":{"index":"index","follow":"follow","max-snippet":"max-snippet:-1","max-image-preview":"max-image-preview:large","max-video-preview":"max-video-preview:-1"},"canonical":"https:\/\/lospoliticosveracruz.com\/?p=129745","og_locale":"es_ES","og_type":"article","og_title":"PUEBLOS Y BARRIOS M\u00c1GICOS, ESENCIA DE NUESTRA PATRIA: NAHLE - Los pol\u00edticos Veracruz","og_description":"Boca del R\u00edoDel 10 al 12 de septiembre se realizar\u00e1 en el World Trade Center la Sexta Edici\u00f3n del Tianguis Nacional de Pueblos M\u00e1gicos Veracruz 2024 la cual reunir\u00e1 a 177 Pueblos y 34 Barrios M\u00e1gicos de todo el pa\u00eds a fin de mostrar e intercambiar nuestra riqueza cultural, gastron\u00f3mica, artesanal y tur\u00edstica, invit\u00f3 la [&hellip;]","og_url":"https:\/\/lospoliticosveracruz.com\/?p=129745","og_site_name":"Los pol\u00edticos Veracruz","article_publisher":"https:\/\/www.facebook.com\/people\/Notimemes-de-los-Polticos\/61565672886568\/","article_published_time":"2024-09-10T04:30:31+00:00","article_modified_time":"2024-09-10T04:31:05+00:00","og_image":[{"width":200,"height":200,"url":"https:\/\/lospoliticosveracruz.com\/wp-content\/uploads\/2016\/07\/Logo-Dor.jpg","type":"image\/jpeg"}],"author":"Lo viste en Los Pol\u00edticos","twitter_card":"summary_large_image","twitter_creator":"@LosPoliticosVer","twitter_site":"@LosPoliticosVer","twitter_misc":{"Escrito por":"Lo viste en Los Pol\u00edticos","Tiempo de lectura":"2 minutos"},"schema":{"@context":"https:\/\/schema.org","@graph":[{"@type":"Article","@id":"https:\/\/lospoliticosveracruz.com\/?p=129745#article","isPartOf":{"@id":"https:\/\/lospoliticosveracruz.com\/?p=129745"},"author":{"name":"Lo viste en Los Pol\u00edticos","@id":"https:\/\/lospoliticosveracruz.com\/#\/schema\/person\/b8702bb0e538456e6efd07080bf2a4a2"},"headline":"PUEBLOS Y BARRIOS M\u00c1GICOS, ESENCIA DE NUESTRA PATRIA: NAHLE","datePublished":"2024-09-10T04:30:31+00:00","dateModified":"2024-09-10T04:31:05+00:00","mainEntityOfPage":{"@id":"https:\/\/lospoliticosveracruz.com\/?p=129745"},"wordCount":469,"publisher":{"@id":"https:\/\/lospoliticosveracruz.com\/#organization"},"keywords":["Boca del R\u00edo","Cuitl\u00e1huac Garc\u00eda Jim\u00e9nez","Juan Manuel de Unanue Abascal","Miguel Torruco","Morena","Roc\u00edo Nahle","Veracruz"],"articleSection":["De Boleto"],"inLanguage":"es"},{"@type":"WebPage","@id":"https:\/\/lospoliticosveracruz.com\/?p=129745","url":"https:\/\/lospoliticosveracruz.com\/?p=129745","name":"PUEBLOS Y BARRIOS M\u00c1GICOS, ESENCIA DE NUESTRA PATRIA: NAHLE - Los pol\u00edticos Veracruz","isPartOf":{"@id":"https:\/\/lospoliticosveracruz.com\/#website"},"datePublished":"2024-09-10T04:30:31+00:00","dateModified":"2024-09-10T04:31:05+00:00","breadcrumb":{"@id":"https:\/\/lospoliticosveracruz.com\/?p=129745#breadcrumb"},"inLanguage":"es","potentialAction":[{"@type":"ReadAction","target":["https:\/\/lospoliticosveracruz.com\/?p=129745"]}]},{"@type":"BreadcrumbList","@id":"https:\/\/lospoliticosveracruz.com\/?p=129745#breadcrumb","itemListElement":[{"@type":"ListItem","position":1,"name":"Portada","item":"https:\/\/lospoliticosveracruz.com\/"},{"@type":"ListItem","position":2,"name":"PUEBLOS Y BARRIOS M\u00c1GICOS, ESENCIA DE NUESTRA PATRIA: NAHLE"}]},{"@type":"WebSite","@id":"https:\/\/lospoliticosveracruz.com\/#website","url":"https:\/\/lospoliticosveracruz.com\/","name":"Los pol\u00edticos Veracruz","description":"","publisher":{"@id":"https:\/\/lospoliticosveracruz.com\/#organization"},"potentialAction":[{"@type":"SearchAction","target":{"@type":"EntryPoint","urlTemplate":"https:\/\/lospoliticosveracruz.com\/?s={search_term_string}"},"query-input":{"@type":"PropertyValueSpecification","valueRequired":true,"valueName":"search_term_string"}}],"inLanguage":"es"},{"@type":"Organization","@id":"https:\/\/lospoliticosveracruz.com\/#organization","name":"Los pol\u00edticos Veracruz","url":"https:\/\/lospoliticosveracruz.com\/","logo":{"@type":"ImageObject","inLanguage":"es","@id":"https:\/\/lospoliticosveracruz.com\/#\/schema\/logo\/image\/","url":"https:\/\/lospoliticosveracruz.com\/wp-content\/uploads\/2025\/12\/Logo-Nuevo-LOS-POLITICOS-1.jpg","contentUrl":"https:\/\/lospoliticosveracruz.com\/wp-content\/uploads\/2025\/12\/Logo-Nuevo-LOS-POLITICOS-1.jpg","width":260,"height":70,"caption":"Los pol\u00edticos Veracruz"},"image":{"@id":"https:\/\/lospoliticosveracruz.com\/#\/schema\/logo\/image\/"},"sameAs":["https:\/\/www.facebook.com\/people\/Notimemes-de-los-Polticos\/61565672886568\/","https:\/\/x.com\/LosPoliticosVer"]},{"@type":"Person","@id":"https:\/\/lospoliticosveracruz.com\/#\/schema\/person\/b8702bb0e538456e6efd07080bf2a4a2","name":"Lo viste en Los Pol\u00edticos","image":{"@type":"ImageObject","inLanguage":"es","@id":"https:\/\/secure.gravatar.com\/avatar\/3a8de04a2656d44082be478bd6c086daa447c4651605818287b9532d3d0bd435?s=96&d=mm&r=g","url":"https:\/\/secure.gravatar.com\/avatar\/3a8de04a2656d44082be478bd6c086daa447c4651605818287b9532d3d0bd435?s=96&d=mm&r=g","contentUrl":"https:\/\/secure.gravatar.com\/avatar\/3a8de04a2656d44082be478bd6c086daa447c4651605818287b9532d3d0bd435?s=96&d=mm&r=g","caption":"Lo viste en Los Pol\u00edticos"},"url":"https:\/\/lospoliticosveracruz.com\/?author=2"}]}},"_links":{"self":[{"href":"https:\/\/lospoliticosveracruz.com\/index.php?rest_route=\/wp\/v2\/posts\/129745","targetHints":{"allow":["GET"]}}],"collection":[{"href":"https:\/\/lospoliticosveracruz.com\/index.php?rest_route=\/wp\/v2\/posts"}],"about":[{"href":"https:\/\/lospoliticosveracruz.com\/index.php?rest_route=\/wp\/v2\/types\/post"}],"author":[{"embeddable":true,"href":"https:\/\/lospoliticosveracruz.com\/index.php?rest_route=\/wp\/v2\/users\/2"}],"replies":[{"embeddable":true,"href":"https:\/\/lospoliticosveracruz.com\/index.php?rest_route=%2Fwp%2Fv2%2Fcomments&post=129745"}],"version-history":[{"count":2,"href":"https:\/\/lospoliticosveracruz.com\/index.php?rest_route=\/wp\/v2\/posts\/129745\/revisions"}],"predecessor-version":[{"id":129748,"href":"https:\/\/lospoliticosveracruz.com\/index.php?rest_route=\/wp\/v2\/posts\/129745\/revisions\/129748"}],"wp:attachment":[{"href":"https:\/\/lospoliticosveracruz.com\/index.php?rest_route=%2Fwp%2Fv2%2Fmedia&parent=129745"}],"wp:term":[{"taxonomy":"category","embeddable":true,"href":"https:\/\/lospoliticosveracruz.com\/index.php?rest_route=%2Fwp%2Fv2%2Fcategories&post=129745"},{"taxonomy":"post_tag","embeddable":true,"href":"https:\/\/lospoliticosveracruz.com\/index.php?rest_route=%2Fwp%2Fv2%2Ftags&post=129745"}],"curies":[{"name":"wp","href":"https:\/\/api.w.org\/{rel}","templated":true}]}}