{"id":129793,"date":"2024-09-11T03:51:33","date_gmt":"2024-09-11T08:51:33","guid":{"rendered":"https:\/\/lospoliticosveracruz.com.mx\/?p=129793"},"modified":"2024-09-11T03:51:45","modified_gmt":"2024-09-11T08:51:45","slug":"yunes-y-morena-quien-doblo-a-quien","status":"publish","type":"post","link":"https:\/\/lospoliticosveracruz.com\/?p=129793","title":{"rendered":"YUNES Y MORENA, \u00bfQUI\u00c9N DOBL\u00d3 A QUI\u00c9N?"},"content":{"rendered":"\n<p><strong>Ricardo Chua<\/strong><\/p>\n\n\n\n<p><em>Sale y Vale<\/em><\/p>\n\n\n\n<p>Lo sucedido ayer en el Senado de la Rep\u00fablica.. Deja algo ya muy claro en la vida pol\u00edtica de M\u00e9xico.. No importa el partido que tenga el poder.. Siempre el asunto ha sido muy sencillo: \u00abLas peleas son abajo, arriba son acuerdos\u00bb.. Y la m\u00e1s clara es la que dec\u00eda el veracruzano, Jes\u00fas Reyes Heroles, ahora que Veracruz se puso de moda: \u00abLa pol\u00edtica es el arte de tragar sapos y escupir flores\u00bb.. Y el enemigo de hoy, puede ser tu aliado, el d\u00eda de ma\u00f1ana.. ES CUANTO.<\/p>\n\n\n\n<p>En un an\u00e1lisis de todo lo sucedido ayer en la c\u00e1mara alta del Congreso de la Uni\u00f3n.. Despu\u00e9s de que apareci\u00f3 Miguel \u00c1ngel Yunes Linares para ocupar su curul como senador.. Luego que su hijo, Miguel Yunes M\u00e1rquez pidi\u00f3 licencia. Y \u00e9l enfrent\u00f3 las descalificaciones, las acusaciones de traidor porque su voto iba a favor de aprobar la Reforma al Poder Judicial propuesta por Andres Manuel L\u00f3pez Obrador.. Muchos dicen que Yunes hizo esto porque lo \u00abdoblaron\u00bb.. Pero hay qui\u00e9n dice que NO, que \u00e9l fue quien finalmente \u00abdobl\u00f3\u00bb a AMLO..<\/p>\n\n\n\n<p>Ya que ayer el hombre m\u00e1s importante en el pa\u00eds.. Para que esa famosa Reforma al Poder Judicial fuera aprobada, fue su adversario pol\u00edtico desde hace m\u00e1s de 30 a\u00f1os y, pues, el Presidente de M\u00e9xico se tuvo que \u00abdoblar\u00bb ante estos dos senadores.. Ya que tuvo 6 a\u00f1os para enjuiciarlo y no le hizo nada.. Y ahora en el ocaso de su poder pol\u00edtico, el tabasque\u00f1o, le tuvo que cumplir sus peticiones, eso queda claro, para lograr asegurar ese ansiado voto.. En pol\u00edtica, nada es gratis, ni el saludo.. Y Yunes estuvo a lado de MORENA..<\/p>\n\n\n\n<p>Con esta acci\u00f3n ahora Los Yunes tendr\u00e1n todo el poder pol\u00edtico y moral con MORENA para acordar, negociar y apostar con la que ser\u00e1 la nueva inquilina de Palacio Nacional, Claudia Shienbaum.. \u00bfQui\u00e9n le podr\u00eda decir qu\u00e9 no en MORENA?.. Si gracias a \u00e9l obtendr\u00edan lo que tanto buscaron.. Ya que Yunes hizo lo que quiso con MORENA en estos dos d\u00edas, pese a que los Morenos ten\u00edan todo el poder en las c\u00e1maras federales y congresos locales.. Los morenos necesitaban de ellos.. Y ellos fiel a su estilo, negociaron lo que ten\u00edan que negociar..<\/p>\n\n\n\n<p>Al final, se podr\u00eda decir desde un punto de vista que Los Yunes no se doblaron.. Sino al rev\u00e9s, ellos de manera inteligente \u00abdoblaron\u00bb a MORENA y llegaron a un ACUERDO TODOS.. Y Miguel \u00c1ngel Yunes Linares hizo uso de una acci\u00f3n pol\u00edtica, que tanto denost\u00f3 y detest\u00f3 L\u00f3pez Obrador en sus a\u00f1os de pol\u00edtico opositor, que fue: LA CONCERTACESI\u00d3N.. Algo que Yunes aprendi\u00f3 muy bien de Carlos Salinas de Gortari, el \u00abnemesis\u00bb de L\u00f3pez Obrador.. Y que el mismo Presidente lo acept\u00f3 por el \u00abbien\u00bb de su reforma.. Por eso, \u00bfQui\u00e9n dobl\u00f3 a qui\u00e9n?..<\/p>\n\n\n\n<p>Por eso, hoy los Yunes \u00bfAzules? dentro de MORENA est\u00e1n en la palestra nacional.. Con el aval de Andr\u00e9s Manuel L\u00f3pez Obrador y de la propia Claudia Shienbaum.. Lejos quedaron los agravios de tantos a\u00f1os de enfrentamiento pol\u00edtico.. Todo eso qued\u00f3 en el olvido.. La Reforma lo vale todo y los Yunes se los hicieron saber a todos los pol\u00edticos de MORENA de como negociar una \u00abconcertaci\u00f3n\u00bb con un gobierno adversario, poderoso pero con la necesidad de un voto.. Eso se lo hicieron saber.. Y ah\u00ed est\u00e1 la respuesta..<\/p>\n\n\n\n<p>Al final de cuentas, en Veracruz, hace unas semanas, qui\u00e9n dir\u00eda que Miguel \u00c1ngel Yunes en unas horas.. Har\u00eda m\u00e1s por el Presidente, Andr\u00e9s Manuel L\u00f3pez Obrador.. Que Cuitl\u00e1huac Garc\u00eda en 6 a\u00f1os en su gobierno y favor de MORENA.. Esto nos habla el porqu\u00e9 a Cuitl\u00e1huac no le dieron \u00abpremio de consolaci\u00f3n\u00bb y quiz\u00e1s ahora menos porque \u00e9l dej\u00f3 EMPODERAR a los Yunes, que eran sus adversarios pol\u00edticos, y ahora le deja ese problema al gobierno de MORENA que apenas va a empezar en Veracruz..<\/p>\n\n\n\n<p>Habr\u00e1 que ver como se podr\u00eda sentir Javier Herrera Borunda, s\u00ed los Yunes abandonan el PAN y se van al PVEM por invitaci\u00f3n de Manuel Velasco Coello.. \u00bfLe compartir\u00eda el poder en Veracruz?.. Y qu\u00e9 har\u00e1n los actuales funcionarios y futuros funcionarios de MORENA cuando vean qui\u00e9n es su nuevo aliado.. Hay que recordar que ya los Yunes hab\u00edan tendido la mano a la gobernadora electa, Roc\u00edo Nahle.. As\u00ed que todo esto se sabr\u00e1 en unos d\u00edas.. Ya que la Reforma al Poder Judicial, lo val\u00eda todo y as\u00ed lo hicieron saber los a\u00fan panistas..<\/p>\n\n\n\n<p>C\u00f3mo se sentir\u00e1 el senador, Manuel Huerta, que siempre los enfrent\u00f3 pol\u00edticamente y se dijeron \u00abmil linduras\u00bb.. Ahora los tendr\u00e1 de compa\u00f1eros de bancada.. Ya que el senador m\u00e1s poderoso del pa\u00eds, se apellida Yunes y no es de MORENA.. Pero lo m\u00e1s trascendente a\u00fan es saber qu\u00e9 pasar\u00e1 con el PAN con ese \u00abgolpe\u00bb fulminante entre Marko Cort\u00e9s y Miguel Yunes.. Qu\u00e9 pasar\u00e1 con el equipo de Los Yunes en el PAN de Veracruz.. Los van a seguir en su nueva aventura o se quedar\u00e1n en su partido.. DECISIONES Y DEFINICIONES..<\/p>\n\n\n\n<p>LA GRAN REFLEXI\u00d3N.. Queda claro que en pol\u00edtica, los amigos no existen, s\u00f3lo los intereses.. A nivel nacional se ver\u00e1 el acomodo de fuerzas en el Senado con la postura de los Yunes, que le dar\u00e1 mayor\u00eda calificada a MORENA para otras reformas\u2026 Y en Veracruz, se ver\u00e1 como Roc\u00edo Nahle afronta el tema Yunes \u00abAzules\u00bb. Y si este hecho hace que se \u00abrompa\u00bb el grupo pol\u00edtico de la oposici\u00f3n m\u00e1s poderoso en el Estado.. Y eso provoque que MORENA en la elecci\u00f3n a alcald\u00edas.. Gane los 212 municipios en Veracruz.. Ya sin oposici\u00f3n real.. \u00bfQu\u00e9 se lo impide?.. \u00bfQUI\u00c9N DOBL\u00d3 A QUI\u00c9N?.. CONSUMATUM EST..<\/p>\n","protected":false},"excerpt":{"rendered":"<p>Ricardo Chua Sale y Vale Lo sucedido ayer en el Senado de la Rep\u00fablica.. Deja algo ya muy claro en la vida pol\u00edtica de M\u00e9xico.. No importa el partido que tenga el poder.. Siempre el asunto ha sido muy sencillo: \u00abLas peleas son abajo, arriba son acuerdos\u00bb.. Y la m\u00e1s clara es la que dec\u00eda [&hellip;]<\/p>\n","protected":false},"author":2,"featured_media":119817,"comment_status":"closed","ping_status":"closed","sticky":false,"template":"","format":"standard","meta":{"tdm_status":"","tdm_grid_status":"","footnotes":""},"categories":[70],"tags":[618,1563,1850,26718,536,1026,3578,195],"class_list":{"0":"post-129793","1":"post","2":"type-post","3":"status-publish","4":"format-standard","5":"has-post-thumbnail","7":"category-de-opinion","8":"tag-andres-manuel-lopez-obrador","9":"tag-cuitlahuac-garcia-jimenez","10":"tag-manuel-huerta-ladron-de-guevara","11":"tag-miguel-angel-yunes-linares-2","12":"tag-miguel-angel-yunes-marquez","13":"tag-morena","14":"tag-rocio-nahle","15":"tag-veracruz"},"yoast_head":"<!-- This site is optimized with the Yoast SEO plugin v27.4 - https:\/\/yoast.com\/product\/yoast-seo-wordpress\/ -->\n<title>YUNES Y MORENA, \u00bfQUI\u00c9N DOBL\u00d3 A QUI\u00c9N? - Los pol\u00edticos Veracruz<\/title>\n<meta name=\"robots\" content=\"index, follow, max-snippet:-1, max-image-preview:large, max-video-preview:-1\" \/>\n<link rel=\"canonical\" href=\"https:\/\/lospoliticosveracruz.com\/?p=129793\" \/>\n<meta property=\"og:locale\" content=\"es_ES\" \/>\n<meta property=\"og:type\" content=\"article\" \/>\n<meta property=\"og:title\" content=\"YUNES Y MORENA, \u00bfQUI\u00c9N DOBL\u00d3 A QUI\u00c9N? - Los pol\u00edticos Veracruz\" \/>\n<meta property=\"og:description\" content=\"Ricardo Chua Sale y Vale Lo sucedido ayer en el Senado de la Rep\u00fablica.. Deja algo ya muy claro en la vida pol\u00edtica de M\u00e9xico.. No importa el partido que tenga el poder.. Siempre el asunto ha sido muy sencillo: \u00abLas peleas son abajo, arriba son acuerdos\u00bb.. Y la m\u00e1s clara es la que dec\u00eda [&hellip;]\" \/>\n<meta property=\"og:url\" content=\"https:\/\/lospoliticosveracruz.com\/?p=129793\" \/>\n<meta property=\"og:site_name\" content=\"Los pol\u00edticos Veracruz\" \/>\n<meta property=\"article:publisher\" content=\"https:\/\/www.facebook.com\/people\/Notimemes-de-los-Polticos\/61565672886568\/\" \/>\n<meta property=\"article:published_time\" content=\"2024-09-11T08:51:33+00:00\" \/>\n<meta property=\"article:modified_time\" content=\"2024-09-11T08:51:45+00:00\" \/>\n<meta property=\"og:image\" content=\"https:\/\/lospoliticosveracruz.com\/wp-content\/uploads\/2024\/03\/Ricardo-Chua.jpg\" \/>\n\t<meta property=\"og:image:width\" content=\"1250\" \/>\n\t<meta property=\"og:image:height\" content=\"667\" \/>\n\t<meta property=\"og:image:type\" content=\"image\/jpeg\" \/>\n<meta name=\"author\" content=\"Lo viste en Los Pol\u00edticos\" \/>\n<meta name=\"twitter:card\" content=\"summary_large_image\" \/>\n<meta name=\"twitter:creator\" content=\"@LosPoliticosVer\" \/>\n<meta name=\"twitter:site\" content=\"@LosPoliticosVer\" \/>\n<meta name=\"twitter:label1\" content=\"Escrito por\" \/>\n\t<meta name=\"twitter:data1\" content=\"Lo viste en Los Pol\u00edticos\" \/>\n\t<meta name=\"twitter:label2\" content=\"Tiempo de lectura\" \/>\n\t<meta name=\"twitter:data2\" content=\"5 minutos\" \/>\n<script type=\"application\/ld+json\" class=\"yoast-schema-graph\">{\"@context\":\"https:\\\/\\\/schema.org\",\"@graph\":[{\"@type\":\"Article\",\"@id\":\"https:\\\/\\\/lospoliticosveracruz.com\\\/?p=129793#article\",\"isPartOf\":{\"@id\":\"https:\\\/\\\/lospoliticosveracruz.com\\\/?p=129793\"},\"author\":{\"name\":\"Lo viste en Los Pol\u00edticos\",\"@id\":\"https:\\\/\\\/lospoliticosveracruz.com\\\/#\\\/schema\\\/person\\\/b8702bb0e538456e6efd07080bf2a4a2\"},\"headline\":\"YUNES Y MORENA, \u00bfQUI\u00c9N DOBL\u00d3 A QUI\u00c9N?\",\"datePublished\":\"2024-09-11T08:51:33+00:00\",\"dateModified\":\"2024-09-11T08:51:45+00:00\",\"mainEntityOfPage\":{\"@id\":\"https:\\\/\\\/lospoliticosveracruz.com\\\/?p=129793\"},\"wordCount\":1042,\"publisher\":{\"@id\":\"https:\\\/\\\/lospoliticosveracruz.com\\\/#organization\"},\"image\":{\"@id\":\"https:\\\/\\\/lospoliticosveracruz.com\\\/?p=129793#primaryimage\"},\"thumbnailUrl\":\"https:\\\/\\\/lospoliticosveracruz.com\\\/wp-content\\\/uploads\\\/2024\\\/03\\\/Ricardo-Chua.jpg\",\"keywords\":[\"Andr\u00e9s Manuel L\u00f3pez Obrador\",\"Cuitl\u00e1huac Garc\u00eda Jim\u00e9nez\",\"Manuel Huerta Ladr\u00f3n de Guevara\",\"Miguel \u00c1ngel Yunes Linares\",\"Miguel \u00c1ngel Yunes M\u00e1rquez\",\"Morena\",\"Roc\u00edo Nahle\",\"Veracruz\"],\"articleSection\":[\"De Opini\u00f3n\"],\"inLanguage\":\"es\"},{\"@type\":\"WebPage\",\"@id\":\"https:\\\/\\\/lospoliticosveracruz.com\\\/?p=129793\",\"url\":\"https:\\\/\\\/lospoliticosveracruz.com\\\/?p=129793\",\"name\":\"YUNES Y MORENA, \u00bfQUI\u00c9N DOBL\u00d3 A QUI\u00c9N? - Los pol\u00edticos Veracruz\",\"isPartOf\":{\"@id\":\"https:\\\/\\\/lospoliticosveracruz.com\\\/#website\"},\"primaryImageOfPage\":{\"@id\":\"https:\\\/\\\/lospoliticosveracruz.com\\\/?p=129793#primaryimage\"},\"image\":{\"@id\":\"https:\\\/\\\/lospoliticosveracruz.com\\\/?p=129793#primaryimage\"},\"thumbnailUrl\":\"https:\\\/\\\/lospoliticosveracruz.com\\\/wp-content\\\/uploads\\\/2024\\\/03\\\/Ricardo-Chua.jpg\",\"datePublished\":\"2024-09-11T08:51:33+00:00\",\"dateModified\":\"2024-09-11T08:51:45+00:00\",\"breadcrumb\":{\"@id\":\"https:\\\/\\\/lospoliticosveracruz.com\\\/?p=129793#breadcrumb\"},\"inLanguage\":\"es\",\"potentialAction\":[{\"@type\":\"ReadAction\",\"target\":[\"https:\\\/\\\/lospoliticosveracruz.com\\\/?p=129793\"]}]},{\"@type\":\"ImageObject\",\"inLanguage\":\"es\",\"@id\":\"https:\\\/\\\/lospoliticosveracruz.com\\\/?p=129793#primaryimage\",\"url\":\"https:\\\/\\\/lospoliticosveracruz.com\\\/wp-content\\\/uploads\\\/2024\\\/03\\\/Ricardo-Chua.jpg\",\"contentUrl\":\"https:\\\/\\\/lospoliticosveracruz.com\\\/wp-content\\\/uploads\\\/2024\\\/03\\\/Ricardo-Chua.jpg\",\"width\":1250,\"height\":667},{\"@type\":\"BreadcrumbList\",\"@id\":\"https:\\\/\\\/lospoliticosveracruz.com\\\/?p=129793#breadcrumb\",\"itemListElement\":[{\"@type\":\"ListItem\",\"position\":1,\"name\":\"Portada\",\"item\":\"https:\\\/\\\/lospoliticosveracruz.com\\\/\"},{\"@type\":\"ListItem\",\"position\":2,\"name\":\"YUNES Y MORENA, \u00bfQUI\u00c9N DOBL\u00d3 A QUI\u00c9N?\"}]},{\"@type\":\"WebSite\",\"@id\":\"https:\\\/\\\/lospoliticosveracruz.com\\\/#website\",\"url\":\"https:\\\/\\\/lospoliticosveracruz.com\\\/\",\"name\":\"Los pol\u00edticos Veracruz\",\"description\":\"\",\"publisher\":{\"@id\":\"https:\\\/\\\/lospoliticosveracruz.com\\\/#organization\"},\"potentialAction\":[{\"@type\":\"SearchAction\",\"target\":{\"@type\":\"EntryPoint\",\"urlTemplate\":\"https:\\\/\\\/lospoliticosveracruz.com\\\/?s={search_term_string}\"},\"query-input\":{\"@type\":\"PropertyValueSpecification\",\"valueRequired\":true,\"valueName\":\"search_term_string\"}}],\"inLanguage\":\"es\"},{\"@type\":\"Organization\",\"@id\":\"https:\\\/\\\/lospoliticosveracruz.com\\\/#organization\",\"name\":\"Los pol\u00edticos Veracruz\",\"url\":\"https:\\\/\\\/lospoliticosveracruz.com\\\/\",\"logo\":{\"@type\":\"ImageObject\",\"inLanguage\":\"es\",\"@id\":\"https:\\\/\\\/lospoliticosveracruz.com\\\/#\\\/schema\\\/logo\\\/image\\\/\",\"url\":\"https:\\\/\\\/lospoliticosveracruz.com\\\/wp-content\\\/uploads\\\/2025\\\/12\\\/Logo-Nuevo-LOS-POLITICOS-1.jpg\",\"contentUrl\":\"https:\\\/\\\/lospoliticosveracruz.com\\\/wp-content\\\/uploads\\\/2025\\\/12\\\/Logo-Nuevo-LOS-POLITICOS-1.jpg\",\"width\":260,\"height\":70,\"caption\":\"Los pol\u00edticos Veracruz\"},\"image\":{\"@id\":\"https:\\\/\\\/lospoliticosveracruz.com\\\/#\\\/schema\\\/logo\\\/image\\\/\"},\"sameAs\":[\"https:\\\/\\\/www.facebook.com\\\/people\\\/Notimemes-de-los-Polticos\\\/61565672886568\\\/\",\"https:\\\/\\\/x.com\\\/LosPoliticosVer\"]},{\"@type\":\"Person\",\"@id\":\"https:\\\/\\\/lospoliticosveracruz.com\\\/#\\\/schema\\\/person\\\/b8702bb0e538456e6efd07080bf2a4a2\",\"name\":\"Lo viste en Los Pol\u00edticos\",\"image\":{\"@type\":\"ImageObject\",\"inLanguage\":\"es\",\"@id\":\"https:\\\/\\\/secure.gravatar.com\\\/avatar\\\/3a8de04a2656d44082be478bd6c086daa447c4651605818287b9532d3d0bd435?s=96&d=mm&r=g\",\"url\":\"https:\\\/\\\/secure.gravatar.com\\\/avatar\\\/3a8de04a2656d44082be478bd6c086daa447c4651605818287b9532d3d0bd435?s=96&d=mm&r=g\",\"contentUrl\":\"https:\\\/\\\/secure.gravatar.com\\\/avatar\\\/3a8de04a2656d44082be478bd6c086daa447c4651605818287b9532d3d0bd435?s=96&d=mm&r=g\",\"caption\":\"Lo viste en Los Pol\u00edticos\"},\"url\":\"https:\\\/\\\/lospoliticosveracruz.com\\\/?author=2\"}]}<\/script>\n<!-- \/ Yoast SEO plugin. -->","yoast_head_json":{"title":"YUNES Y MORENA, \u00bfQUI\u00c9N DOBL\u00d3 A QUI\u00c9N? - Los pol\u00edticos Veracruz","robots":{"index":"index","follow":"follow","max-snippet":"max-snippet:-1","max-image-preview":"max-image-preview:large","max-video-preview":"max-video-preview:-1"},"canonical":"https:\/\/lospoliticosveracruz.com\/?p=129793","og_locale":"es_ES","og_type":"article","og_title":"YUNES Y MORENA, \u00bfQUI\u00c9N DOBL\u00d3 A QUI\u00c9N? - Los pol\u00edticos Veracruz","og_description":"Ricardo Chua Sale y Vale Lo sucedido ayer en el Senado de la Rep\u00fablica.. Deja algo ya muy claro en la vida pol\u00edtica de M\u00e9xico.. No importa el partido que tenga el poder.. Siempre el asunto ha sido muy sencillo: \u00abLas peleas son abajo, arriba son acuerdos\u00bb.. Y la m\u00e1s clara es la que dec\u00eda [&hellip;]","og_url":"https:\/\/lospoliticosveracruz.com\/?p=129793","og_site_name":"Los pol\u00edticos Veracruz","article_publisher":"https:\/\/www.facebook.com\/people\/Notimemes-de-los-Polticos\/61565672886568\/","article_published_time":"2024-09-11T08:51:33+00:00","article_modified_time":"2024-09-11T08:51:45+00:00","og_image":[{"width":1250,"height":667,"url":"https:\/\/lospoliticosveracruz.com\/wp-content\/uploads\/2024\/03\/Ricardo-Chua.jpg","type":"image\/jpeg"}],"author":"Lo viste en Los Pol\u00edticos","twitter_card":"summary_large_image","twitter_creator":"@LosPoliticosVer","twitter_site":"@LosPoliticosVer","twitter_misc":{"Escrito por":"Lo viste en Los Pol\u00edticos","Tiempo de lectura":"5 minutos"},"schema":{"@context":"https:\/\/schema.org","@graph":[{"@type":"Article","@id":"https:\/\/lospoliticosveracruz.com\/?p=129793#article","isPartOf":{"@id":"https:\/\/lospoliticosveracruz.com\/?p=129793"},"author":{"name":"Lo viste en Los Pol\u00edticos","@id":"https:\/\/lospoliticosveracruz.com\/#\/schema\/person\/b8702bb0e538456e6efd07080bf2a4a2"},"headline":"YUNES Y MORENA, \u00bfQUI\u00c9N DOBL\u00d3 A QUI\u00c9N?","datePublished":"2024-09-11T08:51:33+00:00","dateModified":"2024-09-11T08:51:45+00:00","mainEntityOfPage":{"@id":"https:\/\/lospoliticosveracruz.com\/?p=129793"},"wordCount":1042,"publisher":{"@id":"https:\/\/lospoliticosveracruz.com\/#organization"},"image":{"@id":"https:\/\/lospoliticosveracruz.com\/?p=129793#primaryimage"},"thumbnailUrl":"https:\/\/lospoliticosveracruz.com\/wp-content\/uploads\/2024\/03\/Ricardo-Chua.jpg","keywords":["Andr\u00e9s Manuel L\u00f3pez Obrador","Cuitl\u00e1huac Garc\u00eda Jim\u00e9nez","Manuel Huerta Ladr\u00f3n de Guevara","Miguel \u00c1ngel Yunes Linares","Miguel \u00c1ngel Yunes M\u00e1rquez","Morena","Roc\u00edo Nahle","Veracruz"],"articleSection":["De Opini\u00f3n"],"inLanguage":"es"},{"@type":"WebPage","@id":"https:\/\/lospoliticosveracruz.com\/?p=129793","url":"https:\/\/lospoliticosveracruz.com\/?p=129793","name":"YUNES Y MORENA, \u00bfQUI\u00c9N DOBL\u00d3 A QUI\u00c9N? - Los pol\u00edticos Veracruz","isPartOf":{"@id":"https:\/\/lospoliticosveracruz.com\/#website"},"primaryImageOfPage":{"@id":"https:\/\/lospoliticosveracruz.com\/?p=129793#primaryimage"},"image":{"@id":"https:\/\/lospoliticosveracruz.com\/?p=129793#primaryimage"},"thumbnailUrl":"https:\/\/lospoliticosveracruz.com\/wp-content\/uploads\/2024\/03\/Ricardo-Chua.jpg","datePublished":"2024-09-11T08:51:33+00:00","dateModified":"2024-09-11T08:51:45+00:00","breadcrumb":{"@id":"https:\/\/lospoliticosveracruz.com\/?p=129793#breadcrumb"},"inLanguage":"es","potentialAction":[{"@type":"ReadAction","target":["https:\/\/lospoliticosveracruz.com\/?p=129793"]}]},{"@type":"ImageObject","inLanguage":"es","@id":"https:\/\/lospoliticosveracruz.com\/?p=129793#primaryimage","url":"https:\/\/lospoliticosveracruz.com\/wp-content\/uploads\/2024\/03\/Ricardo-Chua.jpg","contentUrl":"https:\/\/lospoliticosveracruz.com\/wp-content\/uploads\/2024\/03\/Ricardo-Chua.jpg","width":1250,"height":667},{"@type":"BreadcrumbList","@id":"https:\/\/lospoliticosveracruz.com\/?p=129793#breadcrumb","itemListElement":[{"@type":"ListItem","position":1,"name":"Portada","item":"https:\/\/lospoliticosveracruz.com\/"},{"@type":"ListItem","position":2,"name":"YUNES Y MORENA, \u00bfQUI\u00c9N DOBL\u00d3 A QUI\u00c9N?"}]},{"@type":"WebSite","@id":"https:\/\/lospoliticosveracruz.com\/#website","url":"https:\/\/lospoliticosveracruz.com\/","name":"Los pol\u00edticos Veracruz","description":"","publisher":{"@id":"https:\/\/lospoliticosveracruz.com\/#organization"},"potentialAction":[{"@type":"SearchAction","target":{"@type":"EntryPoint","urlTemplate":"https:\/\/lospoliticosveracruz.com\/?s={search_term_string}"},"query-input":{"@type":"PropertyValueSpecification","valueRequired":true,"valueName":"search_term_string"}}],"inLanguage":"es"},{"@type":"Organization","@id":"https:\/\/lospoliticosveracruz.com\/#organization","name":"Los pol\u00edticos Veracruz","url":"https:\/\/lospoliticosveracruz.com\/","logo":{"@type":"ImageObject","inLanguage":"es","@id":"https:\/\/lospoliticosveracruz.com\/#\/schema\/logo\/image\/","url":"https:\/\/lospoliticosveracruz.com\/wp-content\/uploads\/2025\/12\/Logo-Nuevo-LOS-POLITICOS-1.jpg","contentUrl":"https:\/\/lospoliticosveracruz.com\/wp-content\/uploads\/2025\/12\/Logo-Nuevo-LOS-POLITICOS-1.jpg","width":260,"height":70,"caption":"Los pol\u00edticos Veracruz"},"image":{"@id":"https:\/\/lospoliticosveracruz.com\/#\/schema\/logo\/image\/"},"sameAs":["https:\/\/www.facebook.com\/people\/Notimemes-de-los-Polticos\/61565672886568\/","https:\/\/x.com\/LosPoliticosVer"]},{"@type":"Person","@id":"https:\/\/lospoliticosveracruz.com\/#\/schema\/person\/b8702bb0e538456e6efd07080bf2a4a2","name":"Lo viste en Los Pol\u00edticos","image":{"@type":"ImageObject","inLanguage":"es","@id":"https:\/\/secure.gravatar.com\/avatar\/3a8de04a2656d44082be478bd6c086daa447c4651605818287b9532d3d0bd435?s=96&d=mm&r=g","url":"https:\/\/secure.gravatar.com\/avatar\/3a8de04a2656d44082be478bd6c086daa447c4651605818287b9532d3d0bd435?s=96&d=mm&r=g","contentUrl":"https:\/\/secure.gravatar.com\/avatar\/3a8de04a2656d44082be478bd6c086daa447c4651605818287b9532d3d0bd435?s=96&d=mm&r=g","caption":"Lo viste en Los Pol\u00edticos"},"url":"https:\/\/lospoliticosveracruz.com\/?author=2"}]}},"_links":{"self":[{"href":"https:\/\/lospoliticosveracruz.com\/index.php?rest_route=\/wp\/v2\/posts\/129793","targetHints":{"allow":["GET"]}}],"collection":[{"href":"https:\/\/lospoliticosveracruz.com\/index.php?rest_route=\/wp\/v2\/posts"}],"about":[{"href":"https:\/\/lospoliticosveracruz.com\/index.php?rest_route=\/wp\/v2\/types\/post"}],"author":[{"embeddable":true,"href":"https:\/\/lospoliticosveracruz.com\/index.php?rest_route=\/wp\/v2\/users\/2"}],"replies":[{"embeddable":true,"href":"https:\/\/lospoliticosveracruz.com\/index.php?rest_route=%2Fwp%2Fv2%2Fcomments&post=129793"}],"version-history":[{"count":1,"href":"https:\/\/lospoliticosveracruz.com\/index.php?rest_route=\/wp\/v2\/posts\/129793\/revisions"}],"predecessor-version":[{"id":129794,"href":"https:\/\/lospoliticosveracruz.com\/index.php?rest_route=\/wp\/v2\/posts\/129793\/revisions\/129794"}],"wp:featuredmedia":[{"embeddable":true,"href":"https:\/\/lospoliticosveracruz.com\/index.php?rest_route=\/wp\/v2\/media\/119817"}],"wp:attachment":[{"href":"https:\/\/lospoliticosveracruz.com\/index.php?rest_route=%2Fwp%2Fv2%2Fmedia&parent=129793"}],"wp:term":[{"taxonomy":"category","embeddable":true,"href":"https:\/\/lospoliticosveracruz.com\/index.php?rest_route=%2Fwp%2Fv2%2Fcategories&post=129793"},{"taxonomy":"post_tag","embeddable":true,"href":"https:\/\/lospoliticosveracruz.com\/index.php?rest_route=%2Fwp%2Fv2%2Ftags&post=129793"}],"curies":[{"name":"wp","href":"https:\/\/api.w.org\/{rel}","templated":true}]}}