{"id":129889,"date":"2024-09-13T06:17:58","date_gmt":"2024-09-13T11:17:58","guid":{"rendered":"https:\/\/lospoliticosveracruz.com.mx\/?p=129889"},"modified":"2024-09-13T06:18:06","modified_gmt":"2024-09-13T11:18:06","slug":"los-yunes-y-el-pan-en-veracruz-el-duro-dano","status":"publish","type":"post","link":"https:\/\/lospoliticosveracruz.com\/?p=129889","title":{"rendered":"LOS YUNES Y EL PAN EN VERACRUZ, EL DURO DA\u00d1O"},"content":{"rendered":"\n<p><strong>Ricardo Chua<\/strong><\/p>\n\n\n\n<p><em>Sale y Vale<\/em><\/p>\n\n\n\n<p>Luego de toda esa pol\u00e9mica desatada por el tema de que Miguel \u00c4ngel Yunes M\u00e1rquez, como senador panista vot\u00f3 a favor de la Reforma al Poder Judicial en el Senado Mexicano.. Que deriv\u00f3 la expulsi\u00f3n de Yunes M\u00e1rquez y su pap\u00e1, Miguel \u00c1ngel Yunes Linares del PAN.. Y de toda la pol\u00e9mica desatada por la opini\u00f3n p\u00fablica a nivel nacional en redes sociales y medios de comunicaci\u00f3n.. El linchamiento no s\u00f3lo le lleg\u00f3 a los Yunes sino tambi\u00e9n al comit\u00e9 estatal del PAN en Veracruz.. Que es el m\u00e1s da\u00f1ado<\/p>\n\n\n\n<p>Seg\u00fan informes obtenidos por \u00abGarganta Profunda\u00bb se\u00f1alan directamente que despu\u00e9s de que el Consejo Pol\u00edtico Nacional del PAN, en su sesi\u00f3n extraordinaria del pasado mi\u00e9rcoles por la tarde, donde se decidi\u00f3 la expulsi\u00f3n de los Yunes pap\u00e1 e hijo y de una diputada local por Oaxaca.. Tambi\u00e9n minutos m\u00e1s tarde fue presentada la propuesta de manera directa por el dirigente nacional panista y senador, Marko Cort\u00e9s, para que el comit\u00e9 estatal del PAN en Veracruz deje de serlo y se convierta en DELEGACI\u00d3N ESTATAL\u2026 Vaya \u00abmameyazo\u00bb..<\/p>\n\n\n\n<p>Obvio que esa noticia no cay\u00f3 nada bien en el PAN estatal y su dirigencia de partido.. Pero dicen los que saben, la intenci\u00f3n real de Marko es tratar de \u00ablimpiar\u00bb su nombre y no pagar m\u00e1s \u00abpecados\u00bb por su acci\u00f3n.. De haber hecho candidato a senador a Miguel Yunes Marquez y Miguel Yunes Linares.. Ya que el reclamo sobre el dirigente nacional es intenso.. A \u00e9l lo acusan de haberles entregado Veracruz y el PAN a Los Yunes \u00abAzules\u00bb y que entonces el \u00abpadre de la traici\u00f3n\u00bb de estos legisladores al panismo es del michoacano.. ABROOOONN..<\/p>\n\n\n\n<p>Motivo por el cual, ahora Marko Cort\u00e9s intenta cortar de \u00abtajo\u00bb todo lo que \u00abhuela\u00bb a Yunes \u00abAzul\u00bb dentro del comit\u00e9 estatal.. Y por eso present\u00f3 esta propuesta de desaparecer como comit\u00e9 y dejarlo como delegaci\u00f3n.. Ya que dentro del CDE panista en Veracruz.. Hay muchas personas y pol\u00edticos leales y asignados por los Yunes a este cargo partidista.. Y por ello, el michoacano est\u00e1 IMPONIENDO ULTIM\u00c1TUM para que los panistas en Veracruz, se definan.. De que si est\u00e1n con los Yunes o est\u00e1n con el PAN..<\/p>\n\n\n\n<p>As\u00ed la situaci\u00f3n est\u00e1 de grave dentro del PAN en Veracruz porque obviamente los otros grupos pol\u00edticos, que est\u00e1n aliados a ellos o simplemente transitan con ellos, no quieren verse afectado por las decisiones equivocadas de Marko Cort\u00e9s y que les quiten todas las prebendas que puede tener un comit\u00e9 estatal cuando pase a ser una delegaci\u00f3n.. Y el argumento que ocupan es que mejor Cort\u00e9s deje la dirigencia nacional y haya una reconversi\u00f3n del partido a nivel pa\u00eds para que se renueven en todos los estados.. No quieren pagar justos por pecadores..<\/p>\n\n\n\n<p>Ya que de volverse delegaci\u00f3n el CDE del PAN en Veracruz.. Significa un retroceso de m\u00e1s de 30 a\u00f1os para el partido pol\u00edtico en Veracruz.. Ya que en 1992 consiguieron dejar de ser delegaci\u00f3n para convertirse en comit\u00e9.. Y no quieren volver a lo mismo.. Ser delegaci\u00f3n significa que las decisiones que se tomen del PAN en el Estado, se decidir\u00e1n en CDMX no en Veracruz.. Aqu\u00ed no tendr\u00e1n ni voz, ni voto y tendr\u00e1n que acatar las decisiones del comit\u00e9 nacional, de no hacerlo pueden ser expulsados porque as\u00ed lo marca el estatuto..<\/p>\n\n\n\n<p>Si es delegaci\u00f3n el comit\u00e9 estatal de Veracruz.. Ya no podr\u00e1n haber elecciones internas a la dirigencia en el estado.. El l\u00edder del partido en Veracruz, lo impondr\u00eda el CEN del PAN.. Tampoco podr\u00eda nominar a los candidatos a diputados locales, legisladores federales, alcaldes, s\u00edndicos, regidores y gobernadores.. Esa atribuci\u00f3n s\u00f3lo ser\u00eda del Consejo Nacional del PAN avalada por su comit\u00e9 estatal.. En pocas palabras, habr\u00eda \u00abdedazos\u00bb azules en tiempos de campa\u00f1a..<\/p>\n\n\n\n<p>Lo m\u00e1s canijo es que todos los cargos de la delegaci\u00f3n estatal los pondr\u00eda el CEN, no los panistas de Veracruz.. Hasta el tesorero de la delegaci\u00f3n tendr\u00eda que ser una persona muy allegada al comit\u00e9 nacional.. Por lo tanto, todas las prerrogativas que le entregar\u00eda el OPLE a este partido pol\u00edtico con registro estatal.. No llegar\u00eda a manos del comit\u00e9 sino del presidente de la delegaci\u00f3n, quien tendr\u00eda que reportar todo ese presupuesto a CDMX al CEN del PAN.. En pocas palabras, los tendr\u00e1n \u00abamarrados\u00bb.. Esa es la consecuencia del voto de la Reforma al Poder Judicial..<\/p>\n\n\n\n<p>A pesar de que hay un movimientos al interior para evitarlo y muchos grupos pol\u00edticos anti Yunes se andan moviendo ya en el CEN del PAN para que les dejen a ellos, el manejo del comit\u00e9.. Al parecer, Marko ya no quiere correr con la misma suerte y no se quiere arriesgar a otra traici\u00f3n.. Por eso, con el control que todav\u00eda \u00e9l tiene del Consejo Pol\u00edtico Nacional y del CEN, todo parece indicar que pese a las protestas de los Salom\u00f3n, Cambranis, Julen, Mancha y compa\u00f1\u00eda.. El comit\u00e9 va en camino a ser delegaci\u00f3n.. CONSUMATUM EST..<\/p>\n\n\n\n<p>REFLEXI\u00d3N.. Marko Cort\u00e9s podr\u00e1 hacer lo que quiera con el partido en Veracruz.. Seguramente le dejar\u00e1 la estafeta a Jorge Romero.. Quien tendr\u00e1 que hacer esos cambios profundos en el PAN \u00abjarocho\u00bb para sacar de las \u00abra\u00edces profundas\u00bb de este organismo.. Todo lo que el yunismo se enraiz\u00f3 en la entidad.. Sobre todo que en este 2024, los Yunes tienen 20 a\u00f1os de haber llegado al PAN.. Y han sido de todo.. Hasta gobernadores.. El control lo tienen ellos, pero el partido lo tiene Marko.. La limpieza tendr\u00e1 que ser profunda.. Sino habr\u00e1 Yunes \u00abazules\u00bb para rato.. AMEN..<\/p>\n","protected":false},"excerpt":{"rendered":"<p>Ricardo Chua Sale y Vale Luego de toda esa pol\u00e9mica desatada por el tema de que Miguel \u00c4ngel Yunes M\u00e1rquez, como senador panista vot\u00f3 a favor de la Reforma al Poder Judicial en el Senado Mexicano.. Que deriv\u00f3 la expulsi\u00f3n de Yunes M\u00e1rquez y su pap\u00e1, Miguel \u00c1ngel Yunes Linares del PAN.. Y de toda [&hellip;]<\/p>\n","protected":false},"author":2,"featured_media":119817,"comment_status":"closed","ping_status":"closed","sticky":false,"template":"","format":"standard","meta":{"tdm_status":"","tdm_grid_status":"","footnotes":""},"categories":[70],"tags":[41774,2226,31556,12562,26718,536,1026,266,195],"class_list":{"0":"post-129889","1":"post","2":"type-post","3":"status-publish","4":"format-standard","5":"has-post-thumbnail","7":"category-de-opinion","8":"tag-delegacion-estatal","9":"tag-enrique-cambranis","10":"tag-federico-salomon","11":"tag-marko-cortes","12":"tag-miguel-angel-yunes-linares-2","13":"tag-miguel-angel-yunes-marquez","14":"tag-morena","15":"tag-pan","16":"tag-veracruz"},"yoast_head":"<!-- This site is optimized with the Yoast SEO plugin v27.4 - https:\/\/yoast.com\/product\/yoast-seo-wordpress\/ -->\n<title>LOS YUNES Y EL PAN EN VERACRUZ, EL DURO DA\u00d1O - Los pol\u00edticos Veracruz<\/title>\n<meta name=\"robots\" content=\"index, follow, max-snippet:-1, max-image-preview:large, max-video-preview:-1\" \/>\n<link rel=\"canonical\" href=\"https:\/\/lospoliticosveracruz.com\/?p=129889\" \/>\n<meta property=\"og:locale\" content=\"es_ES\" \/>\n<meta property=\"og:type\" content=\"article\" \/>\n<meta property=\"og:title\" content=\"LOS YUNES Y EL PAN EN VERACRUZ, EL DURO DA\u00d1O - Los pol\u00edticos Veracruz\" \/>\n<meta property=\"og:description\" content=\"Ricardo Chua Sale y Vale Luego de toda esa pol\u00e9mica desatada por el tema de que Miguel \u00c4ngel Yunes M\u00e1rquez, como senador panista vot\u00f3 a favor de la Reforma al Poder Judicial en el Senado Mexicano.. Que deriv\u00f3 la expulsi\u00f3n de Yunes M\u00e1rquez y su pap\u00e1, Miguel \u00c1ngel Yunes Linares del PAN.. Y de toda [&hellip;]\" \/>\n<meta property=\"og:url\" content=\"https:\/\/lospoliticosveracruz.com\/?p=129889\" \/>\n<meta property=\"og:site_name\" content=\"Los pol\u00edticos Veracruz\" \/>\n<meta property=\"article:publisher\" content=\"https:\/\/www.facebook.com\/people\/Notimemes-de-los-Polticos\/61565672886568\/\" \/>\n<meta property=\"article:published_time\" content=\"2024-09-13T11:17:58+00:00\" \/>\n<meta property=\"article:modified_time\" content=\"2024-09-13T11:18:06+00:00\" \/>\n<meta property=\"og:image\" content=\"https:\/\/lospoliticosveracruz.com\/wp-content\/uploads\/2024\/03\/Ricardo-Chua.jpg\" \/>\n\t<meta property=\"og:image:width\" content=\"1250\" \/>\n\t<meta property=\"og:image:height\" content=\"667\" \/>\n\t<meta property=\"og:image:type\" content=\"image\/jpeg\" \/>\n<meta name=\"author\" content=\"Lo viste en Los Pol\u00edticos\" \/>\n<meta name=\"twitter:card\" content=\"summary_large_image\" \/>\n<meta name=\"twitter:creator\" content=\"@LosPoliticosVer\" \/>\n<meta name=\"twitter:site\" content=\"@LosPoliticosVer\" \/>\n<meta name=\"twitter:label1\" content=\"Escrito por\" \/>\n\t<meta name=\"twitter:data1\" content=\"Lo viste en Los Pol\u00edticos\" \/>\n\t<meta name=\"twitter:label2\" content=\"Tiempo de lectura\" \/>\n\t<meta name=\"twitter:data2\" content=\"5 minutos\" \/>\n<script type=\"application\/ld+json\" class=\"yoast-schema-graph\">{\"@context\":\"https:\\\/\\\/schema.org\",\"@graph\":[{\"@type\":\"Article\",\"@id\":\"https:\\\/\\\/lospoliticosveracruz.com\\\/?p=129889#article\",\"isPartOf\":{\"@id\":\"https:\\\/\\\/lospoliticosveracruz.com\\\/?p=129889\"},\"author\":{\"name\":\"Lo viste en Los Pol\u00edticos\",\"@id\":\"https:\\\/\\\/lospoliticosveracruz.com\\\/#\\\/schema\\\/person\\\/b8702bb0e538456e6efd07080bf2a4a2\"},\"headline\":\"LOS YUNES Y EL PAN EN VERACRUZ, EL DURO DA\u00d1O\",\"datePublished\":\"2024-09-13T11:17:58+00:00\",\"dateModified\":\"2024-09-13T11:18:06+00:00\",\"mainEntityOfPage\":{\"@id\":\"https:\\\/\\\/lospoliticosveracruz.com\\\/?p=129889\"},\"wordCount\":1007,\"publisher\":{\"@id\":\"https:\\\/\\\/lospoliticosveracruz.com\\\/#organization\"},\"image\":{\"@id\":\"https:\\\/\\\/lospoliticosveracruz.com\\\/?p=129889#primaryimage\"},\"thumbnailUrl\":\"https:\\\/\\\/lospoliticosveracruz.com\\\/wp-content\\\/uploads\\\/2024\\\/03\\\/Ricardo-Chua.jpg\",\"keywords\":[\"delegaci\u00f3n estatal\",\"Enrique Cambranis\",\"Federico Salom\u00f3n\",\"Marko Cort\u00e9s\",\"Miguel \u00c1ngel Yunes Linares\",\"Miguel \u00c1ngel Yunes M\u00e1rquez\",\"Morena\",\"PAN\",\"Veracruz\"],\"articleSection\":[\"De Opini\u00f3n\"],\"inLanguage\":\"es\"},{\"@type\":\"WebPage\",\"@id\":\"https:\\\/\\\/lospoliticosveracruz.com\\\/?p=129889\",\"url\":\"https:\\\/\\\/lospoliticosveracruz.com\\\/?p=129889\",\"name\":\"LOS YUNES Y EL PAN EN VERACRUZ, EL DURO DA\u00d1O - Los pol\u00edticos Veracruz\",\"isPartOf\":{\"@id\":\"https:\\\/\\\/lospoliticosveracruz.com\\\/#website\"},\"primaryImageOfPage\":{\"@id\":\"https:\\\/\\\/lospoliticosveracruz.com\\\/?p=129889#primaryimage\"},\"image\":{\"@id\":\"https:\\\/\\\/lospoliticosveracruz.com\\\/?p=129889#primaryimage\"},\"thumbnailUrl\":\"https:\\\/\\\/lospoliticosveracruz.com\\\/wp-content\\\/uploads\\\/2024\\\/03\\\/Ricardo-Chua.jpg\",\"datePublished\":\"2024-09-13T11:17:58+00:00\",\"dateModified\":\"2024-09-13T11:18:06+00:00\",\"breadcrumb\":{\"@id\":\"https:\\\/\\\/lospoliticosveracruz.com\\\/?p=129889#breadcrumb\"},\"inLanguage\":\"es\",\"potentialAction\":[{\"@type\":\"ReadAction\",\"target\":[\"https:\\\/\\\/lospoliticosveracruz.com\\\/?p=129889\"]}]},{\"@type\":\"ImageObject\",\"inLanguage\":\"es\",\"@id\":\"https:\\\/\\\/lospoliticosveracruz.com\\\/?p=129889#primaryimage\",\"url\":\"https:\\\/\\\/lospoliticosveracruz.com\\\/wp-content\\\/uploads\\\/2024\\\/03\\\/Ricardo-Chua.jpg\",\"contentUrl\":\"https:\\\/\\\/lospoliticosveracruz.com\\\/wp-content\\\/uploads\\\/2024\\\/03\\\/Ricardo-Chua.jpg\",\"width\":1250,\"height\":667},{\"@type\":\"BreadcrumbList\",\"@id\":\"https:\\\/\\\/lospoliticosveracruz.com\\\/?p=129889#breadcrumb\",\"itemListElement\":[{\"@type\":\"ListItem\",\"position\":1,\"name\":\"Portada\",\"item\":\"https:\\\/\\\/lospoliticosveracruz.com\\\/\"},{\"@type\":\"ListItem\",\"position\":2,\"name\":\"LOS YUNES Y EL PAN EN VERACRUZ, EL DURO DA\u00d1O\"}]},{\"@type\":\"WebSite\",\"@id\":\"https:\\\/\\\/lospoliticosveracruz.com\\\/#website\",\"url\":\"https:\\\/\\\/lospoliticosveracruz.com\\\/\",\"name\":\"Los pol\u00edticos Veracruz\",\"description\":\"\",\"publisher\":{\"@id\":\"https:\\\/\\\/lospoliticosveracruz.com\\\/#organization\"},\"potentialAction\":[{\"@type\":\"SearchAction\",\"target\":{\"@type\":\"EntryPoint\",\"urlTemplate\":\"https:\\\/\\\/lospoliticosveracruz.com\\\/?s={search_term_string}\"},\"query-input\":{\"@type\":\"PropertyValueSpecification\",\"valueRequired\":true,\"valueName\":\"search_term_string\"}}],\"inLanguage\":\"es\"},{\"@type\":\"Organization\",\"@id\":\"https:\\\/\\\/lospoliticosveracruz.com\\\/#organization\",\"name\":\"Los pol\u00edticos Veracruz\",\"url\":\"https:\\\/\\\/lospoliticosveracruz.com\\\/\",\"logo\":{\"@type\":\"ImageObject\",\"inLanguage\":\"es\",\"@id\":\"https:\\\/\\\/lospoliticosveracruz.com\\\/#\\\/schema\\\/logo\\\/image\\\/\",\"url\":\"https:\\\/\\\/lospoliticosveracruz.com\\\/wp-content\\\/uploads\\\/2025\\\/12\\\/Logo-Nuevo-LOS-POLITICOS-1.jpg\",\"contentUrl\":\"https:\\\/\\\/lospoliticosveracruz.com\\\/wp-content\\\/uploads\\\/2025\\\/12\\\/Logo-Nuevo-LOS-POLITICOS-1.jpg\",\"width\":260,\"height\":70,\"caption\":\"Los pol\u00edticos Veracruz\"},\"image\":{\"@id\":\"https:\\\/\\\/lospoliticosveracruz.com\\\/#\\\/schema\\\/logo\\\/image\\\/\"},\"sameAs\":[\"https:\\\/\\\/www.facebook.com\\\/people\\\/Notimemes-de-los-Polticos\\\/61565672886568\\\/\",\"https:\\\/\\\/x.com\\\/LosPoliticosVer\"]},{\"@type\":\"Person\",\"@id\":\"https:\\\/\\\/lospoliticosveracruz.com\\\/#\\\/schema\\\/person\\\/b8702bb0e538456e6efd07080bf2a4a2\",\"name\":\"Lo viste en Los Pol\u00edticos\",\"image\":{\"@type\":\"ImageObject\",\"inLanguage\":\"es\",\"@id\":\"https:\\\/\\\/secure.gravatar.com\\\/avatar\\\/3a8de04a2656d44082be478bd6c086daa447c4651605818287b9532d3d0bd435?s=96&d=mm&r=g\",\"url\":\"https:\\\/\\\/secure.gravatar.com\\\/avatar\\\/3a8de04a2656d44082be478bd6c086daa447c4651605818287b9532d3d0bd435?s=96&d=mm&r=g\",\"contentUrl\":\"https:\\\/\\\/secure.gravatar.com\\\/avatar\\\/3a8de04a2656d44082be478bd6c086daa447c4651605818287b9532d3d0bd435?s=96&d=mm&r=g\",\"caption\":\"Lo viste en Los Pol\u00edticos\"},\"url\":\"https:\\\/\\\/lospoliticosveracruz.com\\\/?author=2\"}]}<\/script>\n<!-- \/ Yoast SEO plugin. -->","yoast_head_json":{"title":"LOS YUNES Y EL PAN EN VERACRUZ, EL DURO DA\u00d1O - Los pol\u00edticos Veracruz","robots":{"index":"index","follow":"follow","max-snippet":"max-snippet:-1","max-image-preview":"max-image-preview:large","max-video-preview":"max-video-preview:-1"},"canonical":"https:\/\/lospoliticosveracruz.com\/?p=129889","og_locale":"es_ES","og_type":"article","og_title":"LOS YUNES Y EL PAN EN VERACRUZ, EL DURO DA\u00d1O - Los pol\u00edticos Veracruz","og_description":"Ricardo Chua Sale y Vale Luego de toda esa pol\u00e9mica desatada por el tema de que Miguel \u00c4ngel Yunes M\u00e1rquez, como senador panista vot\u00f3 a favor de la Reforma al Poder Judicial en el Senado Mexicano.. Que deriv\u00f3 la expulsi\u00f3n de Yunes M\u00e1rquez y su pap\u00e1, Miguel \u00c1ngel Yunes Linares del PAN.. Y de toda [&hellip;]","og_url":"https:\/\/lospoliticosveracruz.com\/?p=129889","og_site_name":"Los pol\u00edticos Veracruz","article_publisher":"https:\/\/www.facebook.com\/people\/Notimemes-de-los-Polticos\/61565672886568\/","article_published_time":"2024-09-13T11:17:58+00:00","article_modified_time":"2024-09-13T11:18:06+00:00","og_image":[{"width":1250,"height":667,"url":"https:\/\/lospoliticosveracruz.com\/wp-content\/uploads\/2024\/03\/Ricardo-Chua.jpg","type":"image\/jpeg"}],"author":"Lo viste en Los Pol\u00edticos","twitter_card":"summary_large_image","twitter_creator":"@LosPoliticosVer","twitter_site":"@LosPoliticosVer","twitter_misc":{"Escrito por":"Lo viste en Los Pol\u00edticos","Tiempo de lectura":"5 minutos"},"schema":{"@context":"https:\/\/schema.org","@graph":[{"@type":"Article","@id":"https:\/\/lospoliticosveracruz.com\/?p=129889#article","isPartOf":{"@id":"https:\/\/lospoliticosveracruz.com\/?p=129889"},"author":{"name":"Lo viste en Los Pol\u00edticos","@id":"https:\/\/lospoliticosveracruz.com\/#\/schema\/person\/b8702bb0e538456e6efd07080bf2a4a2"},"headline":"LOS YUNES Y EL PAN EN VERACRUZ, EL DURO DA\u00d1O","datePublished":"2024-09-13T11:17:58+00:00","dateModified":"2024-09-13T11:18:06+00:00","mainEntityOfPage":{"@id":"https:\/\/lospoliticosveracruz.com\/?p=129889"},"wordCount":1007,"publisher":{"@id":"https:\/\/lospoliticosveracruz.com\/#organization"},"image":{"@id":"https:\/\/lospoliticosveracruz.com\/?p=129889#primaryimage"},"thumbnailUrl":"https:\/\/lospoliticosveracruz.com\/wp-content\/uploads\/2024\/03\/Ricardo-Chua.jpg","keywords":["delegaci\u00f3n estatal","Enrique Cambranis","Federico Salom\u00f3n","Marko Cort\u00e9s","Miguel \u00c1ngel Yunes Linares","Miguel \u00c1ngel Yunes M\u00e1rquez","Morena","PAN","Veracruz"],"articleSection":["De Opini\u00f3n"],"inLanguage":"es"},{"@type":"WebPage","@id":"https:\/\/lospoliticosveracruz.com\/?p=129889","url":"https:\/\/lospoliticosveracruz.com\/?p=129889","name":"LOS YUNES Y EL PAN EN VERACRUZ, EL DURO DA\u00d1O - Los pol\u00edticos Veracruz","isPartOf":{"@id":"https:\/\/lospoliticosveracruz.com\/#website"},"primaryImageOfPage":{"@id":"https:\/\/lospoliticosveracruz.com\/?p=129889#primaryimage"},"image":{"@id":"https:\/\/lospoliticosveracruz.com\/?p=129889#primaryimage"},"thumbnailUrl":"https:\/\/lospoliticosveracruz.com\/wp-content\/uploads\/2024\/03\/Ricardo-Chua.jpg","datePublished":"2024-09-13T11:17:58+00:00","dateModified":"2024-09-13T11:18:06+00:00","breadcrumb":{"@id":"https:\/\/lospoliticosveracruz.com\/?p=129889#breadcrumb"},"inLanguage":"es","potentialAction":[{"@type":"ReadAction","target":["https:\/\/lospoliticosveracruz.com\/?p=129889"]}]},{"@type":"ImageObject","inLanguage":"es","@id":"https:\/\/lospoliticosveracruz.com\/?p=129889#primaryimage","url":"https:\/\/lospoliticosveracruz.com\/wp-content\/uploads\/2024\/03\/Ricardo-Chua.jpg","contentUrl":"https:\/\/lospoliticosveracruz.com\/wp-content\/uploads\/2024\/03\/Ricardo-Chua.jpg","width":1250,"height":667},{"@type":"BreadcrumbList","@id":"https:\/\/lospoliticosveracruz.com\/?p=129889#breadcrumb","itemListElement":[{"@type":"ListItem","position":1,"name":"Portada","item":"https:\/\/lospoliticosveracruz.com\/"},{"@type":"ListItem","position":2,"name":"LOS YUNES Y EL PAN EN VERACRUZ, EL DURO DA\u00d1O"}]},{"@type":"WebSite","@id":"https:\/\/lospoliticosveracruz.com\/#website","url":"https:\/\/lospoliticosveracruz.com\/","name":"Los pol\u00edticos Veracruz","description":"","publisher":{"@id":"https:\/\/lospoliticosveracruz.com\/#organization"},"potentialAction":[{"@type":"SearchAction","target":{"@type":"EntryPoint","urlTemplate":"https:\/\/lospoliticosveracruz.com\/?s={search_term_string}"},"query-input":{"@type":"PropertyValueSpecification","valueRequired":true,"valueName":"search_term_string"}}],"inLanguage":"es"},{"@type":"Organization","@id":"https:\/\/lospoliticosveracruz.com\/#organization","name":"Los pol\u00edticos Veracruz","url":"https:\/\/lospoliticosveracruz.com\/","logo":{"@type":"ImageObject","inLanguage":"es","@id":"https:\/\/lospoliticosveracruz.com\/#\/schema\/logo\/image\/","url":"https:\/\/lospoliticosveracruz.com\/wp-content\/uploads\/2025\/12\/Logo-Nuevo-LOS-POLITICOS-1.jpg","contentUrl":"https:\/\/lospoliticosveracruz.com\/wp-content\/uploads\/2025\/12\/Logo-Nuevo-LOS-POLITICOS-1.jpg","width":260,"height":70,"caption":"Los pol\u00edticos Veracruz"},"image":{"@id":"https:\/\/lospoliticosveracruz.com\/#\/schema\/logo\/image\/"},"sameAs":["https:\/\/www.facebook.com\/people\/Notimemes-de-los-Polticos\/61565672886568\/","https:\/\/x.com\/LosPoliticosVer"]},{"@type":"Person","@id":"https:\/\/lospoliticosveracruz.com\/#\/schema\/person\/b8702bb0e538456e6efd07080bf2a4a2","name":"Lo viste en Los Pol\u00edticos","image":{"@type":"ImageObject","inLanguage":"es","@id":"https:\/\/secure.gravatar.com\/avatar\/3a8de04a2656d44082be478bd6c086daa447c4651605818287b9532d3d0bd435?s=96&d=mm&r=g","url":"https:\/\/secure.gravatar.com\/avatar\/3a8de04a2656d44082be478bd6c086daa447c4651605818287b9532d3d0bd435?s=96&d=mm&r=g","contentUrl":"https:\/\/secure.gravatar.com\/avatar\/3a8de04a2656d44082be478bd6c086daa447c4651605818287b9532d3d0bd435?s=96&d=mm&r=g","caption":"Lo viste en Los Pol\u00edticos"},"url":"https:\/\/lospoliticosveracruz.com\/?author=2"}]}},"_links":{"self":[{"href":"https:\/\/lospoliticosveracruz.com\/index.php?rest_route=\/wp\/v2\/posts\/129889","targetHints":{"allow":["GET"]}}],"collection":[{"href":"https:\/\/lospoliticosveracruz.com\/index.php?rest_route=\/wp\/v2\/posts"}],"about":[{"href":"https:\/\/lospoliticosveracruz.com\/index.php?rest_route=\/wp\/v2\/types\/post"}],"author":[{"embeddable":true,"href":"https:\/\/lospoliticosveracruz.com\/index.php?rest_route=\/wp\/v2\/users\/2"}],"replies":[{"embeddable":true,"href":"https:\/\/lospoliticosveracruz.com\/index.php?rest_route=%2Fwp%2Fv2%2Fcomments&post=129889"}],"version-history":[{"count":1,"href":"https:\/\/lospoliticosveracruz.com\/index.php?rest_route=\/wp\/v2\/posts\/129889\/revisions"}],"predecessor-version":[{"id":129890,"href":"https:\/\/lospoliticosveracruz.com\/index.php?rest_route=\/wp\/v2\/posts\/129889\/revisions\/129890"}],"wp:featuredmedia":[{"embeddable":true,"href":"https:\/\/lospoliticosveracruz.com\/index.php?rest_route=\/wp\/v2\/media\/119817"}],"wp:attachment":[{"href":"https:\/\/lospoliticosveracruz.com\/index.php?rest_route=%2Fwp%2Fv2%2Fmedia&parent=129889"}],"wp:term":[{"taxonomy":"category","embeddable":true,"href":"https:\/\/lospoliticosveracruz.com\/index.php?rest_route=%2Fwp%2Fv2%2Fcategories&post=129889"},{"taxonomy":"post_tag","embeddable":true,"href":"https:\/\/lospoliticosveracruz.com\/index.php?rest_route=%2Fwp%2Fv2%2Ftags&post=129889"}],"curies":[{"name":"wp","href":"https:\/\/api.w.org\/{rel}","templated":true}]}}