{"id":130002,"date":"2024-09-17T10:50:49","date_gmt":"2024-09-17T15:50:49","guid":{"rendered":"https:\/\/lospoliticosveracruz.com.mx\/?p=130002"},"modified":"2024-09-17T10:50:55","modified_gmt":"2024-09-17T15:50:55","slug":"arrancan-los-procesos-judiciales","status":"publish","type":"post","link":"https:\/\/lospoliticosveracruz.com\/?p=130002","title":{"rendered":"ARRANCAN LOS \u201cPROCESOS JUDICIALES\u201d"},"content":{"rendered":"\n<p><br><strong>Fanny Y\u00e9pez<\/strong><\/p>\n\n\n\n<p><em>La Columna<\/em><\/p>\n\n\n\n<p>Con la promulgaci\u00f3n de la Reforma Judicial, arrancan los procesos para la elecci\u00f3n extraordinaria\u00a0\u00a0que celebrara el 1 de junio 2025. En tanto este mi\u00e9rcoles inicia el plazo de 7 d\u00edas que tiene el Consejo General del INE para empezar a preparar el proceso electoral, es decir que a partir hoy 17 de este mes de\u00a0\u00a0septiembre los consejeros podr\u00edan comenzar con la discusi\u00f3n de la log\u00edstica necesaria para que se realice la elecci\u00f3n.<\/p>\n\n\n<div class=\"wp-block-image\">\n<figure class=\"alignleft size-thumbnail\"><a href=\"https:\/\/lospoliticosveracruz.com.mx\/wp-content\/uploads\/2024\/05\/IMG_0341-e1716950925234.jpeg\"><img loading=\"lazy\" decoding=\"async\" width=\"150\" height=\"150\" src=\"https:\/\/lospoliticosveracruz.com.mx\/wp-content\/uploads\/2024\/05\/IMG_0341-150x150.jpeg\" alt=\"\" class=\"wp-image-125332\"\/><\/a><\/figure>\n<\/div>\n\n\n<p>Posteriormente, el Senado de la Rep\u00fablica tendr\u00e1 30 d\u00edas -a partir de hoy- para publicar la convocatoria para que las personas interesadas puedan inscribirse si quieren ser ministros, magistrados o jueces. Asimismo, el Congreso tiene tres meses para adecuar las leyes secundarias; mientras que los Congresos locales contar\u00e1n con un m\u00e1ximo de 180 d\u00edas (seis meses) para adecuar sus constituciones que permita la elecci\u00f3n judicial por voto popular.<\/p>\n\n\n\n<p>Con la pronmulgacion de la reforma inicia la cuenta regresiva para que el pueblo participe en una elecci\u00f3n extraordinaria para el 2025, en que se tendr\u00e1n que elegir en la primera fase a jueces, magistrados y ministros mismos que ser\u00e1n&nbsp;&nbsp;electos por voto popular, En esta etapa se elegir\u00e1n a poco m\u00e1s de mil candidatos en la Ciudad de M\u00e9xico, n\u00famero que podr\u00eda ser mayor o menor considerando la entidad federativa, las jubilaciones y puestos vacantes.<\/p>\n\n\n\n<p>Ser\u00e1 hasta el 12 de febrero de 2025 cuando el Senado env\u00ede el listado y las postulaciones al Instituto Nacional Electoral para que organice las elecciones, y ser\u00e1 el 1 de junio de 2025 cuando se celebrar\u00e1 el proceso democr\u00e1tico, para posteriormente a que se publiquen los c\u00f3mputos -y en caso de que se pueda impugnar- los jueces, magistrados y ministros electos rindan protesta el 1 de septiembre del pr\u00f3ximo a\u00f1o.<\/p>\n\n\n\n<p>De acuerdo con el art\u00edculo segundo transitorio de la reforma judicial, en el proceso electoral extraordinario 2024-2025 se elegir\u00e1n a la totalidad de los cargos de ministras y ministros de la Suprema Corte de Justicia de la Naci\u00f3n (SCJN) -que con la reforma se reducen de 11 a 9-, las magistraturas vacantes de la Sala Superior y la totalidad de magistradas y magistrados de Salas Regionales del Tribunal Electoral del Poder Judicial de la Federaci\u00f3n (TEPJF).<\/p>\n\n\n\n<p>De esta forma, las y los ciudadanos deber\u00e1n elegir entre 81 personas para ocupar los nueve puestos de la Suprema Corte, entre 18 candidatos para elegir a las 2 magistraturas vacantes de la Sala Superior del Tribunal Electoral y entre 90 personas (bajo el supuesto de que las postulaciones m\u00e1ximas por cada poder sean de un m\u00e1ximo de 3) para elegir a la totalidad de los 15 magistrados de las Salas Regionales del TEPJF, seg\u00fan los c\u00e1lculos del exconsejero Merino.<\/p>\n\n\n\n<p>El art\u00edculo transitorio tambi\u00e9n establece que en 2025 se elegir\u00e1n a todos los integrantes del nuevo Tribunal de Disciplina Judicial -\u00f3rgano que junto a uno de administraci\u00f3n sustituir\u00e1n al actual Consejo de la Judicatura Federal (CJF)-, la mitad de magistradas y magistrados de circuito y juezas y jueces de distrito.<\/p>\n\n\n\n<p>As\u00ed, los electores deber\u00e1n decir entre 45 candidatos para ocupar los 5 cargos que habr\u00e1 en el Tribunal de Disciplina, entre cuatro mil 938 personas para ocupar 823 puestos de jueces y magistrados y entre cinco mil 643 candidaturas para 627 magistrados locales, bajo el supuesto de que en 2025 se elija a la totalidad de estos puestos. De esta forma se elegir\u00e1 entre 10 mil 815 candidaturas para elegir a mil 481 personas para los cargos nuevos.<\/p>\n\n\n\n<p><strong>Fechas clave:<\/strong><\/p>\n\n\n\n<p>Antes del 23 de septiembre: Sesi\u00f3n del Consejo General del INE para iniciar los trabajos preparativos<\/p>\n\n\n\n<p>Antes del 16 de octubre: Senado emite la convocatoria para integrar listados de candidatos<\/p>\n\n\n\n<p>Antes del 15 de diciembre: El Congreso federal debe aprobar los cambios en leyes secundarias<\/p>\n\n\n\n<p><strong>Antes del 12 de febrero de 2025:<\/strong><\/p>\n\n\n\n<p>Integraci\u00f3n de Comit\u00e9s de Evaluaci\u00f3n en cada Poder<\/p>\n\n\n\n<p>Evaluar, filtrar y elegir aspirantes<\/p>\n\n\n\n<p>Elegir candidatos (Presidencia de manera directa, Congreso por mayor\u00eda calificada y SCJN por mayor\u00eda de 6 votos)<\/p>\n\n\n\n<p>Una vez aprobadas las listas de candidatos, el Senado las enviar\u00e1 al INE<\/p>\n\n\n\n<p>Antes del 15 de marzo: los congresos estatales deben aprobar cambios a leyes locales para adoptar la Reforma Judicial<\/p>\n\n\n\n<p>30 de marzo al 28 de mayo: Periodo de campa\u00f1as de los candidatos<\/p>\n\n\n\n<p>&nbsp;No tendr\u00e1n financiamiento p\u00fablico ni privado<\/p>\n\n\n\n<p>&nbsp;S\u00f3lo recibir\u00e1n tiempos de radio y televisi\u00f3n para promocionarse<\/p>\n\n\n\n<p>&nbsp;Podr\u00e1n participar en foros y debates<\/p>\n\n\n\n<p>Est\u00e1 prohibido para partidos pol\u00edticos y funcionarios promover o atacar candidaturas<\/p>\n\n\n\n<p>1 de junio: D\u00eda de la elecci\u00f3n extraordinaria. Recibir\u00e1s, en teor\u00eda, 6 boletas:<\/p>\n\n\n\n<p>1. Ministros de la SCJN<\/p>\n\n\n\n<p>2. Magistrados del Tribunal de Disciplina Judicial<\/p>\n\n\n\n<p>3. Magistrados de la Sala Superior del Tribunal Electoral<\/p>\n\n\n\n<p>4. Magistrados de Salas Regionales<\/p>\n\n\n\n<p>5. Jueces de distrito y magistrados de circuito<\/p>\n\n\n\n<p>6. Juzgadores locales (en caso de elecci\u00f3n local)<\/p>\n\n\n\n<p>Habr\u00e1 que ver como el INE resolver\u00e1 el problema de espacio en la boleta para jueces y magistrados de circuito.<\/p>\n\n\n\n<p>Despu\u00e9s de la jornada electoral, el INE:<\/p>\n\n\n\n<p>&nbsp;Har\u00e1 los c\u00f3mputos de la elecci\u00f3n<\/p>\n\n\n\n<p>&nbsp;Publicar\u00e1 resultados<\/p>\n\n\n\n<p>&#8211; Dar\u00e1 constancias de mayor\u00eda<\/p>\n\n\n\n<p>&#8211; Declarar\u00e1 v\u00e1lida la elecci\u00f3n<\/p>\n\n\n\n<p>Antes del 28 de agosto: Deber\u00e1n quedar resueltas las impugnaciones<\/p>\n\n\n\n<p>1 de septiembre: Los juzgadores electos protestar\u00e1n su cargo en el Senado<\/p>\n\n\n\n<p>Antes del 15 de septiembre: Juzgadores electos ser\u00e1n adscritos al \u00f3rgano judicial que corresponda<\/p>\n\n\n\n<p>Datos que se desconocen:<\/p>\n\n\n\n<p>&#8211; N\u00famero de casillas<\/p>\n\n\n\n<p>&#8211; N\u00famero de funcionarios necesarios<\/p>\n\n\n\n<p>&#8211; Proceso para agilizar el voto<\/p>\n\n\n\n<p>&#8211; Mecanismos y sanciones para evitar financiamiento ilegal \/ intervenci\u00f3n de grupo f\u00e1cticos<\/p>\n\n\n\n<p>&#8211; Si candidatos pueden contratar publicidad y\/o promoverse en redes sociales con dinero propio<\/p>\n\n\n\n<p>&#8211; El costo de la elecci\u00f3n<\/p>\n","protected":false},"excerpt":{"rendered":"<p>Fanny Y\u00e9pez La Columna Con la promulgaci\u00f3n de la Reforma Judicial, arrancan los procesos para la elecci\u00f3n extraordinaria\u00a0\u00a0que celebrara el 1 de junio 2025. En tanto este mi\u00e9rcoles inicia el plazo de 7 d\u00edas que tiene el Consejo General del INE para empezar a preparar el proceso electoral, es decir que a partir hoy 17 [&hellip;]<\/p>\n","protected":false},"author":2,"featured_media":126076,"comment_status":"closed","ping_status":"closed","sticky":false,"template":"","format":"standard","meta":{"tdm_status":"","tdm_grid_status":"","footnotes":""},"categories":[70],"tags":[3398,41304,2273],"class_list":{"0":"post-130002","1":"post","2":"type-post","3":"status-publish","4":"format-standard","5":"has-post-thumbnail","7":"category-de-opinion","8":"tag-fanny-yepez","9":"tag-reforma-judicial","10":"tag-tribunal-electoral-del-poder-judicial-de-la-federacion"},"yoast_head":"<!-- This site is optimized with the Yoast SEO plugin v27.4 - https:\/\/yoast.com\/product\/yoast-seo-wordpress\/ -->\n<title>ARRANCAN LOS \u201cPROCESOS JUDICIALES\u201d - Los pol\u00edticos Veracruz<\/title>\n<meta name=\"robots\" content=\"index, follow, max-snippet:-1, max-image-preview:large, max-video-preview:-1\" \/>\n<link rel=\"canonical\" href=\"https:\/\/lospoliticosveracruz.com\/?p=130002\" \/>\n<meta property=\"og:locale\" content=\"es_ES\" \/>\n<meta property=\"og:type\" content=\"article\" \/>\n<meta property=\"og:title\" content=\"ARRANCAN LOS \u201cPROCESOS JUDICIALES\u201d - Los pol\u00edticos Veracruz\" \/>\n<meta property=\"og:description\" content=\"Fanny Y\u00e9pez La Columna Con la promulgaci\u00f3n de la Reforma Judicial, arrancan los procesos para la elecci\u00f3n extraordinaria\u00a0\u00a0que celebrara el 1 de junio 2025. En tanto este mi\u00e9rcoles inicia el plazo de 7 d\u00edas que tiene el Consejo General del INE para empezar a preparar el proceso electoral, es decir que a partir hoy 17 [&hellip;]\" \/>\n<meta property=\"og:url\" content=\"https:\/\/lospoliticosveracruz.com\/?p=130002\" \/>\n<meta property=\"og:site_name\" content=\"Los pol\u00edticos Veracruz\" \/>\n<meta property=\"article:publisher\" content=\"https:\/\/www.facebook.com\/people\/Notimemes-de-los-Polticos\/61565672886568\/\" \/>\n<meta property=\"article:published_time\" content=\"2024-09-17T15:50:49+00:00\" \/>\n<meta property=\"article:modified_time\" content=\"2024-09-17T15:50:55+00:00\" \/>\n<meta property=\"og:image\" content=\"https:\/\/lospoliticosveracruz.com\/wp-content\/uploads\/2024\/06\/Fanny-Yepez.jpg\" \/>\n\t<meta property=\"og:image:width\" content=\"1250\" \/>\n\t<meta property=\"og:image:height\" content=\"667\" \/>\n\t<meta property=\"og:image:type\" content=\"image\/jpeg\" \/>\n<meta name=\"author\" content=\"Lo viste en Los Pol\u00edticos\" \/>\n<meta name=\"twitter:card\" content=\"summary_large_image\" \/>\n<meta name=\"twitter:creator\" content=\"@LosPoliticosVer\" \/>\n<meta name=\"twitter:site\" content=\"@LosPoliticosVer\" \/>\n<meta name=\"twitter:label1\" content=\"Escrito por\" \/>\n\t<meta name=\"twitter:data1\" content=\"Lo viste en Los Pol\u00edticos\" \/>\n\t<meta name=\"twitter:label2\" content=\"Tiempo de lectura\" \/>\n\t<meta name=\"twitter:data2\" content=\"5 minutos\" \/>\n<script type=\"application\/ld+json\" class=\"yoast-schema-graph\">{\"@context\":\"https:\\\/\\\/schema.org\",\"@graph\":[{\"@type\":\"Article\",\"@id\":\"https:\\\/\\\/lospoliticosveracruz.com\\\/?p=130002#article\",\"isPartOf\":{\"@id\":\"https:\\\/\\\/lospoliticosveracruz.com\\\/?p=130002\"},\"author\":{\"name\":\"Lo viste en Los Pol\u00edticos\",\"@id\":\"https:\\\/\\\/lospoliticosveracruz.com\\\/#\\\/schema\\\/person\\\/b8702bb0e538456e6efd07080bf2a4a2\"},\"headline\":\"ARRANCAN LOS \u201cPROCESOS JUDICIALES\u201d\",\"datePublished\":\"2024-09-17T15:50:49+00:00\",\"dateModified\":\"2024-09-17T15:50:55+00:00\",\"mainEntityOfPage\":{\"@id\":\"https:\\\/\\\/lospoliticosveracruz.com\\\/?p=130002\"},\"wordCount\":965,\"publisher\":{\"@id\":\"https:\\\/\\\/lospoliticosveracruz.com\\\/#organization\"},\"image\":{\"@id\":\"https:\\\/\\\/lospoliticosveracruz.com\\\/?p=130002#primaryimage\"},\"thumbnailUrl\":\"https:\\\/\\\/lospoliticosveracruz.com\\\/wp-content\\\/uploads\\\/2024\\\/06\\\/Fanny-Yepez.jpg\",\"keywords\":[\"Fanny Y\u00e9pez\",\"Reforma Judicial\",\"Tribunal Electoral del Poder Judicial de la Federaci\u00f3n\"],\"articleSection\":[\"De Opini\u00f3n\"],\"inLanguage\":\"es\"},{\"@type\":\"WebPage\",\"@id\":\"https:\\\/\\\/lospoliticosveracruz.com\\\/?p=130002\",\"url\":\"https:\\\/\\\/lospoliticosveracruz.com\\\/?p=130002\",\"name\":\"ARRANCAN LOS \u201cPROCESOS JUDICIALES\u201d - Los pol\u00edticos Veracruz\",\"isPartOf\":{\"@id\":\"https:\\\/\\\/lospoliticosveracruz.com\\\/#website\"},\"primaryImageOfPage\":{\"@id\":\"https:\\\/\\\/lospoliticosveracruz.com\\\/?p=130002#primaryimage\"},\"image\":{\"@id\":\"https:\\\/\\\/lospoliticosveracruz.com\\\/?p=130002#primaryimage\"},\"thumbnailUrl\":\"https:\\\/\\\/lospoliticosveracruz.com\\\/wp-content\\\/uploads\\\/2024\\\/06\\\/Fanny-Yepez.jpg\",\"datePublished\":\"2024-09-17T15:50:49+00:00\",\"dateModified\":\"2024-09-17T15:50:55+00:00\",\"breadcrumb\":{\"@id\":\"https:\\\/\\\/lospoliticosveracruz.com\\\/?p=130002#breadcrumb\"},\"inLanguage\":\"es\",\"potentialAction\":[{\"@type\":\"ReadAction\",\"target\":[\"https:\\\/\\\/lospoliticosveracruz.com\\\/?p=130002\"]}]},{\"@type\":\"ImageObject\",\"inLanguage\":\"es\",\"@id\":\"https:\\\/\\\/lospoliticosveracruz.com\\\/?p=130002#primaryimage\",\"url\":\"https:\\\/\\\/lospoliticosveracruz.com\\\/wp-content\\\/uploads\\\/2024\\\/06\\\/Fanny-Yepez.jpg\",\"contentUrl\":\"https:\\\/\\\/lospoliticosveracruz.com\\\/wp-content\\\/uploads\\\/2024\\\/06\\\/Fanny-Yepez.jpg\",\"width\":1250,\"height\":667},{\"@type\":\"BreadcrumbList\",\"@id\":\"https:\\\/\\\/lospoliticosveracruz.com\\\/?p=130002#breadcrumb\",\"itemListElement\":[{\"@type\":\"ListItem\",\"position\":1,\"name\":\"Portada\",\"item\":\"https:\\\/\\\/lospoliticosveracruz.com\\\/\"},{\"@type\":\"ListItem\",\"position\":2,\"name\":\"ARRANCAN LOS \u201cPROCESOS JUDICIALES\u201d\"}]},{\"@type\":\"WebSite\",\"@id\":\"https:\\\/\\\/lospoliticosveracruz.com\\\/#website\",\"url\":\"https:\\\/\\\/lospoliticosveracruz.com\\\/\",\"name\":\"Los pol\u00edticos Veracruz\",\"description\":\"\",\"publisher\":{\"@id\":\"https:\\\/\\\/lospoliticosveracruz.com\\\/#organization\"},\"potentialAction\":[{\"@type\":\"SearchAction\",\"target\":{\"@type\":\"EntryPoint\",\"urlTemplate\":\"https:\\\/\\\/lospoliticosveracruz.com\\\/?s={search_term_string}\"},\"query-input\":{\"@type\":\"PropertyValueSpecification\",\"valueRequired\":true,\"valueName\":\"search_term_string\"}}],\"inLanguage\":\"es\"},{\"@type\":\"Organization\",\"@id\":\"https:\\\/\\\/lospoliticosveracruz.com\\\/#organization\",\"name\":\"Los pol\u00edticos Veracruz\",\"url\":\"https:\\\/\\\/lospoliticosveracruz.com\\\/\",\"logo\":{\"@type\":\"ImageObject\",\"inLanguage\":\"es\",\"@id\":\"https:\\\/\\\/lospoliticosveracruz.com\\\/#\\\/schema\\\/logo\\\/image\\\/\",\"url\":\"https:\\\/\\\/lospoliticosveracruz.com\\\/wp-content\\\/uploads\\\/2025\\\/12\\\/Logo-Nuevo-LOS-POLITICOS-1.jpg\",\"contentUrl\":\"https:\\\/\\\/lospoliticosveracruz.com\\\/wp-content\\\/uploads\\\/2025\\\/12\\\/Logo-Nuevo-LOS-POLITICOS-1.jpg\",\"width\":260,\"height\":70,\"caption\":\"Los pol\u00edticos Veracruz\"},\"image\":{\"@id\":\"https:\\\/\\\/lospoliticosveracruz.com\\\/#\\\/schema\\\/logo\\\/image\\\/\"},\"sameAs\":[\"https:\\\/\\\/www.facebook.com\\\/people\\\/Notimemes-de-los-Polticos\\\/61565672886568\\\/\",\"https:\\\/\\\/x.com\\\/LosPoliticosVer\"]},{\"@type\":\"Person\",\"@id\":\"https:\\\/\\\/lospoliticosveracruz.com\\\/#\\\/schema\\\/person\\\/b8702bb0e538456e6efd07080bf2a4a2\",\"name\":\"Lo viste en Los Pol\u00edticos\",\"image\":{\"@type\":\"ImageObject\",\"inLanguage\":\"es\",\"@id\":\"https:\\\/\\\/secure.gravatar.com\\\/avatar\\\/3a8de04a2656d44082be478bd6c086daa447c4651605818287b9532d3d0bd435?s=96&d=mm&r=g\",\"url\":\"https:\\\/\\\/secure.gravatar.com\\\/avatar\\\/3a8de04a2656d44082be478bd6c086daa447c4651605818287b9532d3d0bd435?s=96&d=mm&r=g\",\"contentUrl\":\"https:\\\/\\\/secure.gravatar.com\\\/avatar\\\/3a8de04a2656d44082be478bd6c086daa447c4651605818287b9532d3d0bd435?s=96&d=mm&r=g\",\"caption\":\"Lo viste en Los Pol\u00edticos\"},\"url\":\"https:\\\/\\\/lospoliticosveracruz.com\\\/?author=2\"}]}<\/script>\n<!-- \/ Yoast SEO plugin. -->","yoast_head_json":{"title":"ARRANCAN LOS \u201cPROCESOS JUDICIALES\u201d - Los pol\u00edticos Veracruz","robots":{"index":"index","follow":"follow","max-snippet":"max-snippet:-1","max-image-preview":"max-image-preview:large","max-video-preview":"max-video-preview:-1"},"canonical":"https:\/\/lospoliticosveracruz.com\/?p=130002","og_locale":"es_ES","og_type":"article","og_title":"ARRANCAN LOS \u201cPROCESOS JUDICIALES\u201d - Los pol\u00edticos Veracruz","og_description":"Fanny Y\u00e9pez La Columna Con la promulgaci\u00f3n de la Reforma Judicial, arrancan los procesos para la elecci\u00f3n extraordinaria\u00a0\u00a0que celebrara el 1 de junio 2025. En tanto este mi\u00e9rcoles inicia el plazo de 7 d\u00edas que tiene el Consejo General del INE para empezar a preparar el proceso electoral, es decir que a partir hoy 17 [&hellip;]","og_url":"https:\/\/lospoliticosveracruz.com\/?p=130002","og_site_name":"Los pol\u00edticos Veracruz","article_publisher":"https:\/\/www.facebook.com\/people\/Notimemes-de-los-Polticos\/61565672886568\/","article_published_time":"2024-09-17T15:50:49+00:00","article_modified_time":"2024-09-17T15:50:55+00:00","og_image":[{"width":1250,"height":667,"url":"https:\/\/lospoliticosveracruz.com\/wp-content\/uploads\/2024\/06\/Fanny-Yepez.jpg","type":"image\/jpeg"}],"author":"Lo viste en Los Pol\u00edticos","twitter_card":"summary_large_image","twitter_creator":"@LosPoliticosVer","twitter_site":"@LosPoliticosVer","twitter_misc":{"Escrito por":"Lo viste en Los Pol\u00edticos","Tiempo de lectura":"5 minutos"},"schema":{"@context":"https:\/\/schema.org","@graph":[{"@type":"Article","@id":"https:\/\/lospoliticosveracruz.com\/?p=130002#article","isPartOf":{"@id":"https:\/\/lospoliticosveracruz.com\/?p=130002"},"author":{"name":"Lo viste en Los Pol\u00edticos","@id":"https:\/\/lospoliticosveracruz.com\/#\/schema\/person\/b8702bb0e538456e6efd07080bf2a4a2"},"headline":"ARRANCAN LOS \u201cPROCESOS JUDICIALES\u201d","datePublished":"2024-09-17T15:50:49+00:00","dateModified":"2024-09-17T15:50:55+00:00","mainEntityOfPage":{"@id":"https:\/\/lospoliticosveracruz.com\/?p=130002"},"wordCount":965,"publisher":{"@id":"https:\/\/lospoliticosveracruz.com\/#organization"},"image":{"@id":"https:\/\/lospoliticosveracruz.com\/?p=130002#primaryimage"},"thumbnailUrl":"https:\/\/lospoliticosveracruz.com\/wp-content\/uploads\/2024\/06\/Fanny-Yepez.jpg","keywords":["Fanny Y\u00e9pez","Reforma Judicial","Tribunal Electoral del Poder Judicial de la Federaci\u00f3n"],"articleSection":["De Opini\u00f3n"],"inLanguage":"es"},{"@type":"WebPage","@id":"https:\/\/lospoliticosveracruz.com\/?p=130002","url":"https:\/\/lospoliticosveracruz.com\/?p=130002","name":"ARRANCAN LOS \u201cPROCESOS JUDICIALES\u201d - Los pol\u00edticos Veracruz","isPartOf":{"@id":"https:\/\/lospoliticosveracruz.com\/#website"},"primaryImageOfPage":{"@id":"https:\/\/lospoliticosveracruz.com\/?p=130002#primaryimage"},"image":{"@id":"https:\/\/lospoliticosveracruz.com\/?p=130002#primaryimage"},"thumbnailUrl":"https:\/\/lospoliticosveracruz.com\/wp-content\/uploads\/2024\/06\/Fanny-Yepez.jpg","datePublished":"2024-09-17T15:50:49+00:00","dateModified":"2024-09-17T15:50:55+00:00","breadcrumb":{"@id":"https:\/\/lospoliticosveracruz.com\/?p=130002#breadcrumb"},"inLanguage":"es","potentialAction":[{"@type":"ReadAction","target":["https:\/\/lospoliticosveracruz.com\/?p=130002"]}]},{"@type":"ImageObject","inLanguage":"es","@id":"https:\/\/lospoliticosveracruz.com\/?p=130002#primaryimage","url":"https:\/\/lospoliticosveracruz.com\/wp-content\/uploads\/2024\/06\/Fanny-Yepez.jpg","contentUrl":"https:\/\/lospoliticosveracruz.com\/wp-content\/uploads\/2024\/06\/Fanny-Yepez.jpg","width":1250,"height":667},{"@type":"BreadcrumbList","@id":"https:\/\/lospoliticosveracruz.com\/?p=130002#breadcrumb","itemListElement":[{"@type":"ListItem","position":1,"name":"Portada","item":"https:\/\/lospoliticosveracruz.com\/"},{"@type":"ListItem","position":2,"name":"ARRANCAN LOS \u201cPROCESOS JUDICIALES\u201d"}]},{"@type":"WebSite","@id":"https:\/\/lospoliticosveracruz.com\/#website","url":"https:\/\/lospoliticosveracruz.com\/","name":"Los pol\u00edticos Veracruz","description":"","publisher":{"@id":"https:\/\/lospoliticosveracruz.com\/#organization"},"potentialAction":[{"@type":"SearchAction","target":{"@type":"EntryPoint","urlTemplate":"https:\/\/lospoliticosveracruz.com\/?s={search_term_string}"},"query-input":{"@type":"PropertyValueSpecification","valueRequired":true,"valueName":"search_term_string"}}],"inLanguage":"es"},{"@type":"Organization","@id":"https:\/\/lospoliticosveracruz.com\/#organization","name":"Los pol\u00edticos Veracruz","url":"https:\/\/lospoliticosveracruz.com\/","logo":{"@type":"ImageObject","inLanguage":"es","@id":"https:\/\/lospoliticosveracruz.com\/#\/schema\/logo\/image\/","url":"https:\/\/lospoliticosveracruz.com\/wp-content\/uploads\/2025\/12\/Logo-Nuevo-LOS-POLITICOS-1.jpg","contentUrl":"https:\/\/lospoliticosveracruz.com\/wp-content\/uploads\/2025\/12\/Logo-Nuevo-LOS-POLITICOS-1.jpg","width":260,"height":70,"caption":"Los pol\u00edticos Veracruz"},"image":{"@id":"https:\/\/lospoliticosveracruz.com\/#\/schema\/logo\/image\/"},"sameAs":["https:\/\/www.facebook.com\/people\/Notimemes-de-los-Polticos\/61565672886568\/","https:\/\/x.com\/LosPoliticosVer"]},{"@type":"Person","@id":"https:\/\/lospoliticosveracruz.com\/#\/schema\/person\/b8702bb0e538456e6efd07080bf2a4a2","name":"Lo viste en Los Pol\u00edticos","image":{"@type":"ImageObject","inLanguage":"es","@id":"https:\/\/secure.gravatar.com\/avatar\/3a8de04a2656d44082be478bd6c086daa447c4651605818287b9532d3d0bd435?s=96&d=mm&r=g","url":"https:\/\/secure.gravatar.com\/avatar\/3a8de04a2656d44082be478bd6c086daa447c4651605818287b9532d3d0bd435?s=96&d=mm&r=g","contentUrl":"https:\/\/secure.gravatar.com\/avatar\/3a8de04a2656d44082be478bd6c086daa447c4651605818287b9532d3d0bd435?s=96&d=mm&r=g","caption":"Lo viste en Los Pol\u00edticos"},"url":"https:\/\/lospoliticosveracruz.com\/?author=2"}]}},"_links":{"self":[{"href":"https:\/\/lospoliticosveracruz.com\/index.php?rest_route=\/wp\/v2\/posts\/130002","targetHints":{"allow":["GET"]}}],"collection":[{"href":"https:\/\/lospoliticosveracruz.com\/index.php?rest_route=\/wp\/v2\/posts"}],"about":[{"href":"https:\/\/lospoliticosveracruz.com\/index.php?rest_route=\/wp\/v2\/types\/post"}],"author":[{"embeddable":true,"href":"https:\/\/lospoliticosveracruz.com\/index.php?rest_route=\/wp\/v2\/users\/2"}],"replies":[{"embeddable":true,"href":"https:\/\/lospoliticosveracruz.com\/index.php?rest_route=%2Fwp%2Fv2%2Fcomments&post=130002"}],"version-history":[{"count":1,"href":"https:\/\/lospoliticosveracruz.com\/index.php?rest_route=\/wp\/v2\/posts\/130002\/revisions"}],"predecessor-version":[{"id":130003,"href":"https:\/\/lospoliticosveracruz.com\/index.php?rest_route=\/wp\/v2\/posts\/130002\/revisions\/130003"}],"wp:featuredmedia":[{"embeddable":true,"href":"https:\/\/lospoliticosveracruz.com\/index.php?rest_route=\/wp\/v2\/media\/126076"}],"wp:attachment":[{"href":"https:\/\/lospoliticosveracruz.com\/index.php?rest_route=%2Fwp%2Fv2%2Fmedia&parent=130002"}],"wp:term":[{"taxonomy":"category","embeddable":true,"href":"https:\/\/lospoliticosveracruz.com\/index.php?rest_route=%2Fwp%2Fv2%2Fcategories&post=130002"},{"taxonomy":"post_tag","embeddable":true,"href":"https:\/\/lospoliticosveracruz.com\/index.php?rest_route=%2Fwp%2Fv2%2Ftags&post=130002"}],"curies":[{"name":"wp","href":"https:\/\/api.w.org\/{rel}","templated":true}]}}