{"id":130009,"date":"2024-09-17T13:22:50","date_gmt":"2024-09-17T18:22:50","guid":{"rendered":"https:\/\/lospoliticosveracruz.com.mx\/?p=130009"},"modified":"2024-09-17T13:22:57","modified_gmt":"2024-09-17T18:22:57","slug":"el-pozole-gastronomia-mexicana","status":"publish","type":"post","link":"https:\/\/lospoliticosveracruz.com\/?p=130009","title":{"rendered":"EL POZOLE, GASTRONOM\u00cdA MEXICANA"},"content":{"rendered":"\n<p><strong>Miguel \u00c1ngel Pedraza Z\u00e1rate<\/strong><\/p>\n\n\n\n<p>Las \u201cfiestas patrias\u201d conmemoran en la madrugada del 16 de septiembre de 1810, el \u201cGrito de Independencia\u201d, atribuido al cura Miguel Hidalgo y Costilla en la poblaci\u00f3n de Dolores, ubicada en la intendencia de Guanajuato, hoy Dolores Hidalgo, Gto., con esta acci\u00f3n dio inicio el movimiento de Independencia. Misma que en lo referente a la comida, a la gastronom\u00eda mexicana, se festeja comiendo el tradicional pozole, del nahuatl pozolli, de tlapozonalli, \u201chervido\u201d o \u201cespumoso\u201d, y dependiendo de cada regi\u00f3n de nuestro pa\u00eds, se prepara, agrega, carne, ya sea de cerdo, que es lo mas com\u00fan, res o pollo, ya muy raro de camar\u00f3n, etc. Adem\u00e1s de verduras y las famosas especies, hay pozole rojo, verde; la especialidad de este platillo es el grano de ma\u00edz, el ma\u00edz pozolero, el ma\u00edz cacahuazintle, de mazorca grande y el grano es mas blanco, redondo y tierno, estos previamente se remojan en agua y cal (nixtamalizaci\u00f3n), duraci\u00f3n en promedio de 2 horas, posteriormente se inicia la elaboraci\u00f3n del propio pozole. El ma\u00edz era una planta sagrada para los aztecas, el pozole solo se com\u00eda en ocasiones especiales, la antropolog\u00eda dicta que, en los sacrificios rituales, el cuerpo (sin el coraz\u00f3n) se coc\u00eda en ma\u00edz y era repartido entre los participantes. En lo referente a los ingredientes del pozole y en espec\u00edfico a los datos nutricionales son, en promedio y de acuerdo con el Sistema Mexicano de Alimentos Equivalentes (SMAE), el pozole&nbsp;&nbsp;tiene 240 calor\u00edas, entre lo que incluye 13g de prote\u00edna, 5g de grasa y 34g de carbohidratos. Esto considerando un taz\u00f3n de 300 mililitros con todos los ingredientes tradicionales de preferencia debe ser carne magra, si el consom\u00e9 esta desgrasado y si la porci\u00f3n de ma\u00edz y carne es razonable, 240 calor\u00edas en realizad no son muchas, sin embargo, cada uno de nosotros debimos considerar, saber los platos de pozole que se consumieron, sin contar los extras agregados, tostadas, inclusive algunas personas le agregan mayonesa, refrescos, aguas azucaradas, etc. Si una persona en promedio debe de consumir al d\u00eda 1800-2000 calor\u00edas, \u00bfCu\u00e1ntas calor\u00edas consumieron en el pozole?, el exceso de calor\u00edas se acumula en el pan\u00edculo adiposo, se puede convertir en colesterol, etc.&nbsp;&nbsp;<\/p>\n\n\n\n<p>Contacto directo: 2292909035. Consultorio: 2288151151, 2288156995, 2288148252.<\/p>\n\n\n\n<p>Direcci\u00f3n: Calle. Herrera Tejada 121, Col. Federal, Xalapa Ver.<\/p>\n","protected":false},"excerpt":{"rendered":"<p>Miguel \u00c1ngel Pedraza Z\u00e1rate Las \u201cfiestas patrias\u201d conmemoran en la madrugada del 16 de septiembre de 1810, el \u201cGrito de Independencia\u201d, atribuido al cura Miguel Hidalgo y Costilla en la poblaci\u00f3n de Dolores, ubicada en la intendencia de Guanajuato, hoy Dolores Hidalgo, Gto., con esta acci\u00f3n dio inicio el movimiento de Independencia. Misma que en [&hellip;]<\/p>\n","protected":false},"author":2,"featured_media":127608,"comment_status":"closed","ping_status":"closed","sticky":false,"template":"","format":"standard","meta":{"tdm_status":"","tdm_grid_status":"","footnotes":""},"categories":[70],"tags":[3380,18628],"class_list":{"0":"post-130009","1":"post","2":"type-post","3":"status-publish","4":"format-standard","5":"has-post-thumbnail","7":"category-de-opinion","8":"tag-fiestas-patrias","9":"tag-miguel-angel-pedraza-zarate"},"yoast_head":"<!-- This site is optimized with the Yoast SEO plugin v27.4 - https:\/\/yoast.com\/product\/yoast-seo-wordpress\/ -->\n<title>EL POZOLE, GASTRONOM\u00cdA MEXICANA - Los pol\u00edticos Veracruz<\/title>\n<meta name=\"robots\" content=\"index, follow, max-snippet:-1, max-image-preview:large, max-video-preview:-1\" \/>\n<link rel=\"canonical\" href=\"https:\/\/lospoliticosveracruz.com\/?p=130009\" \/>\n<meta property=\"og:locale\" content=\"es_ES\" \/>\n<meta property=\"og:type\" content=\"article\" \/>\n<meta property=\"og:title\" content=\"EL POZOLE, GASTRONOM\u00cdA MEXICANA - Los pol\u00edticos Veracruz\" \/>\n<meta property=\"og:description\" content=\"Miguel \u00c1ngel Pedraza Z\u00e1rate Las \u201cfiestas patrias\u201d conmemoran en la madrugada del 16 de septiembre de 1810, el \u201cGrito de Independencia\u201d, atribuido al cura Miguel Hidalgo y Costilla en la poblaci\u00f3n de Dolores, ubicada en la intendencia de Guanajuato, hoy Dolores Hidalgo, Gto., con esta acci\u00f3n dio inicio el movimiento de Independencia. Misma que en [&hellip;]\" \/>\n<meta property=\"og:url\" content=\"https:\/\/lospoliticosveracruz.com\/?p=130009\" \/>\n<meta property=\"og:site_name\" content=\"Los pol\u00edticos Veracruz\" \/>\n<meta property=\"article:publisher\" content=\"https:\/\/www.facebook.com\/people\/Notimemes-de-los-Polticos\/61565672886568\/\" \/>\n<meta property=\"article:published_time\" content=\"2024-09-17T18:22:50+00:00\" \/>\n<meta property=\"article:modified_time\" content=\"2024-09-17T18:22:57+00:00\" \/>\n<meta property=\"og:image\" content=\"https:\/\/lospoliticosveracruz.com\/wp-content\/uploads\/2024\/07\/Miguel-Angel-Pedraza-Zrate.jpg\" \/>\n\t<meta property=\"og:image:width\" content=\"1250\" \/>\n\t<meta property=\"og:image:height\" content=\"667\" \/>\n\t<meta property=\"og:image:type\" content=\"image\/jpeg\" \/>\n<meta name=\"author\" content=\"Lo viste en Los Pol\u00edticos\" \/>\n<meta name=\"twitter:card\" content=\"summary_large_image\" \/>\n<meta name=\"twitter:creator\" content=\"@LosPoliticosVer\" \/>\n<meta name=\"twitter:site\" content=\"@LosPoliticosVer\" \/>\n<meta name=\"twitter:label1\" content=\"Escrito por\" \/>\n\t<meta name=\"twitter:data1\" content=\"Lo viste en Los Pol\u00edticos\" \/>\n\t<meta name=\"twitter:label2\" content=\"Tiempo de lectura\" \/>\n\t<meta name=\"twitter:data2\" content=\"2 minutos\" \/>\n<script type=\"application\/ld+json\" class=\"yoast-schema-graph\">{\"@context\":\"https:\\\/\\\/schema.org\",\"@graph\":[{\"@type\":\"Article\",\"@id\":\"https:\\\/\\\/lospoliticosveracruz.com\\\/?p=130009#article\",\"isPartOf\":{\"@id\":\"https:\\\/\\\/lospoliticosveracruz.com\\\/?p=130009\"},\"author\":{\"name\":\"Lo viste en Los Pol\u00edticos\",\"@id\":\"https:\\\/\\\/lospoliticosveracruz.com\\\/#\\\/schema\\\/person\\\/b8702bb0e538456e6efd07080bf2a4a2\"},\"headline\":\"EL POZOLE, GASTRONOM\u00cdA MEXICANA\",\"datePublished\":\"2024-09-17T18:22:50+00:00\",\"dateModified\":\"2024-09-17T18:22:57+00:00\",\"mainEntityOfPage\":{\"@id\":\"https:\\\/\\\/lospoliticosveracruz.com\\\/?p=130009\"},\"wordCount\":413,\"publisher\":{\"@id\":\"https:\\\/\\\/lospoliticosveracruz.com\\\/#organization\"},\"image\":{\"@id\":\"https:\\\/\\\/lospoliticosveracruz.com\\\/?p=130009#primaryimage\"},\"thumbnailUrl\":\"https:\\\/\\\/lospoliticosveracruz.com\\\/wp-content\\\/uploads\\\/2024\\\/07\\\/Miguel-Angel-Pedraza-Zrate.jpg\",\"keywords\":[\"Fiestas Patrias\",\"Miguel \u00c1ngel Pedraza Z\u00e1rate\"],\"articleSection\":[\"De Opini\u00f3n\"],\"inLanguage\":\"es\"},{\"@type\":\"WebPage\",\"@id\":\"https:\\\/\\\/lospoliticosveracruz.com\\\/?p=130009\",\"url\":\"https:\\\/\\\/lospoliticosveracruz.com\\\/?p=130009\",\"name\":\"EL POZOLE, GASTRONOM\u00cdA MEXICANA - Los pol\u00edticos Veracruz\",\"isPartOf\":{\"@id\":\"https:\\\/\\\/lospoliticosveracruz.com\\\/#website\"},\"primaryImageOfPage\":{\"@id\":\"https:\\\/\\\/lospoliticosveracruz.com\\\/?p=130009#primaryimage\"},\"image\":{\"@id\":\"https:\\\/\\\/lospoliticosveracruz.com\\\/?p=130009#primaryimage\"},\"thumbnailUrl\":\"https:\\\/\\\/lospoliticosveracruz.com\\\/wp-content\\\/uploads\\\/2024\\\/07\\\/Miguel-Angel-Pedraza-Zrate.jpg\",\"datePublished\":\"2024-09-17T18:22:50+00:00\",\"dateModified\":\"2024-09-17T18:22:57+00:00\",\"breadcrumb\":{\"@id\":\"https:\\\/\\\/lospoliticosveracruz.com\\\/?p=130009#breadcrumb\"},\"inLanguage\":\"es\",\"potentialAction\":[{\"@type\":\"ReadAction\",\"target\":[\"https:\\\/\\\/lospoliticosveracruz.com\\\/?p=130009\"]}]},{\"@type\":\"ImageObject\",\"inLanguage\":\"es\",\"@id\":\"https:\\\/\\\/lospoliticosveracruz.com\\\/?p=130009#primaryimage\",\"url\":\"https:\\\/\\\/lospoliticosveracruz.com\\\/wp-content\\\/uploads\\\/2024\\\/07\\\/Miguel-Angel-Pedraza-Zrate.jpg\",\"contentUrl\":\"https:\\\/\\\/lospoliticosveracruz.com\\\/wp-content\\\/uploads\\\/2024\\\/07\\\/Miguel-Angel-Pedraza-Zrate.jpg\",\"width\":1250,\"height\":667},{\"@type\":\"BreadcrumbList\",\"@id\":\"https:\\\/\\\/lospoliticosveracruz.com\\\/?p=130009#breadcrumb\",\"itemListElement\":[{\"@type\":\"ListItem\",\"position\":1,\"name\":\"Portada\",\"item\":\"https:\\\/\\\/lospoliticosveracruz.com\\\/\"},{\"@type\":\"ListItem\",\"position\":2,\"name\":\"EL POZOLE, GASTRONOM\u00cdA MEXICANA\"}]},{\"@type\":\"WebSite\",\"@id\":\"https:\\\/\\\/lospoliticosveracruz.com\\\/#website\",\"url\":\"https:\\\/\\\/lospoliticosveracruz.com\\\/\",\"name\":\"Los pol\u00edticos Veracruz\",\"description\":\"\",\"publisher\":{\"@id\":\"https:\\\/\\\/lospoliticosveracruz.com\\\/#organization\"},\"potentialAction\":[{\"@type\":\"SearchAction\",\"target\":{\"@type\":\"EntryPoint\",\"urlTemplate\":\"https:\\\/\\\/lospoliticosveracruz.com\\\/?s={search_term_string}\"},\"query-input\":{\"@type\":\"PropertyValueSpecification\",\"valueRequired\":true,\"valueName\":\"search_term_string\"}}],\"inLanguage\":\"es\"},{\"@type\":\"Organization\",\"@id\":\"https:\\\/\\\/lospoliticosveracruz.com\\\/#organization\",\"name\":\"Los pol\u00edticos Veracruz\",\"url\":\"https:\\\/\\\/lospoliticosveracruz.com\\\/\",\"logo\":{\"@type\":\"ImageObject\",\"inLanguage\":\"es\",\"@id\":\"https:\\\/\\\/lospoliticosveracruz.com\\\/#\\\/schema\\\/logo\\\/image\\\/\",\"url\":\"https:\\\/\\\/lospoliticosveracruz.com\\\/wp-content\\\/uploads\\\/2025\\\/12\\\/Logo-Nuevo-LOS-POLITICOS-1.jpg\",\"contentUrl\":\"https:\\\/\\\/lospoliticosveracruz.com\\\/wp-content\\\/uploads\\\/2025\\\/12\\\/Logo-Nuevo-LOS-POLITICOS-1.jpg\",\"width\":260,\"height\":70,\"caption\":\"Los pol\u00edticos Veracruz\"},\"image\":{\"@id\":\"https:\\\/\\\/lospoliticosveracruz.com\\\/#\\\/schema\\\/logo\\\/image\\\/\"},\"sameAs\":[\"https:\\\/\\\/www.facebook.com\\\/people\\\/Notimemes-de-los-Polticos\\\/61565672886568\\\/\",\"https:\\\/\\\/x.com\\\/LosPoliticosVer\"]},{\"@type\":\"Person\",\"@id\":\"https:\\\/\\\/lospoliticosveracruz.com\\\/#\\\/schema\\\/person\\\/b8702bb0e538456e6efd07080bf2a4a2\",\"name\":\"Lo viste en Los Pol\u00edticos\",\"image\":{\"@type\":\"ImageObject\",\"inLanguage\":\"es\",\"@id\":\"https:\\\/\\\/secure.gravatar.com\\\/avatar\\\/3a8de04a2656d44082be478bd6c086daa447c4651605818287b9532d3d0bd435?s=96&d=mm&r=g\",\"url\":\"https:\\\/\\\/secure.gravatar.com\\\/avatar\\\/3a8de04a2656d44082be478bd6c086daa447c4651605818287b9532d3d0bd435?s=96&d=mm&r=g\",\"contentUrl\":\"https:\\\/\\\/secure.gravatar.com\\\/avatar\\\/3a8de04a2656d44082be478bd6c086daa447c4651605818287b9532d3d0bd435?s=96&d=mm&r=g\",\"caption\":\"Lo viste en Los Pol\u00edticos\"},\"url\":\"https:\\\/\\\/lospoliticosveracruz.com\\\/?author=2\"}]}<\/script>\n<!-- \/ Yoast SEO plugin. -->","yoast_head_json":{"title":"EL POZOLE, GASTRONOM\u00cdA MEXICANA - Los pol\u00edticos Veracruz","robots":{"index":"index","follow":"follow","max-snippet":"max-snippet:-1","max-image-preview":"max-image-preview:large","max-video-preview":"max-video-preview:-1"},"canonical":"https:\/\/lospoliticosveracruz.com\/?p=130009","og_locale":"es_ES","og_type":"article","og_title":"EL POZOLE, GASTRONOM\u00cdA MEXICANA - Los pol\u00edticos Veracruz","og_description":"Miguel \u00c1ngel Pedraza Z\u00e1rate Las \u201cfiestas patrias\u201d conmemoran en la madrugada del 16 de septiembre de 1810, el \u201cGrito de Independencia\u201d, atribuido al cura Miguel Hidalgo y Costilla en la poblaci\u00f3n de Dolores, ubicada en la intendencia de Guanajuato, hoy Dolores Hidalgo, Gto., con esta acci\u00f3n dio inicio el movimiento de Independencia. Misma que en [&hellip;]","og_url":"https:\/\/lospoliticosveracruz.com\/?p=130009","og_site_name":"Los pol\u00edticos Veracruz","article_publisher":"https:\/\/www.facebook.com\/people\/Notimemes-de-los-Polticos\/61565672886568\/","article_published_time":"2024-09-17T18:22:50+00:00","article_modified_time":"2024-09-17T18:22:57+00:00","og_image":[{"width":1250,"height":667,"url":"https:\/\/lospoliticosveracruz.com\/wp-content\/uploads\/2024\/07\/Miguel-Angel-Pedraza-Zrate.jpg","type":"image\/jpeg"}],"author":"Lo viste en Los Pol\u00edticos","twitter_card":"summary_large_image","twitter_creator":"@LosPoliticosVer","twitter_site":"@LosPoliticosVer","twitter_misc":{"Escrito por":"Lo viste en Los Pol\u00edticos","Tiempo de lectura":"2 minutos"},"schema":{"@context":"https:\/\/schema.org","@graph":[{"@type":"Article","@id":"https:\/\/lospoliticosveracruz.com\/?p=130009#article","isPartOf":{"@id":"https:\/\/lospoliticosveracruz.com\/?p=130009"},"author":{"name":"Lo viste en Los Pol\u00edticos","@id":"https:\/\/lospoliticosveracruz.com\/#\/schema\/person\/b8702bb0e538456e6efd07080bf2a4a2"},"headline":"EL POZOLE, GASTRONOM\u00cdA MEXICANA","datePublished":"2024-09-17T18:22:50+00:00","dateModified":"2024-09-17T18:22:57+00:00","mainEntityOfPage":{"@id":"https:\/\/lospoliticosveracruz.com\/?p=130009"},"wordCount":413,"publisher":{"@id":"https:\/\/lospoliticosveracruz.com\/#organization"},"image":{"@id":"https:\/\/lospoliticosveracruz.com\/?p=130009#primaryimage"},"thumbnailUrl":"https:\/\/lospoliticosveracruz.com\/wp-content\/uploads\/2024\/07\/Miguel-Angel-Pedraza-Zrate.jpg","keywords":["Fiestas Patrias","Miguel \u00c1ngel Pedraza Z\u00e1rate"],"articleSection":["De Opini\u00f3n"],"inLanguage":"es"},{"@type":"WebPage","@id":"https:\/\/lospoliticosveracruz.com\/?p=130009","url":"https:\/\/lospoliticosveracruz.com\/?p=130009","name":"EL POZOLE, GASTRONOM\u00cdA MEXICANA - Los pol\u00edticos Veracruz","isPartOf":{"@id":"https:\/\/lospoliticosveracruz.com\/#website"},"primaryImageOfPage":{"@id":"https:\/\/lospoliticosveracruz.com\/?p=130009#primaryimage"},"image":{"@id":"https:\/\/lospoliticosveracruz.com\/?p=130009#primaryimage"},"thumbnailUrl":"https:\/\/lospoliticosveracruz.com\/wp-content\/uploads\/2024\/07\/Miguel-Angel-Pedraza-Zrate.jpg","datePublished":"2024-09-17T18:22:50+00:00","dateModified":"2024-09-17T18:22:57+00:00","breadcrumb":{"@id":"https:\/\/lospoliticosveracruz.com\/?p=130009#breadcrumb"},"inLanguage":"es","potentialAction":[{"@type":"ReadAction","target":["https:\/\/lospoliticosveracruz.com\/?p=130009"]}]},{"@type":"ImageObject","inLanguage":"es","@id":"https:\/\/lospoliticosveracruz.com\/?p=130009#primaryimage","url":"https:\/\/lospoliticosveracruz.com\/wp-content\/uploads\/2024\/07\/Miguel-Angel-Pedraza-Zrate.jpg","contentUrl":"https:\/\/lospoliticosveracruz.com\/wp-content\/uploads\/2024\/07\/Miguel-Angel-Pedraza-Zrate.jpg","width":1250,"height":667},{"@type":"BreadcrumbList","@id":"https:\/\/lospoliticosveracruz.com\/?p=130009#breadcrumb","itemListElement":[{"@type":"ListItem","position":1,"name":"Portada","item":"https:\/\/lospoliticosveracruz.com\/"},{"@type":"ListItem","position":2,"name":"EL POZOLE, GASTRONOM\u00cdA MEXICANA"}]},{"@type":"WebSite","@id":"https:\/\/lospoliticosveracruz.com\/#website","url":"https:\/\/lospoliticosveracruz.com\/","name":"Los pol\u00edticos Veracruz","description":"","publisher":{"@id":"https:\/\/lospoliticosveracruz.com\/#organization"},"potentialAction":[{"@type":"SearchAction","target":{"@type":"EntryPoint","urlTemplate":"https:\/\/lospoliticosveracruz.com\/?s={search_term_string}"},"query-input":{"@type":"PropertyValueSpecification","valueRequired":true,"valueName":"search_term_string"}}],"inLanguage":"es"},{"@type":"Organization","@id":"https:\/\/lospoliticosveracruz.com\/#organization","name":"Los pol\u00edticos Veracruz","url":"https:\/\/lospoliticosveracruz.com\/","logo":{"@type":"ImageObject","inLanguage":"es","@id":"https:\/\/lospoliticosveracruz.com\/#\/schema\/logo\/image\/","url":"https:\/\/lospoliticosveracruz.com\/wp-content\/uploads\/2025\/12\/Logo-Nuevo-LOS-POLITICOS-1.jpg","contentUrl":"https:\/\/lospoliticosveracruz.com\/wp-content\/uploads\/2025\/12\/Logo-Nuevo-LOS-POLITICOS-1.jpg","width":260,"height":70,"caption":"Los pol\u00edticos Veracruz"},"image":{"@id":"https:\/\/lospoliticosveracruz.com\/#\/schema\/logo\/image\/"},"sameAs":["https:\/\/www.facebook.com\/people\/Notimemes-de-los-Polticos\/61565672886568\/","https:\/\/x.com\/LosPoliticosVer"]},{"@type":"Person","@id":"https:\/\/lospoliticosveracruz.com\/#\/schema\/person\/b8702bb0e538456e6efd07080bf2a4a2","name":"Lo viste en Los Pol\u00edticos","image":{"@type":"ImageObject","inLanguage":"es","@id":"https:\/\/secure.gravatar.com\/avatar\/3a8de04a2656d44082be478bd6c086daa447c4651605818287b9532d3d0bd435?s=96&d=mm&r=g","url":"https:\/\/secure.gravatar.com\/avatar\/3a8de04a2656d44082be478bd6c086daa447c4651605818287b9532d3d0bd435?s=96&d=mm&r=g","contentUrl":"https:\/\/secure.gravatar.com\/avatar\/3a8de04a2656d44082be478bd6c086daa447c4651605818287b9532d3d0bd435?s=96&d=mm&r=g","caption":"Lo viste en Los Pol\u00edticos"},"url":"https:\/\/lospoliticosveracruz.com\/?author=2"}]}},"_links":{"self":[{"href":"https:\/\/lospoliticosveracruz.com\/index.php?rest_route=\/wp\/v2\/posts\/130009","targetHints":{"allow":["GET"]}}],"collection":[{"href":"https:\/\/lospoliticosveracruz.com\/index.php?rest_route=\/wp\/v2\/posts"}],"about":[{"href":"https:\/\/lospoliticosveracruz.com\/index.php?rest_route=\/wp\/v2\/types\/post"}],"author":[{"embeddable":true,"href":"https:\/\/lospoliticosveracruz.com\/index.php?rest_route=\/wp\/v2\/users\/2"}],"replies":[{"embeddable":true,"href":"https:\/\/lospoliticosveracruz.com\/index.php?rest_route=%2Fwp%2Fv2%2Fcomments&post=130009"}],"version-history":[{"count":1,"href":"https:\/\/lospoliticosveracruz.com\/index.php?rest_route=\/wp\/v2\/posts\/130009\/revisions"}],"predecessor-version":[{"id":130010,"href":"https:\/\/lospoliticosveracruz.com\/index.php?rest_route=\/wp\/v2\/posts\/130009\/revisions\/130010"}],"wp:featuredmedia":[{"embeddable":true,"href":"https:\/\/lospoliticosveracruz.com\/index.php?rest_route=\/wp\/v2\/media\/127608"}],"wp:attachment":[{"href":"https:\/\/lospoliticosveracruz.com\/index.php?rest_route=%2Fwp%2Fv2%2Fmedia&parent=130009"}],"wp:term":[{"taxonomy":"category","embeddable":true,"href":"https:\/\/lospoliticosveracruz.com\/index.php?rest_route=%2Fwp%2Fv2%2Fcategories&post=130009"},{"taxonomy":"post_tag","embeddable":true,"href":"https:\/\/lospoliticosveracruz.com\/index.php?rest_route=%2Fwp%2Fv2%2Ftags&post=130009"}],"curies":[{"name":"wp","href":"https:\/\/api.w.org\/{rel}","templated":true}]}}