{"id":130011,"date":"2024-09-17T13:57:46","date_gmt":"2024-09-17T18:57:46","guid":{"rendered":"https:\/\/lospoliticosveracruz.com.mx\/?p=130011"},"modified":"2024-09-17T13:57:56","modified_gmt":"2024-09-17T18:57:56","slug":"en-proteger-a-los-ninos-fallamos-todos","status":"publish","type":"post","link":"https:\/\/lospoliticosveracruz.com\/?p=130011","title":{"rendered":"EN PROTEGER A LOS NI\u00d1OS FALLAMOS TODOS"},"content":{"rendered":"\n<p><strong>Roberto Morales Ayala<\/strong><\/p>\n\n\n\n<p>Los recientes casos de dos menores que, tras haber sido reportados como desaparecidos, fueron encontrados sin vida, han encendido la indignaci\u00f3n y el dolor colectivo. Estos sucesos no solo exponen la vulnerabilidad de los ni\u00f1os en el estado, sino tambi\u00e9n la ineficacia de los mecanismos de protecci\u00f3n que, en teor\u00eda, deber\u00edan ampararlos.<\/p>\n\n\n\n<figure class=\"wp-block-image size-large\"><a href=\"https:\/\/lospoliticosveracruz.com.mx\/wp-content\/uploads\/2016\/07\/Seguro-Julio-Cerecedo-2.jpg\"><img decoding=\"async\" src=\"https:\/\/lospoliticosveracruz.com.mx\/wp-content\/uploads\/2016\/07\/Seguro-Julio-Cerecedo-2-1024x381.jpg\" alt=\"\" class=\"wp-image-105879\"\/><\/a><\/figure>\n\n\n\n<p>Estos casos recientes ilustran las fallas que se arrastran en los protocolos y la insuficiente protecci\u00f3n hacia la ni\u00f1ez en Veracruz: el de Poleth, una ni\u00f1a de 11 a\u00f1os que desapareci\u00f3 el 8 de septiembre y fue encontrada sin vida cuatro d\u00edas despu\u00e9s en un terreno bald\u00edo en Orizaba, y el del peque\u00f1o Isidro, de Rancho Nuevo, Alto Lucero, cuyo cuerpo fue hallado al d\u00eda siguiente de su desaparici\u00f3n, en el municipio de Banderilla.<\/p>\n\n\n\n<p>Estas tragedias son desgarradoras y han desatado una mezcla de dolor e indignaci\u00f3n en las comunidades que exigen justicia. Las familias y la sociedad se preguntan: \u00bfD\u00f3nde fallaron las autoridades? \u00bfQu\u00e9 m\u00e1s se pudo haber hecho para proteger a estos menores?<\/p>\n\n\n\n<p>Luz Mar\u00eda Reyes Huerta, integrante de Marea Verde Altas Monta\u00f1as, subray\u00f3 la negligencia de las autoridades en el caso de Poleth, se\u00f1alando que tanto el DIF como la polic\u00eda municipal fallaron en su respuesta. \u201cFallamos todos\u201d, declar\u00f3 Reyes Huerta, criticando la falta de coordinaci\u00f3n y diligencia en la b\u00fasqueda de la menor.<\/p>\n\n\n\n<p>Estos casos no son hechos aislados. Los datos de los sistemas municipales del DIF y la Red por los Derechos de la Infancia en M\u00e9xico (REDIM) revelan una problem\u00e1tica profunda.<\/p>\n\n\n\n<p>Durante tres a\u00f1os, se registraron 3,097 casos de violencia f\u00edsica y 808 de abuso sexual contra menores en Veracruz. Solo entre 2021 y 2022, la violencia f\u00edsica aument\u00f3 un 62.3 por ciento, y el abuso sexual, un 71.8 por ciento. En los primeros meses de 2023, los sistemas municipales del DIF documentaron 583 casos de violencia f\u00edsica y 214 de abuso sexual.<\/p>\n\n\n\n<p>Estas cifras no solo son alarmantes, son indignantes. La violencia contra los menores en Veracruz no solo ha escalado, sino que se ha vuelto m\u00e1s brutal. Lo m\u00e1s grave es que los sistemas de protecci\u00f3n, en lugar de ofrecer una respuesta efectiva, han mostrado ser ineficientes y reactivos. A pesar de la implementaci\u00f3n del Sistema de Alerta Temprana (SIAT) y la Ley N\u00famero 731 de Prevenci\u00f3n, Atenci\u00f3n y Asistencia a la Violencia Familiar, los resultados siguen siendo insuficientes.<\/p>\n\n\n\n<p>La falta de una respuesta r\u00e1pida y coordinada agrava la situaci\u00f3n. Las fallas en los protocolos de b\u00fasqueda y la ineficacia de las autoridades para reaccionar ante los reportes de desaparici\u00f3n reflejan un sistema que ha expuesto, en lugar de proteger, a los m\u00e1s vulnerables. Seg\u00fan el Registro Nacional de Personas Desaparecidas y No Localizadas (RNPDNO), hasta agosto de 2024, 691 menores permanecen desaparecidos en Veracruz. Este dato evidencia la incapacidad del Estado para garantizar el derecho a la vida y seguridad de los ni\u00f1os y adolescentes.<\/p>\n\n\n\n<p>Asimismo, entre enero y julio de este 2024, 57 menores asesinados en Veracruz se sumaron a los 294 que ya hab\u00edan sido v\u00edctimas de homicidios y feminicidios durante el actual sexenio.<\/p>\n\n\n\n<p>Es imperativo replantear el sistema de protecci\u00f3n estatal desde sus cimientos. Mecanismos como la l\u00ednea 070 y los buzones an\u00f3nimos pueden parecer \u00fatiles en teor\u00eda, pero son in\u00fatiles si no van acompa\u00f1ados de acciones concretas y coordinadas. No se trata solo de implementar leyes; se trata de hacerlas funcionar. Las cifras de violencia y abuso en Veracruz son una se\u00f1al de alarma que no puede ser ignorada.<\/p>\n\n\n\n<p>La demanda de justicia de las familias de Isidro y Poleth es tambi\u00e9n un clamor colectivo. Refleja el hartazgo de una sociedad que presencia c\u00f3mo sus ni\u00f1os son asesinados o desaparecen sin que se tomen medidas efectivas. \u00bfQu\u00e9 m\u00e1s tiene que suceder para que las autoridades act\u00faen de manera contundente?<\/p>\n\n\n\n<p>En memoria de Poleth, Isidro y los cientos de menores que han perdido la vida en Veracruz, debemos exigir justicia y un cambio real en la manera en que el Estado protege a los m\u00e1s vulnerables.<\/p>\n","protected":false},"excerpt":{"rendered":"<p>Roberto Morales Ayala Los recientes casos de dos menores que, tras haber sido reportados como desaparecidos, fueron encontrados sin vida, han encendido la indignaci\u00f3n y el dolor colectivo. Estos sucesos no solo exponen la vulnerabilidad de los ni\u00f1os en el estado, sino tambi\u00e9n la ineficacia de los mecanismos de protecci\u00f3n que, en teor\u00eda, deber\u00edan ampararlos. [&hellip;]<\/p>\n","protected":false},"author":2,"featured_media":127743,"comment_status":"closed","ping_status":"closed","sticky":false,"template":"","format":"standard","meta":{"tdm_status":"","tdm_grid_status":"","footnotes":""},"categories":[70],"tags":[15311],"class_list":{"0":"post-130011","1":"post","2":"type-post","3":"status-publish","4":"format-standard","5":"has-post-thumbnail","7":"category-de-opinion","8":"tag-roberto-morales-ayala"},"yoast_head":"<!-- This site is optimized with the Yoast SEO plugin v27.4 - https:\/\/yoast.com\/product\/yoast-seo-wordpress\/ -->\n<title>EN PROTEGER A LOS NI\u00d1OS FALLAMOS TODOS - Los pol\u00edticos Veracruz<\/title>\n<meta name=\"robots\" content=\"index, follow, max-snippet:-1, max-image-preview:large, max-video-preview:-1\" \/>\n<link rel=\"canonical\" href=\"https:\/\/lospoliticosveracruz.com\/?p=130011\" \/>\n<meta property=\"og:locale\" content=\"es_ES\" \/>\n<meta property=\"og:type\" content=\"article\" \/>\n<meta property=\"og:title\" content=\"EN PROTEGER A LOS NI\u00d1OS FALLAMOS TODOS - Los pol\u00edticos Veracruz\" \/>\n<meta property=\"og:description\" content=\"Roberto Morales Ayala Los recientes casos de dos menores que, tras haber sido reportados como desaparecidos, fueron encontrados sin vida, han encendido la indignaci\u00f3n y el dolor colectivo. Estos sucesos no solo exponen la vulnerabilidad de los ni\u00f1os en el estado, sino tambi\u00e9n la ineficacia de los mecanismos de protecci\u00f3n que, en teor\u00eda, deber\u00edan ampararlos. [&hellip;]\" \/>\n<meta property=\"og:url\" content=\"https:\/\/lospoliticosveracruz.com\/?p=130011\" \/>\n<meta property=\"og:site_name\" content=\"Los pol\u00edticos Veracruz\" \/>\n<meta property=\"article:publisher\" content=\"https:\/\/www.facebook.com\/people\/Notimemes-de-los-Polticos\/61565672886568\/\" \/>\n<meta property=\"article:published_time\" content=\"2024-09-17T18:57:46+00:00\" \/>\n<meta property=\"article:modified_time\" content=\"2024-09-17T18:57:56+00:00\" \/>\n<meta property=\"og:image\" content=\"https:\/\/lospoliticosveracruz.com\/wp-content\/uploads\/2024\/07\/Roberto-Morales-Ayala.jpg\" \/>\n\t<meta property=\"og:image:width\" content=\"1250\" \/>\n\t<meta property=\"og:image:height\" content=\"667\" \/>\n\t<meta property=\"og:image:type\" content=\"image\/jpeg\" \/>\n<meta name=\"author\" content=\"Lo viste en Los Pol\u00edticos\" \/>\n<meta name=\"twitter:card\" content=\"summary_large_image\" \/>\n<meta name=\"twitter:creator\" content=\"@LosPoliticosVer\" \/>\n<meta name=\"twitter:site\" content=\"@LosPoliticosVer\" \/>\n<meta name=\"twitter:label1\" content=\"Escrito por\" \/>\n\t<meta name=\"twitter:data1\" content=\"Lo viste en Los Pol\u00edticos\" \/>\n\t<meta name=\"twitter:label2\" content=\"Tiempo de lectura\" \/>\n\t<meta name=\"twitter:data2\" content=\"4 minutos\" \/>\n<script type=\"application\/ld+json\" class=\"yoast-schema-graph\">{\"@context\":\"https:\\\/\\\/schema.org\",\"@graph\":[{\"@type\":\"Article\",\"@id\":\"https:\\\/\\\/lospoliticosveracruz.com\\\/?p=130011#article\",\"isPartOf\":{\"@id\":\"https:\\\/\\\/lospoliticosveracruz.com\\\/?p=130011\"},\"author\":{\"name\":\"Lo viste en Los Pol\u00edticos\",\"@id\":\"https:\\\/\\\/lospoliticosveracruz.com\\\/#\\\/schema\\\/person\\\/b8702bb0e538456e6efd07080bf2a4a2\"},\"headline\":\"EN PROTEGER A LOS NI\u00d1OS FALLAMOS TODOS\",\"datePublished\":\"2024-09-17T18:57:46+00:00\",\"dateModified\":\"2024-09-17T18:57:56+00:00\",\"mainEntityOfPage\":{\"@id\":\"https:\\\/\\\/lospoliticosveracruz.com\\\/?p=130011\"},\"wordCount\":713,\"publisher\":{\"@id\":\"https:\\\/\\\/lospoliticosveracruz.com\\\/#organization\"},\"image\":{\"@id\":\"https:\\\/\\\/lospoliticosveracruz.com\\\/?p=130011#primaryimage\"},\"thumbnailUrl\":\"https:\\\/\\\/lospoliticosveracruz.com\\\/wp-content\\\/uploads\\\/2024\\\/07\\\/Roberto-Morales-Ayala.jpg\",\"keywords\":[\"Roberto Morales Ayala\"],\"articleSection\":[\"De Opini\u00f3n\"],\"inLanguage\":\"es\"},{\"@type\":\"WebPage\",\"@id\":\"https:\\\/\\\/lospoliticosveracruz.com\\\/?p=130011\",\"url\":\"https:\\\/\\\/lospoliticosveracruz.com\\\/?p=130011\",\"name\":\"EN PROTEGER A LOS NI\u00d1OS FALLAMOS TODOS - Los pol\u00edticos Veracruz\",\"isPartOf\":{\"@id\":\"https:\\\/\\\/lospoliticosveracruz.com\\\/#website\"},\"primaryImageOfPage\":{\"@id\":\"https:\\\/\\\/lospoliticosveracruz.com\\\/?p=130011#primaryimage\"},\"image\":{\"@id\":\"https:\\\/\\\/lospoliticosveracruz.com\\\/?p=130011#primaryimage\"},\"thumbnailUrl\":\"https:\\\/\\\/lospoliticosveracruz.com\\\/wp-content\\\/uploads\\\/2024\\\/07\\\/Roberto-Morales-Ayala.jpg\",\"datePublished\":\"2024-09-17T18:57:46+00:00\",\"dateModified\":\"2024-09-17T18:57:56+00:00\",\"breadcrumb\":{\"@id\":\"https:\\\/\\\/lospoliticosveracruz.com\\\/?p=130011#breadcrumb\"},\"inLanguage\":\"es\",\"potentialAction\":[{\"@type\":\"ReadAction\",\"target\":[\"https:\\\/\\\/lospoliticosveracruz.com\\\/?p=130011\"]}]},{\"@type\":\"ImageObject\",\"inLanguage\":\"es\",\"@id\":\"https:\\\/\\\/lospoliticosveracruz.com\\\/?p=130011#primaryimage\",\"url\":\"https:\\\/\\\/lospoliticosveracruz.com\\\/wp-content\\\/uploads\\\/2024\\\/07\\\/Roberto-Morales-Ayala.jpg\",\"contentUrl\":\"https:\\\/\\\/lospoliticosveracruz.com\\\/wp-content\\\/uploads\\\/2024\\\/07\\\/Roberto-Morales-Ayala.jpg\",\"width\":1250,\"height\":667},{\"@type\":\"BreadcrumbList\",\"@id\":\"https:\\\/\\\/lospoliticosveracruz.com\\\/?p=130011#breadcrumb\",\"itemListElement\":[{\"@type\":\"ListItem\",\"position\":1,\"name\":\"Portada\",\"item\":\"https:\\\/\\\/lospoliticosveracruz.com\\\/\"},{\"@type\":\"ListItem\",\"position\":2,\"name\":\"EN PROTEGER A LOS NI\u00d1OS FALLAMOS TODOS\"}]},{\"@type\":\"WebSite\",\"@id\":\"https:\\\/\\\/lospoliticosveracruz.com\\\/#website\",\"url\":\"https:\\\/\\\/lospoliticosveracruz.com\\\/\",\"name\":\"Los pol\u00edticos Veracruz\",\"description\":\"\",\"publisher\":{\"@id\":\"https:\\\/\\\/lospoliticosveracruz.com\\\/#organization\"},\"potentialAction\":[{\"@type\":\"SearchAction\",\"target\":{\"@type\":\"EntryPoint\",\"urlTemplate\":\"https:\\\/\\\/lospoliticosveracruz.com\\\/?s={search_term_string}\"},\"query-input\":{\"@type\":\"PropertyValueSpecification\",\"valueRequired\":true,\"valueName\":\"search_term_string\"}}],\"inLanguage\":\"es\"},{\"@type\":\"Organization\",\"@id\":\"https:\\\/\\\/lospoliticosveracruz.com\\\/#organization\",\"name\":\"Los pol\u00edticos Veracruz\",\"url\":\"https:\\\/\\\/lospoliticosveracruz.com\\\/\",\"logo\":{\"@type\":\"ImageObject\",\"inLanguage\":\"es\",\"@id\":\"https:\\\/\\\/lospoliticosveracruz.com\\\/#\\\/schema\\\/logo\\\/image\\\/\",\"url\":\"https:\\\/\\\/lospoliticosveracruz.com\\\/wp-content\\\/uploads\\\/2025\\\/12\\\/Logo-Nuevo-LOS-POLITICOS-1.jpg\",\"contentUrl\":\"https:\\\/\\\/lospoliticosveracruz.com\\\/wp-content\\\/uploads\\\/2025\\\/12\\\/Logo-Nuevo-LOS-POLITICOS-1.jpg\",\"width\":260,\"height\":70,\"caption\":\"Los pol\u00edticos Veracruz\"},\"image\":{\"@id\":\"https:\\\/\\\/lospoliticosveracruz.com\\\/#\\\/schema\\\/logo\\\/image\\\/\"},\"sameAs\":[\"https:\\\/\\\/www.facebook.com\\\/people\\\/Notimemes-de-los-Polticos\\\/61565672886568\\\/\",\"https:\\\/\\\/x.com\\\/LosPoliticosVer\"]},{\"@type\":\"Person\",\"@id\":\"https:\\\/\\\/lospoliticosveracruz.com\\\/#\\\/schema\\\/person\\\/b8702bb0e538456e6efd07080bf2a4a2\",\"name\":\"Lo viste en Los Pol\u00edticos\",\"image\":{\"@type\":\"ImageObject\",\"inLanguage\":\"es\",\"@id\":\"https:\\\/\\\/secure.gravatar.com\\\/avatar\\\/3a8de04a2656d44082be478bd6c086daa447c4651605818287b9532d3d0bd435?s=96&d=mm&r=g\",\"url\":\"https:\\\/\\\/secure.gravatar.com\\\/avatar\\\/3a8de04a2656d44082be478bd6c086daa447c4651605818287b9532d3d0bd435?s=96&d=mm&r=g\",\"contentUrl\":\"https:\\\/\\\/secure.gravatar.com\\\/avatar\\\/3a8de04a2656d44082be478bd6c086daa447c4651605818287b9532d3d0bd435?s=96&d=mm&r=g\",\"caption\":\"Lo viste en Los Pol\u00edticos\"},\"url\":\"https:\\\/\\\/lospoliticosveracruz.com\\\/?author=2\"}]}<\/script>\n<!-- \/ Yoast SEO plugin. -->","yoast_head_json":{"title":"EN PROTEGER A LOS NI\u00d1OS FALLAMOS TODOS - Los pol\u00edticos Veracruz","robots":{"index":"index","follow":"follow","max-snippet":"max-snippet:-1","max-image-preview":"max-image-preview:large","max-video-preview":"max-video-preview:-1"},"canonical":"https:\/\/lospoliticosveracruz.com\/?p=130011","og_locale":"es_ES","og_type":"article","og_title":"EN PROTEGER A LOS NI\u00d1OS FALLAMOS TODOS - Los pol\u00edticos Veracruz","og_description":"Roberto Morales Ayala Los recientes casos de dos menores que, tras haber sido reportados como desaparecidos, fueron encontrados sin vida, han encendido la indignaci\u00f3n y el dolor colectivo. Estos sucesos no solo exponen la vulnerabilidad de los ni\u00f1os en el estado, sino tambi\u00e9n la ineficacia de los mecanismos de protecci\u00f3n que, en teor\u00eda, deber\u00edan ampararlos. [&hellip;]","og_url":"https:\/\/lospoliticosveracruz.com\/?p=130011","og_site_name":"Los pol\u00edticos Veracruz","article_publisher":"https:\/\/www.facebook.com\/people\/Notimemes-de-los-Polticos\/61565672886568\/","article_published_time":"2024-09-17T18:57:46+00:00","article_modified_time":"2024-09-17T18:57:56+00:00","og_image":[{"width":1250,"height":667,"url":"https:\/\/lospoliticosveracruz.com\/wp-content\/uploads\/2024\/07\/Roberto-Morales-Ayala.jpg","type":"image\/jpeg"}],"author":"Lo viste en Los Pol\u00edticos","twitter_card":"summary_large_image","twitter_creator":"@LosPoliticosVer","twitter_site":"@LosPoliticosVer","twitter_misc":{"Escrito por":"Lo viste en Los Pol\u00edticos","Tiempo de lectura":"4 minutos"},"schema":{"@context":"https:\/\/schema.org","@graph":[{"@type":"Article","@id":"https:\/\/lospoliticosveracruz.com\/?p=130011#article","isPartOf":{"@id":"https:\/\/lospoliticosveracruz.com\/?p=130011"},"author":{"name":"Lo viste en Los Pol\u00edticos","@id":"https:\/\/lospoliticosveracruz.com\/#\/schema\/person\/b8702bb0e538456e6efd07080bf2a4a2"},"headline":"EN PROTEGER A LOS NI\u00d1OS FALLAMOS TODOS","datePublished":"2024-09-17T18:57:46+00:00","dateModified":"2024-09-17T18:57:56+00:00","mainEntityOfPage":{"@id":"https:\/\/lospoliticosveracruz.com\/?p=130011"},"wordCount":713,"publisher":{"@id":"https:\/\/lospoliticosveracruz.com\/#organization"},"image":{"@id":"https:\/\/lospoliticosveracruz.com\/?p=130011#primaryimage"},"thumbnailUrl":"https:\/\/lospoliticosveracruz.com\/wp-content\/uploads\/2024\/07\/Roberto-Morales-Ayala.jpg","keywords":["Roberto Morales Ayala"],"articleSection":["De Opini\u00f3n"],"inLanguage":"es"},{"@type":"WebPage","@id":"https:\/\/lospoliticosveracruz.com\/?p=130011","url":"https:\/\/lospoliticosveracruz.com\/?p=130011","name":"EN PROTEGER A LOS NI\u00d1OS FALLAMOS TODOS - Los pol\u00edticos Veracruz","isPartOf":{"@id":"https:\/\/lospoliticosveracruz.com\/#website"},"primaryImageOfPage":{"@id":"https:\/\/lospoliticosveracruz.com\/?p=130011#primaryimage"},"image":{"@id":"https:\/\/lospoliticosveracruz.com\/?p=130011#primaryimage"},"thumbnailUrl":"https:\/\/lospoliticosveracruz.com\/wp-content\/uploads\/2024\/07\/Roberto-Morales-Ayala.jpg","datePublished":"2024-09-17T18:57:46+00:00","dateModified":"2024-09-17T18:57:56+00:00","breadcrumb":{"@id":"https:\/\/lospoliticosveracruz.com\/?p=130011#breadcrumb"},"inLanguage":"es","potentialAction":[{"@type":"ReadAction","target":["https:\/\/lospoliticosveracruz.com\/?p=130011"]}]},{"@type":"ImageObject","inLanguage":"es","@id":"https:\/\/lospoliticosveracruz.com\/?p=130011#primaryimage","url":"https:\/\/lospoliticosveracruz.com\/wp-content\/uploads\/2024\/07\/Roberto-Morales-Ayala.jpg","contentUrl":"https:\/\/lospoliticosveracruz.com\/wp-content\/uploads\/2024\/07\/Roberto-Morales-Ayala.jpg","width":1250,"height":667},{"@type":"BreadcrumbList","@id":"https:\/\/lospoliticosveracruz.com\/?p=130011#breadcrumb","itemListElement":[{"@type":"ListItem","position":1,"name":"Portada","item":"https:\/\/lospoliticosveracruz.com\/"},{"@type":"ListItem","position":2,"name":"EN PROTEGER A LOS NI\u00d1OS FALLAMOS TODOS"}]},{"@type":"WebSite","@id":"https:\/\/lospoliticosveracruz.com\/#website","url":"https:\/\/lospoliticosveracruz.com\/","name":"Los pol\u00edticos Veracruz","description":"","publisher":{"@id":"https:\/\/lospoliticosveracruz.com\/#organization"},"potentialAction":[{"@type":"SearchAction","target":{"@type":"EntryPoint","urlTemplate":"https:\/\/lospoliticosveracruz.com\/?s={search_term_string}"},"query-input":{"@type":"PropertyValueSpecification","valueRequired":true,"valueName":"search_term_string"}}],"inLanguage":"es"},{"@type":"Organization","@id":"https:\/\/lospoliticosveracruz.com\/#organization","name":"Los pol\u00edticos Veracruz","url":"https:\/\/lospoliticosveracruz.com\/","logo":{"@type":"ImageObject","inLanguage":"es","@id":"https:\/\/lospoliticosveracruz.com\/#\/schema\/logo\/image\/","url":"https:\/\/lospoliticosveracruz.com\/wp-content\/uploads\/2025\/12\/Logo-Nuevo-LOS-POLITICOS-1.jpg","contentUrl":"https:\/\/lospoliticosveracruz.com\/wp-content\/uploads\/2025\/12\/Logo-Nuevo-LOS-POLITICOS-1.jpg","width":260,"height":70,"caption":"Los pol\u00edticos Veracruz"},"image":{"@id":"https:\/\/lospoliticosveracruz.com\/#\/schema\/logo\/image\/"},"sameAs":["https:\/\/www.facebook.com\/people\/Notimemes-de-los-Polticos\/61565672886568\/","https:\/\/x.com\/LosPoliticosVer"]},{"@type":"Person","@id":"https:\/\/lospoliticosveracruz.com\/#\/schema\/person\/b8702bb0e538456e6efd07080bf2a4a2","name":"Lo viste en Los Pol\u00edticos","image":{"@type":"ImageObject","inLanguage":"es","@id":"https:\/\/secure.gravatar.com\/avatar\/3a8de04a2656d44082be478bd6c086daa447c4651605818287b9532d3d0bd435?s=96&d=mm&r=g","url":"https:\/\/secure.gravatar.com\/avatar\/3a8de04a2656d44082be478bd6c086daa447c4651605818287b9532d3d0bd435?s=96&d=mm&r=g","contentUrl":"https:\/\/secure.gravatar.com\/avatar\/3a8de04a2656d44082be478bd6c086daa447c4651605818287b9532d3d0bd435?s=96&d=mm&r=g","caption":"Lo viste en Los Pol\u00edticos"},"url":"https:\/\/lospoliticosveracruz.com\/?author=2"}]}},"_links":{"self":[{"href":"https:\/\/lospoliticosveracruz.com\/index.php?rest_route=\/wp\/v2\/posts\/130011","targetHints":{"allow":["GET"]}}],"collection":[{"href":"https:\/\/lospoliticosveracruz.com\/index.php?rest_route=\/wp\/v2\/posts"}],"about":[{"href":"https:\/\/lospoliticosveracruz.com\/index.php?rest_route=\/wp\/v2\/types\/post"}],"author":[{"embeddable":true,"href":"https:\/\/lospoliticosveracruz.com\/index.php?rest_route=\/wp\/v2\/users\/2"}],"replies":[{"embeddable":true,"href":"https:\/\/lospoliticosveracruz.com\/index.php?rest_route=%2Fwp%2Fv2%2Fcomments&post=130011"}],"version-history":[{"count":1,"href":"https:\/\/lospoliticosveracruz.com\/index.php?rest_route=\/wp\/v2\/posts\/130011\/revisions"}],"predecessor-version":[{"id":130012,"href":"https:\/\/lospoliticosveracruz.com\/index.php?rest_route=\/wp\/v2\/posts\/130011\/revisions\/130012"}],"wp:featuredmedia":[{"embeddable":true,"href":"https:\/\/lospoliticosveracruz.com\/index.php?rest_route=\/wp\/v2\/media\/127743"}],"wp:attachment":[{"href":"https:\/\/lospoliticosveracruz.com\/index.php?rest_route=%2Fwp%2Fv2%2Fmedia&parent=130011"}],"wp:term":[{"taxonomy":"category","embeddable":true,"href":"https:\/\/lospoliticosveracruz.com\/index.php?rest_route=%2Fwp%2Fv2%2Fcategories&post=130011"},{"taxonomy":"post_tag","embeddable":true,"href":"https:\/\/lospoliticosveracruz.com\/index.php?rest_route=%2Fwp%2Fv2%2Ftags&post=130011"}],"curies":[{"name":"wp","href":"https:\/\/api.w.org\/{rel}","templated":true}]}}