{"id":130019,"date":"2024-09-17T18:11:23","date_gmt":"2024-09-17T23:11:23","guid":{"rendered":"https:\/\/lospoliticosveracruz.com.mx\/?p=130019"},"modified":"2024-09-17T18:11:38","modified_gmt":"2024-09-17T23:11:38","slug":"nahle-hace-la-tarea","status":"publish","type":"post","link":"https:\/\/lospoliticosveracruz.com\/?p=130019","title":{"rendered":"NAHLE HACE LA TAREA!"},"content":{"rendered":"\n<p><\/p>\n\n\n\n<p>La gobernadora electa de Veracruz, Roc\u00edo Nahle Garc\u00eda, anunci\u00f3 que su administraci\u00f3n trabajar\u00e1 con todas las organizaciones magisteriales federales y estatales con representaci\u00f3n en la entidad.<\/p>\n\n\n\n<p>En el marco del 11 aniversario de la organizaci\u00f3n Maestros con Morena (MCM), Roc\u00edo Nahle celebr\u00f3 la coincidencia que el movimiento encontr\u00f3 con el magisterio veracruzano, particularmente con los maestros y maestras comprometidos con la Cuarta Transformaci\u00f3n quienes son garantes de la educaci\u00f3n de los ni\u00f1os y ni\u00f1as en el estado as\u00ed como del triunfo de la izquierda sobre el neoliberalismo.<\/p>\n\n\n\n<p>\u201cTodos los maestros de Veracruz, estatales, federales, tengo que trabajar con todos\u201d, explic\u00f3.<\/p>\n\n\n\n<p>Asimismo, destac\u00f3 el esfuerzo y la lucha permanente que los docentes estatales dieron hasta lograr echar abajo las reformas estructurales que impuls\u00f3 el \u00faltimo gobierno neoliberal del PRI, entre estas, la educativa que en lugar de apoyar, iba en detrimento de los intereses de los maestros de M\u00e9xico.<\/p>\n\n\n\n<p>Sin embargo, dijo la exministra de SENER, ahora, es momento de trabajar y dar resultados porque Morena ya es gobierno, no nada m\u00e1s un movimiento.<\/p>\n\n\n\n<p>\u201cDesde hace seis a\u00f1os, me acuerdo que el presidente me habla porque ten\u00edamos que ver proyectos de energ\u00eda, me dijo, ya somos gobierno, ya tenemos que trabajar y dar resultados, entonces yo a ustedes los invito con todo el respeto, ya no estamos en la lucha, ya estamos en la transformaci\u00f3n con ustedes y solo con ustedes lo logramos, la construcci\u00f3n total de la educaci\u00f3n de Veracruz\u201d, asegur\u00f3.<\/p>\n\n\n\n<p>Subray\u00f3 que no deben preocuparse porque si un gremio apoya la transformaci\u00f3n es el magisterial y \u201camor con amor se paga\u201d, por ello, agreg\u00f3, los maestros y maestras contar\u00e1n con su apoyo irrestricto.<\/p>\n\n\n\n<p>Roc\u00edo Nahle Garc\u00eda reconoci\u00f3 la importancia del magisterio veracruzano y sobre todo, la unidad que debe prevalecer en todos los grupos y organizaciones civiles y sindicales ya que bajo ning\u00fan precepto o circunstancia la divisi\u00f3n tendr\u00e1 cabida en la transformaci\u00f3n.<\/p>\n\n\n\n<p>En esta emotiva ceremonia, Nahle Garc\u00eda reconoci\u00f3 la organizaci\u00f3n y el respaldo que su proyecto y la 4T tuvo del magisterio por lo que en la construcci\u00f3n del segundo piso de este gran movimiento y de la izquierda en M\u00e9xico, el sector contar\u00e1 con todo el respaldo de su administraci\u00f3n.<\/p>\n\n\n\n<p>Record\u00f3 que los maestros vienen de tiempo atr\u00e1s, y como parte de la lucha por derribar la otrora reforma educativa, no estar\u00e1n solos, asegur\u00f3.<\/p>\n\n\n\n<p>\u201cEsto fue un detonante porque el pueblo de M\u00e9xico y los trabajadores somos institucionales, somos trabajadores, si estaba el gobierno anterior, se apoyaba al gobierno porque se ten\u00eda que abonar en la educaci\u00f3n, en la econom\u00eda del pa\u00eds y as\u00ed fue con el PRI, as\u00ed fue con el PAN, pero estos seis a\u00f1os ya casi, era retomar los derechos laborales sociales, retomar nuestra soberan\u00eda, nuestra riqueza de M\u00e9xico, porque se nos hab\u00eda hecho sentir que si quer\u00edamos a nuestra patria est\u00e1bamos fuera de moda, y en seis a\u00f1os hemos retomado nuestra esencia, reconocimiento a nuestro pueblos originarios y comunidades ind\u00edgenas de lo cual nos sentimos orgullosos\u201d, subray\u00f3.<\/p>\n\n\n\n<p>Destac\u00f3 finalmente, el papel que jugar\u00e1 el exsecretario de Educaci\u00f3n, Zenyazen Escobar Garc\u00eda como Coordinador de la bancada de Morena en la C\u00e1mara de Diputados as\u00ed como de la pr\u00f3xima titular de la SEV, la hoy senadora de la Rep\u00fablica, Claudia Tello Espinosa quienes dijo, ser\u00e1n importantes actores para el avance y consolidaci\u00f3n de los intereses del magisterio veracruzano.<\/p>\n\n\n\n<p><\/p>\n","protected":false},"excerpt":{"rendered":"<p>La gobernadora electa de Veracruz, Roc\u00edo Nahle Garc\u00eda, anunci\u00f3 que su administraci\u00f3n trabajar\u00e1 con todas las organizaciones magisteriales federales y estatales con representaci\u00f3n en la entidad. En el marco del 11 aniversario de la organizaci\u00f3n Maestros con Morena (MCM), Roc\u00edo Nahle celebr\u00f3 la coincidencia que el movimiento encontr\u00f3 con el magisterio veracruzano, particularmente con los [&hellip;]<\/p>\n","protected":false},"author":2,"featured_media":0,"comment_status":"closed","ping_status":"closed","sticky":false,"template":"","format":"standard","meta":{"tdm_status":"","tdm_grid_status":"","footnotes":""},"categories":[73],"tags":[1026,3578,195],"class_list":{"0":"post-130019","1":"post","2":"type-post","3":"status-publish","4":"format-standard","6":"category-de-boleto","7":"tag-morena","8":"tag-rocio-nahle","9":"tag-veracruz"},"yoast_head":"<!-- This site is optimized with the Yoast SEO plugin v27.4 - https:\/\/yoast.com\/product\/yoast-seo-wordpress\/ -->\n<title>NAHLE HACE LA TAREA! - Los pol\u00edticos Veracruz<\/title>\n<meta name=\"robots\" content=\"index, follow, max-snippet:-1, max-image-preview:large, max-video-preview:-1\" \/>\n<link rel=\"canonical\" href=\"https:\/\/lospoliticosveracruz.com\/?p=130019\" \/>\n<meta property=\"og:locale\" content=\"es_ES\" \/>\n<meta property=\"og:type\" content=\"article\" \/>\n<meta property=\"og:title\" content=\"NAHLE HACE LA TAREA! - Los pol\u00edticos Veracruz\" \/>\n<meta property=\"og:description\" content=\"La gobernadora electa de Veracruz, Roc\u00edo Nahle Garc\u00eda, anunci\u00f3 que su administraci\u00f3n trabajar\u00e1 con todas las organizaciones magisteriales federales y estatales con representaci\u00f3n en la entidad. En el marco del 11 aniversario de la organizaci\u00f3n Maestros con Morena (MCM), Roc\u00edo Nahle celebr\u00f3 la coincidencia que el movimiento encontr\u00f3 con el magisterio veracruzano, particularmente con los [&hellip;]\" \/>\n<meta property=\"og:url\" content=\"https:\/\/lospoliticosveracruz.com\/?p=130019\" \/>\n<meta property=\"og:site_name\" content=\"Los pol\u00edticos Veracruz\" \/>\n<meta property=\"article:publisher\" content=\"https:\/\/www.facebook.com\/people\/Notimemes-de-los-Polticos\/61565672886568\/\" \/>\n<meta property=\"article:published_time\" content=\"2024-09-17T23:11:23+00:00\" \/>\n<meta property=\"article:modified_time\" content=\"2024-09-17T23:11:38+00:00\" \/>\n<meta property=\"og:image\" content=\"https:\/\/lospoliticosveracruz.com\/wp-content\/uploads\/2016\/07\/Logo-Dor.jpg\" \/>\n\t<meta property=\"og:image:width\" content=\"200\" \/>\n\t<meta property=\"og:image:height\" content=\"200\" \/>\n\t<meta property=\"og:image:type\" content=\"image\/jpeg\" \/>\n<meta name=\"author\" content=\"Lo viste en Los Pol\u00edticos\" \/>\n<meta name=\"twitter:card\" content=\"summary_large_image\" \/>\n<meta name=\"twitter:creator\" content=\"@LosPoliticosVer\" \/>\n<meta name=\"twitter:site\" content=\"@LosPoliticosVer\" \/>\n<meta name=\"twitter:label1\" content=\"Escrito por\" \/>\n\t<meta name=\"twitter:data1\" content=\"Lo viste en Los Pol\u00edticos\" \/>\n\t<meta name=\"twitter:label2\" content=\"Tiempo de lectura\" \/>\n\t<meta name=\"twitter:data2\" content=\"3 minutos\" \/>\n<script type=\"application\/ld+json\" class=\"yoast-schema-graph\">{\"@context\":\"https:\\\/\\\/schema.org\",\"@graph\":[{\"@type\":\"Article\",\"@id\":\"https:\\\/\\\/lospoliticosveracruz.com\\\/?p=130019#article\",\"isPartOf\":{\"@id\":\"https:\\\/\\\/lospoliticosveracruz.com\\\/?p=130019\"},\"author\":{\"name\":\"Lo viste en Los Pol\u00edticos\",\"@id\":\"https:\\\/\\\/lospoliticosveracruz.com\\\/#\\\/schema\\\/person\\\/b8702bb0e538456e6efd07080bf2a4a2\"},\"headline\":\"NAHLE HACE LA TAREA!\",\"datePublished\":\"2024-09-17T23:11:23+00:00\",\"dateModified\":\"2024-09-17T23:11:38+00:00\",\"mainEntityOfPage\":{\"@id\":\"https:\\\/\\\/lospoliticosveracruz.com\\\/?p=130019\"},\"wordCount\":609,\"publisher\":{\"@id\":\"https:\\\/\\\/lospoliticosveracruz.com\\\/#organization\"},\"keywords\":[\"Morena\",\"Roc\u00edo Nahle\",\"Veracruz\"],\"articleSection\":[\"De Boleto\"],\"inLanguage\":\"es\"},{\"@type\":\"WebPage\",\"@id\":\"https:\\\/\\\/lospoliticosveracruz.com\\\/?p=130019\",\"url\":\"https:\\\/\\\/lospoliticosveracruz.com\\\/?p=130019\",\"name\":\"NAHLE HACE LA TAREA! - Los pol\u00edticos Veracruz\",\"isPartOf\":{\"@id\":\"https:\\\/\\\/lospoliticosveracruz.com\\\/#website\"},\"datePublished\":\"2024-09-17T23:11:23+00:00\",\"dateModified\":\"2024-09-17T23:11:38+00:00\",\"breadcrumb\":{\"@id\":\"https:\\\/\\\/lospoliticosveracruz.com\\\/?p=130019#breadcrumb\"},\"inLanguage\":\"es\",\"potentialAction\":[{\"@type\":\"ReadAction\",\"target\":[\"https:\\\/\\\/lospoliticosveracruz.com\\\/?p=130019\"]}]},{\"@type\":\"BreadcrumbList\",\"@id\":\"https:\\\/\\\/lospoliticosveracruz.com\\\/?p=130019#breadcrumb\",\"itemListElement\":[{\"@type\":\"ListItem\",\"position\":1,\"name\":\"Portada\",\"item\":\"https:\\\/\\\/lospoliticosveracruz.com\\\/\"},{\"@type\":\"ListItem\",\"position\":2,\"name\":\"NAHLE HACE LA TAREA!\"}]},{\"@type\":\"WebSite\",\"@id\":\"https:\\\/\\\/lospoliticosveracruz.com\\\/#website\",\"url\":\"https:\\\/\\\/lospoliticosveracruz.com\\\/\",\"name\":\"Los pol\u00edticos Veracruz\",\"description\":\"\",\"publisher\":{\"@id\":\"https:\\\/\\\/lospoliticosveracruz.com\\\/#organization\"},\"potentialAction\":[{\"@type\":\"SearchAction\",\"target\":{\"@type\":\"EntryPoint\",\"urlTemplate\":\"https:\\\/\\\/lospoliticosveracruz.com\\\/?s={search_term_string}\"},\"query-input\":{\"@type\":\"PropertyValueSpecification\",\"valueRequired\":true,\"valueName\":\"search_term_string\"}}],\"inLanguage\":\"es\"},{\"@type\":\"Organization\",\"@id\":\"https:\\\/\\\/lospoliticosveracruz.com\\\/#organization\",\"name\":\"Los pol\u00edticos Veracruz\",\"url\":\"https:\\\/\\\/lospoliticosveracruz.com\\\/\",\"logo\":{\"@type\":\"ImageObject\",\"inLanguage\":\"es\",\"@id\":\"https:\\\/\\\/lospoliticosveracruz.com\\\/#\\\/schema\\\/logo\\\/image\\\/\",\"url\":\"https:\\\/\\\/lospoliticosveracruz.com\\\/wp-content\\\/uploads\\\/2025\\\/12\\\/Logo-Nuevo-LOS-POLITICOS-1.jpg\",\"contentUrl\":\"https:\\\/\\\/lospoliticosveracruz.com\\\/wp-content\\\/uploads\\\/2025\\\/12\\\/Logo-Nuevo-LOS-POLITICOS-1.jpg\",\"width\":260,\"height\":70,\"caption\":\"Los pol\u00edticos Veracruz\"},\"image\":{\"@id\":\"https:\\\/\\\/lospoliticosveracruz.com\\\/#\\\/schema\\\/logo\\\/image\\\/\"},\"sameAs\":[\"https:\\\/\\\/www.facebook.com\\\/people\\\/Notimemes-de-los-Polticos\\\/61565672886568\\\/\",\"https:\\\/\\\/x.com\\\/LosPoliticosVer\"]},{\"@type\":\"Person\",\"@id\":\"https:\\\/\\\/lospoliticosveracruz.com\\\/#\\\/schema\\\/person\\\/b8702bb0e538456e6efd07080bf2a4a2\",\"name\":\"Lo viste en Los Pol\u00edticos\",\"image\":{\"@type\":\"ImageObject\",\"inLanguage\":\"es\",\"@id\":\"https:\\\/\\\/secure.gravatar.com\\\/avatar\\\/3a8de04a2656d44082be478bd6c086daa447c4651605818287b9532d3d0bd435?s=96&d=mm&r=g\",\"url\":\"https:\\\/\\\/secure.gravatar.com\\\/avatar\\\/3a8de04a2656d44082be478bd6c086daa447c4651605818287b9532d3d0bd435?s=96&d=mm&r=g\",\"contentUrl\":\"https:\\\/\\\/secure.gravatar.com\\\/avatar\\\/3a8de04a2656d44082be478bd6c086daa447c4651605818287b9532d3d0bd435?s=96&d=mm&r=g\",\"caption\":\"Lo viste en Los Pol\u00edticos\"},\"url\":\"https:\\\/\\\/lospoliticosveracruz.com\\\/?author=2\"}]}<\/script>\n<!-- \/ Yoast SEO plugin. -->","yoast_head_json":{"title":"NAHLE HACE LA TAREA! - Los pol\u00edticos Veracruz","robots":{"index":"index","follow":"follow","max-snippet":"max-snippet:-1","max-image-preview":"max-image-preview:large","max-video-preview":"max-video-preview:-1"},"canonical":"https:\/\/lospoliticosveracruz.com\/?p=130019","og_locale":"es_ES","og_type":"article","og_title":"NAHLE HACE LA TAREA! - Los pol\u00edticos Veracruz","og_description":"La gobernadora electa de Veracruz, Roc\u00edo Nahle Garc\u00eda, anunci\u00f3 que su administraci\u00f3n trabajar\u00e1 con todas las organizaciones magisteriales federales y estatales con representaci\u00f3n en la entidad. En el marco del 11 aniversario de la organizaci\u00f3n Maestros con Morena (MCM), Roc\u00edo Nahle celebr\u00f3 la coincidencia que el movimiento encontr\u00f3 con el magisterio veracruzano, particularmente con los [&hellip;]","og_url":"https:\/\/lospoliticosveracruz.com\/?p=130019","og_site_name":"Los pol\u00edticos Veracruz","article_publisher":"https:\/\/www.facebook.com\/people\/Notimemes-de-los-Polticos\/61565672886568\/","article_published_time":"2024-09-17T23:11:23+00:00","article_modified_time":"2024-09-17T23:11:38+00:00","og_image":[{"width":200,"height":200,"url":"https:\/\/lospoliticosveracruz.com\/wp-content\/uploads\/2016\/07\/Logo-Dor.jpg","type":"image\/jpeg"}],"author":"Lo viste en Los Pol\u00edticos","twitter_card":"summary_large_image","twitter_creator":"@LosPoliticosVer","twitter_site":"@LosPoliticosVer","twitter_misc":{"Escrito por":"Lo viste en Los Pol\u00edticos","Tiempo de lectura":"3 minutos"},"schema":{"@context":"https:\/\/schema.org","@graph":[{"@type":"Article","@id":"https:\/\/lospoliticosveracruz.com\/?p=130019#article","isPartOf":{"@id":"https:\/\/lospoliticosveracruz.com\/?p=130019"},"author":{"name":"Lo viste en Los Pol\u00edticos","@id":"https:\/\/lospoliticosveracruz.com\/#\/schema\/person\/b8702bb0e538456e6efd07080bf2a4a2"},"headline":"NAHLE HACE LA TAREA!","datePublished":"2024-09-17T23:11:23+00:00","dateModified":"2024-09-17T23:11:38+00:00","mainEntityOfPage":{"@id":"https:\/\/lospoliticosveracruz.com\/?p=130019"},"wordCount":609,"publisher":{"@id":"https:\/\/lospoliticosveracruz.com\/#organization"},"keywords":["Morena","Roc\u00edo Nahle","Veracruz"],"articleSection":["De Boleto"],"inLanguage":"es"},{"@type":"WebPage","@id":"https:\/\/lospoliticosveracruz.com\/?p=130019","url":"https:\/\/lospoliticosveracruz.com\/?p=130019","name":"NAHLE HACE LA TAREA! - Los pol\u00edticos Veracruz","isPartOf":{"@id":"https:\/\/lospoliticosveracruz.com\/#website"},"datePublished":"2024-09-17T23:11:23+00:00","dateModified":"2024-09-17T23:11:38+00:00","breadcrumb":{"@id":"https:\/\/lospoliticosveracruz.com\/?p=130019#breadcrumb"},"inLanguage":"es","potentialAction":[{"@type":"ReadAction","target":["https:\/\/lospoliticosveracruz.com\/?p=130019"]}]},{"@type":"BreadcrumbList","@id":"https:\/\/lospoliticosveracruz.com\/?p=130019#breadcrumb","itemListElement":[{"@type":"ListItem","position":1,"name":"Portada","item":"https:\/\/lospoliticosveracruz.com\/"},{"@type":"ListItem","position":2,"name":"NAHLE HACE LA TAREA!"}]},{"@type":"WebSite","@id":"https:\/\/lospoliticosveracruz.com\/#website","url":"https:\/\/lospoliticosveracruz.com\/","name":"Los pol\u00edticos Veracruz","description":"","publisher":{"@id":"https:\/\/lospoliticosveracruz.com\/#organization"},"potentialAction":[{"@type":"SearchAction","target":{"@type":"EntryPoint","urlTemplate":"https:\/\/lospoliticosveracruz.com\/?s={search_term_string}"},"query-input":{"@type":"PropertyValueSpecification","valueRequired":true,"valueName":"search_term_string"}}],"inLanguage":"es"},{"@type":"Organization","@id":"https:\/\/lospoliticosveracruz.com\/#organization","name":"Los pol\u00edticos Veracruz","url":"https:\/\/lospoliticosveracruz.com\/","logo":{"@type":"ImageObject","inLanguage":"es","@id":"https:\/\/lospoliticosveracruz.com\/#\/schema\/logo\/image\/","url":"https:\/\/lospoliticosveracruz.com\/wp-content\/uploads\/2025\/12\/Logo-Nuevo-LOS-POLITICOS-1.jpg","contentUrl":"https:\/\/lospoliticosveracruz.com\/wp-content\/uploads\/2025\/12\/Logo-Nuevo-LOS-POLITICOS-1.jpg","width":260,"height":70,"caption":"Los pol\u00edticos Veracruz"},"image":{"@id":"https:\/\/lospoliticosveracruz.com\/#\/schema\/logo\/image\/"},"sameAs":["https:\/\/www.facebook.com\/people\/Notimemes-de-los-Polticos\/61565672886568\/","https:\/\/x.com\/LosPoliticosVer"]},{"@type":"Person","@id":"https:\/\/lospoliticosveracruz.com\/#\/schema\/person\/b8702bb0e538456e6efd07080bf2a4a2","name":"Lo viste en Los Pol\u00edticos","image":{"@type":"ImageObject","inLanguage":"es","@id":"https:\/\/secure.gravatar.com\/avatar\/3a8de04a2656d44082be478bd6c086daa447c4651605818287b9532d3d0bd435?s=96&d=mm&r=g","url":"https:\/\/secure.gravatar.com\/avatar\/3a8de04a2656d44082be478bd6c086daa447c4651605818287b9532d3d0bd435?s=96&d=mm&r=g","contentUrl":"https:\/\/secure.gravatar.com\/avatar\/3a8de04a2656d44082be478bd6c086daa447c4651605818287b9532d3d0bd435?s=96&d=mm&r=g","caption":"Lo viste en Los Pol\u00edticos"},"url":"https:\/\/lospoliticosveracruz.com\/?author=2"}]}},"_links":{"self":[{"href":"https:\/\/lospoliticosveracruz.com\/index.php?rest_route=\/wp\/v2\/posts\/130019","targetHints":{"allow":["GET"]}}],"collection":[{"href":"https:\/\/lospoliticosveracruz.com\/index.php?rest_route=\/wp\/v2\/posts"}],"about":[{"href":"https:\/\/lospoliticosveracruz.com\/index.php?rest_route=\/wp\/v2\/types\/post"}],"author":[{"embeddable":true,"href":"https:\/\/lospoliticosveracruz.com\/index.php?rest_route=\/wp\/v2\/users\/2"}],"replies":[{"embeddable":true,"href":"https:\/\/lospoliticosveracruz.com\/index.php?rest_route=%2Fwp%2Fv2%2Fcomments&post=130019"}],"version-history":[{"count":1,"href":"https:\/\/lospoliticosveracruz.com\/index.php?rest_route=\/wp\/v2\/posts\/130019\/revisions"}],"predecessor-version":[{"id":130021,"href":"https:\/\/lospoliticosveracruz.com\/index.php?rest_route=\/wp\/v2\/posts\/130019\/revisions\/130021"}],"wp:attachment":[{"href":"https:\/\/lospoliticosveracruz.com\/index.php?rest_route=%2Fwp%2Fv2%2Fmedia&parent=130019"}],"wp:term":[{"taxonomy":"category","embeddable":true,"href":"https:\/\/lospoliticosveracruz.com\/index.php?rest_route=%2Fwp%2Fv2%2Fcategories&post=130019"},{"taxonomy":"post_tag","embeddable":true,"href":"https:\/\/lospoliticosveracruz.com\/index.php?rest_route=%2Fwp%2Fv2%2Ftags&post=130019"}],"curies":[{"name":"wp","href":"https:\/\/api.w.org\/{rel}","templated":true}]}}