{"id":130022,"date":"2024-09-17T19:00:27","date_gmt":"2024-09-18T00:00:27","guid":{"rendered":"https:\/\/lospoliticosveracruz.com.mx\/?p=130022"},"modified":"2024-09-17T19:01:01","modified_gmt":"2024-09-18T00:01:01","slug":"mucho-por-demostrar","status":"publish","type":"post","link":"https:\/\/lospoliticosveracruz.com\/?p=130022","title":{"rendered":"MUCHO POR DEMOSTRAR"},"content":{"rendered":"\n<p><strong>Miguel \u00c1ngel G\u00f3mez Ruiz<\/strong><\/p>\n\n\n\n<p><em>Contrapunto<\/em><\/p>\n\n\n\n<p>La gobernadora electa de Veracruz, Roc\u00edo Nahle, tendr\u00e1 que demostrar que tiene los tama\u00f1os para restaurar al estado, todo esto luego de la p\u00e9sima administraci\u00f3n de su compa\u00f1ero de partido, Cuitl\u00e1huac Garc\u00eda.<\/p>\n\n\n<div class=\"wp-block-image\">\n<figure class=\"alignleft size-thumbnail\"><a href=\"https:\/\/lospoliticosveracruz.com.mx\/wp-content\/uploads\/2023\/02\/Vinissimo.jpg\"><img decoding=\"async\" src=\"https:\/\/lospoliticosveracruz.com.mx\/wp-content\/uploads\/2023\/02\/Vinissimo-150x150.jpg\" alt=\"\" class=\"wp-image-102752\"\/><\/a><\/figure>\n<\/div>\n\n\n<p>Es verdad, de 2018 a la fecha todo ha sido un desastre: p\u00e9simas carreteras, inseguridad al por mayor, nula atenci\u00f3n a empresarios y \u00e9l, muy c\u00f3modo, gobierna desde la Casa Veracruz y en ocasiones, desde palacio de gobierno.<\/p>\n\n\n\n<p>Se cort\u00f3 la comunicaci\u00f3n con los medios pues su encargado de Comunicaci\u00f3n Social, Iv\u00e1n Joseph Luna, con nivel de bachillerato, se dedic\u00f3 a hostigar a medios y a reporteros. A veces ni siquiera tuvo el nivel para sacar de apuros al gobernador, su jefe.<\/p>\n\n\n\n<p>Muy pocas \u00e1reas se destacaron en esta administraci\u00f3n: quiz\u00e1 Desarrollo Social, quiz\u00e1s otro poco la Secretar\u00eda de Finanzas y la Sedecop, a cargo de Enrique Nach\u00f3n, pero fuera de all\u00ed todo fue de regular a menos.<\/p>\n\n\n\n<p>Inclusive, el mandatario quiso intervenir en \u00e1reas en las que carece de conocimiento, como el caso de la Secretar\u00eda de Salud e inclusive, en la Fiscal\u00eda General del Estado, en donde labora Ver\u00f3nica Hern\u00e1ndez, una incondicional del exsecretario de Gobierno Eric Cisneros. En ambas ramas el gobernador exhibi\u00f3 su desconocimiento, pues de por s\u00ed era raro que interviniera en asuntos de la Fiscalia General del Estado que se supon\u00eda era un \u00f3rgano independiente.<\/p>\n\n\n\n<p>Intervino absolutamente en el Poder Judicial en donde actualmente su titular, Lisbeth Aurelia Jim\u00e9nez le rinde tributo. Ella forma parte de un grueso grupo de 22 magistrados (as) colocados por el mandatario y cr\u00e9alo, le obedecen en todo.<\/p>\n\n\n\n<p>Y as\u00ed, un Veracruz abandonado, con carreteras p\u00e9simas, devastado por la extorsi\u00f3n, los feminicidios y el secuestro, sin di\u00e1logo con nadie. Hoy todo es peor que hace seis a\u00f1os.<\/p>\n\n\n\n<p>Por eso es que Roc\u00edo Nahle, pese a la pol\u00e9mica que vivi\u00f3, con supuestas propiedades y con las pensiones de su esposo, tiene que demostrar que puede con un paquete muy grande. Ya visit\u00f3 lugares para refrendar su compromiso para hacer obras prioritarias. Ojal\u00e1 lo haga y sobre todo, que lo haga sin la finalidad de ganar votos, como han hecho tantos en el pa\u00eds.<\/p>\n\n\n\n<p>Un conocido que ha trabajado de cerca con ella asegura que es una mujer de compromisos y si ella se dedica a cumplir lo que prometi\u00f3, el estado poco a poco ir\u00e1 recobrando su brillantez.<\/p>\n\n\n\n<p>Pero ser\u00e1 muy importante no s\u00f3lo que cumpla sus compromisos, sino que contin\u00fae reuni\u00e9ndose y trabajando al lado de los sectores con los que alguna vez se reuni\u00f3. Ser\u00e1 valioso que concreten proyectos en beneficio de todos, al final eso ser\u00e1 lo que importe.<\/p>\n\n\n\n<p>Concluyendo, para Roc\u00edo Nahle lo m\u00e1s importante ser\u00e1 que lo primero en su pensamiento, al despertarse, al comer, al acostarse a dormir ser\u00e1 Veracruz.<\/p>\n\n\n\n<p>Y si hace un buen trabajo, dejar\u00e1 la mesa puesta para quien podr\u00eda sucederle en 2030: Ricardo Ahued.<\/p>\n\n\n\n<p>PD Aunque fue un tema del que se habl\u00f3 en todas partes, la Reforma Judicial fue aprobada y promulgada. Los cambios se ir\u00e1n dando poco a poco. Se espera que en junio de 2025 se elija a los nuevos jueces y magistrados y entonces all\u00ed veremos si hay resultados y si al final, vali\u00f3 la pena todo esto, luego de tantas marchas, protestas y toma de inmuebles. Es verdad, M\u00e9xico requiere una reforma profunda y adem\u00e1s, que se endurezcan las penas, pero tambi\u00e9n ser\u00e1 necesario que las Fiscal\u00edas realicen un mejor trabajo, sin eso, no se puede aplicar la justicia.<\/p>\n","protected":false},"excerpt":{"rendered":"<p>Miguel \u00c1ngel G\u00f3mez Ruiz Contrapunto La gobernadora electa de Veracruz, Roc\u00edo Nahle, tendr\u00e1 que demostrar que tiene los tama\u00f1os para restaurar al estado, todo esto luego de la p\u00e9sima administraci\u00f3n de su compa\u00f1ero de partido, Cuitl\u00e1huac Garc\u00eda. Es verdad, de 2018 a la fecha todo ha sido un desastre: p\u00e9simas carreteras, inseguridad al por mayor, [&hellip;]<\/p>\n","protected":false},"author":2,"featured_media":0,"comment_status":"closed","ping_status":"closed","sticky":false,"template":"","format":"standard","meta":{"tdm_status":"","tdm_grid_status":"","footnotes":""},"categories":[70],"tags":[1563,1026,3578,195],"class_list":{"0":"post-130022","1":"post","2":"type-post","3":"status-publish","4":"format-standard","6":"category-de-opinion","7":"tag-cuitlahuac-garcia-jimenez","8":"tag-morena","9":"tag-rocio-nahle","10":"tag-veracruz"},"yoast_head":"<!-- This site is optimized with the Yoast SEO plugin v27.4 - https:\/\/yoast.com\/product\/yoast-seo-wordpress\/ -->\n<title>MUCHO POR DEMOSTRAR - Los pol\u00edticos Veracruz<\/title>\n<meta name=\"robots\" content=\"index, follow, max-snippet:-1, max-image-preview:large, max-video-preview:-1\" \/>\n<link rel=\"canonical\" href=\"https:\/\/lospoliticosveracruz.com\/?p=130022\" \/>\n<meta property=\"og:locale\" content=\"es_ES\" \/>\n<meta property=\"og:type\" content=\"article\" \/>\n<meta property=\"og:title\" content=\"MUCHO POR DEMOSTRAR - Los pol\u00edticos Veracruz\" \/>\n<meta property=\"og:description\" content=\"Miguel \u00c1ngel G\u00f3mez Ruiz Contrapunto La gobernadora electa de Veracruz, Roc\u00edo Nahle, tendr\u00e1 que demostrar que tiene los tama\u00f1os para restaurar al estado, todo esto luego de la p\u00e9sima administraci\u00f3n de su compa\u00f1ero de partido, Cuitl\u00e1huac Garc\u00eda. Es verdad, de 2018 a la fecha todo ha sido un desastre: p\u00e9simas carreteras, inseguridad al por mayor, [&hellip;]\" \/>\n<meta property=\"og:url\" content=\"https:\/\/lospoliticosveracruz.com\/?p=130022\" \/>\n<meta property=\"og:site_name\" content=\"Los pol\u00edticos Veracruz\" \/>\n<meta property=\"article:publisher\" content=\"https:\/\/www.facebook.com\/people\/Notimemes-de-los-Polticos\/61565672886568\/\" \/>\n<meta property=\"article:published_time\" content=\"2024-09-18T00:00:27+00:00\" \/>\n<meta property=\"article:modified_time\" content=\"2024-09-18T00:01:01+00:00\" \/>\n<meta property=\"og:image\" content=\"https:\/\/lospoliticosveracruz.com.mx\/wp-content\/uploads\/2023\/02\/Vinissimo-150x150.jpg\" \/>\n<meta name=\"author\" content=\"Lo viste en Los Pol\u00edticos\" \/>\n<meta name=\"twitter:card\" content=\"summary_large_image\" \/>\n<meta name=\"twitter:creator\" content=\"@LosPoliticosVer\" \/>\n<meta name=\"twitter:site\" content=\"@LosPoliticosVer\" \/>\n<meta name=\"twitter:label1\" content=\"Escrito por\" \/>\n\t<meta name=\"twitter:data1\" content=\"Lo viste en Los Pol\u00edticos\" \/>\n\t<meta name=\"twitter:label2\" content=\"Tiempo de lectura\" \/>\n\t<meta name=\"twitter:data2\" content=\"3 minutos\" \/>\n<script type=\"application\/ld+json\" class=\"yoast-schema-graph\">{\"@context\":\"https:\\\/\\\/schema.org\",\"@graph\":[{\"@type\":\"Article\",\"@id\":\"https:\\\/\\\/lospoliticosveracruz.com\\\/?p=130022#article\",\"isPartOf\":{\"@id\":\"https:\\\/\\\/lospoliticosveracruz.com\\\/?p=130022\"},\"author\":{\"name\":\"Lo viste en Los Pol\u00edticos\",\"@id\":\"https:\\\/\\\/lospoliticosveracruz.com\\\/#\\\/schema\\\/person\\\/b8702bb0e538456e6efd07080bf2a4a2\"},\"headline\":\"MUCHO POR DEMOSTRAR\",\"datePublished\":\"2024-09-18T00:00:27+00:00\",\"dateModified\":\"2024-09-18T00:01:01+00:00\",\"mainEntityOfPage\":{\"@id\":\"https:\\\/\\\/lospoliticosveracruz.com\\\/?p=130022\"},\"wordCount\":623,\"publisher\":{\"@id\":\"https:\\\/\\\/lospoliticosveracruz.com\\\/#organization\"},\"image\":{\"@id\":\"https:\\\/\\\/lospoliticosveracruz.com\\\/?p=130022#primaryimage\"},\"thumbnailUrl\":\"https:\\\/\\\/lospoliticosveracruz.com.mx\\\/wp-content\\\/uploads\\\/2023\\\/02\\\/Vinissimo-150x150.jpg\",\"keywords\":[\"Cuitl\u00e1huac Garc\u00eda Jim\u00e9nez\",\"Morena\",\"Roc\u00edo Nahle\",\"Veracruz\"],\"articleSection\":[\"De Opini\u00f3n\"],\"inLanguage\":\"es\"},{\"@type\":\"WebPage\",\"@id\":\"https:\\\/\\\/lospoliticosveracruz.com\\\/?p=130022\",\"url\":\"https:\\\/\\\/lospoliticosveracruz.com\\\/?p=130022\",\"name\":\"MUCHO POR DEMOSTRAR - Los pol\u00edticos Veracruz\",\"isPartOf\":{\"@id\":\"https:\\\/\\\/lospoliticosveracruz.com\\\/#website\"},\"primaryImageOfPage\":{\"@id\":\"https:\\\/\\\/lospoliticosveracruz.com\\\/?p=130022#primaryimage\"},\"image\":{\"@id\":\"https:\\\/\\\/lospoliticosveracruz.com\\\/?p=130022#primaryimage\"},\"thumbnailUrl\":\"https:\\\/\\\/lospoliticosveracruz.com.mx\\\/wp-content\\\/uploads\\\/2023\\\/02\\\/Vinissimo-150x150.jpg\",\"datePublished\":\"2024-09-18T00:00:27+00:00\",\"dateModified\":\"2024-09-18T00:01:01+00:00\",\"breadcrumb\":{\"@id\":\"https:\\\/\\\/lospoliticosveracruz.com\\\/?p=130022#breadcrumb\"},\"inLanguage\":\"es\",\"potentialAction\":[{\"@type\":\"ReadAction\",\"target\":[\"https:\\\/\\\/lospoliticosveracruz.com\\\/?p=130022\"]}]},{\"@type\":\"ImageObject\",\"inLanguage\":\"es\",\"@id\":\"https:\\\/\\\/lospoliticosveracruz.com\\\/?p=130022#primaryimage\",\"url\":\"https:\\\/\\\/lospoliticosveracruz.com.mx\\\/wp-content\\\/uploads\\\/2023\\\/02\\\/Vinissimo-150x150.jpg\",\"contentUrl\":\"https:\\\/\\\/lospoliticosveracruz.com.mx\\\/wp-content\\\/uploads\\\/2023\\\/02\\\/Vinissimo-150x150.jpg\"},{\"@type\":\"BreadcrumbList\",\"@id\":\"https:\\\/\\\/lospoliticosveracruz.com\\\/?p=130022#breadcrumb\",\"itemListElement\":[{\"@type\":\"ListItem\",\"position\":1,\"name\":\"Portada\",\"item\":\"https:\\\/\\\/lospoliticosveracruz.com\\\/\"},{\"@type\":\"ListItem\",\"position\":2,\"name\":\"MUCHO POR DEMOSTRAR\"}]},{\"@type\":\"WebSite\",\"@id\":\"https:\\\/\\\/lospoliticosveracruz.com\\\/#website\",\"url\":\"https:\\\/\\\/lospoliticosveracruz.com\\\/\",\"name\":\"Los pol\u00edticos Veracruz\",\"description\":\"\",\"publisher\":{\"@id\":\"https:\\\/\\\/lospoliticosveracruz.com\\\/#organization\"},\"potentialAction\":[{\"@type\":\"SearchAction\",\"target\":{\"@type\":\"EntryPoint\",\"urlTemplate\":\"https:\\\/\\\/lospoliticosveracruz.com\\\/?s={search_term_string}\"},\"query-input\":{\"@type\":\"PropertyValueSpecification\",\"valueRequired\":true,\"valueName\":\"search_term_string\"}}],\"inLanguage\":\"es\"},{\"@type\":\"Organization\",\"@id\":\"https:\\\/\\\/lospoliticosveracruz.com\\\/#organization\",\"name\":\"Los pol\u00edticos Veracruz\",\"url\":\"https:\\\/\\\/lospoliticosveracruz.com\\\/\",\"logo\":{\"@type\":\"ImageObject\",\"inLanguage\":\"es\",\"@id\":\"https:\\\/\\\/lospoliticosveracruz.com\\\/#\\\/schema\\\/logo\\\/image\\\/\",\"url\":\"https:\\\/\\\/lospoliticosveracruz.com\\\/wp-content\\\/uploads\\\/2025\\\/12\\\/Logo-Nuevo-LOS-POLITICOS-1.jpg\",\"contentUrl\":\"https:\\\/\\\/lospoliticosveracruz.com\\\/wp-content\\\/uploads\\\/2025\\\/12\\\/Logo-Nuevo-LOS-POLITICOS-1.jpg\",\"width\":260,\"height\":70,\"caption\":\"Los pol\u00edticos Veracruz\"},\"image\":{\"@id\":\"https:\\\/\\\/lospoliticosveracruz.com\\\/#\\\/schema\\\/logo\\\/image\\\/\"},\"sameAs\":[\"https:\\\/\\\/www.facebook.com\\\/people\\\/Notimemes-de-los-Polticos\\\/61565672886568\\\/\",\"https:\\\/\\\/x.com\\\/LosPoliticosVer\"]},{\"@type\":\"Person\",\"@id\":\"https:\\\/\\\/lospoliticosveracruz.com\\\/#\\\/schema\\\/person\\\/b8702bb0e538456e6efd07080bf2a4a2\",\"name\":\"Lo viste en Los Pol\u00edticos\",\"image\":{\"@type\":\"ImageObject\",\"inLanguage\":\"es\",\"@id\":\"https:\\\/\\\/secure.gravatar.com\\\/avatar\\\/3a8de04a2656d44082be478bd6c086daa447c4651605818287b9532d3d0bd435?s=96&d=mm&r=g\",\"url\":\"https:\\\/\\\/secure.gravatar.com\\\/avatar\\\/3a8de04a2656d44082be478bd6c086daa447c4651605818287b9532d3d0bd435?s=96&d=mm&r=g\",\"contentUrl\":\"https:\\\/\\\/secure.gravatar.com\\\/avatar\\\/3a8de04a2656d44082be478bd6c086daa447c4651605818287b9532d3d0bd435?s=96&d=mm&r=g\",\"caption\":\"Lo viste en Los Pol\u00edticos\"},\"url\":\"https:\\\/\\\/lospoliticosveracruz.com\\\/?author=2\"}]}<\/script>\n<!-- \/ Yoast SEO plugin. -->","yoast_head_json":{"title":"MUCHO POR DEMOSTRAR - Los pol\u00edticos Veracruz","robots":{"index":"index","follow":"follow","max-snippet":"max-snippet:-1","max-image-preview":"max-image-preview:large","max-video-preview":"max-video-preview:-1"},"canonical":"https:\/\/lospoliticosveracruz.com\/?p=130022","og_locale":"es_ES","og_type":"article","og_title":"MUCHO POR DEMOSTRAR - Los pol\u00edticos Veracruz","og_description":"Miguel \u00c1ngel G\u00f3mez Ruiz Contrapunto La gobernadora electa de Veracruz, Roc\u00edo Nahle, tendr\u00e1 que demostrar que tiene los tama\u00f1os para restaurar al estado, todo esto luego de la p\u00e9sima administraci\u00f3n de su compa\u00f1ero de partido, Cuitl\u00e1huac Garc\u00eda. Es verdad, de 2018 a la fecha todo ha sido un desastre: p\u00e9simas carreteras, inseguridad al por mayor, [&hellip;]","og_url":"https:\/\/lospoliticosveracruz.com\/?p=130022","og_site_name":"Los pol\u00edticos Veracruz","article_publisher":"https:\/\/www.facebook.com\/people\/Notimemes-de-los-Polticos\/61565672886568\/","article_published_time":"2024-09-18T00:00:27+00:00","article_modified_time":"2024-09-18T00:01:01+00:00","og_image":[{"url":"https:\/\/lospoliticosveracruz.com.mx\/wp-content\/uploads\/2023\/02\/Vinissimo-150x150.jpg","type":"","width":"","height":""}],"author":"Lo viste en Los Pol\u00edticos","twitter_card":"summary_large_image","twitter_creator":"@LosPoliticosVer","twitter_site":"@LosPoliticosVer","twitter_misc":{"Escrito por":"Lo viste en Los Pol\u00edticos","Tiempo de lectura":"3 minutos"},"schema":{"@context":"https:\/\/schema.org","@graph":[{"@type":"Article","@id":"https:\/\/lospoliticosveracruz.com\/?p=130022#article","isPartOf":{"@id":"https:\/\/lospoliticosveracruz.com\/?p=130022"},"author":{"name":"Lo viste en Los Pol\u00edticos","@id":"https:\/\/lospoliticosveracruz.com\/#\/schema\/person\/b8702bb0e538456e6efd07080bf2a4a2"},"headline":"MUCHO POR DEMOSTRAR","datePublished":"2024-09-18T00:00:27+00:00","dateModified":"2024-09-18T00:01:01+00:00","mainEntityOfPage":{"@id":"https:\/\/lospoliticosveracruz.com\/?p=130022"},"wordCount":623,"publisher":{"@id":"https:\/\/lospoliticosveracruz.com\/#organization"},"image":{"@id":"https:\/\/lospoliticosveracruz.com\/?p=130022#primaryimage"},"thumbnailUrl":"https:\/\/lospoliticosveracruz.com.mx\/wp-content\/uploads\/2023\/02\/Vinissimo-150x150.jpg","keywords":["Cuitl\u00e1huac Garc\u00eda Jim\u00e9nez","Morena","Roc\u00edo Nahle","Veracruz"],"articleSection":["De Opini\u00f3n"],"inLanguage":"es"},{"@type":"WebPage","@id":"https:\/\/lospoliticosveracruz.com\/?p=130022","url":"https:\/\/lospoliticosveracruz.com\/?p=130022","name":"MUCHO POR DEMOSTRAR - Los pol\u00edticos Veracruz","isPartOf":{"@id":"https:\/\/lospoliticosveracruz.com\/#website"},"primaryImageOfPage":{"@id":"https:\/\/lospoliticosveracruz.com\/?p=130022#primaryimage"},"image":{"@id":"https:\/\/lospoliticosveracruz.com\/?p=130022#primaryimage"},"thumbnailUrl":"https:\/\/lospoliticosveracruz.com.mx\/wp-content\/uploads\/2023\/02\/Vinissimo-150x150.jpg","datePublished":"2024-09-18T00:00:27+00:00","dateModified":"2024-09-18T00:01:01+00:00","breadcrumb":{"@id":"https:\/\/lospoliticosveracruz.com\/?p=130022#breadcrumb"},"inLanguage":"es","potentialAction":[{"@type":"ReadAction","target":["https:\/\/lospoliticosveracruz.com\/?p=130022"]}]},{"@type":"ImageObject","inLanguage":"es","@id":"https:\/\/lospoliticosveracruz.com\/?p=130022#primaryimage","url":"https:\/\/lospoliticosveracruz.com.mx\/wp-content\/uploads\/2023\/02\/Vinissimo-150x150.jpg","contentUrl":"https:\/\/lospoliticosveracruz.com.mx\/wp-content\/uploads\/2023\/02\/Vinissimo-150x150.jpg"},{"@type":"BreadcrumbList","@id":"https:\/\/lospoliticosveracruz.com\/?p=130022#breadcrumb","itemListElement":[{"@type":"ListItem","position":1,"name":"Portada","item":"https:\/\/lospoliticosveracruz.com\/"},{"@type":"ListItem","position":2,"name":"MUCHO POR DEMOSTRAR"}]},{"@type":"WebSite","@id":"https:\/\/lospoliticosveracruz.com\/#website","url":"https:\/\/lospoliticosveracruz.com\/","name":"Los pol\u00edticos Veracruz","description":"","publisher":{"@id":"https:\/\/lospoliticosveracruz.com\/#organization"},"potentialAction":[{"@type":"SearchAction","target":{"@type":"EntryPoint","urlTemplate":"https:\/\/lospoliticosveracruz.com\/?s={search_term_string}"},"query-input":{"@type":"PropertyValueSpecification","valueRequired":true,"valueName":"search_term_string"}}],"inLanguage":"es"},{"@type":"Organization","@id":"https:\/\/lospoliticosveracruz.com\/#organization","name":"Los pol\u00edticos Veracruz","url":"https:\/\/lospoliticosveracruz.com\/","logo":{"@type":"ImageObject","inLanguage":"es","@id":"https:\/\/lospoliticosveracruz.com\/#\/schema\/logo\/image\/","url":"https:\/\/lospoliticosveracruz.com\/wp-content\/uploads\/2025\/12\/Logo-Nuevo-LOS-POLITICOS-1.jpg","contentUrl":"https:\/\/lospoliticosveracruz.com\/wp-content\/uploads\/2025\/12\/Logo-Nuevo-LOS-POLITICOS-1.jpg","width":260,"height":70,"caption":"Los pol\u00edticos Veracruz"},"image":{"@id":"https:\/\/lospoliticosveracruz.com\/#\/schema\/logo\/image\/"},"sameAs":["https:\/\/www.facebook.com\/people\/Notimemes-de-los-Polticos\/61565672886568\/","https:\/\/x.com\/LosPoliticosVer"]},{"@type":"Person","@id":"https:\/\/lospoliticosveracruz.com\/#\/schema\/person\/b8702bb0e538456e6efd07080bf2a4a2","name":"Lo viste en Los Pol\u00edticos","image":{"@type":"ImageObject","inLanguage":"es","@id":"https:\/\/secure.gravatar.com\/avatar\/3a8de04a2656d44082be478bd6c086daa447c4651605818287b9532d3d0bd435?s=96&d=mm&r=g","url":"https:\/\/secure.gravatar.com\/avatar\/3a8de04a2656d44082be478bd6c086daa447c4651605818287b9532d3d0bd435?s=96&d=mm&r=g","contentUrl":"https:\/\/secure.gravatar.com\/avatar\/3a8de04a2656d44082be478bd6c086daa447c4651605818287b9532d3d0bd435?s=96&d=mm&r=g","caption":"Lo viste en Los Pol\u00edticos"},"url":"https:\/\/lospoliticosveracruz.com\/?author=2"}]}},"_links":{"self":[{"href":"https:\/\/lospoliticosveracruz.com\/index.php?rest_route=\/wp\/v2\/posts\/130022","targetHints":{"allow":["GET"]}}],"collection":[{"href":"https:\/\/lospoliticosveracruz.com\/index.php?rest_route=\/wp\/v2\/posts"}],"about":[{"href":"https:\/\/lospoliticosveracruz.com\/index.php?rest_route=\/wp\/v2\/types\/post"}],"author":[{"embeddable":true,"href":"https:\/\/lospoliticosveracruz.com\/index.php?rest_route=\/wp\/v2\/users\/2"}],"replies":[{"embeddable":true,"href":"https:\/\/lospoliticosveracruz.com\/index.php?rest_route=%2Fwp%2Fv2%2Fcomments&post=130022"}],"version-history":[{"count":1,"href":"https:\/\/lospoliticosveracruz.com\/index.php?rest_route=\/wp\/v2\/posts\/130022\/revisions"}],"predecessor-version":[{"id":130023,"href":"https:\/\/lospoliticosveracruz.com\/index.php?rest_route=\/wp\/v2\/posts\/130022\/revisions\/130023"}],"wp:attachment":[{"href":"https:\/\/lospoliticosveracruz.com\/index.php?rest_route=%2Fwp%2Fv2%2Fmedia&parent=130022"}],"wp:term":[{"taxonomy":"category","embeddable":true,"href":"https:\/\/lospoliticosveracruz.com\/index.php?rest_route=%2Fwp%2Fv2%2Fcategories&post=130022"},{"taxonomy":"post_tag","embeddable":true,"href":"https:\/\/lospoliticosveracruz.com\/index.php?rest_route=%2Fwp%2Fv2%2Ftags&post=130022"}],"curies":[{"name":"wp","href":"https:\/\/api.w.org\/{rel}","templated":true}]}}