{"id":130036,"date":"2024-09-18T06:17:17","date_gmt":"2024-09-18T11:17:17","guid":{"rendered":"https:\/\/lospoliticosveracruz.com.mx\/?p=130036"},"modified":"2024-09-18T06:17:25","modified_gmt":"2024-09-18T11:17:25","slug":"la-inseguridad-en-veracruz-de-cuitlahuac","status":"publish","type":"post","link":"https:\/\/lospoliticosveracruz.com\/?p=130036","title":{"rendered":"LA INSEGURIDAD EN VERACRUZ DE CUITL\u00c1HUAC"},"content":{"rendered":"\n<p><strong>Ricardo Chua<\/strong><\/p>\n\n\n\n<p><em>Sale y Vale<\/em><\/p>\n\n\n\n<p>Lo minimizar\u00e1n, dir\u00e1n que han bajado los \u00edndices y que todo es culpa de los medios de comunicaci\u00f3n, de sus adversarios, que todo lo magnifican sobre la violencia en Veracruz.. Pero la realidad es que Cuitl\u00e1huac Garc\u00eda, le est\u00e1 dejando a menos de 9 semanas de tomar el poder como gobernadora de Veracruz a Roc\u00edo Nahle.. Una \u00abBOMBA\u00bb DE TIEMPO.. Y a pesar de los 2 millones de votos que le dieron el pasado 2 de junio.. La sociedad no se siente segura en la entidad..<\/p>\n\n\n\n<p>A pesar de que esto no es responsabilidad pol\u00edtica, legal y de gobierno de Roc\u00edo Nahle.. Al menos todav\u00eda no.. Lo que es un hecho es que tomar\u00e1 las riendas de un estado \u00abencendido\u00bb en temas de violencia.. Hay feminicidios que el actual gobernador minimiza.. Lo mismo hace su secretario de Gobierno, Carlos Ju\u00e1rez, que s\u00f3lo quiere quedar bien con Nahle para que le den un cargo donde pueda continuar su \u00abgrilla\u00bb pol\u00edtica que le permita en 2027 ser candidato a diputado federal por Xalapa.. Lo dem\u00e1s no importa..<\/p>\n\n\n\n<p>Roc\u00edo Nahle tendr\u00e1 un \u00abhandicap\u00bb en contra por la manera que le dejar\u00e1n la entidad en materia de inseguridad y los bajos \u00edndices de seguridad aunque Cuitl\u00e1huac y sus funcionarios digan lo contrario.. La semana pasada hubo cr\u00edmenes de menores de edad en Veracruz y el gobernador no quiso entrar al \u00abtoro por los cuernos\u00bb.. Le ech\u00f3 la \u00abpelota\u00bb a la Fiscal\u00eda de Veracruz donde la titular, Ver\u00f3nica Hernandez intenta tener una salida \u00abdigna\u00bb ahora que la nueva Legislatura estatal tome protesta y que posiblemente la remueva.. As\u00ed que lo dem\u00e1s no interesa..<\/p>\n\n\n\n<p>Adem\u00e1s la poblaci\u00f3n en varias regiones de Veracruz ahora tienen que defenderse de los criminales ellos mismos.. Como sucedi\u00f3 ayer en la comunidad de Tetelzingo del municipio de Coscomatepec.. Y las autoridades guardan silencio o llegan al sitio despu\u00e9s de que pasan las situaciones de violencia.. Y qu\u00e9 decir de las ejecuciones y cr\u00edmenes que ocurren a plena luz de d\u00eda como sucedi\u00f3 en Acayucan donde ah\u00ed mismo asesinan a dos mujeres.. M\u00e1s feminicidios y no pasa nada.. El pueblo est\u00e1 feliz.. EST\u00c1N DISFRUTANDO LO VOTADO..<\/p>\n\n\n\n<p>A lo mejor en su defensa, Cuitl\u00e1huac Garc\u00eda dir\u00e1 cualquier argumento que desee para defenderse de que Veracruz se le est\u00e1 \u00abincendiando\u00bb en temas de violencia e inseguridad y que as\u00ed se lo entregar\u00e1 a Roc\u00edo Nahle.. Podr\u00e1 repetir lo que dijo en su Sexto Informe de Gobierno.. En el sentido de que los \u00edndices de delitos han bajado.. Que con Javier Duarte y Miguel \u00c1ngel Yunes hubo hechos violentos y nunca \u00abse dijo nada\u00bb.. Pero esa teor\u00eda se le puede venir abajo porque a Yunes ya no lo puede se\u00f1alar.. Y Duarte ya est\u00e1 muy lejos de su sexenio que finaliza..<\/p>\n\n\n\n<p>Lo malo para \u00e9l como gobernador es que con su sexenio casi finalizando.. \u00c9l como mandatario veracruzano tampoco cumpli\u00f3 las expectativas en esa materia de darle la paz y la seguridad que tanto piden los veracruzanos.. Ya que su administraci\u00f3n estatal tambi\u00e9n simplemente fall\u00f3 en lo que fue la prevenci\u00f3n del delito.. Los secuestros tampoco han parado y hay zonas en Veracruz, que aunque lo nieguen, lo dominan grupos delincuenciales y en donde no te puedes meter o andar por la noche en esos sitios porque te puedes meter en problemas..<\/p>\n\n\n\n<p>No hay que olvidar que tambi\u00e9n en este \u00faltimo tramo de su gobierno.. Hasta pol\u00edticos aliados a la 4T han sufrido hechos de violencia que por desgracia han terminado de manera funesta.. C\u00f3mo es el caso de Amando Solis Guzm\u00e1n, el candidato a diputado local por el PVEM, que despu\u00e9s de ser \u00ablevantado\u00bb en el municipio de \u00c1lamo fue encontrado embolsado y su cuerpo maniatado en una peque\u00f1a comunidad del vecino estado de Puebla al norte de la entidad veracruzana.. Ni los partidos pol\u00edticos se han salvado..<\/p>\n\n\n\n<p>El problema para Cuitl\u00e1huac Garc\u00eda es que todav\u00eda le quedan 10 semanas como gobernador.. Alrededor de dos meses y medio.. Y las cosas en temas de inseguridad y violencia parecen que no paran y que en vez de decrecer esto va creciendo cada d\u00eda.. Las noticias funestas recorren Veracruz de norte a sur.. Ninguna regi\u00f3n se salva.. Por eso, los veracruzanos dicen que los \u00edndices de inseguridad son altos en el Estado y que gran parte de esa culpa la tiene la administraci\u00f3n estatal.. AS\u00cd NI COMO AYUDARLO..<\/p>\n\n\n\n<p>REFLEXI\u00d3N.. Por esta situaci\u00f3n y por la \u00abherencia\u00bb que le dejar\u00e1 al gobierno de Roc\u00edo Nahle.. Es el principal motivo por el cual, Cuitl\u00e1huac Garc\u00eda, se queda al intemperie como una duda.. Ya que cuando a Nahle le toque hacer un balance de como recibi\u00f3 el Estado en sus primeros 100 d\u00edas de gobierno.. Viene la pregunta: \u00bfA qui\u00e9n le echar\u00e1 la culpa de la inseguridad que vive el estado?.. \u00bfC\u00f3mo puede quitarle el golpe a Cuitl\u00e1huac?.. Insistimos que el gobierno de Javier Duarte queda ya muy lejos para culparlo y a Miguel \u00c1ngel Yunes lo va a tener que \u00absaltar\u00bb.. Esa es la disyuntiva en la que Cuitl\u00e1huac est\u00e1 atrapado.. Nahle no va a cargar con ese \u00abmuerto\u00bb.. No es de ella.. EL QUE ENTENDI\u00d3, ENTENDI\u00d3..<\/p>\n","protected":false},"excerpt":{"rendered":"<p>Ricardo Chua Sale y Vale Lo minimizar\u00e1n, dir\u00e1n que han bajado los \u00edndices y que todo es culpa de los medios de comunicaci\u00f3n, de sus adversarios, que todo lo magnifican sobre la violencia en Veracruz.. Pero la realidad es que Cuitl\u00e1huac Garc\u00eda, le est\u00e1 dejando a menos de 9 semanas de tomar el poder como [&hellip;]<\/p>\n","protected":false},"author":2,"featured_media":119817,"comment_status":"closed","ping_status":"closed","sticky":false,"template":"","format":"standard","meta":{"tdm_status":"","tdm_grid_status":"","footnotes":""},"categories":[70],"tags":[618,16345,1563,826,196,1026,3578,195,463],"class_list":{"0":"post-130036","1":"post","2":"type-post","3":"status-publish","4":"format-standard","5":"has-post-thumbnail","7":"category-de-opinion","8":"tag-andres-manuel-lopez-obrador","9":"tag-carlos-juarez-gil","10":"tag-cuitlahuac-garcia-jimenez","11":"tag-feminicidios","12":"tag-inseguridad","13":"tag-morena","14":"tag-rocio-nahle","15":"tag-veracruz","16":"tag-violencia"},"yoast_head":"<!-- This site is optimized with the Yoast SEO plugin v27.4 - https:\/\/yoast.com\/product\/yoast-seo-wordpress\/ -->\n<title>LA INSEGURIDAD EN VERACRUZ DE CUITL\u00c1HUAC - Los pol\u00edticos Veracruz<\/title>\n<meta name=\"robots\" content=\"index, follow, max-snippet:-1, max-image-preview:large, max-video-preview:-1\" \/>\n<link rel=\"canonical\" href=\"https:\/\/lospoliticosveracruz.com\/?p=130036\" \/>\n<meta property=\"og:locale\" content=\"es_ES\" \/>\n<meta property=\"og:type\" content=\"article\" \/>\n<meta property=\"og:title\" content=\"LA INSEGURIDAD EN VERACRUZ DE CUITL\u00c1HUAC - Los pol\u00edticos Veracruz\" \/>\n<meta property=\"og:description\" content=\"Ricardo Chua Sale y Vale Lo minimizar\u00e1n, dir\u00e1n que han bajado los \u00edndices y que todo es culpa de los medios de comunicaci\u00f3n, de sus adversarios, que todo lo magnifican sobre la violencia en Veracruz.. Pero la realidad es que Cuitl\u00e1huac Garc\u00eda, le est\u00e1 dejando a menos de 9 semanas de tomar el poder como [&hellip;]\" \/>\n<meta property=\"og:url\" content=\"https:\/\/lospoliticosveracruz.com\/?p=130036\" \/>\n<meta property=\"og:site_name\" content=\"Los pol\u00edticos Veracruz\" \/>\n<meta property=\"article:publisher\" content=\"https:\/\/www.facebook.com\/people\/Notimemes-de-los-Polticos\/61565672886568\/\" \/>\n<meta property=\"article:published_time\" content=\"2024-09-18T11:17:17+00:00\" \/>\n<meta property=\"article:modified_time\" content=\"2024-09-18T11:17:25+00:00\" \/>\n<meta property=\"og:image\" content=\"https:\/\/lospoliticosveracruz.com\/wp-content\/uploads\/2024\/03\/Ricardo-Chua.jpg\" \/>\n\t<meta property=\"og:image:width\" content=\"1250\" \/>\n\t<meta property=\"og:image:height\" content=\"667\" \/>\n\t<meta property=\"og:image:type\" content=\"image\/jpeg\" \/>\n<meta name=\"author\" content=\"Lo viste en Los Pol\u00edticos\" \/>\n<meta name=\"twitter:card\" content=\"summary_large_image\" \/>\n<meta name=\"twitter:creator\" content=\"@LosPoliticosVer\" \/>\n<meta name=\"twitter:site\" content=\"@LosPoliticosVer\" \/>\n<meta name=\"twitter:label1\" content=\"Escrito por\" \/>\n\t<meta name=\"twitter:data1\" content=\"Lo viste en Los Pol\u00edticos\" \/>\n\t<meta name=\"twitter:label2\" content=\"Tiempo de lectura\" \/>\n\t<meta name=\"twitter:data2\" content=\"5 minutos\" \/>\n<script type=\"application\/ld+json\" class=\"yoast-schema-graph\">{\"@context\":\"https:\\\/\\\/schema.org\",\"@graph\":[{\"@type\":\"Article\",\"@id\":\"https:\\\/\\\/lospoliticosveracruz.com\\\/?p=130036#article\",\"isPartOf\":{\"@id\":\"https:\\\/\\\/lospoliticosveracruz.com\\\/?p=130036\"},\"author\":{\"name\":\"Lo viste en Los Pol\u00edticos\",\"@id\":\"https:\\\/\\\/lospoliticosveracruz.com\\\/#\\\/schema\\\/person\\\/b8702bb0e538456e6efd07080bf2a4a2\"},\"headline\":\"LA INSEGURIDAD EN VERACRUZ DE CUITL\u00c1HUAC\",\"datePublished\":\"2024-09-18T11:17:17+00:00\",\"dateModified\":\"2024-09-18T11:17:25+00:00\",\"mainEntityOfPage\":{\"@id\":\"https:\\\/\\\/lospoliticosveracruz.com\\\/?p=130036\"},\"wordCount\":913,\"publisher\":{\"@id\":\"https:\\\/\\\/lospoliticosveracruz.com\\\/#organization\"},\"image\":{\"@id\":\"https:\\\/\\\/lospoliticosveracruz.com\\\/?p=130036#primaryimage\"},\"thumbnailUrl\":\"https:\\\/\\\/lospoliticosveracruz.com\\\/wp-content\\\/uploads\\\/2024\\\/03\\\/Ricardo-Chua.jpg\",\"keywords\":[\"Andr\u00e9s Manuel L\u00f3pez Obrador\",\"Carlos Ju\u00e1rez Gil\",\"Cuitl\u00e1huac Garc\u00eda Jim\u00e9nez\",\"feminicidios\",\"inseguridad\",\"Morena\",\"Roc\u00edo Nahle\",\"Veracruz\",\"violencia\"],\"articleSection\":[\"De Opini\u00f3n\"],\"inLanguage\":\"es\"},{\"@type\":\"WebPage\",\"@id\":\"https:\\\/\\\/lospoliticosveracruz.com\\\/?p=130036\",\"url\":\"https:\\\/\\\/lospoliticosveracruz.com\\\/?p=130036\",\"name\":\"LA INSEGURIDAD EN VERACRUZ DE CUITL\u00c1HUAC - Los pol\u00edticos Veracruz\",\"isPartOf\":{\"@id\":\"https:\\\/\\\/lospoliticosveracruz.com\\\/#website\"},\"primaryImageOfPage\":{\"@id\":\"https:\\\/\\\/lospoliticosveracruz.com\\\/?p=130036#primaryimage\"},\"image\":{\"@id\":\"https:\\\/\\\/lospoliticosveracruz.com\\\/?p=130036#primaryimage\"},\"thumbnailUrl\":\"https:\\\/\\\/lospoliticosveracruz.com\\\/wp-content\\\/uploads\\\/2024\\\/03\\\/Ricardo-Chua.jpg\",\"datePublished\":\"2024-09-18T11:17:17+00:00\",\"dateModified\":\"2024-09-18T11:17:25+00:00\",\"breadcrumb\":{\"@id\":\"https:\\\/\\\/lospoliticosveracruz.com\\\/?p=130036#breadcrumb\"},\"inLanguage\":\"es\",\"potentialAction\":[{\"@type\":\"ReadAction\",\"target\":[\"https:\\\/\\\/lospoliticosveracruz.com\\\/?p=130036\"]}]},{\"@type\":\"ImageObject\",\"inLanguage\":\"es\",\"@id\":\"https:\\\/\\\/lospoliticosveracruz.com\\\/?p=130036#primaryimage\",\"url\":\"https:\\\/\\\/lospoliticosveracruz.com\\\/wp-content\\\/uploads\\\/2024\\\/03\\\/Ricardo-Chua.jpg\",\"contentUrl\":\"https:\\\/\\\/lospoliticosveracruz.com\\\/wp-content\\\/uploads\\\/2024\\\/03\\\/Ricardo-Chua.jpg\",\"width\":1250,\"height\":667},{\"@type\":\"BreadcrumbList\",\"@id\":\"https:\\\/\\\/lospoliticosveracruz.com\\\/?p=130036#breadcrumb\",\"itemListElement\":[{\"@type\":\"ListItem\",\"position\":1,\"name\":\"Portada\",\"item\":\"https:\\\/\\\/lospoliticosveracruz.com\\\/\"},{\"@type\":\"ListItem\",\"position\":2,\"name\":\"LA INSEGURIDAD EN VERACRUZ DE CUITL\u00c1HUAC\"}]},{\"@type\":\"WebSite\",\"@id\":\"https:\\\/\\\/lospoliticosveracruz.com\\\/#website\",\"url\":\"https:\\\/\\\/lospoliticosveracruz.com\\\/\",\"name\":\"Los pol\u00edticos Veracruz\",\"description\":\"\",\"publisher\":{\"@id\":\"https:\\\/\\\/lospoliticosveracruz.com\\\/#organization\"},\"potentialAction\":[{\"@type\":\"SearchAction\",\"target\":{\"@type\":\"EntryPoint\",\"urlTemplate\":\"https:\\\/\\\/lospoliticosveracruz.com\\\/?s={search_term_string}\"},\"query-input\":{\"@type\":\"PropertyValueSpecification\",\"valueRequired\":true,\"valueName\":\"search_term_string\"}}],\"inLanguage\":\"es\"},{\"@type\":\"Organization\",\"@id\":\"https:\\\/\\\/lospoliticosveracruz.com\\\/#organization\",\"name\":\"Los pol\u00edticos Veracruz\",\"url\":\"https:\\\/\\\/lospoliticosveracruz.com\\\/\",\"logo\":{\"@type\":\"ImageObject\",\"inLanguage\":\"es\",\"@id\":\"https:\\\/\\\/lospoliticosveracruz.com\\\/#\\\/schema\\\/logo\\\/image\\\/\",\"url\":\"https:\\\/\\\/lospoliticosveracruz.com\\\/wp-content\\\/uploads\\\/2025\\\/12\\\/Logo-Nuevo-LOS-POLITICOS-1.jpg\",\"contentUrl\":\"https:\\\/\\\/lospoliticosveracruz.com\\\/wp-content\\\/uploads\\\/2025\\\/12\\\/Logo-Nuevo-LOS-POLITICOS-1.jpg\",\"width\":260,\"height\":70,\"caption\":\"Los pol\u00edticos Veracruz\"},\"image\":{\"@id\":\"https:\\\/\\\/lospoliticosveracruz.com\\\/#\\\/schema\\\/logo\\\/image\\\/\"},\"sameAs\":[\"https:\\\/\\\/www.facebook.com\\\/people\\\/Notimemes-de-los-Polticos\\\/61565672886568\\\/\",\"https:\\\/\\\/x.com\\\/LosPoliticosVer\"]},{\"@type\":\"Person\",\"@id\":\"https:\\\/\\\/lospoliticosveracruz.com\\\/#\\\/schema\\\/person\\\/b8702bb0e538456e6efd07080bf2a4a2\",\"name\":\"Lo viste en Los Pol\u00edticos\",\"image\":{\"@type\":\"ImageObject\",\"inLanguage\":\"es\",\"@id\":\"https:\\\/\\\/secure.gravatar.com\\\/avatar\\\/3a8de04a2656d44082be478bd6c086daa447c4651605818287b9532d3d0bd435?s=96&d=mm&r=g\",\"url\":\"https:\\\/\\\/secure.gravatar.com\\\/avatar\\\/3a8de04a2656d44082be478bd6c086daa447c4651605818287b9532d3d0bd435?s=96&d=mm&r=g\",\"contentUrl\":\"https:\\\/\\\/secure.gravatar.com\\\/avatar\\\/3a8de04a2656d44082be478bd6c086daa447c4651605818287b9532d3d0bd435?s=96&d=mm&r=g\",\"caption\":\"Lo viste en Los Pol\u00edticos\"},\"url\":\"https:\\\/\\\/lospoliticosveracruz.com\\\/?author=2\"}]}<\/script>\n<!-- \/ Yoast SEO plugin. -->","yoast_head_json":{"title":"LA INSEGURIDAD EN VERACRUZ DE CUITL\u00c1HUAC - Los pol\u00edticos Veracruz","robots":{"index":"index","follow":"follow","max-snippet":"max-snippet:-1","max-image-preview":"max-image-preview:large","max-video-preview":"max-video-preview:-1"},"canonical":"https:\/\/lospoliticosveracruz.com\/?p=130036","og_locale":"es_ES","og_type":"article","og_title":"LA INSEGURIDAD EN VERACRUZ DE CUITL\u00c1HUAC - Los pol\u00edticos Veracruz","og_description":"Ricardo Chua Sale y Vale Lo minimizar\u00e1n, dir\u00e1n que han bajado los \u00edndices y que todo es culpa de los medios de comunicaci\u00f3n, de sus adversarios, que todo lo magnifican sobre la violencia en Veracruz.. Pero la realidad es que Cuitl\u00e1huac Garc\u00eda, le est\u00e1 dejando a menos de 9 semanas de tomar el poder como [&hellip;]","og_url":"https:\/\/lospoliticosveracruz.com\/?p=130036","og_site_name":"Los pol\u00edticos Veracruz","article_publisher":"https:\/\/www.facebook.com\/people\/Notimemes-de-los-Polticos\/61565672886568\/","article_published_time":"2024-09-18T11:17:17+00:00","article_modified_time":"2024-09-18T11:17:25+00:00","og_image":[{"width":1250,"height":667,"url":"https:\/\/lospoliticosveracruz.com\/wp-content\/uploads\/2024\/03\/Ricardo-Chua.jpg","type":"image\/jpeg"}],"author":"Lo viste en Los Pol\u00edticos","twitter_card":"summary_large_image","twitter_creator":"@LosPoliticosVer","twitter_site":"@LosPoliticosVer","twitter_misc":{"Escrito por":"Lo viste en Los Pol\u00edticos","Tiempo de lectura":"5 minutos"},"schema":{"@context":"https:\/\/schema.org","@graph":[{"@type":"Article","@id":"https:\/\/lospoliticosveracruz.com\/?p=130036#article","isPartOf":{"@id":"https:\/\/lospoliticosveracruz.com\/?p=130036"},"author":{"name":"Lo viste en Los Pol\u00edticos","@id":"https:\/\/lospoliticosveracruz.com\/#\/schema\/person\/b8702bb0e538456e6efd07080bf2a4a2"},"headline":"LA INSEGURIDAD EN VERACRUZ DE CUITL\u00c1HUAC","datePublished":"2024-09-18T11:17:17+00:00","dateModified":"2024-09-18T11:17:25+00:00","mainEntityOfPage":{"@id":"https:\/\/lospoliticosveracruz.com\/?p=130036"},"wordCount":913,"publisher":{"@id":"https:\/\/lospoliticosveracruz.com\/#organization"},"image":{"@id":"https:\/\/lospoliticosveracruz.com\/?p=130036#primaryimage"},"thumbnailUrl":"https:\/\/lospoliticosveracruz.com\/wp-content\/uploads\/2024\/03\/Ricardo-Chua.jpg","keywords":["Andr\u00e9s Manuel L\u00f3pez Obrador","Carlos Ju\u00e1rez Gil","Cuitl\u00e1huac Garc\u00eda Jim\u00e9nez","feminicidios","inseguridad","Morena","Roc\u00edo Nahle","Veracruz","violencia"],"articleSection":["De Opini\u00f3n"],"inLanguage":"es"},{"@type":"WebPage","@id":"https:\/\/lospoliticosveracruz.com\/?p=130036","url":"https:\/\/lospoliticosveracruz.com\/?p=130036","name":"LA INSEGURIDAD EN VERACRUZ DE CUITL\u00c1HUAC - Los pol\u00edticos Veracruz","isPartOf":{"@id":"https:\/\/lospoliticosveracruz.com\/#website"},"primaryImageOfPage":{"@id":"https:\/\/lospoliticosveracruz.com\/?p=130036#primaryimage"},"image":{"@id":"https:\/\/lospoliticosveracruz.com\/?p=130036#primaryimage"},"thumbnailUrl":"https:\/\/lospoliticosveracruz.com\/wp-content\/uploads\/2024\/03\/Ricardo-Chua.jpg","datePublished":"2024-09-18T11:17:17+00:00","dateModified":"2024-09-18T11:17:25+00:00","breadcrumb":{"@id":"https:\/\/lospoliticosveracruz.com\/?p=130036#breadcrumb"},"inLanguage":"es","potentialAction":[{"@type":"ReadAction","target":["https:\/\/lospoliticosveracruz.com\/?p=130036"]}]},{"@type":"ImageObject","inLanguage":"es","@id":"https:\/\/lospoliticosveracruz.com\/?p=130036#primaryimage","url":"https:\/\/lospoliticosveracruz.com\/wp-content\/uploads\/2024\/03\/Ricardo-Chua.jpg","contentUrl":"https:\/\/lospoliticosveracruz.com\/wp-content\/uploads\/2024\/03\/Ricardo-Chua.jpg","width":1250,"height":667},{"@type":"BreadcrumbList","@id":"https:\/\/lospoliticosveracruz.com\/?p=130036#breadcrumb","itemListElement":[{"@type":"ListItem","position":1,"name":"Portada","item":"https:\/\/lospoliticosveracruz.com\/"},{"@type":"ListItem","position":2,"name":"LA INSEGURIDAD EN VERACRUZ DE CUITL\u00c1HUAC"}]},{"@type":"WebSite","@id":"https:\/\/lospoliticosveracruz.com\/#website","url":"https:\/\/lospoliticosveracruz.com\/","name":"Los pol\u00edticos Veracruz","description":"","publisher":{"@id":"https:\/\/lospoliticosveracruz.com\/#organization"},"potentialAction":[{"@type":"SearchAction","target":{"@type":"EntryPoint","urlTemplate":"https:\/\/lospoliticosveracruz.com\/?s={search_term_string}"},"query-input":{"@type":"PropertyValueSpecification","valueRequired":true,"valueName":"search_term_string"}}],"inLanguage":"es"},{"@type":"Organization","@id":"https:\/\/lospoliticosveracruz.com\/#organization","name":"Los pol\u00edticos Veracruz","url":"https:\/\/lospoliticosveracruz.com\/","logo":{"@type":"ImageObject","inLanguage":"es","@id":"https:\/\/lospoliticosveracruz.com\/#\/schema\/logo\/image\/","url":"https:\/\/lospoliticosveracruz.com\/wp-content\/uploads\/2025\/12\/Logo-Nuevo-LOS-POLITICOS-1.jpg","contentUrl":"https:\/\/lospoliticosveracruz.com\/wp-content\/uploads\/2025\/12\/Logo-Nuevo-LOS-POLITICOS-1.jpg","width":260,"height":70,"caption":"Los pol\u00edticos Veracruz"},"image":{"@id":"https:\/\/lospoliticosveracruz.com\/#\/schema\/logo\/image\/"},"sameAs":["https:\/\/www.facebook.com\/people\/Notimemes-de-los-Polticos\/61565672886568\/","https:\/\/x.com\/LosPoliticosVer"]},{"@type":"Person","@id":"https:\/\/lospoliticosveracruz.com\/#\/schema\/person\/b8702bb0e538456e6efd07080bf2a4a2","name":"Lo viste en Los Pol\u00edticos","image":{"@type":"ImageObject","inLanguage":"es","@id":"https:\/\/secure.gravatar.com\/avatar\/3a8de04a2656d44082be478bd6c086daa447c4651605818287b9532d3d0bd435?s=96&d=mm&r=g","url":"https:\/\/secure.gravatar.com\/avatar\/3a8de04a2656d44082be478bd6c086daa447c4651605818287b9532d3d0bd435?s=96&d=mm&r=g","contentUrl":"https:\/\/secure.gravatar.com\/avatar\/3a8de04a2656d44082be478bd6c086daa447c4651605818287b9532d3d0bd435?s=96&d=mm&r=g","caption":"Lo viste en Los Pol\u00edticos"},"url":"https:\/\/lospoliticosveracruz.com\/?author=2"}]}},"_links":{"self":[{"href":"https:\/\/lospoliticosveracruz.com\/index.php?rest_route=\/wp\/v2\/posts\/130036","targetHints":{"allow":["GET"]}}],"collection":[{"href":"https:\/\/lospoliticosveracruz.com\/index.php?rest_route=\/wp\/v2\/posts"}],"about":[{"href":"https:\/\/lospoliticosveracruz.com\/index.php?rest_route=\/wp\/v2\/types\/post"}],"author":[{"embeddable":true,"href":"https:\/\/lospoliticosveracruz.com\/index.php?rest_route=\/wp\/v2\/users\/2"}],"replies":[{"embeddable":true,"href":"https:\/\/lospoliticosveracruz.com\/index.php?rest_route=%2Fwp%2Fv2%2Fcomments&post=130036"}],"version-history":[{"count":1,"href":"https:\/\/lospoliticosveracruz.com\/index.php?rest_route=\/wp\/v2\/posts\/130036\/revisions"}],"predecessor-version":[{"id":130037,"href":"https:\/\/lospoliticosveracruz.com\/index.php?rest_route=\/wp\/v2\/posts\/130036\/revisions\/130037"}],"wp:featuredmedia":[{"embeddable":true,"href":"https:\/\/lospoliticosveracruz.com\/index.php?rest_route=\/wp\/v2\/media\/119817"}],"wp:attachment":[{"href":"https:\/\/lospoliticosveracruz.com\/index.php?rest_route=%2Fwp%2Fv2%2Fmedia&parent=130036"}],"wp:term":[{"taxonomy":"category","embeddable":true,"href":"https:\/\/lospoliticosveracruz.com\/index.php?rest_route=%2Fwp%2Fv2%2Fcategories&post=130036"},{"taxonomy":"post_tag","embeddable":true,"href":"https:\/\/lospoliticosveracruz.com\/index.php?rest_route=%2Fwp%2Fv2%2Ftags&post=130036"}],"curies":[{"name":"wp","href":"https:\/\/api.w.org\/{rel}","templated":true}]}}