{"id":130153,"date":"2024-09-20T12:48:09","date_gmt":"2024-09-20T17:48:09","guid":{"rendered":"https:\/\/lospoliticosveracruz.com.mx\/?p=130153"},"modified":"2024-09-20T12:48:17","modified_gmt":"2024-09-20T17:48:17","slug":"financieras-clon-un-caso-para-la-arana","status":"publish","type":"post","link":"https:\/\/lospoliticosveracruz.com\/?p=130153","title":{"rendered":"FINANCIERAS CLON, UN CASO PARA LA ARA\u00d1A"},"content":{"rendered":"\n<p><strong>Teresa Carbajal<br><\/strong><em>Debo, no niego; pago, lo justo<br><\/em><\/p>\n\n\n\n<p>Pues si bien no es un nuevo negocio de defraudaci\u00f3n, lo cierto es que es un caso no resuelto el de las Financieras que son clonadas, al imitar su nombre, colores institucionales y logotipos, para suplantar a las verdaderas.<br>\u00bfDe qu\u00e9 se trata el asunto de las financieras clon? Se trata de empresas fantasma que suplantan o se hacen pasar por financieras registradas en el Sistema de Registro de Prestadores de Servicios Financieros (Sipres); y que sin su autorizaci\u00f3n usan su nombre e imagen, con algunos peque\u00f1os cambios, para causar confusi\u00f3n en quienes buscan obtener cr\u00e9ditos o financiamientos.<\/p>\n\n\n<div class=\"wp-block-image\">\n<figure class=\"alignleft size-thumbnail\"><a href=\"https:\/\/lospoliticosveracruz.com.mx\/wp-content\/uploads\/2023\/02\/Vinissimo.jpg\"><img decoding=\"async\" src=\"https:\/\/lospoliticosveracruz.com.mx\/wp-content\/uploads\/2023\/02\/Vinissimo-150x150.jpg\" alt=\"\" class=\"wp-image-102752\"\/><\/a><\/figure>\n<\/div>\n\n\n<p><br>Tan solo al mes de julio de 2023, con datos de la Condusef sumaron un total de 123 instituciones afectadas por el uso indebido de su nombre comercial e imagen que incluye logotipo, incluso de sus datos fiscales o administrativos.<br>Datos que seguramente fueron bajados de internet por los defraudadores, y quiz\u00e1 de ese mismo sistema p\u00fablico de registro de prestadores, para ser usados indebidamente.<br>Pero en realidad, \u00bfQui\u00e9nes son los verdaderos defraudados con este modo de operar? Evidentemente los clientes, pues se acercan a estas \u201cempresas\u201d o personas, bajo el enga\u00f1o o la apariencia de que se trata de una financiera registrada, legal, \u2018derecha\u2019 que tiene todas las autorizaciones legales, para operar en el mercado de los pr\u00e9stamos.<br>Enseguida, les pedir\u00e1n sus datos personales, sus datos de cuentas bancarias si es que las tienen y desde luego les pedir\u00e1n anticipos para poder darles los cr\u00e9ditos.<br>En los \u00faltimos casos registrados en Xalapa, tenemos el de un matrimonio al que incluso le hicieron cargos en sus tarjetas de cr\u00e9ditos, pues tomaron sus datos bancarios para \u201cgarantizar\u201d la llegada o autorizaci\u00f3n del pr\u00e9stamo.<br>No sin antes pedirles un enganche de siete mil pesos, como parte del tr\u00e1mite del cr\u00e9dito. Horas despu\u00e9s de haberse retirado del lugar, se percataron de cargos en sus tarjetas de m\u00e1s de trece mil pesos, aparte de los siete mil que les ped\u00edan depositar.<br>\u00bfY que, c\u00f3mo fue? pues se\u00f1alan las v\u00edctimas que despu\u00e9s de navegar por internet en busca de un pr\u00e9stamo, recibieron el contacto de una financiera clon (sin que hasta ese momento lo supieran) para ofrecerles hacer una cita y revisar sus datos, previo a otorgarles un cr\u00e9dito.<br>La cita se dar\u00eda en una plaza comercial de conocida zona residencial en esta ciudad, oficinas de lujo, en las que no cab\u00eda la menor duda, estaban legalmente establecidas, con logotipos y la imagen de la financiera real.<br>Las dudas que pudieron haber tenido antes de acceder a la cita se terminaron, cuando el joven matrimonio ingres\u00f3 al portal de la Condusef y al revisar el Sistema de Registro de Prestadores de Servicios Financieros supieron (confirmaron) que se trataba de una empresa de pr\u00e9stamos autorizada por la autoridad.<br>Y no fue sino, despu\u00e9s de ocurrido el fraude que detuvieron su vista para advertir que eran dos letras las que hac\u00edan la diferencia entre el nombre real de la financiera con la suplantaci\u00f3n que hicieron los ladrones. Salvo ello, todo lo dem\u00e1s coincid\u00eda.<br>Fue la insistencia posterior que tuvieron a su whatsapp con la cobranza de los siete mil pesos, y ni luces de la fecha de cuando les dar\u00edan el pr\u00e9stamo lo que les hizo encender la chispa de la desconfianza, despu\u00e9s de eso, el robo de los m\u00e1s de trece mil pesos.<br>\u00bfCu\u00e1l es el papel de las autoridades para atender, este tipo de casos?, \u00bfLo es acaso, solo llevar la cuenta y registrar los nombres de las financieras que son clonadas y usadas para defraudar?<br>\u00bfAdvertir a la poblaci\u00f3n de, que por favor, pongan atenci\u00f3n a lo que hacen y que la urgencia de un pr\u00e9stamo no les nuble la raz\u00f3n para advertir cu\u00e1ntas letras faltan en el nombre que aparezca en el registro y el de aquella que ha entrado en contacto con el cliente? Como si se tratara de un juego de esos de \u201cencuentre las diferencias\u201d.<br>\u00a1Desde luego que no! El papel de las autoridades es el de erradicar el problema para que nadie, para que ninguna persona m\u00e1s en situaci\u00f3n de necesidad o urgencia caiga en este tipo de enga\u00f1os.<br>Castigar a los que enga\u00f1an, y no rega\u00f1ar a los enga\u00f1ados; \u00a1ese es el papel que necesitamos hagan nuestros defensores!, \u00a1\u00bfc\u00f3mo es posible que alguien, un d\u00eda cualquiera pueda poner su \u201cchangarro de fraudes\u201d a la luz del d\u00eda sin que nadie haga nada\u2026?!<br>\u00danase ya, a la Jornada Estatal para la Defensa del Patrimonio Familiar 2281148502 visite www.elbarzonrc.org Contacte elbarzonrc@yahoo.com.mx, O s\u00edgame en @terecarbajal<\/p>\n","protected":false},"excerpt":{"rendered":"<p>Teresa CarbajalDebo, no niego; pago, lo justo Pues si bien no es un nuevo negocio de defraudaci\u00f3n, lo cierto es que es un caso no resuelto el de las Financieras que son clonadas, al imitar su nombre, colores institucionales y logotipos, para suplantar a las verdaderas.\u00bfDe qu\u00e9 se trata el asunto de las financieras clon? [&hellip;]<\/p>\n","protected":false},"author":2,"featured_media":119935,"comment_status":"closed","ping_status":"closed","sticky":false,"template":"","format":"standard","meta":{"tdm_status":"","tdm_grid_status":"","footnotes":""},"categories":[70],"tags":[8002,41811,41812,15570],"class_list":{"0":"post-130153","1":"post","2":"type-post","3":"status-publish","4":"format-standard","5":"has-post-thumbnail","7":"category-de-opinion","8":"tag-condusef","9":"tag-financieras-clon","10":"tag-prestadores-de-servicios-financieros","11":"tag-teresa-carbajal"},"yoast_head":"<!-- This site is optimized with the Yoast SEO plugin v27.4 - https:\/\/yoast.com\/product\/yoast-seo-wordpress\/ -->\n<title>FINANCIERAS CLON, UN CASO PARA LA ARA\u00d1A - Los pol\u00edticos Veracruz<\/title>\n<meta name=\"robots\" content=\"index, follow, max-snippet:-1, max-image-preview:large, max-video-preview:-1\" \/>\n<link rel=\"canonical\" href=\"https:\/\/lospoliticosveracruz.com\/?p=130153\" \/>\n<meta property=\"og:locale\" content=\"es_ES\" \/>\n<meta property=\"og:type\" content=\"article\" \/>\n<meta property=\"og:title\" content=\"FINANCIERAS CLON, UN CASO PARA LA ARA\u00d1A - Los pol\u00edticos Veracruz\" \/>\n<meta property=\"og:description\" content=\"Teresa CarbajalDebo, no niego; pago, lo justo Pues si bien no es un nuevo negocio de defraudaci\u00f3n, lo cierto es que es un caso no resuelto el de las Financieras que son clonadas, al imitar su nombre, colores institucionales y logotipos, para suplantar a las verdaderas.\u00bfDe qu\u00e9 se trata el asunto de las financieras clon? [&hellip;]\" \/>\n<meta property=\"og:url\" content=\"https:\/\/lospoliticosveracruz.com\/?p=130153\" \/>\n<meta property=\"og:site_name\" content=\"Los pol\u00edticos Veracruz\" \/>\n<meta property=\"article:publisher\" content=\"https:\/\/www.facebook.com\/people\/Notimemes-de-los-Polticos\/61565672886568\/\" \/>\n<meta property=\"article:published_time\" content=\"2024-09-20T17:48:09+00:00\" \/>\n<meta property=\"article:modified_time\" content=\"2024-09-20T17:48:17+00:00\" \/>\n<meta property=\"og:image\" content=\"https:\/\/lospoliticosveracruz.com\/wp-content\/uploads\/2024\/03\/Teresa-Carbajal.jpg\" \/>\n\t<meta property=\"og:image:width\" content=\"1250\" \/>\n\t<meta property=\"og:image:height\" content=\"667\" \/>\n\t<meta property=\"og:image:type\" content=\"image\/jpeg\" \/>\n<meta name=\"author\" content=\"Lo viste en Los Pol\u00edticos\" \/>\n<meta name=\"twitter:card\" content=\"summary_large_image\" \/>\n<meta name=\"twitter:creator\" content=\"@LosPoliticosVer\" \/>\n<meta name=\"twitter:site\" content=\"@LosPoliticosVer\" \/>\n<meta name=\"twitter:label1\" content=\"Escrito por\" \/>\n\t<meta name=\"twitter:data1\" content=\"Lo viste en Los Pol\u00edticos\" \/>\n\t<meta name=\"twitter:label2\" content=\"Tiempo de lectura\" \/>\n\t<meta name=\"twitter:data2\" content=\"4 minutos\" \/>\n<script type=\"application\/ld+json\" class=\"yoast-schema-graph\">{\"@context\":\"https:\\\/\\\/schema.org\",\"@graph\":[{\"@type\":\"Article\",\"@id\":\"https:\\\/\\\/lospoliticosveracruz.com\\\/?p=130153#article\",\"isPartOf\":{\"@id\":\"https:\\\/\\\/lospoliticosveracruz.com\\\/?p=130153\"},\"author\":{\"name\":\"Lo viste en Los Pol\u00edticos\",\"@id\":\"https:\\\/\\\/lospoliticosveracruz.com\\\/#\\\/schema\\\/person\\\/b8702bb0e538456e6efd07080bf2a4a2\"},\"headline\":\"FINANCIERAS CLON, UN CASO PARA LA ARA\u00d1A\",\"datePublished\":\"2024-09-20T17:48:09+00:00\",\"dateModified\":\"2024-09-20T17:48:17+00:00\",\"mainEntityOfPage\":{\"@id\":\"https:\\\/\\\/lospoliticosveracruz.com\\\/?p=130153\"},\"wordCount\":825,\"publisher\":{\"@id\":\"https:\\\/\\\/lospoliticosveracruz.com\\\/#organization\"},\"image\":{\"@id\":\"https:\\\/\\\/lospoliticosveracruz.com\\\/?p=130153#primaryimage\"},\"thumbnailUrl\":\"https:\\\/\\\/lospoliticosveracruz.com\\\/wp-content\\\/uploads\\\/2024\\\/03\\\/Teresa-Carbajal.jpg\",\"keywords\":[\"Condusef\",\"financieras clon\",\"Prestadores de Servicios Financieros\",\"Teresa Carbajal\"],\"articleSection\":[\"De Opini\u00f3n\"],\"inLanguage\":\"es\"},{\"@type\":\"WebPage\",\"@id\":\"https:\\\/\\\/lospoliticosveracruz.com\\\/?p=130153\",\"url\":\"https:\\\/\\\/lospoliticosveracruz.com\\\/?p=130153\",\"name\":\"FINANCIERAS CLON, UN CASO PARA LA ARA\u00d1A - Los pol\u00edticos Veracruz\",\"isPartOf\":{\"@id\":\"https:\\\/\\\/lospoliticosveracruz.com\\\/#website\"},\"primaryImageOfPage\":{\"@id\":\"https:\\\/\\\/lospoliticosveracruz.com\\\/?p=130153#primaryimage\"},\"image\":{\"@id\":\"https:\\\/\\\/lospoliticosveracruz.com\\\/?p=130153#primaryimage\"},\"thumbnailUrl\":\"https:\\\/\\\/lospoliticosveracruz.com\\\/wp-content\\\/uploads\\\/2024\\\/03\\\/Teresa-Carbajal.jpg\",\"datePublished\":\"2024-09-20T17:48:09+00:00\",\"dateModified\":\"2024-09-20T17:48:17+00:00\",\"breadcrumb\":{\"@id\":\"https:\\\/\\\/lospoliticosveracruz.com\\\/?p=130153#breadcrumb\"},\"inLanguage\":\"es\",\"potentialAction\":[{\"@type\":\"ReadAction\",\"target\":[\"https:\\\/\\\/lospoliticosveracruz.com\\\/?p=130153\"]}]},{\"@type\":\"ImageObject\",\"inLanguage\":\"es\",\"@id\":\"https:\\\/\\\/lospoliticosveracruz.com\\\/?p=130153#primaryimage\",\"url\":\"https:\\\/\\\/lospoliticosveracruz.com\\\/wp-content\\\/uploads\\\/2024\\\/03\\\/Teresa-Carbajal.jpg\",\"contentUrl\":\"https:\\\/\\\/lospoliticosveracruz.com\\\/wp-content\\\/uploads\\\/2024\\\/03\\\/Teresa-Carbajal.jpg\",\"width\":1250,\"height\":667},{\"@type\":\"BreadcrumbList\",\"@id\":\"https:\\\/\\\/lospoliticosveracruz.com\\\/?p=130153#breadcrumb\",\"itemListElement\":[{\"@type\":\"ListItem\",\"position\":1,\"name\":\"Portada\",\"item\":\"https:\\\/\\\/lospoliticosveracruz.com\\\/\"},{\"@type\":\"ListItem\",\"position\":2,\"name\":\"FINANCIERAS CLON, UN CASO PARA LA ARA\u00d1A\"}]},{\"@type\":\"WebSite\",\"@id\":\"https:\\\/\\\/lospoliticosveracruz.com\\\/#website\",\"url\":\"https:\\\/\\\/lospoliticosveracruz.com\\\/\",\"name\":\"Los pol\u00edticos Veracruz\",\"description\":\"\",\"publisher\":{\"@id\":\"https:\\\/\\\/lospoliticosveracruz.com\\\/#organization\"},\"potentialAction\":[{\"@type\":\"SearchAction\",\"target\":{\"@type\":\"EntryPoint\",\"urlTemplate\":\"https:\\\/\\\/lospoliticosveracruz.com\\\/?s={search_term_string}\"},\"query-input\":{\"@type\":\"PropertyValueSpecification\",\"valueRequired\":true,\"valueName\":\"search_term_string\"}}],\"inLanguage\":\"es\"},{\"@type\":\"Organization\",\"@id\":\"https:\\\/\\\/lospoliticosveracruz.com\\\/#organization\",\"name\":\"Los pol\u00edticos Veracruz\",\"url\":\"https:\\\/\\\/lospoliticosveracruz.com\\\/\",\"logo\":{\"@type\":\"ImageObject\",\"inLanguage\":\"es\",\"@id\":\"https:\\\/\\\/lospoliticosveracruz.com\\\/#\\\/schema\\\/logo\\\/image\\\/\",\"url\":\"https:\\\/\\\/lospoliticosveracruz.com\\\/wp-content\\\/uploads\\\/2025\\\/12\\\/Logo-Nuevo-LOS-POLITICOS-1.jpg\",\"contentUrl\":\"https:\\\/\\\/lospoliticosveracruz.com\\\/wp-content\\\/uploads\\\/2025\\\/12\\\/Logo-Nuevo-LOS-POLITICOS-1.jpg\",\"width\":260,\"height\":70,\"caption\":\"Los pol\u00edticos Veracruz\"},\"image\":{\"@id\":\"https:\\\/\\\/lospoliticosveracruz.com\\\/#\\\/schema\\\/logo\\\/image\\\/\"},\"sameAs\":[\"https:\\\/\\\/www.facebook.com\\\/people\\\/Notimemes-de-los-Polticos\\\/61565672886568\\\/\",\"https:\\\/\\\/x.com\\\/LosPoliticosVer\"]},{\"@type\":\"Person\",\"@id\":\"https:\\\/\\\/lospoliticosveracruz.com\\\/#\\\/schema\\\/person\\\/b8702bb0e538456e6efd07080bf2a4a2\",\"name\":\"Lo viste en Los Pol\u00edticos\",\"image\":{\"@type\":\"ImageObject\",\"inLanguage\":\"es\",\"@id\":\"https:\\\/\\\/secure.gravatar.com\\\/avatar\\\/3a8de04a2656d44082be478bd6c086daa447c4651605818287b9532d3d0bd435?s=96&d=mm&r=g\",\"url\":\"https:\\\/\\\/secure.gravatar.com\\\/avatar\\\/3a8de04a2656d44082be478bd6c086daa447c4651605818287b9532d3d0bd435?s=96&d=mm&r=g\",\"contentUrl\":\"https:\\\/\\\/secure.gravatar.com\\\/avatar\\\/3a8de04a2656d44082be478bd6c086daa447c4651605818287b9532d3d0bd435?s=96&d=mm&r=g\",\"caption\":\"Lo viste en Los Pol\u00edticos\"},\"url\":\"https:\\\/\\\/lospoliticosveracruz.com\\\/?author=2\"}]}<\/script>\n<!-- \/ Yoast SEO plugin. -->","yoast_head_json":{"title":"FINANCIERAS CLON, UN CASO PARA LA ARA\u00d1A - Los pol\u00edticos Veracruz","robots":{"index":"index","follow":"follow","max-snippet":"max-snippet:-1","max-image-preview":"max-image-preview:large","max-video-preview":"max-video-preview:-1"},"canonical":"https:\/\/lospoliticosveracruz.com\/?p=130153","og_locale":"es_ES","og_type":"article","og_title":"FINANCIERAS CLON, UN CASO PARA LA ARA\u00d1A - Los pol\u00edticos Veracruz","og_description":"Teresa CarbajalDebo, no niego; pago, lo justo Pues si bien no es un nuevo negocio de defraudaci\u00f3n, lo cierto es que es un caso no resuelto el de las Financieras que son clonadas, al imitar su nombre, colores institucionales y logotipos, para suplantar a las verdaderas.\u00bfDe qu\u00e9 se trata el asunto de las financieras clon? [&hellip;]","og_url":"https:\/\/lospoliticosveracruz.com\/?p=130153","og_site_name":"Los pol\u00edticos Veracruz","article_publisher":"https:\/\/www.facebook.com\/people\/Notimemes-de-los-Polticos\/61565672886568\/","article_published_time":"2024-09-20T17:48:09+00:00","article_modified_time":"2024-09-20T17:48:17+00:00","og_image":[{"width":1250,"height":667,"url":"https:\/\/lospoliticosveracruz.com\/wp-content\/uploads\/2024\/03\/Teresa-Carbajal.jpg","type":"image\/jpeg"}],"author":"Lo viste en Los Pol\u00edticos","twitter_card":"summary_large_image","twitter_creator":"@LosPoliticosVer","twitter_site":"@LosPoliticosVer","twitter_misc":{"Escrito por":"Lo viste en Los Pol\u00edticos","Tiempo de lectura":"4 minutos"},"schema":{"@context":"https:\/\/schema.org","@graph":[{"@type":"Article","@id":"https:\/\/lospoliticosveracruz.com\/?p=130153#article","isPartOf":{"@id":"https:\/\/lospoliticosveracruz.com\/?p=130153"},"author":{"name":"Lo viste en Los Pol\u00edticos","@id":"https:\/\/lospoliticosveracruz.com\/#\/schema\/person\/b8702bb0e538456e6efd07080bf2a4a2"},"headline":"FINANCIERAS CLON, UN CASO PARA LA ARA\u00d1A","datePublished":"2024-09-20T17:48:09+00:00","dateModified":"2024-09-20T17:48:17+00:00","mainEntityOfPage":{"@id":"https:\/\/lospoliticosveracruz.com\/?p=130153"},"wordCount":825,"publisher":{"@id":"https:\/\/lospoliticosveracruz.com\/#organization"},"image":{"@id":"https:\/\/lospoliticosveracruz.com\/?p=130153#primaryimage"},"thumbnailUrl":"https:\/\/lospoliticosveracruz.com\/wp-content\/uploads\/2024\/03\/Teresa-Carbajal.jpg","keywords":["Condusef","financieras clon","Prestadores de Servicios Financieros","Teresa Carbajal"],"articleSection":["De Opini\u00f3n"],"inLanguage":"es"},{"@type":"WebPage","@id":"https:\/\/lospoliticosveracruz.com\/?p=130153","url":"https:\/\/lospoliticosveracruz.com\/?p=130153","name":"FINANCIERAS CLON, UN CASO PARA LA ARA\u00d1A - Los pol\u00edticos Veracruz","isPartOf":{"@id":"https:\/\/lospoliticosveracruz.com\/#website"},"primaryImageOfPage":{"@id":"https:\/\/lospoliticosveracruz.com\/?p=130153#primaryimage"},"image":{"@id":"https:\/\/lospoliticosveracruz.com\/?p=130153#primaryimage"},"thumbnailUrl":"https:\/\/lospoliticosveracruz.com\/wp-content\/uploads\/2024\/03\/Teresa-Carbajal.jpg","datePublished":"2024-09-20T17:48:09+00:00","dateModified":"2024-09-20T17:48:17+00:00","breadcrumb":{"@id":"https:\/\/lospoliticosveracruz.com\/?p=130153#breadcrumb"},"inLanguage":"es","potentialAction":[{"@type":"ReadAction","target":["https:\/\/lospoliticosveracruz.com\/?p=130153"]}]},{"@type":"ImageObject","inLanguage":"es","@id":"https:\/\/lospoliticosveracruz.com\/?p=130153#primaryimage","url":"https:\/\/lospoliticosveracruz.com\/wp-content\/uploads\/2024\/03\/Teresa-Carbajal.jpg","contentUrl":"https:\/\/lospoliticosveracruz.com\/wp-content\/uploads\/2024\/03\/Teresa-Carbajal.jpg","width":1250,"height":667},{"@type":"BreadcrumbList","@id":"https:\/\/lospoliticosveracruz.com\/?p=130153#breadcrumb","itemListElement":[{"@type":"ListItem","position":1,"name":"Portada","item":"https:\/\/lospoliticosveracruz.com\/"},{"@type":"ListItem","position":2,"name":"FINANCIERAS CLON, UN CASO PARA LA ARA\u00d1A"}]},{"@type":"WebSite","@id":"https:\/\/lospoliticosveracruz.com\/#website","url":"https:\/\/lospoliticosveracruz.com\/","name":"Los pol\u00edticos Veracruz","description":"","publisher":{"@id":"https:\/\/lospoliticosveracruz.com\/#organization"},"potentialAction":[{"@type":"SearchAction","target":{"@type":"EntryPoint","urlTemplate":"https:\/\/lospoliticosveracruz.com\/?s={search_term_string}"},"query-input":{"@type":"PropertyValueSpecification","valueRequired":true,"valueName":"search_term_string"}}],"inLanguage":"es"},{"@type":"Organization","@id":"https:\/\/lospoliticosveracruz.com\/#organization","name":"Los pol\u00edticos Veracruz","url":"https:\/\/lospoliticosveracruz.com\/","logo":{"@type":"ImageObject","inLanguage":"es","@id":"https:\/\/lospoliticosveracruz.com\/#\/schema\/logo\/image\/","url":"https:\/\/lospoliticosveracruz.com\/wp-content\/uploads\/2025\/12\/Logo-Nuevo-LOS-POLITICOS-1.jpg","contentUrl":"https:\/\/lospoliticosveracruz.com\/wp-content\/uploads\/2025\/12\/Logo-Nuevo-LOS-POLITICOS-1.jpg","width":260,"height":70,"caption":"Los pol\u00edticos Veracruz"},"image":{"@id":"https:\/\/lospoliticosveracruz.com\/#\/schema\/logo\/image\/"},"sameAs":["https:\/\/www.facebook.com\/people\/Notimemes-de-los-Polticos\/61565672886568\/","https:\/\/x.com\/LosPoliticosVer"]},{"@type":"Person","@id":"https:\/\/lospoliticosveracruz.com\/#\/schema\/person\/b8702bb0e538456e6efd07080bf2a4a2","name":"Lo viste en Los Pol\u00edticos","image":{"@type":"ImageObject","inLanguage":"es","@id":"https:\/\/secure.gravatar.com\/avatar\/3a8de04a2656d44082be478bd6c086daa447c4651605818287b9532d3d0bd435?s=96&d=mm&r=g","url":"https:\/\/secure.gravatar.com\/avatar\/3a8de04a2656d44082be478bd6c086daa447c4651605818287b9532d3d0bd435?s=96&d=mm&r=g","contentUrl":"https:\/\/secure.gravatar.com\/avatar\/3a8de04a2656d44082be478bd6c086daa447c4651605818287b9532d3d0bd435?s=96&d=mm&r=g","caption":"Lo viste en Los Pol\u00edticos"},"url":"https:\/\/lospoliticosveracruz.com\/?author=2"}]}},"_links":{"self":[{"href":"https:\/\/lospoliticosveracruz.com\/index.php?rest_route=\/wp\/v2\/posts\/130153","targetHints":{"allow":["GET"]}}],"collection":[{"href":"https:\/\/lospoliticosveracruz.com\/index.php?rest_route=\/wp\/v2\/posts"}],"about":[{"href":"https:\/\/lospoliticosveracruz.com\/index.php?rest_route=\/wp\/v2\/types\/post"}],"author":[{"embeddable":true,"href":"https:\/\/lospoliticosveracruz.com\/index.php?rest_route=\/wp\/v2\/users\/2"}],"replies":[{"embeddable":true,"href":"https:\/\/lospoliticosveracruz.com\/index.php?rest_route=%2Fwp%2Fv2%2Fcomments&post=130153"}],"version-history":[{"count":1,"href":"https:\/\/lospoliticosveracruz.com\/index.php?rest_route=\/wp\/v2\/posts\/130153\/revisions"}],"predecessor-version":[{"id":130154,"href":"https:\/\/lospoliticosveracruz.com\/index.php?rest_route=\/wp\/v2\/posts\/130153\/revisions\/130154"}],"wp:featuredmedia":[{"embeddable":true,"href":"https:\/\/lospoliticosveracruz.com\/index.php?rest_route=\/wp\/v2\/media\/119935"}],"wp:attachment":[{"href":"https:\/\/lospoliticosveracruz.com\/index.php?rest_route=%2Fwp%2Fv2%2Fmedia&parent=130153"}],"wp:term":[{"taxonomy":"category","embeddable":true,"href":"https:\/\/lospoliticosveracruz.com\/index.php?rest_route=%2Fwp%2Fv2%2Fcategories&post=130153"},{"taxonomy":"post_tag","embeddable":true,"href":"https:\/\/lospoliticosveracruz.com\/index.php?rest_route=%2Fwp%2Fv2%2Ftags&post=130153"}],"curies":[{"name":"wp","href":"https:\/\/api.w.org\/{rel}","templated":true}]}}