{"id":13028,"date":"2014-10-27T23:18:32","date_gmt":"2014-10-28T05:18:32","guid":{"rendered":"http:\/\/www.lospoliticosveracruz.com.mx\/?p=13028"},"modified":"2014-10-28T07:58:16","modified_gmt":"2014-10-28T13:58:16","slug":"el-tiempo-de-los-yunes-el-tiempo-de-veracruz","status":"publish","type":"post","link":"https:\/\/lospoliticosveracruz.com\/?p=13028","title":{"rendered":"El tiempo de los Yunes\u2026 El tiempo de Veracruz?"},"content":{"rendered":"<p><a href=\"http:\/\/www.lospoliticosveracruz.com.mx\/wp-content\/uploads\/2014\/10\/IMG_1635.jpg\"><img decoding=\"async\" src=\"http:\/\/www.lospoliticosveracruz.com.mx\/wp-content\/uploads\/2014\/10\/IMG_1635.jpg\" alt=\"IMG_1635.JPG\" class=\"alignnone size-full\" \/><\/a><\/p>\n<p><strong>Jos\u00e9 Luis Ortega Vidal<\/strong><br \/>\n<em>Claroscuros<\/em><\/p>\n<p>El \u00fanico alivio que Miguel Angel Yunes Linares puede encontrar a la pena de no ser gobernador de Veracruz  \u2013en el caso de que as\u00ed ocurra, en la etapa final de su vida pol\u00edtica- consistir\u00e1 en que alguien de apellido Yunes ocupe ese cargo.<br \/>\nHombre de personalidad impositiva, egoc\u00e9ntrico, acostumbrado a mandar y a ser obedecido a como d\u00e9 lugar \u2013por las buenas o por las malas- el ex dirigente estatal del PRI y hoy pieza clave en el andamiaje de poder del panismo jarocho tiene en sus hijos Fernando \u2013Senador- y Miguel Angel Yunes M\u00e1rquez \u2013Alcalde, por segunda ocasi\u00f3n, de Boca del R\u00edo- sus espadas pol\u00edticas en ristre para cumplir el objetivo que luce como una especie de obsesi\u00f3n vital: ser el principal mando pol\u00edtico en la entidad.<br \/>\nHay indicios de que el arribo de H\u00e9ctor Yunes Landa -su primo hermano- a la silla que ocup\u00f3 su rival ac\u00e9rrimo: Fidel Herrera Beltr\u00e1n y est\u00e1 en manos de alguien que \u2013por decir lo menos- le genera una gran antipat\u00eda: Javier Duarte de Ochoa, le vendr\u00eda bien a Miguel Angel, ex legislador federal, ex director nacional de ISSSTE, ex Secretario de Gobierno veracruzano, ex muchas cosas porque toda su vida se ha dedicado al servicio p\u00fablico y a la pol\u00edtica profesional de altos vuelos.<\/p>\n<p>(2)<br \/>\nLa presencia de Fernando Yunes M\u00e1rquez -joven Senador por Veracruz que milita en el Partido Acci\u00f3n Nacional- en el Informe Legislativo de su homologo Jos\u00e9 Yunes Zorrilla, el fin de semana pasado en el World Trade Center boque\u00f1o, coloca una pieza que faltaba en el rompecabezas pol\u00edtico conformado por el apellido Yunes y la coyuntura actual de la pol\u00edtica en Veracruz.<br \/>\nDurante una visita al diario Notisur en Coatzacoalcos a\u00f1os atr\u00e1s \u2013ya lo narramos alguna vez en esta columna- el joven Miguel Angel Yunes M\u00e1rquez, a la saz\u00f3n delegado de la SEDESOL federal en nuestro estado, explic\u00f3 gentilmente al reportero que Pepe Yunes no es su pariente, como s\u00ed lo es su t\u00edo H\u00e9ctor Yunes \u2013primo de su padre-.<br \/>\nNo obstante -acot\u00f3- mi padre, mi t\u00edo y toda mi familia ve a los Yunes Zorrilla como gente muy cercana y han ense\u00f1ado a las nuevas generaciones a verlos como parientes, como familiares, al grado que los j\u00f3venes Yunes M\u00e1rquez le dicen T\u00edo a Pepe Yunes.<\/p>\n<p>(3)<br \/>\nEn una familia de migrantes libaneses como los Yunes estos detalles en el trato a una persona conocida devienen significado profundo.<br \/>\nSimbolizan una suerte de hermandad que va m\u00e1s all\u00e1 de los intereses econ\u00f3micos o pol\u00edticos y que, en todo caso, los refuerzan.<br \/>\nSon lazos equivalentes a los parentescos sangu\u00edneos y se promueven, se alimentan, se cuidan generaci\u00f3n tras generaci\u00f3n.<br \/>\nEntre iguales \u2013que as\u00ed se consideran- la lealtad constituye un elemento cultural, \u00e9tico, hist\u00f3rico, que define el porvenir de las familias integradas a esta clase de migraciones y asentamientos exitosos en tierras que alguna vez fueron extra\u00f1as y hoy les son nativas.<\/p>\n<p>(4)<br \/>\nS\u00ed, si el t\u00edo Pepe Yunes es electo gobernador Miguel Angel Yunes Linares concluir\u00e1 en paz su carrera pol\u00edtica: uno de los suyos habr\u00e1 llegado a la meta porque el nativo de Perote \u2013lo dijo Miguel Angel Jr en Coatzacoalcos y lo acaba de ratificar Fernando, el domingo pasado en el WTC- es uno de ellos.<\/p>\n<p>(5)<br \/>\nClaro que habr\u00e1 contienda al interior del clan.<br \/>\nDe hecho la hay.<br \/>\nH\u00e9ctor la busca por el PRI y ya dijo que ir\u00e1 junto a Pepe \u201chasta que la convocatoria nos separe\u201d.<br \/>\nLa lealtad familiar es una cosa y los deseos de cada quien por el mismo objetivo pol\u00edtico son semejantes pero distintos.<br \/>\nUnos no eliminan a la otra.<br \/>\nMiguel Angel Yunes Linares puede ser candidato del PAN al gobierno de Veracruz.<br \/>\nO lo puede ser Fernando o Miguel Angel Yunes M\u00e1rquez.<br \/>\nAl mismo tiempo H\u00e9ctor Yunes Landa podr\u00eda serlo tambi\u00e9n, por el PRI o por otro partido si no lo nominan en el tricolor y no lo convencen de quedarse.<br \/>\nPepe Yunes Zorrilla est\u00e1 en condiciones de ser candidato del PRI y de no resultar electo se antoja dif\u00edcil que se vaya.<br \/>\nEl domingo qued\u00f3 demostrado que si en este momento fueran las elecciones -o si lo son en el 2016 para un gobierno de 6 a\u00f1os- el grupo en el poder veracruzano apostar\u00eda a los Yunes de Perote y cuenta -en el Distrito Federal- con amplio respaldo al respecto.<\/p>\n<p>(6)<br \/>\nAhora bien, las elecciones estatales no son en el 2014 y no ser\u00e1n en el 2015.<br \/>\nSer\u00e1n en el 2016 pero no sabemos si elegiremos gobernador para dos a\u00f1os, para cinco o para seis, as\u00ed que debemos hablar de lo real, de lo espec\u00edfico y no jugarle al pitoniso porque eso, en pol\u00edtica y periodismo, equivale a permanecer tirado en una hamaca toda la vida, comprando billetes de loter\u00eda\u2026<\/p>\n<p>(7)<br \/>\nEl domingo 26 de octubre, en Boca del R\u00edo, qued\u00f3 demostrado que los Yunes viven su momento pol\u00edtico e hist\u00f3rico en la b\u00fasqueda de un objetivo com\u00fan: que alguien de ellos gobierne Veracruz.<br \/>\nQued\u00f3 claro que los Yunes est\u00e1n unidos y llegado el momento ir\u00e1n con diferentes siglas en la planilla o acuerpar\u00e1n a uno solo, dependiendo de las circunstancias, lo que a\u00fan est\u00e1 por definirse en los meses, los a\u00f1os, los procesos electorales por venir.<br \/>\nHace dos d\u00edas, en el WTC boque\u00f1o, ocurri\u00f3 que Pepe Yunes sac\u00f3 su carta y le entr\u00f3 al juego, luego de que H\u00e9ctor Yunes hizo lo propio desde mucho tiempo atr\u00e1s y est\u00e1 trabajando al respecto a lo largo y ancho de la entidad, sin medias tintas y sin hacerle al ensarapado: quiere ser candidato del PRI y lo est\u00e1 buscando.<br \/>\nQue Pepe Yunes haya sacado la cara y dijera: yo tambi\u00e9n quiero ser candidato a gobernador, as\u00ed lo haya expresado v\u00eda un Informe Legislativo, cay\u00f3 bien a todos; a la clase pol\u00edtica veracruzana y a sus parientes.<br \/>\nFernando Yunes M\u00e1rquez hizo acto de presencia para significar que \u00e9l, su hermano y su pap\u00e1 \u2013como sabemos- tambi\u00e9n van por el pastel pero lo hacen respetando a los t\u00edos y primos; antes que nada.<\/p>\n<p>(8)<br \/>\nEs el momento de los Yunes. Falta saber si tambi\u00e9n es la circunstancia de los Yunes.<br \/>\nYa veremos si los rivales de esta dinast\u00eda la dejan acceder al poder que le falta.<br \/>\nYa sabremos de qu\u00e9 est\u00e1n hechos Tirios y Troyanos.<br \/>\nNos encontramos ante un ajedrez que tiene m\u00e1s de dos jugadores y un sinf\u00edn de jugadas posibles.<br \/>\nAqu\u00ed participan los pol\u00edticos federales, empezando por el Presidente Pe\u00f1a Nieto, quienes lo llevaron al poder y aquellos que lo ejercen.<br \/>\nTambi\u00e9n est\u00e1n los grupos de poder estatales: en primer lugar el del gobernador Javier Duarte y su antecesor Fidel Herrera que \u2013lo sabemos- mueve muchos de los hilos de la pol\u00edtica local.<br \/>\nNo olvidemos a los partidos de oposici\u00f3n y a los hombres y mujeres ricos de nuestra entidad que apuestan a tal o cual gallo seg\u00fan la perspectiva conveniente para el cuidado o crecimiento de sus finanzas.<br \/>\nY claro al principio y al final est\u00e1 Juan Pueblo, el protagonista de eso que llamamos democracia y que a\u00fan en pa\u00f1ales poco a poco, en nuestro territorio, juega cierto papel y alguna influencia para definir destinos.<br \/>\nEs el tiempo de los Yunes\u2026\u00bfEs el tiempo de Veracruz?<\/p>\n","protected":false},"excerpt":{"rendered":"<p>Jos\u00e9 Luis Ortega Vidal Claroscuros El \u00fanico alivio que Miguel Angel Yunes Linares puede encontrar a la pena de no ser gobernador de Veracruz \u2013en el caso de que as\u00ed ocurra, en la etapa final de su vida pol\u00edtica- consistir\u00e1 en que alguien de apellido Yunes ocupe ese cargo. Hombre de personalidad impositiva, egoc\u00e9ntrico, acostumbrado [&hellip;]<\/p>\n","protected":false},"author":2,"featured_media":0,"comment_status":"open","ping_status":"open","sticky":false,"template":"","format":"standard","meta":{"tdm_status":"","tdm_grid_status":"","footnotes":""},"categories":[70],"tags":[428],"class_list":{"0":"post-13028","1":"post","2":"type-post","3":"status-publish","4":"format-standard","6":"category-de-opinion","7":"tag-miguel-angel-yunes-linares"},"yoast_head":"<!-- This site is optimized with the Yoast SEO plugin v27.4 - https:\/\/yoast.com\/product\/yoast-seo-wordpress\/ -->\n<title>El tiempo de los Yunes\u2026 El tiempo de Veracruz? - Los pol\u00edticos Veracruz<\/title>\n<meta name=\"robots\" content=\"index, follow, max-snippet:-1, max-image-preview:large, max-video-preview:-1\" \/>\n<link rel=\"canonical\" href=\"https:\/\/lospoliticosveracruz.com\/?p=13028\" \/>\n<meta property=\"og:locale\" content=\"es_ES\" \/>\n<meta property=\"og:type\" content=\"article\" \/>\n<meta property=\"og:title\" content=\"El tiempo de los Yunes\u2026 El tiempo de Veracruz? - Los pol\u00edticos Veracruz\" \/>\n<meta property=\"og:description\" content=\"Jos\u00e9 Luis Ortega Vidal Claroscuros El \u00fanico alivio que Miguel Angel Yunes Linares puede encontrar a la pena de no ser gobernador de Veracruz \u2013en el caso de que as\u00ed ocurra, en la etapa final de su vida pol\u00edtica- consistir\u00e1 en que alguien de apellido Yunes ocupe ese cargo. Hombre de personalidad impositiva, egoc\u00e9ntrico, acostumbrado [&hellip;]\" \/>\n<meta property=\"og:url\" content=\"https:\/\/lospoliticosveracruz.com\/?p=13028\" \/>\n<meta property=\"og:site_name\" content=\"Los pol\u00edticos Veracruz\" \/>\n<meta property=\"article:publisher\" content=\"https:\/\/www.facebook.com\/people\/Notimemes-de-los-Polticos\/61565672886568\/\" \/>\n<meta property=\"article:published_time\" content=\"2014-10-28T05:18:32+00:00\" \/>\n<meta property=\"article:modified_time\" content=\"2014-10-28T13:58:16+00:00\" \/>\n<meta property=\"og:image\" content=\"http:\/\/www.lospoliticosveracruz.com.mx\/wp-content\/uploads\/2014\/10\/IMG_1635.jpg\" \/>\n<meta name=\"author\" content=\"Lo viste en Los Pol\u00edticos\" \/>\n<meta name=\"twitter:card\" content=\"summary_large_image\" \/>\n<meta name=\"twitter:creator\" content=\"@LosPoliticosVer\" \/>\n<meta name=\"twitter:site\" content=\"@LosPoliticosVer\" \/>\n<meta name=\"twitter:label1\" content=\"Escrito por\" \/>\n\t<meta name=\"twitter:data1\" content=\"Lo viste en Los Pol\u00edticos\" \/>\n\t<meta name=\"twitter:label2\" content=\"Tiempo de lectura\" \/>\n\t<meta name=\"twitter:data2\" content=\"6 minutos\" \/>\n<script type=\"application\/ld+json\" class=\"yoast-schema-graph\">{\"@context\":\"https:\\\/\\\/schema.org\",\"@graph\":[{\"@type\":\"Article\",\"@id\":\"https:\\\/\\\/lospoliticosveracruz.com\\\/?p=13028#article\",\"isPartOf\":{\"@id\":\"https:\\\/\\\/lospoliticosveracruz.com\\\/?p=13028\"},\"author\":{\"name\":\"Lo viste en Los Pol\u00edticos\",\"@id\":\"https:\\\/\\\/lospoliticosveracruz.com\\\/#\\\/schema\\\/person\\\/b8702bb0e538456e6efd07080bf2a4a2\"},\"headline\":\"El tiempo de los Yunes\u2026 El tiempo de Veracruz?\",\"datePublished\":\"2014-10-28T05:18:32+00:00\",\"dateModified\":\"2014-10-28T13:58:16+00:00\",\"mainEntityOfPage\":{\"@id\":\"https:\\\/\\\/lospoliticosveracruz.com\\\/?p=13028\"},\"wordCount\":1289,\"commentCount\":0,\"publisher\":{\"@id\":\"https:\\\/\\\/lospoliticosveracruz.com\\\/#organization\"},\"image\":{\"@id\":\"https:\\\/\\\/lospoliticosveracruz.com\\\/?p=13028#primaryimage\"},\"thumbnailUrl\":\"http:\\\/\\\/www.lospoliticosveracruz.com.mx\\\/wp-content\\\/uploads\\\/2014\\\/10\\\/IMG_1635.jpg\",\"keywords\":[\"Miguel Angel Yunes Linares\"],\"articleSection\":[\"De Opini\u00f3n\"],\"inLanguage\":\"es\",\"potentialAction\":[{\"@type\":\"CommentAction\",\"name\":\"Comment\",\"target\":[\"https:\\\/\\\/lospoliticosveracruz.com\\\/?p=13028#respond\"]}]},{\"@type\":\"WebPage\",\"@id\":\"https:\\\/\\\/lospoliticosveracruz.com\\\/?p=13028\",\"url\":\"https:\\\/\\\/lospoliticosveracruz.com\\\/?p=13028\",\"name\":\"El tiempo de los Yunes\u2026 El tiempo de Veracruz? - Los pol\u00edticos Veracruz\",\"isPartOf\":{\"@id\":\"https:\\\/\\\/lospoliticosveracruz.com\\\/#website\"},\"primaryImageOfPage\":{\"@id\":\"https:\\\/\\\/lospoliticosveracruz.com\\\/?p=13028#primaryimage\"},\"image\":{\"@id\":\"https:\\\/\\\/lospoliticosveracruz.com\\\/?p=13028#primaryimage\"},\"thumbnailUrl\":\"http:\\\/\\\/www.lospoliticosveracruz.com.mx\\\/wp-content\\\/uploads\\\/2014\\\/10\\\/IMG_1635.jpg\",\"datePublished\":\"2014-10-28T05:18:32+00:00\",\"dateModified\":\"2014-10-28T13:58:16+00:00\",\"breadcrumb\":{\"@id\":\"https:\\\/\\\/lospoliticosveracruz.com\\\/?p=13028#breadcrumb\"},\"inLanguage\":\"es\",\"potentialAction\":[{\"@type\":\"ReadAction\",\"target\":[\"https:\\\/\\\/lospoliticosveracruz.com\\\/?p=13028\"]}]},{\"@type\":\"ImageObject\",\"inLanguage\":\"es\",\"@id\":\"https:\\\/\\\/lospoliticosveracruz.com\\\/?p=13028#primaryimage\",\"url\":\"http:\\\/\\\/www.lospoliticosveracruz.com.mx\\\/wp-content\\\/uploads\\\/2014\\\/10\\\/IMG_1635.jpg\",\"contentUrl\":\"http:\\\/\\\/www.lospoliticosveracruz.com.mx\\\/wp-content\\\/uploads\\\/2014\\\/10\\\/IMG_1635.jpg\"},{\"@type\":\"BreadcrumbList\",\"@id\":\"https:\\\/\\\/lospoliticosveracruz.com\\\/?p=13028#breadcrumb\",\"itemListElement\":[{\"@type\":\"ListItem\",\"position\":1,\"name\":\"Portada\",\"item\":\"https:\\\/\\\/lospoliticosveracruz.com\\\/\"},{\"@type\":\"ListItem\",\"position\":2,\"name\":\"El tiempo de los Yunes\u2026 El tiempo de Veracruz?\"}]},{\"@type\":\"WebSite\",\"@id\":\"https:\\\/\\\/lospoliticosveracruz.com\\\/#website\",\"url\":\"https:\\\/\\\/lospoliticosveracruz.com\\\/\",\"name\":\"Los pol\u00edticos Veracruz\",\"description\":\"\",\"publisher\":{\"@id\":\"https:\\\/\\\/lospoliticosveracruz.com\\\/#organization\"},\"potentialAction\":[{\"@type\":\"SearchAction\",\"target\":{\"@type\":\"EntryPoint\",\"urlTemplate\":\"https:\\\/\\\/lospoliticosveracruz.com\\\/?s={search_term_string}\"},\"query-input\":{\"@type\":\"PropertyValueSpecification\",\"valueRequired\":true,\"valueName\":\"search_term_string\"}}],\"inLanguage\":\"es\"},{\"@type\":\"Organization\",\"@id\":\"https:\\\/\\\/lospoliticosveracruz.com\\\/#organization\",\"name\":\"Los pol\u00edticos Veracruz\",\"url\":\"https:\\\/\\\/lospoliticosveracruz.com\\\/\",\"logo\":{\"@type\":\"ImageObject\",\"inLanguage\":\"es\",\"@id\":\"https:\\\/\\\/lospoliticosveracruz.com\\\/#\\\/schema\\\/logo\\\/image\\\/\",\"url\":\"https:\\\/\\\/lospoliticosveracruz.com\\\/wp-content\\\/uploads\\\/2025\\\/12\\\/Logo-Nuevo-LOS-POLITICOS-1.jpg\",\"contentUrl\":\"https:\\\/\\\/lospoliticosveracruz.com\\\/wp-content\\\/uploads\\\/2025\\\/12\\\/Logo-Nuevo-LOS-POLITICOS-1.jpg\",\"width\":260,\"height\":70,\"caption\":\"Los pol\u00edticos Veracruz\"},\"image\":{\"@id\":\"https:\\\/\\\/lospoliticosveracruz.com\\\/#\\\/schema\\\/logo\\\/image\\\/\"},\"sameAs\":[\"https:\\\/\\\/www.facebook.com\\\/people\\\/Notimemes-de-los-Polticos\\\/61565672886568\\\/\",\"https:\\\/\\\/x.com\\\/LosPoliticosVer\"]},{\"@type\":\"Person\",\"@id\":\"https:\\\/\\\/lospoliticosveracruz.com\\\/#\\\/schema\\\/person\\\/b8702bb0e538456e6efd07080bf2a4a2\",\"name\":\"Lo viste en Los Pol\u00edticos\",\"image\":{\"@type\":\"ImageObject\",\"inLanguage\":\"es\",\"@id\":\"https:\\\/\\\/secure.gravatar.com\\\/avatar\\\/3a8de04a2656d44082be478bd6c086daa447c4651605818287b9532d3d0bd435?s=96&d=mm&r=g\",\"url\":\"https:\\\/\\\/secure.gravatar.com\\\/avatar\\\/3a8de04a2656d44082be478bd6c086daa447c4651605818287b9532d3d0bd435?s=96&d=mm&r=g\",\"contentUrl\":\"https:\\\/\\\/secure.gravatar.com\\\/avatar\\\/3a8de04a2656d44082be478bd6c086daa447c4651605818287b9532d3d0bd435?s=96&d=mm&r=g\",\"caption\":\"Lo viste en Los Pol\u00edticos\"},\"url\":\"https:\\\/\\\/lospoliticosveracruz.com\\\/?author=2\"}]}<\/script>\n<!-- \/ Yoast SEO plugin. -->","yoast_head_json":{"title":"El tiempo de los Yunes\u2026 El tiempo de Veracruz? - Los pol\u00edticos Veracruz","robots":{"index":"index","follow":"follow","max-snippet":"max-snippet:-1","max-image-preview":"max-image-preview:large","max-video-preview":"max-video-preview:-1"},"canonical":"https:\/\/lospoliticosveracruz.com\/?p=13028","og_locale":"es_ES","og_type":"article","og_title":"El tiempo de los Yunes\u2026 El tiempo de Veracruz? - Los pol\u00edticos Veracruz","og_description":"Jos\u00e9 Luis Ortega Vidal Claroscuros El \u00fanico alivio que Miguel Angel Yunes Linares puede encontrar a la pena de no ser gobernador de Veracruz \u2013en el caso de que as\u00ed ocurra, en la etapa final de su vida pol\u00edtica- consistir\u00e1 en que alguien de apellido Yunes ocupe ese cargo. Hombre de personalidad impositiva, egoc\u00e9ntrico, acostumbrado [&hellip;]","og_url":"https:\/\/lospoliticosveracruz.com\/?p=13028","og_site_name":"Los pol\u00edticos Veracruz","article_publisher":"https:\/\/www.facebook.com\/people\/Notimemes-de-los-Polticos\/61565672886568\/","article_published_time":"2014-10-28T05:18:32+00:00","article_modified_time":"2014-10-28T13:58:16+00:00","og_image":[{"url":"http:\/\/www.lospoliticosveracruz.com.mx\/wp-content\/uploads\/2014\/10\/IMG_1635.jpg","type":"","width":"","height":""}],"author":"Lo viste en Los Pol\u00edticos","twitter_card":"summary_large_image","twitter_creator":"@LosPoliticosVer","twitter_site":"@LosPoliticosVer","twitter_misc":{"Escrito por":"Lo viste en Los Pol\u00edticos","Tiempo de lectura":"6 minutos"},"schema":{"@context":"https:\/\/schema.org","@graph":[{"@type":"Article","@id":"https:\/\/lospoliticosveracruz.com\/?p=13028#article","isPartOf":{"@id":"https:\/\/lospoliticosveracruz.com\/?p=13028"},"author":{"name":"Lo viste en Los Pol\u00edticos","@id":"https:\/\/lospoliticosveracruz.com\/#\/schema\/person\/b8702bb0e538456e6efd07080bf2a4a2"},"headline":"El tiempo de los Yunes\u2026 El tiempo de Veracruz?","datePublished":"2014-10-28T05:18:32+00:00","dateModified":"2014-10-28T13:58:16+00:00","mainEntityOfPage":{"@id":"https:\/\/lospoliticosveracruz.com\/?p=13028"},"wordCount":1289,"commentCount":0,"publisher":{"@id":"https:\/\/lospoliticosveracruz.com\/#organization"},"image":{"@id":"https:\/\/lospoliticosveracruz.com\/?p=13028#primaryimage"},"thumbnailUrl":"http:\/\/www.lospoliticosveracruz.com.mx\/wp-content\/uploads\/2014\/10\/IMG_1635.jpg","keywords":["Miguel Angel Yunes Linares"],"articleSection":["De Opini\u00f3n"],"inLanguage":"es","potentialAction":[{"@type":"CommentAction","name":"Comment","target":["https:\/\/lospoliticosveracruz.com\/?p=13028#respond"]}]},{"@type":"WebPage","@id":"https:\/\/lospoliticosveracruz.com\/?p=13028","url":"https:\/\/lospoliticosveracruz.com\/?p=13028","name":"El tiempo de los Yunes\u2026 El tiempo de Veracruz? - Los pol\u00edticos Veracruz","isPartOf":{"@id":"https:\/\/lospoliticosveracruz.com\/#website"},"primaryImageOfPage":{"@id":"https:\/\/lospoliticosveracruz.com\/?p=13028#primaryimage"},"image":{"@id":"https:\/\/lospoliticosveracruz.com\/?p=13028#primaryimage"},"thumbnailUrl":"http:\/\/www.lospoliticosveracruz.com.mx\/wp-content\/uploads\/2014\/10\/IMG_1635.jpg","datePublished":"2014-10-28T05:18:32+00:00","dateModified":"2014-10-28T13:58:16+00:00","breadcrumb":{"@id":"https:\/\/lospoliticosveracruz.com\/?p=13028#breadcrumb"},"inLanguage":"es","potentialAction":[{"@type":"ReadAction","target":["https:\/\/lospoliticosveracruz.com\/?p=13028"]}]},{"@type":"ImageObject","inLanguage":"es","@id":"https:\/\/lospoliticosveracruz.com\/?p=13028#primaryimage","url":"http:\/\/www.lospoliticosveracruz.com.mx\/wp-content\/uploads\/2014\/10\/IMG_1635.jpg","contentUrl":"http:\/\/www.lospoliticosveracruz.com.mx\/wp-content\/uploads\/2014\/10\/IMG_1635.jpg"},{"@type":"BreadcrumbList","@id":"https:\/\/lospoliticosveracruz.com\/?p=13028#breadcrumb","itemListElement":[{"@type":"ListItem","position":1,"name":"Portada","item":"https:\/\/lospoliticosveracruz.com\/"},{"@type":"ListItem","position":2,"name":"El tiempo de los Yunes\u2026 El tiempo de Veracruz?"}]},{"@type":"WebSite","@id":"https:\/\/lospoliticosveracruz.com\/#website","url":"https:\/\/lospoliticosveracruz.com\/","name":"Los pol\u00edticos Veracruz","description":"","publisher":{"@id":"https:\/\/lospoliticosveracruz.com\/#organization"},"potentialAction":[{"@type":"SearchAction","target":{"@type":"EntryPoint","urlTemplate":"https:\/\/lospoliticosveracruz.com\/?s={search_term_string}"},"query-input":{"@type":"PropertyValueSpecification","valueRequired":true,"valueName":"search_term_string"}}],"inLanguage":"es"},{"@type":"Organization","@id":"https:\/\/lospoliticosveracruz.com\/#organization","name":"Los pol\u00edticos Veracruz","url":"https:\/\/lospoliticosveracruz.com\/","logo":{"@type":"ImageObject","inLanguage":"es","@id":"https:\/\/lospoliticosveracruz.com\/#\/schema\/logo\/image\/","url":"https:\/\/lospoliticosveracruz.com\/wp-content\/uploads\/2025\/12\/Logo-Nuevo-LOS-POLITICOS-1.jpg","contentUrl":"https:\/\/lospoliticosveracruz.com\/wp-content\/uploads\/2025\/12\/Logo-Nuevo-LOS-POLITICOS-1.jpg","width":260,"height":70,"caption":"Los pol\u00edticos Veracruz"},"image":{"@id":"https:\/\/lospoliticosveracruz.com\/#\/schema\/logo\/image\/"},"sameAs":["https:\/\/www.facebook.com\/people\/Notimemes-de-los-Polticos\/61565672886568\/","https:\/\/x.com\/LosPoliticosVer"]},{"@type":"Person","@id":"https:\/\/lospoliticosveracruz.com\/#\/schema\/person\/b8702bb0e538456e6efd07080bf2a4a2","name":"Lo viste en Los Pol\u00edticos","image":{"@type":"ImageObject","inLanguage":"es","@id":"https:\/\/secure.gravatar.com\/avatar\/3a8de04a2656d44082be478bd6c086daa447c4651605818287b9532d3d0bd435?s=96&d=mm&r=g","url":"https:\/\/secure.gravatar.com\/avatar\/3a8de04a2656d44082be478bd6c086daa447c4651605818287b9532d3d0bd435?s=96&d=mm&r=g","contentUrl":"https:\/\/secure.gravatar.com\/avatar\/3a8de04a2656d44082be478bd6c086daa447c4651605818287b9532d3d0bd435?s=96&d=mm&r=g","caption":"Lo viste en Los Pol\u00edticos"},"url":"https:\/\/lospoliticosveracruz.com\/?author=2"}]}},"_links":{"self":[{"href":"https:\/\/lospoliticosveracruz.com\/index.php?rest_route=\/wp\/v2\/posts\/13028","targetHints":{"allow":["GET"]}}],"collection":[{"href":"https:\/\/lospoliticosveracruz.com\/index.php?rest_route=\/wp\/v2\/posts"}],"about":[{"href":"https:\/\/lospoliticosveracruz.com\/index.php?rest_route=\/wp\/v2\/types\/post"}],"author":[{"embeddable":true,"href":"https:\/\/lospoliticosveracruz.com\/index.php?rest_route=\/wp\/v2\/users\/2"}],"replies":[{"embeddable":true,"href":"https:\/\/lospoliticosveracruz.com\/index.php?rest_route=%2Fwp%2Fv2%2Fcomments&post=13028"}],"version-history":[{"count":1,"href":"https:\/\/lospoliticosveracruz.com\/index.php?rest_route=\/wp\/v2\/posts\/13028\/revisions"}],"predecessor-version":[{"id":13029,"href":"https:\/\/lospoliticosveracruz.com\/index.php?rest_route=\/wp\/v2\/posts\/13028\/revisions\/13029"}],"wp:attachment":[{"href":"https:\/\/lospoliticosveracruz.com\/index.php?rest_route=%2Fwp%2Fv2%2Fmedia&parent=13028"}],"wp:term":[{"taxonomy":"category","embeddable":true,"href":"https:\/\/lospoliticosveracruz.com\/index.php?rest_route=%2Fwp%2Fv2%2Fcategories&post=13028"},{"taxonomy":"post_tag","embeddable":true,"href":"https:\/\/lospoliticosveracruz.com\/index.php?rest_route=%2Fwp%2Fv2%2Ftags&post=13028"}],"curies":[{"name":"wp","href":"https:\/\/api.w.org\/{rel}","templated":true}]}}