{"id":13030,"date":"2014-10-28T08:05:11","date_gmt":"2014-10-28T14:05:11","guid":{"rendered":"http:\/\/www.lospoliticosveracruz.com.mx\/?p=13030"},"modified":"2014-10-28T11:00:06","modified_gmt":"2014-10-28T17:00:06","slug":"mucho-gay-nos-faltan-lesbianas","status":"publish","type":"post","link":"https:\/\/lospoliticosveracruz.com\/?p=13030","title":{"rendered":"Mucho gay, nos faltan lesbianas"},"content":{"rendered":"<p><a href=\"http:\/\/www.lospoliticosveracruz.com.mx\/wp-content\/uploads\/2014\/10\/Amor-que-se-atreve-a-decir-su-nombre.jpg\"><img loading=\"lazy\" decoding=\"async\" class=\"alignnone size-medium wp-image-13032\" src=\"http:\/\/www.lospoliticosveracruz.com.mx\/wp-content\/uploads\/2014\/10\/Amor-que-se-atreve-a-decir-su-nombre-202x300.jpg\" alt=\"Amor que se atreve a decir su nombre\" width=\"202\" height=\"300\" \/><\/a><\/p>\n<p>&nbsp;<\/p>\n<blockquote><p><em>Amor que se atreve a decir su nombre<\/em>, antolog\u00eda del cuento mexicano de tema gay<\/p>\n<p>Compiladores: Mario Mu\u00f1oz y Le\u00f3n Guillermo Guti\u00e9rrez.<br \/>\nEditorial UV, 2014, 303 p.<\/p><\/blockquote>\n<p>&nbsp;<\/p>\n<p><strong>Cecilia Mu\u00f1oz<\/strong><\/p>\n<p>&nbsp;<\/p>\n<p>Corr\u00eda 1891 cuando el ya afamado y aplaudido Oscar Wilde concurri\u00f3 a la fiesta en la que conoci\u00f3 a un joven y prometedor poeta de 21 a\u00f1os: Lord Alfred Douglas, o Bosie, de cari\u00f1o. La amistad fue inmediata, motivada por lo halagado que se sent\u00eda Bosie al poder presumir el cari\u00f1o del reconocido poeta, y por la vitalidad que Wilde pod\u00eda disfrutar del joven arist\u00f3crata.<br \/>\nSin embargo, la relaci\u00f3n no estaba destinada al buen t\u00e9rmino. Hacia 1895, luego de varios a\u00f1os de desconfianza, cuestionamientos y amenazas, el padre de Bosie, el marqu\u00e9s de Queensberry, empez\u00f3 a hostigar a Wilde con el fin de que \u00e9ste se alejara de su hijo, a lo cual el escritor se negaba rotundamente. La desgracia de Wilde comenz\u00f3 con una nota que el marqu\u00e9s le dej\u00f3 en el club, en la cual lo llamaba \u201csodomita\u201d. Ante tal acci\u00f3n, Wilde decidi\u00f3 entablar un juicio por difamaci\u00f3n; sin embargo, \u00e9ste se volvi\u00f3 en su contra: varios j\u00f3venes testificaron haber participado en actos reprobatorios para la sociedad en su compa\u00f1\u00eda y fue acusado de haber cometido \u201cflagrante indecencia\u201d \u2014la manera que entonces era menos escandalosa para llamar al acto sexual entre dos personas del mismo g\u00e9nero.<br \/>\nUno de los golpes finales del abogado del marqu\u00e9s fue el interrogatorio al que someti\u00f3 a Wilde respecto a un poema que Lord Alfred Douglas escribiera y que ha sido utilizado por las generaciones subsiguientes como emblema del romance homosexual: Dos amores. \u00c9ste es un di\u00e1logo entre el amor homosexual y el heterosexual, donde el \u00faltimo le reclama al primero que ose llamarse \u2018Amor\u2019 y lo acusa: \u201cEst\u00e1 mintiendo, ya que su nombre es Verg\u00fcenza, \/ pero yo soy Amor, y yo estaba acostumbrado a estar \/solo en este bello jard\u00edn, hasta que \u00e9l vino \/ sin ser llamado durante la noche; yo soy el verdadero Amor, yo lleno los corazones del joven y de la joven con fuego mutuo\u00bb.<br \/>\nAnte lo anterior, el segundo Amor contesta humilde pero glorioso, para benepl\u00e1cito de sus fans: \u00abEntonces perm\u00edteme, \/yo soy el Amor que no se atreve a pronunciar su nombre\u00bb.<br \/>\nMario Mu\u00f1oz y Le\u00f3n Guillermo Guti\u00e9rrez retoman este \u00faltimo verso con una simple modificaci\u00f3n: eliminan el \u201cno\u201d y de repente aquel Amor vergonzoso se vuelve contestatario y bullicioso. Amor que se atreve a decir su nombre entonces se ha tornado una Antolog\u00eda del cuento mexicano de tema gay, hija de otra nacida en 1996 y bautizada como <em>De amores marginales<\/em>. 12 relatos compon\u00edan aqu\u00e9lla que 17 a\u00f1os despu\u00e9s se vio rejuvenecida y actualizada con la adici\u00f3n de m\u00e1s cuentos que llegaron hasta los 25.<br \/>\nEl t\u00edtulo, sin embargo, es enga\u00f1oso. En esta antolog\u00eda no encontrar\u00e1 el ambiente rom\u00e1ntico de aquel poema de Lord Alfred Douglas, menos un amor\u00edo apasionado que lo haga suspirar. El amor, as\u00ed como el deseo y el erotismo, es escaso o bien, velado. La diversidad, como es propio de toda antolog\u00eda, es el sello de esta publicaci\u00f3n.<br \/>\nPor si se lo pregunta, le contar\u00e9 un dato curioso: al especificar desde el t\u00edtulo la palabra \u201cgay\u201d y no \u201chomosexual\u201d, Mu\u00f1oz y Guti\u00e9rrez realizan una clara advertencia: este es un libro sobre hombres, escrito en su mayor\u00eda por hombres. De los 25 autores que se re\u00fanen aqu\u00ed, solo cuatro son mujeres. Pero esto no es un acto discriminatorio, sino un mero intento por rescatar la tem\u00e1tica desde su naturalidad. Ya Mario Mu\u00f1oz lo explic\u00f3 en un pasado programa de Radio UV: la ausencia de figuras femeninas se ha debido a que \u00e9stas son escasas en la cuent\u00edstica. Por razones desconocidas y que tal vez usted quiera aventurar, poco se escribe sobre la lesbiana. Asimismo, a pesar de que M\u00e9xico cuenta con reconocidas escritoras, \u00e9stas poco se han aventurado a escribir sobre lesbianismo. As\u00ed \u2014explica Mu\u00f1oz\u2014 la \u00fanica manera de introducir la tem\u00e1tica l\u00e9sbica hubiera sido encargarla a conocidas figuras literarias, lo cual hubiera restado naturalidad al libro.<br \/>\nComo toda antolog\u00eda, <em>Amor que se atreve a decir su nombre<\/em> tiene un gran punto d\u00e9bil: no todo el libro ser\u00e1 capaz de mantener atrapado al lector. Quiz\u00e1s sea in\u00fatil hablar de la pericia literaria de algunos de los autores, o de la calidad de ciertas historias. Despu\u00e9s de todo, la pluralidad de \u00e9stas obliga a una mayor diversidad de lectores, as\u00ed como a diferentes momentos; sin embargo, si me permite mi entusiasta opini\u00f3n, le recomendar\u00eda un par de cuentos que disfrut\u00e9 ampliamente: \u201cEl alimento del artista\u201d, de Enrique Serna, que al menos una sonrisa le sacar\u00e1; \u201cDo\u00f1a Herlinda y su hijo\u201d, de Jorge L\u00f3pez P\u00e1ez, un relato cuyo problema se resuelve tan pac\u00edficamente que quiz\u00e1s hasta llegue a admirar a do\u00f1a Herlinda, la amable alcahueta del protagonista; \u201cEl gran amor de su vida\u201d, de Jos\u00e9 Joaqu\u00edn Blanco, que muy al margen del misterio rom\u00e1ntico retrata con tanta minuciosidad el ambiente de cualquier unidad de Humanidades que hasta resulta c\u00f3mico; y por supuesto, \u201cGatos pardos\u201d, de Iris Garc\u00eda, la efigie \u2014corta, pero exacta\u2014 del macho mexicano corrupto, violento, prepotente\u2026 y horrorizado de lo que se intuye.<br \/>\nLa contraportada del libro afirma que los autores \u201cdan cuenta de que el mundo gay no es mejor ni peor que el compartido por los heterosexuales\u201d y es cierto: <em>Amor que se atreve a decir su nombre<\/em> termina resultando una colecci\u00f3n que simplemente retrata una vor\u00e1gine de acontecimientos, pasiones y an\u00e9cdotas, con una peque\u00f1a salvedad: los personajes han tomado una orientaci\u00f3n sexual diferente a la normada. Nada del otro mundo; sin embargo, si lo piensa, a pesar de la supuesta apertura hacia lo diferente, tan de boga hoy en d\u00eda, culturalmente poco contenido se aleja de la heterosexualidad. As\u00ed que mientras esperamos que la siguiente comedia rom\u00e1ntica que el cine ofrezca sea protagonizada por un guapo, pero t\u00edmido, rubio y un sexy, pero necesitado de cari\u00f1o, morocho, o que se apruebe la reforma al C\u00f3digo Civil de Veracruz \u2014a ver si esos dos amigos que tiene y que son pareja desde hace tres a\u00f1os ya se pueden casar\u2014, quiz\u00e1s quiera echarle un vistazo a <em>Amor que se atreve a decir su nombre<\/em>.<\/p>\n","protected":false},"excerpt":{"rendered":"<p>&nbsp; Amor que se atreve a decir su nombre, antolog\u00eda del cuento mexicano de tema gay Compiladores: Mario Mu\u00f1oz y Le\u00f3n Guillermo Guti\u00e9rrez. Editorial UV, 2014, 303 p. &nbsp; Cecilia Mu\u00f1oz &nbsp; Corr\u00eda 1891 cuando el ya afamado y aplaudido Oscar Wilde concurri\u00f3 a la fiesta en la que conoci\u00f3 a un joven y prometedor [&hellip;]<\/p>\n","protected":false},"author":2,"featured_media":0,"comment_status":"open","ping_status":"open","sticky":false,"template":"","format":"standard","meta":{"tdm_status":"","tdm_grid_status":"","footnotes":""},"categories":[75],"tags":[564,565,566,563],"class_list":{"0":"post-13030","1":"post","2":"type-post","3":"status-publish","4":"format-standard","6":"category-cine-libros-y-mas","7":"tag-gay","8":"tag-homosexual","9":"tag-lesbiana","10":"tag-sodomita"},"yoast_head":"<!-- This site is optimized with the Yoast SEO plugin v27.4 - https:\/\/yoast.com\/product\/yoast-seo-wordpress\/ -->\n<title>Mucho gay, nos faltan lesbianas - Los pol\u00edticos Veracruz<\/title>\n<meta name=\"robots\" content=\"index, follow, max-snippet:-1, max-image-preview:large, max-video-preview:-1\" \/>\n<link rel=\"canonical\" href=\"https:\/\/lospoliticosveracruz.com\/?p=13030\" \/>\n<meta property=\"og:locale\" content=\"es_ES\" \/>\n<meta property=\"og:type\" content=\"article\" \/>\n<meta property=\"og:title\" content=\"Mucho gay, nos faltan lesbianas - Los pol\u00edticos Veracruz\" \/>\n<meta property=\"og:description\" content=\"&nbsp; Amor que se atreve a decir su nombre, antolog\u00eda del cuento mexicano de tema gay Compiladores: Mario Mu\u00f1oz y Le\u00f3n Guillermo Guti\u00e9rrez. Editorial UV, 2014, 303 p. &nbsp; Cecilia Mu\u00f1oz &nbsp; Corr\u00eda 1891 cuando el ya afamado y aplaudido Oscar Wilde concurri\u00f3 a la fiesta en la que conoci\u00f3 a un joven y prometedor [&hellip;]\" \/>\n<meta property=\"og:url\" content=\"https:\/\/lospoliticosveracruz.com\/?p=13030\" \/>\n<meta property=\"og:site_name\" content=\"Los pol\u00edticos Veracruz\" \/>\n<meta property=\"article:publisher\" content=\"https:\/\/www.facebook.com\/people\/Notimemes-de-los-Polticos\/61565672886568\/\" \/>\n<meta property=\"article:published_time\" content=\"2014-10-28T14:05:11+00:00\" \/>\n<meta property=\"article:modified_time\" content=\"2014-10-28T17:00:06+00:00\" \/>\n<meta property=\"og:image\" content=\"http:\/\/www.lospoliticosveracruz.com.mx\/wp-content\/uploads\/2014\/10\/Amor-que-se-atreve-a-decir-su-nombre-202x300.jpg\" \/>\n<meta name=\"author\" content=\"Lo viste en Los Pol\u00edticos\" \/>\n<meta name=\"twitter:card\" content=\"summary_large_image\" \/>\n<meta name=\"twitter:creator\" content=\"@LosPoliticosVer\" \/>\n<meta name=\"twitter:site\" content=\"@LosPoliticosVer\" \/>\n<meta name=\"twitter:label1\" content=\"Escrito por\" \/>\n\t<meta name=\"twitter:data1\" content=\"Lo viste en Los Pol\u00edticos\" \/>\n\t<meta name=\"twitter:label2\" content=\"Tiempo de lectura\" \/>\n\t<meta name=\"twitter:data2\" content=\"6 minutos\" \/>\n<script type=\"application\/ld+json\" class=\"yoast-schema-graph\">{\"@context\":\"https:\\\/\\\/schema.org\",\"@graph\":[{\"@type\":\"Article\",\"@id\":\"https:\\\/\\\/lospoliticosveracruz.com\\\/?p=13030#article\",\"isPartOf\":{\"@id\":\"https:\\\/\\\/lospoliticosveracruz.com\\\/?p=13030\"},\"author\":{\"name\":\"Lo viste en Los Pol\u00edticos\",\"@id\":\"https:\\\/\\\/lospoliticosveracruz.com\\\/#\\\/schema\\\/person\\\/b8702bb0e538456e6efd07080bf2a4a2\"},\"headline\":\"Mucho gay, nos faltan lesbianas\",\"datePublished\":\"2014-10-28T14:05:11+00:00\",\"dateModified\":\"2014-10-28T17:00:06+00:00\",\"mainEntityOfPage\":{\"@id\":\"https:\\\/\\\/lospoliticosveracruz.com\\\/?p=13030\"},\"wordCount\":1116,\"commentCount\":0,\"publisher\":{\"@id\":\"https:\\\/\\\/lospoliticosveracruz.com\\\/#organization\"},\"image\":{\"@id\":\"https:\\\/\\\/lospoliticosveracruz.com\\\/?p=13030#primaryimage\"},\"thumbnailUrl\":\"http:\\\/\\\/www.lospoliticosveracruz.com.mx\\\/wp-content\\\/uploads\\\/2014\\\/10\\\/Amor-que-se-atreve-a-decir-su-nombre-202x300.jpg\",\"keywords\":[\"gay\",\"homosexual\",\"lesbiana\",\"sodomita\"],\"articleSection\":[\"Cine, Libros y m\u00e1s\"],\"inLanguage\":\"es\",\"potentialAction\":[{\"@type\":\"CommentAction\",\"name\":\"Comment\",\"target\":[\"https:\\\/\\\/lospoliticosveracruz.com\\\/?p=13030#respond\"]}]},{\"@type\":\"WebPage\",\"@id\":\"https:\\\/\\\/lospoliticosveracruz.com\\\/?p=13030\",\"url\":\"https:\\\/\\\/lospoliticosveracruz.com\\\/?p=13030\",\"name\":\"Mucho gay, nos faltan lesbianas - Los pol\u00edticos Veracruz\",\"isPartOf\":{\"@id\":\"https:\\\/\\\/lospoliticosveracruz.com\\\/#website\"},\"primaryImageOfPage\":{\"@id\":\"https:\\\/\\\/lospoliticosveracruz.com\\\/?p=13030#primaryimage\"},\"image\":{\"@id\":\"https:\\\/\\\/lospoliticosveracruz.com\\\/?p=13030#primaryimage\"},\"thumbnailUrl\":\"http:\\\/\\\/www.lospoliticosveracruz.com.mx\\\/wp-content\\\/uploads\\\/2014\\\/10\\\/Amor-que-se-atreve-a-decir-su-nombre-202x300.jpg\",\"datePublished\":\"2014-10-28T14:05:11+00:00\",\"dateModified\":\"2014-10-28T17:00:06+00:00\",\"breadcrumb\":{\"@id\":\"https:\\\/\\\/lospoliticosveracruz.com\\\/?p=13030#breadcrumb\"},\"inLanguage\":\"es\",\"potentialAction\":[{\"@type\":\"ReadAction\",\"target\":[\"https:\\\/\\\/lospoliticosveracruz.com\\\/?p=13030\"]}]},{\"@type\":\"ImageObject\",\"inLanguage\":\"es\",\"@id\":\"https:\\\/\\\/lospoliticosveracruz.com\\\/?p=13030#primaryimage\",\"url\":\"http:\\\/\\\/www.lospoliticosveracruz.com.mx\\\/wp-content\\\/uploads\\\/2014\\\/10\\\/Amor-que-se-atreve-a-decir-su-nombre-202x300.jpg\",\"contentUrl\":\"http:\\\/\\\/www.lospoliticosveracruz.com.mx\\\/wp-content\\\/uploads\\\/2014\\\/10\\\/Amor-que-se-atreve-a-decir-su-nombre-202x300.jpg\"},{\"@type\":\"BreadcrumbList\",\"@id\":\"https:\\\/\\\/lospoliticosveracruz.com\\\/?p=13030#breadcrumb\",\"itemListElement\":[{\"@type\":\"ListItem\",\"position\":1,\"name\":\"Portada\",\"item\":\"https:\\\/\\\/lospoliticosveracruz.com\\\/\"},{\"@type\":\"ListItem\",\"position\":2,\"name\":\"Mucho gay, nos faltan lesbianas\"}]},{\"@type\":\"WebSite\",\"@id\":\"https:\\\/\\\/lospoliticosveracruz.com\\\/#website\",\"url\":\"https:\\\/\\\/lospoliticosveracruz.com\\\/\",\"name\":\"Los pol\u00edticos Veracruz\",\"description\":\"\",\"publisher\":{\"@id\":\"https:\\\/\\\/lospoliticosveracruz.com\\\/#organization\"},\"potentialAction\":[{\"@type\":\"SearchAction\",\"target\":{\"@type\":\"EntryPoint\",\"urlTemplate\":\"https:\\\/\\\/lospoliticosveracruz.com\\\/?s={search_term_string}\"},\"query-input\":{\"@type\":\"PropertyValueSpecification\",\"valueRequired\":true,\"valueName\":\"search_term_string\"}}],\"inLanguage\":\"es\"},{\"@type\":\"Organization\",\"@id\":\"https:\\\/\\\/lospoliticosveracruz.com\\\/#organization\",\"name\":\"Los pol\u00edticos Veracruz\",\"url\":\"https:\\\/\\\/lospoliticosveracruz.com\\\/\",\"logo\":{\"@type\":\"ImageObject\",\"inLanguage\":\"es\",\"@id\":\"https:\\\/\\\/lospoliticosveracruz.com\\\/#\\\/schema\\\/logo\\\/image\\\/\",\"url\":\"https:\\\/\\\/lospoliticosveracruz.com\\\/wp-content\\\/uploads\\\/2025\\\/12\\\/Logo-Nuevo-LOS-POLITICOS-1.jpg\",\"contentUrl\":\"https:\\\/\\\/lospoliticosveracruz.com\\\/wp-content\\\/uploads\\\/2025\\\/12\\\/Logo-Nuevo-LOS-POLITICOS-1.jpg\",\"width\":260,\"height\":70,\"caption\":\"Los pol\u00edticos Veracruz\"},\"image\":{\"@id\":\"https:\\\/\\\/lospoliticosveracruz.com\\\/#\\\/schema\\\/logo\\\/image\\\/\"},\"sameAs\":[\"https:\\\/\\\/www.facebook.com\\\/people\\\/Notimemes-de-los-Polticos\\\/61565672886568\\\/\",\"https:\\\/\\\/x.com\\\/LosPoliticosVer\"]},{\"@type\":\"Person\",\"@id\":\"https:\\\/\\\/lospoliticosveracruz.com\\\/#\\\/schema\\\/person\\\/b8702bb0e538456e6efd07080bf2a4a2\",\"name\":\"Lo viste en Los Pol\u00edticos\",\"image\":{\"@type\":\"ImageObject\",\"inLanguage\":\"es\",\"@id\":\"https:\\\/\\\/secure.gravatar.com\\\/avatar\\\/3a8de04a2656d44082be478bd6c086daa447c4651605818287b9532d3d0bd435?s=96&d=mm&r=g\",\"url\":\"https:\\\/\\\/secure.gravatar.com\\\/avatar\\\/3a8de04a2656d44082be478bd6c086daa447c4651605818287b9532d3d0bd435?s=96&d=mm&r=g\",\"contentUrl\":\"https:\\\/\\\/secure.gravatar.com\\\/avatar\\\/3a8de04a2656d44082be478bd6c086daa447c4651605818287b9532d3d0bd435?s=96&d=mm&r=g\",\"caption\":\"Lo viste en Los Pol\u00edticos\"},\"url\":\"https:\\\/\\\/lospoliticosveracruz.com\\\/?author=2\"}]}<\/script>\n<!-- \/ Yoast SEO plugin. -->","yoast_head_json":{"title":"Mucho gay, nos faltan lesbianas - Los pol\u00edticos Veracruz","robots":{"index":"index","follow":"follow","max-snippet":"max-snippet:-1","max-image-preview":"max-image-preview:large","max-video-preview":"max-video-preview:-1"},"canonical":"https:\/\/lospoliticosveracruz.com\/?p=13030","og_locale":"es_ES","og_type":"article","og_title":"Mucho gay, nos faltan lesbianas - Los pol\u00edticos Veracruz","og_description":"&nbsp; Amor que se atreve a decir su nombre, antolog\u00eda del cuento mexicano de tema gay Compiladores: Mario Mu\u00f1oz y Le\u00f3n Guillermo Guti\u00e9rrez. Editorial UV, 2014, 303 p. &nbsp; Cecilia Mu\u00f1oz &nbsp; Corr\u00eda 1891 cuando el ya afamado y aplaudido Oscar Wilde concurri\u00f3 a la fiesta en la que conoci\u00f3 a un joven y prometedor [&hellip;]","og_url":"https:\/\/lospoliticosveracruz.com\/?p=13030","og_site_name":"Los pol\u00edticos Veracruz","article_publisher":"https:\/\/www.facebook.com\/people\/Notimemes-de-los-Polticos\/61565672886568\/","article_published_time":"2014-10-28T14:05:11+00:00","article_modified_time":"2014-10-28T17:00:06+00:00","og_image":[{"url":"http:\/\/www.lospoliticosveracruz.com.mx\/wp-content\/uploads\/2014\/10\/Amor-que-se-atreve-a-decir-su-nombre-202x300.jpg","type":"","width":"","height":""}],"author":"Lo viste en Los Pol\u00edticos","twitter_card":"summary_large_image","twitter_creator":"@LosPoliticosVer","twitter_site":"@LosPoliticosVer","twitter_misc":{"Escrito por":"Lo viste en Los Pol\u00edticos","Tiempo de lectura":"6 minutos"},"schema":{"@context":"https:\/\/schema.org","@graph":[{"@type":"Article","@id":"https:\/\/lospoliticosveracruz.com\/?p=13030#article","isPartOf":{"@id":"https:\/\/lospoliticosveracruz.com\/?p=13030"},"author":{"name":"Lo viste en Los Pol\u00edticos","@id":"https:\/\/lospoliticosveracruz.com\/#\/schema\/person\/b8702bb0e538456e6efd07080bf2a4a2"},"headline":"Mucho gay, nos faltan lesbianas","datePublished":"2014-10-28T14:05:11+00:00","dateModified":"2014-10-28T17:00:06+00:00","mainEntityOfPage":{"@id":"https:\/\/lospoliticosveracruz.com\/?p=13030"},"wordCount":1116,"commentCount":0,"publisher":{"@id":"https:\/\/lospoliticosveracruz.com\/#organization"},"image":{"@id":"https:\/\/lospoliticosveracruz.com\/?p=13030#primaryimage"},"thumbnailUrl":"http:\/\/www.lospoliticosveracruz.com.mx\/wp-content\/uploads\/2014\/10\/Amor-que-se-atreve-a-decir-su-nombre-202x300.jpg","keywords":["gay","homosexual","lesbiana","sodomita"],"articleSection":["Cine, Libros y m\u00e1s"],"inLanguage":"es","potentialAction":[{"@type":"CommentAction","name":"Comment","target":["https:\/\/lospoliticosveracruz.com\/?p=13030#respond"]}]},{"@type":"WebPage","@id":"https:\/\/lospoliticosveracruz.com\/?p=13030","url":"https:\/\/lospoliticosveracruz.com\/?p=13030","name":"Mucho gay, nos faltan lesbianas - Los pol\u00edticos Veracruz","isPartOf":{"@id":"https:\/\/lospoliticosveracruz.com\/#website"},"primaryImageOfPage":{"@id":"https:\/\/lospoliticosveracruz.com\/?p=13030#primaryimage"},"image":{"@id":"https:\/\/lospoliticosveracruz.com\/?p=13030#primaryimage"},"thumbnailUrl":"http:\/\/www.lospoliticosveracruz.com.mx\/wp-content\/uploads\/2014\/10\/Amor-que-se-atreve-a-decir-su-nombre-202x300.jpg","datePublished":"2014-10-28T14:05:11+00:00","dateModified":"2014-10-28T17:00:06+00:00","breadcrumb":{"@id":"https:\/\/lospoliticosveracruz.com\/?p=13030#breadcrumb"},"inLanguage":"es","potentialAction":[{"@type":"ReadAction","target":["https:\/\/lospoliticosveracruz.com\/?p=13030"]}]},{"@type":"ImageObject","inLanguage":"es","@id":"https:\/\/lospoliticosveracruz.com\/?p=13030#primaryimage","url":"http:\/\/www.lospoliticosveracruz.com.mx\/wp-content\/uploads\/2014\/10\/Amor-que-se-atreve-a-decir-su-nombre-202x300.jpg","contentUrl":"http:\/\/www.lospoliticosveracruz.com.mx\/wp-content\/uploads\/2014\/10\/Amor-que-se-atreve-a-decir-su-nombre-202x300.jpg"},{"@type":"BreadcrumbList","@id":"https:\/\/lospoliticosveracruz.com\/?p=13030#breadcrumb","itemListElement":[{"@type":"ListItem","position":1,"name":"Portada","item":"https:\/\/lospoliticosveracruz.com\/"},{"@type":"ListItem","position":2,"name":"Mucho gay, nos faltan lesbianas"}]},{"@type":"WebSite","@id":"https:\/\/lospoliticosveracruz.com\/#website","url":"https:\/\/lospoliticosveracruz.com\/","name":"Los pol\u00edticos Veracruz","description":"","publisher":{"@id":"https:\/\/lospoliticosveracruz.com\/#organization"},"potentialAction":[{"@type":"SearchAction","target":{"@type":"EntryPoint","urlTemplate":"https:\/\/lospoliticosveracruz.com\/?s={search_term_string}"},"query-input":{"@type":"PropertyValueSpecification","valueRequired":true,"valueName":"search_term_string"}}],"inLanguage":"es"},{"@type":"Organization","@id":"https:\/\/lospoliticosveracruz.com\/#organization","name":"Los pol\u00edticos Veracruz","url":"https:\/\/lospoliticosveracruz.com\/","logo":{"@type":"ImageObject","inLanguage":"es","@id":"https:\/\/lospoliticosveracruz.com\/#\/schema\/logo\/image\/","url":"https:\/\/lospoliticosveracruz.com\/wp-content\/uploads\/2025\/12\/Logo-Nuevo-LOS-POLITICOS-1.jpg","contentUrl":"https:\/\/lospoliticosveracruz.com\/wp-content\/uploads\/2025\/12\/Logo-Nuevo-LOS-POLITICOS-1.jpg","width":260,"height":70,"caption":"Los pol\u00edticos Veracruz"},"image":{"@id":"https:\/\/lospoliticosveracruz.com\/#\/schema\/logo\/image\/"},"sameAs":["https:\/\/www.facebook.com\/people\/Notimemes-de-los-Polticos\/61565672886568\/","https:\/\/x.com\/LosPoliticosVer"]},{"@type":"Person","@id":"https:\/\/lospoliticosveracruz.com\/#\/schema\/person\/b8702bb0e538456e6efd07080bf2a4a2","name":"Lo viste en Los Pol\u00edticos","image":{"@type":"ImageObject","inLanguage":"es","@id":"https:\/\/secure.gravatar.com\/avatar\/3a8de04a2656d44082be478bd6c086daa447c4651605818287b9532d3d0bd435?s=96&d=mm&r=g","url":"https:\/\/secure.gravatar.com\/avatar\/3a8de04a2656d44082be478bd6c086daa447c4651605818287b9532d3d0bd435?s=96&d=mm&r=g","contentUrl":"https:\/\/secure.gravatar.com\/avatar\/3a8de04a2656d44082be478bd6c086daa447c4651605818287b9532d3d0bd435?s=96&d=mm&r=g","caption":"Lo viste en Los Pol\u00edticos"},"url":"https:\/\/lospoliticosveracruz.com\/?author=2"}]}},"_links":{"self":[{"href":"https:\/\/lospoliticosveracruz.com\/index.php?rest_route=\/wp\/v2\/posts\/13030","targetHints":{"allow":["GET"]}}],"collection":[{"href":"https:\/\/lospoliticosveracruz.com\/index.php?rest_route=\/wp\/v2\/posts"}],"about":[{"href":"https:\/\/lospoliticosveracruz.com\/index.php?rest_route=\/wp\/v2\/types\/post"}],"author":[{"embeddable":true,"href":"https:\/\/lospoliticosveracruz.com\/index.php?rest_route=\/wp\/v2\/users\/2"}],"replies":[{"embeddable":true,"href":"https:\/\/lospoliticosveracruz.com\/index.php?rest_route=%2Fwp%2Fv2%2Fcomments&post=13030"}],"version-history":[{"count":3,"href":"https:\/\/lospoliticosveracruz.com\/index.php?rest_route=\/wp\/v2\/posts\/13030\/revisions"}],"predecessor-version":[{"id":13034,"href":"https:\/\/lospoliticosveracruz.com\/index.php?rest_route=\/wp\/v2\/posts\/13030\/revisions\/13034"}],"wp:attachment":[{"href":"https:\/\/lospoliticosveracruz.com\/index.php?rest_route=%2Fwp%2Fv2%2Fmedia&parent=13030"}],"wp:term":[{"taxonomy":"category","embeddable":true,"href":"https:\/\/lospoliticosveracruz.com\/index.php?rest_route=%2Fwp%2Fv2%2Fcategories&post=13030"},{"taxonomy":"post_tag","embeddable":true,"href":"https:\/\/lospoliticosveracruz.com\/index.php?rest_route=%2Fwp%2Fv2%2Ftags&post=13030"}],"curies":[{"name":"wp","href":"https:\/\/api.w.org\/{rel}","templated":true}]}}