{"id":130364,"date":"2024-09-26T12:23:01","date_gmt":"2024-09-26T17:23:01","guid":{"rendered":"https:\/\/lospoliticosveracruz.com.mx\/?p=130364"},"modified":"2024-09-26T12:23:08","modified_gmt":"2024-09-26T17:23:08","slug":"nrda","status":"publish","type":"post","link":"https:\/\/lospoliticosveracruz.com\/?p=130364","title":{"rendered":"NRDA"},"content":{"rendered":"\n<p><strong>Manolo Victorio&nbsp;<\/strong><\/p>\n\n\n\n<p>Carpe Diem<\/p>\n\n\n\n<p>El letrero, colocado en la entrada de antros, discotecas y lugares de diversi\u00f3n nocturna, avisaba a los posibles asistentes que hab\u00eda una clausula unilateral donde el negocio prestador del servicio estipulaba: \u201cNos Reservamos el Derecho de Admisi\u00f3n\u201d.<\/p>\n\n\n\n<p>Era un atajo para indeseables y non gratos.&nbsp;<\/p>\n\n\n\n<p>Representaba para el visitante incomodo una aduana infranqueable, barrera impenetrable, muralla impasable, m\u00e1s si atr\u00e1s del cartel\u00f3n se paraba un matalote con cara de pocos amigos, vestido, invariablemente de negro, gafas oscuras y un intercomunicador de ch\u00edcharo en la oreja derecha.<\/p>\n\n\n<div class=\"wp-block-image\">\n<figure class=\"alignleft size-medium\"><a href=\"https:\/\/lospoliticosveracruz.com.mx\/wp-content\/uploads\/2021\/10\/Zacauilt.jpg\"><img decoding=\"async\" src=\"https:\/\/lospoliticosveracruz.com.mx\/wp-content\/uploads\/2021\/10\/Zacauilt-150x300.jpg\" alt=\"\" class=\"wp-image-80558\"\/><\/a><\/figure>\n<\/div>\n\n\n<p>As\u00ed pasa en estos d\u00edas donde la pol\u00edtica se juega en dos pistas.<\/p>\n\n\n\n<p>En la primera, en el poder legislativo, dos personajes se reparten el pastel en las negociaciones, cabildeos y lobby que se da atr\u00e1s de las cortinas de las c\u00e1maras.<\/p>\n\n\n\n<p>Ricardo Monreal \u00c1vila se sirve con cuchara molera en San L\u00e1zaro.<\/p>\n\n\n\n<p>Quienes deambulan por los pasillos del poder en la C\u00e1mara de Diputados, comentan sottovoce que a Ricardo Monreal le acotaron poder expansivo, toda vez que la Sala Superior del Tribunal Electoral del Poder Judicial de la Federaci\u00f3n (TEPJF) ratific\u00f3 este mi\u00e9rcoles a la candidata Alessandra Rojo de la Vega como alcaldesa de Cuauht\u00e9moc, luego de declarar improcedente la impugnaci\u00f3n que present\u00f3 MORENA contra las elecciones de esta demarcaci\u00f3n.<\/p>\n\n\n\n<p>Dicen que el batacazo no fue para Catalina Monreal P\u00e9rez, candidata morenista, sino un apret\u00f3n de tuercas para su tomatodo progenitor, quien palome\u00f3 hasta el puesto de quien abre el port\u00f3n en San L\u00e1zaro.<\/p>\n\n\n\n<p>Ad\u00e1n Augusto L\u00f3pez Hern\u00e1ndez \u00b4Il consigliere\u00b4 del agonizante presidente Andr\u00e9s Manuel L\u00f3pez Obrador, tiene el control de la C\u00e1mara de Senadores, bajo la mirada aprobatoria de Rosario Alejandro Esquer Verdugo, el discreto senador quien es el enlace directo del presidente.<\/p>\n\n\n\n<p>En esos escenarios, los 24 legisladores de la bancada morenista en San L\u00e1zaro, comandados por el cordob\u00e9s Zenyazen Escobar Garc\u00eda, tienen que remar contra corriente dentro de su propio partido.<\/p>\n\n\n\n<p>Ricardo Monreal \u00c1vila quiere vengar los agravios cometidos en Veracruz contra Manuel del R\u00edo Virgen reduciendo la operatividad de los gladiadores legislativos veracruzanos que ya no responden a Cuitl\u00e1huac Garc\u00eda Jim\u00e9nez sino a la gobernadora electa Norma Roc\u00edo Nahle Garc\u00eda, quien se lo hizo saber en persona al propio Monreal en su visita a Xalapa con motivo de los foros de la reforma al Poder Judicial.<\/p>\n\n\n\n<p>&nbsp;Los diputados y diputadas federales de Morena \u2013a la que se suma de facto Javier Herrera Borunda-, obedecen a la l\u00ednea marcada y proyectada por Nahle, no son aut\u00f3matas son portadores del discurso que tendr\u00e1 a Veracruz en la primera l\u00ednea de proyectos y obras.<\/p>\n\n\n\n<p>A la bancada veracruzana le escamotean las participaciones en tribuna en estas sesiones reformistas, Monreal quiso enviar a la bancada jarocha a gayola; sin embargo, Zenyazen Escobar le propuso invertir el orden alfab\u00e9tico y as\u00ed, los 24 legisladores veracruzanos s\u00f3lo est\u00e1n sentados despu\u00e9s de los zacatecanos.<\/p>\n\n\n\n<p>Este escenario trompicado por las facturas pendientes de cobrar por parte de Monreal, se complica a\u00fan m\u00e1s porque Norma Roc\u00edo Nahle Garc\u00eda dijo sin empacho que los enjuagues que se hagan en el poder legislativo con la cercan\u00eda excesiva del senador 86, Miguel \u00c1ngel Yunes M\u00e1rquez, no trasminar\u00e1 al solar jarocho donde ella ha tomado ya el control pol\u00edtico de los cuadros morenistas, funcionariado y hasta aspirantes a fareros de la Isla de Sacrificios, quienes le reportan todo lo que hacen o piensan hacer y no se mueven sino es con su venia personal.<\/p>\n\n\n\n<p>En Veracruz el \u201cNos Reservamos el Derecho de Admisi\u00f3n\u201d en la cosa p\u00fablica, lo aplica a rajatabla Norma Roc\u00edo Nahle Garc\u00eda sin relaciones p\u00fablicas, ni cabildeos aterciopelados hechos por Monreal o Ad\u00e1n Augusto, quienes piensan que pueden operar en la comarca veracruzana.<\/p>\n\n\n\n<p>Si algo ha exhibido Norma Roc\u00edo Nahle Garc\u00eda es que siempre ha nombrado al pan, pan y al vino, vino. No gusta de florituras, ni adornos discursivos cuando quiere decir o hacer algo. Es una mujer pragm\u00e1tica y echada pa\u00b4lante.<\/p>\n\n\n\n<p>De ah\u00ed que a contrapelo diga que Veracruz ya no es territorio Yunes.&nbsp;<\/p>\n\n\n\n<p>Y los 2 millones 124 mil 214 votos cosechados el domingo 2 de junio por Nahle es argumento irrefutable que ser\u00e1 la primera gobernadora constitucional de Veracruz de Ignacio de la Llave.<\/p>\n\n\n\n<p>Ante ese argumento, nada.<\/p>\n\n\n\n<p>\u2026 de otro costal.<\/p>\n\n\n\n<p>Juan Manuel de Un\u00e1nue Abascal sali\u00f3 fino para la pol\u00edtica. No se confronta con nadie ni se enreda en pleitos ajenos.<\/p>\n\n\n\n<p>El alcalde boque\u00f1o se ha dedicado a trabajar en su municipio, el que m\u00e1s turismo atrae de los 212 territorios veracruzanos.<\/p>\n\n\n\n<p>Por eso encabez\u00f3 los cabildeos para el dragado de la bocana del r\u00edo Jamapa, que a la fecha registran un avance del 20 por ciento, sin que estos trabajos da\u00f1en las actividades pesqueras y tur\u00edsticas, pero, sobre todo, no represente un dique mortal en esta temporada de lluvias y huracanes.<\/p>\n\n\n\n<p>Tambi\u00e9n orden\u00f3 el reencarpetado con concreto asf\u00e1ltico en la glorieta de Plaza Am\u00e9ricas ubicada sobre el bulevar Adolfo Ruiz Cortines, el ombligo de las plazas comerciales y gastron\u00f3micas de su municipio.<\/p>\n\n\n\n<p>Juan Manuel no quiere que el otro Juan Manuel le coma el mandado en oferta tur\u00edstica.<\/p>\n\n\n\n<p>Boca del R\u00edo sigue muy por encima de Orizaba en infraestructura hotelera, restaurantera y, sobre todo, el turismo de playa que es imperdible.<\/p>\n\n\n\n<p>Los boque\u00f1os califican bien a su alcalde.<\/p>\n\n\n\n<p>columnacarpediem@gmail.com<\/p>\n","protected":false},"excerpt":{"rendered":"<p>Manolo Victorio&nbsp; Carpe Diem El letrero, colocado en la entrada de antros, discotecas y lugares de diversi\u00f3n nocturna, avisaba a los posibles asistentes que hab\u00eda una clausula unilateral donde el negocio prestador del servicio estipulaba: \u201cNos Reservamos el Derecho de Admisi\u00f3n\u201d. Era un atajo para indeseables y non gratos.&nbsp; Representaba para el visitante incomodo una [&hellip;]<\/p>\n","protected":false},"author":2,"featured_media":119925,"comment_status":"closed","ping_status":"closed","sticky":false,"template":"","format":"standard","meta":{"tdm_status":"","tdm_grid_status":"","footnotes":""},"categories":[70],"tags":[2944,14196],"class_list":{"0":"post-130364","1":"post","2":"type-post","3":"status-publish","4":"format-standard","5":"has-post-thumbnail","7":"category-de-opinion","8":"tag-ricardo-monreal-avila","9":"tag-tepjf"},"yoast_head":"<!-- This site is optimized with the Yoast SEO plugin v27.4 - https:\/\/yoast.com\/product\/yoast-seo-wordpress\/ -->\n<title>NRDA - Los pol\u00edticos Veracruz<\/title>\n<meta name=\"robots\" content=\"index, follow, max-snippet:-1, max-image-preview:large, max-video-preview:-1\" \/>\n<link rel=\"canonical\" href=\"https:\/\/lospoliticosveracruz.com\/?p=130364\" \/>\n<meta property=\"og:locale\" content=\"es_ES\" \/>\n<meta property=\"og:type\" content=\"article\" \/>\n<meta property=\"og:title\" content=\"NRDA - Los pol\u00edticos Veracruz\" \/>\n<meta property=\"og:description\" content=\"Manolo Victorio&nbsp; Carpe Diem El letrero, colocado en la entrada de antros, discotecas y lugares de diversi\u00f3n nocturna, avisaba a los posibles asistentes que hab\u00eda una clausula unilateral donde el negocio prestador del servicio estipulaba: \u201cNos Reservamos el Derecho de Admisi\u00f3n\u201d. Era un atajo para indeseables y non gratos.&nbsp; Representaba para el visitante incomodo una [&hellip;]\" \/>\n<meta property=\"og:url\" content=\"https:\/\/lospoliticosveracruz.com\/?p=130364\" \/>\n<meta property=\"og:site_name\" content=\"Los pol\u00edticos Veracruz\" \/>\n<meta property=\"article:publisher\" content=\"https:\/\/www.facebook.com\/people\/Notimemes-de-los-Polticos\/61565672886568\/\" \/>\n<meta property=\"article:published_time\" content=\"2024-09-26T17:23:01+00:00\" \/>\n<meta property=\"article:modified_time\" content=\"2024-09-26T17:23:08+00:00\" \/>\n<meta property=\"og:image\" content=\"https:\/\/lospoliticosveracruz.com\/wp-content\/uploads\/2024\/03\/Manolo-Victorio.jpg\" \/>\n\t<meta property=\"og:image:width\" content=\"1250\" \/>\n\t<meta property=\"og:image:height\" content=\"667\" \/>\n\t<meta property=\"og:image:type\" content=\"image\/jpeg\" \/>\n<meta name=\"author\" content=\"Lo viste en Los Pol\u00edticos\" \/>\n<meta name=\"twitter:card\" content=\"summary_large_image\" \/>\n<meta name=\"twitter:creator\" content=\"@LosPoliticosVer\" \/>\n<meta name=\"twitter:site\" content=\"@LosPoliticosVer\" \/>\n<meta name=\"twitter:label1\" content=\"Escrito por\" \/>\n\t<meta name=\"twitter:data1\" content=\"Lo viste en Los Pol\u00edticos\" \/>\n\t<meta name=\"twitter:label2\" content=\"Tiempo de lectura\" \/>\n\t<meta name=\"twitter:data2\" content=\"5 minutos\" \/>\n<script type=\"application\/ld+json\" class=\"yoast-schema-graph\">{\"@context\":\"https:\\\/\\\/schema.org\",\"@graph\":[{\"@type\":\"Article\",\"@id\":\"https:\\\/\\\/lospoliticosveracruz.com\\\/?p=130364#article\",\"isPartOf\":{\"@id\":\"https:\\\/\\\/lospoliticosveracruz.com\\\/?p=130364\"},\"author\":{\"name\":\"Lo viste en Los Pol\u00edticos\",\"@id\":\"https:\\\/\\\/lospoliticosveracruz.com\\\/#\\\/schema\\\/person\\\/b8702bb0e538456e6efd07080bf2a4a2\"},\"headline\":\"NRDA\",\"datePublished\":\"2024-09-26T17:23:01+00:00\",\"dateModified\":\"2024-09-26T17:23:08+00:00\",\"mainEntityOfPage\":{\"@id\":\"https:\\\/\\\/lospoliticosveracruz.com\\\/?p=130364\"},\"wordCount\":943,\"publisher\":{\"@id\":\"https:\\\/\\\/lospoliticosveracruz.com\\\/#organization\"},\"image\":{\"@id\":\"https:\\\/\\\/lospoliticosveracruz.com\\\/?p=130364#primaryimage\"},\"thumbnailUrl\":\"https:\\\/\\\/lospoliticosveracruz.com\\\/wp-content\\\/uploads\\\/2024\\\/03\\\/Manolo-Victorio.jpg\",\"keywords\":[\"Ricardo Monreal \u00c1vila\",\"TEPJF\"],\"articleSection\":[\"De Opini\u00f3n\"],\"inLanguage\":\"es\"},{\"@type\":\"WebPage\",\"@id\":\"https:\\\/\\\/lospoliticosveracruz.com\\\/?p=130364\",\"url\":\"https:\\\/\\\/lospoliticosveracruz.com\\\/?p=130364\",\"name\":\"NRDA - Los pol\u00edticos Veracruz\",\"isPartOf\":{\"@id\":\"https:\\\/\\\/lospoliticosveracruz.com\\\/#website\"},\"primaryImageOfPage\":{\"@id\":\"https:\\\/\\\/lospoliticosveracruz.com\\\/?p=130364#primaryimage\"},\"image\":{\"@id\":\"https:\\\/\\\/lospoliticosveracruz.com\\\/?p=130364#primaryimage\"},\"thumbnailUrl\":\"https:\\\/\\\/lospoliticosveracruz.com\\\/wp-content\\\/uploads\\\/2024\\\/03\\\/Manolo-Victorio.jpg\",\"datePublished\":\"2024-09-26T17:23:01+00:00\",\"dateModified\":\"2024-09-26T17:23:08+00:00\",\"breadcrumb\":{\"@id\":\"https:\\\/\\\/lospoliticosveracruz.com\\\/?p=130364#breadcrumb\"},\"inLanguage\":\"es\",\"potentialAction\":[{\"@type\":\"ReadAction\",\"target\":[\"https:\\\/\\\/lospoliticosveracruz.com\\\/?p=130364\"]}]},{\"@type\":\"ImageObject\",\"inLanguage\":\"es\",\"@id\":\"https:\\\/\\\/lospoliticosveracruz.com\\\/?p=130364#primaryimage\",\"url\":\"https:\\\/\\\/lospoliticosveracruz.com\\\/wp-content\\\/uploads\\\/2024\\\/03\\\/Manolo-Victorio.jpg\",\"contentUrl\":\"https:\\\/\\\/lospoliticosveracruz.com\\\/wp-content\\\/uploads\\\/2024\\\/03\\\/Manolo-Victorio.jpg\",\"width\":1250,\"height\":667},{\"@type\":\"BreadcrumbList\",\"@id\":\"https:\\\/\\\/lospoliticosveracruz.com\\\/?p=130364#breadcrumb\",\"itemListElement\":[{\"@type\":\"ListItem\",\"position\":1,\"name\":\"Portada\",\"item\":\"https:\\\/\\\/lospoliticosveracruz.com\\\/\"},{\"@type\":\"ListItem\",\"position\":2,\"name\":\"NRDA\"}]},{\"@type\":\"WebSite\",\"@id\":\"https:\\\/\\\/lospoliticosveracruz.com\\\/#website\",\"url\":\"https:\\\/\\\/lospoliticosveracruz.com\\\/\",\"name\":\"Los pol\u00edticos Veracruz\",\"description\":\"\",\"publisher\":{\"@id\":\"https:\\\/\\\/lospoliticosveracruz.com\\\/#organization\"},\"potentialAction\":[{\"@type\":\"SearchAction\",\"target\":{\"@type\":\"EntryPoint\",\"urlTemplate\":\"https:\\\/\\\/lospoliticosveracruz.com\\\/?s={search_term_string}\"},\"query-input\":{\"@type\":\"PropertyValueSpecification\",\"valueRequired\":true,\"valueName\":\"search_term_string\"}}],\"inLanguage\":\"es\"},{\"@type\":\"Organization\",\"@id\":\"https:\\\/\\\/lospoliticosveracruz.com\\\/#organization\",\"name\":\"Los pol\u00edticos Veracruz\",\"url\":\"https:\\\/\\\/lospoliticosveracruz.com\\\/\",\"logo\":{\"@type\":\"ImageObject\",\"inLanguage\":\"es\",\"@id\":\"https:\\\/\\\/lospoliticosveracruz.com\\\/#\\\/schema\\\/logo\\\/image\\\/\",\"url\":\"https:\\\/\\\/lospoliticosveracruz.com\\\/wp-content\\\/uploads\\\/2025\\\/12\\\/Logo-Nuevo-LOS-POLITICOS-1.jpg\",\"contentUrl\":\"https:\\\/\\\/lospoliticosveracruz.com\\\/wp-content\\\/uploads\\\/2025\\\/12\\\/Logo-Nuevo-LOS-POLITICOS-1.jpg\",\"width\":260,\"height\":70,\"caption\":\"Los pol\u00edticos Veracruz\"},\"image\":{\"@id\":\"https:\\\/\\\/lospoliticosveracruz.com\\\/#\\\/schema\\\/logo\\\/image\\\/\"},\"sameAs\":[\"https:\\\/\\\/www.facebook.com\\\/people\\\/Notimemes-de-los-Polticos\\\/61565672886568\\\/\",\"https:\\\/\\\/x.com\\\/LosPoliticosVer\"]},{\"@type\":\"Person\",\"@id\":\"https:\\\/\\\/lospoliticosveracruz.com\\\/#\\\/schema\\\/person\\\/b8702bb0e538456e6efd07080bf2a4a2\",\"name\":\"Lo viste en Los Pol\u00edticos\",\"image\":{\"@type\":\"ImageObject\",\"inLanguage\":\"es\",\"@id\":\"https:\\\/\\\/secure.gravatar.com\\\/avatar\\\/3a8de04a2656d44082be478bd6c086daa447c4651605818287b9532d3d0bd435?s=96&d=mm&r=g\",\"url\":\"https:\\\/\\\/secure.gravatar.com\\\/avatar\\\/3a8de04a2656d44082be478bd6c086daa447c4651605818287b9532d3d0bd435?s=96&d=mm&r=g\",\"contentUrl\":\"https:\\\/\\\/secure.gravatar.com\\\/avatar\\\/3a8de04a2656d44082be478bd6c086daa447c4651605818287b9532d3d0bd435?s=96&d=mm&r=g\",\"caption\":\"Lo viste en Los Pol\u00edticos\"},\"url\":\"https:\\\/\\\/lospoliticosveracruz.com\\\/?author=2\"}]}<\/script>\n<!-- \/ Yoast SEO plugin. -->","yoast_head_json":{"title":"NRDA - Los pol\u00edticos Veracruz","robots":{"index":"index","follow":"follow","max-snippet":"max-snippet:-1","max-image-preview":"max-image-preview:large","max-video-preview":"max-video-preview:-1"},"canonical":"https:\/\/lospoliticosveracruz.com\/?p=130364","og_locale":"es_ES","og_type":"article","og_title":"NRDA - Los pol\u00edticos Veracruz","og_description":"Manolo Victorio&nbsp; Carpe Diem El letrero, colocado en la entrada de antros, discotecas y lugares de diversi\u00f3n nocturna, avisaba a los posibles asistentes que hab\u00eda una clausula unilateral donde el negocio prestador del servicio estipulaba: \u201cNos Reservamos el Derecho de Admisi\u00f3n\u201d. Era un atajo para indeseables y non gratos.&nbsp; Representaba para el visitante incomodo una [&hellip;]","og_url":"https:\/\/lospoliticosveracruz.com\/?p=130364","og_site_name":"Los pol\u00edticos Veracruz","article_publisher":"https:\/\/www.facebook.com\/people\/Notimemes-de-los-Polticos\/61565672886568\/","article_published_time":"2024-09-26T17:23:01+00:00","article_modified_time":"2024-09-26T17:23:08+00:00","og_image":[{"width":1250,"height":667,"url":"https:\/\/lospoliticosveracruz.com\/wp-content\/uploads\/2024\/03\/Manolo-Victorio.jpg","type":"image\/jpeg"}],"author":"Lo viste en Los Pol\u00edticos","twitter_card":"summary_large_image","twitter_creator":"@LosPoliticosVer","twitter_site":"@LosPoliticosVer","twitter_misc":{"Escrito por":"Lo viste en Los Pol\u00edticos","Tiempo de lectura":"5 minutos"},"schema":{"@context":"https:\/\/schema.org","@graph":[{"@type":"Article","@id":"https:\/\/lospoliticosveracruz.com\/?p=130364#article","isPartOf":{"@id":"https:\/\/lospoliticosveracruz.com\/?p=130364"},"author":{"name":"Lo viste en Los Pol\u00edticos","@id":"https:\/\/lospoliticosveracruz.com\/#\/schema\/person\/b8702bb0e538456e6efd07080bf2a4a2"},"headline":"NRDA","datePublished":"2024-09-26T17:23:01+00:00","dateModified":"2024-09-26T17:23:08+00:00","mainEntityOfPage":{"@id":"https:\/\/lospoliticosveracruz.com\/?p=130364"},"wordCount":943,"publisher":{"@id":"https:\/\/lospoliticosveracruz.com\/#organization"},"image":{"@id":"https:\/\/lospoliticosveracruz.com\/?p=130364#primaryimage"},"thumbnailUrl":"https:\/\/lospoliticosveracruz.com\/wp-content\/uploads\/2024\/03\/Manolo-Victorio.jpg","keywords":["Ricardo Monreal \u00c1vila","TEPJF"],"articleSection":["De Opini\u00f3n"],"inLanguage":"es"},{"@type":"WebPage","@id":"https:\/\/lospoliticosveracruz.com\/?p=130364","url":"https:\/\/lospoliticosveracruz.com\/?p=130364","name":"NRDA - Los pol\u00edticos Veracruz","isPartOf":{"@id":"https:\/\/lospoliticosveracruz.com\/#website"},"primaryImageOfPage":{"@id":"https:\/\/lospoliticosveracruz.com\/?p=130364#primaryimage"},"image":{"@id":"https:\/\/lospoliticosveracruz.com\/?p=130364#primaryimage"},"thumbnailUrl":"https:\/\/lospoliticosveracruz.com\/wp-content\/uploads\/2024\/03\/Manolo-Victorio.jpg","datePublished":"2024-09-26T17:23:01+00:00","dateModified":"2024-09-26T17:23:08+00:00","breadcrumb":{"@id":"https:\/\/lospoliticosveracruz.com\/?p=130364#breadcrumb"},"inLanguage":"es","potentialAction":[{"@type":"ReadAction","target":["https:\/\/lospoliticosveracruz.com\/?p=130364"]}]},{"@type":"ImageObject","inLanguage":"es","@id":"https:\/\/lospoliticosveracruz.com\/?p=130364#primaryimage","url":"https:\/\/lospoliticosveracruz.com\/wp-content\/uploads\/2024\/03\/Manolo-Victorio.jpg","contentUrl":"https:\/\/lospoliticosveracruz.com\/wp-content\/uploads\/2024\/03\/Manolo-Victorio.jpg","width":1250,"height":667},{"@type":"BreadcrumbList","@id":"https:\/\/lospoliticosveracruz.com\/?p=130364#breadcrumb","itemListElement":[{"@type":"ListItem","position":1,"name":"Portada","item":"https:\/\/lospoliticosveracruz.com\/"},{"@type":"ListItem","position":2,"name":"NRDA"}]},{"@type":"WebSite","@id":"https:\/\/lospoliticosveracruz.com\/#website","url":"https:\/\/lospoliticosveracruz.com\/","name":"Los pol\u00edticos Veracruz","description":"","publisher":{"@id":"https:\/\/lospoliticosveracruz.com\/#organization"},"potentialAction":[{"@type":"SearchAction","target":{"@type":"EntryPoint","urlTemplate":"https:\/\/lospoliticosveracruz.com\/?s={search_term_string}"},"query-input":{"@type":"PropertyValueSpecification","valueRequired":true,"valueName":"search_term_string"}}],"inLanguage":"es"},{"@type":"Organization","@id":"https:\/\/lospoliticosveracruz.com\/#organization","name":"Los pol\u00edticos Veracruz","url":"https:\/\/lospoliticosveracruz.com\/","logo":{"@type":"ImageObject","inLanguage":"es","@id":"https:\/\/lospoliticosveracruz.com\/#\/schema\/logo\/image\/","url":"https:\/\/lospoliticosveracruz.com\/wp-content\/uploads\/2025\/12\/Logo-Nuevo-LOS-POLITICOS-1.jpg","contentUrl":"https:\/\/lospoliticosveracruz.com\/wp-content\/uploads\/2025\/12\/Logo-Nuevo-LOS-POLITICOS-1.jpg","width":260,"height":70,"caption":"Los pol\u00edticos Veracruz"},"image":{"@id":"https:\/\/lospoliticosveracruz.com\/#\/schema\/logo\/image\/"},"sameAs":["https:\/\/www.facebook.com\/people\/Notimemes-de-los-Polticos\/61565672886568\/","https:\/\/x.com\/LosPoliticosVer"]},{"@type":"Person","@id":"https:\/\/lospoliticosveracruz.com\/#\/schema\/person\/b8702bb0e538456e6efd07080bf2a4a2","name":"Lo viste en Los Pol\u00edticos","image":{"@type":"ImageObject","inLanguage":"es","@id":"https:\/\/secure.gravatar.com\/avatar\/3a8de04a2656d44082be478bd6c086daa447c4651605818287b9532d3d0bd435?s=96&d=mm&r=g","url":"https:\/\/secure.gravatar.com\/avatar\/3a8de04a2656d44082be478bd6c086daa447c4651605818287b9532d3d0bd435?s=96&d=mm&r=g","contentUrl":"https:\/\/secure.gravatar.com\/avatar\/3a8de04a2656d44082be478bd6c086daa447c4651605818287b9532d3d0bd435?s=96&d=mm&r=g","caption":"Lo viste en Los Pol\u00edticos"},"url":"https:\/\/lospoliticosveracruz.com\/?author=2"}]}},"_links":{"self":[{"href":"https:\/\/lospoliticosveracruz.com\/index.php?rest_route=\/wp\/v2\/posts\/130364","targetHints":{"allow":["GET"]}}],"collection":[{"href":"https:\/\/lospoliticosveracruz.com\/index.php?rest_route=\/wp\/v2\/posts"}],"about":[{"href":"https:\/\/lospoliticosveracruz.com\/index.php?rest_route=\/wp\/v2\/types\/post"}],"author":[{"embeddable":true,"href":"https:\/\/lospoliticosveracruz.com\/index.php?rest_route=\/wp\/v2\/users\/2"}],"replies":[{"embeddable":true,"href":"https:\/\/lospoliticosveracruz.com\/index.php?rest_route=%2Fwp%2Fv2%2Fcomments&post=130364"}],"version-history":[{"count":1,"href":"https:\/\/lospoliticosveracruz.com\/index.php?rest_route=\/wp\/v2\/posts\/130364\/revisions"}],"predecessor-version":[{"id":130365,"href":"https:\/\/lospoliticosveracruz.com\/index.php?rest_route=\/wp\/v2\/posts\/130364\/revisions\/130365"}],"wp:featuredmedia":[{"embeddable":true,"href":"https:\/\/lospoliticosveracruz.com\/index.php?rest_route=\/wp\/v2\/media\/119925"}],"wp:attachment":[{"href":"https:\/\/lospoliticosveracruz.com\/index.php?rest_route=%2Fwp%2Fv2%2Fmedia&parent=130364"}],"wp:term":[{"taxonomy":"category","embeddable":true,"href":"https:\/\/lospoliticosveracruz.com\/index.php?rest_route=%2Fwp%2Fv2%2Fcategories&post=130364"},{"taxonomy":"post_tag","embeddable":true,"href":"https:\/\/lospoliticosveracruz.com\/index.php?rest_route=%2Fwp%2Fv2%2Ftags&post=130364"}],"curies":[{"name":"wp","href":"https:\/\/api.w.org\/{rel}","templated":true}]}}