{"id":130409,"date":"2024-09-27T10:09:54","date_gmt":"2024-09-27T15:09:54","guid":{"rendered":"https:\/\/lospoliticosveracruz.com.mx\/?p=130409"},"modified":"2024-09-27T10:11:38","modified_gmt":"2024-09-27T15:11:38","slug":"alcaldes-aprobacion-en-caida","status":"publish","type":"post","link":"https:\/\/lospoliticosveracruz.com\/?p=130409","title":{"rendered":"ALCALDES, APROBACI\u00d3N EN CA\u00cdDA"},"content":{"rendered":"\n<p><strong>Luis Alberto Romero<\/strong><br><em>Hora cero<\/em><br>Cada mes, la casa encuestadora Mitofsky publica los resultados de una encuesta que mide la aprobaci\u00f3n de los 150 alcaldes de los municipios m\u00e1s poblados de M\u00e9xico. En junio pasado, por ejemplo, dos alcaldes veracruzanos, ambos del PAN, se destacaron en el top 10 de los ediles mejor evaluados: Patricia Lobeira, del Puerto de Veracruz, ocup\u00f3 el tercer lugar, y Juan Manuel de Unanue, de Boca del R\u00edo, el octavo.<br>En una posici\u00f3n m\u00e1s discreta, el alcalde de Orizaba, Juan Manuel Diez Francos, se encontraba en el lugar 32, con una calificaci\u00f3n del 53.1%. Otros ediles, todos de Morena, se rezagaron en la encuesta de Mitofsky.<br>Recientemente, la misma casa encuestadora difundi\u00f3 una actualizaci\u00f3n de sus datos, con corte al mes de agosto. En esta encuesta, destaca que la alcaldesa del Puerto de Veracruz se mantuvo entre los 10 mejor evaluados del pa\u00eds, descendiendo del tercero al quinto lugar con una calificaci\u00f3n de 55.4. Por su parte, Juan Manuel de Unanue baj\u00f3 de la octava a la und\u00e9cima posici\u00f3n, con una evaluaci\u00f3n de 55.0.<br>El alcalde de Orizaba, Juan Manuel Diez Francos, se mantuvo en la misma posici\u00f3n (32), pero su calificaci\u00f3n descendi\u00f3 ligeramente a 53.4. Al igual que en la encuesta anterior, ning\u00fan otro alcalde veracruzano logr\u00f3 colocarse entre los 50 mejor evaluados del pa\u00eds.<br>El morenista Ricardo Ahued, alcalde de Xalapa y pr\u00f3ximo secretario de Gobierno en el gabinete de Roc\u00edo Nahle, obtuvo una aprobaci\u00f3n de 50.7, posicion\u00e1ndose en el lugar 61. Amado Cruz Malpica, de Coatzacoalcos, se coloc\u00f3 en la posici\u00f3n 89, con un nivel de aprobaci\u00f3n de 47.6.<br>A poco m\u00e1s de un a\u00f1o de concluir las actuales administraciones municipales, los dem\u00e1s alcaldes de las ciudades medianas veracruzanas fueron muy mal evaluados en la encuesta de Mitofsky. Por ejemplo, el edil de Tuxpan, Jos\u00e9 Manuel Pozos, se ubic\u00f3 en la posici\u00f3n 94, con una aprobaci\u00f3n de 47%. A\u00fan m\u00e1s rezagado se encuentra Fernando \u201cEl Pulpo\u201d Remes, de Poza Rica, con una calificaci\u00f3n del 43.6%, coloc\u00e1ndose en el lugar 116.<br>En t\u00e9rminos generales, solo cuatro alcaldes veracruzanos lograron calificaciones por encima del 50%: los de Veracruz, Boca del R\u00edo, Orizaba y Xalapa. El resto enfrenta un evidente descr\u00e9dito y opiniones adversas entre los ciudadanos de sus respectivos municipios.<br>La tendencia que muestra el ranking de esta casa encuestadora ha sido relativamente constante desde el inicio de los ayuntamientos en 2022, lo que sugiere que no se puede esperar un cambio radical en los pr\u00f3ximos meses.<br>Este es el panorama que nos ofrece la encuesta de Mitofsky en los municipios veracruzanos, a 15 meses de concluir las actuales administraciones.<br>@luisromero85<\/p>\n","protected":false},"excerpt":{"rendered":"<p>Luis Alberto RomeroHora ceroCada mes, la casa encuestadora Mitofsky publica los resultados de una encuesta que mide la aprobaci\u00f3n de los 150 alcaldes de los municipios m\u00e1s poblados de M\u00e9xico. En junio pasado, por ejemplo, dos alcaldes veracruzanos, ambos del PAN, se destacaron en el top 10 de los ediles mejor evaluados: Patricia Lobeira, del [&hellip;]<\/p>\n","protected":false},"author":2,"featured_media":119912,"comment_status":"closed","ping_status":"closed","sticky":false,"template":"","format":"standard","meta":{"tdm_status":"","tdm_grid_status":"","footnotes":""},"categories":[70],"tags":[5618,11958,1640,1026,266,28254,251,195],"class_list":{"0":"post-130409","1":"post","2":"type-post","3":"status-publish","4":"format-standard","5":"has-post-thumbnail","7":"category-de-opinion","8":"tag-amado-cruz-malpica","9":"tag-jose-manuel-pozos-castro","10":"tag-juan-manuel-diez-francos","11":"tag-morena","12":"tag-pan","13":"tag-patricia-lobeira","14":"tag-pri","15":"tag-veracruz"},"yoast_head":"<!-- This site is optimized with the Yoast SEO plugin v27.4 - https:\/\/yoast.com\/product\/yoast-seo-wordpress\/ -->\n<title>ALCALDES, APROBACI\u00d3N EN CA\u00cdDA - Los pol\u00edticos Veracruz<\/title>\n<meta name=\"robots\" content=\"index, follow, max-snippet:-1, max-image-preview:large, max-video-preview:-1\" \/>\n<link rel=\"canonical\" href=\"https:\/\/lospoliticosveracruz.com\/?p=130409\" \/>\n<meta property=\"og:locale\" content=\"es_ES\" \/>\n<meta property=\"og:type\" content=\"article\" \/>\n<meta property=\"og:title\" content=\"ALCALDES, APROBACI\u00d3N EN CA\u00cdDA - Los pol\u00edticos Veracruz\" \/>\n<meta property=\"og:description\" content=\"Luis Alberto RomeroHora ceroCada mes, la casa encuestadora Mitofsky publica los resultados de una encuesta que mide la aprobaci\u00f3n de los 150 alcaldes de los municipios m\u00e1s poblados de M\u00e9xico. En junio pasado, por ejemplo, dos alcaldes veracruzanos, ambos del PAN, se destacaron en el top 10 de los ediles mejor evaluados: Patricia Lobeira, del [&hellip;]\" \/>\n<meta property=\"og:url\" content=\"https:\/\/lospoliticosveracruz.com\/?p=130409\" \/>\n<meta property=\"og:site_name\" content=\"Los pol\u00edticos Veracruz\" \/>\n<meta property=\"article:publisher\" content=\"https:\/\/www.facebook.com\/people\/Notimemes-de-los-Polticos\/61565672886568\/\" \/>\n<meta property=\"article:published_time\" content=\"2024-09-27T15:09:54+00:00\" \/>\n<meta property=\"article:modified_time\" content=\"2024-09-27T15:11:38+00:00\" \/>\n<meta property=\"og:image\" content=\"https:\/\/lospoliticosveracruz.com\/wp-content\/uploads\/2024\/03\/Luis-Romero.jpg\" \/>\n\t<meta property=\"og:image:width\" content=\"1250\" \/>\n\t<meta property=\"og:image:height\" content=\"667\" \/>\n\t<meta property=\"og:image:type\" content=\"image\/jpeg\" \/>\n<meta name=\"author\" content=\"Lo viste en Los Pol\u00edticos\" \/>\n<meta name=\"twitter:card\" content=\"summary_large_image\" \/>\n<meta name=\"twitter:creator\" content=\"@LosPoliticosVer\" \/>\n<meta name=\"twitter:site\" content=\"@LosPoliticosVer\" \/>\n<meta name=\"twitter:label1\" content=\"Escrito por\" \/>\n\t<meta name=\"twitter:data1\" content=\"Lo viste en Los Pol\u00edticos\" \/>\n\t<meta name=\"twitter:label2\" content=\"Tiempo de lectura\" \/>\n\t<meta name=\"twitter:data2\" content=\"2 minutos\" \/>\n<script type=\"application\/ld+json\" class=\"yoast-schema-graph\">{\"@context\":\"https:\\\/\\\/schema.org\",\"@graph\":[{\"@type\":\"Article\",\"@id\":\"https:\\\/\\\/lospoliticosveracruz.com\\\/?p=130409#article\",\"isPartOf\":{\"@id\":\"https:\\\/\\\/lospoliticosveracruz.com\\\/?p=130409\"},\"author\":{\"name\":\"Lo viste en Los Pol\u00edticos\",\"@id\":\"https:\\\/\\\/lospoliticosveracruz.com\\\/#\\\/schema\\\/person\\\/b8702bb0e538456e6efd07080bf2a4a2\"},\"headline\":\"ALCALDES, APROBACI\u00d3N EN CA\u00cdDA\",\"datePublished\":\"2024-09-27T15:09:54+00:00\",\"dateModified\":\"2024-09-27T15:11:38+00:00\",\"mainEntityOfPage\":{\"@id\":\"https:\\\/\\\/lospoliticosveracruz.com\\\/?p=130409\"},\"wordCount\":458,\"publisher\":{\"@id\":\"https:\\\/\\\/lospoliticosveracruz.com\\\/#organization\"},\"image\":{\"@id\":\"https:\\\/\\\/lospoliticosveracruz.com\\\/?p=130409#primaryimage\"},\"thumbnailUrl\":\"https:\\\/\\\/lospoliticosveracruz.com\\\/wp-content\\\/uploads\\\/2024\\\/03\\\/Luis-Romero.jpg\",\"keywords\":[\"Amado Cruz Malpica\",\"Jos\u00e9 Manuel Pozos Castro\",\"Juan Manuel Diez Francos\",\"Morena\",\"PAN\",\"Patricia Lobeira\",\"PRI\",\"Veracruz\"],\"articleSection\":[\"De Opini\u00f3n\"],\"inLanguage\":\"es\"},{\"@type\":\"WebPage\",\"@id\":\"https:\\\/\\\/lospoliticosveracruz.com\\\/?p=130409\",\"url\":\"https:\\\/\\\/lospoliticosveracruz.com\\\/?p=130409\",\"name\":\"ALCALDES, APROBACI\u00d3N EN CA\u00cdDA - Los pol\u00edticos Veracruz\",\"isPartOf\":{\"@id\":\"https:\\\/\\\/lospoliticosveracruz.com\\\/#website\"},\"primaryImageOfPage\":{\"@id\":\"https:\\\/\\\/lospoliticosveracruz.com\\\/?p=130409#primaryimage\"},\"image\":{\"@id\":\"https:\\\/\\\/lospoliticosveracruz.com\\\/?p=130409#primaryimage\"},\"thumbnailUrl\":\"https:\\\/\\\/lospoliticosveracruz.com\\\/wp-content\\\/uploads\\\/2024\\\/03\\\/Luis-Romero.jpg\",\"datePublished\":\"2024-09-27T15:09:54+00:00\",\"dateModified\":\"2024-09-27T15:11:38+00:00\",\"breadcrumb\":{\"@id\":\"https:\\\/\\\/lospoliticosveracruz.com\\\/?p=130409#breadcrumb\"},\"inLanguage\":\"es\",\"potentialAction\":[{\"@type\":\"ReadAction\",\"target\":[\"https:\\\/\\\/lospoliticosveracruz.com\\\/?p=130409\"]}]},{\"@type\":\"ImageObject\",\"inLanguage\":\"es\",\"@id\":\"https:\\\/\\\/lospoliticosveracruz.com\\\/?p=130409#primaryimage\",\"url\":\"https:\\\/\\\/lospoliticosveracruz.com\\\/wp-content\\\/uploads\\\/2024\\\/03\\\/Luis-Romero.jpg\",\"contentUrl\":\"https:\\\/\\\/lospoliticosveracruz.com\\\/wp-content\\\/uploads\\\/2024\\\/03\\\/Luis-Romero.jpg\",\"width\":1250,\"height\":667},{\"@type\":\"BreadcrumbList\",\"@id\":\"https:\\\/\\\/lospoliticosveracruz.com\\\/?p=130409#breadcrumb\",\"itemListElement\":[{\"@type\":\"ListItem\",\"position\":1,\"name\":\"Portada\",\"item\":\"https:\\\/\\\/lospoliticosveracruz.com\\\/\"},{\"@type\":\"ListItem\",\"position\":2,\"name\":\"ALCALDES, APROBACI\u00d3N EN CA\u00cdDA\"}]},{\"@type\":\"WebSite\",\"@id\":\"https:\\\/\\\/lospoliticosveracruz.com\\\/#website\",\"url\":\"https:\\\/\\\/lospoliticosveracruz.com\\\/\",\"name\":\"Los pol\u00edticos Veracruz\",\"description\":\"\",\"publisher\":{\"@id\":\"https:\\\/\\\/lospoliticosveracruz.com\\\/#organization\"},\"potentialAction\":[{\"@type\":\"SearchAction\",\"target\":{\"@type\":\"EntryPoint\",\"urlTemplate\":\"https:\\\/\\\/lospoliticosveracruz.com\\\/?s={search_term_string}\"},\"query-input\":{\"@type\":\"PropertyValueSpecification\",\"valueRequired\":true,\"valueName\":\"search_term_string\"}}],\"inLanguage\":\"es\"},{\"@type\":\"Organization\",\"@id\":\"https:\\\/\\\/lospoliticosveracruz.com\\\/#organization\",\"name\":\"Los pol\u00edticos Veracruz\",\"url\":\"https:\\\/\\\/lospoliticosveracruz.com\\\/\",\"logo\":{\"@type\":\"ImageObject\",\"inLanguage\":\"es\",\"@id\":\"https:\\\/\\\/lospoliticosveracruz.com\\\/#\\\/schema\\\/logo\\\/image\\\/\",\"url\":\"https:\\\/\\\/lospoliticosveracruz.com\\\/wp-content\\\/uploads\\\/2025\\\/12\\\/Logo-Nuevo-LOS-POLITICOS-1.jpg\",\"contentUrl\":\"https:\\\/\\\/lospoliticosveracruz.com\\\/wp-content\\\/uploads\\\/2025\\\/12\\\/Logo-Nuevo-LOS-POLITICOS-1.jpg\",\"width\":260,\"height\":70,\"caption\":\"Los pol\u00edticos Veracruz\"},\"image\":{\"@id\":\"https:\\\/\\\/lospoliticosveracruz.com\\\/#\\\/schema\\\/logo\\\/image\\\/\"},\"sameAs\":[\"https:\\\/\\\/www.facebook.com\\\/people\\\/Notimemes-de-los-Polticos\\\/61565672886568\\\/\",\"https:\\\/\\\/x.com\\\/LosPoliticosVer\"]},{\"@type\":\"Person\",\"@id\":\"https:\\\/\\\/lospoliticosveracruz.com\\\/#\\\/schema\\\/person\\\/b8702bb0e538456e6efd07080bf2a4a2\",\"name\":\"Lo viste en Los Pol\u00edticos\",\"image\":{\"@type\":\"ImageObject\",\"inLanguage\":\"es\",\"@id\":\"https:\\\/\\\/secure.gravatar.com\\\/avatar\\\/3a8de04a2656d44082be478bd6c086daa447c4651605818287b9532d3d0bd435?s=96&d=mm&r=g\",\"url\":\"https:\\\/\\\/secure.gravatar.com\\\/avatar\\\/3a8de04a2656d44082be478bd6c086daa447c4651605818287b9532d3d0bd435?s=96&d=mm&r=g\",\"contentUrl\":\"https:\\\/\\\/secure.gravatar.com\\\/avatar\\\/3a8de04a2656d44082be478bd6c086daa447c4651605818287b9532d3d0bd435?s=96&d=mm&r=g\",\"caption\":\"Lo viste en Los Pol\u00edticos\"},\"url\":\"https:\\\/\\\/lospoliticosveracruz.com\\\/?author=2\"}]}<\/script>\n<!-- \/ Yoast SEO plugin. -->","yoast_head_json":{"title":"ALCALDES, APROBACI\u00d3N EN CA\u00cdDA - Los pol\u00edticos Veracruz","robots":{"index":"index","follow":"follow","max-snippet":"max-snippet:-1","max-image-preview":"max-image-preview:large","max-video-preview":"max-video-preview:-1"},"canonical":"https:\/\/lospoliticosveracruz.com\/?p=130409","og_locale":"es_ES","og_type":"article","og_title":"ALCALDES, APROBACI\u00d3N EN CA\u00cdDA - Los pol\u00edticos Veracruz","og_description":"Luis Alberto RomeroHora ceroCada mes, la casa encuestadora Mitofsky publica los resultados de una encuesta que mide la aprobaci\u00f3n de los 150 alcaldes de los municipios m\u00e1s poblados de M\u00e9xico. En junio pasado, por ejemplo, dos alcaldes veracruzanos, ambos del PAN, se destacaron en el top 10 de los ediles mejor evaluados: Patricia Lobeira, del [&hellip;]","og_url":"https:\/\/lospoliticosveracruz.com\/?p=130409","og_site_name":"Los pol\u00edticos Veracruz","article_publisher":"https:\/\/www.facebook.com\/people\/Notimemes-de-los-Polticos\/61565672886568\/","article_published_time":"2024-09-27T15:09:54+00:00","article_modified_time":"2024-09-27T15:11:38+00:00","og_image":[{"width":1250,"height":667,"url":"https:\/\/lospoliticosveracruz.com\/wp-content\/uploads\/2024\/03\/Luis-Romero.jpg","type":"image\/jpeg"}],"author":"Lo viste en Los Pol\u00edticos","twitter_card":"summary_large_image","twitter_creator":"@LosPoliticosVer","twitter_site":"@LosPoliticosVer","twitter_misc":{"Escrito por":"Lo viste en Los Pol\u00edticos","Tiempo de lectura":"2 minutos"},"schema":{"@context":"https:\/\/schema.org","@graph":[{"@type":"Article","@id":"https:\/\/lospoliticosveracruz.com\/?p=130409#article","isPartOf":{"@id":"https:\/\/lospoliticosveracruz.com\/?p=130409"},"author":{"name":"Lo viste en Los Pol\u00edticos","@id":"https:\/\/lospoliticosveracruz.com\/#\/schema\/person\/b8702bb0e538456e6efd07080bf2a4a2"},"headline":"ALCALDES, APROBACI\u00d3N EN CA\u00cdDA","datePublished":"2024-09-27T15:09:54+00:00","dateModified":"2024-09-27T15:11:38+00:00","mainEntityOfPage":{"@id":"https:\/\/lospoliticosveracruz.com\/?p=130409"},"wordCount":458,"publisher":{"@id":"https:\/\/lospoliticosveracruz.com\/#organization"},"image":{"@id":"https:\/\/lospoliticosveracruz.com\/?p=130409#primaryimage"},"thumbnailUrl":"https:\/\/lospoliticosveracruz.com\/wp-content\/uploads\/2024\/03\/Luis-Romero.jpg","keywords":["Amado Cruz Malpica","Jos\u00e9 Manuel Pozos Castro","Juan Manuel Diez Francos","Morena","PAN","Patricia Lobeira","PRI","Veracruz"],"articleSection":["De Opini\u00f3n"],"inLanguage":"es"},{"@type":"WebPage","@id":"https:\/\/lospoliticosveracruz.com\/?p=130409","url":"https:\/\/lospoliticosveracruz.com\/?p=130409","name":"ALCALDES, APROBACI\u00d3N EN CA\u00cdDA - Los pol\u00edticos Veracruz","isPartOf":{"@id":"https:\/\/lospoliticosveracruz.com\/#website"},"primaryImageOfPage":{"@id":"https:\/\/lospoliticosveracruz.com\/?p=130409#primaryimage"},"image":{"@id":"https:\/\/lospoliticosveracruz.com\/?p=130409#primaryimage"},"thumbnailUrl":"https:\/\/lospoliticosveracruz.com\/wp-content\/uploads\/2024\/03\/Luis-Romero.jpg","datePublished":"2024-09-27T15:09:54+00:00","dateModified":"2024-09-27T15:11:38+00:00","breadcrumb":{"@id":"https:\/\/lospoliticosveracruz.com\/?p=130409#breadcrumb"},"inLanguage":"es","potentialAction":[{"@type":"ReadAction","target":["https:\/\/lospoliticosveracruz.com\/?p=130409"]}]},{"@type":"ImageObject","inLanguage":"es","@id":"https:\/\/lospoliticosveracruz.com\/?p=130409#primaryimage","url":"https:\/\/lospoliticosveracruz.com\/wp-content\/uploads\/2024\/03\/Luis-Romero.jpg","contentUrl":"https:\/\/lospoliticosveracruz.com\/wp-content\/uploads\/2024\/03\/Luis-Romero.jpg","width":1250,"height":667},{"@type":"BreadcrumbList","@id":"https:\/\/lospoliticosveracruz.com\/?p=130409#breadcrumb","itemListElement":[{"@type":"ListItem","position":1,"name":"Portada","item":"https:\/\/lospoliticosveracruz.com\/"},{"@type":"ListItem","position":2,"name":"ALCALDES, APROBACI\u00d3N EN CA\u00cdDA"}]},{"@type":"WebSite","@id":"https:\/\/lospoliticosveracruz.com\/#website","url":"https:\/\/lospoliticosveracruz.com\/","name":"Los pol\u00edticos Veracruz","description":"","publisher":{"@id":"https:\/\/lospoliticosveracruz.com\/#organization"},"potentialAction":[{"@type":"SearchAction","target":{"@type":"EntryPoint","urlTemplate":"https:\/\/lospoliticosveracruz.com\/?s={search_term_string}"},"query-input":{"@type":"PropertyValueSpecification","valueRequired":true,"valueName":"search_term_string"}}],"inLanguage":"es"},{"@type":"Organization","@id":"https:\/\/lospoliticosveracruz.com\/#organization","name":"Los pol\u00edticos Veracruz","url":"https:\/\/lospoliticosveracruz.com\/","logo":{"@type":"ImageObject","inLanguage":"es","@id":"https:\/\/lospoliticosveracruz.com\/#\/schema\/logo\/image\/","url":"https:\/\/lospoliticosveracruz.com\/wp-content\/uploads\/2025\/12\/Logo-Nuevo-LOS-POLITICOS-1.jpg","contentUrl":"https:\/\/lospoliticosveracruz.com\/wp-content\/uploads\/2025\/12\/Logo-Nuevo-LOS-POLITICOS-1.jpg","width":260,"height":70,"caption":"Los pol\u00edticos Veracruz"},"image":{"@id":"https:\/\/lospoliticosveracruz.com\/#\/schema\/logo\/image\/"},"sameAs":["https:\/\/www.facebook.com\/people\/Notimemes-de-los-Polticos\/61565672886568\/","https:\/\/x.com\/LosPoliticosVer"]},{"@type":"Person","@id":"https:\/\/lospoliticosveracruz.com\/#\/schema\/person\/b8702bb0e538456e6efd07080bf2a4a2","name":"Lo viste en Los Pol\u00edticos","image":{"@type":"ImageObject","inLanguage":"es","@id":"https:\/\/secure.gravatar.com\/avatar\/3a8de04a2656d44082be478bd6c086daa447c4651605818287b9532d3d0bd435?s=96&d=mm&r=g","url":"https:\/\/secure.gravatar.com\/avatar\/3a8de04a2656d44082be478bd6c086daa447c4651605818287b9532d3d0bd435?s=96&d=mm&r=g","contentUrl":"https:\/\/secure.gravatar.com\/avatar\/3a8de04a2656d44082be478bd6c086daa447c4651605818287b9532d3d0bd435?s=96&d=mm&r=g","caption":"Lo viste en Los Pol\u00edticos"},"url":"https:\/\/lospoliticosveracruz.com\/?author=2"}]}},"_links":{"self":[{"href":"https:\/\/lospoliticosveracruz.com\/index.php?rest_route=\/wp\/v2\/posts\/130409","targetHints":{"allow":["GET"]}}],"collection":[{"href":"https:\/\/lospoliticosveracruz.com\/index.php?rest_route=\/wp\/v2\/posts"}],"about":[{"href":"https:\/\/lospoliticosveracruz.com\/index.php?rest_route=\/wp\/v2\/types\/post"}],"author":[{"embeddable":true,"href":"https:\/\/lospoliticosveracruz.com\/index.php?rest_route=\/wp\/v2\/users\/2"}],"replies":[{"embeddable":true,"href":"https:\/\/lospoliticosveracruz.com\/index.php?rest_route=%2Fwp%2Fv2%2Fcomments&post=130409"}],"version-history":[{"count":1,"href":"https:\/\/lospoliticosveracruz.com\/index.php?rest_route=\/wp\/v2\/posts\/130409\/revisions"}],"predecessor-version":[{"id":130410,"href":"https:\/\/lospoliticosveracruz.com\/index.php?rest_route=\/wp\/v2\/posts\/130409\/revisions\/130410"}],"wp:featuredmedia":[{"embeddable":true,"href":"https:\/\/lospoliticosveracruz.com\/index.php?rest_route=\/wp\/v2\/media\/119912"}],"wp:attachment":[{"href":"https:\/\/lospoliticosveracruz.com\/index.php?rest_route=%2Fwp%2Fv2%2Fmedia&parent=130409"}],"wp:term":[{"taxonomy":"category","embeddable":true,"href":"https:\/\/lospoliticosveracruz.com\/index.php?rest_route=%2Fwp%2Fv2%2Fcategories&post=130409"},{"taxonomy":"post_tag","embeddable":true,"href":"https:\/\/lospoliticosveracruz.com\/index.php?rest_route=%2Fwp%2Fv2%2Ftags&post=130409"}],"curies":[{"name":"wp","href":"https:\/\/api.w.org\/{rel}","templated":true}]}}