{"id":130448,"date":"2024-09-28T07:39:45","date_gmt":"2024-09-28T12:39:45","guid":{"rendered":"https:\/\/lospoliticosveracruz.com.mx\/?p=130448"},"modified":"2024-09-28T07:40:55","modified_gmt":"2024-09-28T12:40:55","slug":"pvem-en-veracruz-y-su-caida-de-la-4t","status":"publish","type":"post","link":"https:\/\/lospoliticosveracruz.com\/?p=130448","title":{"rendered":"PVEM EN VERACRUZ Y SU CA\u00cdDA DE LA 4T"},"content":{"rendered":"\n<p><strong>Ricardo Chua<\/strong><\/p>\n\n\n\n<p><em>Sale y Vale<\/em><\/p>\n\n\n\n<p>\u00abGarganta Profunda\u00bb se\u00f1ala que el PVEM en Veracruz es desde\u00f1ado por el futuro gobierno estatal de la 4T.. No los necesita, ni siquiera para las elecciones locales del 2024.. Ha ayudado m\u00e1s el senador, Miguel \u00c1ngel Yunes M\u00e1rquez, que el diputado federal, Javier Herrera Borunda, al proyecto nacional de la \u00abCuarta Transformaci\u00f3n\u00bb.. Lo que hace que los \u00abVerdes\u00bb en la entidad sean prescindibles.. \u00bfPara qu\u00e9 los necesitan?.. \u00bfLes sirve de algo?.. Roc\u00edo Nahle ni los toma en cuenta..<\/p>\n\n\n\n<p>El asunto es sencillo.. Si un diputado local del PVEM quiere salir del \u00abhuacal\u00bb.. Lo \u00abaprietan\u00bb donde deben de \u00abapretarlo\u00bb y deja a ese partido y se vuelve a MORENA.. Y tan poco atractivo es ya para el pol\u00edtico, ser miembro del \u00abVerde\u00bb en Veracruz.. Que lo est\u00e1n empezando a abandonar.. Uno de sus principales activos pol\u00edticos y qui\u00e9n le llev\u00f3 \u00abaire fresco\u00bb al PVEM hace unos meses en la entidad.. Acaba de dejar de ser miembro del PVEM para irse a MORENA.. Tal es el caso de la diputada local, Anil\u00fa Ingram.. Ah\u00ed los dej\u00f3.. Javier se queda s\u00f3lo y su alma..<\/p>\n\n\n\n<p>Uno de los principales reclamos a Herrera Borunda es que mantiene en la dirigencia estatal a Marcelo Ruiz.. Uno de los personajes que m\u00e1s da\u00f1o le ha hecho a su partido.. Y que nadie acude a su llamado.. Y lo peor es que est\u00e1 tan se\u00f1alado que lo tienen \u00abagarrado\u00bb con temas familiares y no puede protestar nada.. El PVEM dej\u00f3 de ser un partido aliado para ser un organismo abyecto a MORENA y la 4T.. De esa manera, \u00abGarganta Profunda\u00bb dice que los \u00abVerdes\u00bb van camino al precipicio pol\u00edtico.. Y m\u00e1s personajes lo abandonar\u00e1n pr\u00f3ximamente..<\/p>\n\n\n\n<p>De los principales reclamos a Javier Herrera es que no renueva la dirigencia estatal.. Y si la quiere \u00abrenovar\u00bb, en lugar de Marcelo Ruiz quiere dejar a su primo, Edgar Herrera.. Tanto critic\u00f3 a Los Yunes en privado.. Que actuaban como una \u00abMonarqu\u00eda\u00bb que \u00e9l est\u00e1 a punto de hacer lo mismo con el Primo Edgar.. Se parece a Cuitl\u00e1huac Garc\u00eda con su primo, Eleazar Guerrero P\u00e9rez.. Pero una cosa es el decir y otra el actuar.. Y el PVEM va en ese camino.. Mantenido s\u00f3lo por las prerrogativas pero estancado pol\u00edticamente..<\/p>\n\n\n\n<p>Finalmente para nadie es un secreto.. Que el PVEM en Veracruz tiene una falta de operaci\u00f3n territorial y pol\u00edtica porque realmente Javier y Edgar Herrra junto con Marcelo Ruiz, no est\u00e1n haciendo pol\u00edtica.. S\u00f3lo est\u00e1n viviendo de las \u00abmigajas\u00bb que le suelta MORENA.. Se ha vuelto una franquicia familiar de los Herrera.. Pero con la entrada de Los Yunes est\u00e1n totalmente \u00abeclipsados\u00bb en el \u00abVerde\u00bb porque si ellos empiezan a \u00abjugar\u00bb con el PT, lo van a hacer crecer y el PVEM se va ir para abajo en las elecciones municipales del 2025..<\/p>\n\n\n\n<p>El PVEM en Veracruz est\u00e1 tan PASMADO que no vieron la posibilidad de \u00abcachar\u00bb todo lo que \u00abhuela\u00bb a Yunes del PAN.. Ni siquiera se movieron y se quedaron \u00abcongelados\u00bb con el voto n\u00famero 86 en el Senado.. Tanto as\u00ed que el diputado federal, Javier Herrera Borunda, se ha quedado completamente callado ante esa situaci\u00f3n.. A pesar de que uno de los part\u00edcipes de este voto, es Manuel Velasco Coello.. Amigo de Los Yunes por muchos a\u00f1os.. Y a Javier Herrera ni lo tom\u00f3 en cuenta para llevar esta negociaci\u00f3n en CDMX..<\/p>\n\n\n\n<p>Es m\u00e1s para la 4T, Roc\u00edo Nahle, Cuitl\u00e1huac Garc\u00eda y los propios Yunes en Veracruz.. Los operadores y \u00abalfiles\u00bb del PVEM en Veracruz, son muy \u00abchicos\u00bb que ni siquiera han entendido el tema de la pol\u00edtica en Veracruz.. Y por esa raz\u00f3n, Javier Herrera queda fuera de toda negociaci\u00f3n.. Por eso, el \u00abVerde\u00bb se ha empezado a desdibujar porque no hay operaci\u00f3n pol\u00edtica, ni contenci\u00f3n para hacer crecer la franquicia.. Ya que s\u00f3lo est\u00e1 suscrito a ser una \u00abfranquicia\u00bb familiar de los Herrera.. En unos meses el PT ser\u00e1 m\u00e1s fuerte que el PVEM.. TAN AVISAOS..<\/p>\n\n\n\n<p>REFLEXI\u00d3N.. Mientras los \u00abalfiles\u00bb de Javier Herrera.. Marcelo Ruiz y el \u00abPrimo\u00bb Edgar Herrera est\u00e1n INVISIBLES en el entorno pol\u00edtico de Veracruz de la 4T.. Los Yunes y su grupo avanzan.. Y al PVEM s\u00f3lo le queda claro el proyecto nacional a lado de Manuel Velasco y Jorge Emilio Gonz\u00e1lez \u00abEl Ni\u00f1o Verde\u00bb.. Ya que en Veracruz a Roc\u00edo Nahle, los \u00abVerdes\u00bb le sirven de muy poco.. Debido a que en la entidad tienen poco que pelar.. Si al \u00abCachorro Fiel\u00bb poco le importa el partido en el Estado.. Menos a Nahle le interesa que pase con el PVEM..<\/p>\n\n\n\n<p>Finalmente, Manuel Velasco s\u00f3lo est\u00e1 en el tema nacional dentro del Congreso de la Uni\u00f3n..Para apoderarse de las comisiones m\u00e1s importantes.. Y tratar de colocar a candidatos del PVEM en las elecciones a gobernador que habr\u00e1 en 2026.. Lo cual lleva a deducir que Javier Herrera Borunda est\u00e1 sin operadores pol\u00edticos en Veracruz.. S\u00f3lo depende del apellido de su pap\u00e1, Fidel Herrera Beltr\u00e1n.. Pero \u00e9l tiene ya 14 a\u00f1os que dej\u00f3 de ser gobernador de Veracruz.. Y cada d\u00eda se vuelve un recuerdo m\u00e1s lejano.. EL QUE ENTENDI\u00d3, ENTENDI\u00d3..<\/p>\n","protected":false},"excerpt":{"rendered":"<p>Ricardo Chua Sale y Vale \u00abGarganta Profunda\u00bb se\u00f1ala que el PVEM en Veracruz es desde\u00f1ado por el futuro gobierno estatal de la 4T.. No los necesita, ni siquiera para las elecciones locales del 2024.. Ha ayudado m\u00e1s el senador, Miguel \u00c1ngel Yunes M\u00e1rquez, que el diputado federal, Javier Herrera Borunda, al proyecto nacional de la [&hellip;]<\/p>\n","protected":false},"author":2,"featured_media":119817,"comment_status":"closed","ping_status":"closed","sticky":false,"template":"","format":"standard","meta":{"tdm_status":"","tdm_grid_status":"","footnotes":""},"categories":[70],"tags":[1872,17123,32468,1124,964,536,1026,264,3578,195],"class_list":{"0":"post-130448","1":"post","2":"type-post","3":"status-publish","4":"format-standard","5":"has-post-thumbnail","7":"category-de-opinion","8":"tag-anilu-ingram-vallines","9":"tag-carlos-marcelo-ruiz-sanchez","10":"tag-edgar-herrera","11":"tag-javier-herrera-borunda","12":"tag-manuel-velasco-coello","13":"tag-miguel-angel-yunes-marquez","14":"tag-morena","15":"tag-pvem","16":"tag-rocio-nahle","17":"tag-veracruz"},"yoast_head":"<!-- This site is optimized with the Yoast SEO plugin v27.4 - https:\/\/yoast.com\/product\/yoast-seo-wordpress\/ -->\n<title>PVEM EN VERACRUZ Y SU CA\u00cdDA DE LA 4T - Los pol\u00edticos Veracruz<\/title>\n<meta name=\"robots\" content=\"index, follow, max-snippet:-1, max-image-preview:large, max-video-preview:-1\" \/>\n<link rel=\"canonical\" href=\"https:\/\/lospoliticosveracruz.com\/?p=130448\" \/>\n<meta property=\"og:locale\" content=\"es_ES\" \/>\n<meta property=\"og:type\" content=\"article\" \/>\n<meta property=\"og:title\" content=\"PVEM EN VERACRUZ Y SU CA\u00cdDA DE LA 4T - Los pol\u00edticos Veracruz\" \/>\n<meta property=\"og:description\" content=\"Ricardo Chua Sale y Vale \u00abGarganta Profunda\u00bb se\u00f1ala que el PVEM en Veracruz es desde\u00f1ado por el futuro gobierno estatal de la 4T.. No los necesita, ni siquiera para las elecciones locales del 2024.. Ha ayudado m\u00e1s el senador, Miguel \u00c1ngel Yunes M\u00e1rquez, que el diputado federal, Javier Herrera Borunda, al proyecto nacional de la [&hellip;]\" \/>\n<meta property=\"og:url\" content=\"https:\/\/lospoliticosveracruz.com\/?p=130448\" \/>\n<meta property=\"og:site_name\" content=\"Los pol\u00edticos Veracruz\" \/>\n<meta property=\"article:publisher\" content=\"https:\/\/www.facebook.com\/people\/Notimemes-de-los-Polticos\/61565672886568\/\" \/>\n<meta property=\"article:published_time\" content=\"2024-09-28T12:39:45+00:00\" \/>\n<meta property=\"article:modified_time\" content=\"2024-09-28T12:40:55+00:00\" \/>\n<meta property=\"og:image\" content=\"https:\/\/lospoliticosveracruz.com\/wp-content\/uploads\/2024\/03\/Ricardo-Chua.jpg\" \/>\n\t<meta property=\"og:image:width\" content=\"1250\" \/>\n\t<meta property=\"og:image:height\" content=\"667\" \/>\n\t<meta property=\"og:image:type\" content=\"image\/jpeg\" \/>\n<meta name=\"author\" content=\"Lo viste en Los Pol\u00edticos\" \/>\n<meta name=\"twitter:card\" content=\"summary_large_image\" \/>\n<meta name=\"twitter:creator\" content=\"@LosPoliticosVer\" \/>\n<meta name=\"twitter:site\" content=\"@LosPoliticosVer\" \/>\n<meta name=\"twitter:label1\" content=\"Escrito por\" \/>\n\t<meta name=\"twitter:data1\" content=\"Lo viste en Los Pol\u00edticos\" \/>\n\t<meta name=\"twitter:label2\" content=\"Tiempo de lectura\" \/>\n\t<meta name=\"twitter:data2\" content=\"5 minutos\" \/>\n<script type=\"application\/ld+json\" class=\"yoast-schema-graph\">{\"@context\":\"https:\\\/\\\/schema.org\",\"@graph\":[{\"@type\":\"Article\",\"@id\":\"https:\\\/\\\/lospoliticosveracruz.com\\\/?p=130448#article\",\"isPartOf\":{\"@id\":\"https:\\\/\\\/lospoliticosveracruz.com\\\/?p=130448\"},\"author\":{\"name\":\"Lo viste en Los Pol\u00edticos\",\"@id\":\"https:\\\/\\\/lospoliticosveracruz.com\\\/#\\\/schema\\\/person\\\/b8702bb0e538456e6efd07080bf2a4a2\"},\"headline\":\"PVEM EN VERACRUZ Y SU CA\u00cdDA DE LA 4T\",\"datePublished\":\"2024-09-28T12:39:45+00:00\",\"dateModified\":\"2024-09-28T12:40:55+00:00\",\"mainEntityOfPage\":{\"@id\":\"https:\\\/\\\/lospoliticosveracruz.com\\\/?p=130448\"},\"wordCount\":913,\"publisher\":{\"@id\":\"https:\\\/\\\/lospoliticosveracruz.com\\\/#organization\"},\"image\":{\"@id\":\"https:\\\/\\\/lospoliticosveracruz.com\\\/?p=130448#primaryimage\"},\"thumbnailUrl\":\"https:\\\/\\\/lospoliticosveracruz.com\\\/wp-content\\\/uploads\\\/2024\\\/03\\\/Ricardo-Chua.jpg\",\"keywords\":[\"Anil\u00fa Ingram Vallines\",\"Carlos Marcelo Ruiz S\u00e1nchez\",\"Edgar Herrera\",\"Javier Herrera Borunda\",\"Manuel Velasco Coello\",\"Miguel \u00c1ngel Yunes M\u00e1rquez\",\"Morena\",\"PVEM\",\"Roc\u00edo Nahle\",\"Veracruz\"],\"articleSection\":[\"De Opini\u00f3n\"],\"inLanguage\":\"es\"},{\"@type\":\"WebPage\",\"@id\":\"https:\\\/\\\/lospoliticosveracruz.com\\\/?p=130448\",\"url\":\"https:\\\/\\\/lospoliticosveracruz.com\\\/?p=130448\",\"name\":\"PVEM EN VERACRUZ Y SU CA\u00cdDA DE LA 4T - Los pol\u00edticos Veracruz\",\"isPartOf\":{\"@id\":\"https:\\\/\\\/lospoliticosveracruz.com\\\/#website\"},\"primaryImageOfPage\":{\"@id\":\"https:\\\/\\\/lospoliticosveracruz.com\\\/?p=130448#primaryimage\"},\"image\":{\"@id\":\"https:\\\/\\\/lospoliticosveracruz.com\\\/?p=130448#primaryimage\"},\"thumbnailUrl\":\"https:\\\/\\\/lospoliticosveracruz.com\\\/wp-content\\\/uploads\\\/2024\\\/03\\\/Ricardo-Chua.jpg\",\"datePublished\":\"2024-09-28T12:39:45+00:00\",\"dateModified\":\"2024-09-28T12:40:55+00:00\",\"breadcrumb\":{\"@id\":\"https:\\\/\\\/lospoliticosveracruz.com\\\/?p=130448#breadcrumb\"},\"inLanguage\":\"es\",\"potentialAction\":[{\"@type\":\"ReadAction\",\"target\":[\"https:\\\/\\\/lospoliticosveracruz.com\\\/?p=130448\"]}]},{\"@type\":\"ImageObject\",\"inLanguage\":\"es\",\"@id\":\"https:\\\/\\\/lospoliticosveracruz.com\\\/?p=130448#primaryimage\",\"url\":\"https:\\\/\\\/lospoliticosveracruz.com\\\/wp-content\\\/uploads\\\/2024\\\/03\\\/Ricardo-Chua.jpg\",\"contentUrl\":\"https:\\\/\\\/lospoliticosveracruz.com\\\/wp-content\\\/uploads\\\/2024\\\/03\\\/Ricardo-Chua.jpg\",\"width\":1250,\"height\":667},{\"@type\":\"BreadcrumbList\",\"@id\":\"https:\\\/\\\/lospoliticosveracruz.com\\\/?p=130448#breadcrumb\",\"itemListElement\":[{\"@type\":\"ListItem\",\"position\":1,\"name\":\"Portada\",\"item\":\"https:\\\/\\\/lospoliticosveracruz.com\\\/\"},{\"@type\":\"ListItem\",\"position\":2,\"name\":\"PVEM EN VERACRUZ Y SU CA\u00cdDA DE LA 4T\"}]},{\"@type\":\"WebSite\",\"@id\":\"https:\\\/\\\/lospoliticosveracruz.com\\\/#website\",\"url\":\"https:\\\/\\\/lospoliticosveracruz.com\\\/\",\"name\":\"Los pol\u00edticos Veracruz\",\"description\":\"\",\"publisher\":{\"@id\":\"https:\\\/\\\/lospoliticosveracruz.com\\\/#organization\"},\"potentialAction\":[{\"@type\":\"SearchAction\",\"target\":{\"@type\":\"EntryPoint\",\"urlTemplate\":\"https:\\\/\\\/lospoliticosveracruz.com\\\/?s={search_term_string}\"},\"query-input\":{\"@type\":\"PropertyValueSpecification\",\"valueRequired\":true,\"valueName\":\"search_term_string\"}}],\"inLanguage\":\"es\"},{\"@type\":\"Organization\",\"@id\":\"https:\\\/\\\/lospoliticosveracruz.com\\\/#organization\",\"name\":\"Los pol\u00edticos Veracruz\",\"url\":\"https:\\\/\\\/lospoliticosveracruz.com\\\/\",\"logo\":{\"@type\":\"ImageObject\",\"inLanguage\":\"es\",\"@id\":\"https:\\\/\\\/lospoliticosveracruz.com\\\/#\\\/schema\\\/logo\\\/image\\\/\",\"url\":\"https:\\\/\\\/lospoliticosveracruz.com\\\/wp-content\\\/uploads\\\/2025\\\/12\\\/Logo-Nuevo-LOS-POLITICOS-1.jpg\",\"contentUrl\":\"https:\\\/\\\/lospoliticosveracruz.com\\\/wp-content\\\/uploads\\\/2025\\\/12\\\/Logo-Nuevo-LOS-POLITICOS-1.jpg\",\"width\":260,\"height\":70,\"caption\":\"Los pol\u00edticos Veracruz\"},\"image\":{\"@id\":\"https:\\\/\\\/lospoliticosveracruz.com\\\/#\\\/schema\\\/logo\\\/image\\\/\"},\"sameAs\":[\"https:\\\/\\\/www.facebook.com\\\/people\\\/Notimemes-de-los-Polticos\\\/61565672886568\\\/\",\"https:\\\/\\\/x.com\\\/LosPoliticosVer\"]},{\"@type\":\"Person\",\"@id\":\"https:\\\/\\\/lospoliticosveracruz.com\\\/#\\\/schema\\\/person\\\/b8702bb0e538456e6efd07080bf2a4a2\",\"name\":\"Lo viste en Los Pol\u00edticos\",\"image\":{\"@type\":\"ImageObject\",\"inLanguage\":\"es\",\"@id\":\"https:\\\/\\\/secure.gravatar.com\\\/avatar\\\/3a8de04a2656d44082be478bd6c086daa447c4651605818287b9532d3d0bd435?s=96&d=mm&r=g\",\"url\":\"https:\\\/\\\/secure.gravatar.com\\\/avatar\\\/3a8de04a2656d44082be478bd6c086daa447c4651605818287b9532d3d0bd435?s=96&d=mm&r=g\",\"contentUrl\":\"https:\\\/\\\/secure.gravatar.com\\\/avatar\\\/3a8de04a2656d44082be478bd6c086daa447c4651605818287b9532d3d0bd435?s=96&d=mm&r=g\",\"caption\":\"Lo viste en Los Pol\u00edticos\"},\"url\":\"https:\\\/\\\/lospoliticosveracruz.com\\\/?author=2\"}]}<\/script>\n<!-- \/ Yoast SEO plugin. -->","yoast_head_json":{"title":"PVEM EN VERACRUZ Y SU CA\u00cdDA DE LA 4T - Los pol\u00edticos Veracruz","robots":{"index":"index","follow":"follow","max-snippet":"max-snippet:-1","max-image-preview":"max-image-preview:large","max-video-preview":"max-video-preview:-1"},"canonical":"https:\/\/lospoliticosveracruz.com\/?p=130448","og_locale":"es_ES","og_type":"article","og_title":"PVEM EN VERACRUZ Y SU CA\u00cdDA DE LA 4T - Los pol\u00edticos Veracruz","og_description":"Ricardo Chua Sale y Vale \u00abGarganta Profunda\u00bb se\u00f1ala que el PVEM en Veracruz es desde\u00f1ado por el futuro gobierno estatal de la 4T.. No los necesita, ni siquiera para las elecciones locales del 2024.. Ha ayudado m\u00e1s el senador, Miguel \u00c1ngel Yunes M\u00e1rquez, que el diputado federal, Javier Herrera Borunda, al proyecto nacional de la [&hellip;]","og_url":"https:\/\/lospoliticosveracruz.com\/?p=130448","og_site_name":"Los pol\u00edticos Veracruz","article_publisher":"https:\/\/www.facebook.com\/people\/Notimemes-de-los-Polticos\/61565672886568\/","article_published_time":"2024-09-28T12:39:45+00:00","article_modified_time":"2024-09-28T12:40:55+00:00","og_image":[{"width":1250,"height":667,"url":"https:\/\/lospoliticosveracruz.com\/wp-content\/uploads\/2024\/03\/Ricardo-Chua.jpg","type":"image\/jpeg"}],"author":"Lo viste en Los Pol\u00edticos","twitter_card":"summary_large_image","twitter_creator":"@LosPoliticosVer","twitter_site":"@LosPoliticosVer","twitter_misc":{"Escrito por":"Lo viste en Los Pol\u00edticos","Tiempo de lectura":"5 minutos"},"schema":{"@context":"https:\/\/schema.org","@graph":[{"@type":"Article","@id":"https:\/\/lospoliticosveracruz.com\/?p=130448#article","isPartOf":{"@id":"https:\/\/lospoliticosveracruz.com\/?p=130448"},"author":{"name":"Lo viste en Los Pol\u00edticos","@id":"https:\/\/lospoliticosveracruz.com\/#\/schema\/person\/b8702bb0e538456e6efd07080bf2a4a2"},"headline":"PVEM EN VERACRUZ Y SU CA\u00cdDA DE LA 4T","datePublished":"2024-09-28T12:39:45+00:00","dateModified":"2024-09-28T12:40:55+00:00","mainEntityOfPage":{"@id":"https:\/\/lospoliticosveracruz.com\/?p=130448"},"wordCount":913,"publisher":{"@id":"https:\/\/lospoliticosveracruz.com\/#organization"},"image":{"@id":"https:\/\/lospoliticosveracruz.com\/?p=130448#primaryimage"},"thumbnailUrl":"https:\/\/lospoliticosveracruz.com\/wp-content\/uploads\/2024\/03\/Ricardo-Chua.jpg","keywords":["Anil\u00fa Ingram Vallines","Carlos Marcelo Ruiz S\u00e1nchez","Edgar Herrera","Javier Herrera Borunda","Manuel Velasco Coello","Miguel \u00c1ngel Yunes M\u00e1rquez","Morena","PVEM","Roc\u00edo Nahle","Veracruz"],"articleSection":["De Opini\u00f3n"],"inLanguage":"es"},{"@type":"WebPage","@id":"https:\/\/lospoliticosveracruz.com\/?p=130448","url":"https:\/\/lospoliticosveracruz.com\/?p=130448","name":"PVEM EN VERACRUZ Y SU CA\u00cdDA DE LA 4T - Los pol\u00edticos Veracruz","isPartOf":{"@id":"https:\/\/lospoliticosveracruz.com\/#website"},"primaryImageOfPage":{"@id":"https:\/\/lospoliticosveracruz.com\/?p=130448#primaryimage"},"image":{"@id":"https:\/\/lospoliticosveracruz.com\/?p=130448#primaryimage"},"thumbnailUrl":"https:\/\/lospoliticosveracruz.com\/wp-content\/uploads\/2024\/03\/Ricardo-Chua.jpg","datePublished":"2024-09-28T12:39:45+00:00","dateModified":"2024-09-28T12:40:55+00:00","breadcrumb":{"@id":"https:\/\/lospoliticosveracruz.com\/?p=130448#breadcrumb"},"inLanguage":"es","potentialAction":[{"@type":"ReadAction","target":["https:\/\/lospoliticosveracruz.com\/?p=130448"]}]},{"@type":"ImageObject","inLanguage":"es","@id":"https:\/\/lospoliticosveracruz.com\/?p=130448#primaryimage","url":"https:\/\/lospoliticosveracruz.com\/wp-content\/uploads\/2024\/03\/Ricardo-Chua.jpg","contentUrl":"https:\/\/lospoliticosveracruz.com\/wp-content\/uploads\/2024\/03\/Ricardo-Chua.jpg","width":1250,"height":667},{"@type":"BreadcrumbList","@id":"https:\/\/lospoliticosveracruz.com\/?p=130448#breadcrumb","itemListElement":[{"@type":"ListItem","position":1,"name":"Portada","item":"https:\/\/lospoliticosveracruz.com\/"},{"@type":"ListItem","position":2,"name":"PVEM EN VERACRUZ Y SU CA\u00cdDA DE LA 4T"}]},{"@type":"WebSite","@id":"https:\/\/lospoliticosveracruz.com\/#website","url":"https:\/\/lospoliticosveracruz.com\/","name":"Los pol\u00edticos Veracruz","description":"","publisher":{"@id":"https:\/\/lospoliticosveracruz.com\/#organization"},"potentialAction":[{"@type":"SearchAction","target":{"@type":"EntryPoint","urlTemplate":"https:\/\/lospoliticosveracruz.com\/?s={search_term_string}"},"query-input":{"@type":"PropertyValueSpecification","valueRequired":true,"valueName":"search_term_string"}}],"inLanguage":"es"},{"@type":"Organization","@id":"https:\/\/lospoliticosveracruz.com\/#organization","name":"Los pol\u00edticos Veracruz","url":"https:\/\/lospoliticosveracruz.com\/","logo":{"@type":"ImageObject","inLanguage":"es","@id":"https:\/\/lospoliticosveracruz.com\/#\/schema\/logo\/image\/","url":"https:\/\/lospoliticosveracruz.com\/wp-content\/uploads\/2025\/12\/Logo-Nuevo-LOS-POLITICOS-1.jpg","contentUrl":"https:\/\/lospoliticosveracruz.com\/wp-content\/uploads\/2025\/12\/Logo-Nuevo-LOS-POLITICOS-1.jpg","width":260,"height":70,"caption":"Los pol\u00edticos Veracruz"},"image":{"@id":"https:\/\/lospoliticosveracruz.com\/#\/schema\/logo\/image\/"},"sameAs":["https:\/\/www.facebook.com\/people\/Notimemes-de-los-Polticos\/61565672886568\/","https:\/\/x.com\/LosPoliticosVer"]},{"@type":"Person","@id":"https:\/\/lospoliticosveracruz.com\/#\/schema\/person\/b8702bb0e538456e6efd07080bf2a4a2","name":"Lo viste en Los Pol\u00edticos","image":{"@type":"ImageObject","inLanguage":"es","@id":"https:\/\/secure.gravatar.com\/avatar\/3a8de04a2656d44082be478bd6c086daa447c4651605818287b9532d3d0bd435?s=96&d=mm&r=g","url":"https:\/\/secure.gravatar.com\/avatar\/3a8de04a2656d44082be478bd6c086daa447c4651605818287b9532d3d0bd435?s=96&d=mm&r=g","contentUrl":"https:\/\/secure.gravatar.com\/avatar\/3a8de04a2656d44082be478bd6c086daa447c4651605818287b9532d3d0bd435?s=96&d=mm&r=g","caption":"Lo viste en Los Pol\u00edticos"},"url":"https:\/\/lospoliticosveracruz.com\/?author=2"}]}},"_links":{"self":[{"href":"https:\/\/lospoliticosveracruz.com\/index.php?rest_route=\/wp\/v2\/posts\/130448","targetHints":{"allow":["GET"]}}],"collection":[{"href":"https:\/\/lospoliticosveracruz.com\/index.php?rest_route=\/wp\/v2\/posts"}],"about":[{"href":"https:\/\/lospoliticosveracruz.com\/index.php?rest_route=\/wp\/v2\/types\/post"}],"author":[{"embeddable":true,"href":"https:\/\/lospoliticosveracruz.com\/index.php?rest_route=\/wp\/v2\/users\/2"}],"replies":[{"embeddable":true,"href":"https:\/\/lospoliticosveracruz.com\/index.php?rest_route=%2Fwp%2Fv2%2Fcomments&post=130448"}],"version-history":[{"count":1,"href":"https:\/\/lospoliticosveracruz.com\/index.php?rest_route=\/wp\/v2\/posts\/130448\/revisions"}],"predecessor-version":[{"id":130449,"href":"https:\/\/lospoliticosveracruz.com\/index.php?rest_route=\/wp\/v2\/posts\/130448\/revisions\/130449"}],"wp:featuredmedia":[{"embeddable":true,"href":"https:\/\/lospoliticosveracruz.com\/index.php?rest_route=\/wp\/v2\/media\/119817"}],"wp:attachment":[{"href":"https:\/\/lospoliticosveracruz.com\/index.php?rest_route=%2Fwp%2Fv2%2Fmedia&parent=130448"}],"wp:term":[{"taxonomy":"category","embeddable":true,"href":"https:\/\/lospoliticosveracruz.com\/index.php?rest_route=%2Fwp%2Fv2%2Fcategories&post=130448"},{"taxonomy":"post_tag","embeddable":true,"href":"https:\/\/lospoliticosveracruz.com\/index.php?rest_route=%2Fwp%2Fv2%2Ftags&post=130448"}],"curies":[{"name":"wp","href":"https:\/\/api.w.org\/{rel}","templated":true}]}}