{"id":130451,"date":"2024-09-28T09:38:03","date_gmt":"2024-09-28T14:38:03","guid":{"rendered":"https:\/\/lospoliticosveracruz.com.mx\/?p=130451"},"modified":"2024-09-28T09:38:14","modified_gmt":"2024-09-28T14:38:14","slug":"otra-torre-bajo-lupa","status":"publish","type":"post","link":"https:\/\/lospoliticosveracruz.com\/?p=130451","title":{"rendered":"OTRA TORRE BAJO LUPA!"},"content":{"rendered":"\n<p><strong>Oved Contreras<\/strong> <\/p>\n\n\n\n<p><em>Secas Mecas<\/em><\/p>\n\n\n\n<p>Si la t\u00eda Ch\u00edo trae ganas de combatir la corrupci\u00f3n sin importar colores, deber\u00eda echarle un ojito a la mentada Torre \u201cOrgullo Veracruzano\u201d que Cuitl\u00e1huac presumi\u00f3 como un edificio arquitect\u00f3nico de primer nivel adem\u00e1s de ejemplo de que su gobierno, seg\u00fan, trabajo de manera limpia sin vistos de corrupci\u00f3n.<\/p>\n\n\n\n<p>Nos cost\u00f3 63 millones 940 mil 751.32 pesos y la Torre Orgullo Veracruzano \u00abtiene su propio cenote\u00bb, cuentan los que acuden a este edificio, porque el s\u00f3tano siempre tiene agua. Y en videos y fotos que circularon en redes sociales puede notarse los acabados del elevador. \u00bfDe qu\u00e9 se enorgullece don Cuit si le hicieron una porquer\u00eda?<\/p>\n\n\n\n<p>Si la t\u00eda Ch\u00edo y sus funcionarios a cargo de la contralor\u00eda quieren castigar cualquier acto de corrupci\u00f3n, bien podr\u00edan iniciar con esta Torre que se ubica en Xalapa y echarle un guante a los responsables antes de que se pelen.<\/p>\n\n\n\n<p>LA HERENCIA DE CUIT\u2026Unos 100 trabajadores del Poder Ejecutivo de Veracruz han interpuesto amparos para que les sea reconocida la clave sindical que no se les ha brindado a pesar de contar con la nota de reconocimiento por el Poder Judicial\u2026el secretario general del Sindicato de Empleados del Poder Ejecutivo de Veracruz, Acdmerd Antonio Galicia Campos, esto ha afectado de manera significativa a personas con d\u00e9cadas de antig\u00fcedad laboral.<\/p>\n\n\n\n<p>Este gobierno les qued\u00f3 a deber esa parte a muchos trabajadores que ya tienen incluso hasta 30 a\u00f1os de servicio y que desgraciadamente algunos han fallecido en el trayecto sin que tengan ese reconocimiento de nombramiento definitivo y la seguridad social, como es una jubilaci\u00f3n o una pensi\u00f3n.<\/p>\n\n\n\n<p>Adem\u00e1s hay resistencia a brindar prestaciones argumentando de manera incongruente que sobrepasan lo establecido legalmente, y no se sabe que cuentas le va a entregar el gobernador a la nueva gobernadora porque la aplicaci\u00f3n de pagos de indemnizaciones no se ha aplicado, dijo el l\u00edder sindical.<\/p>\n\n\n\n<p>Hay laudos favorables, dictados a favor de los trabajadores y no les quieren pagar sus prestaciones porque ellos lo consideran extralegales, cuando son totalmente legales porque est\u00e1n establecidas en la condiciones generales de trabajo. Lo son creadas por el secretario de gobierno Carlos Ju\u00e1rez Gil y el secretario de Finanzas Jos\u00e9 Luis Lima quienes deben hacer que se cumplan.<\/p>\n\n\n\n<p>ALCALDE O DIRIGENTE ESTATAL\u2026No hay que perder de vista a Ram\u00f3n Alberto Reyes, actual responsable de la Secretar\u00eda de Comunicaci\u00f3n Institucional del PRI\u2026solo el legendario Yayo Guti\u00e9rrez hab\u00eda durado m\u00e1s tiempo en esa cartera, y de all\u00ed brinc\u00f3 a la presidencia del comit\u00e9 estatal pri\u00edsta\u2026Ram\u00f3n Alberto Reyes ya rebas\u00f3 el tiempo de Yayo en Comunicaci\u00f3n Institucional.<\/p>\n\n\n\n<p>En el proceso anterior de campa\u00f1as a Gobernador, Ram\u00f3n Alberto Reyes busc\u00f3 ser presidente del comit\u00e9 estatal, pero ahora podr\u00eda ir por alguna presidencia municipal o de nuevo, por la presidencia del partido, o solamente polemizar, como lo hace en sus redes sociales, situaci\u00f3n para las que ni los propios dirigentes actuales y solamente a veces Hector Yunes, tienen la pericia y la habilidad. Al tiempo<\/p>\n\n\n\n<p>COLEGIO GUINDA\u2026Estudiantes del Colegio de Veracruz (Colver) denunciaron al rector Alejandro de la Cruz Garnica por&nbsp;imponer medidas que consideran violatorias de su derecho a la educaci\u00f3n, entre ellas la obligaci\u00f3n de asistir a conferencias y actividades extracurriculares en horarios de clase\u2026los estudiantes se\u00f1alaron que el rector les exige participar en eventos organizados por la instituci\u00f3n, en los que&nbsp;los invitados suelen estar vinculados a Morena.<\/p>\n\n\n\n<p>Los estudiantes han sido retirados de sus clases regulares para cumplir con estas actividades y se les ha informado que deben acreditar al menos un 80 por ciento de asistencia a los eventos programados. Para ello,&nbsp;se les entreg\u00f3 un carnet&nbsp;que debe ser firmado y sellado en cada actividad, y si no cumplen con el 80% de las actividades, se les negar\u00e1 el derecho a inscribirse al siguiente semestre.<\/p>\n\n\n\n<p>Est\u00e1 medida, dicen los estudiantes, no est\u00e1 contemplada en el Reglamento de la Instituci\u00f3n.<br>Adem\u00e1s de las imposiciones relacionadas con la asistencia a eventos, los estudiantes tambi\u00e9n se\u00f1alaron que algunos de los profesores&nbsp;no cumplen con el perfil acad\u00e9mico adecuado,&nbsp;y que su contrataci\u00f3n se ha dado por amiguismo.<\/p>\n\n\n\n<p>Las nuevas autoridades del Colegio de Veracruz, siguiendo la misma l\u00ednea del anterior rector, Mario Ra\u00fal Mijares S\u00e1nchez,&nbsp;quien impon\u00eda a amigos sin tener experiencia como maestros,&nbsp;el actual rector, Alejandro de la Cruz Garnica, cambi\u00f3 la plantilla docente, beneficiando a personas cercanas como Gerson Uriel Villegas, quien se ha convertido en su asesor de cabecera.<\/p>\n\n\n\n<p>Los estudiantes refieren que los problemas no se limitan a la gesti\u00f3n acad\u00e9mica, y agregan que las instalaciones del Colver no son adecuadas&nbsp;para el desarrollo de sus actividades educativas.&nbsp;Los salones son peque\u00f1os,&nbsp;no cuentan con el equipo necesario&nbsp;y el servicio de internet es limitado, lo que afecta la calidad de su formaci\u00f3n. Tambi\u00e9n denunciaron que han sido trasladados de sede sin previo aviso, con el fin de llenar los eventos organizados por la administraci\u00f3n.<\/p>\n","protected":false},"excerpt":{"rendered":"<p>Oved Contreras Secas Mecas Si la t\u00eda Ch\u00edo trae ganas de combatir la corrupci\u00f3n sin importar colores, deber\u00eda echarle un ojito a la mentada Torre \u201cOrgullo Veracruzano\u201d que Cuitl\u00e1huac presumi\u00f3 como un edificio arquitect\u00f3nico de primer nivel adem\u00e1s de ejemplo de que su gobierno, seg\u00fan, trabajo de manera limpia sin vistos de corrupci\u00f3n. Nos cost\u00f3 [&hellip;]<\/p>\n","protected":false},"author":2,"featured_media":119816,"comment_status":"closed","ping_status":"closed","sticky":false,"template":"","format":"standard","meta":{"tdm_status":"","tdm_grid_status":"","footnotes":""},"categories":[70],"tags":[1563,1026,18347,82,15551,3578,195],"class_list":{"0":"post-130451","1":"post","2":"type-post","3":"status-publish","4":"format-standard","5":"has-post-thumbnail","7":"category-de-opinion","8":"tag-cuitlahuac-garcia-jimenez","9":"tag-morena","10":"tag-orgullo-veracruzano","11":"tag-poder-judicial","12":"tag-ramon-alberto-reyes-viveros","13":"tag-rocio-nahle","14":"tag-veracruz"},"yoast_head":"<!-- This site is optimized with the Yoast SEO plugin v27.4 - https:\/\/yoast.com\/product\/yoast-seo-wordpress\/ -->\n<title>OTRA TORRE BAJO LUPA! - Los pol\u00edticos Veracruz<\/title>\n<meta name=\"robots\" content=\"index, follow, max-snippet:-1, max-image-preview:large, max-video-preview:-1\" \/>\n<link rel=\"canonical\" href=\"https:\/\/lospoliticosveracruz.com\/?p=130451\" \/>\n<meta property=\"og:locale\" content=\"es_ES\" \/>\n<meta property=\"og:type\" content=\"article\" \/>\n<meta property=\"og:title\" content=\"OTRA TORRE BAJO LUPA! - Los pol\u00edticos Veracruz\" \/>\n<meta property=\"og:description\" content=\"Oved Contreras Secas Mecas Si la t\u00eda Ch\u00edo trae ganas de combatir la corrupci\u00f3n sin importar colores, deber\u00eda echarle un ojito a la mentada Torre \u201cOrgullo Veracruzano\u201d que Cuitl\u00e1huac presumi\u00f3 como un edificio arquitect\u00f3nico de primer nivel adem\u00e1s de ejemplo de que su gobierno, seg\u00fan, trabajo de manera limpia sin vistos de corrupci\u00f3n. Nos cost\u00f3 [&hellip;]\" \/>\n<meta property=\"og:url\" content=\"https:\/\/lospoliticosveracruz.com\/?p=130451\" \/>\n<meta property=\"og:site_name\" content=\"Los pol\u00edticos Veracruz\" \/>\n<meta property=\"article:publisher\" content=\"https:\/\/www.facebook.com\/people\/Notimemes-de-los-Polticos\/61565672886568\/\" \/>\n<meta property=\"article:published_time\" content=\"2024-09-28T14:38:03+00:00\" \/>\n<meta property=\"article:modified_time\" content=\"2024-09-28T14:38:14+00:00\" \/>\n<meta property=\"og:image\" content=\"https:\/\/lospoliticosveracruz.com\/wp-content\/uploads\/2024\/03\/Oved-Contreras.jpg\" \/>\n\t<meta property=\"og:image:width\" content=\"1250\" \/>\n\t<meta property=\"og:image:height\" content=\"667\" \/>\n\t<meta property=\"og:image:type\" content=\"image\/jpeg\" \/>\n<meta name=\"author\" content=\"Lo viste en Los Pol\u00edticos\" \/>\n<meta name=\"twitter:card\" content=\"summary_large_image\" \/>\n<meta name=\"twitter:creator\" content=\"@LosPoliticosVer\" \/>\n<meta name=\"twitter:site\" content=\"@LosPoliticosVer\" \/>\n<meta name=\"twitter:label1\" content=\"Escrito por\" \/>\n\t<meta name=\"twitter:data1\" content=\"Lo viste en Los Pol\u00edticos\" \/>\n\t<meta name=\"twitter:label2\" content=\"Tiempo de lectura\" \/>\n\t<meta name=\"twitter:data2\" content=\"4 minutos\" \/>\n<script type=\"application\/ld+json\" class=\"yoast-schema-graph\">{\"@context\":\"https:\\\/\\\/schema.org\",\"@graph\":[{\"@type\":\"Article\",\"@id\":\"https:\\\/\\\/lospoliticosveracruz.com\\\/?p=130451#article\",\"isPartOf\":{\"@id\":\"https:\\\/\\\/lospoliticosveracruz.com\\\/?p=130451\"},\"author\":{\"name\":\"Lo viste en Los Pol\u00edticos\",\"@id\":\"https:\\\/\\\/lospoliticosveracruz.com\\\/#\\\/schema\\\/person\\\/b8702bb0e538456e6efd07080bf2a4a2\"},\"headline\":\"OTRA TORRE BAJO LUPA!\",\"datePublished\":\"2024-09-28T14:38:03+00:00\",\"dateModified\":\"2024-09-28T14:38:14+00:00\",\"mainEntityOfPage\":{\"@id\":\"https:\\\/\\\/lospoliticosveracruz.com\\\/?p=130451\"},\"wordCount\":888,\"publisher\":{\"@id\":\"https:\\\/\\\/lospoliticosveracruz.com\\\/#organization\"},\"image\":{\"@id\":\"https:\\\/\\\/lospoliticosveracruz.com\\\/?p=130451#primaryimage\"},\"thumbnailUrl\":\"https:\\\/\\\/lospoliticosveracruz.com\\\/wp-content\\\/uploads\\\/2024\\\/03\\\/Oved-Contreras.jpg\",\"keywords\":[\"Cuitl\u00e1huac Garc\u00eda Jim\u00e9nez\",\"Morena\",\"Orgullo Veracruzano\",\"Poder Judicial\",\"Ram\u00f3n Alberto Reyes Viveros\",\"Roc\u00edo Nahle\",\"Veracruz\"],\"articleSection\":[\"De Opini\u00f3n\"],\"inLanguage\":\"es\"},{\"@type\":\"WebPage\",\"@id\":\"https:\\\/\\\/lospoliticosveracruz.com\\\/?p=130451\",\"url\":\"https:\\\/\\\/lospoliticosveracruz.com\\\/?p=130451\",\"name\":\"OTRA TORRE BAJO LUPA! - Los pol\u00edticos Veracruz\",\"isPartOf\":{\"@id\":\"https:\\\/\\\/lospoliticosveracruz.com\\\/#website\"},\"primaryImageOfPage\":{\"@id\":\"https:\\\/\\\/lospoliticosveracruz.com\\\/?p=130451#primaryimage\"},\"image\":{\"@id\":\"https:\\\/\\\/lospoliticosveracruz.com\\\/?p=130451#primaryimage\"},\"thumbnailUrl\":\"https:\\\/\\\/lospoliticosveracruz.com\\\/wp-content\\\/uploads\\\/2024\\\/03\\\/Oved-Contreras.jpg\",\"datePublished\":\"2024-09-28T14:38:03+00:00\",\"dateModified\":\"2024-09-28T14:38:14+00:00\",\"breadcrumb\":{\"@id\":\"https:\\\/\\\/lospoliticosveracruz.com\\\/?p=130451#breadcrumb\"},\"inLanguage\":\"es\",\"potentialAction\":[{\"@type\":\"ReadAction\",\"target\":[\"https:\\\/\\\/lospoliticosveracruz.com\\\/?p=130451\"]}]},{\"@type\":\"ImageObject\",\"inLanguage\":\"es\",\"@id\":\"https:\\\/\\\/lospoliticosveracruz.com\\\/?p=130451#primaryimage\",\"url\":\"https:\\\/\\\/lospoliticosveracruz.com\\\/wp-content\\\/uploads\\\/2024\\\/03\\\/Oved-Contreras.jpg\",\"contentUrl\":\"https:\\\/\\\/lospoliticosveracruz.com\\\/wp-content\\\/uploads\\\/2024\\\/03\\\/Oved-Contreras.jpg\",\"width\":1250,\"height\":667},{\"@type\":\"BreadcrumbList\",\"@id\":\"https:\\\/\\\/lospoliticosveracruz.com\\\/?p=130451#breadcrumb\",\"itemListElement\":[{\"@type\":\"ListItem\",\"position\":1,\"name\":\"Portada\",\"item\":\"https:\\\/\\\/lospoliticosveracruz.com\\\/\"},{\"@type\":\"ListItem\",\"position\":2,\"name\":\"OTRA TORRE BAJO LUPA!\"}]},{\"@type\":\"WebSite\",\"@id\":\"https:\\\/\\\/lospoliticosveracruz.com\\\/#website\",\"url\":\"https:\\\/\\\/lospoliticosveracruz.com\\\/\",\"name\":\"Los pol\u00edticos Veracruz\",\"description\":\"\",\"publisher\":{\"@id\":\"https:\\\/\\\/lospoliticosveracruz.com\\\/#organization\"},\"potentialAction\":[{\"@type\":\"SearchAction\",\"target\":{\"@type\":\"EntryPoint\",\"urlTemplate\":\"https:\\\/\\\/lospoliticosveracruz.com\\\/?s={search_term_string}\"},\"query-input\":{\"@type\":\"PropertyValueSpecification\",\"valueRequired\":true,\"valueName\":\"search_term_string\"}}],\"inLanguage\":\"es\"},{\"@type\":\"Organization\",\"@id\":\"https:\\\/\\\/lospoliticosveracruz.com\\\/#organization\",\"name\":\"Los pol\u00edticos Veracruz\",\"url\":\"https:\\\/\\\/lospoliticosveracruz.com\\\/\",\"logo\":{\"@type\":\"ImageObject\",\"inLanguage\":\"es\",\"@id\":\"https:\\\/\\\/lospoliticosveracruz.com\\\/#\\\/schema\\\/logo\\\/image\\\/\",\"url\":\"https:\\\/\\\/lospoliticosveracruz.com\\\/wp-content\\\/uploads\\\/2025\\\/12\\\/Logo-Nuevo-LOS-POLITICOS-1.jpg\",\"contentUrl\":\"https:\\\/\\\/lospoliticosveracruz.com\\\/wp-content\\\/uploads\\\/2025\\\/12\\\/Logo-Nuevo-LOS-POLITICOS-1.jpg\",\"width\":260,\"height\":70,\"caption\":\"Los pol\u00edticos Veracruz\"},\"image\":{\"@id\":\"https:\\\/\\\/lospoliticosveracruz.com\\\/#\\\/schema\\\/logo\\\/image\\\/\"},\"sameAs\":[\"https:\\\/\\\/www.facebook.com\\\/people\\\/Notimemes-de-los-Polticos\\\/61565672886568\\\/\",\"https:\\\/\\\/x.com\\\/LosPoliticosVer\"]},{\"@type\":\"Person\",\"@id\":\"https:\\\/\\\/lospoliticosveracruz.com\\\/#\\\/schema\\\/person\\\/b8702bb0e538456e6efd07080bf2a4a2\",\"name\":\"Lo viste en Los Pol\u00edticos\",\"image\":{\"@type\":\"ImageObject\",\"inLanguage\":\"es\",\"@id\":\"https:\\\/\\\/secure.gravatar.com\\\/avatar\\\/3a8de04a2656d44082be478bd6c086daa447c4651605818287b9532d3d0bd435?s=96&d=mm&r=g\",\"url\":\"https:\\\/\\\/secure.gravatar.com\\\/avatar\\\/3a8de04a2656d44082be478bd6c086daa447c4651605818287b9532d3d0bd435?s=96&d=mm&r=g\",\"contentUrl\":\"https:\\\/\\\/secure.gravatar.com\\\/avatar\\\/3a8de04a2656d44082be478bd6c086daa447c4651605818287b9532d3d0bd435?s=96&d=mm&r=g\",\"caption\":\"Lo viste en Los Pol\u00edticos\"},\"url\":\"https:\\\/\\\/lospoliticosveracruz.com\\\/?author=2\"}]}<\/script>\n<!-- \/ Yoast SEO plugin. -->","yoast_head_json":{"title":"OTRA TORRE BAJO LUPA! - Los pol\u00edticos Veracruz","robots":{"index":"index","follow":"follow","max-snippet":"max-snippet:-1","max-image-preview":"max-image-preview:large","max-video-preview":"max-video-preview:-1"},"canonical":"https:\/\/lospoliticosveracruz.com\/?p=130451","og_locale":"es_ES","og_type":"article","og_title":"OTRA TORRE BAJO LUPA! - Los pol\u00edticos Veracruz","og_description":"Oved Contreras Secas Mecas Si la t\u00eda Ch\u00edo trae ganas de combatir la corrupci\u00f3n sin importar colores, deber\u00eda echarle un ojito a la mentada Torre \u201cOrgullo Veracruzano\u201d que Cuitl\u00e1huac presumi\u00f3 como un edificio arquitect\u00f3nico de primer nivel adem\u00e1s de ejemplo de que su gobierno, seg\u00fan, trabajo de manera limpia sin vistos de corrupci\u00f3n. Nos cost\u00f3 [&hellip;]","og_url":"https:\/\/lospoliticosveracruz.com\/?p=130451","og_site_name":"Los pol\u00edticos Veracruz","article_publisher":"https:\/\/www.facebook.com\/people\/Notimemes-de-los-Polticos\/61565672886568\/","article_published_time":"2024-09-28T14:38:03+00:00","article_modified_time":"2024-09-28T14:38:14+00:00","og_image":[{"width":1250,"height":667,"url":"https:\/\/lospoliticosveracruz.com\/wp-content\/uploads\/2024\/03\/Oved-Contreras.jpg","type":"image\/jpeg"}],"author":"Lo viste en Los Pol\u00edticos","twitter_card":"summary_large_image","twitter_creator":"@LosPoliticosVer","twitter_site":"@LosPoliticosVer","twitter_misc":{"Escrito por":"Lo viste en Los Pol\u00edticos","Tiempo de lectura":"4 minutos"},"schema":{"@context":"https:\/\/schema.org","@graph":[{"@type":"Article","@id":"https:\/\/lospoliticosveracruz.com\/?p=130451#article","isPartOf":{"@id":"https:\/\/lospoliticosveracruz.com\/?p=130451"},"author":{"name":"Lo viste en Los Pol\u00edticos","@id":"https:\/\/lospoliticosveracruz.com\/#\/schema\/person\/b8702bb0e538456e6efd07080bf2a4a2"},"headline":"OTRA TORRE BAJO LUPA!","datePublished":"2024-09-28T14:38:03+00:00","dateModified":"2024-09-28T14:38:14+00:00","mainEntityOfPage":{"@id":"https:\/\/lospoliticosveracruz.com\/?p=130451"},"wordCount":888,"publisher":{"@id":"https:\/\/lospoliticosveracruz.com\/#organization"},"image":{"@id":"https:\/\/lospoliticosveracruz.com\/?p=130451#primaryimage"},"thumbnailUrl":"https:\/\/lospoliticosveracruz.com\/wp-content\/uploads\/2024\/03\/Oved-Contreras.jpg","keywords":["Cuitl\u00e1huac Garc\u00eda Jim\u00e9nez","Morena","Orgullo Veracruzano","Poder Judicial","Ram\u00f3n Alberto Reyes Viveros","Roc\u00edo Nahle","Veracruz"],"articleSection":["De Opini\u00f3n"],"inLanguage":"es"},{"@type":"WebPage","@id":"https:\/\/lospoliticosveracruz.com\/?p=130451","url":"https:\/\/lospoliticosveracruz.com\/?p=130451","name":"OTRA TORRE BAJO LUPA! - Los pol\u00edticos Veracruz","isPartOf":{"@id":"https:\/\/lospoliticosveracruz.com\/#website"},"primaryImageOfPage":{"@id":"https:\/\/lospoliticosveracruz.com\/?p=130451#primaryimage"},"image":{"@id":"https:\/\/lospoliticosveracruz.com\/?p=130451#primaryimage"},"thumbnailUrl":"https:\/\/lospoliticosveracruz.com\/wp-content\/uploads\/2024\/03\/Oved-Contreras.jpg","datePublished":"2024-09-28T14:38:03+00:00","dateModified":"2024-09-28T14:38:14+00:00","breadcrumb":{"@id":"https:\/\/lospoliticosveracruz.com\/?p=130451#breadcrumb"},"inLanguage":"es","potentialAction":[{"@type":"ReadAction","target":["https:\/\/lospoliticosveracruz.com\/?p=130451"]}]},{"@type":"ImageObject","inLanguage":"es","@id":"https:\/\/lospoliticosveracruz.com\/?p=130451#primaryimage","url":"https:\/\/lospoliticosveracruz.com\/wp-content\/uploads\/2024\/03\/Oved-Contreras.jpg","contentUrl":"https:\/\/lospoliticosveracruz.com\/wp-content\/uploads\/2024\/03\/Oved-Contreras.jpg","width":1250,"height":667},{"@type":"BreadcrumbList","@id":"https:\/\/lospoliticosveracruz.com\/?p=130451#breadcrumb","itemListElement":[{"@type":"ListItem","position":1,"name":"Portada","item":"https:\/\/lospoliticosveracruz.com\/"},{"@type":"ListItem","position":2,"name":"OTRA TORRE BAJO LUPA!"}]},{"@type":"WebSite","@id":"https:\/\/lospoliticosveracruz.com\/#website","url":"https:\/\/lospoliticosveracruz.com\/","name":"Los pol\u00edticos Veracruz","description":"","publisher":{"@id":"https:\/\/lospoliticosveracruz.com\/#organization"},"potentialAction":[{"@type":"SearchAction","target":{"@type":"EntryPoint","urlTemplate":"https:\/\/lospoliticosveracruz.com\/?s={search_term_string}"},"query-input":{"@type":"PropertyValueSpecification","valueRequired":true,"valueName":"search_term_string"}}],"inLanguage":"es"},{"@type":"Organization","@id":"https:\/\/lospoliticosveracruz.com\/#organization","name":"Los pol\u00edticos Veracruz","url":"https:\/\/lospoliticosveracruz.com\/","logo":{"@type":"ImageObject","inLanguage":"es","@id":"https:\/\/lospoliticosveracruz.com\/#\/schema\/logo\/image\/","url":"https:\/\/lospoliticosveracruz.com\/wp-content\/uploads\/2025\/12\/Logo-Nuevo-LOS-POLITICOS-1.jpg","contentUrl":"https:\/\/lospoliticosveracruz.com\/wp-content\/uploads\/2025\/12\/Logo-Nuevo-LOS-POLITICOS-1.jpg","width":260,"height":70,"caption":"Los pol\u00edticos Veracruz"},"image":{"@id":"https:\/\/lospoliticosveracruz.com\/#\/schema\/logo\/image\/"},"sameAs":["https:\/\/www.facebook.com\/people\/Notimemes-de-los-Polticos\/61565672886568\/","https:\/\/x.com\/LosPoliticosVer"]},{"@type":"Person","@id":"https:\/\/lospoliticosveracruz.com\/#\/schema\/person\/b8702bb0e538456e6efd07080bf2a4a2","name":"Lo viste en Los Pol\u00edticos","image":{"@type":"ImageObject","inLanguage":"es","@id":"https:\/\/secure.gravatar.com\/avatar\/3a8de04a2656d44082be478bd6c086daa447c4651605818287b9532d3d0bd435?s=96&d=mm&r=g","url":"https:\/\/secure.gravatar.com\/avatar\/3a8de04a2656d44082be478bd6c086daa447c4651605818287b9532d3d0bd435?s=96&d=mm&r=g","contentUrl":"https:\/\/secure.gravatar.com\/avatar\/3a8de04a2656d44082be478bd6c086daa447c4651605818287b9532d3d0bd435?s=96&d=mm&r=g","caption":"Lo viste en Los Pol\u00edticos"},"url":"https:\/\/lospoliticosveracruz.com\/?author=2"}]}},"_links":{"self":[{"href":"https:\/\/lospoliticosveracruz.com\/index.php?rest_route=\/wp\/v2\/posts\/130451","targetHints":{"allow":["GET"]}}],"collection":[{"href":"https:\/\/lospoliticosveracruz.com\/index.php?rest_route=\/wp\/v2\/posts"}],"about":[{"href":"https:\/\/lospoliticosveracruz.com\/index.php?rest_route=\/wp\/v2\/types\/post"}],"author":[{"embeddable":true,"href":"https:\/\/lospoliticosveracruz.com\/index.php?rest_route=\/wp\/v2\/users\/2"}],"replies":[{"embeddable":true,"href":"https:\/\/lospoliticosveracruz.com\/index.php?rest_route=%2Fwp%2Fv2%2Fcomments&post=130451"}],"version-history":[{"count":1,"href":"https:\/\/lospoliticosveracruz.com\/index.php?rest_route=\/wp\/v2\/posts\/130451\/revisions"}],"predecessor-version":[{"id":130452,"href":"https:\/\/lospoliticosveracruz.com\/index.php?rest_route=\/wp\/v2\/posts\/130451\/revisions\/130452"}],"wp:featuredmedia":[{"embeddable":true,"href":"https:\/\/lospoliticosveracruz.com\/index.php?rest_route=\/wp\/v2\/media\/119816"}],"wp:attachment":[{"href":"https:\/\/lospoliticosveracruz.com\/index.php?rest_route=%2Fwp%2Fv2%2Fmedia&parent=130451"}],"wp:term":[{"taxonomy":"category","embeddable":true,"href":"https:\/\/lospoliticosveracruz.com\/index.php?rest_route=%2Fwp%2Fv2%2Fcategories&post=130451"},{"taxonomy":"post_tag","embeddable":true,"href":"https:\/\/lospoliticosveracruz.com\/index.php?rest_route=%2Fwp%2Fv2%2Ftags&post=130451"}],"curies":[{"name":"wp","href":"https:\/\/api.w.org\/{rel}","templated":true}]}}