{"id":130621,"date":"2024-10-02T09:04:15","date_gmt":"2024-10-02T14:04:15","guid":{"rendered":"https:\/\/lospoliticosveracruz.com.mx\/?p=130621"},"modified":"2024-10-02T09:04:22","modified_gmt":"2024-10-02T14:04:22","slug":"sheinbaum-presidenta","status":"publish","type":"post","link":"https:\/\/lospoliticosveracruz.com\/?p=130621","title":{"rendered":"SHEINBAUM PRESIDENTA\u2026"},"content":{"rendered":"\n<p><strong>Oved Contreras<\/strong><\/p>\n\n\n\n<p><em>Secas Mecas<\/em><\/p>\n\n\n\n<p>Claudia Sheinbaum asumi\u00f3 ayer la Presidencia de M\u00e9xico para darle continuidad a la Cuarta Transformaci\u00f3n para el periodo 2024-2030 y al menos en el discurso ni una l\u00ednea dedic\u00f3 a las v\u00edctimas de la violencia\u2026el gobierno de Andr\u00e9s Manuel L\u00f3pez Obrador pasar\u00e1 a la historia como el m\u00e1s violento con 200 mil personas asesinadas y m\u00e1s de 50 mil desaparecidas tan solo en este sexenio que reci\u00e9n concluye.<\/p>\n\n\n\n<p>Previo a recibir la Banda Presidencial, Sheinbaum rindi\u00f3 protesta para convertirse as\u00ed en la&nbsp;presidenta n\u00famero 66 en la historia de nuestro pa\u00eds, y ser\u00e1 la primera mujer en ocupar el cargo en 200 a\u00f1os de Rep\u00fablica. Claudia Sheinbaum Pardo abri\u00f3 su discurso exaltando a Andr\u00e9s Manuel L\u00f3pez Obrador como uno de los mejores mandatarios de M\u00e9xico ademas lo calific\u00f3 como el dirigente pol\u00edtico y luchador social m\u00e1s importante de la historia moderna, el presidente m\u00e1s querido, s\u00f3lo comparable con L\u00e1zaro C\u00e1rdenas.<\/p>\n\n\n\n<p>Desde la tribuna de San L\u00e1zaro, Sheinbaum agradeci\u00f3 la presencia de diversos mandatarios y los representantes diplom\u00e1ticos que asistieron a la toma de protesta y asegur\u00f3 que el avance en M\u00e9xico se ha debido gracias al humanismo mexicano, nuevo modelo de desarrollo surgido del \u201camor al pueblo\u201d.<\/p>\n\n\n\n<p>Claudia Sheinbaum, en presencia de la presidenta de la Suprema Corte de Justicia de la Naci\u00f3n Norma Pi\u00f1a -a quien L\u00f3pez Obrador se neg\u00f3 a saludar-defendi\u00f3 la reforma judicial, de la cual asegur\u00f3 que en unos a\u00f1os todos estar\u00e1n convencidos adem\u00e1s neg\u00f3 que exista militarizaci\u00f3n y un camino hacia el autoritarismo; afirm\u00f3 que se proteger\u00e1n las libertades de expresi\u00f3n, culturales, sexuales y religiosas, refrend\u00f3 la misma estrategia en materia de seguridad p\u00fablica y asegur\u00f3 que no habr\u00e1 \u201cguerra contra el narco\u201d.<\/p>\n\n\n\n<p>No hubo ninguna menci\u00f3n a las v\u00edctimas de esa estrategia contra la delincuencia organizada y prefiri\u00f3 aprovechar su tiempo para agradecerle a L\u00f3pez Obrador: \u201cHa sido un honor luchar con usted. Hasta siempre, hermano, amigo, compa\u00f1ero L\u00f3pez Obrador\u201d. La numeralia del discurso presidencial se reparti\u00f3 de la siguiente manera: 45 minutos de discurso, 9 mins. de inicio para un homenaje a AMLO, 1:45 mins. de salud + educaci\u00f3n, 2 mins. Reforma judicial y respuesta a trabajadores. 2 mins. Estrategia de seguridad.&nbsp;&nbsp;4:30 mins. La importancia de las mujeres en la historia y el presente de M\u00e9xico. Esas fueron las prioridades de Claudia Sheinbaum.<\/p>\n\n\n\n<p>Los defensores de la Cuarta Transformaci\u00f3n se la pasaron todo el d\u00eda repitiendo la frase \u00abes un triunfo de las mujeres\u00bb, \u00abllegamos todas\u00bb, \u00abejemplo para las ni\u00f1as\u00bb y una sola imagen tir\u00f3 al bote de la basura su discurso feminista\u2026durante el besamanos que prepararon para rendirle pleites\u00eda a la presidenta, la imagen del d\u00eda fue que Claudia Sheinbaum le besa la mano al senador del Verde Ecologista, Manuel Velasco.<\/p>\n\n\n\n<p>Que por cierto, Milenio BORR\u00d3 la foto de sus redes sociales\u2026el fot\u00f3grafo Ariel Ojeda (autor de la foto) no imagin\u00f3 el impacto que tendr\u00eda y la editorial la elimin\u00f3 pero ya era demasiado tarde, la foto se hab\u00eda viralizado\u2026hasta el video del Canal del Congreso fue editado para que no pudiera verse el momento en que Sheinbaum besa la mano del ex gobernador de Chiapas\u2026no hagas cosas malas que parezcan buenas ni buenas que parezcan malas, dice el refr\u00e1n.<\/p>\n\n\n\n<p>La diputada federal Rosa Mar\u00eda Hern\u00e1ndez hasta batucada llev\u00f3 a la Ciudad de M\u00e9xico para darle m\u00e1s sabor a la fiesta que armaron los jarochos en la ceremonia presidencial.<\/p>\n\n\n\n<p>YA HAY FECHA\u2026La Comisi\u00f3n Interamericana de Derechos Humanos (CIDH) convoc\u00f3 a una audiencia p\u00fablica en la que analizar\u00e1 la reforma judicial mexicana. La Asociaci\u00f3n Nacional de Magistrados de Circuito y Jueces de Distrito del Poder Judicial de la Federaci\u00f3n (JUFED) inform\u00f3 que la CIDH fij\u00f3 el 12 de noviembre pr\u00f3ximo para realizar dicha diligencia de manera presencial en Washington DC, Estados Unidos.<\/p>\n\n\n\n<p>La audiencia fue solicitada por la Asociaci\u00f3n previo a la discusi\u00f3n de la reforma judicial bajo el argumento de que el gobierno del expresidente Andr\u00e9s Manuel L\u00f3pez Obrador ten\u00eda intenciones de aprobarla en menos de un mes, pese a que la misma pone en riesgo la independencia judicial.<\/p>\n\n\n\n<p>\u201cSolicitamos que en el plazo de 20 d\u00edas, contados a partir de la transmisi\u00f3n de la presente comunicaci\u00f3n, env\u00eden a la Comisi\u00f3n un documento escrito donde se resuman los principales aspectos de su exposici\u00f3n, as\u00ed como toda documentaci\u00f3n que considere necesaria en el marco de la audiencia\u201d, requiri\u00f3 la CIDH.<\/p>\n\n\n\n<p>En la audiencia, la delegaci\u00f3n que represente a la JUFED podr\u00e1 exponer de manera oral las razones por las que considera que la reforma judicial implica un incumplimiento por parte del Estado mexicano a la Convenci\u00f3n Interamericana de los Derechos Humanos. Con esto, esperan que la CIDH emita medidas cautelares que logren que el gobierno entrante de Claudia Sheinbaum abra el di\u00e1logo con los trabajadores del Poder Judicial de la Federaci\u00f3n.<\/p>\n","protected":false},"excerpt":{"rendered":"<p>Oved Contreras Secas Mecas Claudia Sheinbaum asumi\u00f3 ayer la Presidencia de M\u00e9xico para darle continuidad a la Cuarta Transformaci\u00f3n para el periodo 2024-2030 y al menos en el discurso ni una l\u00ednea dedic\u00f3 a las v\u00edctimas de la violencia\u2026el gobierno de Andr\u00e9s Manuel L\u00f3pez Obrador pasar\u00e1 a la historia como el m\u00e1s violento con 200 [&hellip;]<\/p>\n","protected":false},"author":2,"featured_media":119816,"comment_status":"closed","ping_status":"closed","sticky":false,"template":"","format":"standard","meta":{"tdm_status":"","tdm_grid_status":"","footnotes":""},"categories":[70],"tags":[9627],"class_list":{"0":"post-130621","1":"post","2":"type-post","3":"status-publish","4":"format-standard","5":"has-post-thumbnail","7":"category-de-opinion","8":"tag-claudia-sheinbaum"},"yoast_head":"<!-- This site is optimized with the Yoast SEO plugin v27.4 - https:\/\/yoast.com\/product\/yoast-seo-wordpress\/ -->\n<title>SHEINBAUM PRESIDENTA\u2026 - Los pol\u00edticos Veracruz<\/title>\n<meta name=\"robots\" content=\"index, follow, max-snippet:-1, max-image-preview:large, max-video-preview:-1\" \/>\n<link rel=\"canonical\" href=\"https:\/\/lospoliticosveracruz.com\/?p=130621\" \/>\n<meta property=\"og:locale\" content=\"es_ES\" \/>\n<meta property=\"og:type\" content=\"article\" \/>\n<meta property=\"og:title\" content=\"SHEINBAUM PRESIDENTA\u2026 - Los pol\u00edticos Veracruz\" \/>\n<meta property=\"og:description\" content=\"Oved Contreras Secas Mecas Claudia Sheinbaum asumi\u00f3 ayer la Presidencia de M\u00e9xico para darle continuidad a la Cuarta Transformaci\u00f3n para el periodo 2024-2030 y al menos en el discurso ni una l\u00ednea dedic\u00f3 a las v\u00edctimas de la violencia\u2026el gobierno de Andr\u00e9s Manuel L\u00f3pez Obrador pasar\u00e1 a la historia como el m\u00e1s violento con 200 [&hellip;]\" \/>\n<meta property=\"og:url\" content=\"https:\/\/lospoliticosveracruz.com\/?p=130621\" \/>\n<meta property=\"og:site_name\" content=\"Los pol\u00edticos Veracruz\" \/>\n<meta property=\"article:publisher\" content=\"https:\/\/www.facebook.com\/people\/Notimemes-de-los-Polticos\/61565672886568\/\" \/>\n<meta property=\"article:published_time\" content=\"2024-10-02T14:04:15+00:00\" \/>\n<meta property=\"article:modified_time\" content=\"2024-10-02T14:04:22+00:00\" \/>\n<meta property=\"og:image\" content=\"https:\/\/lospoliticosveracruz.com\/wp-content\/uploads\/2024\/03\/Oved-Contreras.jpg\" \/>\n\t<meta property=\"og:image:width\" content=\"1250\" \/>\n\t<meta property=\"og:image:height\" content=\"667\" \/>\n\t<meta property=\"og:image:type\" content=\"image\/jpeg\" \/>\n<meta name=\"author\" content=\"Lo viste en Los Pol\u00edticos\" \/>\n<meta name=\"twitter:card\" content=\"summary_large_image\" \/>\n<meta name=\"twitter:creator\" content=\"@LosPoliticosVer\" \/>\n<meta name=\"twitter:site\" content=\"@LosPoliticosVer\" \/>\n<meta name=\"twitter:label1\" content=\"Escrito por\" \/>\n\t<meta name=\"twitter:data1\" content=\"Lo viste en Los Pol\u00edticos\" \/>\n\t<meta name=\"twitter:label2\" content=\"Tiempo de lectura\" \/>\n\t<meta name=\"twitter:data2\" content=\"4 minutos\" \/>\n<script type=\"application\/ld+json\" class=\"yoast-schema-graph\">{\"@context\":\"https:\\\/\\\/schema.org\",\"@graph\":[{\"@type\":\"Article\",\"@id\":\"https:\\\/\\\/lospoliticosveracruz.com\\\/?p=130621#article\",\"isPartOf\":{\"@id\":\"https:\\\/\\\/lospoliticosveracruz.com\\\/?p=130621\"},\"author\":{\"name\":\"Lo viste en Los Pol\u00edticos\",\"@id\":\"https:\\\/\\\/lospoliticosveracruz.com\\\/#\\\/schema\\\/person\\\/b8702bb0e538456e6efd07080bf2a4a2\"},\"headline\":\"SHEINBAUM PRESIDENTA\u2026\",\"datePublished\":\"2024-10-02T14:04:15+00:00\",\"dateModified\":\"2024-10-02T14:04:22+00:00\",\"mainEntityOfPage\":{\"@id\":\"https:\\\/\\\/lospoliticosveracruz.com\\\/?p=130621\"},\"wordCount\":867,\"publisher\":{\"@id\":\"https:\\\/\\\/lospoliticosveracruz.com\\\/#organization\"},\"image\":{\"@id\":\"https:\\\/\\\/lospoliticosveracruz.com\\\/?p=130621#primaryimage\"},\"thumbnailUrl\":\"https:\\\/\\\/lospoliticosveracruz.com\\\/wp-content\\\/uploads\\\/2024\\\/03\\\/Oved-Contreras.jpg\",\"keywords\":[\"Claudia Sheinbaum\"],\"articleSection\":[\"De Opini\u00f3n\"],\"inLanguage\":\"es\"},{\"@type\":\"WebPage\",\"@id\":\"https:\\\/\\\/lospoliticosveracruz.com\\\/?p=130621\",\"url\":\"https:\\\/\\\/lospoliticosveracruz.com\\\/?p=130621\",\"name\":\"SHEINBAUM PRESIDENTA\u2026 - Los pol\u00edticos Veracruz\",\"isPartOf\":{\"@id\":\"https:\\\/\\\/lospoliticosveracruz.com\\\/#website\"},\"primaryImageOfPage\":{\"@id\":\"https:\\\/\\\/lospoliticosveracruz.com\\\/?p=130621#primaryimage\"},\"image\":{\"@id\":\"https:\\\/\\\/lospoliticosveracruz.com\\\/?p=130621#primaryimage\"},\"thumbnailUrl\":\"https:\\\/\\\/lospoliticosveracruz.com\\\/wp-content\\\/uploads\\\/2024\\\/03\\\/Oved-Contreras.jpg\",\"datePublished\":\"2024-10-02T14:04:15+00:00\",\"dateModified\":\"2024-10-02T14:04:22+00:00\",\"breadcrumb\":{\"@id\":\"https:\\\/\\\/lospoliticosveracruz.com\\\/?p=130621#breadcrumb\"},\"inLanguage\":\"es\",\"potentialAction\":[{\"@type\":\"ReadAction\",\"target\":[\"https:\\\/\\\/lospoliticosveracruz.com\\\/?p=130621\"]}]},{\"@type\":\"ImageObject\",\"inLanguage\":\"es\",\"@id\":\"https:\\\/\\\/lospoliticosveracruz.com\\\/?p=130621#primaryimage\",\"url\":\"https:\\\/\\\/lospoliticosveracruz.com\\\/wp-content\\\/uploads\\\/2024\\\/03\\\/Oved-Contreras.jpg\",\"contentUrl\":\"https:\\\/\\\/lospoliticosveracruz.com\\\/wp-content\\\/uploads\\\/2024\\\/03\\\/Oved-Contreras.jpg\",\"width\":1250,\"height\":667},{\"@type\":\"BreadcrumbList\",\"@id\":\"https:\\\/\\\/lospoliticosveracruz.com\\\/?p=130621#breadcrumb\",\"itemListElement\":[{\"@type\":\"ListItem\",\"position\":1,\"name\":\"Portada\",\"item\":\"https:\\\/\\\/lospoliticosveracruz.com\\\/\"},{\"@type\":\"ListItem\",\"position\":2,\"name\":\"SHEINBAUM PRESIDENTA\u2026\"}]},{\"@type\":\"WebSite\",\"@id\":\"https:\\\/\\\/lospoliticosveracruz.com\\\/#website\",\"url\":\"https:\\\/\\\/lospoliticosveracruz.com\\\/\",\"name\":\"Los pol\u00edticos Veracruz\",\"description\":\"\",\"publisher\":{\"@id\":\"https:\\\/\\\/lospoliticosveracruz.com\\\/#organization\"},\"potentialAction\":[{\"@type\":\"SearchAction\",\"target\":{\"@type\":\"EntryPoint\",\"urlTemplate\":\"https:\\\/\\\/lospoliticosveracruz.com\\\/?s={search_term_string}\"},\"query-input\":{\"@type\":\"PropertyValueSpecification\",\"valueRequired\":true,\"valueName\":\"search_term_string\"}}],\"inLanguage\":\"es\"},{\"@type\":\"Organization\",\"@id\":\"https:\\\/\\\/lospoliticosveracruz.com\\\/#organization\",\"name\":\"Los pol\u00edticos Veracruz\",\"url\":\"https:\\\/\\\/lospoliticosveracruz.com\\\/\",\"logo\":{\"@type\":\"ImageObject\",\"inLanguage\":\"es\",\"@id\":\"https:\\\/\\\/lospoliticosveracruz.com\\\/#\\\/schema\\\/logo\\\/image\\\/\",\"url\":\"https:\\\/\\\/lospoliticosveracruz.com\\\/wp-content\\\/uploads\\\/2025\\\/12\\\/Logo-Nuevo-LOS-POLITICOS-1.jpg\",\"contentUrl\":\"https:\\\/\\\/lospoliticosveracruz.com\\\/wp-content\\\/uploads\\\/2025\\\/12\\\/Logo-Nuevo-LOS-POLITICOS-1.jpg\",\"width\":260,\"height\":70,\"caption\":\"Los pol\u00edticos Veracruz\"},\"image\":{\"@id\":\"https:\\\/\\\/lospoliticosveracruz.com\\\/#\\\/schema\\\/logo\\\/image\\\/\"},\"sameAs\":[\"https:\\\/\\\/www.facebook.com\\\/people\\\/Notimemes-de-los-Polticos\\\/61565672886568\\\/\",\"https:\\\/\\\/x.com\\\/LosPoliticosVer\"]},{\"@type\":\"Person\",\"@id\":\"https:\\\/\\\/lospoliticosveracruz.com\\\/#\\\/schema\\\/person\\\/b8702bb0e538456e6efd07080bf2a4a2\",\"name\":\"Lo viste en Los Pol\u00edticos\",\"image\":{\"@type\":\"ImageObject\",\"inLanguage\":\"es\",\"@id\":\"https:\\\/\\\/secure.gravatar.com\\\/avatar\\\/3a8de04a2656d44082be478bd6c086daa447c4651605818287b9532d3d0bd435?s=96&d=mm&r=g\",\"url\":\"https:\\\/\\\/secure.gravatar.com\\\/avatar\\\/3a8de04a2656d44082be478bd6c086daa447c4651605818287b9532d3d0bd435?s=96&d=mm&r=g\",\"contentUrl\":\"https:\\\/\\\/secure.gravatar.com\\\/avatar\\\/3a8de04a2656d44082be478bd6c086daa447c4651605818287b9532d3d0bd435?s=96&d=mm&r=g\",\"caption\":\"Lo viste en Los Pol\u00edticos\"},\"url\":\"https:\\\/\\\/lospoliticosveracruz.com\\\/?author=2\"}]}<\/script>\n<!-- \/ Yoast SEO plugin. -->","yoast_head_json":{"title":"SHEINBAUM PRESIDENTA\u2026 - Los pol\u00edticos Veracruz","robots":{"index":"index","follow":"follow","max-snippet":"max-snippet:-1","max-image-preview":"max-image-preview:large","max-video-preview":"max-video-preview:-1"},"canonical":"https:\/\/lospoliticosveracruz.com\/?p=130621","og_locale":"es_ES","og_type":"article","og_title":"SHEINBAUM PRESIDENTA\u2026 - Los pol\u00edticos Veracruz","og_description":"Oved Contreras Secas Mecas Claudia Sheinbaum asumi\u00f3 ayer la Presidencia de M\u00e9xico para darle continuidad a la Cuarta Transformaci\u00f3n para el periodo 2024-2030 y al menos en el discurso ni una l\u00ednea dedic\u00f3 a las v\u00edctimas de la violencia\u2026el gobierno de Andr\u00e9s Manuel L\u00f3pez Obrador pasar\u00e1 a la historia como el m\u00e1s violento con 200 [&hellip;]","og_url":"https:\/\/lospoliticosveracruz.com\/?p=130621","og_site_name":"Los pol\u00edticos Veracruz","article_publisher":"https:\/\/www.facebook.com\/people\/Notimemes-de-los-Polticos\/61565672886568\/","article_published_time":"2024-10-02T14:04:15+00:00","article_modified_time":"2024-10-02T14:04:22+00:00","og_image":[{"width":1250,"height":667,"url":"https:\/\/lospoliticosveracruz.com\/wp-content\/uploads\/2024\/03\/Oved-Contreras.jpg","type":"image\/jpeg"}],"author":"Lo viste en Los Pol\u00edticos","twitter_card":"summary_large_image","twitter_creator":"@LosPoliticosVer","twitter_site":"@LosPoliticosVer","twitter_misc":{"Escrito por":"Lo viste en Los Pol\u00edticos","Tiempo de lectura":"4 minutos"},"schema":{"@context":"https:\/\/schema.org","@graph":[{"@type":"Article","@id":"https:\/\/lospoliticosveracruz.com\/?p=130621#article","isPartOf":{"@id":"https:\/\/lospoliticosveracruz.com\/?p=130621"},"author":{"name":"Lo viste en Los Pol\u00edticos","@id":"https:\/\/lospoliticosveracruz.com\/#\/schema\/person\/b8702bb0e538456e6efd07080bf2a4a2"},"headline":"SHEINBAUM PRESIDENTA\u2026","datePublished":"2024-10-02T14:04:15+00:00","dateModified":"2024-10-02T14:04:22+00:00","mainEntityOfPage":{"@id":"https:\/\/lospoliticosveracruz.com\/?p=130621"},"wordCount":867,"publisher":{"@id":"https:\/\/lospoliticosveracruz.com\/#organization"},"image":{"@id":"https:\/\/lospoliticosveracruz.com\/?p=130621#primaryimage"},"thumbnailUrl":"https:\/\/lospoliticosveracruz.com\/wp-content\/uploads\/2024\/03\/Oved-Contreras.jpg","keywords":["Claudia Sheinbaum"],"articleSection":["De Opini\u00f3n"],"inLanguage":"es"},{"@type":"WebPage","@id":"https:\/\/lospoliticosveracruz.com\/?p=130621","url":"https:\/\/lospoliticosveracruz.com\/?p=130621","name":"SHEINBAUM PRESIDENTA\u2026 - Los pol\u00edticos Veracruz","isPartOf":{"@id":"https:\/\/lospoliticosveracruz.com\/#website"},"primaryImageOfPage":{"@id":"https:\/\/lospoliticosveracruz.com\/?p=130621#primaryimage"},"image":{"@id":"https:\/\/lospoliticosveracruz.com\/?p=130621#primaryimage"},"thumbnailUrl":"https:\/\/lospoliticosveracruz.com\/wp-content\/uploads\/2024\/03\/Oved-Contreras.jpg","datePublished":"2024-10-02T14:04:15+00:00","dateModified":"2024-10-02T14:04:22+00:00","breadcrumb":{"@id":"https:\/\/lospoliticosveracruz.com\/?p=130621#breadcrumb"},"inLanguage":"es","potentialAction":[{"@type":"ReadAction","target":["https:\/\/lospoliticosveracruz.com\/?p=130621"]}]},{"@type":"ImageObject","inLanguage":"es","@id":"https:\/\/lospoliticosveracruz.com\/?p=130621#primaryimage","url":"https:\/\/lospoliticosveracruz.com\/wp-content\/uploads\/2024\/03\/Oved-Contreras.jpg","contentUrl":"https:\/\/lospoliticosveracruz.com\/wp-content\/uploads\/2024\/03\/Oved-Contreras.jpg","width":1250,"height":667},{"@type":"BreadcrumbList","@id":"https:\/\/lospoliticosveracruz.com\/?p=130621#breadcrumb","itemListElement":[{"@type":"ListItem","position":1,"name":"Portada","item":"https:\/\/lospoliticosveracruz.com\/"},{"@type":"ListItem","position":2,"name":"SHEINBAUM PRESIDENTA\u2026"}]},{"@type":"WebSite","@id":"https:\/\/lospoliticosveracruz.com\/#website","url":"https:\/\/lospoliticosveracruz.com\/","name":"Los pol\u00edticos Veracruz","description":"","publisher":{"@id":"https:\/\/lospoliticosveracruz.com\/#organization"},"potentialAction":[{"@type":"SearchAction","target":{"@type":"EntryPoint","urlTemplate":"https:\/\/lospoliticosveracruz.com\/?s={search_term_string}"},"query-input":{"@type":"PropertyValueSpecification","valueRequired":true,"valueName":"search_term_string"}}],"inLanguage":"es"},{"@type":"Organization","@id":"https:\/\/lospoliticosveracruz.com\/#organization","name":"Los pol\u00edticos Veracruz","url":"https:\/\/lospoliticosveracruz.com\/","logo":{"@type":"ImageObject","inLanguage":"es","@id":"https:\/\/lospoliticosveracruz.com\/#\/schema\/logo\/image\/","url":"https:\/\/lospoliticosveracruz.com\/wp-content\/uploads\/2025\/12\/Logo-Nuevo-LOS-POLITICOS-1.jpg","contentUrl":"https:\/\/lospoliticosveracruz.com\/wp-content\/uploads\/2025\/12\/Logo-Nuevo-LOS-POLITICOS-1.jpg","width":260,"height":70,"caption":"Los pol\u00edticos Veracruz"},"image":{"@id":"https:\/\/lospoliticosveracruz.com\/#\/schema\/logo\/image\/"},"sameAs":["https:\/\/www.facebook.com\/people\/Notimemes-de-los-Polticos\/61565672886568\/","https:\/\/x.com\/LosPoliticosVer"]},{"@type":"Person","@id":"https:\/\/lospoliticosveracruz.com\/#\/schema\/person\/b8702bb0e538456e6efd07080bf2a4a2","name":"Lo viste en Los Pol\u00edticos","image":{"@type":"ImageObject","inLanguage":"es","@id":"https:\/\/secure.gravatar.com\/avatar\/3a8de04a2656d44082be478bd6c086daa447c4651605818287b9532d3d0bd435?s=96&d=mm&r=g","url":"https:\/\/secure.gravatar.com\/avatar\/3a8de04a2656d44082be478bd6c086daa447c4651605818287b9532d3d0bd435?s=96&d=mm&r=g","contentUrl":"https:\/\/secure.gravatar.com\/avatar\/3a8de04a2656d44082be478bd6c086daa447c4651605818287b9532d3d0bd435?s=96&d=mm&r=g","caption":"Lo viste en Los Pol\u00edticos"},"url":"https:\/\/lospoliticosveracruz.com\/?author=2"}]}},"_links":{"self":[{"href":"https:\/\/lospoliticosveracruz.com\/index.php?rest_route=\/wp\/v2\/posts\/130621","targetHints":{"allow":["GET"]}}],"collection":[{"href":"https:\/\/lospoliticosveracruz.com\/index.php?rest_route=\/wp\/v2\/posts"}],"about":[{"href":"https:\/\/lospoliticosveracruz.com\/index.php?rest_route=\/wp\/v2\/types\/post"}],"author":[{"embeddable":true,"href":"https:\/\/lospoliticosveracruz.com\/index.php?rest_route=\/wp\/v2\/users\/2"}],"replies":[{"embeddable":true,"href":"https:\/\/lospoliticosveracruz.com\/index.php?rest_route=%2Fwp%2Fv2%2Fcomments&post=130621"}],"version-history":[{"count":1,"href":"https:\/\/lospoliticosveracruz.com\/index.php?rest_route=\/wp\/v2\/posts\/130621\/revisions"}],"predecessor-version":[{"id":130622,"href":"https:\/\/lospoliticosveracruz.com\/index.php?rest_route=\/wp\/v2\/posts\/130621\/revisions\/130622"}],"wp:featuredmedia":[{"embeddable":true,"href":"https:\/\/lospoliticosveracruz.com\/index.php?rest_route=\/wp\/v2\/media\/119816"}],"wp:attachment":[{"href":"https:\/\/lospoliticosveracruz.com\/index.php?rest_route=%2Fwp%2Fv2%2Fmedia&parent=130621"}],"wp:term":[{"taxonomy":"category","embeddable":true,"href":"https:\/\/lospoliticosveracruz.com\/index.php?rest_route=%2Fwp%2Fv2%2Fcategories&post=130621"},{"taxonomy":"post_tag","embeddable":true,"href":"https:\/\/lospoliticosveracruz.com\/index.php?rest_route=%2Fwp%2Fv2%2Ftags&post=130621"}],"curies":[{"name":"wp","href":"https:\/\/api.w.org\/{rel}","templated":true}]}}