{"id":130670,"date":"2024-10-03T08:16:16","date_gmt":"2024-10-03T13:16:16","guid":{"rendered":"https:\/\/lospoliticosveracruz.com.mx\/?p=130670"},"modified":"2024-10-03T08:16:28","modified_gmt":"2024-10-03T13:16:28","slug":"a-eso-llegamos","status":"publish","type":"post","link":"https:\/\/lospoliticosveracruz.com\/?p=130670","title":{"rendered":"A ESO LLEGAMOS!"},"content":{"rendered":"\n<p><strong>Uriel Flores Aguayo<\/strong><\/p>\n\n\n\n<p>Estamos en el inicio vertiginoso de un nuevo r\u00e9gimen pol\u00edtico. En poco tiempo ser\u00e1 m\u00e1s claro y extenso. Es necesario definirlo correctamente y abrir el debate sobre sus efectos. El sue\u00f1o de quienes ejercen el poder, as\u00ed lo registra nuestra historia, en M\u00e9xico y el mundo, es tenerlo sin mayores complicaciones , y por mucho tiempo. El discurso y narrativa del poder son exitosos en la medida de que cuenten con el respaldo electoral y social de amplias mayor\u00edas. Pueden concentrarse en las coyunturas casi exclusivamente y no tocar lo estructural. Gobiernan para lo inmediato sin avizorar el futuro. Dedican demasiado tiempo y recursos en sus figuras providenciales, cuando es el caso. Algunos de sus rasgos m\u00e1s visibles tienen que ver con los mon\u00f3logos, la carencia de autocr\u00edtica, cierto aire de superioridad o delirio de grandeza y la omisi\u00f3n sistem\u00e1tica de la pluralidad ideol\u00f3gica y pol\u00edtica.<br>El an\u00e1lisis del r\u00e9gimen de mayor\u00eda hegem\u00f3nica y de corte autocr\u00e1tico tiene que ser ideol\u00f3gico, pol\u00edtico, jur\u00eddico, sociol\u00f3gico y comparativo en t\u00e9rminos internacionales. No hay lugar para recriminaciones morales ni simplezas nost\u00e1lgicas. Es lo que es. Desde el poder se sostendr\u00e1 que todo es democr\u00e1tico, defini\u00e9ndola como directa y popular y que su finalidad es el bienestar de la gente. Esta postura es esencialmente enga\u00f1osa pues las elecciones de lo que sea no cuentan con un s\u00f3lido sustento informado y de convicciones. No ofendo al ciudadano, hay niveles de conocimiento, pero el entramado electoral sigue siendo asunto de propaganda y programas sociales, m\u00e1s de popularidad de las figuras convocantes que de ideas y propuestas. Eso es as\u00ed en lo general.<br>La mayor\u00eda ahi est\u00e1, es un hecho consumado; es obvio que la van a ejercer a plenitud. La revisi\u00f3n de esa condici\u00f3n pol\u00edtica para una posible modificaci\u00f3n de la correlaci\u00f3n de fuerzas en diputados es hasta dentro de tres a\u00f1os; la presidencia y los senadores son de cargos sexenales. Quedan las gubernaturas y los Ayuntamientos como espacios de disputa, nada m\u00e1s. Quienes deseen hacer pol\u00edtica partidaria \u00fanicamente tienen los partidos actuales o participar en las iniciativas de nuevos partidos. Siempre habr\u00e1 la opci\u00f3n, m\u00e1s indispensable que nunca, de hacer pol\u00edtica desde la ciudadan\u00eda; los campos para hacerlo son inmensos.<br>La mayor\u00eda en el poder no tiene garant\u00eda de perfecci\u00f3n ni de unidad gran\u00edtica; los une el poder y ya; les falta un proyecto firme que contenga conceptos y verdad. Siguen en el guion del personalismo y planteamientos huecos. Su mayor\u00eda es relativa entre los votantes y beneficiada con sobre representaci\u00f3n. No deber\u00edan omitir que hay un cuarenta por ciento de la poblaci\u00f3n que no vot\u00f3 por nadie y que,de los que s\u00ed lo hicieron, un cuarenta vot\u00f3 por la oposici\u00f3n en la presidencial y un cuarenta y seis por diputados. O sea, la representaci\u00f3n pol\u00edtica no corresponde a las intenciones electorales de una sociedad que es evidentemente plural.<br>Cualquier autocracia en M\u00e9xico, ser\u00e1 ligera y contradictoria. Hay elementos que la limitan o rechazan; entre otros: los convenios internacionales, la libertad de prensa, las clases medias, las redes sociales y la multitud de organizaciones civiles de todo tipo, entre otros.<br>Insisto, esto no es de buenos y malos, de condenas morales. Es una realidad pol\u00edtica. Llegamos hasta aqu\u00ed por todo lo que dejamos de hacer o hicimos mal. Quienes tuvieron poder deber\u00edan de hacerse cargo de la responsabilidad que tienen en el actual estado de cosas. Por supuesto que las fuerzas pol\u00edticas se movieron para tener poder, algunas con m\u00e1s \u00e9xito que otras. De eso se trata la lucha pol\u00edtica. Ya que la quieras adornar con exaltaciones u ocurrencias, es otra cosa. Normalmente se invocan causas colectivas y hasta heroicas para justificar el ganar y quedarse. No podr\u00eda ser de otra manera. Hay mucho de enga\u00f1o y amnesia colectiva. La \u00fanica ruta segura e indispensable es la de construir ciudadan\u00eda para tener una sociedad fuerte, libre, pr\u00f3spera y democr\u00e1tica. Necesitamos gente consciente de sus derechos, sujeta a las leyes y con la aut\u00f3noma suficiente para decir sobre su destino. Es deseo que el anunciado segundo piso no tenga habitaciones de polarizaci\u00f3n, caudillismo, demagogia y menos de maximato.<br>Recadito: la idea es aspirar a una nueva forma de hacer pol\u00edtica.<\/p>\n","protected":false},"excerpt":{"rendered":"<p>Uriel Flores Aguayo Estamos en el inicio vertiginoso de un nuevo r\u00e9gimen pol\u00edtico. En poco tiempo ser\u00e1 m\u00e1s claro y extenso. Es necesario definirlo correctamente y abrir el debate sobre sus efectos. El sue\u00f1o de quienes ejercen el poder, as\u00ed lo registra nuestra historia, en M\u00e9xico y el mundo, es tenerlo sin mayores complicaciones , [&hellip;]<\/p>\n","protected":false},"author":2,"featured_media":119915,"comment_status":"closed","ping_status":"closed","sticky":false,"template":"","format":"standard","meta":{"tdm_status":"","tdm_grid_status":"","footnotes":""},"categories":[70],"tags":[207,19485],"class_list":{"0":"post-130670","1":"post","2":"type-post","3":"status-publish","4":"format-standard","5":"has-post-thumbnail","7":"category-de-opinion","8":"tag-democracia","9":"tag-gubernaturas"},"yoast_head":"<!-- This site is optimized with the Yoast SEO plugin v27.4 - https:\/\/yoast.com\/product\/yoast-seo-wordpress\/ -->\n<title>A ESO LLEGAMOS! - Los pol\u00edticos Veracruz<\/title>\n<meta name=\"robots\" content=\"index, follow, max-snippet:-1, max-image-preview:large, max-video-preview:-1\" \/>\n<link rel=\"canonical\" href=\"https:\/\/lospoliticosveracruz.com\/?p=130670\" \/>\n<meta property=\"og:locale\" content=\"es_ES\" \/>\n<meta property=\"og:type\" content=\"article\" \/>\n<meta property=\"og:title\" content=\"A ESO LLEGAMOS! - Los pol\u00edticos Veracruz\" \/>\n<meta property=\"og:description\" content=\"Uriel Flores Aguayo Estamos en el inicio vertiginoso de un nuevo r\u00e9gimen pol\u00edtico. En poco tiempo ser\u00e1 m\u00e1s claro y extenso. Es necesario definirlo correctamente y abrir el debate sobre sus efectos. El sue\u00f1o de quienes ejercen el poder, as\u00ed lo registra nuestra historia, en M\u00e9xico y el mundo, es tenerlo sin mayores complicaciones , [&hellip;]\" \/>\n<meta property=\"og:url\" content=\"https:\/\/lospoliticosveracruz.com\/?p=130670\" \/>\n<meta property=\"og:site_name\" content=\"Los pol\u00edticos Veracruz\" \/>\n<meta property=\"article:publisher\" content=\"https:\/\/www.facebook.com\/people\/Notimemes-de-los-Polticos\/61565672886568\/\" \/>\n<meta property=\"article:published_time\" content=\"2024-10-03T13:16:16+00:00\" \/>\n<meta property=\"article:modified_time\" content=\"2024-10-03T13:16:28+00:00\" \/>\n<meta property=\"og:image\" content=\"https:\/\/lospoliticosveracruz.com\/wp-content\/uploads\/2024\/03\/Uriel-Flores.jpg\" \/>\n\t<meta property=\"og:image:width\" content=\"1250\" \/>\n\t<meta property=\"og:image:height\" content=\"667\" \/>\n\t<meta property=\"og:image:type\" content=\"image\/jpeg\" \/>\n<meta name=\"author\" content=\"Lo viste en Los Pol\u00edticos\" \/>\n<meta name=\"twitter:card\" content=\"summary_large_image\" \/>\n<meta name=\"twitter:creator\" content=\"@LosPoliticosVer\" \/>\n<meta name=\"twitter:site\" content=\"@LosPoliticosVer\" \/>\n<meta name=\"twitter:label1\" content=\"Escrito por\" \/>\n\t<meta name=\"twitter:data1\" content=\"Lo viste en Los Pol\u00edticos\" \/>\n\t<meta name=\"twitter:label2\" content=\"Tiempo de lectura\" \/>\n\t<meta name=\"twitter:data2\" content=\"4 minutos\" \/>\n<script type=\"application\/ld+json\" class=\"yoast-schema-graph\">{\"@context\":\"https:\\\/\\\/schema.org\",\"@graph\":[{\"@type\":\"Article\",\"@id\":\"https:\\\/\\\/lospoliticosveracruz.com\\\/?p=130670#article\",\"isPartOf\":{\"@id\":\"https:\\\/\\\/lospoliticosveracruz.com\\\/?p=130670\"},\"author\":{\"name\":\"Lo viste en Los Pol\u00edticos\",\"@id\":\"https:\\\/\\\/lospoliticosveracruz.com\\\/#\\\/schema\\\/person\\\/b8702bb0e538456e6efd07080bf2a4a2\"},\"headline\":\"A ESO LLEGAMOS!\",\"datePublished\":\"2024-10-03T13:16:16+00:00\",\"dateModified\":\"2024-10-03T13:16:28+00:00\",\"mainEntityOfPage\":{\"@id\":\"https:\\\/\\\/lospoliticosveracruz.com\\\/?p=130670\"},\"wordCount\":767,\"publisher\":{\"@id\":\"https:\\\/\\\/lospoliticosveracruz.com\\\/#organization\"},\"image\":{\"@id\":\"https:\\\/\\\/lospoliticosveracruz.com\\\/?p=130670#primaryimage\"},\"thumbnailUrl\":\"https:\\\/\\\/lospoliticosveracruz.com\\\/wp-content\\\/uploads\\\/2024\\\/03\\\/Uriel-Flores.jpg\",\"keywords\":[\"democracia\",\"Gubernaturas\"],\"articleSection\":[\"De Opini\u00f3n\"],\"inLanguage\":\"es\"},{\"@type\":\"WebPage\",\"@id\":\"https:\\\/\\\/lospoliticosveracruz.com\\\/?p=130670\",\"url\":\"https:\\\/\\\/lospoliticosveracruz.com\\\/?p=130670\",\"name\":\"A ESO LLEGAMOS! - Los pol\u00edticos Veracruz\",\"isPartOf\":{\"@id\":\"https:\\\/\\\/lospoliticosveracruz.com\\\/#website\"},\"primaryImageOfPage\":{\"@id\":\"https:\\\/\\\/lospoliticosveracruz.com\\\/?p=130670#primaryimage\"},\"image\":{\"@id\":\"https:\\\/\\\/lospoliticosveracruz.com\\\/?p=130670#primaryimage\"},\"thumbnailUrl\":\"https:\\\/\\\/lospoliticosveracruz.com\\\/wp-content\\\/uploads\\\/2024\\\/03\\\/Uriel-Flores.jpg\",\"datePublished\":\"2024-10-03T13:16:16+00:00\",\"dateModified\":\"2024-10-03T13:16:28+00:00\",\"breadcrumb\":{\"@id\":\"https:\\\/\\\/lospoliticosveracruz.com\\\/?p=130670#breadcrumb\"},\"inLanguage\":\"es\",\"potentialAction\":[{\"@type\":\"ReadAction\",\"target\":[\"https:\\\/\\\/lospoliticosveracruz.com\\\/?p=130670\"]}]},{\"@type\":\"ImageObject\",\"inLanguage\":\"es\",\"@id\":\"https:\\\/\\\/lospoliticosveracruz.com\\\/?p=130670#primaryimage\",\"url\":\"https:\\\/\\\/lospoliticosveracruz.com\\\/wp-content\\\/uploads\\\/2024\\\/03\\\/Uriel-Flores.jpg\",\"contentUrl\":\"https:\\\/\\\/lospoliticosveracruz.com\\\/wp-content\\\/uploads\\\/2024\\\/03\\\/Uriel-Flores.jpg\",\"width\":1250,\"height\":667},{\"@type\":\"BreadcrumbList\",\"@id\":\"https:\\\/\\\/lospoliticosveracruz.com\\\/?p=130670#breadcrumb\",\"itemListElement\":[{\"@type\":\"ListItem\",\"position\":1,\"name\":\"Portada\",\"item\":\"https:\\\/\\\/lospoliticosveracruz.com\\\/\"},{\"@type\":\"ListItem\",\"position\":2,\"name\":\"A ESO LLEGAMOS!\"}]},{\"@type\":\"WebSite\",\"@id\":\"https:\\\/\\\/lospoliticosveracruz.com\\\/#website\",\"url\":\"https:\\\/\\\/lospoliticosveracruz.com\\\/\",\"name\":\"Los pol\u00edticos Veracruz\",\"description\":\"\",\"publisher\":{\"@id\":\"https:\\\/\\\/lospoliticosveracruz.com\\\/#organization\"},\"potentialAction\":[{\"@type\":\"SearchAction\",\"target\":{\"@type\":\"EntryPoint\",\"urlTemplate\":\"https:\\\/\\\/lospoliticosveracruz.com\\\/?s={search_term_string}\"},\"query-input\":{\"@type\":\"PropertyValueSpecification\",\"valueRequired\":true,\"valueName\":\"search_term_string\"}}],\"inLanguage\":\"es\"},{\"@type\":\"Organization\",\"@id\":\"https:\\\/\\\/lospoliticosveracruz.com\\\/#organization\",\"name\":\"Los pol\u00edticos Veracruz\",\"url\":\"https:\\\/\\\/lospoliticosveracruz.com\\\/\",\"logo\":{\"@type\":\"ImageObject\",\"inLanguage\":\"es\",\"@id\":\"https:\\\/\\\/lospoliticosveracruz.com\\\/#\\\/schema\\\/logo\\\/image\\\/\",\"url\":\"https:\\\/\\\/lospoliticosveracruz.com\\\/wp-content\\\/uploads\\\/2025\\\/12\\\/Logo-Nuevo-LOS-POLITICOS-1.jpg\",\"contentUrl\":\"https:\\\/\\\/lospoliticosveracruz.com\\\/wp-content\\\/uploads\\\/2025\\\/12\\\/Logo-Nuevo-LOS-POLITICOS-1.jpg\",\"width\":260,\"height\":70,\"caption\":\"Los pol\u00edticos Veracruz\"},\"image\":{\"@id\":\"https:\\\/\\\/lospoliticosveracruz.com\\\/#\\\/schema\\\/logo\\\/image\\\/\"},\"sameAs\":[\"https:\\\/\\\/www.facebook.com\\\/people\\\/Notimemes-de-los-Polticos\\\/61565672886568\\\/\",\"https:\\\/\\\/x.com\\\/LosPoliticosVer\"]},{\"@type\":\"Person\",\"@id\":\"https:\\\/\\\/lospoliticosveracruz.com\\\/#\\\/schema\\\/person\\\/b8702bb0e538456e6efd07080bf2a4a2\",\"name\":\"Lo viste en Los Pol\u00edticos\",\"image\":{\"@type\":\"ImageObject\",\"inLanguage\":\"es\",\"@id\":\"https:\\\/\\\/secure.gravatar.com\\\/avatar\\\/3a8de04a2656d44082be478bd6c086daa447c4651605818287b9532d3d0bd435?s=96&d=mm&r=g\",\"url\":\"https:\\\/\\\/secure.gravatar.com\\\/avatar\\\/3a8de04a2656d44082be478bd6c086daa447c4651605818287b9532d3d0bd435?s=96&d=mm&r=g\",\"contentUrl\":\"https:\\\/\\\/secure.gravatar.com\\\/avatar\\\/3a8de04a2656d44082be478bd6c086daa447c4651605818287b9532d3d0bd435?s=96&d=mm&r=g\",\"caption\":\"Lo viste en Los Pol\u00edticos\"},\"url\":\"https:\\\/\\\/lospoliticosveracruz.com\\\/?author=2\"}]}<\/script>\n<!-- \/ Yoast SEO plugin. -->","yoast_head_json":{"title":"A ESO LLEGAMOS! - Los pol\u00edticos Veracruz","robots":{"index":"index","follow":"follow","max-snippet":"max-snippet:-1","max-image-preview":"max-image-preview:large","max-video-preview":"max-video-preview:-1"},"canonical":"https:\/\/lospoliticosveracruz.com\/?p=130670","og_locale":"es_ES","og_type":"article","og_title":"A ESO LLEGAMOS! - Los pol\u00edticos Veracruz","og_description":"Uriel Flores Aguayo Estamos en el inicio vertiginoso de un nuevo r\u00e9gimen pol\u00edtico. En poco tiempo ser\u00e1 m\u00e1s claro y extenso. Es necesario definirlo correctamente y abrir el debate sobre sus efectos. El sue\u00f1o de quienes ejercen el poder, as\u00ed lo registra nuestra historia, en M\u00e9xico y el mundo, es tenerlo sin mayores complicaciones , [&hellip;]","og_url":"https:\/\/lospoliticosveracruz.com\/?p=130670","og_site_name":"Los pol\u00edticos Veracruz","article_publisher":"https:\/\/www.facebook.com\/people\/Notimemes-de-los-Polticos\/61565672886568\/","article_published_time":"2024-10-03T13:16:16+00:00","article_modified_time":"2024-10-03T13:16:28+00:00","og_image":[{"width":1250,"height":667,"url":"https:\/\/lospoliticosveracruz.com\/wp-content\/uploads\/2024\/03\/Uriel-Flores.jpg","type":"image\/jpeg"}],"author":"Lo viste en Los Pol\u00edticos","twitter_card":"summary_large_image","twitter_creator":"@LosPoliticosVer","twitter_site":"@LosPoliticosVer","twitter_misc":{"Escrito por":"Lo viste en Los Pol\u00edticos","Tiempo de lectura":"4 minutos"},"schema":{"@context":"https:\/\/schema.org","@graph":[{"@type":"Article","@id":"https:\/\/lospoliticosveracruz.com\/?p=130670#article","isPartOf":{"@id":"https:\/\/lospoliticosveracruz.com\/?p=130670"},"author":{"name":"Lo viste en Los Pol\u00edticos","@id":"https:\/\/lospoliticosveracruz.com\/#\/schema\/person\/b8702bb0e538456e6efd07080bf2a4a2"},"headline":"A ESO LLEGAMOS!","datePublished":"2024-10-03T13:16:16+00:00","dateModified":"2024-10-03T13:16:28+00:00","mainEntityOfPage":{"@id":"https:\/\/lospoliticosveracruz.com\/?p=130670"},"wordCount":767,"publisher":{"@id":"https:\/\/lospoliticosveracruz.com\/#organization"},"image":{"@id":"https:\/\/lospoliticosveracruz.com\/?p=130670#primaryimage"},"thumbnailUrl":"https:\/\/lospoliticosveracruz.com\/wp-content\/uploads\/2024\/03\/Uriel-Flores.jpg","keywords":["democracia","Gubernaturas"],"articleSection":["De Opini\u00f3n"],"inLanguage":"es"},{"@type":"WebPage","@id":"https:\/\/lospoliticosveracruz.com\/?p=130670","url":"https:\/\/lospoliticosveracruz.com\/?p=130670","name":"A ESO LLEGAMOS! - Los pol\u00edticos Veracruz","isPartOf":{"@id":"https:\/\/lospoliticosveracruz.com\/#website"},"primaryImageOfPage":{"@id":"https:\/\/lospoliticosveracruz.com\/?p=130670#primaryimage"},"image":{"@id":"https:\/\/lospoliticosveracruz.com\/?p=130670#primaryimage"},"thumbnailUrl":"https:\/\/lospoliticosveracruz.com\/wp-content\/uploads\/2024\/03\/Uriel-Flores.jpg","datePublished":"2024-10-03T13:16:16+00:00","dateModified":"2024-10-03T13:16:28+00:00","breadcrumb":{"@id":"https:\/\/lospoliticosveracruz.com\/?p=130670#breadcrumb"},"inLanguage":"es","potentialAction":[{"@type":"ReadAction","target":["https:\/\/lospoliticosveracruz.com\/?p=130670"]}]},{"@type":"ImageObject","inLanguage":"es","@id":"https:\/\/lospoliticosveracruz.com\/?p=130670#primaryimage","url":"https:\/\/lospoliticosveracruz.com\/wp-content\/uploads\/2024\/03\/Uriel-Flores.jpg","contentUrl":"https:\/\/lospoliticosveracruz.com\/wp-content\/uploads\/2024\/03\/Uriel-Flores.jpg","width":1250,"height":667},{"@type":"BreadcrumbList","@id":"https:\/\/lospoliticosveracruz.com\/?p=130670#breadcrumb","itemListElement":[{"@type":"ListItem","position":1,"name":"Portada","item":"https:\/\/lospoliticosveracruz.com\/"},{"@type":"ListItem","position":2,"name":"A ESO LLEGAMOS!"}]},{"@type":"WebSite","@id":"https:\/\/lospoliticosveracruz.com\/#website","url":"https:\/\/lospoliticosveracruz.com\/","name":"Los pol\u00edticos Veracruz","description":"","publisher":{"@id":"https:\/\/lospoliticosveracruz.com\/#organization"},"potentialAction":[{"@type":"SearchAction","target":{"@type":"EntryPoint","urlTemplate":"https:\/\/lospoliticosveracruz.com\/?s={search_term_string}"},"query-input":{"@type":"PropertyValueSpecification","valueRequired":true,"valueName":"search_term_string"}}],"inLanguage":"es"},{"@type":"Organization","@id":"https:\/\/lospoliticosveracruz.com\/#organization","name":"Los pol\u00edticos Veracruz","url":"https:\/\/lospoliticosveracruz.com\/","logo":{"@type":"ImageObject","inLanguage":"es","@id":"https:\/\/lospoliticosveracruz.com\/#\/schema\/logo\/image\/","url":"https:\/\/lospoliticosveracruz.com\/wp-content\/uploads\/2025\/12\/Logo-Nuevo-LOS-POLITICOS-1.jpg","contentUrl":"https:\/\/lospoliticosveracruz.com\/wp-content\/uploads\/2025\/12\/Logo-Nuevo-LOS-POLITICOS-1.jpg","width":260,"height":70,"caption":"Los pol\u00edticos Veracruz"},"image":{"@id":"https:\/\/lospoliticosveracruz.com\/#\/schema\/logo\/image\/"},"sameAs":["https:\/\/www.facebook.com\/people\/Notimemes-de-los-Polticos\/61565672886568\/","https:\/\/x.com\/LosPoliticosVer"]},{"@type":"Person","@id":"https:\/\/lospoliticosveracruz.com\/#\/schema\/person\/b8702bb0e538456e6efd07080bf2a4a2","name":"Lo viste en Los Pol\u00edticos","image":{"@type":"ImageObject","inLanguage":"es","@id":"https:\/\/secure.gravatar.com\/avatar\/3a8de04a2656d44082be478bd6c086daa447c4651605818287b9532d3d0bd435?s=96&d=mm&r=g","url":"https:\/\/secure.gravatar.com\/avatar\/3a8de04a2656d44082be478bd6c086daa447c4651605818287b9532d3d0bd435?s=96&d=mm&r=g","contentUrl":"https:\/\/secure.gravatar.com\/avatar\/3a8de04a2656d44082be478bd6c086daa447c4651605818287b9532d3d0bd435?s=96&d=mm&r=g","caption":"Lo viste en Los Pol\u00edticos"},"url":"https:\/\/lospoliticosveracruz.com\/?author=2"}]}},"_links":{"self":[{"href":"https:\/\/lospoliticosveracruz.com\/index.php?rest_route=\/wp\/v2\/posts\/130670","targetHints":{"allow":["GET"]}}],"collection":[{"href":"https:\/\/lospoliticosveracruz.com\/index.php?rest_route=\/wp\/v2\/posts"}],"about":[{"href":"https:\/\/lospoliticosveracruz.com\/index.php?rest_route=\/wp\/v2\/types\/post"}],"author":[{"embeddable":true,"href":"https:\/\/lospoliticosveracruz.com\/index.php?rest_route=\/wp\/v2\/users\/2"}],"replies":[{"embeddable":true,"href":"https:\/\/lospoliticosveracruz.com\/index.php?rest_route=%2Fwp%2Fv2%2Fcomments&post=130670"}],"version-history":[{"count":2,"href":"https:\/\/lospoliticosveracruz.com\/index.php?rest_route=\/wp\/v2\/posts\/130670\/revisions"}],"predecessor-version":[{"id":130672,"href":"https:\/\/lospoliticosveracruz.com\/index.php?rest_route=\/wp\/v2\/posts\/130670\/revisions\/130672"}],"wp:featuredmedia":[{"embeddable":true,"href":"https:\/\/lospoliticosveracruz.com\/index.php?rest_route=\/wp\/v2\/media\/119915"}],"wp:attachment":[{"href":"https:\/\/lospoliticosveracruz.com\/index.php?rest_route=%2Fwp%2Fv2%2Fmedia&parent=130670"}],"wp:term":[{"taxonomy":"category","embeddable":true,"href":"https:\/\/lospoliticosveracruz.com\/index.php?rest_route=%2Fwp%2Fv2%2Fcategories&post=130670"},{"taxonomy":"post_tag","embeddable":true,"href":"https:\/\/lospoliticosveracruz.com\/index.php?rest_route=%2Fwp%2Fv2%2Ftags&post=130670"}],"curies":[{"name":"wp","href":"https:\/\/api.w.org\/{rel}","templated":true}]}}