{"id":130912,"date":"2024-10-08T18:26:58","date_gmt":"2024-10-08T23:26:58","guid":{"rendered":"https:\/\/lospoliticosveracruz.com.mx\/?p=130912"},"modified":"2024-10-08T18:27:04","modified_gmt":"2024-10-08T23:27:04","slug":"tato-amarra-la-sub-en-sedecop","status":"publish","type":"post","link":"https:\/\/lospoliticosveracruz.com\/?p=130912","title":{"rendered":"TATO AMARRA LA SUB EN SEDECOP!"},"content":{"rendered":"\n<p><\/p>\n\n\n\n<p>Boca del R\u00edo<br>En sus redes sociales, Roc\u00edo Nahle Garc\u00eda, gobernadora electa de Veracruz, present\u00f3 al equipo que la acompa\u00f1ar\u00e1 en el DIF Estatal as\u00ed como en la Secretar\u00eda de Desarrollo Econ\u00f3mico y Portuario (Sedecop)<\/p>\n\n\n\n<p>DIF ESTATAL<\/p>\n\n\n\n<p>Liliana L\u00f3pez Coronado, nacida en C\u00f3rdoba, ser\u00e1 la Procuradora Estatal de Protecci\u00f3n de Ni\u00f1as, Ni\u00f1os y Adolescentes, es Licenciada en Derecho por la Universidad de Sotavento con sede en Orizaba y maestra en Derecho de Amparo por el Centro de Estudios Avanzados de las Am\u00e9ricas de Orizaba.<\/p>\n\n\n\n<p>Entre sus funciones se ha desempe\u00f1ado como vocal de organizaci\u00f3n del Consejo Municipal del extinto Instituto Electoral de Veracruz,<br>Asesora Legislativa durante la Legislatura LXIV y titular de la Oficina de la Unidad de Transparencia del Poder Legislativo.<\/p>\n\n\n\n<p>La xalape\u00f1a Andrea del Mar Pe\u00f1a Ramos, fungir\u00e1 como directora Administrativa, Jur\u00eddica y Consultiva del DIF del Estado. Curs\u00f3 la Licenciatura en Relaciones Industriales, Maestr\u00eda en Ciencias Administrativas y cuenta con un Diplomado en Recursos Humanos y uno m\u00e1s en Relaciones Laborales.<\/p>\n\n\n\n<p>Monserrat Murrieta Moreno, de Tlapacoyan, asumir\u00e1 la direcci\u00f3n del Centro de Rehabilitaci\u00f3n e Inclusi\u00f3n Social de Veracruz (Crisver). Es Licenciada en Administraci\u00f3n de Empresas por la Universidad de Xalapa (UX) y Maestrante en Administraci\u00f3n P\u00fablica.<\/p>\n\n\n\n<p>Marl\u00e9n Hern\u00e1ndez Castillo, ser\u00e1 directora de Asistencia e Integraci\u00f3n Social. Actualmente es presidenta del DIF en Misantla, de donde es originaria. Estudi\u00f3 la Licenciatura Ciencias Pol\u00edticas en la Universidad de las Am\u00e9ricas en Puebla y Licenciatura en Derecho en la Universidad Veracruzana. Maestrante en Comunicaci\u00f3n y Medios Digitales.<\/p>\n\n\n\n<p>Carla Lizeth Rosas Mora, tendr\u00e1 la direcci\u00f3n de Atenci\u00f3n Vulnerable. Oriunda de Nanchital. Es Licenciada en Contadur\u00eda P\u00fablica por la Universidad Cuauht\u00e9moc en Puebla y Licenciada en Pedagog\u00eda por la Universidad del Golfo de M\u00e9xico en Coatzacoalcos. Adem\u00e1s, es Maestra en Gesti\u00f3n Empresarial por la Universidad de Oriente en Coatzacoalcos.<\/p>\n\n\n\n<p>SEDECOP<\/p>\n\n\n\n<p>En la Secretar\u00eda de Desarrollo Econ\u00f3mico y Portuario (Sedecop) cuyo titular es Ernesto P\u00e9rez Astorga, se desempe\u00f1ar\u00e1 como subsecretario, Eduardo Vega, Licenciado en Econom\u00eda por la Universidad Veracruzana.<\/p>\n\n\n\n<p>El Ing. Carlos Andr\u00e9s Morales Mar, exdirector corporativo de Operaciones de la Comisi\u00f3n Federal de Electricidad (CFE) fue nombrado como titular de la Agencia Estatal de Energ\u00eda.<\/p>\n\n\n\n<p>La exdiputada federal, Itzel Alel\u00ed Dom\u00ednguez Zopiyactle, de Zongolica, destaca como la pr\u00f3xima directora de Normas Regulatorias.<\/p>\n\n\n\n<p>Finalmente, Carlos Torres Ram\u00edrez, Licenciado en Administraci\u00f3n De Empresas por la Universidad Del Golfo De M\u00e9xico y originario de Mart\u00ednez de la Torre, ser\u00e1 el director de la API Sistema Portuario Veracruzano.<\/p>\n\n\n\n<p>\u201cLe avanzamos hoy en la revisi\u00f3n en el plan estatal de desarrollo y en el procedimiento de entrega-recepci\u00f3n, con los equipos que me van apoyar en el DIF estatal y en la Secretar\u00eda de Desarrollo Econ\u00f3mico. Compa\u00f1eros y compa\u00f1eras con experiencia, convicci\u00f3n y muy capaces. Nos va a ir bien!\u201d, detall\u00f3 la ejecutiva electa.<\/p>\n","protected":false},"excerpt":{"rendered":"<p>Boca del R\u00edoEn sus redes sociales, Roc\u00edo Nahle Garc\u00eda, gobernadora electa de Veracruz, present\u00f3 al equipo que la acompa\u00f1ar\u00e1 en el DIF Estatal as\u00ed como en la Secretar\u00eda de Desarrollo Econ\u00f3mico y Portuario (Sedecop) DIF ESTATAL Liliana L\u00f3pez Coronado, nacida en C\u00f3rdoba, ser\u00e1 la Procuradora Estatal de Protecci\u00f3n de Ni\u00f1as, Ni\u00f1os y Adolescentes, es Licenciada [&hellip;]<\/p>\n","protected":false},"author":2,"featured_media":0,"comment_status":"closed","ping_status":"closed","sticky":false,"template":"","format":"standard","meta":{"tdm_status":"","tdm_grid_status":"","footnotes":""},"categories":[1],"tags":[],"class_list":{"0":"post-130912","1":"post","2":"type-post","3":"status-publish","4":"format-standard","6":"category-sin-categoria"},"yoast_head":"<!-- This site is optimized with the Yoast SEO plugin v27.4 - https:\/\/yoast.com\/product\/yoast-seo-wordpress\/ -->\n<title>TATO AMARRA LA SUB EN SEDECOP! - Los pol\u00edticos Veracruz<\/title>\n<meta name=\"robots\" content=\"index, follow, max-snippet:-1, max-image-preview:large, max-video-preview:-1\" \/>\n<link rel=\"canonical\" href=\"https:\/\/lospoliticosveracruz.com\/?p=130912\" \/>\n<meta property=\"og:locale\" content=\"es_ES\" \/>\n<meta property=\"og:type\" content=\"article\" \/>\n<meta property=\"og:title\" content=\"TATO AMARRA LA SUB EN SEDECOP! - Los pol\u00edticos Veracruz\" \/>\n<meta property=\"og:description\" content=\"Boca del R\u00edoEn sus redes sociales, Roc\u00edo Nahle Garc\u00eda, gobernadora electa de Veracruz, present\u00f3 al equipo que la acompa\u00f1ar\u00e1 en el DIF Estatal as\u00ed como en la Secretar\u00eda de Desarrollo Econ\u00f3mico y Portuario (Sedecop) DIF ESTATAL Liliana L\u00f3pez Coronado, nacida en C\u00f3rdoba, ser\u00e1 la Procuradora Estatal de Protecci\u00f3n de Ni\u00f1as, Ni\u00f1os y Adolescentes, es Licenciada [&hellip;]\" \/>\n<meta property=\"og:url\" content=\"https:\/\/lospoliticosveracruz.com\/?p=130912\" \/>\n<meta property=\"og:site_name\" content=\"Los pol\u00edticos Veracruz\" \/>\n<meta property=\"article:publisher\" content=\"https:\/\/www.facebook.com\/people\/Notimemes-de-los-Polticos\/61565672886568\/\" \/>\n<meta property=\"article:published_time\" content=\"2024-10-08T23:26:58+00:00\" \/>\n<meta property=\"article:modified_time\" content=\"2024-10-08T23:27:04+00:00\" \/>\n<meta property=\"og:image\" content=\"https:\/\/lospoliticosveracruz.com\/wp-content\/uploads\/2016\/07\/Logo-Dor.jpg\" \/>\n\t<meta property=\"og:image:width\" content=\"200\" \/>\n\t<meta property=\"og:image:height\" content=\"200\" \/>\n\t<meta property=\"og:image:type\" content=\"image\/jpeg\" \/>\n<meta name=\"author\" content=\"Lo viste en Los Pol\u00edticos\" \/>\n<meta name=\"twitter:card\" content=\"summary_large_image\" \/>\n<meta name=\"twitter:creator\" content=\"@LosPoliticosVer\" \/>\n<meta name=\"twitter:site\" content=\"@LosPoliticosVer\" \/>\n<meta name=\"twitter:label1\" content=\"Escrito por\" \/>\n\t<meta name=\"twitter:data1\" content=\"Lo viste en Los Pol\u00edticos\" \/>\n\t<meta name=\"twitter:label2\" content=\"Tiempo de lectura\" \/>\n\t<meta name=\"twitter:data2\" content=\"3 minutos\" \/>\n<script type=\"application\/ld+json\" class=\"yoast-schema-graph\">{\"@context\":\"https:\\\/\\\/schema.org\",\"@graph\":[{\"@type\":\"Article\",\"@id\":\"https:\\\/\\\/lospoliticosveracruz.com\\\/?p=130912#article\",\"isPartOf\":{\"@id\":\"https:\\\/\\\/lospoliticosveracruz.com\\\/?p=130912\"},\"author\":{\"name\":\"Lo viste en Los Pol\u00edticos\",\"@id\":\"https:\\\/\\\/lospoliticosveracruz.com\\\/#\\\/schema\\\/person\\\/b8702bb0e538456e6efd07080bf2a4a2\"},\"headline\":\"TATO AMARRA LA SUB EN SEDECOP!\",\"datePublished\":\"2024-10-08T23:26:58+00:00\",\"dateModified\":\"2024-10-08T23:27:04+00:00\",\"mainEntityOfPage\":{\"@id\":\"https:\\\/\\\/lospoliticosveracruz.com\\\/?p=130912\"},\"wordCount\":522,\"publisher\":{\"@id\":\"https:\\\/\\\/lospoliticosveracruz.com\\\/#organization\"},\"inLanguage\":\"es\"},{\"@type\":\"WebPage\",\"@id\":\"https:\\\/\\\/lospoliticosveracruz.com\\\/?p=130912\",\"url\":\"https:\\\/\\\/lospoliticosveracruz.com\\\/?p=130912\",\"name\":\"TATO AMARRA LA SUB EN SEDECOP! - Los pol\u00edticos Veracruz\",\"isPartOf\":{\"@id\":\"https:\\\/\\\/lospoliticosveracruz.com\\\/#website\"},\"datePublished\":\"2024-10-08T23:26:58+00:00\",\"dateModified\":\"2024-10-08T23:27:04+00:00\",\"breadcrumb\":{\"@id\":\"https:\\\/\\\/lospoliticosveracruz.com\\\/?p=130912#breadcrumb\"},\"inLanguage\":\"es\",\"potentialAction\":[{\"@type\":\"ReadAction\",\"target\":[\"https:\\\/\\\/lospoliticosveracruz.com\\\/?p=130912\"]}]},{\"@type\":\"BreadcrumbList\",\"@id\":\"https:\\\/\\\/lospoliticosveracruz.com\\\/?p=130912#breadcrumb\",\"itemListElement\":[{\"@type\":\"ListItem\",\"position\":1,\"name\":\"Portada\",\"item\":\"https:\\\/\\\/lospoliticosveracruz.com\\\/\"},{\"@type\":\"ListItem\",\"position\":2,\"name\":\"TATO AMARRA LA SUB EN SEDECOP!\"}]},{\"@type\":\"WebSite\",\"@id\":\"https:\\\/\\\/lospoliticosveracruz.com\\\/#website\",\"url\":\"https:\\\/\\\/lospoliticosveracruz.com\\\/\",\"name\":\"Los pol\u00edticos Veracruz\",\"description\":\"\",\"publisher\":{\"@id\":\"https:\\\/\\\/lospoliticosveracruz.com\\\/#organization\"},\"potentialAction\":[{\"@type\":\"SearchAction\",\"target\":{\"@type\":\"EntryPoint\",\"urlTemplate\":\"https:\\\/\\\/lospoliticosveracruz.com\\\/?s={search_term_string}\"},\"query-input\":{\"@type\":\"PropertyValueSpecification\",\"valueRequired\":true,\"valueName\":\"search_term_string\"}}],\"inLanguage\":\"es\"},{\"@type\":\"Organization\",\"@id\":\"https:\\\/\\\/lospoliticosveracruz.com\\\/#organization\",\"name\":\"Los pol\u00edticos Veracruz\",\"url\":\"https:\\\/\\\/lospoliticosveracruz.com\\\/\",\"logo\":{\"@type\":\"ImageObject\",\"inLanguage\":\"es\",\"@id\":\"https:\\\/\\\/lospoliticosveracruz.com\\\/#\\\/schema\\\/logo\\\/image\\\/\",\"url\":\"https:\\\/\\\/lospoliticosveracruz.com\\\/wp-content\\\/uploads\\\/2025\\\/12\\\/Logo-Nuevo-LOS-POLITICOS-1.jpg\",\"contentUrl\":\"https:\\\/\\\/lospoliticosveracruz.com\\\/wp-content\\\/uploads\\\/2025\\\/12\\\/Logo-Nuevo-LOS-POLITICOS-1.jpg\",\"width\":260,\"height\":70,\"caption\":\"Los pol\u00edticos Veracruz\"},\"image\":{\"@id\":\"https:\\\/\\\/lospoliticosveracruz.com\\\/#\\\/schema\\\/logo\\\/image\\\/\"},\"sameAs\":[\"https:\\\/\\\/www.facebook.com\\\/people\\\/Notimemes-de-los-Polticos\\\/61565672886568\\\/\",\"https:\\\/\\\/x.com\\\/LosPoliticosVer\"]},{\"@type\":\"Person\",\"@id\":\"https:\\\/\\\/lospoliticosveracruz.com\\\/#\\\/schema\\\/person\\\/b8702bb0e538456e6efd07080bf2a4a2\",\"name\":\"Lo viste en Los Pol\u00edticos\",\"image\":{\"@type\":\"ImageObject\",\"inLanguage\":\"es\",\"@id\":\"https:\\\/\\\/secure.gravatar.com\\\/avatar\\\/3a8de04a2656d44082be478bd6c086daa447c4651605818287b9532d3d0bd435?s=96&d=mm&r=g\",\"url\":\"https:\\\/\\\/secure.gravatar.com\\\/avatar\\\/3a8de04a2656d44082be478bd6c086daa447c4651605818287b9532d3d0bd435?s=96&d=mm&r=g\",\"contentUrl\":\"https:\\\/\\\/secure.gravatar.com\\\/avatar\\\/3a8de04a2656d44082be478bd6c086daa447c4651605818287b9532d3d0bd435?s=96&d=mm&r=g\",\"caption\":\"Lo viste en Los Pol\u00edticos\"},\"url\":\"https:\\\/\\\/lospoliticosveracruz.com\\\/?author=2\"}]}<\/script>\n<!-- \/ Yoast SEO plugin. -->","yoast_head_json":{"title":"TATO AMARRA LA SUB EN SEDECOP! - Los pol\u00edticos Veracruz","robots":{"index":"index","follow":"follow","max-snippet":"max-snippet:-1","max-image-preview":"max-image-preview:large","max-video-preview":"max-video-preview:-1"},"canonical":"https:\/\/lospoliticosveracruz.com\/?p=130912","og_locale":"es_ES","og_type":"article","og_title":"TATO AMARRA LA SUB EN SEDECOP! - Los pol\u00edticos Veracruz","og_description":"Boca del R\u00edoEn sus redes sociales, Roc\u00edo Nahle Garc\u00eda, gobernadora electa de Veracruz, present\u00f3 al equipo que la acompa\u00f1ar\u00e1 en el DIF Estatal as\u00ed como en la Secretar\u00eda de Desarrollo Econ\u00f3mico y Portuario (Sedecop) DIF ESTATAL Liliana L\u00f3pez Coronado, nacida en C\u00f3rdoba, ser\u00e1 la Procuradora Estatal de Protecci\u00f3n de Ni\u00f1as, Ni\u00f1os y Adolescentes, es Licenciada [&hellip;]","og_url":"https:\/\/lospoliticosveracruz.com\/?p=130912","og_site_name":"Los pol\u00edticos Veracruz","article_publisher":"https:\/\/www.facebook.com\/people\/Notimemes-de-los-Polticos\/61565672886568\/","article_published_time":"2024-10-08T23:26:58+00:00","article_modified_time":"2024-10-08T23:27:04+00:00","og_image":[{"width":200,"height":200,"url":"https:\/\/lospoliticosveracruz.com\/wp-content\/uploads\/2016\/07\/Logo-Dor.jpg","type":"image\/jpeg"}],"author":"Lo viste en Los Pol\u00edticos","twitter_card":"summary_large_image","twitter_creator":"@LosPoliticosVer","twitter_site":"@LosPoliticosVer","twitter_misc":{"Escrito por":"Lo viste en Los Pol\u00edticos","Tiempo de lectura":"3 minutos"},"schema":{"@context":"https:\/\/schema.org","@graph":[{"@type":"Article","@id":"https:\/\/lospoliticosveracruz.com\/?p=130912#article","isPartOf":{"@id":"https:\/\/lospoliticosveracruz.com\/?p=130912"},"author":{"name":"Lo viste en Los Pol\u00edticos","@id":"https:\/\/lospoliticosveracruz.com\/#\/schema\/person\/b8702bb0e538456e6efd07080bf2a4a2"},"headline":"TATO AMARRA LA SUB EN SEDECOP!","datePublished":"2024-10-08T23:26:58+00:00","dateModified":"2024-10-08T23:27:04+00:00","mainEntityOfPage":{"@id":"https:\/\/lospoliticosveracruz.com\/?p=130912"},"wordCount":522,"publisher":{"@id":"https:\/\/lospoliticosveracruz.com\/#organization"},"inLanguage":"es"},{"@type":"WebPage","@id":"https:\/\/lospoliticosveracruz.com\/?p=130912","url":"https:\/\/lospoliticosveracruz.com\/?p=130912","name":"TATO AMARRA LA SUB EN SEDECOP! - Los pol\u00edticos Veracruz","isPartOf":{"@id":"https:\/\/lospoliticosveracruz.com\/#website"},"datePublished":"2024-10-08T23:26:58+00:00","dateModified":"2024-10-08T23:27:04+00:00","breadcrumb":{"@id":"https:\/\/lospoliticosveracruz.com\/?p=130912#breadcrumb"},"inLanguage":"es","potentialAction":[{"@type":"ReadAction","target":["https:\/\/lospoliticosveracruz.com\/?p=130912"]}]},{"@type":"BreadcrumbList","@id":"https:\/\/lospoliticosveracruz.com\/?p=130912#breadcrumb","itemListElement":[{"@type":"ListItem","position":1,"name":"Portada","item":"https:\/\/lospoliticosveracruz.com\/"},{"@type":"ListItem","position":2,"name":"TATO AMARRA LA SUB EN SEDECOP!"}]},{"@type":"WebSite","@id":"https:\/\/lospoliticosveracruz.com\/#website","url":"https:\/\/lospoliticosveracruz.com\/","name":"Los pol\u00edticos Veracruz","description":"","publisher":{"@id":"https:\/\/lospoliticosveracruz.com\/#organization"},"potentialAction":[{"@type":"SearchAction","target":{"@type":"EntryPoint","urlTemplate":"https:\/\/lospoliticosveracruz.com\/?s={search_term_string}"},"query-input":{"@type":"PropertyValueSpecification","valueRequired":true,"valueName":"search_term_string"}}],"inLanguage":"es"},{"@type":"Organization","@id":"https:\/\/lospoliticosveracruz.com\/#organization","name":"Los pol\u00edticos Veracruz","url":"https:\/\/lospoliticosveracruz.com\/","logo":{"@type":"ImageObject","inLanguage":"es","@id":"https:\/\/lospoliticosveracruz.com\/#\/schema\/logo\/image\/","url":"https:\/\/lospoliticosveracruz.com\/wp-content\/uploads\/2025\/12\/Logo-Nuevo-LOS-POLITICOS-1.jpg","contentUrl":"https:\/\/lospoliticosveracruz.com\/wp-content\/uploads\/2025\/12\/Logo-Nuevo-LOS-POLITICOS-1.jpg","width":260,"height":70,"caption":"Los pol\u00edticos Veracruz"},"image":{"@id":"https:\/\/lospoliticosveracruz.com\/#\/schema\/logo\/image\/"},"sameAs":["https:\/\/www.facebook.com\/people\/Notimemes-de-los-Polticos\/61565672886568\/","https:\/\/x.com\/LosPoliticosVer"]},{"@type":"Person","@id":"https:\/\/lospoliticosveracruz.com\/#\/schema\/person\/b8702bb0e538456e6efd07080bf2a4a2","name":"Lo viste en Los Pol\u00edticos","image":{"@type":"ImageObject","inLanguage":"es","@id":"https:\/\/secure.gravatar.com\/avatar\/3a8de04a2656d44082be478bd6c086daa447c4651605818287b9532d3d0bd435?s=96&d=mm&r=g","url":"https:\/\/secure.gravatar.com\/avatar\/3a8de04a2656d44082be478bd6c086daa447c4651605818287b9532d3d0bd435?s=96&d=mm&r=g","contentUrl":"https:\/\/secure.gravatar.com\/avatar\/3a8de04a2656d44082be478bd6c086daa447c4651605818287b9532d3d0bd435?s=96&d=mm&r=g","caption":"Lo viste en Los Pol\u00edticos"},"url":"https:\/\/lospoliticosveracruz.com\/?author=2"}]}},"_links":{"self":[{"href":"https:\/\/lospoliticosveracruz.com\/index.php?rest_route=\/wp\/v2\/posts\/130912","targetHints":{"allow":["GET"]}}],"collection":[{"href":"https:\/\/lospoliticosveracruz.com\/index.php?rest_route=\/wp\/v2\/posts"}],"about":[{"href":"https:\/\/lospoliticosveracruz.com\/index.php?rest_route=\/wp\/v2\/types\/post"}],"author":[{"embeddable":true,"href":"https:\/\/lospoliticosveracruz.com\/index.php?rest_route=\/wp\/v2\/users\/2"}],"replies":[{"embeddable":true,"href":"https:\/\/lospoliticosveracruz.com\/index.php?rest_route=%2Fwp%2Fv2%2Fcomments&post=130912"}],"version-history":[{"count":1,"href":"https:\/\/lospoliticosveracruz.com\/index.php?rest_route=\/wp\/v2\/posts\/130912\/revisions"}],"predecessor-version":[{"id":130914,"href":"https:\/\/lospoliticosveracruz.com\/index.php?rest_route=\/wp\/v2\/posts\/130912\/revisions\/130914"}],"wp:attachment":[{"href":"https:\/\/lospoliticosveracruz.com\/index.php?rest_route=%2Fwp%2Fv2%2Fmedia&parent=130912"}],"wp:term":[{"taxonomy":"category","embeddable":true,"href":"https:\/\/lospoliticosveracruz.com\/index.php?rest_route=%2Fwp%2Fv2%2Fcategories&post=130912"},{"taxonomy":"post_tag","embeddable":true,"href":"https:\/\/lospoliticosveracruz.com\/index.php?rest_route=%2Fwp%2Fv2%2Ftags&post=130912"}],"curies":[{"name":"wp","href":"https:\/\/api.w.org\/{rel}","templated":true}]}}