{"id":130937,"date":"2024-10-09T08:48:53","date_gmt":"2024-10-09T13:48:53","guid":{"rendered":"https:\/\/lospoliticosveracruz.com.mx\/?p=130937"},"modified":"2024-10-09T08:49:19","modified_gmt":"2024-10-09T13:49:19","slug":"tenemos-que-ser-lombrices-de-la-nacion","status":"publish","type":"post","link":"https:\/\/lospoliticosveracruz.com\/?p=130937","title":{"rendered":"TENEMOS QUE SER LOMBRICES DE LA NACI\u00d3N"},"content":{"rendered":"\n<p><strong>Julio Vallejo<\/strong><\/p>\n\n\n\n<p><em>La delgada l\u00ednea entre mi opini\u00f3n y la tuya<\/em><\/p>\n\n\n\n<p>\u00bfHay que cambiar la trama y acabar con el drama? La lombriz es un invertebrado muy com\u00fan en los jardines, campos y cosechas, es un animal que transforma todos esos desechos t\u00f3xicos en humus, conocido tambi\u00e9n como vermicompost un producto ecol\u00f3gico que mejora la fertilidad del suelo. Si te das cuenta la lombriz no entra en la victimizaci\u00f3n de que no es el le\u00f3n, el rey de la selva, ni en su ego por ser la cabeza de rat\u00f3n, solo se encarga de transformar y hacer lo que le corresponde en la tierra; es decir, todos los desechos los convierte en abono, para mejorar el crecimiento, la germinaci\u00f3n y la productividad en flores y frutos.<\/p>\n\n\n\n<p>Las mujeres contin\u00faan viviendo tiempos hist\u00f3ricos, que van desde la participaci\u00f3n para ejercer su voto, poder decidir sobre su salud reproductiva, hasta llegar a ser presidenta de la Naci\u00f3n. Pol\u00edticamente hablando, ya lograron obtener el puesto m\u00e1s grande e importante; sin duda, uno de los sucesos m\u00e1s significativos para M\u00e9xico y para el g\u00e9nero.<\/p>\n\n\n\n<p>A todos nos conviene que le vaya bien a Sheinbaum y no s\u00f3lo haga un buen gobierno; por ello, es necesario que sea emp\u00e1tica con todos aquellos problemas a\u00f1ejos que el pa\u00eds viene arrastrando, por ejemplo; la violencia contra las mujeres o dar soluci\u00f3n a las madres con hijos desaparecidos.<\/p>\n\n\n\n<p>Nuestro pa\u00eds econ\u00f3micamente se ha convertido en un rombo, donde el gobierno privilegi\u00f3 a los pobres y a ricos, dejando al a centro mucha gente de la clase trabajadora que paga impuestos, que trabaja m\u00e1s ganando menos y que en algunos casos no pueden hacer uso de los programas sociales, ya que por las reglas de operaci\u00f3n es como si tuvieran candados, como el apoyo a madres trabajadoras, jefas de familia o madres solteras; que por los requisitos, acaban otorg\u00e1ndole a un minoritario grupo y no a todas.<\/p>\n\n\n\n<p>Sabemos a la perfecci\u00f3n que la participaci\u00f3n de las mujeres influye en gran medida en la pol\u00edtica, raz\u00f3n por la que nuestra presidenta debe emprender acciones de primer nivel para esa sociedad femenina que reclama lo justo. Tambi\u00e9n esperemos tener una mujer que garantice asistencia m\u00e9dica, mayor atenci\u00f3n jur\u00eddica, pero sobretodo seguridad.<br>Obviamente no todo ser\u00e1 culpa del papel que haga una mujer en la naci\u00f3n y esperemos que la felicidad sea eterna y pueda transferir la banda presidencial a otra mujer, para que no quede s\u00f3lo en chispazo de historia, porque como bien sabemos la pol\u00edtica es un pantano machista.<\/p>\n\n\n\n<p>Desde hoy, todos debemos ver las cosas positivas sin importar por qui\u00e9n hayamos votado; hombres, mujeres y LGBTTTIQ+ unamos fuerzas; metaf\u00f3ricamente, seamos como la lombriz, cambiemos lo malo por cosas buenas, consolidemos el respaldo y confianza a la mujer, fortalezcamos a nuestra naci\u00f3n y seamos representativos, para que as\u00ed se garantice que cada mexicano sea gobernado con justicia y apegado a los valores como el respeto, porque estoy seguro que aunque todos seamos diferentes y tengamos intereses o ambiciones, al final del d\u00eda, queremos ser feliz como la lombriz; as\u00ed que trabajar por el bien com\u00fan, no nos cuesta nada.<\/p>\n","protected":false},"excerpt":{"rendered":"<p>Julio Vallejo La delgada l\u00ednea entre mi opini\u00f3n y la tuya \u00bfHay que cambiar la trama y acabar con el drama? La lombriz es un invertebrado muy com\u00fan en los jardines, campos y cosechas, es un animal que transforma todos esos desechos t\u00f3xicos en humus, conocido tambi\u00e9n como vermicompost un producto ecol\u00f3gico que mejora la [&hellip;]<\/p>\n","protected":false},"author":2,"featured_media":119926,"comment_status":"closed","ping_status":"closed","sticky":false,"template":"","format":"standard","meta":{"tdm_status":"","tdm_grid_status":"","footnotes":""},"categories":[70],"tags":[9627,32927,1026,195],"class_list":{"0":"post-130937","1":"post","2":"type-post","3":"status-publish","4":"format-standard","5":"has-post-thumbnail","7":"category-de-opinion","8":"tag-claudia-sheinbaum","9":"tag-julio-vallejo","10":"tag-morena","11":"tag-veracruz"},"yoast_head":"<!-- This site is optimized with the Yoast SEO plugin v27.4 - https:\/\/yoast.com\/product\/yoast-seo-wordpress\/ -->\n<title>TENEMOS QUE SER LOMBRICES DE LA NACI\u00d3N - Los pol\u00edticos Veracruz<\/title>\n<meta name=\"robots\" content=\"index, follow, max-snippet:-1, max-image-preview:large, max-video-preview:-1\" \/>\n<link rel=\"canonical\" href=\"https:\/\/lospoliticosveracruz.com\/?p=130937\" \/>\n<meta property=\"og:locale\" content=\"es_ES\" \/>\n<meta property=\"og:type\" content=\"article\" \/>\n<meta property=\"og:title\" content=\"TENEMOS QUE SER LOMBRICES DE LA NACI\u00d3N - Los pol\u00edticos Veracruz\" \/>\n<meta property=\"og:description\" content=\"Julio Vallejo La delgada l\u00ednea entre mi opini\u00f3n y la tuya \u00bfHay que cambiar la trama y acabar con el drama? La lombriz es un invertebrado muy com\u00fan en los jardines, campos y cosechas, es un animal que transforma todos esos desechos t\u00f3xicos en humus, conocido tambi\u00e9n como vermicompost un producto ecol\u00f3gico que mejora la [&hellip;]\" \/>\n<meta property=\"og:url\" content=\"https:\/\/lospoliticosveracruz.com\/?p=130937\" \/>\n<meta property=\"og:site_name\" content=\"Los pol\u00edticos Veracruz\" \/>\n<meta property=\"article:publisher\" content=\"https:\/\/www.facebook.com\/people\/Notimemes-de-los-Polticos\/61565672886568\/\" \/>\n<meta property=\"article:published_time\" content=\"2024-10-09T13:48:53+00:00\" \/>\n<meta property=\"article:modified_time\" content=\"2024-10-09T13:49:19+00:00\" \/>\n<meta property=\"og:image\" content=\"https:\/\/lospoliticosveracruz.com\/wp-content\/uploads\/2024\/03\/Julio-Vallejo.jpg\" \/>\n\t<meta property=\"og:image:width\" content=\"1250\" \/>\n\t<meta property=\"og:image:height\" content=\"667\" \/>\n\t<meta property=\"og:image:type\" content=\"image\/jpeg\" \/>\n<meta name=\"author\" content=\"Lo viste en Los Pol\u00edticos\" \/>\n<meta name=\"twitter:card\" content=\"summary_large_image\" \/>\n<meta name=\"twitter:creator\" content=\"@LosPoliticosVer\" \/>\n<meta name=\"twitter:site\" content=\"@LosPoliticosVer\" \/>\n<meta name=\"twitter:label1\" content=\"Escrito por\" \/>\n\t<meta name=\"twitter:data1\" content=\"Lo viste en Los Pol\u00edticos\" \/>\n\t<meta name=\"twitter:label2\" content=\"Tiempo de lectura\" \/>\n\t<meta name=\"twitter:data2\" content=\"3 minutos\" \/>\n<script type=\"application\/ld+json\" class=\"yoast-schema-graph\">{\"@context\":\"https:\\\/\\\/schema.org\",\"@graph\":[{\"@type\":\"Article\",\"@id\":\"https:\\\/\\\/lospoliticosveracruz.com\\\/?p=130937#article\",\"isPartOf\":{\"@id\":\"https:\\\/\\\/lospoliticosveracruz.com\\\/?p=130937\"},\"author\":{\"name\":\"Lo viste en Los Pol\u00edticos\",\"@id\":\"https:\\\/\\\/lospoliticosveracruz.com\\\/#\\\/schema\\\/person\\\/b8702bb0e538456e6efd07080bf2a4a2\"},\"headline\":\"TENEMOS QUE SER LOMBRICES DE LA NACI\u00d3N\",\"datePublished\":\"2024-10-09T13:48:53+00:00\",\"dateModified\":\"2024-10-09T13:49:19+00:00\",\"mainEntityOfPage\":{\"@id\":\"https:\\\/\\\/lospoliticosveracruz.com\\\/?p=130937\"},\"wordCount\":572,\"publisher\":{\"@id\":\"https:\\\/\\\/lospoliticosveracruz.com\\\/#organization\"},\"image\":{\"@id\":\"https:\\\/\\\/lospoliticosveracruz.com\\\/?p=130937#primaryimage\"},\"thumbnailUrl\":\"https:\\\/\\\/lospoliticosveracruz.com\\\/wp-content\\\/uploads\\\/2024\\\/03\\\/Julio-Vallejo.jpg\",\"keywords\":[\"Claudia Sheinbaum\",\"Julio Vallejo\",\"Morena\",\"Veracruz\"],\"articleSection\":[\"De Opini\u00f3n\"],\"inLanguage\":\"es\"},{\"@type\":\"WebPage\",\"@id\":\"https:\\\/\\\/lospoliticosveracruz.com\\\/?p=130937\",\"url\":\"https:\\\/\\\/lospoliticosveracruz.com\\\/?p=130937\",\"name\":\"TENEMOS QUE SER LOMBRICES DE LA NACI\u00d3N - Los pol\u00edticos Veracruz\",\"isPartOf\":{\"@id\":\"https:\\\/\\\/lospoliticosveracruz.com\\\/#website\"},\"primaryImageOfPage\":{\"@id\":\"https:\\\/\\\/lospoliticosveracruz.com\\\/?p=130937#primaryimage\"},\"image\":{\"@id\":\"https:\\\/\\\/lospoliticosveracruz.com\\\/?p=130937#primaryimage\"},\"thumbnailUrl\":\"https:\\\/\\\/lospoliticosveracruz.com\\\/wp-content\\\/uploads\\\/2024\\\/03\\\/Julio-Vallejo.jpg\",\"datePublished\":\"2024-10-09T13:48:53+00:00\",\"dateModified\":\"2024-10-09T13:49:19+00:00\",\"breadcrumb\":{\"@id\":\"https:\\\/\\\/lospoliticosveracruz.com\\\/?p=130937#breadcrumb\"},\"inLanguage\":\"es\",\"potentialAction\":[{\"@type\":\"ReadAction\",\"target\":[\"https:\\\/\\\/lospoliticosveracruz.com\\\/?p=130937\"]}]},{\"@type\":\"ImageObject\",\"inLanguage\":\"es\",\"@id\":\"https:\\\/\\\/lospoliticosveracruz.com\\\/?p=130937#primaryimage\",\"url\":\"https:\\\/\\\/lospoliticosveracruz.com\\\/wp-content\\\/uploads\\\/2024\\\/03\\\/Julio-Vallejo.jpg\",\"contentUrl\":\"https:\\\/\\\/lospoliticosveracruz.com\\\/wp-content\\\/uploads\\\/2024\\\/03\\\/Julio-Vallejo.jpg\",\"width\":1250,\"height\":667},{\"@type\":\"BreadcrumbList\",\"@id\":\"https:\\\/\\\/lospoliticosveracruz.com\\\/?p=130937#breadcrumb\",\"itemListElement\":[{\"@type\":\"ListItem\",\"position\":1,\"name\":\"Portada\",\"item\":\"https:\\\/\\\/lospoliticosveracruz.com\\\/\"},{\"@type\":\"ListItem\",\"position\":2,\"name\":\"TENEMOS QUE SER LOMBRICES DE LA NACI\u00d3N\"}]},{\"@type\":\"WebSite\",\"@id\":\"https:\\\/\\\/lospoliticosveracruz.com\\\/#website\",\"url\":\"https:\\\/\\\/lospoliticosveracruz.com\\\/\",\"name\":\"Los pol\u00edticos Veracruz\",\"description\":\"\",\"publisher\":{\"@id\":\"https:\\\/\\\/lospoliticosveracruz.com\\\/#organization\"},\"potentialAction\":[{\"@type\":\"SearchAction\",\"target\":{\"@type\":\"EntryPoint\",\"urlTemplate\":\"https:\\\/\\\/lospoliticosveracruz.com\\\/?s={search_term_string}\"},\"query-input\":{\"@type\":\"PropertyValueSpecification\",\"valueRequired\":true,\"valueName\":\"search_term_string\"}}],\"inLanguage\":\"es\"},{\"@type\":\"Organization\",\"@id\":\"https:\\\/\\\/lospoliticosveracruz.com\\\/#organization\",\"name\":\"Los pol\u00edticos Veracruz\",\"url\":\"https:\\\/\\\/lospoliticosveracruz.com\\\/\",\"logo\":{\"@type\":\"ImageObject\",\"inLanguage\":\"es\",\"@id\":\"https:\\\/\\\/lospoliticosveracruz.com\\\/#\\\/schema\\\/logo\\\/image\\\/\",\"url\":\"https:\\\/\\\/lospoliticosveracruz.com\\\/wp-content\\\/uploads\\\/2025\\\/12\\\/Logo-Nuevo-LOS-POLITICOS-1.jpg\",\"contentUrl\":\"https:\\\/\\\/lospoliticosveracruz.com\\\/wp-content\\\/uploads\\\/2025\\\/12\\\/Logo-Nuevo-LOS-POLITICOS-1.jpg\",\"width\":260,\"height\":70,\"caption\":\"Los pol\u00edticos Veracruz\"},\"image\":{\"@id\":\"https:\\\/\\\/lospoliticosveracruz.com\\\/#\\\/schema\\\/logo\\\/image\\\/\"},\"sameAs\":[\"https:\\\/\\\/www.facebook.com\\\/people\\\/Notimemes-de-los-Polticos\\\/61565672886568\\\/\",\"https:\\\/\\\/x.com\\\/LosPoliticosVer\"]},{\"@type\":\"Person\",\"@id\":\"https:\\\/\\\/lospoliticosveracruz.com\\\/#\\\/schema\\\/person\\\/b8702bb0e538456e6efd07080bf2a4a2\",\"name\":\"Lo viste en Los Pol\u00edticos\",\"image\":{\"@type\":\"ImageObject\",\"inLanguage\":\"es\",\"@id\":\"https:\\\/\\\/secure.gravatar.com\\\/avatar\\\/3a8de04a2656d44082be478bd6c086daa447c4651605818287b9532d3d0bd435?s=96&d=mm&r=g\",\"url\":\"https:\\\/\\\/secure.gravatar.com\\\/avatar\\\/3a8de04a2656d44082be478bd6c086daa447c4651605818287b9532d3d0bd435?s=96&d=mm&r=g\",\"contentUrl\":\"https:\\\/\\\/secure.gravatar.com\\\/avatar\\\/3a8de04a2656d44082be478bd6c086daa447c4651605818287b9532d3d0bd435?s=96&d=mm&r=g\",\"caption\":\"Lo viste en Los Pol\u00edticos\"},\"url\":\"https:\\\/\\\/lospoliticosveracruz.com\\\/?author=2\"}]}<\/script>\n<!-- \/ Yoast SEO plugin. -->","yoast_head_json":{"title":"TENEMOS QUE SER LOMBRICES DE LA NACI\u00d3N - Los pol\u00edticos Veracruz","robots":{"index":"index","follow":"follow","max-snippet":"max-snippet:-1","max-image-preview":"max-image-preview:large","max-video-preview":"max-video-preview:-1"},"canonical":"https:\/\/lospoliticosveracruz.com\/?p=130937","og_locale":"es_ES","og_type":"article","og_title":"TENEMOS QUE SER LOMBRICES DE LA NACI\u00d3N - Los pol\u00edticos Veracruz","og_description":"Julio Vallejo La delgada l\u00ednea entre mi opini\u00f3n y la tuya \u00bfHay que cambiar la trama y acabar con el drama? La lombriz es un invertebrado muy com\u00fan en los jardines, campos y cosechas, es un animal que transforma todos esos desechos t\u00f3xicos en humus, conocido tambi\u00e9n como vermicompost un producto ecol\u00f3gico que mejora la [&hellip;]","og_url":"https:\/\/lospoliticosveracruz.com\/?p=130937","og_site_name":"Los pol\u00edticos Veracruz","article_publisher":"https:\/\/www.facebook.com\/people\/Notimemes-de-los-Polticos\/61565672886568\/","article_published_time":"2024-10-09T13:48:53+00:00","article_modified_time":"2024-10-09T13:49:19+00:00","og_image":[{"width":1250,"height":667,"url":"https:\/\/lospoliticosveracruz.com\/wp-content\/uploads\/2024\/03\/Julio-Vallejo.jpg","type":"image\/jpeg"}],"author":"Lo viste en Los Pol\u00edticos","twitter_card":"summary_large_image","twitter_creator":"@LosPoliticosVer","twitter_site":"@LosPoliticosVer","twitter_misc":{"Escrito por":"Lo viste en Los Pol\u00edticos","Tiempo de lectura":"3 minutos"},"schema":{"@context":"https:\/\/schema.org","@graph":[{"@type":"Article","@id":"https:\/\/lospoliticosveracruz.com\/?p=130937#article","isPartOf":{"@id":"https:\/\/lospoliticosveracruz.com\/?p=130937"},"author":{"name":"Lo viste en Los Pol\u00edticos","@id":"https:\/\/lospoliticosveracruz.com\/#\/schema\/person\/b8702bb0e538456e6efd07080bf2a4a2"},"headline":"TENEMOS QUE SER LOMBRICES DE LA NACI\u00d3N","datePublished":"2024-10-09T13:48:53+00:00","dateModified":"2024-10-09T13:49:19+00:00","mainEntityOfPage":{"@id":"https:\/\/lospoliticosveracruz.com\/?p=130937"},"wordCount":572,"publisher":{"@id":"https:\/\/lospoliticosveracruz.com\/#organization"},"image":{"@id":"https:\/\/lospoliticosveracruz.com\/?p=130937#primaryimage"},"thumbnailUrl":"https:\/\/lospoliticosveracruz.com\/wp-content\/uploads\/2024\/03\/Julio-Vallejo.jpg","keywords":["Claudia Sheinbaum","Julio Vallejo","Morena","Veracruz"],"articleSection":["De Opini\u00f3n"],"inLanguage":"es"},{"@type":"WebPage","@id":"https:\/\/lospoliticosveracruz.com\/?p=130937","url":"https:\/\/lospoliticosveracruz.com\/?p=130937","name":"TENEMOS QUE SER LOMBRICES DE LA NACI\u00d3N - Los pol\u00edticos Veracruz","isPartOf":{"@id":"https:\/\/lospoliticosveracruz.com\/#website"},"primaryImageOfPage":{"@id":"https:\/\/lospoliticosveracruz.com\/?p=130937#primaryimage"},"image":{"@id":"https:\/\/lospoliticosveracruz.com\/?p=130937#primaryimage"},"thumbnailUrl":"https:\/\/lospoliticosveracruz.com\/wp-content\/uploads\/2024\/03\/Julio-Vallejo.jpg","datePublished":"2024-10-09T13:48:53+00:00","dateModified":"2024-10-09T13:49:19+00:00","breadcrumb":{"@id":"https:\/\/lospoliticosveracruz.com\/?p=130937#breadcrumb"},"inLanguage":"es","potentialAction":[{"@type":"ReadAction","target":["https:\/\/lospoliticosveracruz.com\/?p=130937"]}]},{"@type":"ImageObject","inLanguage":"es","@id":"https:\/\/lospoliticosveracruz.com\/?p=130937#primaryimage","url":"https:\/\/lospoliticosveracruz.com\/wp-content\/uploads\/2024\/03\/Julio-Vallejo.jpg","contentUrl":"https:\/\/lospoliticosveracruz.com\/wp-content\/uploads\/2024\/03\/Julio-Vallejo.jpg","width":1250,"height":667},{"@type":"BreadcrumbList","@id":"https:\/\/lospoliticosveracruz.com\/?p=130937#breadcrumb","itemListElement":[{"@type":"ListItem","position":1,"name":"Portada","item":"https:\/\/lospoliticosveracruz.com\/"},{"@type":"ListItem","position":2,"name":"TENEMOS QUE SER LOMBRICES DE LA NACI\u00d3N"}]},{"@type":"WebSite","@id":"https:\/\/lospoliticosveracruz.com\/#website","url":"https:\/\/lospoliticosveracruz.com\/","name":"Los pol\u00edticos Veracruz","description":"","publisher":{"@id":"https:\/\/lospoliticosveracruz.com\/#organization"},"potentialAction":[{"@type":"SearchAction","target":{"@type":"EntryPoint","urlTemplate":"https:\/\/lospoliticosveracruz.com\/?s={search_term_string}"},"query-input":{"@type":"PropertyValueSpecification","valueRequired":true,"valueName":"search_term_string"}}],"inLanguage":"es"},{"@type":"Organization","@id":"https:\/\/lospoliticosveracruz.com\/#organization","name":"Los pol\u00edticos Veracruz","url":"https:\/\/lospoliticosveracruz.com\/","logo":{"@type":"ImageObject","inLanguage":"es","@id":"https:\/\/lospoliticosveracruz.com\/#\/schema\/logo\/image\/","url":"https:\/\/lospoliticosveracruz.com\/wp-content\/uploads\/2025\/12\/Logo-Nuevo-LOS-POLITICOS-1.jpg","contentUrl":"https:\/\/lospoliticosveracruz.com\/wp-content\/uploads\/2025\/12\/Logo-Nuevo-LOS-POLITICOS-1.jpg","width":260,"height":70,"caption":"Los pol\u00edticos Veracruz"},"image":{"@id":"https:\/\/lospoliticosveracruz.com\/#\/schema\/logo\/image\/"},"sameAs":["https:\/\/www.facebook.com\/people\/Notimemes-de-los-Polticos\/61565672886568\/","https:\/\/x.com\/LosPoliticosVer"]},{"@type":"Person","@id":"https:\/\/lospoliticosveracruz.com\/#\/schema\/person\/b8702bb0e538456e6efd07080bf2a4a2","name":"Lo viste en Los Pol\u00edticos","image":{"@type":"ImageObject","inLanguage":"es","@id":"https:\/\/secure.gravatar.com\/avatar\/3a8de04a2656d44082be478bd6c086daa447c4651605818287b9532d3d0bd435?s=96&d=mm&r=g","url":"https:\/\/secure.gravatar.com\/avatar\/3a8de04a2656d44082be478bd6c086daa447c4651605818287b9532d3d0bd435?s=96&d=mm&r=g","contentUrl":"https:\/\/secure.gravatar.com\/avatar\/3a8de04a2656d44082be478bd6c086daa447c4651605818287b9532d3d0bd435?s=96&d=mm&r=g","caption":"Lo viste en Los Pol\u00edticos"},"url":"https:\/\/lospoliticosveracruz.com\/?author=2"}]}},"_links":{"self":[{"href":"https:\/\/lospoliticosveracruz.com\/index.php?rest_route=\/wp\/v2\/posts\/130937","targetHints":{"allow":["GET"]}}],"collection":[{"href":"https:\/\/lospoliticosveracruz.com\/index.php?rest_route=\/wp\/v2\/posts"}],"about":[{"href":"https:\/\/lospoliticosveracruz.com\/index.php?rest_route=\/wp\/v2\/types\/post"}],"author":[{"embeddable":true,"href":"https:\/\/lospoliticosveracruz.com\/index.php?rest_route=\/wp\/v2\/users\/2"}],"replies":[{"embeddable":true,"href":"https:\/\/lospoliticosveracruz.com\/index.php?rest_route=%2Fwp%2Fv2%2Fcomments&post=130937"}],"version-history":[{"count":1,"href":"https:\/\/lospoliticosveracruz.com\/index.php?rest_route=\/wp\/v2\/posts\/130937\/revisions"}],"predecessor-version":[{"id":130938,"href":"https:\/\/lospoliticosveracruz.com\/index.php?rest_route=\/wp\/v2\/posts\/130937\/revisions\/130938"}],"wp:featuredmedia":[{"embeddable":true,"href":"https:\/\/lospoliticosveracruz.com\/index.php?rest_route=\/wp\/v2\/media\/119926"}],"wp:attachment":[{"href":"https:\/\/lospoliticosveracruz.com\/index.php?rest_route=%2Fwp%2Fv2%2Fmedia&parent=130937"}],"wp:term":[{"taxonomy":"category","embeddable":true,"href":"https:\/\/lospoliticosveracruz.com\/index.php?rest_route=%2Fwp%2Fv2%2Fcategories&post=130937"},{"taxonomy":"post_tag","embeddable":true,"href":"https:\/\/lospoliticosveracruz.com\/index.php?rest_route=%2Fwp%2Fv2%2Ftags&post=130937"}],"curies":[{"name":"wp","href":"https:\/\/api.w.org\/{rel}","templated":true}]}}