{"id":130964,"date":"2024-10-09T15:33:47","date_gmt":"2024-10-09T20:33:47","guid":{"rendered":"https:\/\/lospoliticosveracruz.com.mx\/?p=130964"},"modified":"2024-10-09T15:33:54","modified_gmt":"2024-10-09T20:33:54","slug":"espejo-con-mucha-chamba","status":"publish","type":"post","link":"https:\/\/lospoliticosveracruz.com\/?p=130964","title":{"rendered":"ESPEJO, CON MUCHA CHAMBA!"},"content":{"rendered":"\n<p><\/p>\n\n\n\n<p><strong>Ciudad de M\u00e9xico<\/strong><br>Intensa agenda legislativa tendr\u00e1 la diputada federal Rosa Mar\u00eda Hern\u00e1ndez Espejo, quien fue nombrada ayer como secretaria de la Comisi\u00f3n de Cultura y Cinematograf\u00eda, e integrante de las comisiones de Marina, y de Desarrollo Territorial y Urbano.<\/p>\n\n\n\n<p>La Legisladora veracruzana destac\u00f3 que la Comisi\u00f3n de la que forma parte, entre sus tareas, est\u00e1 la de impulsar una agenda legislativa que posicione y reconozca a la cultura y la cinematograf\u00eda como elementos estrat\u00e9gicos para el desarrollo de nuestro pa\u00eds, respetando la diversidad e historia cultural que distingue a nuestro M\u00e9xico.<\/p>\n\n\n\n<p>El estado, expres\u00f3 la diputada federal morenista, es un referente cultural a nivel nacional e internacional, por lo que en su agenda de trabajo est\u00e1 contemplada la gesti\u00f3n para la restauraci\u00f3n del Centro Hist\u00f3rico y el paseo escult\u00f3rico denominado \u00abRiqueza del Mar\u00bb, de la ciudad y puerto de Veracruz.<\/p>\n\n\n\n<p>\u00abEl paseo escult\u00f3rico y el Centro Hist\u00f3rico son atractivos tur\u00edsticos emblem\u00e1ticos de la ciudad de Veracruz, por lo que deben rescatarse, restaurarse, ya que los mismos actualmente se observan en condiciones deplorables\u00bb.<\/p>\n\n\n\n<p>Respecto de las comisiones de las que es integrante, Marina y la Desarrollo Territorial y Urbano, Hern\u00e1ndez Espejo refiri\u00f3 que trabajar\u00e1 para sacar adelante la agenda que beneficie a Veracruz en ambos temas, por lo que estar\u00e1 pendiente de cada uno.<\/p>\n","protected":false},"excerpt":{"rendered":"<p>Ciudad de M\u00e9xicoIntensa agenda legislativa tendr\u00e1 la diputada federal Rosa Mar\u00eda Hern\u00e1ndez Espejo, quien fue nombrada ayer como secretaria de la Comisi\u00f3n de Cultura y Cinematograf\u00eda, e integrante de las comisiones de Marina, y de Desarrollo Territorial y Urbano. La Legisladora veracruzana destac\u00f3 que la Comisi\u00f3n de la que forma parte, entre sus tareas, est\u00e1 [&hellip;]<\/p>\n","protected":false},"author":2,"featured_media":0,"comment_status":"closed","ping_status":"closed","sticky":false,"template":"","format":"standard","meta":{"tdm_status":"","tdm_grid_status":"","footnotes":""},"categories":[73],"tags":[11900],"class_list":{"0":"post-130964","1":"post","2":"type-post","3":"status-publish","4":"format-standard","6":"category-de-boleto","7":"tag-rosa-maria-hernandez-espejo"},"yoast_head":"<!-- This site is optimized with the Yoast SEO plugin v27.4 - https:\/\/yoast.com\/product\/yoast-seo-wordpress\/ -->\n<title>ESPEJO, CON MUCHA CHAMBA! - Los pol\u00edticos Veracruz<\/title>\n<meta name=\"robots\" content=\"index, follow, max-snippet:-1, max-image-preview:large, max-video-preview:-1\" \/>\n<link rel=\"canonical\" href=\"https:\/\/lospoliticosveracruz.com\/?p=130964\" \/>\n<meta property=\"og:locale\" content=\"es_ES\" \/>\n<meta property=\"og:type\" content=\"article\" \/>\n<meta property=\"og:title\" content=\"ESPEJO, CON MUCHA CHAMBA! - Los pol\u00edticos Veracruz\" \/>\n<meta property=\"og:description\" content=\"Ciudad de M\u00e9xicoIntensa agenda legislativa tendr\u00e1 la diputada federal Rosa Mar\u00eda Hern\u00e1ndez Espejo, quien fue nombrada ayer como secretaria de la Comisi\u00f3n de Cultura y Cinematograf\u00eda, e integrante de las comisiones de Marina, y de Desarrollo Territorial y Urbano. La Legisladora veracruzana destac\u00f3 que la Comisi\u00f3n de la que forma parte, entre sus tareas, est\u00e1 [&hellip;]\" \/>\n<meta property=\"og:url\" content=\"https:\/\/lospoliticosveracruz.com\/?p=130964\" \/>\n<meta property=\"og:site_name\" content=\"Los pol\u00edticos Veracruz\" \/>\n<meta property=\"article:publisher\" content=\"https:\/\/www.facebook.com\/people\/Notimemes-de-los-Polticos\/61565672886568\/\" \/>\n<meta property=\"article:published_time\" content=\"2024-10-09T20:33:47+00:00\" \/>\n<meta property=\"article:modified_time\" content=\"2024-10-09T20:33:54+00:00\" \/>\n<meta property=\"og:image\" content=\"https:\/\/lospoliticosveracruz.com\/wp-content\/uploads\/2016\/07\/Logo-Dor.jpg\" \/>\n\t<meta property=\"og:image:width\" content=\"200\" \/>\n\t<meta property=\"og:image:height\" content=\"200\" \/>\n\t<meta property=\"og:image:type\" content=\"image\/jpeg\" \/>\n<meta name=\"author\" content=\"Lo viste en Los Pol\u00edticos\" \/>\n<meta name=\"twitter:card\" content=\"summary_large_image\" \/>\n<meta name=\"twitter:creator\" content=\"@LosPoliticosVer\" \/>\n<meta name=\"twitter:site\" content=\"@LosPoliticosVer\" \/>\n<meta name=\"twitter:label1\" content=\"Escrito por\" \/>\n\t<meta name=\"twitter:data1\" content=\"Lo viste en Los Pol\u00edticos\" \/>\n\t<meta name=\"twitter:label2\" content=\"Tiempo de lectura\" \/>\n\t<meta name=\"twitter:data2\" content=\"1 minuto\" \/>\n<script type=\"application\/ld+json\" class=\"yoast-schema-graph\">{\"@context\":\"https:\\\/\\\/schema.org\",\"@graph\":[{\"@type\":\"Article\",\"@id\":\"https:\\\/\\\/lospoliticosveracruz.com\\\/?p=130964#article\",\"isPartOf\":{\"@id\":\"https:\\\/\\\/lospoliticosveracruz.com\\\/?p=130964\"},\"author\":{\"name\":\"Lo viste en Los Pol\u00edticos\",\"@id\":\"https:\\\/\\\/lospoliticosveracruz.com\\\/#\\\/schema\\\/person\\\/b8702bb0e538456e6efd07080bf2a4a2\"},\"headline\":\"ESPEJO, CON MUCHA CHAMBA!\",\"datePublished\":\"2024-10-09T20:33:47+00:00\",\"dateModified\":\"2024-10-09T20:33:54+00:00\",\"mainEntityOfPage\":{\"@id\":\"https:\\\/\\\/lospoliticosveracruz.com\\\/?p=130964\"},\"wordCount\":237,\"publisher\":{\"@id\":\"https:\\\/\\\/lospoliticosveracruz.com\\\/#organization\"},\"keywords\":[\"Rosa Mar\u00eda Hern\u00e1ndez Espejo\"],\"articleSection\":[\"De Boleto\"],\"inLanguage\":\"es\"},{\"@type\":\"WebPage\",\"@id\":\"https:\\\/\\\/lospoliticosveracruz.com\\\/?p=130964\",\"url\":\"https:\\\/\\\/lospoliticosveracruz.com\\\/?p=130964\",\"name\":\"ESPEJO, CON MUCHA CHAMBA! - Los pol\u00edticos Veracruz\",\"isPartOf\":{\"@id\":\"https:\\\/\\\/lospoliticosveracruz.com\\\/#website\"},\"datePublished\":\"2024-10-09T20:33:47+00:00\",\"dateModified\":\"2024-10-09T20:33:54+00:00\",\"breadcrumb\":{\"@id\":\"https:\\\/\\\/lospoliticosveracruz.com\\\/?p=130964#breadcrumb\"},\"inLanguage\":\"es\",\"potentialAction\":[{\"@type\":\"ReadAction\",\"target\":[\"https:\\\/\\\/lospoliticosveracruz.com\\\/?p=130964\"]}]},{\"@type\":\"BreadcrumbList\",\"@id\":\"https:\\\/\\\/lospoliticosveracruz.com\\\/?p=130964#breadcrumb\",\"itemListElement\":[{\"@type\":\"ListItem\",\"position\":1,\"name\":\"Portada\",\"item\":\"https:\\\/\\\/lospoliticosveracruz.com\\\/\"},{\"@type\":\"ListItem\",\"position\":2,\"name\":\"ESPEJO, CON MUCHA CHAMBA!\"}]},{\"@type\":\"WebSite\",\"@id\":\"https:\\\/\\\/lospoliticosveracruz.com\\\/#website\",\"url\":\"https:\\\/\\\/lospoliticosveracruz.com\\\/\",\"name\":\"Los pol\u00edticos Veracruz\",\"description\":\"\",\"publisher\":{\"@id\":\"https:\\\/\\\/lospoliticosveracruz.com\\\/#organization\"},\"potentialAction\":[{\"@type\":\"SearchAction\",\"target\":{\"@type\":\"EntryPoint\",\"urlTemplate\":\"https:\\\/\\\/lospoliticosveracruz.com\\\/?s={search_term_string}\"},\"query-input\":{\"@type\":\"PropertyValueSpecification\",\"valueRequired\":true,\"valueName\":\"search_term_string\"}}],\"inLanguage\":\"es\"},{\"@type\":\"Organization\",\"@id\":\"https:\\\/\\\/lospoliticosveracruz.com\\\/#organization\",\"name\":\"Los pol\u00edticos Veracruz\",\"url\":\"https:\\\/\\\/lospoliticosveracruz.com\\\/\",\"logo\":{\"@type\":\"ImageObject\",\"inLanguage\":\"es\",\"@id\":\"https:\\\/\\\/lospoliticosveracruz.com\\\/#\\\/schema\\\/logo\\\/image\\\/\",\"url\":\"https:\\\/\\\/lospoliticosveracruz.com\\\/wp-content\\\/uploads\\\/2025\\\/12\\\/Logo-Nuevo-LOS-POLITICOS-1.jpg\",\"contentUrl\":\"https:\\\/\\\/lospoliticosveracruz.com\\\/wp-content\\\/uploads\\\/2025\\\/12\\\/Logo-Nuevo-LOS-POLITICOS-1.jpg\",\"width\":260,\"height\":70,\"caption\":\"Los pol\u00edticos Veracruz\"},\"image\":{\"@id\":\"https:\\\/\\\/lospoliticosveracruz.com\\\/#\\\/schema\\\/logo\\\/image\\\/\"},\"sameAs\":[\"https:\\\/\\\/www.facebook.com\\\/people\\\/Notimemes-de-los-Polticos\\\/61565672886568\\\/\",\"https:\\\/\\\/x.com\\\/LosPoliticosVer\"]},{\"@type\":\"Person\",\"@id\":\"https:\\\/\\\/lospoliticosveracruz.com\\\/#\\\/schema\\\/person\\\/b8702bb0e538456e6efd07080bf2a4a2\",\"name\":\"Lo viste en Los Pol\u00edticos\",\"image\":{\"@type\":\"ImageObject\",\"inLanguage\":\"es\",\"@id\":\"https:\\\/\\\/secure.gravatar.com\\\/avatar\\\/3a8de04a2656d44082be478bd6c086daa447c4651605818287b9532d3d0bd435?s=96&d=mm&r=g\",\"url\":\"https:\\\/\\\/secure.gravatar.com\\\/avatar\\\/3a8de04a2656d44082be478bd6c086daa447c4651605818287b9532d3d0bd435?s=96&d=mm&r=g\",\"contentUrl\":\"https:\\\/\\\/secure.gravatar.com\\\/avatar\\\/3a8de04a2656d44082be478bd6c086daa447c4651605818287b9532d3d0bd435?s=96&d=mm&r=g\",\"caption\":\"Lo viste en Los Pol\u00edticos\"},\"url\":\"https:\\\/\\\/lospoliticosveracruz.com\\\/?author=2\"}]}<\/script>\n<!-- \/ Yoast SEO plugin. -->","yoast_head_json":{"title":"ESPEJO, CON MUCHA CHAMBA! - Los pol\u00edticos Veracruz","robots":{"index":"index","follow":"follow","max-snippet":"max-snippet:-1","max-image-preview":"max-image-preview:large","max-video-preview":"max-video-preview:-1"},"canonical":"https:\/\/lospoliticosveracruz.com\/?p=130964","og_locale":"es_ES","og_type":"article","og_title":"ESPEJO, CON MUCHA CHAMBA! - Los pol\u00edticos Veracruz","og_description":"Ciudad de M\u00e9xicoIntensa agenda legislativa tendr\u00e1 la diputada federal Rosa Mar\u00eda Hern\u00e1ndez Espejo, quien fue nombrada ayer como secretaria de la Comisi\u00f3n de Cultura y Cinematograf\u00eda, e integrante de las comisiones de Marina, y de Desarrollo Territorial y Urbano. La Legisladora veracruzana destac\u00f3 que la Comisi\u00f3n de la que forma parte, entre sus tareas, est\u00e1 [&hellip;]","og_url":"https:\/\/lospoliticosveracruz.com\/?p=130964","og_site_name":"Los pol\u00edticos Veracruz","article_publisher":"https:\/\/www.facebook.com\/people\/Notimemes-de-los-Polticos\/61565672886568\/","article_published_time":"2024-10-09T20:33:47+00:00","article_modified_time":"2024-10-09T20:33:54+00:00","og_image":[{"width":200,"height":200,"url":"https:\/\/lospoliticosveracruz.com\/wp-content\/uploads\/2016\/07\/Logo-Dor.jpg","type":"image\/jpeg"}],"author":"Lo viste en Los Pol\u00edticos","twitter_card":"summary_large_image","twitter_creator":"@LosPoliticosVer","twitter_site":"@LosPoliticosVer","twitter_misc":{"Escrito por":"Lo viste en Los Pol\u00edticos","Tiempo de lectura":"1 minuto"},"schema":{"@context":"https:\/\/schema.org","@graph":[{"@type":"Article","@id":"https:\/\/lospoliticosveracruz.com\/?p=130964#article","isPartOf":{"@id":"https:\/\/lospoliticosveracruz.com\/?p=130964"},"author":{"name":"Lo viste en Los Pol\u00edticos","@id":"https:\/\/lospoliticosveracruz.com\/#\/schema\/person\/b8702bb0e538456e6efd07080bf2a4a2"},"headline":"ESPEJO, CON MUCHA CHAMBA!","datePublished":"2024-10-09T20:33:47+00:00","dateModified":"2024-10-09T20:33:54+00:00","mainEntityOfPage":{"@id":"https:\/\/lospoliticosveracruz.com\/?p=130964"},"wordCount":237,"publisher":{"@id":"https:\/\/lospoliticosveracruz.com\/#organization"},"keywords":["Rosa Mar\u00eda Hern\u00e1ndez Espejo"],"articleSection":["De Boleto"],"inLanguage":"es"},{"@type":"WebPage","@id":"https:\/\/lospoliticosveracruz.com\/?p=130964","url":"https:\/\/lospoliticosveracruz.com\/?p=130964","name":"ESPEJO, CON MUCHA CHAMBA! - Los pol\u00edticos Veracruz","isPartOf":{"@id":"https:\/\/lospoliticosveracruz.com\/#website"},"datePublished":"2024-10-09T20:33:47+00:00","dateModified":"2024-10-09T20:33:54+00:00","breadcrumb":{"@id":"https:\/\/lospoliticosveracruz.com\/?p=130964#breadcrumb"},"inLanguage":"es","potentialAction":[{"@type":"ReadAction","target":["https:\/\/lospoliticosveracruz.com\/?p=130964"]}]},{"@type":"BreadcrumbList","@id":"https:\/\/lospoliticosveracruz.com\/?p=130964#breadcrumb","itemListElement":[{"@type":"ListItem","position":1,"name":"Portada","item":"https:\/\/lospoliticosveracruz.com\/"},{"@type":"ListItem","position":2,"name":"ESPEJO, CON MUCHA CHAMBA!"}]},{"@type":"WebSite","@id":"https:\/\/lospoliticosveracruz.com\/#website","url":"https:\/\/lospoliticosveracruz.com\/","name":"Los pol\u00edticos Veracruz","description":"","publisher":{"@id":"https:\/\/lospoliticosveracruz.com\/#organization"},"potentialAction":[{"@type":"SearchAction","target":{"@type":"EntryPoint","urlTemplate":"https:\/\/lospoliticosveracruz.com\/?s={search_term_string}"},"query-input":{"@type":"PropertyValueSpecification","valueRequired":true,"valueName":"search_term_string"}}],"inLanguage":"es"},{"@type":"Organization","@id":"https:\/\/lospoliticosveracruz.com\/#organization","name":"Los pol\u00edticos Veracruz","url":"https:\/\/lospoliticosveracruz.com\/","logo":{"@type":"ImageObject","inLanguage":"es","@id":"https:\/\/lospoliticosveracruz.com\/#\/schema\/logo\/image\/","url":"https:\/\/lospoliticosveracruz.com\/wp-content\/uploads\/2025\/12\/Logo-Nuevo-LOS-POLITICOS-1.jpg","contentUrl":"https:\/\/lospoliticosveracruz.com\/wp-content\/uploads\/2025\/12\/Logo-Nuevo-LOS-POLITICOS-1.jpg","width":260,"height":70,"caption":"Los pol\u00edticos Veracruz"},"image":{"@id":"https:\/\/lospoliticosveracruz.com\/#\/schema\/logo\/image\/"},"sameAs":["https:\/\/www.facebook.com\/people\/Notimemes-de-los-Polticos\/61565672886568\/","https:\/\/x.com\/LosPoliticosVer"]},{"@type":"Person","@id":"https:\/\/lospoliticosveracruz.com\/#\/schema\/person\/b8702bb0e538456e6efd07080bf2a4a2","name":"Lo viste en Los Pol\u00edticos","image":{"@type":"ImageObject","inLanguage":"es","@id":"https:\/\/secure.gravatar.com\/avatar\/3a8de04a2656d44082be478bd6c086daa447c4651605818287b9532d3d0bd435?s=96&d=mm&r=g","url":"https:\/\/secure.gravatar.com\/avatar\/3a8de04a2656d44082be478bd6c086daa447c4651605818287b9532d3d0bd435?s=96&d=mm&r=g","contentUrl":"https:\/\/secure.gravatar.com\/avatar\/3a8de04a2656d44082be478bd6c086daa447c4651605818287b9532d3d0bd435?s=96&d=mm&r=g","caption":"Lo viste en Los Pol\u00edticos"},"url":"https:\/\/lospoliticosveracruz.com\/?author=2"}]}},"_links":{"self":[{"href":"https:\/\/lospoliticosveracruz.com\/index.php?rest_route=\/wp\/v2\/posts\/130964","targetHints":{"allow":["GET"]}}],"collection":[{"href":"https:\/\/lospoliticosveracruz.com\/index.php?rest_route=\/wp\/v2\/posts"}],"about":[{"href":"https:\/\/lospoliticosveracruz.com\/index.php?rest_route=\/wp\/v2\/types\/post"}],"author":[{"embeddable":true,"href":"https:\/\/lospoliticosveracruz.com\/index.php?rest_route=\/wp\/v2\/users\/2"}],"replies":[{"embeddable":true,"href":"https:\/\/lospoliticosveracruz.com\/index.php?rest_route=%2Fwp%2Fv2%2Fcomments&post=130964"}],"version-history":[{"count":1,"href":"https:\/\/lospoliticosveracruz.com\/index.php?rest_route=\/wp\/v2\/posts\/130964\/revisions"}],"predecessor-version":[{"id":130966,"href":"https:\/\/lospoliticosveracruz.com\/index.php?rest_route=\/wp\/v2\/posts\/130964\/revisions\/130966"}],"wp:attachment":[{"href":"https:\/\/lospoliticosveracruz.com\/index.php?rest_route=%2Fwp%2Fv2%2Fmedia&parent=130964"}],"wp:term":[{"taxonomy":"category","embeddable":true,"href":"https:\/\/lospoliticosveracruz.com\/index.php?rest_route=%2Fwp%2Fv2%2Fcategories&post=130964"},{"taxonomy":"post_tag","embeddable":true,"href":"https:\/\/lospoliticosveracruz.com\/index.php?rest_route=%2Fwp%2Fv2%2Ftags&post=130964"}],"curies":[{"name":"wp","href":"https:\/\/api.w.org\/{rel}","templated":true}]}}