{"id":131029,"date":"2024-10-10T21:41:23","date_gmt":"2024-10-11T02:41:23","guid":{"rendered":"https:\/\/lospoliticosveracruz.com.mx\/?p=131029"},"modified":"2024-10-10T21:41:39","modified_gmt":"2024-10-11T02:41:39","slug":"del-constitucionalismo-al-legalismo","status":"publish","type":"post","link":"https:\/\/lospoliticosveracruz.com\/?p=131029","title":{"rendered":"DEL CONSTITUCIONALISMO AL LEGALISMO"},"content":{"rendered":"\n<p>Inocencio Y\u00e1\u00f1ez Vicencio<\/p>\n\n\n\n<p>Cuando el d\u00eda de ayer en primera plana del peri\u00f3dico Reforma, vimos que se informaba que el Consejo de la Juficatura Federal, reprim\u00eda a un juez que hab\u00eda ordenado la suspensi\u00f3n de l implementaci\u00f3n de la Reforma al Poder Judicial, no fuimos pocos que vimos en esa resoluci\u00f3n una clara se\u00f1al de que las presiones de la Presidencia sobre los ministros y sus familias, estaban agrietado la heroica resistencia que encacabeza Norma Pi\u00f1a, por mantener con vida ese poder, amenazado por los cuatreros. Haciendo alusi\u00f3n a una declaraci\u00f3n de una ministra morenista que calificaba la postura de la mayor\u00eda de los integrantes del pleno de la SCJN, como de golpe de Estado, Claudio, haciendo uso de la insolente arrogancia que la caracteriza dijo: es un golpe aguado. Que metaf\u00f3ricamente su compa\u00f1ero de causa y de barriada, Noro\u00f1a, segundo al decir que era un encontronazo entre un trailer morenita y un bocho del M\u00e1ximo Tribunal. Que alguien tendr\u00eda que hacerle un lado para no colisionar y, quien se tendr\u00e1 que hacer un lado para que eso no suceda, no ser\u00e1n ellos. Diego Vald\u00e9s, ha salido a decir ahora defender una postura meramente legalista que soslaya totalmente la teor\u00eda constitucionalista, al sostener que no puede haber incostitucionalidad contra la misma constituci\u00f3n y no s\u00f3lo eso, tambi\u00e9n defiende que como se cumpli\u00f3 con el art\u00edculo 135 de nuestra Constitucion, es decir, con los votos que exige la votaci\u00f3n agravada. Bueno si ya vimos que Arturo Zaldivar primero dec\u00eda que si proced\u00eda juicio constitucional contra la Reforma a la Ley Suprema y cuando renuncia como ministro para irse de matraquero con Morena, sin ning\u00fan rubor, expresa una tesis contraria, pues nada tiene de raro que Diego , que Diego, de constitucionalista ahora se degrade a un simple legalista, para quien el derecho y la ley, no sean m\u00e1s pura letra. Lo que va contra las corrientes m\u00e1s avanzadas, ya que el mismo R. Dworkin, nos ilustra que hoy los jueces ponderan valores y emiten sus fallos conforme a la letra de la ley, pero tambi\u00e9n conforme a principios. Ese criterio de que no hay m\u00e1s justicia que la letra, fue un avance frente al derecho divino y al derecho natural, pero el racionalismo cr\u00edtico y dialogista, exige validar la ley m\u00e1s que en un un positivismo instrumentalista o alguna ficcion, en valores intersubjetiviamente compartidos. Invocar pr\u00e1cticas decimon\u00f3nicas que consideraban justo todo lo legal, sin importar el origen de la ley, es propio de dictaduras. Para esta forma de interpretar el derecho resulta que Porfirio Diaz, era presidente constitucional simplemente porque los votos le daban mayor\u00eda, sin importar si esas elecciones en que resultaba triufador eran libres y equitativas. Victoriano Huerta, no fue dictador sino presidente constitucional, porque cumplio con el ritual legal para asumir ese cargo. No, no aceptamos el simple legalismo, que hace legal todo lo caprichoso y absurdo.<br>Miguel Carbonell como Lorenzo C\u00f3rdova, han dejado muy claro lo que en mi pen\u00faltima colaboraci\u00f3n yo afirmaba, siguiendo el an\u00e1lisis que hace de Juli\u00e1n Sauquillo, en su libro : La Reforma Constitucional,.sobre las intervenciones de Siey\u00e9s ( a prop\u00f3sito lean el libro de Ram\u00f3n Ma\u00edz, sobre el gran te\u00f3rico de la Revoluci\u00f3n francesa).<br>Una Constituci\u00f3n es creada por una asamblea constituyente, con representantes especialmente electos para esa asamblea y con el fin muy espec\u00edfico de producir la Constituci\u00f3n que va a fundar, desde el punto de vista jur\u00eddico pol\u00edtico un nuevo Estado. Ese poder constituyente es originario y no tiene l\u00edmites jur\u00eddicos. Desde Montesquieu y la Revoluci\u00f3n francesa, se da por hecho que su parte fundamental son la organizaci\u00f3n de los poderes y el reconocimiento y protecci\u00f3n de los derechos del hombre y el ciudadano. Por eso mismo hay Estado Constitucional cuando ning\u00fan poder constituido puede modificar la voluntad originaria del poder constituyente. Si s\u00f3lo existe constituci\u00f3n quiere decir que modificar la divisi\u00f3n de poderes o el sistema de derechos que tutela, \u00fanicamente corresponde al constituyente y no a un poder constituido, creado por la misma Constituci\u00f3n, se llame poder reformador o como desafortunadamente lo llam\u00f3 el maestro Tena Rsmirez, constituyente permanente. Francia tiene cl\u00e1usulas intangibles. Por ejemplo: la forma republicana no se puede alterar. En nuestro caso tenemos una Constituci\u00f3n que produjo el constituyente de 1917, que no puede ser alterada en su parte fundamental, porque tendr\u00edamos ya otra Constituci\u00f3n y eso \u00fanicamente le corresponde a una Asamblea electa, especialmente para eso y los poderes derivados quedarian como encargados mientras sesione el constituyente. De ahi que el Tribunal Constitucional, en este caso la Corte, que hace esas funciones, debe pronunciarse y si es el caso que el poder reformador, como poder vonstituido, est\u00e1 alterando la voluntad del constituyente originario, tiene que declarla inconstitucional, porque el poder reformador, como su nombre lo dice, s\u00f3lo est\u00e1 facultado para reformar, no para generar otra Constituci\u00f3n. La reforma al poder judicial, est\u00e1 invalidada desde el momento que modifica la estructura republicana y eso no le corresponde a un poder constituido. Es un golpe legalista, que, sin duda alguna, si no se anula, acaba con el Estado Constitucional.<\/p>\n","protected":false},"excerpt":{"rendered":"<p>Inocencio Y\u00e1\u00f1ez Vicencio Cuando el d\u00eda de ayer en primera plana del peri\u00f3dico Reforma, vimos que se informaba que el Consejo de la Juficatura Federal, reprim\u00eda a un juez que hab\u00eda ordenado la suspensi\u00f3n de l implementaci\u00f3n de la Reforma al Poder Judicial, no fuimos pocos que vimos en esa resoluci\u00f3n una clara se\u00f1al de [&hellip;]<\/p>\n","protected":false},"author":2,"featured_media":120033,"comment_status":"closed","ping_status":"closed","sticky":false,"template":"","format":"standard","meta":{"tdm_status":"","tdm_grid_status":"","footnotes":""},"categories":[70],"tags":[41969,8256,37437,41968],"class_list":{"0":"post-131029","1":"post","2":"type-post","3":"status-publish","4":"format-standard","5":"has-post-thumbnail","7":"category-de-opinion","8":"tag-diego-valdes","9":"tag-inocencio-yanez-vicencio","10":"tag-norma-pina","11":"tag-periodico-reforma"},"yoast_head":"<!-- This site is optimized with the Yoast SEO plugin v27.4 - https:\/\/yoast.com\/product\/yoast-seo-wordpress\/ -->\n<title>DEL CONSTITUCIONALISMO AL LEGALISMO - Los pol\u00edticos Veracruz<\/title>\n<meta name=\"robots\" content=\"index, follow, max-snippet:-1, max-image-preview:large, max-video-preview:-1\" \/>\n<link rel=\"canonical\" href=\"https:\/\/lospoliticosveracruz.com\/?p=131029\" \/>\n<meta property=\"og:locale\" content=\"es_ES\" \/>\n<meta property=\"og:type\" content=\"article\" \/>\n<meta property=\"og:title\" content=\"DEL CONSTITUCIONALISMO AL LEGALISMO - Los pol\u00edticos Veracruz\" \/>\n<meta property=\"og:description\" content=\"Inocencio Y\u00e1\u00f1ez Vicencio Cuando el d\u00eda de ayer en primera plana del peri\u00f3dico Reforma, vimos que se informaba que el Consejo de la Juficatura Federal, reprim\u00eda a un juez que hab\u00eda ordenado la suspensi\u00f3n de l implementaci\u00f3n de la Reforma al Poder Judicial, no fuimos pocos que vimos en esa resoluci\u00f3n una clara se\u00f1al de [&hellip;]\" \/>\n<meta property=\"og:url\" content=\"https:\/\/lospoliticosveracruz.com\/?p=131029\" \/>\n<meta property=\"og:site_name\" content=\"Los pol\u00edticos Veracruz\" \/>\n<meta property=\"article:publisher\" content=\"https:\/\/www.facebook.com\/people\/Notimemes-de-los-Polticos\/61565672886568\/\" \/>\n<meta property=\"article:published_time\" content=\"2024-10-11T02:41:23+00:00\" \/>\n<meta property=\"article:modified_time\" content=\"2024-10-11T02:41:39+00:00\" \/>\n<meta property=\"og:image\" content=\"https:\/\/lospoliticosveracruz.com\/wp-content\/uploads\/2024\/03\/Inocencio-Yanez-Vicencio.jpg\" \/>\n\t<meta property=\"og:image:width\" content=\"1250\" \/>\n\t<meta property=\"og:image:height\" content=\"667\" \/>\n\t<meta property=\"og:image:type\" content=\"image\/jpeg\" \/>\n<meta name=\"author\" content=\"Lo viste en Los Pol\u00edticos\" \/>\n<meta name=\"twitter:card\" content=\"summary_large_image\" \/>\n<meta name=\"twitter:creator\" content=\"@LosPoliticosVer\" \/>\n<meta name=\"twitter:site\" content=\"@LosPoliticosVer\" \/>\n<meta name=\"twitter:label1\" content=\"Escrito por\" \/>\n\t<meta name=\"twitter:data1\" content=\"Lo viste en Los Pol\u00edticos\" \/>\n\t<meta name=\"twitter:label2\" content=\"Tiempo de lectura\" \/>\n\t<meta name=\"twitter:data2\" content=\"5 minutos\" \/>\n<script type=\"application\/ld+json\" class=\"yoast-schema-graph\">{\"@context\":\"https:\\\/\\\/schema.org\",\"@graph\":[{\"@type\":\"Article\",\"@id\":\"https:\\\/\\\/lospoliticosveracruz.com\\\/?p=131029#article\",\"isPartOf\":{\"@id\":\"https:\\\/\\\/lospoliticosveracruz.com\\\/?p=131029\"},\"author\":{\"name\":\"Lo viste en Los Pol\u00edticos\",\"@id\":\"https:\\\/\\\/lospoliticosveracruz.com\\\/#\\\/schema\\\/person\\\/b8702bb0e538456e6efd07080bf2a4a2\"},\"headline\":\"DEL CONSTITUCIONALISMO AL LEGALISMO\",\"datePublished\":\"2024-10-11T02:41:23+00:00\",\"dateModified\":\"2024-10-11T02:41:39+00:00\",\"mainEntityOfPage\":{\"@id\":\"https:\\\/\\\/lospoliticosveracruz.com\\\/?p=131029\"},\"wordCount\":913,\"publisher\":{\"@id\":\"https:\\\/\\\/lospoliticosveracruz.com\\\/#organization\"},\"image\":{\"@id\":\"https:\\\/\\\/lospoliticosveracruz.com\\\/?p=131029#primaryimage\"},\"thumbnailUrl\":\"https:\\\/\\\/lospoliticosveracruz.com\\\/wp-content\\\/uploads\\\/2024\\\/03\\\/Inocencio-Yanez-Vicencio.jpg\",\"keywords\":[\"Diego Vald\u00e9s\",\"Inocencio Y\u00e1\u00f1ez Vicencio\",\"Norma Pi\u00f1a\",\"peri\u00f3dico Reforma\"],\"articleSection\":[\"De Opini\u00f3n\"],\"inLanguage\":\"es\"},{\"@type\":\"WebPage\",\"@id\":\"https:\\\/\\\/lospoliticosveracruz.com\\\/?p=131029\",\"url\":\"https:\\\/\\\/lospoliticosveracruz.com\\\/?p=131029\",\"name\":\"DEL CONSTITUCIONALISMO AL LEGALISMO - Los pol\u00edticos Veracruz\",\"isPartOf\":{\"@id\":\"https:\\\/\\\/lospoliticosveracruz.com\\\/#website\"},\"primaryImageOfPage\":{\"@id\":\"https:\\\/\\\/lospoliticosveracruz.com\\\/?p=131029#primaryimage\"},\"image\":{\"@id\":\"https:\\\/\\\/lospoliticosveracruz.com\\\/?p=131029#primaryimage\"},\"thumbnailUrl\":\"https:\\\/\\\/lospoliticosveracruz.com\\\/wp-content\\\/uploads\\\/2024\\\/03\\\/Inocencio-Yanez-Vicencio.jpg\",\"datePublished\":\"2024-10-11T02:41:23+00:00\",\"dateModified\":\"2024-10-11T02:41:39+00:00\",\"breadcrumb\":{\"@id\":\"https:\\\/\\\/lospoliticosveracruz.com\\\/?p=131029#breadcrumb\"},\"inLanguage\":\"es\",\"potentialAction\":[{\"@type\":\"ReadAction\",\"target\":[\"https:\\\/\\\/lospoliticosveracruz.com\\\/?p=131029\"]}]},{\"@type\":\"ImageObject\",\"inLanguage\":\"es\",\"@id\":\"https:\\\/\\\/lospoliticosveracruz.com\\\/?p=131029#primaryimage\",\"url\":\"https:\\\/\\\/lospoliticosveracruz.com\\\/wp-content\\\/uploads\\\/2024\\\/03\\\/Inocencio-Yanez-Vicencio.jpg\",\"contentUrl\":\"https:\\\/\\\/lospoliticosveracruz.com\\\/wp-content\\\/uploads\\\/2024\\\/03\\\/Inocencio-Yanez-Vicencio.jpg\",\"width\":1250,\"height\":667},{\"@type\":\"BreadcrumbList\",\"@id\":\"https:\\\/\\\/lospoliticosveracruz.com\\\/?p=131029#breadcrumb\",\"itemListElement\":[{\"@type\":\"ListItem\",\"position\":1,\"name\":\"Portada\",\"item\":\"https:\\\/\\\/lospoliticosveracruz.com\\\/\"},{\"@type\":\"ListItem\",\"position\":2,\"name\":\"DEL CONSTITUCIONALISMO AL LEGALISMO\"}]},{\"@type\":\"WebSite\",\"@id\":\"https:\\\/\\\/lospoliticosveracruz.com\\\/#website\",\"url\":\"https:\\\/\\\/lospoliticosveracruz.com\\\/\",\"name\":\"Los pol\u00edticos Veracruz\",\"description\":\"\",\"publisher\":{\"@id\":\"https:\\\/\\\/lospoliticosveracruz.com\\\/#organization\"},\"potentialAction\":[{\"@type\":\"SearchAction\",\"target\":{\"@type\":\"EntryPoint\",\"urlTemplate\":\"https:\\\/\\\/lospoliticosveracruz.com\\\/?s={search_term_string}\"},\"query-input\":{\"@type\":\"PropertyValueSpecification\",\"valueRequired\":true,\"valueName\":\"search_term_string\"}}],\"inLanguage\":\"es\"},{\"@type\":\"Organization\",\"@id\":\"https:\\\/\\\/lospoliticosveracruz.com\\\/#organization\",\"name\":\"Los pol\u00edticos Veracruz\",\"url\":\"https:\\\/\\\/lospoliticosveracruz.com\\\/\",\"logo\":{\"@type\":\"ImageObject\",\"inLanguage\":\"es\",\"@id\":\"https:\\\/\\\/lospoliticosveracruz.com\\\/#\\\/schema\\\/logo\\\/image\\\/\",\"url\":\"https:\\\/\\\/lospoliticosveracruz.com\\\/wp-content\\\/uploads\\\/2025\\\/12\\\/Logo-Nuevo-LOS-POLITICOS-1.jpg\",\"contentUrl\":\"https:\\\/\\\/lospoliticosveracruz.com\\\/wp-content\\\/uploads\\\/2025\\\/12\\\/Logo-Nuevo-LOS-POLITICOS-1.jpg\",\"width\":260,\"height\":70,\"caption\":\"Los pol\u00edticos Veracruz\"},\"image\":{\"@id\":\"https:\\\/\\\/lospoliticosveracruz.com\\\/#\\\/schema\\\/logo\\\/image\\\/\"},\"sameAs\":[\"https:\\\/\\\/www.facebook.com\\\/people\\\/Notimemes-de-los-Polticos\\\/61565672886568\\\/\",\"https:\\\/\\\/x.com\\\/LosPoliticosVer\"]},{\"@type\":\"Person\",\"@id\":\"https:\\\/\\\/lospoliticosveracruz.com\\\/#\\\/schema\\\/person\\\/b8702bb0e538456e6efd07080bf2a4a2\",\"name\":\"Lo viste en Los Pol\u00edticos\",\"image\":{\"@type\":\"ImageObject\",\"inLanguage\":\"es\",\"@id\":\"https:\\\/\\\/secure.gravatar.com\\\/avatar\\\/3a8de04a2656d44082be478bd6c086daa447c4651605818287b9532d3d0bd435?s=96&d=mm&r=g\",\"url\":\"https:\\\/\\\/secure.gravatar.com\\\/avatar\\\/3a8de04a2656d44082be478bd6c086daa447c4651605818287b9532d3d0bd435?s=96&d=mm&r=g\",\"contentUrl\":\"https:\\\/\\\/secure.gravatar.com\\\/avatar\\\/3a8de04a2656d44082be478bd6c086daa447c4651605818287b9532d3d0bd435?s=96&d=mm&r=g\",\"caption\":\"Lo viste en Los Pol\u00edticos\"},\"url\":\"https:\\\/\\\/lospoliticosveracruz.com\\\/?author=2\"}]}<\/script>\n<!-- \/ Yoast SEO plugin. -->","yoast_head_json":{"title":"DEL CONSTITUCIONALISMO AL LEGALISMO - Los pol\u00edticos Veracruz","robots":{"index":"index","follow":"follow","max-snippet":"max-snippet:-1","max-image-preview":"max-image-preview:large","max-video-preview":"max-video-preview:-1"},"canonical":"https:\/\/lospoliticosveracruz.com\/?p=131029","og_locale":"es_ES","og_type":"article","og_title":"DEL CONSTITUCIONALISMO AL LEGALISMO - Los pol\u00edticos Veracruz","og_description":"Inocencio Y\u00e1\u00f1ez Vicencio Cuando el d\u00eda de ayer en primera plana del peri\u00f3dico Reforma, vimos que se informaba que el Consejo de la Juficatura Federal, reprim\u00eda a un juez que hab\u00eda ordenado la suspensi\u00f3n de l implementaci\u00f3n de la Reforma al Poder Judicial, no fuimos pocos que vimos en esa resoluci\u00f3n una clara se\u00f1al de [&hellip;]","og_url":"https:\/\/lospoliticosveracruz.com\/?p=131029","og_site_name":"Los pol\u00edticos Veracruz","article_publisher":"https:\/\/www.facebook.com\/people\/Notimemes-de-los-Polticos\/61565672886568\/","article_published_time":"2024-10-11T02:41:23+00:00","article_modified_time":"2024-10-11T02:41:39+00:00","og_image":[{"width":1250,"height":667,"url":"https:\/\/lospoliticosveracruz.com\/wp-content\/uploads\/2024\/03\/Inocencio-Yanez-Vicencio.jpg","type":"image\/jpeg"}],"author":"Lo viste en Los Pol\u00edticos","twitter_card":"summary_large_image","twitter_creator":"@LosPoliticosVer","twitter_site":"@LosPoliticosVer","twitter_misc":{"Escrito por":"Lo viste en Los Pol\u00edticos","Tiempo de lectura":"5 minutos"},"schema":{"@context":"https:\/\/schema.org","@graph":[{"@type":"Article","@id":"https:\/\/lospoliticosveracruz.com\/?p=131029#article","isPartOf":{"@id":"https:\/\/lospoliticosveracruz.com\/?p=131029"},"author":{"name":"Lo viste en Los Pol\u00edticos","@id":"https:\/\/lospoliticosveracruz.com\/#\/schema\/person\/b8702bb0e538456e6efd07080bf2a4a2"},"headline":"DEL CONSTITUCIONALISMO AL LEGALISMO","datePublished":"2024-10-11T02:41:23+00:00","dateModified":"2024-10-11T02:41:39+00:00","mainEntityOfPage":{"@id":"https:\/\/lospoliticosveracruz.com\/?p=131029"},"wordCount":913,"publisher":{"@id":"https:\/\/lospoliticosveracruz.com\/#organization"},"image":{"@id":"https:\/\/lospoliticosveracruz.com\/?p=131029#primaryimage"},"thumbnailUrl":"https:\/\/lospoliticosveracruz.com\/wp-content\/uploads\/2024\/03\/Inocencio-Yanez-Vicencio.jpg","keywords":["Diego Vald\u00e9s","Inocencio Y\u00e1\u00f1ez Vicencio","Norma Pi\u00f1a","peri\u00f3dico Reforma"],"articleSection":["De Opini\u00f3n"],"inLanguage":"es"},{"@type":"WebPage","@id":"https:\/\/lospoliticosveracruz.com\/?p=131029","url":"https:\/\/lospoliticosveracruz.com\/?p=131029","name":"DEL CONSTITUCIONALISMO AL LEGALISMO - Los pol\u00edticos Veracruz","isPartOf":{"@id":"https:\/\/lospoliticosveracruz.com\/#website"},"primaryImageOfPage":{"@id":"https:\/\/lospoliticosveracruz.com\/?p=131029#primaryimage"},"image":{"@id":"https:\/\/lospoliticosveracruz.com\/?p=131029#primaryimage"},"thumbnailUrl":"https:\/\/lospoliticosveracruz.com\/wp-content\/uploads\/2024\/03\/Inocencio-Yanez-Vicencio.jpg","datePublished":"2024-10-11T02:41:23+00:00","dateModified":"2024-10-11T02:41:39+00:00","breadcrumb":{"@id":"https:\/\/lospoliticosveracruz.com\/?p=131029#breadcrumb"},"inLanguage":"es","potentialAction":[{"@type":"ReadAction","target":["https:\/\/lospoliticosveracruz.com\/?p=131029"]}]},{"@type":"ImageObject","inLanguage":"es","@id":"https:\/\/lospoliticosveracruz.com\/?p=131029#primaryimage","url":"https:\/\/lospoliticosveracruz.com\/wp-content\/uploads\/2024\/03\/Inocencio-Yanez-Vicencio.jpg","contentUrl":"https:\/\/lospoliticosveracruz.com\/wp-content\/uploads\/2024\/03\/Inocencio-Yanez-Vicencio.jpg","width":1250,"height":667},{"@type":"BreadcrumbList","@id":"https:\/\/lospoliticosveracruz.com\/?p=131029#breadcrumb","itemListElement":[{"@type":"ListItem","position":1,"name":"Portada","item":"https:\/\/lospoliticosveracruz.com\/"},{"@type":"ListItem","position":2,"name":"DEL CONSTITUCIONALISMO AL LEGALISMO"}]},{"@type":"WebSite","@id":"https:\/\/lospoliticosveracruz.com\/#website","url":"https:\/\/lospoliticosveracruz.com\/","name":"Los pol\u00edticos Veracruz","description":"","publisher":{"@id":"https:\/\/lospoliticosveracruz.com\/#organization"},"potentialAction":[{"@type":"SearchAction","target":{"@type":"EntryPoint","urlTemplate":"https:\/\/lospoliticosveracruz.com\/?s={search_term_string}"},"query-input":{"@type":"PropertyValueSpecification","valueRequired":true,"valueName":"search_term_string"}}],"inLanguage":"es"},{"@type":"Organization","@id":"https:\/\/lospoliticosveracruz.com\/#organization","name":"Los pol\u00edticos Veracruz","url":"https:\/\/lospoliticosveracruz.com\/","logo":{"@type":"ImageObject","inLanguage":"es","@id":"https:\/\/lospoliticosveracruz.com\/#\/schema\/logo\/image\/","url":"https:\/\/lospoliticosveracruz.com\/wp-content\/uploads\/2025\/12\/Logo-Nuevo-LOS-POLITICOS-1.jpg","contentUrl":"https:\/\/lospoliticosveracruz.com\/wp-content\/uploads\/2025\/12\/Logo-Nuevo-LOS-POLITICOS-1.jpg","width":260,"height":70,"caption":"Los pol\u00edticos Veracruz"},"image":{"@id":"https:\/\/lospoliticosveracruz.com\/#\/schema\/logo\/image\/"},"sameAs":["https:\/\/www.facebook.com\/people\/Notimemes-de-los-Polticos\/61565672886568\/","https:\/\/x.com\/LosPoliticosVer"]},{"@type":"Person","@id":"https:\/\/lospoliticosveracruz.com\/#\/schema\/person\/b8702bb0e538456e6efd07080bf2a4a2","name":"Lo viste en Los Pol\u00edticos","image":{"@type":"ImageObject","inLanguage":"es","@id":"https:\/\/secure.gravatar.com\/avatar\/3a8de04a2656d44082be478bd6c086daa447c4651605818287b9532d3d0bd435?s=96&d=mm&r=g","url":"https:\/\/secure.gravatar.com\/avatar\/3a8de04a2656d44082be478bd6c086daa447c4651605818287b9532d3d0bd435?s=96&d=mm&r=g","contentUrl":"https:\/\/secure.gravatar.com\/avatar\/3a8de04a2656d44082be478bd6c086daa447c4651605818287b9532d3d0bd435?s=96&d=mm&r=g","caption":"Lo viste en Los Pol\u00edticos"},"url":"https:\/\/lospoliticosveracruz.com\/?author=2"}]}},"_links":{"self":[{"href":"https:\/\/lospoliticosveracruz.com\/index.php?rest_route=\/wp\/v2\/posts\/131029","targetHints":{"allow":["GET"]}}],"collection":[{"href":"https:\/\/lospoliticosveracruz.com\/index.php?rest_route=\/wp\/v2\/posts"}],"about":[{"href":"https:\/\/lospoliticosveracruz.com\/index.php?rest_route=\/wp\/v2\/types\/post"}],"author":[{"embeddable":true,"href":"https:\/\/lospoliticosveracruz.com\/index.php?rest_route=\/wp\/v2\/users\/2"}],"replies":[{"embeddable":true,"href":"https:\/\/lospoliticosveracruz.com\/index.php?rest_route=%2Fwp%2Fv2%2Fcomments&post=131029"}],"version-history":[{"count":2,"href":"https:\/\/lospoliticosveracruz.com\/index.php?rest_route=\/wp\/v2\/posts\/131029\/revisions"}],"predecessor-version":[{"id":131031,"href":"https:\/\/lospoliticosveracruz.com\/index.php?rest_route=\/wp\/v2\/posts\/131029\/revisions\/131031"}],"wp:featuredmedia":[{"embeddable":true,"href":"https:\/\/lospoliticosveracruz.com\/index.php?rest_route=\/wp\/v2\/media\/120033"}],"wp:attachment":[{"href":"https:\/\/lospoliticosveracruz.com\/index.php?rest_route=%2Fwp%2Fv2%2Fmedia&parent=131029"}],"wp:term":[{"taxonomy":"category","embeddable":true,"href":"https:\/\/lospoliticosveracruz.com\/index.php?rest_route=%2Fwp%2Fv2%2Fcategories&post=131029"},{"taxonomy":"post_tag","embeddable":true,"href":"https:\/\/lospoliticosveracruz.com\/index.php?rest_route=%2Fwp%2Fv2%2Ftags&post=131029"}],"curies":[{"name":"wp","href":"https:\/\/api.w.org\/{rel}","templated":true}]}}