{"id":131034,"date":"2024-10-11T06:37:38","date_gmt":"2024-10-11T11:37:38","guid":{"rendered":"https:\/\/lospoliticosveracruz.com.mx\/?p=131034"},"modified":"2024-10-11T06:37:50","modified_gmt":"2024-10-11T11:37:50","slug":"lo-que-realmente-necesita-la-justicia-es-presupuesto","status":"publish","type":"post","link":"https:\/\/lospoliticosveracruz.com\/?p=131034","title":{"rendered":"LO QUE\u00a0REALMENTE\u00a0NECESITA\u00a0LA JUSTICIA\u00a0ES PRESUPUESTO"},"content":{"rendered":"\n<p><strong>Felipe de Jes\u00fas Fern\u00e1ndez Basilio<\/strong><\/p>\n\n\n\n<p><em>Desde A Janela<\/em><\/p>\n\n\n\n<p>Hoy quiero comenzar haciendo unas&nbsp;preguntas:<\/p>\n\n\n\n<p>Si alguno de Ustedes, muy apreciados lectores, ha sido v\u00edctima de un fraude, de un despojo, de violencia familiar, de un robo, de falta de pago de pensi\u00f3n alimenticia o de cualquier&nbsp;situaci\u00f3n il\u00edcita en la que el Estado tenga que intervenir para reprimir la conductail\u00edcita o imponer la reparaci\u00f3n del perjuicio, \u00bfCu\u00e1l es el beneficio real de elegir a un juzgador para resolver el asunto?&nbsp;<\/p>\n\n\n\n<p>Les puedo asegurar que&nbsp;de&nbsp;nada les servir\u00e1&nbsp;debido aque la resoluci\u00f3n de los asuntos&nbsp;de ninguna manera&nbsp;ser\u00e1 m\u00e1s r\u00e1pida&nbsp;como consecuencia de&nbsp;la elecci\u00f3n&nbsp;popular&nbsp;de los jueces.<\/p>\n\n\n\n<p>Respaldo la afirmaci\u00f3n anterior haciendo uso de una l\u00f3gica muy elemental&nbsp;y poniendo como ejemplo un conflicto muy com\u00fan y relativamente sencillo de resolver, puesto que no se requiere investigar criminalmente y solo con juzgadores especializados basta para atender el problema.<\/p>\n\n\n\n<p>Sin temor a equivocarme, les puedo afirmar que&nbsp;uno de los conflictos m\u00e1s habituales en la sociedad es el que deriva de la obligaci\u00f3n de dar alimentos a los hijos y en una menor medida a los padres y entre c\u00f3nyuges.<\/p>\n\n\n\n<p>Esa situaci\u00f3n se llega a observar en una muy buena proporci\u00f3n de las familias, ya sean estas formales o informales, me atrevo&nbsp;a decir que hablamos de un treinta por ciento o m\u00e1s, toda vez que muchos casos ni siquiera se ponen en conocimiento de la autoridad competente, el juez familiar en la mayor\u00eda de los casos.<\/p>\n\n\n\n<p>Ahora bien, una poblaci\u00f3n mediana como lo es Jalapa, la capital de Veracruz con una poblaci\u00f3n estimada de 450,000 habitantes m\u00e1s su conurbaci\u00f3n y zonas adyacentes que forman parte de su distrito judicial es atendida solo por cuatro juzgados familiares.<\/p>\n\n\n\n<p>S\u00ed, leyeron bien: cuatro juzgados para atender todos los conflictos familiares, no solo los alimentarios, que se producen en una poblaci\u00f3n de m\u00e1s de medio mill\u00f3n&nbsp;de habitantes,&nbsp;recordemos&nbsp;que se incluye la conurbaci\u00f3n y municipios adyacentes; este es solo un ejemplo, ya que pueden tomar cualquier localidad del pa\u00eds y la situaci\u00f3n es la misma, un pu\u00f1ado de juzgados familiares para cientos de miles de habitantes.<\/p>\n\n\n\n<p>O sea, hablamos de cientos o hasta miles de conflictos familiares que se generan diariamente y solo hay cuatro juzgados para atenderlos, \u00bfCu\u00e1l creen que es el resultado?<\/p>\n\n\n\n<p>Saturaci\u00f3n y rezago, lo cual se traduce en procesos eternos y soluciones alcanzadas muchas veces cuando ya es mayor el infante;&nbsp;lo cual suena a comedia, pero es una verdadera tragedia.<\/p>\n\n\n\n<p>Entonces, \u00bfDe qu\u00e9 sirve elegir en las urnas a la misma cantidad de jueces que hoy atienden esos asuntos?, \u00bfVa a ser m\u00e1s r\u00e1pida la soluci\u00f3n del incumplimiento de las obligaciones familiares?<\/p>\n\n\n\n<p>M\u00e1s bien,&nbsp;y en el mejor de los casos, todo va a cambiar para seguir igual: justicia lenta, cansada y cara.<\/p>\n\n\n\n<p>\u00bfSaben que miles de&nbsp;madres de familia desisten de seguir adelante con el juicio, porque&nbsp;pasan a\u00f1os sin que se les pague lo que les deben y aparte tienen&nbsp;que costear sus gastos legales?<\/p>\n\n\n\n<p>Y gran parte del problema es porque los juzgados existentes no se dan abasto.<\/p>\n\n\n\n<p>As\u00ed es, el gran problema de la impartici\u00f3n de justicia no es el m\u00e9todo por el que se designe al juez, el gran problema lo es la falta de juzgadores especializados en materia.<\/p>\n\n\n\n<p>Retomando nuestro ejemplo, una poblaci\u00f3n como la de Jalapa, Veracruz,&nbsp;su&nbsp;zona conurbada y&nbsp;los&nbsp;municipios adyacentes que conforman su distrito judicial requiere tener&nbsp;al menos&nbsp;50 jueces familiares y un centro de conciliaci\u00f3n con al menos 150 mesas de negociaci\u00f3n.<\/p>\n\n\n\n<p>El problema es que crear m\u00e1s juzgados implica disponer de un presupuesto mucho mayor al que se aplica en la actualidad y eso ir\u00eda en detrimento de las d\u00e1divas clientelares que el gobierno reparte sin otro objetivo m\u00e1s que mantener su clientela electoral.<\/p>\n\n\n\n<p>Mas sin ir tan lejos, si los millones que piensan gastar en el caprichito de elegir a miles de jueces federales y locales se aplicara en crear m\u00e1s juzgados, seguramente tendr\u00edamos un sistema de justicia m\u00e1s r\u00e1pido y m\u00e1s eficaz.<\/p>\n\n\n\n<p>Desde luego que eso no se piensa hacer, lo que les importa es tener el control pol\u00edtico y social para medrar de las mieles del poder y su corrupci\u00f3n y mientras lo disfrutan, las familias comunes y corrientes seguir\u00e1n padeciendo procesos eternos sin soluci\u00f3n a la vista.<\/p>\n\n\n\n<p>Una verdadera reforma al poder judicial con amplio contenido social, tal y como lo pregonan, no consiste en votar por la misma cantidad de juzgadores que existen; una verdadera reforma al poder judicial con amplio contenido social&nbsp;implica buscar la manera de agilizar los procesos judiciales y la \u00fanica forma de hacerlo es crear m\u00e1s juzgados; lo dem\u00e1s es vil propaganda enga\u00f1osa.<\/p>\n\n\n\n<p><a href=\"mailto:felfebas@gmail.com\">felfebas@gmail.com<\/a><\/p>\n\n\n\n<p>Twitter: @FelipeFBasilio<\/p>\n","protected":false},"excerpt":{"rendered":"<p>Felipe de Jes\u00fas Fern\u00e1ndez Basilio Desde A Janela Hoy quiero comenzar haciendo unas&nbsp;preguntas: Si alguno de Ustedes, muy apreciados lectores, ha sido v\u00edctima de un fraude, de un despojo, de violencia familiar, de un robo, de falta de pago de pensi\u00f3n alimenticia o de cualquier&nbsp;situaci\u00f3n il\u00edcita en la que el Estado tenga que intervenir para [&hellip;]<\/p>\n","protected":false},"author":2,"featured_media":119963,"comment_status":"closed","ping_status":"closed","sticky":false,"template":"","format":"standard","meta":{"tdm_status":"","tdm_grid_status":"","footnotes":""},"categories":[70],"tags":[1026,82,195],"class_list":{"0":"post-131034","1":"post","2":"type-post","3":"status-publish","4":"format-standard","5":"has-post-thumbnail","7":"category-de-opinion","8":"tag-morena","9":"tag-poder-judicial","10":"tag-veracruz"},"yoast_head":"<!-- This site is optimized with the Yoast SEO plugin v27.4 - https:\/\/yoast.com\/product\/yoast-seo-wordpress\/ -->\n<title>LO QUE\u00a0REALMENTE\u00a0NECESITA\u00a0LA JUSTICIA\u00a0ES PRESUPUESTO - Los pol\u00edticos Veracruz<\/title>\n<meta name=\"robots\" content=\"index, follow, max-snippet:-1, max-image-preview:large, max-video-preview:-1\" \/>\n<link rel=\"canonical\" href=\"https:\/\/lospoliticosveracruz.com\/?p=131034\" \/>\n<meta property=\"og:locale\" content=\"es_ES\" \/>\n<meta property=\"og:type\" content=\"article\" \/>\n<meta property=\"og:title\" content=\"LO QUE\u00a0REALMENTE\u00a0NECESITA\u00a0LA JUSTICIA\u00a0ES PRESUPUESTO - Los pol\u00edticos Veracruz\" \/>\n<meta property=\"og:description\" content=\"Felipe de Jes\u00fas Fern\u00e1ndez Basilio Desde A Janela Hoy quiero comenzar haciendo unas&nbsp;preguntas: Si alguno de Ustedes, muy apreciados lectores, ha sido v\u00edctima de un fraude, de un despojo, de violencia familiar, de un robo, de falta de pago de pensi\u00f3n alimenticia o de cualquier&nbsp;situaci\u00f3n il\u00edcita en la que el Estado tenga que intervenir para [&hellip;]\" \/>\n<meta property=\"og:url\" content=\"https:\/\/lospoliticosveracruz.com\/?p=131034\" \/>\n<meta property=\"og:site_name\" content=\"Los pol\u00edticos Veracruz\" \/>\n<meta property=\"article:publisher\" content=\"https:\/\/www.facebook.com\/people\/Notimemes-de-los-Polticos\/61565672886568\/\" \/>\n<meta property=\"article:published_time\" content=\"2024-10-11T11:37:38+00:00\" \/>\n<meta property=\"article:modified_time\" content=\"2024-10-11T11:37:50+00:00\" \/>\n<meta property=\"og:image\" content=\"https:\/\/lospoliticosveracruz.com\/wp-content\/uploads\/2024\/03\/Felipe-Fernandez-Basilio.jpg\" \/>\n\t<meta property=\"og:image:width\" content=\"1250\" \/>\n\t<meta property=\"og:image:height\" content=\"667\" \/>\n\t<meta property=\"og:image:type\" content=\"image\/jpeg\" \/>\n<meta name=\"author\" content=\"Lo viste en Los Pol\u00edticos\" \/>\n<meta name=\"twitter:card\" content=\"summary_large_image\" \/>\n<meta name=\"twitter:creator\" content=\"@LosPoliticosVer\" \/>\n<meta name=\"twitter:site\" content=\"@LosPoliticosVer\" \/>\n<meta name=\"twitter:label1\" content=\"Escrito por\" \/>\n\t<meta name=\"twitter:data1\" content=\"Lo viste en Los Pol\u00edticos\" \/>\n\t<meta name=\"twitter:label2\" content=\"Tiempo de lectura\" \/>\n\t<meta name=\"twitter:data2\" content=\"4 minutos\" \/>\n<script type=\"application\/ld+json\" class=\"yoast-schema-graph\">{\"@context\":\"https:\\\/\\\/schema.org\",\"@graph\":[{\"@type\":\"Article\",\"@id\":\"https:\\\/\\\/lospoliticosveracruz.com\\\/?p=131034#article\",\"isPartOf\":{\"@id\":\"https:\\\/\\\/lospoliticosveracruz.com\\\/?p=131034\"},\"author\":{\"name\":\"Lo viste en Los Pol\u00edticos\",\"@id\":\"https:\\\/\\\/lospoliticosveracruz.com\\\/#\\\/schema\\\/person\\\/b8702bb0e538456e6efd07080bf2a4a2\"},\"headline\":\"LO QUE\u00a0REALMENTE\u00a0NECESITA\u00a0LA JUSTICIA\u00a0ES PRESUPUESTO\",\"datePublished\":\"2024-10-11T11:37:38+00:00\",\"dateModified\":\"2024-10-11T11:37:50+00:00\",\"mainEntityOfPage\":{\"@id\":\"https:\\\/\\\/lospoliticosveracruz.com\\\/?p=131034\"},\"wordCount\":884,\"publisher\":{\"@id\":\"https:\\\/\\\/lospoliticosveracruz.com\\\/#organization\"},\"image\":{\"@id\":\"https:\\\/\\\/lospoliticosveracruz.com\\\/?p=131034#primaryimage\"},\"thumbnailUrl\":\"https:\\\/\\\/lospoliticosveracruz.com\\\/wp-content\\\/uploads\\\/2024\\\/03\\\/Felipe-Fernandez-Basilio.jpg\",\"keywords\":[\"Morena\",\"Poder Judicial\",\"Veracruz\"],\"articleSection\":[\"De Opini\u00f3n\"],\"inLanguage\":\"es\"},{\"@type\":\"WebPage\",\"@id\":\"https:\\\/\\\/lospoliticosveracruz.com\\\/?p=131034\",\"url\":\"https:\\\/\\\/lospoliticosveracruz.com\\\/?p=131034\",\"name\":\"LO QUE\u00a0REALMENTE\u00a0NECESITA\u00a0LA JUSTICIA\u00a0ES PRESUPUESTO - Los pol\u00edticos Veracruz\",\"isPartOf\":{\"@id\":\"https:\\\/\\\/lospoliticosveracruz.com\\\/#website\"},\"primaryImageOfPage\":{\"@id\":\"https:\\\/\\\/lospoliticosveracruz.com\\\/?p=131034#primaryimage\"},\"image\":{\"@id\":\"https:\\\/\\\/lospoliticosveracruz.com\\\/?p=131034#primaryimage\"},\"thumbnailUrl\":\"https:\\\/\\\/lospoliticosveracruz.com\\\/wp-content\\\/uploads\\\/2024\\\/03\\\/Felipe-Fernandez-Basilio.jpg\",\"datePublished\":\"2024-10-11T11:37:38+00:00\",\"dateModified\":\"2024-10-11T11:37:50+00:00\",\"breadcrumb\":{\"@id\":\"https:\\\/\\\/lospoliticosveracruz.com\\\/?p=131034#breadcrumb\"},\"inLanguage\":\"es\",\"potentialAction\":[{\"@type\":\"ReadAction\",\"target\":[\"https:\\\/\\\/lospoliticosveracruz.com\\\/?p=131034\"]}]},{\"@type\":\"ImageObject\",\"inLanguage\":\"es\",\"@id\":\"https:\\\/\\\/lospoliticosveracruz.com\\\/?p=131034#primaryimage\",\"url\":\"https:\\\/\\\/lospoliticosveracruz.com\\\/wp-content\\\/uploads\\\/2024\\\/03\\\/Felipe-Fernandez-Basilio.jpg\",\"contentUrl\":\"https:\\\/\\\/lospoliticosveracruz.com\\\/wp-content\\\/uploads\\\/2024\\\/03\\\/Felipe-Fernandez-Basilio.jpg\",\"width\":1250,\"height\":667},{\"@type\":\"BreadcrumbList\",\"@id\":\"https:\\\/\\\/lospoliticosveracruz.com\\\/?p=131034#breadcrumb\",\"itemListElement\":[{\"@type\":\"ListItem\",\"position\":1,\"name\":\"Portada\",\"item\":\"https:\\\/\\\/lospoliticosveracruz.com\\\/\"},{\"@type\":\"ListItem\",\"position\":2,\"name\":\"LO QUE\u00a0REALMENTE\u00a0NECESITA\u00a0LA JUSTICIA\u00a0ES PRESUPUESTO\"}]},{\"@type\":\"WebSite\",\"@id\":\"https:\\\/\\\/lospoliticosveracruz.com\\\/#website\",\"url\":\"https:\\\/\\\/lospoliticosveracruz.com\\\/\",\"name\":\"Los pol\u00edticos Veracruz\",\"description\":\"\",\"publisher\":{\"@id\":\"https:\\\/\\\/lospoliticosveracruz.com\\\/#organization\"},\"potentialAction\":[{\"@type\":\"SearchAction\",\"target\":{\"@type\":\"EntryPoint\",\"urlTemplate\":\"https:\\\/\\\/lospoliticosveracruz.com\\\/?s={search_term_string}\"},\"query-input\":{\"@type\":\"PropertyValueSpecification\",\"valueRequired\":true,\"valueName\":\"search_term_string\"}}],\"inLanguage\":\"es\"},{\"@type\":\"Organization\",\"@id\":\"https:\\\/\\\/lospoliticosveracruz.com\\\/#organization\",\"name\":\"Los pol\u00edticos Veracruz\",\"url\":\"https:\\\/\\\/lospoliticosveracruz.com\\\/\",\"logo\":{\"@type\":\"ImageObject\",\"inLanguage\":\"es\",\"@id\":\"https:\\\/\\\/lospoliticosveracruz.com\\\/#\\\/schema\\\/logo\\\/image\\\/\",\"url\":\"https:\\\/\\\/lospoliticosveracruz.com\\\/wp-content\\\/uploads\\\/2025\\\/12\\\/Logo-Nuevo-LOS-POLITICOS-1.jpg\",\"contentUrl\":\"https:\\\/\\\/lospoliticosveracruz.com\\\/wp-content\\\/uploads\\\/2025\\\/12\\\/Logo-Nuevo-LOS-POLITICOS-1.jpg\",\"width\":260,\"height\":70,\"caption\":\"Los pol\u00edticos Veracruz\"},\"image\":{\"@id\":\"https:\\\/\\\/lospoliticosveracruz.com\\\/#\\\/schema\\\/logo\\\/image\\\/\"},\"sameAs\":[\"https:\\\/\\\/www.facebook.com\\\/people\\\/Notimemes-de-los-Polticos\\\/61565672886568\\\/\",\"https:\\\/\\\/x.com\\\/LosPoliticosVer\"]},{\"@type\":\"Person\",\"@id\":\"https:\\\/\\\/lospoliticosveracruz.com\\\/#\\\/schema\\\/person\\\/b8702bb0e538456e6efd07080bf2a4a2\",\"name\":\"Lo viste en Los Pol\u00edticos\",\"image\":{\"@type\":\"ImageObject\",\"inLanguage\":\"es\",\"@id\":\"https:\\\/\\\/secure.gravatar.com\\\/avatar\\\/3a8de04a2656d44082be478bd6c086daa447c4651605818287b9532d3d0bd435?s=96&d=mm&r=g\",\"url\":\"https:\\\/\\\/secure.gravatar.com\\\/avatar\\\/3a8de04a2656d44082be478bd6c086daa447c4651605818287b9532d3d0bd435?s=96&d=mm&r=g\",\"contentUrl\":\"https:\\\/\\\/secure.gravatar.com\\\/avatar\\\/3a8de04a2656d44082be478bd6c086daa447c4651605818287b9532d3d0bd435?s=96&d=mm&r=g\",\"caption\":\"Lo viste en Los Pol\u00edticos\"},\"url\":\"https:\\\/\\\/lospoliticosveracruz.com\\\/?author=2\"}]}<\/script>\n<!-- \/ Yoast SEO plugin. -->","yoast_head_json":{"title":"LO QUE\u00a0REALMENTE\u00a0NECESITA\u00a0LA JUSTICIA\u00a0ES PRESUPUESTO - Los pol\u00edticos Veracruz","robots":{"index":"index","follow":"follow","max-snippet":"max-snippet:-1","max-image-preview":"max-image-preview:large","max-video-preview":"max-video-preview:-1"},"canonical":"https:\/\/lospoliticosveracruz.com\/?p=131034","og_locale":"es_ES","og_type":"article","og_title":"LO QUE\u00a0REALMENTE\u00a0NECESITA\u00a0LA JUSTICIA\u00a0ES PRESUPUESTO - Los pol\u00edticos Veracruz","og_description":"Felipe de Jes\u00fas Fern\u00e1ndez Basilio Desde A Janela Hoy quiero comenzar haciendo unas&nbsp;preguntas: Si alguno de Ustedes, muy apreciados lectores, ha sido v\u00edctima de un fraude, de un despojo, de violencia familiar, de un robo, de falta de pago de pensi\u00f3n alimenticia o de cualquier&nbsp;situaci\u00f3n il\u00edcita en la que el Estado tenga que intervenir para [&hellip;]","og_url":"https:\/\/lospoliticosveracruz.com\/?p=131034","og_site_name":"Los pol\u00edticos Veracruz","article_publisher":"https:\/\/www.facebook.com\/people\/Notimemes-de-los-Polticos\/61565672886568\/","article_published_time":"2024-10-11T11:37:38+00:00","article_modified_time":"2024-10-11T11:37:50+00:00","og_image":[{"width":1250,"height":667,"url":"https:\/\/lospoliticosveracruz.com\/wp-content\/uploads\/2024\/03\/Felipe-Fernandez-Basilio.jpg","type":"image\/jpeg"}],"author":"Lo viste en Los Pol\u00edticos","twitter_card":"summary_large_image","twitter_creator":"@LosPoliticosVer","twitter_site":"@LosPoliticosVer","twitter_misc":{"Escrito por":"Lo viste en Los Pol\u00edticos","Tiempo de lectura":"4 minutos"},"schema":{"@context":"https:\/\/schema.org","@graph":[{"@type":"Article","@id":"https:\/\/lospoliticosveracruz.com\/?p=131034#article","isPartOf":{"@id":"https:\/\/lospoliticosveracruz.com\/?p=131034"},"author":{"name":"Lo viste en Los Pol\u00edticos","@id":"https:\/\/lospoliticosveracruz.com\/#\/schema\/person\/b8702bb0e538456e6efd07080bf2a4a2"},"headline":"LO QUE\u00a0REALMENTE\u00a0NECESITA\u00a0LA JUSTICIA\u00a0ES PRESUPUESTO","datePublished":"2024-10-11T11:37:38+00:00","dateModified":"2024-10-11T11:37:50+00:00","mainEntityOfPage":{"@id":"https:\/\/lospoliticosveracruz.com\/?p=131034"},"wordCount":884,"publisher":{"@id":"https:\/\/lospoliticosveracruz.com\/#organization"},"image":{"@id":"https:\/\/lospoliticosveracruz.com\/?p=131034#primaryimage"},"thumbnailUrl":"https:\/\/lospoliticosveracruz.com\/wp-content\/uploads\/2024\/03\/Felipe-Fernandez-Basilio.jpg","keywords":["Morena","Poder Judicial","Veracruz"],"articleSection":["De Opini\u00f3n"],"inLanguage":"es"},{"@type":"WebPage","@id":"https:\/\/lospoliticosveracruz.com\/?p=131034","url":"https:\/\/lospoliticosveracruz.com\/?p=131034","name":"LO QUE\u00a0REALMENTE\u00a0NECESITA\u00a0LA JUSTICIA\u00a0ES PRESUPUESTO - Los pol\u00edticos Veracruz","isPartOf":{"@id":"https:\/\/lospoliticosveracruz.com\/#website"},"primaryImageOfPage":{"@id":"https:\/\/lospoliticosveracruz.com\/?p=131034#primaryimage"},"image":{"@id":"https:\/\/lospoliticosveracruz.com\/?p=131034#primaryimage"},"thumbnailUrl":"https:\/\/lospoliticosveracruz.com\/wp-content\/uploads\/2024\/03\/Felipe-Fernandez-Basilio.jpg","datePublished":"2024-10-11T11:37:38+00:00","dateModified":"2024-10-11T11:37:50+00:00","breadcrumb":{"@id":"https:\/\/lospoliticosveracruz.com\/?p=131034#breadcrumb"},"inLanguage":"es","potentialAction":[{"@type":"ReadAction","target":["https:\/\/lospoliticosveracruz.com\/?p=131034"]}]},{"@type":"ImageObject","inLanguage":"es","@id":"https:\/\/lospoliticosveracruz.com\/?p=131034#primaryimage","url":"https:\/\/lospoliticosveracruz.com\/wp-content\/uploads\/2024\/03\/Felipe-Fernandez-Basilio.jpg","contentUrl":"https:\/\/lospoliticosveracruz.com\/wp-content\/uploads\/2024\/03\/Felipe-Fernandez-Basilio.jpg","width":1250,"height":667},{"@type":"BreadcrumbList","@id":"https:\/\/lospoliticosveracruz.com\/?p=131034#breadcrumb","itemListElement":[{"@type":"ListItem","position":1,"name":"Portada","item":"https:\/\/lospoliticosveracruz.com\/"},{"@type":"ListItem","position":2,"name":"LO QUE\u00a0REALMENTE\u00a0NECESITA\u00a0LA JUSTICIA\u00a0ES PRESUPUESTO"}]},{"@type":"WebSite","@id":"https:\/\/lospoliticosveracruz.com\/#website","url":"https:\/\/lospoliticosveracruz.com\/","name":"Los pol\u00edticos Veracruz","description":"","publisher":{"@id":"https:\/\/lospoliticosveracruz.com\/#organization"},"potentialAction":[{"@type":"SearchAction","target":{"@type":"EntryPoint","urlTemplate":"https:\/\/lospoliticosveracruz.com\/?s={search_term_string}"},"query-input":{"@type":"PropertyValueSpecification","valueRequired":true,"valueName":"search_term_string"}}],"inLanguage":"es"},{"@type":"Organization","@id":"https:\/\/lospoliticosveracruz.com\/#organization","name":"Los pol\u00edticos Veracruz","url":"https:\/\/lospoliticosveracruz.com\/","logo":{"@type":"ImageObject","inLanguage":"es","@id":"https:\/\/lospoliticosveracruz.com\/#\/schema\/logo\/image\/","url":"https:\/\/lospoliticosveracruz.com\/wp-content\/uploads\/2025\/12\/Logo-Nuevo-LOS-POLITICOS-1.jpg","contentUrl":"https:\/\/lospoliticosveracruz.com\/wp-content\/uploads\/2025\/12\/Logo-Nuevo-LOS-POLITICOS-1.jpg","width":260,"height":70,"caption":"Los pol\u00edticos Veracruz"},"image":{"@id":"https:\/\/lospoliticosveracruz.com\/#\/schema\/logo\/image\/"},"sameAs":["https:\/\/www.facebook.com\/people\/Notimemes-de-los-Polticos\/61565672886568\/","https:\/\/x.com\/LosPoliticosVer"]},{"@type":"Person","@id":"https:\/\/lospoliticosveracruz.com\/#\/schema\/person\/b8702bb0e538456e6efd07080bf2a4a2","name":"Lo viste en Los Pol\u00edticos","image":{"@type":"ImageObject","inLanguage":"es","@id":"https:\/\/secure.gravatar.com\/avatar\/3a8de04a2656d44082be478bd6c086daa447c4651605818287b9532d3d0bd435?s=96&d=mm&r=g","url":"https:\/\/secure.gravatar.com\/avatar\/3a8de04a2656d44082be478bd6c086daa447c4651605818287b9532d3d0bd435?s=96&d=mm&r=g","contentUrl":"https:\/\/secure.gravatar.com\/avatar\/3a8de04a2656d44082be478bd6c086daa447c4651605818287b9532d3d0bd435?s=96&d=mm&r=g","caption":"Lo viste en Los Pol\u00edticos"},"url":"https:\/\/lospoliticosveracruz.com\/?author=2"}]}},"_links":{"self":[{"href":"https:\/\/lospoliticosveracruz.com\/index.php?rest_route=\/wp\/v2\/posts\/131034","targetHints":{"allow":["GET"]}}],"collection":[{"href":"https:\/\/lospoliticosveracruz.com\/index.php?rest_route=\/wp\/v2\/posts"}],"about":[{"href":"https:\/\/lospoliticosveracruz.com\/index.php?rest_route=\/wp\/v2\/types\/post"}],"author":[{"embeddable":true,"href":"https:\/\/lospoliticosveracruz.com\/index.php?rest_route=\/wp\/v2\/users\/2"}],"replies":[{"embeddable":true,"href":"https:\/\/lospoliticosveracruz.com\/index.php?rest_route=%2Fwp%2Fv2%2Fcomments&post=131034"}],"version-history":[{"count":1,"href":"https:\/\/lospoliticosveracruz.com\/index.php?rest_route=\/wp\/v2\/posts\/131034\/revisions"}],"predecessor-version":[{"id":131035,"href":"https:\/\/lospoliticosveracruz.com\/index.php?rest_route=\/wp\/v2\/posts\/131034\/revisions\/131035"}],"wp:featuredmedia":[{"embeddable":true,"href":"https:\/\/lospoliticosveracruz.com\/index.php?rest_route=\/wp\/v2\/media\/119963"}],"wp:attachment":[{"href":"https:\/\/lospoliticosveracruz.com\/index.php?rest_route=%2Fwp%2Fv2%2Fmedia&parent=131034"}],"wp:term":[{"taxonomy":"category","embeddable":true,"href":"https:\/\/lospoliticosveracruz.com\/index.php?rest_route=%2Fwp%2Fv2%2Fcategories&post=131034"},{"taxonomy":"post_tag","embeddable":true,"href":"https:\/\/lospoliticosveracruz.com\/index.php?rest_route=%2Fwp%2Fv2%2Ftags&post=131034"}],"curies":[{"name":"wp","href":"https:\/\/api.w.org\/{rel}","templated":true}]}}