{"id":131077,"date":"2024-10-12T10:14:35","date_gmt":"2024-10-12T15:14:35","guid":{"rendered":"https:\/\/lospoliticosveracruz.com.mx\/?p=131077"},"modified":"2024-10-12T10:14:47","modified_gmt":"2024-10-12T15:14:47","slug":"inicia-la-entrega","status":"publish","type":"post","link":"https:\/\/lospoliticosveracruz.com\/?p=131077","title":{"rendered":"INICIA LA ENTREGA!"},"content":{"rendered":"\n<p><strong>Oved Contreras<\/strong><\/p>\n\n\n\n<p><em>Secas Mecas<\/em><\/p>\n\n\n\n<p>El Car\u00f3n Juan Javier G\u00f3mez Cazar\u00edn y su abuelito Domingo Bahena se reunieron ayer por la tarde con el diputado local electo Esteban Bautista Hern\u00e1ndez para iniciar la entrega recepci\u00f3n de la Junta de Coordinaci\u00f3n Pol\u00edtica del Congreso local\u2026la nueva legislatura empezar\u00e1 funciones el pr\u00f3ximo 5 de noviembre<\/p>\n\n\n\n<p>En las fotos que subi\u00f3 a sus redes el chaparrito hueyapense se puede apreciar que la oficina est\u00e1 pr\u00e1cticamente vac\u00eda\u2026ser\u00e1 dif\u00edcil para el Car\u00f3n acostumbrarse a la nueva vida, luego de ser el mandam\u00e1s de Morena en el Congreso local por seis a\u00f1os<\/p>\n\n\n\n<p>All\u00ed andaba tambi\u00e9n de metiche el dirigente morenista Esteban \u201cLarra\u201d Zepeta que ya se siente el segundo de Bautista a pesar del TU-COLA\u2026Todos Unidos Contra Larra\u2026juar juar\u2026en su cabecita se ha de imaginar que \u00e9l tambi\u00e9n mover\u00e1 el pandero en la legislatura\u2026y as\u00ed quiere hacerlo creer al resto de los diputeibols que ingresar\u00e1n en noviembre\u2026.y a la opini\u00f3n p\u00fablica\u2026pero enga\u00f1ada morir\u00e1 si nadie lo aguanta de los nuevos diputados.<\/p>\n\n\n\n<p>BAUTISTA VS LARRA\u2026todav\u00eda no comienza la nueva legislatura y ya tuvieron su primer diferencia Esteban Bautista y \u201cLarra\u201d Zepeta\u2026el pr\u00f3ximo presidente de la Junta de Coordinaci\u00f3n Pol\u00edtica del congreso local, Esteban Bautista Hern\u00e1ndez, adelant\u00f3 que a pesar de contar con mayor\u00eda calificada, no despreciar\u00e1n el voto de diputados de oposici\u00f3n como es el caso de Fernando Yunes M\u00e1rquez, para votar a favor de las iniciativas de la gobernadora electa Roc\u00edo Nahle Garc\u00eda.<\/p>\n\n\n\n<p>Dej\u00f3 en claro que ser\u00e1n bienvenidos todos los votos de la oposici\u00f3n as\u00ed sea de Fernando Yunes y otros diputados de oposici\u00f3n que quieren apoyar a favor con su voto est\u00e1n en su libre derecho y adelant\u00f3 que se tendr\u00e1 un trato respetuoso, de trabajo y coordinaci\u00f3n con la oposici\u00f3n, no ser\u00e1 una bancada con una postura de cerraz\u00f3n, y habr\u00e1 ante todo respeto para los diputados de otras bancadas.<\/p>\n\n\n\n<p>Mientras que \u201cLarra\u201d Zepeta escribi\u00f3 en sus redes: \u201cLo hemos dicho y lo volvemos a decir fuerte y claro: en #Morena nos reservamos el derecho de admisi\u00f3n.<br>Nuestro movimiento tiene las puertas abiertas para quienes comparten los ideales de la #CuartaTransformacion, no hay cabida para el oportunismo\u201d, y eso lo dice ante las versiones de que Chikifer siguiera los pasos de Chikiyunes y se sumara a las iniciativas de Morena\u201d.<\/p>\n\n\n\n<p>PIDEN UNA DISCULPA\u2026le piden peras al olmo\u2026as\u00ed fue Cuitl\u00e1huac Garcia siempre para tratar de minimizar la violencia que vive el estado\u2026decir cualquier tonter\u00eda para evadir su responsabilidad incluso lleg\u00f3 a decir que muchas cosas se magnificaban por los medios que estaban al servicio de sus opositores para golpear su gobierno.<\/p>\n\n\n\n<p>Lo de V\u00edctor Muro al decir que no era un cineasta sino un trabajador de iluminaci\u00f3n le sali\u00f3 del alma al gobernador morenista como si eso le restara gravedad al hecho\u2026pero siempre fue as\u00ed Cuitl\u00e1huac.<\/p>\n\n\n\n<p>Hoy la Asociaci\u00f3n Mexicana de Gaffers y T\u00e9cnicos Cinematogr\u00e1ficos pide una disculpa p\u00fablica al gobernador de Veracruz, por lo que calific\u00f3 como desafortunadas declaraciones al referirse al asesinato de su compa\u00f1ero V\u00edctor Muro Vel\u00e1zquez, y criticaron que el mandatario, antes de saberse la identidad del cuerpo encontrado en 2 domicilios de Xalapa, se apresur\u00f3 a decir que Muro era alguien que se encargaba de instalar la iluminaci\u00f3n.<\/p>\n\n\n\n<p>Muro Vel\u00e1zquez se desempe\u00f1aba generalmente como gaffer, es el responsable de iluminaci\u00f3n en el set de rodaje o grabaci\u00f3n. Trabaja en conjunto con el director de fotograf\u00eda. Tambi\u00e9n ve que las luces est\u00e9n bien fijadas y que no haya cables sueltos que puedan causar accidente a quien camine por la zona.<\/p>\n\n\n\n<p>La Asociaci\u00f3n, por medio de un comunicado, condena el crimen al que califica como brutal acto, al tiempo que lamenta las declaraciones del Gobernador: \u201cLe recordamos que nuestro compa\u00f1ero V\u00edctor Muro fue un cineasta profesional que colabor\u00f3 en diferentes proyectos de la m\u00e1s alta calidad y con equipos de nivel internacional, por lo que creemos firmemente que una disculpa p\u00fablica es lo m\u00e1s oportuno y justo para su familia y seres queridos\u201d.<\/p>\n\n\n\n<p>Hasta en el programa Ventaneando de TV Azteca le dieron duro a Cuitl\u00e1huac por la ligereza de tratar de minimizar los hechos solo por el trabajo que desempe\u00f1aba la v\u00edctima\u2026\u201dEl gobernador no supo ni qu\u00e9 decir\u2026no nadamas los directores y los productores son cineastas, todo el que trabaja en la producci\u00f3n es un cineasta\u201d, dijo Paty Chapoy, mientras que los dem\u00e1s participantes del programa agregaron: \u201cY m\u00e1s all\u00e1, Paty, son personas\u201d.<\/p>\n\n\n\n<p>Los restos de V\u00edctor Muro ser\u00e1n trasladados a Tlaxcala. Su hijo Salom\u00f3n Muro estuvo en Xalapa, para hacer los tr\u00e1mites. Sus alumnos del taller de fotograf\u00eda de la escuela Luis Bu\u00f1uel, le rindieron homenaje.<\/p>\n","protected":false},"excerpt":{"rendered":"<p>Oved Contreras Secas Mecas El Car\u00f3n Juan Javier G\u00f3mez Cazar\u00edn y su abuelito Domingo Bahena se reunieron ayer por la tarde con el diputado local electo Esteban Bautista Hern\u00e1ndez para iniciar la entrega recepci\u00f3n de la Junta de Coordinaci\u00f3n Pol\u00edtica del Congreso local\u2026la nueva legislatura empezar\u00e1 funciones el pr\u00f3ximo 5 de noviembre En las fotos [&hellip;]<\/p>\n","protected":false},"author":2,"featured_media":119816,"comment_status":"closed","ping_status":"closed","sticky":false,"template":"","format":"standard","meta":{"tdm_status":"","tdm_grid_status":"","footnotes":""},"categories":[70],"tags":[1563,2223,18437,818,12695,1026,3578,195],"class_list":{"0":"post-131077","1":"post","2":"type-post","3":"status-publish","4":"format-standard","5":"has-post-thumbnail","7":"category-de-opinion","8":"tag-cuitlahuac-garcia-jimenez","9":"tag-domingo-bahena-corbala","10":"tag-esteban-bautista-hernandez","11":"tag-fernando-yunes-marquez","12":"tag-juan-javier-gomez-cazarin","13":"tag-morena","14":"tag-rocio-nahle","15":"tag-veracruz"},"yoast_head":"<!-- This site is optimized with the Yoast SEO plugin v27.4 - https:\/\/yoast.com\/product\/yoast-seo-wordpress\/ -->\n<title>INICIA LA ENTREGA! - Los pol\u00edticos Veracruz<\/title>\n<meta name=\"robots\" content=\"index, follow, max-snippet:-1, max-image-preview:large, max-video-preview:-1\" \/>\n<link rel=\"canonical\" href=\"https:\/\/lospoliticosveracruz.com\/?p=131077\" \/>\n<meta property=\"og:locale\" content=\"es_ES\" \/>\n<meta property=\"og:type\" content=\"article\" \/>\n<meta property=\"og:title\" content=\"INICIA LA ENTREGA! - Los pol\u00edticos Veracruz\" \/>\n<meta property=\"og:description\" content=\"Oved Contreras Secas Mecas El Car\u00f3n Juan Javier G\u00f3mez Cazar\u00edn y su abuelito Domingo Bahena se reunieron ayer por la tarde con el diputado local electo Esteban Bautista Hern\u00e1ndez para iniciar la entrega recepci\u00f3n de la Junta de Coordinaci\u00f3n Pol\u00edtica del Congreso local\u2026la nueva legislatura empezar\u00e1 funciones el pr\u00f3ximo 5 de noviembre En las fotos [&hellip;]\" \/>\n<meta property=\"og:url\" content=\"https:\/\/lospoliticosveracruz.com\/?p=131077\" \/>\n<meta property=\"og:site_name\" content=\"Los pol\u00edticos Veracruz\" \/>\n<meta property=\"article:publisher\" content=\"https:\/\/www.facebook.com\/people\/Notimemes-de-los-Polticos\/61565672886568\/\" \/>\n<meta property=\"article:published_time\" content=\"2024-10-12T15:14:35+00:00\" \/>\n<meta property=\"article:modified_time\" content=\"2024-10-12T15:14:47+00:00\" \/>\n<meta property=\"og:image\" content=\"https:\/\/lospoliticosveracruz.com\/wp-content\/uploads\/2024\/03\/Oved-Contreras.jpg\" \/>\n\t<meta property=\"og:image:width\" content=\"1250\" \/>\n\t<meta property=\"og:image:height\" content=\"667\" \/>\n\t<meta property=\"og:image:type\" content=\"image\/jpeg\" \/>\n<meta name=\"author\" content=\"Lo viste en Los Pol\u00edticos\" \/>\n<meta name=\"twitter:card\" content=\"summary_large_image\" \/>\n<meta name=\"twitter:creator\" content=\"@LosPoliticosVer\" \/>\n<meta name=\"twitter:site\" content=\"@LosPoliticosVer\" \/>\n<meta name=\"twitter:label1\" content=\"Escrito por\" \/>\n\t<meta name=\"twitter:data1\" content=\"Lo viste en Los Pol\u00edticos\" \/>\n\t<meta name=\"twitter:label2\" content=\"Tiempo de lectura\" \/>\n\t<meta name=\"twitter:data2\" content=\"4 minutos\" \/>\n<script type=\"application\/ld+json\" class=\"yoast-schema-graph\">{\"@context\":\"https:\\\/\\\/schema.org\",\"@graph\":[{\"@type\":\"Article\",\"@id\":\"https:\\\/\\\/lospoliticosveracruz.com\\\/?p=131077#article\",\"isPartOf\":{\"@id\":\"https:\\\/\\\/lospoliticosveracruz.com\\\/?p=131077\"},\"author\":{\"name\":\"Lo viste en Los Pol\u00edticos\",\"@id\":\"https:\\\/\\\/lospoliticosveracruz.com\\\/#\\\/schema\\\/person\\\/b8702bb0e538456e6efd07080bf2a4a2\"},\"headline\":\"INICIA LA ENTREGA!\",\"datePublished\":\"2024-10-12T15:14:35+00:00\",\"dateModified\":\"2024-10-12T15:14:47+00:00\",\"mainEntityOfPage\":{\"@id\":\"https:\\\/\\\/lospoliticosveracruz.com\\\/?p=131077\"},\"wordCount\":850,\"publisher\":{\"@id\":\"https:\\\/\\\/lospoliticosveracruz.com\\\/#organization\"},\"image\":{\"@id\":\"https:\\\/\\\/lospoliticosveracruz.com\\\/?p=131077#primaryimage\"},\"thumbnailUrl\":\"https:\\\/\\\/lospoliticosveracruz.com\\\/wp-content\\\/uploads\\\/2024\\\/03\\\/Oved-Contreras.jpg\",\"keywords\":[\"Cuitl\u00e1huac Garc\u00eda Jim\u00e9nez\",\"Domingo Bahena Corbal\u00e1\",\"Esteban Bautista Hern\u00e1ndez\",\"Fernando Yunes M\u00e1rquez\",\"Juan Javier G\u00f3mez Cazar\u00edn\",\"Morena\",\"Roc\u00edo Nahle\",\"Veracruz\"],\"articleSection\":[\"De Opini\u00f3n\"],\"inLanguage\":\"es\"},{\"@type\":\"WebPage\",\"@id\":\"https:\\\/\\\/lospoliticosveracruz.com\\\/?p=131077\",\"url\":\"https:\\\/\\\/lospoliticosveracruz.com\\\/?p=131077\",\"name\":\"INICIA LA ENTREGA! - Los pol\u00edticos Veracruz\",\"isPartOf\":{\"@id\":\"https:\\\/\\\/lospoliticosveracruz.com\\\/#website\"},\"primaryImageOfPage\":{\"@id\":\"https:\\\/\\\/lospoliticosveracruz.com\\\/?p=131077#primaryimage\"},\"image\":{\"@id\":\"https:\\\/\\\/lospoliticosveracruz.com\\\/?p=131077#primaryimage\"},\"thumbnailUrl\":\"https:\\\/\\\/lospoliticosveracruz.com\\\/wp-content\\\/uploads\\\/2024\\\/03\\\/Oved-Contreras.jpg\",\"datePublished\":\"2024-10-12T15:14:35+00:00\",\"dateModified\":\"2024-10-12T15:14:47+00:00\",\"breadcrumb\":{\"@id\":\"https:\\\/\\\/lospoliticosveracruz.com\\\/?p=131077#breadcrumb\"},\"inLanguage\":\"es\",\"potentialAction\":[{\"@type\":\"ReadAction\",\"target\":[\"https:\\\/\\\/lospoliticosveracruz.com\\\/?p=131077\"]}]},{\"@type\":\"ImageObject\",\"inLanguage\":\"es\",\"@id\":\"https:\\\/\\\/lospoliticosveracruz.com\\\/?p=131077#primaryimage\",\"url\":\"https:\\\/\\\/lospoliticosveracruz.com\\\/wp-content\\\/uploads\\\/2024\\\/03\\\/Oved-Contreras.jpg\",\"contentUrl\":\"https:\\\/\\\/lospoliticosveracruz.com\\\/wp-content\\\/uploads\\\/2024\\\/03\\\/Oved-Contreras.jpg\",\"width\":1250,\"height\":667},{\"@type\":\"BreadcrumbList\",\"@id\":\"https:\\\/\\\/lospoliticosveracruz.com\\\/?p=131077#breadcrumb\",\"itemListElement\":[{\"@type\":\"ListItem\",\"position\":1,\"name\":\"Portada\",\"item\":\"https:\\\/\\\/lospoliticosveracruz.com\\\/\"},{\"@type\":\"ListItem\",\"position\":2,\"name\":\"INICIA LA ENTREGA!\"}]},{\"@type\":\"WebSite\",\"@id\":\"https:\\\/\\\/lospoliticosveracruz.com\\\/#website\",\"url\":\"https:\\\/\\\/lospoliticosveracruz.com\\\/\",\"name\":\"Los pol\u00edticos Veracruz\",\"description\":\"\",\"publisher\":{\"@id\":\"https:\\\/\\\/lospoliticosveracruz.com\\\/#organization\"},\"potentialAction\":[{\"@type\":\"SearchAction\",\"target\":{\"@type\":\"EntryPoint\",\"urlTemplate\":\"https:\\\/\\\/lospoliticosveracruz.com\\\/?s={search_term_string}\"},\"query-input\":{\"@type\":\"PropertyValueSpecification\",\"valueRequired\":true,\"valueName\":\"search_term_string\"}}],\"inLanguage\":\"es\"},{\"@type\":\"Organization\",\"@id\":\"https:\\\/\\\/lospoliticosveracruz.com\\\/#organization\",\"name\":\"Los pol\u00edticos Veracruz\",\"url\":\"https:\\\/\\\/lospoliticosveracruz.com\\\/\",\"logo\":{\"@type\":\"ImageObject\",\"inLanguage\":\"es\",\"@id\":\"https:\\\/\\\/lospoliticosveracruz.com\\\/#\\\/schema\\\/logo\\\/image\\\/\",\"url\":\"https:\\\/\\\/lospoliticosveracruz.com\\\/wp-content\\\/uploads\\\/2025\\\/12\\\/Logo-Nuevo-LOS-POLITICOS-1.jpg\",\"contentUrl\":\"https:\\\/\\\/lospoliticosveracruz.com\\\/wp-content\\\/uploads\\\/2025\\\/12\\\/Logo-Nuevo-LOS-POLITICOS-1.jpg\",\"width\":260,\"height\":70,\"caption\":\"Los pol\u00edticos Veracruz\"},\"image\":{\"@id\":\"https:\\\/\\\/lospoliticosveracruz.com\\\/#\\\/schema\\\/logo\\\/image\\\/\"},\"sameAs\":[\"https:\\\/\\\/www.facebook.com\\\/people\\\/Notimemes-de-los-Polticos\\\/61565672886568\\\/\",\"https:\\\/\\\/x.com\\\/LosPoliticosVer\"]},{\"@type\":\"Person\",\"@id\":\"https:\\\/\\\/lospoliticosveracruz.com\\\/#\\\/schema\\\/person\\\/b8702bb0e538456e6efd07080bf2a4a2\",\"name\":\"Lo viste en Los Pol\u00edticos\",\"image\":{\"@type\":\"ImageObject\",\"inLanguage\":\"es\",\"@id\":\"https:\\\/\\\/secure.gravatar.com\\\/avatar\\\/3a8de04a2656d44082be478bd6c086daa447c4651605818287b9532d3d0bd435?s=96&d=mm&r=g\",\"url\":\"https:\\\/\\\/secure.gravatar.com\\\/avatar\\\/3a8de04a2656d44082be478bd6c086daa447c4651605818287b9532d3d0bd435?s=96&d=mm&r=g\",\"contentUrl\":\"https:\\\/\\\/secure.gravatar.com\\\/avatar\\\/3a8de04a2656d44082be478bd6c086daa447c4651605818287b9532d3d0bd435?s=96&d=mm&r=g\",\"caption\":\"Lo viste en Los Pol\u00edticos\"},\"url\":\"https:\\\/\\\/lospoliticosveracruz.com\\\/?author=2\"}]}<\/script>\n<!-- \/ Yoast SEO plugin. -->","yoast_head_json":{"title":"INICIA LA ENTREGA! - Los pol\u00edticos Veracruz","robots":{"index":"index","follow":"follow","max-snippet":"max-snippet:-1","max-image-preview":"max-image-preview:large","max-video-preview":"max-video-preview:-1"},"canonical":"https:\/\/lospoliticosveracruz.com\/?p=131077","og_locale":"es_ES","og_type":"article","og_title":"INICIA LA ENTREGA! - Los pol\u00edticos Veracruz","og_description":"Oved Contreras Secas Mecas El Car\u00f3n Juan Javier G\u00f3mez Cazar\u00edn y su abuelito Domingo Bahena se reunieron ayer por la tarde con el diputado local electo Esteban Bautista Hern\u00e1ndez para iniciar la entrega recepci\u00f3n de la Junta de Coordinaci\u00f3n Pol\u00edtica del Congreso local\u2026la nueva legislatura empezar\u00e1 funciones el pr\u00f3ximo 5 de noviembre En las fotos [&hellip;]","og_url":"https:\/\/lospoliticosveracruz.com\/?p=131077","og_site_name":"Los pol\u00edticos Veracruz","article_publisher":"https:\/\/www.facebook.com\/people\/Notimemes-de-los-Polticos\/61565672886568\/","article_published_time":"2024-10-12T15:14:35+00:00","article_modified_time":"2024-10-12T15:14:47+00:00","og_image":[{"width":1250,"height":667,"url":"https:\/\/lospoliticosveracruz.com\/wp-content\/uploads\/2024\/03\/Oved-Contreras.jpg","type":"image\/jpeg"}],"author":"Lo viste en Los Pol\u00edticos","twitter_card":"summary_large_image","twitter_creator":"@LosPoliticosVer","twitter_site":"@LosPoliticosVer","twitter_misc":{"Escrito por":"Lo viste en Los Pol\u00edticos","Tiempo de lectura":"4 minutos"},"schema":{"@context":"https:\/\/schema.org","@graph":[{"@type":"Article","@id":"https:\/\/lospoliticosveracruz.com\/?p=131077#article","isPartOf":{"@id":"https:\/\/lospoliticosveracruz.com\/?p=131077"},"author":{"name":"Lo viste en Los Pol\u00edticos","@id":"https:\/\/lospoliticosveracruz.com\/#\/schema\/person\/b8702bb0e538456e6efd07080bf2a4a2"},"headline":"INICIA LA ENTREGA!","datePublished":"2024-10-12T15:14:35+00:00","dateModified":"2024-10-12T15:14:47+00:00","mainEntityOfPage":{"@id":"https:\/\/lospoliticosveracruz.com\/?p=131077"},"wordCount":850,"publisher":{"@id":"https:\/\/lospoliticosveracruz.com\/#organization"},"image":{"@id":"https:\/\/lospoliticosveracruz.com\/?p=131077#primaryimage"},"thumbnailUrl":"https:\/\/lospoliticosveracruz.com\/wp-content\/uploads\/2024\/03\/Oved-Contreras.jpg","keywords":["Cuitl\u00e1huac Garc\u00eda Jim\u00e9nez","Domingo Bahena Corbal\u00e1","Esteban Bautista Hern\u00e1ndez","Fernando Yunes M\u00e1rquez","Juan Javier G\u00f3mez Cazar\u00edn","Morena","Roc\u00edo Nahle","Veracruz"],"articleSection":["De Opini\u00f3n"],"inLanguage":"es"},{"@type":"WebPage","@id":"https:\/\/lospoliticosveracruz.com\/?p=131077","url":"https:\/\/lospoliticosveracruz.com\/?p=131077","name":"INICIA LA ENTREGA! - Los pol\u00edticos Veracruz","isPartOf":{"@id":"https:\/\/lospoliticosveracruz.com\/#website"},"primaryImageOfPage":{"@id":"https:\/\/lospoliticosveracruz.com\/?p=131077#primaryimage"},"image":{"@id":"https:\/\/lospoliticosveracruz.com\/?p=131077#primaryimage"},"thumbnailUrl":"https:\/\/lospoliticosveracruz.com\/wp-content\/uploads\/2024\/03\/Oved-Contreras.jpg","datePublished":"2024-10-12T15:14:35+00:00","dateModified":"2024-10-12T15:14:47+00:00","breadcrumb":{"@id":"https:\/\/lospoliticosveracruz.com\/?p=131077#breadcrumb"},"inLanguage":"es","potentialAction":[{"@type":"ReadAction","target":["https:\/\/lospoliticosveracruz.com\/?p=131077"]}]},{"@type":"ImageObject","inLanguage":"es","@id":"https:\/\/lospoliticosveracruz.com\/?p=131077#primaryimage","url":"https:\/\/lospoliticosveracruz.com\/wp-content\/uploads\/2024\/03\/Oved-Contreras.jpg","contentUrl":"https:\/\/lospoliticosveracruz.com\/wp-content\/uploads\/2024\/03\/Oved-Contreras.jpg","width":1250,"height":667},{"@type":"BreadcrumbList","@id":"https:\/\/lospoliticosveracruz.com\/?p=131077#breadcrumb","itemListElement":[{"@type":"ListItem","position":1,"name":"Portada","item":"https:\/\/lospoliticosveracruz.com\/"},{"@type":"ListItem","position":2,"name":"INICIA LA ENTREGA!"}]},{"@type":"WebSite","@id":"https:\/\/lospoliticosveracruz.com\/#website","url":"https:\/\/lospoliticosveracruz.com\/","name":"Los pol\u00edticos Veracruz","description":"","publisher":{"@id":"https:\/\/lospoliticosveracruz.com\/#organization"},"potentialAction":[{"@type":"SearchAction","target":{"@type":"EntryPoint","urlTemplate":"https:\/\/lospoliticosveracruz.com\/?s={search_term_string}"},"query-input":{"@type":"PropertyValueSpecification","valueRequired":true,"valueName":"search_term_string"}}],"inLanguage":"es"},{"@type":"Organization","@id":"https:\/\/lospoliticosveracruz.com\/#organization","name":"Los pol\u00edticos Veracruz","url":"https:\/\/lospoliticosveracruz.com\/","logo":{"@type":"ImageObject","inLanguage":"es","@id":"https:\/\/lospoliticosveracruz.com\/#\/schema\/logo\/image\/","url":"https:\/\/lospoliticosveracruz.com\/wp-content\/uploads\/2025\/12\/Logo-Nuevo-LOS-POLITICOS-1.jpg","contentUrl":"https:\/\/lospoliticosveracruz.com\/wp-content\/uploads\/2025\/12\/Logo-Nuevo-LOS-POLITICOS-1.jpg","width":260,"height":70,"caption":"Los pol\u00edticos Veracruz"},"image":{"@id":"https:\/\/lospoliticosveracruz.com\/#\/schema\/logo\/image\/"},"sameAs":["https:\/\/www.facebook.com\/people\/Notimemes-de-los-Polticos\/61565672886568\/","https:\/\/x.com\/LosPoliticosVer"]},{"@type":"Person","@id":"https:\/\/lospoliticosveracruz.com\/#\/schema\/person\/b8702bb0e538456e6efd07080bf2a4a2","name":"Lo viste en Los Pol\u00edticos","image":{"@type":"ImageObject","inLanguage":"es","@id":"https:\/\/secure.gravatar.com\/avatar\/3a8de04a2656d44082be478bd6c086daa447c4651605818287b9532d3d0bd435?s=96&d=mm&r=g","url":"https:\/\/secure.gravatar.com\/avatar\/3a8de04a2656d44082be478bd6c086daa447c4651605818287b9532d3d0bd435?s=96&d=mm&r=g","contentUrl":"https:\/\/secure.gravatar.com\/avatar\/3a8de04a2656d44082be478bd6c086daa447c4651605818287b9532d3d0bd435?s=96&d=mm&r=g","caption":"Lo viste en Los Pol\u00edticos"},"url":"https:\/\/lospoliticosveracruz.com\/?author=2"}]}},"_links":{"self":[{"href":"https:\/\/lospoliticosveracruz.com\/index.php?rest_route=\/wp\/v2\/posts\/131077","targetHints":{"allow":["GET"]}}],"collection":[{"href":"https:\/\/lospoliticosveracruz.com\/index.php?rest_route=\/wp\/v2\/posts"}],"about":[{"href":"https:\/\/lospoliticosveracruz.com\/index.php?rest_route=\/wp\/v2\/types\/post"}],"author":[{"embeddable":true,"href":"https:\/\/lospoliticosveracruz.com\/index.php?rest_route=\/wp\/v2\/users\/2"}],"replies":[{"embeddable":true,"href":"https:\/\/lospoliticosveracruz.com\/index.php?rest_route=%2Fwp%2Fv2%2Fcomments&post=131077"}],"version-history":[{"count":1,"href":"https:\/\/lospoliticosveracruz.com\/index.php?rest_route=\/wp\/v2\/posts\/131077\/revisions"}],"predecessor-version":[{"id":131078,"href":"https:\/\/lospoliticosveracruz.com\/index.php?rest_route=\/wp\/v2\/posts\/131077\/revisions\/131078"}],"wp:featuredmedia":[{"embeddable":true,"href":"https:\/\/lospoliticosveracruz.com\/index.php?rest_route=\/wp\/v2\/media\/119816"}],"wp:attachment":[{"href":"https:\/\/lospoliticosveracruz.com\/index.php?rest_route=%2Fwp%2Fv2%2Fmedia&parent=131077"}],"wp:term":[{"taxonomy":"category","embeddable":true,"href":"https:\/\/lospoliticosveracruz.com\/index.php?rest_route=%2Fwp%2Fv2%2Fcategories&post=131077"},{"taxonomy":"post_tag","embeddable":true,"href":"https:\/\/lospoliticosveracruz.com\/index.php?rest_route=%2Fwp%2Fv2%2Ftags&post=131077"}],"curies":[{"name":"wp","href":"https:\/\/api.w.org\/{rel}","templated":true}]}}