{"id":131096,"date":"2024-10-12T13:52:30","date_gmt":"2024-10-12T18:52:30","guid":{"rendered":"https:\/\/lospoliticosveracruz.com.mx\/?p=131096"},"modified":"2024-10-12T13:54:40","modified_gmt":"2024-10-12T18:54:40","slug":"regraremos-a-primera","status":"publish","type":"post","link":"https:\/\/lospoliticosveracruz.com\/?p=131096","title":{"rendered":"REGRESAREMOS A PRIMERA!"},"content":{"rendered":"\n<p><strong>Karla M\u00e9ndez<\/strong><br><em>Boca del R\u00edo<\/em><\/p>\n\n\n\n<p>El titular de la Secretar\u00eda de Turismo(SECTUR), Iv\u00e1n Mart\u00ednez Olvera, confirm\u00f3 que Veracruz tendr\u00e1 un equipo de futbol en primera division en la LigaMx, con la conclusi\u00f3n de la rehabilitaci\u00f3n del Estadio \u00abLuis Pirata Fuente\u00bb.<\/p>\n\n\n\n<p>En entrevista, el funcionario estatal garantiz\u00f3 el regreso del futbol profesional al estado de Veracruz, una vez que est\u00e9 terminado el estadio y se tengan a los empresarios que invertir\u00e1n en el equipo.<\/p>\n\n\n\n<p>\u00abEstamos por terminar el Pirata Fuente y garantizamos que regresamos a Primera Divisi\u00f3n.\u00bb<\/p>\n\n\n\n<p>El gobernador Cuitl\u00e1huac Garc\u00eda Jim\u00e9nez, realiz\u00f3 el pasado jueves un recorrido en el Estadio, donde supervis\u00f3 que los palcos, canchas e instalaciones el\u00e9ctricas ya cuentan con un avance de mas del 80 por ciento, as\u00ed como la instalaci\u00f3n de gradas y el avance de la Plaza Comercial que se tendr\u00e1.<\/p>\n\n\n\n<p>En otro respecto a la Carrera Panamericana que se llev\u00f3 a cabo este viernes y s\u00e1bado, el secretario Iv\u00e1n Mart\u00ednez, mencion\u00f3 que la derrama econ\u00f3mica estaba en 20 millones de pesos con un incremento de 20 por ciento de ocupaci\u00f3n hotelera en la zona conurbada Veracruz-Boca del R\u00edo.<\/p>\n\n\n\n<p>Este s\u00e1bado desde temprana hora mas de 100 equipos con m\u00e1s de 500 veh\u00edculos, partieron del estado de Veracruz para continuar con su ruta en la Carrera Panamerica, aunque este a\u00f1o no estuvo presente una estrella de Hollywood.<\/p>\n","protected":false},"excerpt":{"rendered":"<p>Karla M\u00e9ndezBoca del R\u00edo El titular de la Secretar\u00eda de Turismo(SECTUR), Iv\u00e1n Mart\u00ednez Olvera, confirm\u00f3 que Veracruz tendr\u00e1 un equipo de futbol en primera division en la LigaMx, con la conclusi\u00f3n de la rehabilitaci\u00f3n del Estadio \u00abLuis Pirata Fuente\u00bb. En entrevista, el funcionario estatal garantiz\u00f3 el regreso del futbol profesional al estado de Veracruz, una [&hellip;]<\/p>\n","protected":false},"author":2,"featured_media":0,"comment_status":"closed","ping_status":"closed","sticky":false,"template":"","format":"standard","meta":{"tdm_status":"","tdm_grid_status":"","footnotes":""},"categories":[6446],"tags":[1563,2135,14789,32462,195],"class_list":{"0":"post-131096","1":"post","2":"type-post","3":"status-publish","4":"format-standard","6":"category-la-nota","7":"tag-cuitlahuac-garcia-jimenez","8":"tag-futbol","9":"tag-ivan-martinez-olvera","10":"tag-ligamx","11":"tag-veracruz"},"yoast_head":"<!-- This site is optimized with the Yoast SEO plugin v27.4 - https:\/\/yoast.com\/product\/yoast-seo-wordpress\/ -->\n<title>REGRESAREMOS A PRIMERA! - Los pol\u00edticos Veracruz<\/title>\n<meta name=\"robots\" content=\"index, follow, max-snippet:-1, max-image-preview:large, max-video-preview:-1\" \/>\n<link rel=\"canonical\" href=\"https:\/\/lospoliticosveracruz.com\/?p=131096\" \/>\n<meta property=\"og:locale\" content=\"es_ES\" \/>\n<meta property=\"og:type\" content=\"article\" \/>\n<meta property=\"og:title\" content=\"REGRESAREMOS A PRIMERA! - Los pol\u00edticos Veracruz\" \/>\n<meta property=\"og:description\" content=\"Karla M\u00e9ndezBoca del R\u00edo El titular de la Secretar\u00eda de Turismo(SECTUR), Iv\u00e1n Mart\u00ednez Olvera, confirm\u00f3 que Veracruz tendr\u00e1 un equipo de futbol en primera division en la LigaMx, con la conclusi\u00f3n de la rehabilitaci\u00f3n del Estadio \u00abLuis Pirata Fuente\u00bb. En entrevista, el funcionario estatal garantiz\u00f3 el regreso del futbol profesional al estado de Veracruz, una [&hellip;]\" \/>\n<meta property=\"og:url\" content=\"https:\/\/lospoliticosveracruz.com\/?p=131096\" \/>\n<meta property=\"og:site_name\" content=\"Los pol\u00edticos Veracruz\" \/>\n<meta property=\"article:publisher\" content=\"https:\/\/www.facebook.com\/people\/Notimemes-de-los-Polticos\/61565672886568\/\" \/>\n<meta property=\"article:published_time\" content=\"2024-10-12T18:52:30+00:00\" \/>\n<meta property=\"article:modified_time\" content=\"2024-10-12T18:54:40+00:00\" \/>\n<meta property=\"og:image\" content=\"https:\/\/lospoliticosveracruz.com\/wp-content\/uploads\/2016\/07\/Logo-Dor.jpg\" \/>\n\t<meta property=\"og:image:width\" content=\"200\" \/>\n\t<meta property=\"og:image:height\" content=\"200\" \/>\n\t<meta property=\"og:image:type\" content=\"image\/jpeg\" \/>\n<meta name=\"author\" content=\"Lo viste en Los Pol\u00edticos\" \/>\n<meta name=\"twitter:card\" content=\"summary_large_image\" \/>\n<meta name=\"twitter:creator\" content=\"@LosPoliticosVer\" \/>\n<meta name=\"twitter:site\" content=\"@LosPoliticosVer\" \/>\n<meta name=\"twitter:label1\" content=\"Escrito por\" \/>\n\t<meta name=\"twitter:data1\" content=\"Lo viste en Los Pol\u00edticos\" \/>\n\t<meta name=\"twitter:label2\" content=\"Tiempo de lectura\" \/>\n\t<meta name=\"twitter:data2\" content=\"1 minuto\" \/>\n<script type=\"application\/ld+json\" class=\"yoast-schema-graph\">{\"@context\":\"https:\\\/\\\/schema.org\",\"@graph\":[{\"@type\":\"Article\",\"@id\":\"https:\\\/\\\/lospoliticosveracruz.com\\\/?p=131096#article\",\"isPartOf\":{\"@id\":\"https:\\\/\\\/lospoliticosveracruz.com\\\/?p=131096\"},\"author\":{\"name\":\"Lo viste en Los Pol\u00edticos\",\"@id\":\"https:\\\/\\\/lospoliticosveracruz.com\\\/#\\\/schema\\\/person\\\/b8702bb0e538456e6efd07080bf2a4a2\"},\"headline\":\"REGRESAREMOS A PRIMERA!\",\"datePublished\":\"2024-10-12T18:52:30+00:00\",\"dateModified\":\"2024-10-12T18:54:40+00:00\",\"mainEntityOfPage\":{\"@id\":\"https:\\\/\\\/lospoliticosveracruz.com\\\/?p=131096\"},\"wordCount\":245,\"publisher\":{\"@id\":\"https:\\\/\\\/lospoliticosveracruz.com\\\/#organization\"},\"keywords\":[\"Cuitl\u00e1huac Garc\u00eda Jim\u00e9nez\",\"Futbol\",\"Iv\u00e1n Mart\u00ednez Olvera\",\"LigaMX\",\"Veracruz\"],\"articleSection\":[\"La Nota\"],\"inLanguage\":\"es\"},{\"@type\":\"WebPage\",\"@id\":\"https:\\\/\\\/lospoliticosveracruz.com\\\/?p=131096\",\"url\":\"https:\\\/\\\/lospoliticosveracruz.com\\\/?p=131096\",\"name\":\"REGRESAREMOS A PRIMERA! - Los pol\u00edticos Veracruz\",\"isPartOf\":{\"@id\":\"https:\\\/\\\/lospoliticosveracruz.com\\\/#website\"},\"datePublished\":\"2024-10-12T18:52:30+00:00\",\"dateModified\":\"2024-10-12T18:54:40+00:00\",\"breadcrumb\":{\"@id\":\"https:\\\/\\\/lospoliticosveracruz.com\\\/?p=131096#breadcrumb\"},\"inLanguage\":\"es\",\"potentialAction\":[{\"@type\":\"ReadAction\",\"target\":[\"https:\\\/\\\/lospoliticosveracruz.com\\\/?p=131096\"]}]},{\"@type\":\"BreadcrumbList\",\"@id\":\"https:\\\/\\\/lospoliticosveracruz.com\\\/?p=131096#breadcrumb\",\"itemListElement\":[{\"@type\":\"ListItem\",\"position\":1,\"name\":\"Portada\",\"item\":\"https:\\\/\\\/lospoliticosveracruz.com\\\/\"},{\"@type\":\"ListItem\",\"position\":2,\"name\":\"REGRESAREMOS A PRIMERA!\"}]},{\"@type\":\"WebSite\",\"@id\":\"https:\\\/\\\/lospoliticosveracruz.com\\\/#website\",\"url\":\"https:\\\/\\\/lospoliticosveracruz.com\\\/\",\"name\":\"Los pol\u00edticos Veracruz\",\"description\":\"\",\"publisher\":{\"@id\":\"https:\\\/\\\/lospoliticosveracruz.com\\\/#organization\"},\"potentialAction\":[{\"@type\":\"SearchAction\",\"target\":{\"@type\":\"EntryPoint\",\"urlTemplate\":\"https:\\\/\\\/lospoliticosveracruz.com\\\/?s={search_term_string}\"},\"query-input\":{\"@type\":\"PropertyValueSpecification\",\"valueRequired\":true,\"valueName\":\"search_term_string\"}}],\"inLanguage\":\"es\"},{\"@type\":\"Organization\",\"@id\":\"https:\\\/\\\/lospoliticosveracruz.com\\\/#organization\",\"name\":\"Los pol\u00edticos Veracruz\",\"url\":\"https:\\\/\\\/lospoliticosveracruz.com\\\/\",\"logo\":{\"@type\":\"ImageObject\",\"inLanguage\":\"es\",\"@id\":\"https:\\\/\\\/lospoliticosveracruz.com\\\/#\\\/schema\\\/logo\\\/image\\\/\",\"url\":\"https:\\\/\\\/lospoliticosveracruz.com\\\/wp-content\\\/uploads\\\/2025\\\/12\\\/Logo-Nuevo-LOS-POLITICOS-1.jpg\",\"contentUrl\":\"https:\\\/\\\/lospoliticosveracruz.com\\\/wp-content\\\/uploads\\\/2025\\\/12\\\/Logo-Nuevo-LOS-POLITICOS-1.jpg\",\"width\":260,\"height\":70,\"caption\":\"Los pol\u00edticos Veracruz\"},\"image\":{\"@id\":\"https:\\\/\\\/lospoliticosveracruz.com\\\/#\\\/schema\\\/logo\\\/image\\\/\"},\"sameAs\":[\"https:\\\/\\\/www.facebook.com\\\/people\\\/Notimemes-de-los-Polticos\\\/61565672886568\\\/\",\"https:\\\/\\\/x.com\\\/LosPoliticosVer\"]},{\"@type\":\"Person\",\"@id\":\"https:\\\/\\\/lospoliticosveracruz.com\\\/#\\\/schema\\\/person\\\/b8702bb0e538456e6efd07080bf2a4a2\",\"name\":\"Lo viste en Los Pol\u00edticos\",\"image\":{\"@type\":\"ImageObject\",\"inLanguage\":\"es\",\"@id\":\"https:\\\/\\\/secure.gravatar.com\\\/avatar\\\/3a8de04a2656d44082be478bd6c086daa447c4651605818287b9532d3d0bd435?s=96&d=mm&r=g\",\"url\":\"https:\\\/\\\/secure.gravatar.com\\\/avatar\\\/3a8de04a2656d44082be478bd6c086daa447c4651605818287b9532d3d0bd435?s=96&d=mm&r=g\",\"contentUrl\":\"https:\\\/\\\/secure.gravatar.com\\\/avatar\\\/3a8de04a2656d44082be478bd6c086daa447c4651605818287b9532d3d0bd435?s=96&d=mm&r=g\",\"caption\":\"Lo viste en Los Pol\u00edticos\"},\"url\":\"https:\\\/\\\/lospoliticosveracruz.com\\\/?author=2\"}]}<\/script>\n<!-- \/ Yoast SEO plugin. -->","yoast_head_json":{"title":"REGRESAREMOS A PRIMERA! - Los pol\u00edticos Veracruz","robots":{"index":"index","follow":"follow","max-snippet":"max-snippet:-1","max-image-preview":"max-image-preview:large","max-video-preview":"max-video-preview:-1"},"canonical":"https:\/\/lospoliticosveracruz.com\/?p=131096","og_locale":"es_ES","og_type":"article","og_title":"REGRESAREMOS A PRIMERA! - Los pol\u00edticos Veracruz","og_description":"Karla M\u00e9ndezBoca del R\u00edo El titular de la Secretar\u00eda de Turismo(SECTUR), Iv\u00e1n Mart\u00ednez Olvera, confirm\u00f3 que Veracruz tendr\u00e1 un equipo de futbol en primera division en la LigaMx, con la conclusi\u00f3n de la rehabilitaci\u00f3n del Estadio \u00abLuis Pirata Fuente\u00bb. En entrevista, el funcionario estatal garantiz\u00f3 el regreso del futbol profesional al estado de Veracruz, una [&hellip;]","og_url":"https:\/\/lospoliticosveracruz.com\/?p=131096","og_site_name":"Los pol\u00edticos Veracruz","article_publisher":"https:\/\/www.facebook.com\/people\/Notimemes-de-los-Polticos\/61565672886568\/","article_published_time":"2024-10-12T18:52:30+00:00","article_modified_time":"2024-10-12T18:54:40+00:00","og_image":[{"width":200,"height":200,"url":"https:\/\/lospoliticosveracruz.com\/wp-content\/uploads\/2016\/07\/Logo-Dor.jpg","type":"image\/jpeg"}],"author":"Lo viste en Los Pol\u00edticos","twitter_card":"summary_large_image","twitter_creator":"@LosPoliticosVer","twitter_site":"@LosPoliticosVer","twitter_misc":{"Escrito por":"Lo viste en Los Pol\u00edticos","Tiempo de lectura":"1 minuto"},"schema":{"@context":"https:\/\/schema.org","@graph":[{"@type":"Article","@id":"https:\/\/lospoliticosveracruz.com\/?p=131096#article","isPartOf":{"@id":"https:\/\/lospoliticosveracruz.com\/?p=131096"},"author":{"name":"Lo viste en Los Pol\u00edticos","@id":"https:\/\/lospoliticosveracruz.com\/#\/schema\/person\/b8702bb0e538456e6efd07080bf2a4a2"},"headline":"REGRESAREMOS A PRIMERA!","datePublished":"2024-10-12T18:52:30+00:00","dateModified":"2024-10-12T18:54:40+00:00","mainEntityOfPage":{"@id":"https:\/\/lospoliticosveracruz.com\/?p=131096"},"wordCount":245,"publisher":{"@id":"https:\/\/lospoliticosveracruz.com\/#organization"},"keywords":["Cuitl\u00e1huac Garc\u00eda Jim\u00e9nez","Futbol","Iv\u00e1n Mart\u00ednez Olvera","LigaMX","Veracruz"],"articleSection":["La Nota"],"inLanguage":"es"},{"@type":"WebPage","@id":"https:\/\/lospoliticosveracruz.com\/?p=131096","url":"https:\/\/lospoliticosveracruz.com\/?p=131096","name":"REGRESAREMOS A PRIMERA! - Los pol\u00edticos Veracruz","isPartOf":{"@id":"https:\/\/lospoliticosveracruz.com\/#website"},"datePublished":"2024-10-12T18:52:30+00:00","dateModified":"2024-10-12T18:54:40+00:00","breadcrumb":{"@id":"https:\/\/lospoliticosveracruz.com\/?p=131096#breadcrumb"},"inLanguage":"es","potentialAction":[{"@type":"ReadAction","target":["https:\/\/lospoliticosveracruz.com\/?p=131096"]}]},{"@type":"BreadcrumbList","@id":"https:\/\/lospoliticosveracruz.com\/?p=131096#breadcrumb","itemListElement":[{"@type":"ListItem","position":1,"name":"Portada","item":"https:\/\/lospoliticosveracruz.com\/"},{"@type":"ListItem","position":2,"name":"REGRESAREMOS A PRIMERA!"}]},{"@type":"WebSite","@id":"https:\/\/lospoliticosveracruz.com\/#website","url":"https:\/\/lospoliticosveracruz.com\/","name":"Los pol\u00edticos Veracruz","description":"","publisher":{"@id":"https:\/\/lospoliticosveracruz.com\/#organization"},"potentialAction":[{"@type":"SearchAction","target":{"@type":"EntryPoint","urlTemplate":"https:\/\/lospoliticosveracruz.com\/?s={search_term_string}"},"query-input":{"@type":"PropertyValueSpecification","valueRequired":true,"valueName":"search_term_string"}}],"inLanguage":"es"},{"@type":"Organization","@id":"https:\/\/lospoliticosveracruz.com\/#organization","name":"Los pol\u00edticos Veracruz","url":"https:\/\/lospoliticosveracruz.com\/","logo":{"@type":"ImageObject","inLanguage":"es","@id":"https:\/\/lospoliticosveracruz.com\/#\/schema\/logo\/image\/","url":"https:\/\/lospoliticosveracruz.com\/wp-content\/uploads\/2025\/12\/Logo-Nuevo-LOS-POLITICOS-1.jpg","contentUrl":"https:\/\/lospoliticosveracruz.com\/wp-content\/uploads\/2025\/12\/Logo-Nuevo-LOS-POLITICOS-1.jpg","width":260,"height":70,"caption":"Los pol\u00edticos Veracruz"},"image":{"@id":"https:\/\/lospoliticosveracruz.com\/#\/schema\/logo\/image\/"},"sameAs":["https:\/\/www.facebook.com\/people\/Notimemes-de-los-Polticos\/61565672886568\/","https:\/\/x.com\/LosPoliticosVer"]},{"@type":"Person","@id":"https:\/\/lospoliticosveracruz.com\/#\/schema\/person\/b8702bb0e538456e6efd07080bf2a4a2","name":"Lo viste en Los Pol\u00edticos","image":{"@type":"ImageObject","inLanguage":"es","@id":"https:\/\/secure.gravatar.com\/avatar\/3a8de04a2656d44082be478bd6c086daa447c4651605818287b9532d3d0bd435?s=96&d=mm&r=g","url":"https:\/\/secure.gravatar.com\/avatar\/3a8de04a2656d44082be478bd6c086daa447c4651605818287b9532d3d0bd435?s=96&d=mm&r=g","contentUrl":"https:\/\/secure.gravatar.com\/avatar\/3a8de04a2656d44082be478bd6c086daa447c4651605818287b9532d3d0bd435?s=96&d=mm&r=g","caption":"Lo viste en Los Pol\u00edticos"},"url":"https:\/\/lospoliticosveracruz.com\/?author=2"}]}},"_links":{"self":[{"href":"https:\/\/lospoliticosveracruz.com\/index.php?rest_route=\/wp\/v2\/posts\/131096","targetHints":{"allow":["GET"]}}],"collection":[{"href":"https:\/\/lospoliticosveracruz.com\/index.php?rest_route=\/wp\/v2\/posts"}],"about":[{"href":"https:\/\/lospoliticosveracruz.com\/index.php?rest_route=\/wp\/v2\/types\/post"}],"author":[{"embeddable":true,"href":"https:\/\/lospoliticosveracruz.com\/index.php?rest_route=\/wp\/v2\/users\/2"}],"replies":[{"embeddable":true,"href":"https:\/\/lospoliticosveracruz.com\/index.php?rest_route=%2Fwp%2Fv2%2Fcomments&post=131096"}],"version-history":[{"count":2,"href":"https:\/\/lospoliticosveracruz.com\/index.php?rest_route=\/wp\/v2\/posts\/131096\/revisions"}],"predecessor-version":[{"id":131099,"href":"https:\/\/lospoliticosveracruz.com\/index.php?rest_route=\/wp\/v2\/posts\/131096\/revisions\/131099"}],"wp:attachment":[{"href":"https:\/\/lospoliticosveracruz.com\/index.php?rest_route=%2Fwp%2Fv2%2Fmedia&parent=131096"}],"wp:term":[{"taxonomy":"category","embeddable":true,"href":"https:\/\/lospoliticosveracruz.com\/index.php?rest_route=%2Fwp%2Fv2%2Fcategories&post=131096"},{"taxonomy":"post_tag","embeddable":true,"href":"https:\/\/lospoliticosveracruz.com\/index.php?rest_route=%2Fwp%2Fv2%2Ftags&post=131096"}],"curies":[{"name":"wp","href":"https:\/\/api.w.org\/{rel}","templated":true}]}}