{"id":13141,"date":"2014-10-30T11:55:33","date_gmt":"2014-10-30T17:55:33","guid":{"rendered":"http:\/\/www.lospoliticosveracruz.com.mx\/?p=13141"},"modified":"2014-10-30T11:55:33","modified_gmt":"2014-10-30T17:55:33","slug":"el-hombre-leyenda-caballero-de-la-politica","status":"publish","type":"post","link":"https:\/\/lospoliticosveracruz.com\/?p=13141","title":{"rendered":"El hombre leyenda, caballero de la pol\u00edtica"},"content":{"rendered":"<p><a href=\"http:\/\/www.lospoliticosveracruz.com.mx\/wp-content\/uploads\/2014\/10\/fernando-gutierrez-barrios.jpg\"><img loading=\"lazy\" decoding=\"async\" class=\"alignnone size-medium wp-image-13143\" src=\"http:\/\/www.lospoliticosveracruz.com.mx\/wp-content\/uploads\/2014\/10\/fernando-gutierrez-barrios-300x225.jpg\" alt=\"fernando gutierrez barrios\" width=\"300\" height=\"225\" \/><\/a><\/p>\n<p><strong>Miguel Angel Cristiani G.<\/strong><\/p>\n<p><em>Bit\u00e1cora Veracruz<\/em><\/p>\n<p>&nbsp;<\/p>\n<p>Se cumplen 14 a\u00f1os de la partida de quien fuera uno de los pol\u00edticos veracruzanos m\u00e1s destacados de nuestros tiempos, don Fernando Guti\u00e9rrez Barrios, conocido como caballero de la pol\u00edtica, por su capacidad para dialogar y convencer, pero tambi\u00e9n de su mano firme para conducir las responsabilidades que desempe\u00f1\u00f3 desde secretario de Gobernaci\u00f3n, gobernador de Veracruz.<\/p>\n<p>Elegante en el vestir, con su casi uniforme de guayabera blanca y su paliacate rojo al cuello, atend\u00eda y resolv\u00eda todos los problemas que se le planteaban, con una mano firme y una sonrisa siempre a flor de labios.<\/p>\n<p>Don Fernando, durante su administraci\u00f3n como gobernador de Veracruz, aplic\u00f3 una pol\u00edtica no solo de trato directo, sino que estableci\u00f3 una norma que habr\u00eda de ser regla para los gobernantes siguientes, en materia de comunicaci\u00f3n social, no solo atendi\u00f3 a todos los medios, desde los m\u00e1s modestos hasta los m\u00e1s poderosos.<\/p>\n<p>Esa fue la instrucci\u00f3n directa que le dio a su eficiente colaborador el periodista Edgar Hern\u00e1ndez quien despach\u00f3 como como coordinador de comunicaci\u00f3n social: hay que atender a todos, no solo a los grandes, tambi\u00e9n a los chicos.<\/p>\n<p>Por esa caracter\u00edstica de su trato amable y respetuoso, es que a 14 a\u00f1os de su partida, todav\u00eda es recordado por muchos con afecto y cari\u00f1o. Lo que sembr\u00f3 cosech\u00f3.<\/p>\n<p>Como secretario de Gobernaci\u00f3n, se dec\u00eda que era el hombre m\u00e1s informado de M\u00e9xico, sab\u00eda y conoc\u00eda todos los hechos que hab\u00eda que dar seguimiento.<\/p>\n<p>Hoy en d\u00eda, ante los hechos suscitados en el estado de Guerrero, resulta interesante conocer si don Fernando despachara todav\u00eda en la secretar\u00eda de Gobernaci\u00f3n, si no hubiera tenido la informaci\u00f3n de lo que estaba sucediendo y no hubiera tomado cartas en el asunto, sin esperar a que explotara un conflicto, que ya tiene dimensiones internacionales y todav\u00eda no hay para cuando haya una soluci\u00f3n.<\/p>\n<p>Habr\u00eda que recordar una de sus frases preferidas: todo dentro de la ley, nada fuera de ella.<\/p>\n<p>Veracruz, primero y siempre.<\/p>\n<p>Otras de sus tesis pol\u00edticas: No se puede gobernar de espaldas al pueblo.<\/p>\n<p>La funci\u00f3n de gobernar, solo adquiere su plena expresi\u00f3n democr\u00e1tica, cuando se sustenta en una genuina divisi\u00f3n de poderes.<\/p>\n<p>Entendemos la funci\u00f3n de gobernar, como una m\u00edstica de servicio, sustentada en el di\u00e1logo permanente, abierto y cordial, con todos.<\/p>\n<p>Ante la ausencia de los llamados pol\u00edticos pol\u00edticos, cuando en la funci\u00f3n p\u00fablica, se satura de juniors inexpertos, cobra mayor dimensi\u00f3n la figura de un pol\u00edtico veracruzano, que supo ejercer el poder en toda su expresi\u00f3n.<\/p>\n<p>Promotor de los acuerdos, a lo largo de su fecunda carrera pol\u00edtica, sab\u00eda que el equilibrio y la armon\u00eda posibilitan la permanencia de las instituciones y la paz social.<\/p>\n<p>Por muchas razones m\u00e1s, este jueves al cumplirse 14 a\u00f1os de su partida, muchos son los veracruzanos, que recuerdan con nostalgia al hombre leyenda, el caballero de la pol\u00edtica, que supo ejercer el poder.<\/p>\n","protected":false},"excerpt":{"rendered":"<p>Miguel Angel Cristiani G. Bit\u00e1cora Veracruz &nbsp; Se cumplen 14 a\u00f1os de la partida de quien fuera uno de los pol\u00edticos veracruzanos m\u00e1s destacados de nuestros tiempos, don Fernando Guti\u00e9rrez Barrios, conocido como caballero de la pol\u00edtica, por su capacidad para dialogar y convencer, pero tambi\u00e9n de su mano firme para conducir las responsabilidades que [&hellip;]<\/p>\n","protected":false},"author":2,"featured_media":0,"comment_status":"open","ping_status":"open","sticky":false,"template":"","format":"standard","meta":{"tdm_status":"","tdm_grid_status":"","footnotes":""},"categories":[70],"tags":[612,611,110,92],"class_list":{"0":"post-13141","1":"post","2":"type-post","3":"status-publish","4":"format-standard","6":"category-de-opinion","7":"tag-caballero","8":"tag-fernando-gutierrez-barrios","9":"tag-gobernacion","10":"tag-guerrero"},"yoast_head":"<!-- This site is optimized with the Yoast SEO plugin v27.4 - https:\/\/yoast.com\/product\/yoast-seo-wordpress\/ -->\n<title>El hombre leyenda, caballero de la pol\u00edtica - Los pol\u00edticos Veracruz<\/title>\n<meta name=\"robots\" content=\"index, follow, max-snippet:-1, max-image-preview:large, max-video-preview:-1\" \/>\n<link rel=\"canonical\" href=\"https:\/\/lospoliticosveracruz.com\/?p=13141\" \/>\n<meta property=\"og:locale\" content=\"es_ES\" \/>\n<meta property=\"og:type\" content=\"article\" \/>\n<meta property=\"og:title\" content=\"El hombre leyenda, caballero de la pol\u00edtica - Los pol\u00edticos Veracruz\" \/>\n<meta property=\"og:description\" content=\"Miguel Angel Cristiani G. Bit\u00e1cora Veracruz &nbsp; Se cumplen 14 a\u00f1os de la partida de quien fuera uno de los pol\u00edticos veracruzanos m\u00e1s destacados de nuestros tiempos, don Fernando Guti\u00e9rrez Barrios, conocido como caballero de la pol\u00edtica, por su capacidad para dialogar y convencer, pero tambi\u00e9n de su mano firme para conducir las responsabilidades que [&hellip;]\" \/>\n<meta property=\"og:url\" content=\"https:\/\/lospoliticosveracruz.com\/?p=13141\" \/>\n<meta property=\"og:site_name\" content=\"Los pol\u00edticos Veracruz\" \/>\n<meta property=\"article:publisher\" content=\"https:\/\/www.facebook.com\/people\/Notimemes-de-los-Polticos\/61565672886568\/\" \/>\n<meta property=\"article:published_time\" content=\"2014-10-30T17:55:33+00:00\" \/>\n<meta property=\"og:image\" content=\"http:\/\/www.lospoliticosveracruz.com.mx\/wp-content\/uploads\/2014\/10\/fernando-gutierrez-barrios-300x225.jpg\" \/>\n<meta name=\"author\" content=\"Lo viste en Los Pol\u00edticos\" \/>\n<meta name=\"twitter:card\" content=\"summary_large_image\" \/>\n<meta name=\"twitter:creator\" content=\"@LosPoliticosVer\" \/>\n<meta name=\"twitter:site\" content=\"@LosPoliticosVer\" \/>\n<meta name=\"twitter:label1\" content=\"Escrito por\" \/>\n\t<meta name=\"twitter:data1\" content=\"Lo viste en Los Pol\u00edticos\" \/>\n\t<meta name=\"twitter:label2\" content=\"Tiempo de lectura\" \/>\n\t<meta name=\"twitter:data2\" content=\"3 minutos\" \/>\n<script type=\"application\/ld+json\" class=\"yoast-schema-graph\">{\"@context\":\"https:\\\/\\\/schema.org\",\"@graph\":[{\"@type\":\"Article\",\"@id\":\"https:\\\/\\\/lospoliticosveracruz.com\\\/?p=13141#article\",\"isPartOf\":{\"@id\":\"https:\\\/\\\/lospoliticosveracruz.com\\\/?p=13141\"},\"author\":{\"name\":\"Lo viste en Los Pol\u00edticos\",\"@id\":\"https:\\\/\\\/lospoliticosveracruz.com\\\/#\\\/schema\\\/person\\\/b8702bb0e538456e6efd07080bf2a4a2\"},\"headline\":\"El hombre leyenda, caballero de la pol\u00edtica\",\"datePublished\":\"2014-10-30T17:55:33+00:00\",\"mainEntityOfPage\":{\"@id\":\"https:\\\/\\\/lospoliticosveracruz.com\\\/?p=13141\"},\"wordCount\":548,\"commentCount\":0,\"publisher\":{\"@id\":\"https:\\\/\\\/lospoliticosveracruz.com\\\/#organization\"},\"image\":{\"@id\":\"https:\\\/\\\/lospoliticosveracruz.com\\\/?p=13141#primaryimage\"},\"thumbnailUrl\":\"http:\\\/\\\/www.lospoliticosveracruz.com.mx\\\/wp-content\\\/uploads\\\/2014\\\/10\\\/fernando-gutierrez-barrios-300x225.jpg\",\"keywords\":[\"caballero\",\"Fernando Guti\u00e9rrez Barrios\",\"Gobernaci\u00f3n\",\"Guerrero\"],\"articleSection\":[\"De Opini\u00f3n\"],\"inLanguage\":\"es\",\"potentialAction\":[{\"@type\":\"CommentAction\",\"name\":\"Comment\",\"target\":[\"https:\\\/\\\/lospoliticosveracruz.com\\\/?p=13141#respond\"]}]},{\"@type\":\"WebPage\",\"@id\":\"https:\\\/\\\/lospoliticosveracruz.com\\\/?p=13141\",\"url\":\"https:\\\/\\\/lospoliticosveracruz.com\\\/?p=13141\",\"name\":\"El hombre leyenda, caballero de la pol\u00edtica - Los pol\u00edticos Veracruz\",\"isPartOf\":{\"@id\":\"https:\\\/\\\/lospoliticosveracruz.com\\\/#website\"},\"primaryImageOfPage\":{\"@id\":\"https:\\\/\\\/lospoliticosveracruz.com\\\/?p=13141#primaryimage\"},\"image\":{\"@id\":\"https:\\\/\\\/lospoliticosveracruz.com\\\/?p=13141#primaryimage\"},\"thumbnailUrl\":\"http:\\\/\\\/www.lospoliticosveracruz.com.mx\\\/wp-content\\\/uploads\\\/2014\\\/10\\\/fernando-gutierrez-barrios-300x225.jpg\",\"datePublished\":\"2014-10-30T17:55:33+00:00\",\"breadcrumb\":{\"@id\":\"https:\\\/\\\/lospoliticosveracruz.com\\\/?p=13141#breadcrumb\"},\"inLanguage\":\"es\",\"potentialAction\":[{\"@type\":\"ReadAction\",\"target\":[\"https:\\\/\\\/lospoliticosveracruz.com\\\/?p=13141\"]}]},{\"@type\":\"ImageObject\",\"inLanguage\":\"es\",\"@id\":\"https:\\\/\\\/lospoliticosveracruz.com\\\/?p=13141#primaryimage\",\"url\":\"http:\\\/\\\/www.lospoliticosveracruz.com.mx\\\/wp-content\\\/uploads\\\/2014\\\/10\\\/fernando-gutierrez-barrios-300x225.jpg\",\"contentUrl\":\"http:\\\/\\\/www.lospoliticosveracruz.com.mx\\\/wp-content\\\/uploads\\\/2014\\\/10\\\/fernando-gutierrez-barrios-300x225.jpg\"},{\"@type\":\"BreadcrumbList\",\"@id\":\"https:\\\/\\\/lospoliticosveracruz.com\\\/?p=13141#breadcrumb\",\"itemListElement\":[{\"@type\":\"ListItem\",\"position\":1,\"name\":\"Portada\",\"item\":\"https:\\\/\\\/lospoliticosveracruz.com\\\/\"},{\"@type\":\"ListItem\",\"position\":2,\"name\":\"El hombre leyenda, caballero de la pol\u00edtica\"}]},{\"@type\":\"WebSite\",\"@id\":\"https:\\\/\\\/lospoliticosveracruz.com\\\/#website\",\"url\":\"https:\\\/\\\/lospoliticosveracruz.com\\\/\",\"name\":\"Los pol\u00edticos Veracruz\",\"description\":\"\",\"publisher\":{\"@id\":\"https:\\\/\\\/lospoliticosveracruz.com\\\/#organization\"},\"potentialAction\":[{\"@type\":\"SearchAction\",\"target\":{\"@type\":\"EntryPoint\",\"urlTemplate\":\"https:\\\/\\\/lospoliticosveracruz.com\\\/?s={search_term_string}\"},\"query-input\":{\"@type\":\"PropertyValueSpecification\",\"valueRequired\":true,\"valueName\":\"search_term_string\"}}],\"inLanguage\":\"es\"},{\"@type\":\"Organization\",\"@id\":\"https:\\\/\\\/lospoliticosveracruz.com\\\/#organization\",\"name\":\"Los pol\u00edticos Veracruz\",\"url\":\"https:\\\/\\\/lospoliticosveracruz.com\\\/\",\"logo\":{\"@type\":\"ImageObject\",\"inLanguage\":\"es\",\"@id\":\"https:\\\/\\\/lospoliticosveracruz.com\\\/#\\\/schema\\\/logo\\\/image\\\/\",\"url\":\"https:\\\/\\\/lospoliticosveracruz.com\\\/wp-content\\\/uploads\\\/2025\\\/12\\\/Logo-Nuevo-LOS-POLITICOS-1.jpg\",\"contentUrl\":\"https:\\\/\\\/lospoliticosveracruz.com\\\/wp-content\\\/uploads\\\/2025\\\/12\\\/Logo-Nuevo-LOS-POLITICOS-1.jpg\",\"width\":260,\"height\":70,\"caption\":\"Los pol\u00edticos Veracruz\"},\"image\":{\"@id\":\"https:\\\/\\\/lospoliticosveracruz.com\\\/#\\\/schema\\\/logo\\\/image\\\/\"},\"sameAs\":[\"https:\\\/\\\/www.facebook.com\\\/people\\\/Notimemes-de-los-Polticos\\\/61565672886568\\\/\",\"https:\\\/\\\/x.com\\\/LosPoliticosVer\"]},{\"@type\":\"Person\",\"@id\":\"https:\\\/\\\/lospoliticosveracruz.com\\\/#\\\/schema\\\/person\\\/b8702bb0e538456e6efd07080bf2a4a2\",\"name\":\"Lo viste en Los Pol\u00edticos\",\"image\":{\"@type\":\"ImageObject\",\"inLanguage\":\"es\",\"@id\":\"https:\\\/\\\/secure.gravatar.com\\\/avatar\\\/3a8de04a2656d44082be478bd6c086daa447c4651605818287b9532d3d0bd435?s=96&d=mm&r=g\",\"url\":\"https:\\\/\\\/secure.gravatar.com\\\/avatar\\\/3a8de04a2656d44082be478bd6c086daa447c4651605818287b9532d3d0bd435?s=96&d=mm&r=g\",\"contentUrl\":\"https:\\\/\\\/secure.gravatar.com\\\/avatar\\\/3a8de04a2656d44082be478bd6c086daa447c4651605818287b9532d3d0bd435?s=96&d=mm&r=g\",\"caption\":\"Lo viste en Los Pol\u00edticos\"},\"url\":\"https:\\\/\\\/lospoliticosveracruz.com\\\/?author=2\"}]}<\/script>\n<!-- \/ Yoast SEO plugin. -->","yoast_head_json":{"title":"El hombre leyenda, caballero de la pol\u00edtica - Los pol\u00edticos Veracruz","robots":{"index":"index","follow":"follow","max-snippet":"max-snippet:-1","max-image-preview":"max-image-preview:large","max-video-preview":"max-video-preview:-1"},"canonical":"https:\/\/lospoliticosveracruz.com\/?p=13141","og_locale":"es_ES","og_type":"article","og_title":"El hombre leyenda, caballero de la pol\u00edtica - Los pol\u00edticos Veracruz","og_description":"Miguel Angel Cristiani G. Bit\u00e1cora Veracruz &nbsp; Se cumplen 14 a\u00f1os de la partida de quien fuera uno de los pol\u00edticos veracruzanos m\u00e1s destacados de nuestros tiempos, don Fernando Guti\u00e9rrez Barrios, conocido como caballero de la pol\u00edtica, por su capacidad para dialogar y convencer, pero tambi\u00e9n de su mano firme para conducir las responsabilidades que [&hellip;]","og_url":"https:\/\/lospoliticosveracruz.com\/?p=13141","og_site_name":"Los pol\u00edticos Veracruz","article_publisher":"https:\/\/www.facebook.com\/people\/Notimemes-de-los-Polticos\/61565672886568\/","article_published_time":"2014-10-30T17:55:33+00:00","og_image":[{"url":"http:\/\/www.lospoliticosveracruz.com.mx\/wp-content\/uploads\/2014\/10\/fernando-gutierrez-barrios-300x225.jpg","type":"","width":"","height":""}],"author":"Lo viste en Los Pol\u00edticos","twitter_card":"summary_large_image","twitter_creator":"@LosPoliticosVer","twitter_site":"@LosPoliticosVer","twitter_misc":{"Escrito por":"Lo viste en Los Pol\u00edticos","Tiempo de lectura":"3 minutos"},"schema":{"@context":"https:\/\/schema.org","@graph":[{"@type":"Article","@id":"https:\/\/lospoliticosveracruz.com\/?p=13141#article","isPartOf":{"@id":"https:\/\/lospoliticosveracruz.com\/?p=13141"},"author":{"name":"Lo viste en Los Pol\u00edticos","@id":"https:\/\/lospoliticosveracruz.com\/#\/schema\/person\/b8702bb0e538456e6efd07080bf2a4a2"},"headline":"El hombre leyenda, caballero de la pol\u00edtica","datePublished":"2014-10-30T17:55:33+00:00","mainEntityOfPage":{"@id":"https:\/\/lospoliticosveracruz.com\/?p=13141"},"wordCount":548,"commentCount":0,"publisher":{"@id":"https:\/\/lospoliticosveracruz.com\/#organization"},"image":{"@id":"https:\/\/lospoliticosveracruz.com\/?p=13141#primaryimage"},"thumbnailUrl":"http:\/\/www.lospoliticosveracruz.com.mx\/wp-content\/uploads\/2014\/10\/fernando-gutierrez-barrios-300x225.jpg","keywords":["caballero","Fernando Guti\u00e9rrez Barrios","Gobernaci\u00f3n","Guerrero"],"articleSection":["De Opini\u00f3n"],"inLanguage":"es","potentialAction":[{"@type":"CommentAction","name":"Comment","target":["https:\/\/lospoliticosveracruz.com\/?p=13141#respond"]}]},{"@type":"WebPage","@id":"https:\/\/lospoliticosveracruz.com\/?p=13141","url":"https:\/\/lospoliticosveracruz.com\/?p=13141","name":"El hombre leyenda, caballero de la pol\u00edtica - Los pol\u00edticos Veracruz","isPartOf":{"@id":"https:\/\/lospoliticosveracruz.com\/#website"},"primaryImageOfPage":{"@id":"https:\/\/lospoliticosveracruz.com\/?p=13141#primaryimage"},"image":{"@id":"https:\/\/lospoliticosveracruz.com\/?p=13141#primaryimage"},"thumbnailUrl":"http:\/\/www.lospoliticosveracruz.com.mx\/wp-content\/uploads\/2014\/10\/fernando-gutierrez-barrios-300x225.jpg","datePublished":"2014-10-30T17:55:33+00:00","breadcrumb":{"@id":"https:\/\/lospoliticosveracruz.com\/?p=13141#breadcrumb"},"inLanguage":"es","potentialAction":[{"@type":"ReadAction","target":["https:\/\/lospoliticosveracruz.com\/?p=13141"]}]},{"@type":"ImageObject","inLanguage":"es","@id":"https:\/\/lospoliticosveracruz.com\/?p=13141#primaryimage","url":"http:\/\/www.lospoliticosveracruz.com.mx\/wp-content\/uploads\/2014\/10\/fernando-gutierrez-barrios-300x225.jpg","contentUrl":"http:\/\/www.lospoliticosveracruz.com.mx\/wp-content\/uploads\/2014\/10\/fernando-gutierrez-barrios-300x225.jpg"},{"@type":"BreadcrumbList","@id":"https:\/\/lospoliticosveracruz.com\/?p=13141#breadcrumb","itemListElement":[{"@type":"ListItem","position":1,"name":"Portada","item":"https:\/\/lospoliticosveracruz.com\/"},{"@type":"ListItem","position":2,"name":"El hombre leyenda, caballero de la pol\u00edtica"}]},{"@type":"WebSite","@id":"https:\/\/lospoliticosveracruz.com\/#website","url":"https:\/\/lospoliticosveracruz.com\/","name":"Los pol\u00edticos Veracruz","description":"","publisher":{"@id":"https:\/\/lospoliticosveracruz.com\/#organization"},"potentialAction":[{"@type":"SearchAction","target":{"@type":"EntryPoint","urlTemplate":"https:\/\/lospoliticosveracruz.com\/?s={search_term_string}"},"query-input":{"@type":"PropertyValueSpecification","valueRequired":true,"valueName":"search_term_string"}}],"inLanguage":"es"},{"@type":"Organization","@id":"https:\/\/lospoliticosveracruz.com\/#organization","name":"Los pol\u00edticos Veracruz","url":"https:\/\/lospoliticosveracruz.com\/","logo":{"@type":"ImageObject","inLanguage":"es","@id":"https:\/\/lospoliticosveracruz.com\/#\/schema\/logo\/image\/","url":"https:\/\/lospoliticosveracruz.com\/wp-content\/uploads\/2025\/12\/Logo-Nuevo-LOS-POLITICOS-1.jpg","contentUrl":"https:\/\/lospoliticosveracruz.com\/wp-content\/uploads\/2025\/12\/Logo-Nuevo-LOS-POLITICOS-1.jpg","width":260,"height":70,"caption":"Los pol\u00edticos Veracruz"},"image":{"@id":"https:\/\/lospoliticosveracruz.com\/#\/schema\/logo\/image\/"},"sameAs":["https:\/\/www.facebook.com\/people\/Notimemes-de-los-Polticos\/61565672886568\/","https:\/\/x.com\/LosPoliticosVer"]},{"@type":"Person","@id":"https:\/\/lospoliticosveracruz.com\/#\/schema\/person\/b8702bb0e538456e6efd07080bf2a4a2","name":"Lo viste en Los Pol\u00edticos","image":{"@type":"ImageObject","inLanguage":"es","@id":"https:\/\/secure.gravatar.com\/avatar\/3a8de04a2656d44082be478bd6c086daa447c4651605818287b9532d3d0bd435?s=96&d=mm&r=g","url":"https:\/\/secure.gravatar.com\/avatar\/3a8de04a2656d44082be478bd6c086daa447c4651605818287b9532d3d0bd435?s=96&d=mm&r=g","contentUrl":"https:\/\/secure.gravatar.com\/avatar\/3a8de04a2656d44082be478bd6c086daa447c4651605818287b9532d3d0bd435?s=96&d=mm&r=g","caption":"Lo viste en Los Pol\u00edticos"},"url":"https:\/\/lospoliticosveracruz.com\/?author=2"}]}},"_links":{"self":[{"href":"https:\/\/lospoliticosveracruz.com\/index.php?rest_route=\/wp\/v2\/posts\/13141","targetHints":{"allow":["GET"]}}],"collection":[{"href":"https:\/\/lospoliticosveracruz.com\/index.php?rest_route=\/wp\/v2\/posts"}],"about":[{"href":"https:\/\/lospoliticosveracruz.com\/index.php?rest_route=\/wp\/v2\/types\/post"}],"author":[{"embeddable":true,"href":"https:\/\/lospoliticosveracruz.com\/index.php?rest_route=\/wp\/v2\/users\/2"}],"replies":[{"embeddable":true,"href":"https:\/\/lospoliticosveracruz.com\/index.php?rest_route=%2Fwp%2Fv2%2Fcomments&post=13141"}],"version-history":[{"count":2,"href":"https:\/\/lospoliticosveracruz.com\/index.php?rest_route=\/wp\/v2\/posts\/13141\/revisions"}],"predecessor-version":[{"id":13144,"href":"https:\/\/lospoliticosveracruz.com\/index.php?rest_route=\/wp\/v2\/posts\/13141\/revisions\/13144"}],"wp:attachment":[{"href":"https:\/\/lospoliticosveracruz.com\/index.php?rest_route=%2Fwp%2Fv2%2Fmedia&parent=13141"}],"wp:term":[{"taxonomy":"category","embeddable":true,"href":"https:\/\/lospoliticosveracruz.com\/index.php?rest_route=%2Fwp%2Fv2%2Fcategories&post=13141"},{"taxonomy":"post_tag","embeddable":true,"href":"https:\/\/lospoliticosveracruz.com\/index.php?rest_route=%2Fwp%2Fv2%2Ftags&post=13141"}],"curies":[{"name":"wp","href":"https:\/\/api.w.org\/{rel}","templated":true}]}}