{"id":13145,"date":"2014-10-30T21:42:03","date_gmt":"2014-10-31T03:42:03","guid":{"rendered":"http:\/\/www.lospoliticosveracruz.com.mx\/?p=13145"},"modified":"2014-10-30T21:42:03","modified_gmt":"2014-10-31T03:42:03","slug":"no-estamos-creciendo","status":"publish","type":"post","link":"https:\/\/lospoliticosveracruz.com\/?p=13145","title":{"rendered":"No estamos creciendo"},"content":{"rendered":"<p><a href=\"http:\/\/www.lospoliticosveracruz.com.mx\/wp-content\/uploads\/2014\/10\/Crecimiento.jpg\"><img loading=\"lazy\" decoding=\"async\" class=\"alignnone size-medium wp-image-13147\" src=\"http:\/\/www.lospoliticosveracruz.com.mx\/wp-content\/uploads\/2014\/10\/Crecimiento-300x149.jpg\" alt=\"Crecimiento\" width=\"300\" height=\"149\" \/><\/a><\/p>\n<p><strong>\u00c1lvaro Belin Andrade<\/strong><\/p>\n<p><em>Hora Libre<\/em><\/p>\n<p>&nbsp;<\/p>\n<p>Las cifras son fr\u00edas y despiadadas. La percepci\u00f3n generalizada entre los veracruzanos de que la situaci\u00f3n se ha estancado, de que los negocios cierran a unos meses de inaugurarse, de que no hay empleos y la producci\u00f3n agr\u00edcola y ganadera resiente la falta de apoyos y los flagelos de la violencia y le intermediarismo, que no se invierte en obra p\u00fablica, se corrobora en los \u00edndices de crecimiento del Producto Interno Bruto (PIB).<\/p>\n<p>Pese a los discursos de la jarocha pr\u00f3spera y el enorme dinamismo de la entidad sobre la supuesta atracci\u00f3n de enormes inversiones privadas, el Instituto Nacional de Estad\u00edstica y Geograf\u00eda (INEGI) nos ha venido a corroborar lo que el m\u00e1s lego en econom\u00eda hab\u00eda sentido en su propio pellejo: no crecemos, no aportamos al desarrollo del pa\u00eds, retrocedemos en lugar de logar con el progreso y el desarrollo.<br \/>\nEn efecto, seg\u00fan el INEGI, en el segundo trimestre de 2014 Veracruz tuvo un comportamiento negativo respecto a igual periodo de 2013, y se ubica \u2013junto con otros ocho estados\u2013 dentro del grupo que present\u00f3 las peores lecturas en su PIB, con un crecimiento negativo de menos 0.4 por ciento, lo mismo que Tlaxcala. Incluso, Tamaulipas tuvo un desempe\u00f1o menos negativo (-0.2%).<br \/>\nEn el grupo se\u00f1alado como el que tir\u00f3 hacia abajo el \u00edndice de crecimiento del PIB a nivel nacional, se ubican tambi\u00e9n Campeche (-2.8%), Morelos (-1.6%), Baja California Sur (-1.4%), Baja California (-1.3%), San Luis Potos\u00ed (-0.9%) y Sonora (-0.8%).<br \/>\nEn contraste, los estados que tuvieron un desempe\u00f1o destacado y, con ello, impulsaron el crecimiento de la econom\u00eda mexicana durante el segundo trimestre de este a\u00f1o, fueron Aguascalientes (8.6%), Zacatecas (5.7%), Guanajuato (5.1%), Tabasco (4.8%), Quer\u00e9taro (4.6%), Guerrero (4.3%), Durango (4.2%) y Michoac\u00e1n (4.1%).<br \/>\nDestaca que tres de las entidades m\u00e1s afectadas por la operaci\u00f3n de grupos criminales locales, con una opini\u00f3n negativa para la aplicaci\u00f3n de inversiones e incluso para el sector turismo, como Guerrero, Michoac\u00e1n y Morelos, superen en m\u00e1s de 4 por ciento al crecimiento experimentado por Veracruz.<br \/>\nSeg\u00fan el INEGI, el Indicador Trimestral de la Actividad Econ\u00f3mica Estatal (ITAEE) mostr\u00f3 un crecimiento promedio de 1.6 por ciento durante los meses de abril, mayo y junio de 2014. Por cierto, este \u00edndice contrasta con el del primer trimestre, que fue de 1.8 por ciento.<br \/>\nNo destacamos ni en la actividad primaria (agricultura, ganader\u00eda, piscicultura), rubro en que los estados que tuvieron el mayor crecimiento fueron Aguascalientes (15.3%), Baja California (14.4%), Distrito Federal (13%), Guerrero (12.9%) y Michoac\u00e1n (12.7%).<br \/>\nAunque Veracruz ha sido considerado pol\u00edticamente como el granero del pa\u00eds, lo cierto es que en el segundo trimestre experiment\u00f3 nulo crecimiento: \u00a1-9.8 por ciento! Como para que cualquiera que gobierne Veracruz se ponga rojo de verg\u00fcenza.<br \/>\nLas constantes protestas de los grupos y organizaciones campesinas ante el olvido en que los tiene sumidos el gobierno de Veracruz, se han vuelto cotidianas. El mayor esfuerzo desplegado por la Sedarpa, a cuyo frente se encuentra un fantasioso Manuel Mart\u00ednez de Leo, ha sido vanagloriarse de los primeros lugares que ocupa Veracruz en el volumen de producci\u00f3n de algunos productos del campo, logros en que su dependencia no ha intervenido ni con apoyo financiero ni con asesor\u00eda, promoci\u00f3n u organizaci\u00f3n productiva.<br \/>\nTampoco destacamos en el sector secundario (producci\u00f3n industrial), rubro en que en cambio tuvieron un desempe\u00f1o descollante durante el segundo trimestre, los estados de Aguascalientes (16.8%), Guerrero (14.2%), Zacatecas (11.2%), Guanajuato (9.9%) y Michoac\u00e1n (9.2%). De hecho, el desempe\u00f1o fue negativo: -2.2 por ciento.<br \/>\nNo nos queda sino preguntarnos el destino de las cifras alt\u00edsimas anunciadas por el gobierno estatal respecto al arribo de capitales privados, nacionales y extranjeros, para asentar industrias en nuestro territorio.<br \/>\nPor otra parte, en el sector terciario (comercio y servicios), Veracruz tuvo un t\u00edmido crecimiento de 2.0 por ciento, lo que no le alcanz\u00f3 ni para rescatar las cifras negativas de los sectores primario y secundario, ni para destacar en la tabla general, donde las entidades que mostraron mayor dinamismo fueron Baja California Sur (4.3%), Estado de M\u00e9xico (4%), Quer\u00e9taro (3.7%), Hidalgo (3.2%), Quintana Roo (3.1%) y Nuevo Le\u00f3n (3%).<br \/>\nHay que recordar que en el periodo analizado tuvo una importante aportaci\u00f3n el periodo vacacional de Semana Santa, por lo que sospechamos que el tercer trimestre ser\u00e1 m\u00e1s bajo. El cuarto, por el que cruzamos, puede que se componga con los famosos Juegos Centroamericanos y del Caribe.<\/p>\n<p><strong>\u00bfDesaparecer\u00e1n las polic\u00edas municipales?<\/strong><\/p>\n<p>Tal parece que el tema de la desaparici\u00f3n de las polic\u00edas municipales, convertidas en brazos armados de los alcaldes y alcaldesas y en extensiones del crimen organizado, se ha vuelto asunto de la mayor importancia en el \u00e1mbito nacional.<br \/>\nVarios gobernadores ya se han pronunciado por una reforma policial que permita crear la polic\u00eda nacional \u00fanica y una m\u00e1s por cada entidad federativa, para que se hagan cargo de la seguridad en sus respectivos \u00e1mbitos de competencia.<br \/>\nGraco Ram\u00edrez, gobernador de Morelos, una de las entidades que padecen los m\u00e1s altos \u00edndices delictivos, propuso una reforma constitucional para quitar a los municipios la responsabilidad de la seguridad p\u00fablica, y con \u00e9l coinciden los gobernadores de Nuevo Le\u00f3n y Chihuahua, Rodrigo Medina y C\u00e9sar Duarte.<br \/>\nY es que el caso del asesinato y desaparici\u00f3n forzada de normalistas de Ayotzinapa en Guerrero fue la punta del iceberg para reconocer las condiciones que viven las corporaciones policiacas locales, las m\u00e1s cercanas a la poblaci\u00f3n y que son manejadas a discreci\u00f3n por los presidentes municipales.<br \/>\nLos integrantes de estos cuerpos conviven permanentemente con las comunidades donde prestan sus servicios, normalmente sin la capacitaci\u00f3n y armamento adecuados y ganando salarios de hambre que, investidos de fuerza e impunidad, tradicionalmente se traduce en extorsi\u00f3n y componendas. Para colmo, en much\u00edsimos casos son cooptados por el crimen organizado, cuyos integrantes los someten a la disyuntiva de ganar m\u00e1s dinero o ser ejecutados, ellos o sus familias, y en muchos casos operan como brazos armados de los ediles.<br \/>\nEstos rasgos hacen riesgoso el actual modelo, definido en el art\u00edculo 115 Constitucional, que se refiere a la organizaci\u00f3n pol\u00edtica y administrativa de las localidades. Sin embargo, pese a la tormenta reformadora de Enrique Pe\u00f1a Nieto, tocar al municipio y sus atribuciones puede ser una operaci\u00f3n imposible, sobre todo en momentos en que se avecinan procesos electorales.<br \/>\nLo cierto es que har\u00e1 falta por lo menos que el gobierno federal y los de los estados apliquen pol\u00edticas de vigilancia y operativos m\u00e1s agresivos para intervenir en aquellas polic\u00edas en que haya incluso sospechas de una actuaci\u00f3n ligada con las organizaciones criminales.<\/p>\n<p>Comentarios: belin.alvaro@gmail.com<\/p>\n","protected":false},"excerpt":{"rendered":"<p>\u00c1lvaro Belin Andrade Hora Libre &nbsp; Las cifras son fr\u00edas y despiadadas. La percepci\u00f3n generalizada entre los veracruzanos de que la situaci\u00f3n se ha estancado, de que los negocios cierran a unos meses de inaugurarse, de que no hay empleos y la producci\u00f3n agr\u00edcola y ganadera resiente la falta de apoyos y los flagelos de [&hellip;]<\/p>\n","protected":false},"author":2,"featured_media":0,"comment_status":"open","ping_status":"open","sticky":false,"template":"","format":"standard","meta":{"tdm_status":"","tdm_grid_status":"","footnotes":""},"categories":[70],"tags":[613,195],"class_list":{"0":"post-13145","1":"post","2":"type-post","3":"status-publish","4":"format-standard","6":"category-de-opinion","7":"tag-pib","8":"tag-veracruz"},"yoast_head":"<!-- This site is optimized with the Yoast SEO plugin v27.4 - https:\/\/yoast.com\/product\/yoast-seo-wordpress\/ -->\n<title>No estamos creciendo - Los pol\u00edticos Veracruz<\/title>\n<meta name=\"robots\" content=\"index, follow, max-snippet:-1, max-image-preview:large, max-video-preview:-1\" \/>\n<link rel=\"canonical\" href=\"https:\/\/lospoliticosveracruz.com\/?p=13145\" \/>\n<meta property=\"og:locale\" content=\"es_ES\" \/>\n<meta property=\"og:type\" content=\"article\" \/>\n<meta property=\"og:title\" content=\"No estamos creciendo - Los pol\u00edticos Veracruz\" \/>\n<meta property=\"og:description\" content=\"\u00c1lvaro Belin Andrade Hora Libre &nbsp; Las cifras son fr\u00edas y despiadadas. La percepci\u00f3n generalizada entre los veracruzanos de que la situaci\u00f3n se ha estancado, de que los negocios cierran a unos meses de inaugurarse, de que no hay empleos y la producci\u00f3n agr\u00edcola y ganadera resiente la falta de apoyos y los flagelos de [&hellip;]\" \/>\n<meta property=\"og:url\" content=\"https:\/\/lospoliticosveracruz.com\/?p=13145\" \/>\n<meta property=\"og:site_name\" content=\"Los pol\u00edticos Veracruz\" \/>\n<meta property=\"article:publisher\" content=\"https:\/\/www.facebook.com\/people\/Notimemes-de-los-Polticos\/61565672886568\/\" \/>\n<meta property=\"article:published_time\" content=\"2014-10-31T03:42:03+00:00\" \/>\n<meta property=\"og:image\" content=\"http:\/\/www.lospoliticosveracruz.com.mx\/wp-content\/uploads\/2014\/10\/Crecimiento-300x149.jpg\" \/>\n<meta name=\"author\" content=\"Lo viste en Los Pol\u00edticos\" \/>\n<meta name=\"twitter:card\" content=\"summary_large_image\" \/>\n<meta name=\"twitter:creator\" content=\"@LosPoliticosVer\" \/>\n<meta name=\"twitter:site\" content=\"@LosPoliticosVer\" \/>\n<meta name=\"twitter:label1\" content=\"Escrito por\" \/>\n\t<meta name=\"twitter:data1\" content=\"Lo viste en Los Pol\u00edticos\" \/>\n\t<meta name=\"twitter:label2\" content=\"Tiempo de lectura\" \/>\n\t<meta name=\"twitter:data2\" content=\"6 minutos\" \/>\n<script type=\"application\/ld+json\" class=\"yoast-schema-graph\">{\"@context\":\"https:\\\/\\\/schema.org\",\"@graph\":[{\"@type\":\"Article\",\"@id\":\"https:\\\/\\\/lospoliticosveracruz.com\\\/?p=13145#article\",\"isPartOf\":{\"@id\":\"https:\\\/\\\/lospoliticosveracruz.com\\\/?p=13145\"},\"author\":{\"name\":\"Lo viste en Los Pol\u00edticos\",\"@id\":\"https:\\\/\\\/lospoliticosveracruz.com\\\/#\\\/schema\\\/person\\\/b8702bb0e538456e6efd07080bf2a4a2\"},\"headline\":\"No estamos creciendo\",\"datePublished\":\"2014-10-31T03:42:03+00:00\",\"mainEntityOfPage\":{\"@id\":\"https:\\\/\\\/lospoliticosveracruz.com\\\/?p=13145\"},\"wordCount\":1141,\"commentCount\":0,\"publisher\":{\"@id\":\"https:\\\/\\\/lospoliticosveracruz.com\\\/#organization\"},\"image\":{\"@id\":\"https:\\\/\\\/lospoliticosveracruz.com\\\/?p=13145#primaryimage\"},\"thumbnailUrl\":\"http:\\\/\\\/www.lospoliticosveracruz.com.mx\\\/wp-content\\\/uploads\\\/2014\\\/10\\\/Crecimiento-300x149.jpg\",\"keywords\":[\"PIB\",\"Veracruz\"],\"articleSection\":[\"De Opini\u00f3n\"],\"inLanguage\":\"es\",\"potentialAction\":[{\"@type\":\"CommentAction\",\"name\":\"Comment\",\"target\":[\"https:\\\/\\\/lospoliticosveracruz.com\\\/?p=13145#respond\"]}]},{\"@type\":\"WebPage\",\"@id\":\"https:\\\/\\\/lospoliticosveracruz.com\\\/?p=13145\",\"url\":\"https:\\\/\\\/lospoliticosveracruz.com\\\/?p=13145\",\"name\":\"No estamos creciendo - Los pol\u00edticos Veracruz\",\"isPartOf\":{\"@id\":\"https:\\\/\\\/lospoliticosveracruz.com\\\/#website\"},\"primaryImageOfPage\":{\"@id\":\"https:\\\/\\\/lospoliticosveracruz.com\\\/?p=13145#primaryimage\"},\"image\":{\"@id\":\"https:\\\/\\\/lospoliticosveracruz.com\\\/?p=13145#primaryimage\"},\"thumbnailUrl\":\"http:\\\/\\\/www.lospoliticosveracruz.com.mx\\\/wp-content\\\/uploads\\\/2014\\\/10\\\/Crecimiento-300x149.jpg\",\"datePublished\":\"2014-10-31T03:42:03+00:00\",\"breadcrumb\":{\"@id\":\"https:\\\/\\\/lospoliticosveracruz.com\\\/?p=13145#breadcrumb\"},\"inLanguage\":\"es\",\"potentialAction\":[{\"@type\":\"ReadAction\",\"target\":[\"https:\\\/\\\/lospoliticosveracruz.com\\\/?p=13145\"]}]},{\"@type\":\"ImageObject\",\"inLanguage\":\"es\",\"@id\":\"https:\\\/\\\/lospoliticosveracruz.com\\\/?p=13145#primaryimage\",\"url\":\"http:\\\/\\\/www.lospoliticosveracruz.com.mx\\\/wp-content\\\/uploads\\\/2014\\\/10\\\/Crecimiento-300x149.jpg\",\"contentUrl\":\"http:\\\/\\\/www.lospoliticosveracruz.com.mx\\\/wp-content\\\/uploads\\\/2014\\\/10\\\/Crecimiento-300x149.jpg\"},{\"@type\":\"BreadcrumbList\",\"@id\":\"https:\\\/\\\/lospoliticosveracruz.com\\\/?p=13145#breadcrumb\",\"itemListElement\":[{\"@type\":\"ListItem\",\"position\":1,\"name\":\"Portada\",\"item\":\"https:\\\/\\\/lospoliticosveracruz.com\\\/\"},{\"@type\":\"ListItem\",\"position\":2,\"name\":\"No estamos creciendo\"}]},{\"@type\":\"WebSite\",\"@id\":\"https:\\\/\\\/lospoliticosveracruz.com\\\/#website\",\"url\":\"https:\\\/\\\/lospoliticosveracruz.com\\\/\",\"name\":\"Los pol\u00edticos Veracruz\",\"description\":\"\",\"publisher\":{\"@id\":\"https:\\\/\\\/lospoliticosveracruz.com\\\/#organization\"},\"potentialAction\":[{\"@type\":\"SearchAction\",\"target\":{\"@type\":\"EntryPoint\",\"urlTemplate\":\"https:\\\/\\\/lospoliticosveracruz.com\\\/?s={search_term_string}\"},\"query-input\":{\"@type\":\"PropertyValueSpecification\",\"valueRequired\":true,\"valueName\":\"search_term_string\"}}],\"inLanguage\":\"es\"},{\"@type\":\"Organization\",\"@id\":\"https:\\\/\\\/lospoliticosveracruz.com\\\/#organization\",\"name\":\"Los pol\u00edticos Veracruz\",\"url\":\"https:\\\/\\\/lospoliticosveracruz.com\\\/\",\"logo\":{\"@type\":\"ImageObject\",\"inLanguage\":\"es\",\"@id\":\"https:\\\/\\\/lospoliticosveracruz.com\\\/#\\\/schema\\\/logo\\\/image\\\/\",\"url\":\"https:\\\/\\\/lospoliticosveracruz.com\\\/wp-content\\\/uploads\\\/2025\\\/12\\\/Logo-Nuevo-LOS-POLITICOS-1.jpg\",\"contentUrl\":\"https:\\\/\\\/lospoliticosveracruz.com\\\/wp-content\\\/uploads\\\/2025\\\/12\\\/Logo-Nuevo-LOS-POLITICOS-1.jpg\",\"width\":260,\"height\":70,\"caption\":\"Los pol\u00edticos Veracruz\"},\"image\":{\"@id\":\"https:\\\/\\\/lospoliticosveracruz.com\\\/#\\\/schema\\\/logo\\\/image\\\/\"},\"sameAs\":[\"https:\\\/\\\/www.facebook.com\\\/people\\\/Notimemes-de-los-Polticos\\\/61565672886568\\\/\",\"https:\\\/\\\/x.com\\\/LosPoliticosVer\"]},{\"@type\":\"Person\",\"@id\":\"https:\\\/\\\/lospoliticosveracruz.com\\\/#\\\/schema\\\/person\\\/b8702bb0e538456e6efd07080bf2a4a2\",\"name\":\"Lo viste en Los Pol\u00edticos\",\"image\":{\"@type\":\"ImageObject\",\"inLanguage\":\"es\",\"@id\":\"https:\\\/\\\/secure.gravatar.com\\\/avatar\\\/3a8de04a2656d44082be478bd6c086daa447c4651605818287b9532d3d0bd435?s=96&d=mm&r=g\",\"url\":\"https:\\\/\\\/secure.gravatar.com\\\/avatar\\\/3a8de04a2656d44082be478bd6c086daa447c4651605818287b9532d3d0bd435?s=96&d=mm&r=g\",\"contentUrl\":\"https:\\\/\\\/secure.gravatar.com\\\/avatar\\\/3a8de04a2656d44082be478bd6c086daa447c4651605818287b9532d3d0bd435?s=96&d=mm&r=g\",\"caption\":\"Lo viste en Los Pol\u00edticos\"},\"url\":\"https:\\\/\\\/lospoliticosveracruz.com\\\/?author=2\"}]}<\/script>\n<!-- \/ Yoast SEO plugin. -->","yoast_head_json":{"title":"No estamos creciendo - Los pol\u00edticos Veracruz","robots":{"index":"index","follow":"follow","max-snippet":"max-snippet:-1","max-image-preview":"max-image-preview:large","max-video-preview":"max-video-preview:-1"},"canonical":"https:\/\/lospoliticosveracruz.com\/?p=13145","og_locale":"es_ES","og_type":"article","og_title":"No estamos creciendo - Los pol\u00edticos Veracruz","og_description":"\u00c1lvaro Belin Andrade Hora Libre &nbsp; Las cifras son fr\u00edas y despiadadas. La percepci\u00f3n generalizada entre los veracruzanos de que la situaci\u00f3n se ha estancado, de que los negocios cierran a unos meses de inaugurarse, de que no hay empleos y la producci\u00f3n agr\u00edcola y ganadera resiente la falta de apoyos y los flagelos de [&hellip;]","og_url":"https:\/\/lospoliticosveracruz.com\/?p=13145","og_site_name":"Los pol\u00edticos Veracruz","article_publisher":"https:\/\/www.facebook.com\/people\/Notimemes-de-los-Polticos\/61565672886568\/","article_published_time":"2014-10-31T03:42:03+00:00","og_image":[{"url":"http:\/\/www.lospoliticosveracruz.com.mx\/wp-content\/uploads\/2014\/10\/Crecimiento-300x149.jpg","type":"","width":"","height":""}],"author":"Lo viste en Los Pol\u00edticos","twitter_card":"summary_large_image","twitter_creator":"@LosPoliticosVer","twitter_site":"@LosPoliticosVer","twitter_misc":{"Escrito por":"Lo viste en Los Pol\u00edticos","Tiempo de lectura":"6 minutos"},"schema":{"@context":"https:\/\/schema.org","@graph":[{"@type":"Article","@id":"https:\/\/lospoliticosveracruz.com\/?p=13145#article","isPartOf":{"@id":"https:\/\/lospoliticosveracruz.com\/?p=13145"},"author":{"name":"Lo viste en Los Pol\u00edticos","@id":"https:\/\/lospoliticosveracruz.com\/#\/schema\/person\/b8702bb0e538456e6efd07080bf2a4a2"},"headline":"No estamos creciendo","datePublished":"2014-10-31T03:42:03+00:00","mainEntityOfPage":{"@id":"https:\/\/lospoliticosveracruz.com\/?p=13145"},"wordCount":1141,"commentCount":0,"publisher":{"@id":"https:\/\/lospoliticosveracruz.com\/#organization"},"image":{"@id":"https:\/\/lospoliticosveracruz.com\/?p=13145#primaryimage"},"thumbnailUrl":"http:\/\/www.lospoliticosveracruz.com.mx\/wp-content\/uploads\/2014\/10\/Crecimiento-300x149.jpg","keywords":["PIB","Veracruz"],"articleSection":["De Opini\u00f3n"],"inLanguage":"es","potentialAction":[{"@type":"CommentAction","name":"Comment","target":["https:\/\/lospoliticosveracruz.com\/?p=13145#respond"]}]},{"@type":"WebPage","@id":"https:\/\/lospoliticosveracruz.com\/?p=13145","url":"https:\/\/lospoliticosveracruz.com\/?p=13145","name":"No estamos creciendo - Los pol\u00edticos Veracruz","isPartOf":{"@id":"https:\/\/lospoliticosveracruz.com\/#website"},"primaryImageOfPage":{"@id":"https:\/\/lospoliticosveracruz.com\/?p=13145#primaryimage"},"image":{"@id":"https:\/\/lospoliticosveracruz.com\/?p=13145#primaryimage"},"thumbnailUrl":"http:\/\/www.lospoliticosveracruz.com.mx\/wp-content\/uploads\/2014\/10\/Crecimiento-300x149.jpg","datePublished":"2014-10-31T03:42:03+00:00","breadcrumb":{"@id":"https:\/\/lospoliticosveracruz.com\/?p=13145#breadcrumb"},"inLanguage":"es","potentialAction":[{"@type":"ReadAction","target":["https:\/\/lospoliticosveracruz.com\/?p=13145"]}]},{"@type":"ImageObject","inLanguage":"es","@id":"https:\/\/lospoliticosveracruz.com\/?p=13145#primaryimage","url":"http:\/\/www.lospoliticosveracruz.com.mx\/wp-content\/uploads\/2014\/10\/Crecimiento-300x149.jpg","contentUrl":"http:\/\/www.lospoliticosveracruz.com.mx\/wp-content\/uploads\/2014\/10\/Crecimiento-300x149.jpg"},{"@type":"BreadcrumbList","@id":"https:\/\/lospoliticosveracruz.com\/?p=13145#breadcrumb","itemListElement":[{"@type":"ListItem","position":1,"name":"Portada","item":"https:\/\/lospoliticosveracruz.com\/"},{"@type":"ListItem","position":2,"name":"No estamos creciendo"}]},{"@type":"WebSite","@id":"https:\/\/lospoliticosveracruz.com\/#website","url":"https:\/\/lospoliticosveracruz.com\/","name":"Los pol\u00edticos Veracruz","description":"","publisher":{"@id":"https:\/\/lospoliticosveracruz.com\/#organization"},"potentialAction":[{"@type":"SearchAction","target":{"@type":"EntryPoint","urlTemplate":"https:\/\/lospoliticosveracruz.com\/?s={search_term_string}"},"query-input":{"@type":"PropertyValueSpecification","valueRequired":true,"valueName":"search_term_string"}}],"inLanguage":"es"},{"@type":"Organization","@id":"https:\/\/lospoliticosveracruz.com\/#organization","name":"Los pol\u00edticos Veracruz","url":"https:\/\/lospoliticosveracruz.com\/","logo":{"@type":"ImageObject","inLanguage":"es","@id":"https:\/\/lospoliticosveracruz.com\/#\/schema\/logo\/image\/","url":"https:\/\/lospoliticosveracruz.com\/wp-content\/uploads\/2025\/12\/Logo-Nuevo-LOS-POLITICOS-1.jpg","contentUrl":"https:\/\/lospoliticosveracruz.com\/wp-content\/uploads\/2025\/12\/Logo-Nuevo-LOS-POLITICOS-1.jpg","width":260,"height":70,"caption":"Los pol\u00edticos Veracruz"},"image":{"@id":"https:\/\/lospoliticosveracruz.com\/#\/schema\/logo\/image\/"},"sameAs":["https:\/\/www.facebook.com\/people\/Notimemes-de-los-Polticos\/61565672886568\/","https:\/\/x.com\/LosPoliticosVer"]},{"@type":"Person","@id":"https:\/\/lospoliticosveracruz.com\/#\/schema\/person\/b8702bb0e538456e6efd07080bf2a4a2","name":"Lo viste en Los Pol\u00edticos","image":{"@type":"ImageObject","inLanguage":"es","@id":"https:\/\/secure.gravatar.com\/avatar\/3a8de04a2656d44082be478bd6c086daa447c4651605818287b9532d3d0bd435?s=96&d=mm&r=g","url":"https:\/\/secure.gravatar.com\/avatar\/3a8de04a2656d44082be478bd6c086daa447c4651605818287b9532d3d0bd435?s=96&d=mm&r=g","contentUrl":"https:\/\/secure.gravatar.com\/avatar\/3a8de04a2656d44082be478bd6c086daa447c4651605818287b9532d3d0bd435?s=96&d=mm&r=g","caption":"Lo viste en Los Pol\u00edticos"},"url":"https:\/\/lospoliticosveracruz.com\/?author=2"}]}},"_links":{"self":[{"href":"https:\/\/lospoliticosveracruz.com\/index.php?rest_route=\/wp\/v2\/posts\/13145","targetHints":{"allow":["GET"]}}],"collection":[{"href":"https:\/\/lospoliticosveracruz.com\/index.php?rest_route=\/wp\/v2\/posts"}],"about":[{"href":"https:\/\/lospoliticosveracruz.com\/index.php?rest_route=\/wp\/v2\/types\/post"}],"author":[{"embeddable":true,"href":"https:\/\/lospoliticosveracruz.com\/index.php?rest_route=\/wp\/v2\/users\/2"}],"replies":[{"embeddable":true,"href":"https:\/\/lospoliticosveracruz.com\/index.php?rest_route=%2Fwp%2Fv2%2Fcomments&post=13145"}],"version-history":[{"count":2,"href":"https:\/\/lospoliticosveracruz.com\/index.php?rest_route=\/wp\/v2\/posts\/13145\/revisions"}],"predecessor-version":[{"id":13148,"href":"https:\/\/lospoliticosveracruz.com\/index.php?rest_route=\/wp\/v2\/posts\/13145\/revisions\/13148"}],"wp:attachment":[{"href":"https:\/\/lospoliticosveracruz.com\/index.php?rest_route=%2Fwp%2Fv2%2Fmedia&parent=13145"}],"wp:term":[{"taxonomy":"category","embeddable":true,"href":"https:\/\/lospoliticosveracruz.com\/index.php?rest_route=%2Fwp%2Fv2%2Fcategories&post=13145"},{"taxonomy":"post_tag","embeddable":true,"href":"https:\/\/lospoliticosveracruz.com\/index.php?rest_route=%2Fwp%2Fv2%2Ftags&post=13145"}],"curies":[{"name":"wp","href":"https:\/\/api.w.org\/{rel}","templated":true}]}}