{"id":131526,"date":"2024-10-23T05:47:39","date_gmt":"2024-10-23T10:47:39","guid":{"rendered":"https:\/\/lospoliticosveracruz.com.mx\/?p=131526"},"modified":"2024-10-23T05:47:48","modified_gmt":"2024-10-23T10:47:48","slug":"los-compromisos-de-nahle","status":"publish","type":"post","link":"https:\/\/lospoliticosveracruz.com\/?p=131526","title":{"rendered":"LOS COMPROMISOS DE NAHLE"},"content":{"rendered":"\n<p><strong>Jos\u00e9 Luis Ortega Vidal<\/strong><\/p>\n\n\n\n<p><em>Claroscuros<\/em><\/p>\n\n\n\n<p>(1)<br>Entre Alvarado y Boca del R\u00edo el gobierno de Roc\u00edo Nahle planea construir un nuevo puente para cruzar el r\u00edo Jamapa.<br>Alvarado y Boca del R\u00edo son municipios clave en el universo laboral de la ciudad y puerto de Veracruz.<br>El puerto jarocho contin\u00faa a la cabeza de los espacios de atraque para servicios mar\u00edtimos en el golfo de M\u00e9xico\u2026<br>Ya no es el primer destino portuario del pa\u00eds, pues lo superan puertos del pac\u00edfico -entre ellos el de L\u00e1zaro C\u00e1rdenas, Michoac\u00e1n-; sin embargo a\u00fan puntea en la recepci\u00f3n de barcos desde Europa y el este de los Estados Unidos.<br>Roc\u00edo Nahle es una mujer con alto nivel de experiencia pol\u00edtica y gran conocimiento en la construcci\u00f3n de megaestructuras; capacidad que demostr\u00f3 en Dos Bocas, con la edificaci\u00f3n de la refiner\u00eda Olmeca\u2026<br>Reitero, Nahle Garc\u00eda aplic\u00f3 su gran capacidad en la construcci\u00f3n del monstruo arquitect\u00f3nico y tecnol\u00f3gico de Dos Bocas\u2026<br>Pero su operaci\u00f3n y resultados productivos son y ser\u00e1n tema aparte.<br>La gobernadora electa de Veracruz tambi\u00e9n entiende de econom\u00eda, micro y macro.<br>Conoce, por lo tanto, del peso socioecon\u00f3mico y sociopol\u00edtico que se genera desde el conjunto de parques en operaci\u00f3n, mini parques y parques industriales en construcci\u00f3n en el estado de Nuevo Le\u00f3n, que suman alrededor de noventa y cinco.<br>Visualiza, a su vez, el contraste dram\u00e1tico que surge al comparar el caso neoleon\u00e9s con los doce parques industriales y tres parques log\u00edsticos ubicados en la entidad que gobernar\u00e1 a partir del pr\u00f3ximo primero de diciembre: quince en total.<\/p>\n\n\n\n<p>(2)<br>Al mes de enero del 2023, el INEGI dio a conocer la siguiente informaci\u00f3n: de cada cien pesos circulantes en el pa\u00eds, cuarenta tienen su origen en s\u00f3lo cuatro entidades; en este orden y con estos porcentajes de aportaci\u00f3n al Producto Interno Bruto nacional:<\/p>\n\n\n\n<p>\u00b7CDMX: 15.3%<br>\u00b7Estado de M\u00e9xico: 9.1%<br>\u00b7Nuevo Le\u00f3n: 8.3%<br>\u00b7Jalisco 7.3%<\/p>\n\n\n\n<p>El quinto lugar lo ocupa Veracruz, con el 4.4% de aportaci\u00f3n al PIB; es decir, los veracruzanos aportamos 4.4 de cada cien pesos que circulan en M\u00e9xico.<br>Lo hacemos, es importante se\u00f1alarlo, sin estar ubicados entre los estados m\u00e1s industrializados; pues nuestra aportaci\u00f3n se combina entre Servicios Profesionales, Financieros y Corporativos (22.8%), Comercio (18.1%) e Industria Manufacturera (15.1%), que en conjunto suman el 55.9%; a los que suma los sectores agr\u00edcola y ganadero, industria extractiva, electricidad, entre otros.<\/p>\n\n\n\n<p>(3)<br>\u00bfCu\u00e1l es la relaci\u00f3n entre la cantidad de parques industriales de Nuevo Le\u00f3n, comparada con la de Veracruz; el PIB aportado por la CDMX, el EDOMEX, Nuevo Le\u00f3n, Jalisco y Veracruz; as\u00ed como el plan de modernizar, mejorar, ampliar, la conectividad entre Alvarado y Boca del R\u00edo, anunciado por Roc\u00edo Nahle?<br>\u00bfCu\u00e1l es la relaci\u00f3n de estos subtemas con la anunciada inversi\u00f3n de tres mil millones de d\u00f3lares en Poza Rica, donde se planea crear una f\u00e1brica de fertilizantes por parte de la empresa portuguesa Mota Engil?<\/p>\n\n\n\n<p>(4)<br>Va el acercamiento a una respuesta: la relaci\u00f3n entre estas tem\u00e1ticas estriba en el desarrollo econ\u00f3mico que surge de mega inversiones en el sector industrial, cuya generaci\u00f3n de empleos -si se pagan bien junto con las prestaciones de ley- ayuda a combatir a la pobreza.<br>Ahora bien, para atraer mega inversiones industriales, generadoras de miles de empleos, aportadoras de riqueza a la entidad y al pa\u00eds -PIB-, se requiere \u2013entre otros factores- de infraestructura en materia de comunicaci\u00f3n o conectividad; es decir, trenes, aeropuertos, carreteras, puentes, todo moderno y en excelentes condiciones\u2026<br>Tambi\u00e9n se necesitan materias primas naturales como el agua y el gas; as\u00ed como electricidad e internet\u2026<br>A\u00f1adamos servicios, mano de obra calificada y especializada\u2026<br>Asimismo, resulta esencial la seguridad.<\/p>\n\n\n\n<p>(5)<br>Una de las grandes desventajas de Veracruz frente a los estados industrializados, son las p\u00e9simas condiciones en que se encuentran las carreteras en el sur, centro y norte de la entidad; sumado a la inseguridad y violencia; a fallas en su servicio el\u00e9ctrico, su bajo nivel en el rubro de internet y, aunque suena extra\u00f1o, problemas crecientes con el suministro de agua.<br>A pesar de todo ello, Veracruz constituye un destino sumamente atractivo para inversiones macro, dadas sus condiciones geogr\u00e1ficas.<br>De ah\u00ed el surgimiento del Corredor Interoce\u00e1nico del Istmo de Tehuantepec, cuyo avance es muy escaso, sumamente lento y se mantiene a expensas de lo que deseen y puedan desarrollar los gobiernos de Roc\u00edo Nahle y Claudia Sheinbaum; empero, es viable y hay empresas comprometidas en su concreci\u00f3n.<\/p>\n\n\n\n<p>(6)<br>El punto nodal de lo anterior estriba en la obligatoriedad t\u00e9cnica que enfrentar\u00e1 el gobierno de Roc\u00edo Nahle en materia de infraestructura a lo largo y ancho del territorio veracruzano.<br>Sin la construcci\u00f3n y reparaci\u00f3n de carreteras, de puentes; sin la soluci\u00f3n a problemas de agua, disminuci\u00f3n de los niveles de inseguridad, mejoramiento y garant\u00edas en el suministro de energ\u00eda el\u00e9ctrica, internet, gas, Veracruz seguir\u00e1 rezagado en su desarrollo industrial.<\/p>\n\n\n\n<p>(7)<br>Roc\u00edo Nahle ha recorrido todo el territorio jarocho, huasteco y totonaco, por lo cual tambi\u00e9n se ha comprometido a mejorar las carreteras del norte; la de Paso del Toro a Los Tuxtlas y Acayucan; la de Santiago Tuxtla-Ciudad Isla\u2026<br>Prometi\u00f3 un tercer puente para cruzar el r\u00edo Coatzacoalcos; un distribuidor vial a Nanchital; la mejor\u00eda de la carretera hacia Nuevo Teapa, es decir la salida principal desde la zona industrial del sur hacia Tabasco y en direcci\u00f3n a la ciudad de M\u00e9xico\u2026<br>La ampliaci\u00f3n de la carretera Sayula de Alem\u00e1n-La Tinaja; y, aunque no lo han dicho, se deber\u00e1 arreglar y ampliar la carretera Acayucan-Palomares, Oaxaca, inaugurada por el presidente Andr\u00e9s Manuel L\u00f3pez Obrador en agosto pasado, pero inexistente.<\/p>\n\n\n\n<p>(8)<br>Sin el respaldo del gobierno federal no ser\u00e1 posible aterrizar esos compromisos.<br>Nos resta aguardar por el env\u00edo de dinero de parte de Claudia Sheinbaum a Roc\u00edo Nahle, a fin de ir construyendo paso a paso, a\u00f1o con a\u00f1o, las obras referidas.<br>Son tantas y tan grandes que se requerir\u00e1 el sexenio completo para hacerlas realidad.<br>Un logro de tal envergadura, sumado al plan de cuatro Polos de Desarrollo entre Coatzacoalcos (2), Texistepec (1) y San Juan Evangelista (1), del Corredor Interoce\u00e1nico del Istmo de Tehuantepec, incrementar\u00eda la lista de parques industriales en Veracruz en un treinta por ciento sobre la cifra actual.<br>Veremos si se logran tales metas.<\/p>\n\n\n\n<p>(9)<br>Ser\u00eda hist\u00f3rico, luego de un sexenio que est\u00e1 a punto de concluir, cuyas deudas en infraestructura han sido desnudadas con las inundaciones en m\u00e1s de la cuarta parte de municipios; y cuyo incremento en materia de desarrollo industrial fue nulo.<\/p>\n","protected":false},"excerpt":{"rendered":"<p>Jos\u00e9 Luis Ortega Vidal Claroscuros (1)Entre Alvarado y Boca del R\u00edo el gobierno de Roc\u00edo Nahle planea construir un nuevo puente para cruzar el r\u00edo Jamapa.Alvarado y Boca del R\u00edo son municipios clave en el universo laboral de la ciudad y puerto de Veracruz.El puerto jarocho contin\u00faa a la cabeza de los espacios de atraque [&hellip;]<\/p>\n","protected":false},"author":2,"featured_media":119931,"comment_status":"closed","ping_status":"closed","sticky":false,"template":"","format":"standard","meta":{"tdm_status":"","tdm_grid_status":"","footnotes":""},"categories":[70],"tags":[371,1026,1267,3578,195],"class_list":{"0":"post-131526","1":"post","2":"type-post","3":"status-publish","4":"format-standard","5":"has-post-thumbnail","7":"category-de-opinion","8":"tag-coatzacoalcos","9":"tag-morena","10":"tag-poza-rica","11":"tag-rocio-nahle","12":"tag-veracruz"},"yoast_head":"<!-- This site is optimized with the Yoast SEO plugin v27.4 - https:\/\/yoast.com\/product\/yoast-seo-wordpress\/ -->\n<title>LOS COMPROMISOS DE NAHLE - Los pol\u00edticos Veracruz<\/title>\n<meta name=\"robots\" content=\"index, follow, max-snippet:-1, max-image-preview:large, max-video-preview:-1\" \/>\n<link rel=\"canonical\" href=\"https:\/\/lospoliticosveracruz.com\/?p=131526\" \/>\n<meta property=\"og:locale\" content=\"es_ES\" \/>\n<meta property=\"og:type\" content=\"article\" \/>\n<meta property=\"og:title\" content=\"LOS COMPROMISOS DE NAHLE - Los pol\u00edticos Veracruz\" \/>\n<meta property=\"og:description\" content=\"Jos\u00e9 Luis Ortega Vidal Claroscuros (1)Entre Alvarado y Boca del R\u00edo el gobierno de Roc\u00edo Nahle planea construir un nuevo puente para cruzar el r\u00edo Jamapa.Alvarado y Boca del R\u00edo son municipios clave en el universo laboral de la ciudad y puerto de Veracruz.El puerto jarocho contin\u00faa a la cabeza de los espacios de atraque [&hellip;]\" \/>\n<meta property=\"og:url\" content=\"https:\/\/lospoliticosveracruz.com\/?p=131526\" \/>\n<meta property=\"og:site_name\" content=\"Los pol\u00edticos Veracruz\" \/>\n<meta property=\"article:publisher\" content=\"https:\/\/www.facebook.com\/people\/Notimemes-de-los-Polticos\/61565672886568\/\" \/>\n<meta property=\"article:published_time\" content=\"2024-10-23T10:47:39+00:00\" \/>\n<meta property=\"article:modified_time\" content=\"2024-10-23T10:47:48+00:00\" \/>\n<meta property=\"og:image\" content=\"https:\/\/lospoliticosveracruz.com\/wp-content\/uploads\/2024\/03\/Jose-Luis-Ortega-Vidal.jpg\" \/>\n\t<meta property=\"og:image:width\" content=\"1250\" \/>\n\t<meta property=\"og:image:height\" content=\"667\" \/>\n\t<meta property=\"og:image:type\" content=\"image\/jpeg\" \/>\n<meta name=\"author\" content=\"Lo viste en Los Pol\u00edticos\" \/>\n<meta name=\"twitter:card\" content=\"summary_large_image\" \/>\n<meta name=\"twitter:creator\" content=\"@LosPoliticosVer\" \/>\n<meta name=\"twitter:site\" content=\"@LosPoliticosVer\" \/>\n<meta name=\"twitter:label1\" content=\"Escrito por\" \/>\n\t<meta name=\"twitter:data1\" content=\"Lo viste en Los Pol\u00edticos\" \/>\n\t<meta name=\"twitter:label2\" content=\"Tiempo de lectura\" \/>\n\t<meta name=\"twitter:data2\" content=\"6 minutos\" \/>\n<script type=\"application\/ld+json\" class=\"yoast-schema-graph\">{\"@context\":\"https:\\\/\\\/schema.org\",\"@graph\":[{\"@type\":\"Article\",\"@id\":\"https:\\\/\\\/lospoliticosveracruz.com\\\/?p=131526#article\",\"isPartOf\":{\"@id\":\"https:\\\/\\\/lospoliticosveracruz.com\\\/?p=131526\"},\"author\":{\"name\":\"Lo viste en Los Pol\u00edticos\",\"@id\":\"https:\\\/\\\/lospoliticosveracruz.com\\\/#\\\/schema\\\/person\\\/b8702bb0e538456e6efd07080bf2a4a2\"},\"headline\":\"LOS COMPROMISOS DE NAHLE\",\"datePublished\":\"2024-10-23T10:47:39+00:00\",\"dateModified\":\"2024-10-23T10:47:48+00:00\",\"mainEntityOfPage\":{\"@id\":\"https:\\\/\\\/lospoliticosveracruz.com\\\/?p=131526\"},\"wordCount\":1156,\"publisher\":{\"@id\":\"https:\\\/\\\/lospoliticosveracruz.com\\\/#organization\"},\"image\":{\"@id\":\"https:\\\/\\\/lospoliticosveracruz.com\\\/?p=131526#primaryimage\"},\"thumbnailUrl\":\"https:\\\/\\\/lospoliticosveracruz.com\\\/wp-content\\\/uploads\\\/2024\\\/03\\\/Jose-Luis-Ortega-Vidal.jpg\",\"keywords\":[\"Coatzacoalcos\",\"Morena\",\"Poza Rica\",\"Roc\u00edo Nahle\",\"Veracruz\"],\"articleSection\":[\"De Opini\u00f3n\"],\"inLanguage\":\"es\"},{\"@type\":\"WebPage\",\"@id\":\"https:\\\/\\\/lospoliticosveracruz.com\\\/?p=131526\",\"url\":\"https:\\\/\\\/lospoliticosveracruz.com\\\/?p=131526\",\"name\":\"LOS COMPROMISOS DE NAHLE - Los pol\u00edticos Veracruz\",\"isPartOf\":{\"@id\":\"https:\\\/\\\/lospoliticosveracruz.com\\\/#website\"},\"primaryImageOfPage\":{\"@id\":\"https:\\\/\\\/lospoliticosveracruz.com\\\/?p=131526#primaryimage\"},\"image\":{\"@id\":\"https:\\\/\\\/lospoliticosveracruz.com\\\/?p=131526#primaryimage\"},\"thumbnailUrl\":\"https:\\\/\\\/lospoliticosveracruz.com\\\/wp-content\\\/uploads\\\/2024\\\/03\\\/Jose-Luis-Ortega-Vidal.jpg\",\"datePublished\":\"2024-10-23T10:47:39+00:00\",\"dateModified\":\"2024-10-23T10:47:48+00:00\",\"breadcrumb\":{\"@id\":\"https:\\\/\\\/lospoliticosveracruz.com\\\/?p=131526#breadcrumb\"},\"inLanguage\":\"es\",\"potentialAction\":[{\"@type\":\"ReadAction\",\"target\":[\"https:\\\/\\\/lospoliticosveracruz.com\\\/?p=131526\"]}]},{\"@type\":\"ImageObject\",\"inLanguage\":\"es\",\"@id\":\"https:\\\/\\\/lospoliticosveracruz.com\\\/?p=131526#primaryimage\",\"url\":\"https:\\\/\\\/lospoliticosveracruz.com\\\/wp-content\\\/uploads\\\/2024\\\/03\\\/Jose-Luis-Ortega-Vidal.jpg\",\"contentUrl\":\"https:\\\/\\\/lospoliticosveracruz.com\\\/wp-content\\\/uploads\\\/2024\\\/03\\\/Jose-Luis-Ortega-Vidal.jpg\",\"width\":1250,\"height\":667},{\"@type\":\"BreadcrumbList\",\"@id\":\"https:\\\/\\\/lospoliticosveracruz.com\\\/?p=131526#breadcrumb\",\"itemListElement\":[{\"@type\":\"ListItem\",\"position\":1,\"name\":\"Portada\",\"item\":\"https:\\\/\\\/lospoliticosveracruz.com\\\/\"},{\"@type\":\"ListItem\",\"position\":2,\"name\":\"LOS COMPROMISOS DE NAHLE\"}]},{\"@type\":\"WebSite\",\"@id\":\"https:\\\/\\\/lospoliticosveracruz.com\\\/#website\",\"url\":\"https:\\\/\\\/lospoliticosveracruz.com\\\/\",\"name\":\"Los pol\u00edticos Veracruz\",\"description\":\"\",\"publisher\":{\"@id\":\"https:\\\/\\\/lospoliticosveracruz.com\\\/#organization\"},\"potentialAction\":[{\"@type\":\"SearchAction\",\"target\":{\"@type\":\"EntryPoint\",\"urlTemplate\":\"https:\\\/\\\/lospoliticosveracruz.com\\\/?s={search_term_string}\"},\"query-input\":{\"@type\":\"PropertyValueSpecification\",\"valueRequired\":true,\"valueName\":\"search_term_string\"}}],\"inLanguage\":\"es\"},{\"@type\":\"Organization\",\"@id\":\"https:\\\/\\\/lospoliticosveracruz.com\\\/#organization\",\"name\":\"Los pol\u00edticos Veracruz\",\"url\":\"https:\\\/\\\/lospoliticosveracruz.com\\\/\",\"logo\":{\"@type\":\"ImageObject\",\"inLanguage\":\"es\",\"@id\":\"https:\\\/\\\/lospoliticosveracruz.com\\\/#\\\/schema\\\/logo\\\/image\\\/\",\"url\":\"https:\\\/\\\/lospoliticosveracruz.com\\\/wp-content\\\/uploads\\\/2025\\\/12\\\/Logo-Nuevo-LOS-POLITICOS-1.jpg\",\"contentUrl\":\"https:\\\/\\\/lospoliticosveracruz.com\\\/wp-content\\\/uploads\\\/2025\\\/12\\\/Logo-Nuevo-LOS-POLITICOS-1.jpg\",\"width\":260,\"height\":70,\"caption\":\"Los pol\u00edticos Veracruz\"},\"image\":{\"@id\":\"https:\\\/\\\/lospoliticosveracruz.com\\\/#\\\/schema\\\/logo\\\/image\\\/\"},\"sameAs\":[\"https:\\\/\\\/www.facebook.com\\\/people\\\/Notimemes-de-los-Polticos\\\/61565672886568\\\/\",\"https:\\\/\\\/x.com\\\/LosPoliticosVer\"]},{\"@type\":\"Person\",\"@id\":\"https:\\\/\\\/lospoliticosveracruz.com\\\/#\\\/schema\\\/person\\\/b8702bb0e538456e6efd07080bf2a4a2\",\"name\":\"Lo viste en Los Pol\u00edticos\",\"image\":{\"@type\":\"ImageObject\",\"inLanguage\":\"es\",\"@id\":\"https:\\\/\\\/secure.gravatar.com\\\/avatar\\\/3a8de04a2656d44082be478bd6c086daa447c4651605818287b9532d3d0bd435?s=96&d=mm&r=g\",\"url\":\"https:\\\/\\\/secure.gravatar.com\\\/avatar\\\/3a8de04a2656d44082be478bd6c086daa447c4651605818287b9532d3d0bd435?s=96&d=mm&r=g\",\"contentUrl\":\"https:\\\/\\\/secure.gravatar.com\\\/avatar\\\/3a8de04a2656d44082be478bd6c086daa447c4651605818287b9532d3d0bd435?s=96&d=mm&r=g\",\"caption\":\"Lo viste en Los Pol\u00edticos\"},\"url\":\"https:\\\/\\\/lospoliticosveracruz.com\\\/?author=2\"}]}<\/script>\n<!-- \/ Yoast SEO plugin. -->","yoast_head_json":{"title":"LOS COMPROMISOS DE NAHLE - Los pol\u00edticos Veracruz","robots":{"index":"index","follow":"follow","max-snippet":"max-snippet:-1","max-image-preview":"max-image-preview:large","max-video-preview":"max-video-preview:-1"},"canonical":"https:\/\/lospoliticosveracruz.com\/?p=131526","og_locale":"es_ES","og_type":"article","og_title":"LOS COMPROMISOS DE NAHLE - Los pol\u00edticos Veracruz","og_description":"Jos\u00e9 Luis Ortega Vidal Claroscuros (1)Entre Alvarado y Boca del R\u00edo el gobierno de Roc\u00edo Nahle planea construir un nuevo puente para cruzar el r\u00edo Jamapa.Alvarado y Boca del R\u00edo son municipios clave en el universo laboral de la ciudad y puerto de Veracruz.El puerto jarocho contin\u00faa a la cabeza de los espacios de atraque [&hellip;]","og_url":"https:\/\/lospoliticosveracruz.com\/?p=131526","og_site_name":"Los pol\u00edticos Veracruz","article_publisher":"https:\/\/www.facebook.com\/people\/Notimemes-de-los-Polticos\/61565672886568\/","article_published_time":"2024-10-23T10:47:39+00:00","article_modified_time":"2024-10-23T10:47:48+00:00","og_image":[{"width":1250,"height":667,"url":"https:\/\/lospoliticosveracruz.com\/wp-content\/uploads\/2024\/03\/Jose-Luis-Ortega-Vidal.jpg","type":"image\/jpeg"}],"author":"Lo viste en Los Pol\u00edticos","twitter_card":"summary_large_image","twitter_creator":"@LosPoliticosVer","twitter_site":"@LosPoliticosVer","twitter_misc":{"Escrito por":"Lo viste en Los Pol\u00edticos","Tiempo de lectura":"6 minutos"},"schema":{"@context":"https:\/\/schema.org","@graph":[{"@type":"Article","@id":"https:\/\/lospoliticosveracruz.com\/?p=131526#article","isPartOf":{"@id":"https:\/\/lospoliticosveracruz.com\/?p=131526"},"author":{"name":"Lo viste en Los Pol\u00edticos","@id":"https:\/\/lospoliticosveracruz.com\/#\/schema\/person\/b8702bb0e538456e6efd07080bf2a4a2"},"headline":"LOS COMPROMISOS DE NAHLE","datePublished":"2024-10-23T10:47:39+00:00","dateModified":"2024-10-23T10:47:48+00:00","mainEntityOfPage":{"@id":"https:\/\/lospoliticosveracruz.com\/?p=131526"},"wordCount":1156,"publisher":{"@id":"https:\/\/lospoliticosveracruz.com\/#organization"},"image":{"@id":"https:\/\/lospoliticosveracruz.com\/?p=131526#primaryimage"},"thumbnailUrl":"https:\/\/lospoliticosveracruz.com\/wp-content\/uploads\/2024\/03\/Jose-Luis-Ortega-Vidal.jpg","keywords":["Coatzacoalcos","Morena","Poza Rica","Roc\u00edo Nahle","Veracruz"],"articleSection":["De Opini\u00f3n"],"inLanguage":"es"},{"@type":"WebPage","@id":"https:\/\/lospoliticosveracruz.com\/?p=131526","url":"https:\/\/lospoliticosveracruz.com\/?p=131526","name":"LOS COMPROMISOS DE NAHLE - Los pol\u00edticos Veracruz","isPartOf":{"@id":"https:\/\/lospoliticosveracruz.com\/#website"},"primaryImageOfPage":{"@id":"https:\/\/lospoliticosveracruz.com\/?p=131526#primaryimage"},"image":{"@id":"https:\/\/lospoliticosveracruz.com\/?p=131526#primaryimage"},"thumbnailUrl":"https:\/\/lospoliticosveracruz.com\/wp-content\/uploads\/2024\/03\/Jose-Luis-Ortega-Vidal.jpg","datePublished":"2024-10-23T10:47:39+00:00","dateModified":"2024-10-23T10:47:48+00:00","breadcrumb":{"@id":"https:\/\/lospoliticosveracruz.com\/?p=131526#breadcrumb"},"inLanguage":"es","potentialAction":[{"@type":"ReadAction","target":["https:\/\/lospoliticosveracruz.com\/?p=131526"]}]},{"@type":"ImageObject","inLanguage":"es","@id":"https:\/\/lospoliticosveracruz.com\/?p=131526#primaryimage","url":"https:\/\/lospoliticosveracruz.com\/wp-content\/uploads\/2024\/03\/Jose-Luis-Ortega-Vidal.jpg","contentUrl":"https:\/\/lospoliticosveracruz.com\/wp-content\/uploads\/2024\/03\/Jose-Luis-Ortega-Vidal.jpg","width":1250,"height":667},{"@type":"BreadcrumbList","@id":"https:\/\/lospoliticosveracruz.com\/?p=131526#breadcrumb","itemListElement":[{"@type":"ListItem","position":1,"name":"Portada","item":"https:\/\/lospoliticosveracruz.com\/"},{"@type":"ListItem","position":2,"name":"LOS COMPROMISOS DE NAHLE"}]},{"@type":"WebSite","@id":"https:\/\/lospoliticosveracruz.com\/#website","url":"https:\/\/lospoliticosveracruz.com\/","name":"Los pol\u00edticos Veracruz","description":"","publisher":{"@id":"https:\/\/lospoliticosveracruz.com\/#organization"},"potentialAction":[{"@type":"SearchAction","target":{"@type":"EntryPoint","urlTemplate":"https:\/\/lospoliticosveracruz.com\/?s={search_term_string}"},"query-input":{"@type":"PropertyValueSpecification","valueRequired":true,"valueName":"search_term_string"}}],"inLanguage":"es"},{"@type":"Organization","@id":"https:\/\/lospoliticosveracruz.com\/#organization","name":"Los pol\u00edticos Veracruz","url":"https:\/\/lospoliticosveracruz.com\/","logo":{"@type":"ImageObject","inLanguage":"es","@id":"https:\/\/lospoliticosveracruz.com\/#\/schema\/logo\/image\/","url":"https:\/\/lospoliticosveracruz.com\/wp-content\/uploads\/2025\/12\/Logo-Nuevo-LOS-POLITICOS-1.jpg","contentUrl":"https:\/\/lospoliticosveracruz.com\/wp-content\/uploads\/2025\/12\/Logo-Nuevo-LOS-POLITICOS-1.jpg","width":260,"height":70,"caption":"Los pol\u00edticos Veracruz"},"image":{"@id":"https:\/\/lospoliticosveracruz.com\/#\/schema\/logo\/image\/"},"sameAs":["https:\/\/www.facebook.com\/people\/Notimemes-de-los-Polticos\/61565672886568\/","https:\/\/x.com\/LosPoliticosVer"]},{"@type":"Person","@id":"https:\/\/lospoliticosveracruz.com\/#\/schema\/person\/b8702bb0e538456e6efd07080bf2a4a2","name":"Lo viste en Los Pol\u00edticos","image":{"@type":"ImageObject","inLanguage":"es","@id":"https:\/\/secure.gravatar.com\/avatar\/3a8de04a2656d44082be478bd6c086daa447c4651605818287b9532d3d0bd435?s=96&d=mm&r=g","url":"https:\/\/secure.gravatar.com\/avatar\/3a8de04a2656d44082be478bd6c086daa447c4651605818287b9532d3d0bd435?s=96&d=mm&r=g","contentUrl":"https:\/\/secure.gravatar.com\/avatar\/3a8de04a2656d44082be478bd6c086daa447c4651605818287b9532d3d0bd435?s=96&d=mm&r=g","caption":"Lo viste en Los Pol\u00edticos"},"url":"https:\/\/lospoliticosveracruz.com\/?author=2"}]}},"_links":{"self":[{"href":"https:\/\/lospoliticosveracruz.com\/index.php?rest_route=\/wp\/v2\/posts\/131526","targetHints":{"allow":["GET"]}}],"collection":[{"href":"https:\/\/lospoliticosveracruz.com\/index.php?rest_route=\/wp\/v2\/posts"}],"about":[{"href":"https:\/\/lospoliticosveracruz.com\/index.php?rest_route=\/wp\/v2\/types\/post"}],"author":[{"embeddable":true,"href":"https:\/\/lospoliticosveracruz.com\/index.php?rest_route=\/wp\/v2\/users\/2"}],"replies":[{"embeddable":true,"href":"https:\/\/lospoliticosveracruz.com\/index.php?rest_route=%2Fwp%2Fv2%2Fcomments&post=131526"}],"version-history":[{"count":1,"href":"https:\/\/lospoliticosveracruz.com\/index.php?rest_route=\/wp\/v2\/posts\/131526\/revisions"}],"predecessor-version":[{"id":131527,"href":"https:\/\/lospoliticosveracruz.com\/index.php?rest_route=\/wp\/v2\/posts\/131526\/revisions\/131527"}],"wp:featuredmedia":[{"embeddable":true,"href":"https:\/\/lospoliticosveracruz.com\/index.php?rest_route=\/wp\/v2\/media\/119931"}],"wp:attachment":[{"href":"https:\/\/lospoliticosveracruz.com\/index.php?rest_route=%2Fwp%2Fv2%2Fmedia&parent=131526"}],"wp:term":[{"taxonomy":"category","embeddable":true,"href":"https:\/\/lospoliticosveracruz.com\/index.php?rest_route=%2Fwp%2Fv2%2Fcategories&post=131526"},{"taxonomy":"post_tag","embeddable":true,"href":"https:\/\/lospoliticosveracruz.com\/index.php?rest_route=%2Fwp%2Fv2%2Ftags&post=131526"}],"curies":[{"name":"wp","href":"https:\/\/api.w.org\/{rel}","templated":true}]}}